{"id":16875,"date":"2025-05-22T10:41:53","date_gmt":"2025-05-22T08:41:53","guid":{"rendered":"https:\/\/radiolitoral.com\/?p=16875"},"modified":"2025-05-22T10:58:12","modified_gmt":"2025-05-22T08:58:12","slug":"joan-elies-andres-va-adrecada-a-persones-que-aprecien-la-muntanya-que-volen-viure-una-experiencia-immersiva-de-6-dies","status":"publish","type":"post","link":"https:\/\/radiolitoral.com\/ca\/2025\/05\/joan-elies-andres-va-dirigida-a-personas-que-aprecian-la-montana-que-quieren-vivir-una-experiencia-inmersiva-de-6-dias\/","title":{"rendered":"Joan Elies Andr\u00e9s \u201cVa adre\u00e7ada a persones que aprecien la muntanya, que volen viure una experi\u00e8ncia immersiva de 6 dies\u201d"},"content":{"rendered":"<p>Avui al<strong> Primer Caf\u00e8<\/strong> de <strong>R\u00e0dio Litoral<\/strong> hem conegut la <strong>Guia i ruta senyalitzada del Tour Valls de la Marina<\/strong>. Un recorregut que travessa les valls interiors de la Marina Alta i la Marina Baixa, i permet con\u00e8ixer profundament el nostre territori, els nostres pobles i els seus paisatges. Un recorregut de <strong>128 quil\u00f2metres<\/strong> que ens porta per la Serra de B\u00e8rnia, la Xort\u00e0, la Serrella, la Foradada i la Carrasca, muntanyes que ens uneixen, que formen part del nostre patrimoni i de la nostra cultura. Ens ho ha explicat el <strong>promotor d&#039;aquest projecte<\/strong>, <strong>Joan Elies Andr\u00e9s.<\/strong><strong>\u00a0<\/strong><\/p>\n<p>Aquest \u00e9s el fruit d&#039;un treball ardu que va arrencar l&#039;any 2017 i que ja \u00e9s una realitat. Compta amb una guia impresa, una p\u00e0gina web i un recorregut marcat amb qu\u00e8 es recuperen camins tradicionals dels municipis integrats a la ruta. Un tour que es proposa realitzar en diverses etapes, enlla\u00e7ant els pobles i les valls de les dues comarques.<\/p>\n<p>La proposta incideix no nom\u00e9s en el vessant esportiu i tur\u00edstic que pugui tenir la ruta en si, sin\u00f3 tamb\u00e9 en la promoci\u00f3 i la defensa cultural dels pobles i gent que l&#039;habiten, en posar en valor el patrimoni i les hist\u00f2ries i llegendes relacionades amb aquest paisatge.<\/p>\n<p>El nostre convidat ens ha explicat com podem reservar a trav\u00e9s del web tourvallsdelamarina.com alguns serveis b\u00e0sics per als aventurers que s&#039;animin a fer aquest recorregut. Des de l&#039;allotjament fins al transfer del nostre equipatge o la contractaci\u00f3 d&#039;un guia. Aix\u00ed com consells b\u00e0sics per dur a terme el recorregut de manera segura.<\/p>\n<p>Podeu tornar a escoltar l&#039;entrevista completa aqu\u00ed.<\/p>\n<audio class=\"wp-audio-shortcode\" id=\"audio-16875-1\" preload=\"none\" style=\"width: 100%;\" controls=\"controls\"><source type=\"audio\/mpeg\" src=\"https:\/\/media.radiolitoral.com\/wp-content\/uploads\/2025\/05\/22103457\/Primer-Cafe-Tour-Valls-de-la-Marina.mp3?_=1\" \/><a href=\"https:\/\/media.radiolitoral.com\/wp-content\/uploads\/2025\/05\/22103457\/Primer-Cafe-Tour-Valls-de-la-Marina.mp3\">https:\/\/media.radiolitoral.com\/wp-content\/uploads\/2025\/05\/22103457\/Primer-Cafe-Tour-Valls-de-la-Marina.mp3<\/a><\/audio>","protected":false},"excerpt":{"rendered":"<p>Hoy en el Primer Caf\u00e9 de Radio Litoral hemos conocido la Gu\u00eda y ruta se\u00f1alizada del Tour Valls de la Marina. Un recorrido que cruza los valles interiores de la Marina Alta y la Marina Baixa, y permite conocer profundamente nuestro territorio, nuestros pueblos y sus paisajes. Un recorrido de 128 kil\u00f3metros que nos lleva [&#8230;]<\/p>\n<p><a class=\"btn btn-secondary understrap-read-more-link\" href=\"https:\/\/radiolitoral.com\/ca\/2025\/05\/joan-elies-andres-va-dirigida-a-personas-que-aprecian-la-montana-que-quieren-vivir-una-experiencia-inmersiva-de-6-dias\/\">Continua llegint&#8230;<span class=\"screen-reader-text\"> from Joan Elies Andr\u00e9s \u201cVa dirigida a personas que aprecian la monta\u00f1a, que quieren vivir una experiencia inmersiva de 6 d\u00edas\u201d<\/span><\/a><\/p>\n","protected":false},"author":13,"featured_media":16877,"comment_status":"open","ping_status":"closed","sticky":false,"template":"","format":"standard","meta":{"_acf_changed":false,"inline_featured_image":false,"footnotes":""},"categories":[2753,325,144],"tags":[4373,4374,4370,4371,4133,2312,299,4372,4375],"class_list":["post-16875","post","type-post","status-publish","format-standard","has-post-thumbnail","hentry","category-entrevistas","category-medioambiente","category-turismo","tag-guia","tag-joan-elies-andres","tag-montanas","tag-paisajes","tag-patrimonio","tag-primer-cafe","tag-senderismo","tag-tour-valls-de-la-marina","tag-valls-de-la-marina","cobertura-marina-alta","cobertura-vall-debo","cobertura-vall-de-laguar","cobertura-vall-de-pop","cobertura-xalo"],"acf":[],"yoast_head":"<!-- This site is optimized with the Yoast SEO plugin v27.5 - https:\/\/yoast.com\/product\/yoast-seo-wordpress\/ -->\n<title>Joan Elies Andr\u00e9s \u201cVa dirigida a personas que aprecian la monta\u00f1a, que quieren vivir una experiencia inmersiva de 6 d\u00edas\u201d | R\u00e0dio Litoral<\/title>\n<meta name=\"description\" content=\"Tour Valls de la Marina, la ruta se\u00f1alizada y guiada de 128 kil\u00f3metros que conecta y promociona nuestro territorio\" \/>\n<meta name=\"robots\" content=\"index, follow, max-snippet:-1, max-image-preview:large, max-video-preview:-1\" \/>\n<link rel=\"canonical\" href=\"https:\/\/radiolitoral.com\/ca\/2025\/05\/joan-elies-andres-va-adrecada-a-persones-que-aprecien-la-muntanya-que-volen-viure-una-experiencia-immersiva-de-6-dies\/\" \/>\n<meta property=\"og:locale\" content=\"ca_ES\" \/>\n<meta property=\"og:type\" content=\"article\" \/>\n<meta property=\"og:title\" content=\"Joan Elies Andr\u00e9s \u201cVa dirigida a personas que aprecian la monta\u00f1a, que quieren vivir una experiencia inmersiva de 6 d\u00edas\u201d | R\u00e0dio Litoral\" \/>\n<meta property=\"og:description\" content=\"Tour Valls de la Marina, la ruta se\u00f1alizada y guiada de 128 kil\u00f3metros que conecta y promociona nuestro territorio\" \/>\n<meta property=\"og:url\" content=\"https:\/\/radiolitoral.com\/ca\/2025\/05\/joan-elies-andres-va-adrecada-a-persones-que-aprecien-la-muntanya-que-volen-viure-una-experiencia-immersiva-de-6-dies\/\" \/>\n<meta property=\"og:site_name\" content=\"R\u00e0dio Litoral\" \/>\n<meta property=\"article:publisher\" content=\"https:\/\/www.facebook.com\/Laradiolitoral\/\" \/>\n<meta property=\"article:published_time\" content=\"2025-05-22T08:41:53+00:00\" \/>\n<meta property=\"article:modified_time\" content=\"2025-05-22T08:58:12+00:00\" \/>\n<meta property=\"og:image\" content=\"https:\/\/media.radiolitoral.com\/wp-content\/uploads\/2025\/05\/22103731\/Joan-Elies-Andres-Primer-Cafe.jpg\" \/>\n\t<meta property=\"og:image:width\" content=\"2000\" \/>\n\t<meta property=\"og:image:height\" content=\"1500\" \/>\n\t<meta property=\"og:image:type\" content=\"image\/jpeg\" \/>\n<meta name=\"author\" content=\"Redacci\u00f3n\" \/>\n<meta name=\"twitter:card\" content=\"summary_large_image\" \/>\n<meta name=\"twitter:label1\" content=\"Escrit per\" \/>\n\t<meta name=\"twitter:data1\" content=\"Redacci\u00f3n\" \/>\n\t<meta name=\"twitter:label2\" content=\"Temps estimat de lectura\" \/>\n\t<meta name=\"twitter:data2\" content=\"2 minuts\" \/>\n<script type=\"application\/ld+json\" class=\"yoast-schema-graph\">{\"@context\":\"https:\\\/\\\/schema.org\",\"@graph\":[{\"@type\":\"NewsArticle\",\"@id\":\"https:\\\/\\\/radiolitoral.com\\\/2025\\\/05\\\/joan-elies-andres-va-dirigida-a-personas-que-aprecian-la-montana-que-quieren-vivir-una-experiencia-inmersiva-de-6-dias\\\/#article\",\"isPartOf\":{\"@id\":\"https:\\\/\\\/radiolitoral.com\\\/2025\\\/05\\\/joan-elies-andres-va-dirigida-a-personas-que-aprecian-la-montana-que-quieren-vivir-una-experiencia-inmersiva-de-6-dias\\\/\"},\"author\":{\"name\":\"Redacci\u00f3n\",\"@id\":\"https:\\\/\\\/radiolitoral.com\\\/#\\\/schema\\\/person\\\/f2b2343c49b5d721857cc1002bfdb151\"},\"headline\":\"Joan Elies Andr\u00e9s \u201cVa dirigida a personas que aprecian la monta\u00f1a, que quieren vivir una experiencia inmersiva de 6 d\u00edas\u201d\",\"datePublished\":\"2025-05-22T08:41:53+00:00\",\"dateModified\":\"2025-05-22T08:58:12+00:00\",\"mainEntityOfPage\":{\"@id\":\"https:\\\/\\\/radiolitoral.com\\\/2025\\\/05\\\/joan-elies-andres-va-dirigida-a-personas-que-aprecian-la-montana-que-quieren-vivir-una-experiencia-inmersiva-de-6-dias\\\/\"},\"wordCount\":321,\"commentCount\":0,\"publisher\":{\"@id\":\"https:\\\/\\\/radiolitoral.com\\\/#organization\"},\"image\":{\"@id\":\"https:\\\/\\\/radiolitoral.com\\\/2025\\\/05\\\/joan-elies-andres-va-dirigida-a-personas-que-aprecian-la-montana-que-quieren-vivir-una-experiencia-inmersiva-de-6-dias\\\/#primaryimage\"},\"thumbnailUrl\":\"https:\\\/\\\/media.radiolitoral.com\\\/wp-content\\\/uploads\\\/2025\\\/05\\\/22103731\\\/Joan-Elies-Andres-Primer-Cafe.jpg\",\"keywords\":[\"Gu\u00eda\",\"Joan Elies Andr\u00e9s\",\"Monta\u00f1as\",\"Paisajes\",\"Patrimonio\",\"Primer Caf\u00e9\",\"senderismo\",\"Tour Valls de la Marina\",\"Valls de la Marina\"],\"articleSection\":[\"Entrevistas\",\"Medioambiente\",\"Turismo\"],\"inLanguage\":\"ca\",\"potentialAction\":[{\"@type\":\"CommentAction\",\"name\":\"Comment\",\"target\":[\"https:\\\/\\\/radiolitoral.com\\\/2025\\\/05\\\/joan-elies-andres-va-dirigida-a-personas-que-aprecian-la-montana-que-quieren-vivir-una-experiencia-inmersiva-de-6-dias\\\/#respond\"]}]},{\"@type\":[\"WebPage\",\"ItemPage\"],\"@id\":\"https:\\\/\\\/radiolitoral.com\\\/2025\\\/05\\\/joan-elies-andres-va-dirigida-a-personas-que-aprecian-la-montana-que-quieren-vivir-una-experiencia-inmersiva-de-6-dias\\\/\",\"url\":\"https:\\\/\\\/radiolitoral.com\\\/2025\\\/05\\\/joan-elies-andres-va-dirigida-a-personas-que-aprecian-la-montana-que-quieren-vivir-una-experiencia-inmersiva-de-6-dias\\\/\",\"name\":\"Joan Elies Andr\u00e9s \u201cVa dirigida a personas que aprecian la monta\u00f1a, que quieren vivir una experiencia inmersiva de 6 d\u00edas\u201d | R\u00e0dio Litoral\",\"isPartOf\":{\"@id\":\"https:\\\/\\\/radiolitoral.com\\\/#website\"},\"primaryImageOfPage\":{\"@id\":\"https:\\\/\\\/radiolitoral.com\\\/2025\\\/05\\\/joan-elies-andres-va-dirigida-a-personas-que-aprecian-la-montana-que-quieren-vivir-una-experiencia-inmersiva-de-6-dias\\\/#primaryimage\"},\"image\":{\"@id\":\"https:\\\/\\\/radiolitoral.com\\\/2025\\\/05\\\/joan-elies-andres-va-dirigida-a-personas-que-aprecian-la-montana-que-quieren-vivir-una-experiencia-inmersiva-de-6-dias\\\/#primaryimage\"},\"thumbnailUrl\":\"https:\\\/\\\/media.radiolitoral.com\\\/wp-content\\\/uploads\\\/2025\\\/05\\\/22103731\\\/Joan-Elies-Andres-Primer-Cafe.jpg\",\"datePublished\":\"2025-05-22T08:41:53+00:00\",\"dateModified\":\"2025-05-22T08:58:12+00:00\",\"description\":\"Tour Valls de la Marina, la ruta se\u00f1alizada y guiada de 128 kil\u00f3metros que conecta y promociona nuestro territorio\",\"breadcrumb\":{\"@id\":\"https:\\\/\\\/radiolitoral.com\\\/2025\\\/05\\\/joan-elies-andres-va-dirigida-a-personas-que-aprecian-la-montana-que-quieren-vivir-una-experiencia-inmersiva-de-6-dias\\\/#breadcrumb\"},\"inLanguage\":\"ca\",\"potentialAction\":[{\"@type\":\"ReadAction\",\"target\":[\"https:\\\/\\\/radiolitoral.com\\\/2025\\\/05\\\/joan-elies-andres-va-dirigida-a-personas-que-aprecian-la-montana-que-quieren-vivir-una-experiencia-inmersiva-de-6-dias\\\/\"]}]},{\"@type\":\"ImageObject\",\"inLanguage\":\"ca\",\"@id\":\"https:\\\/\\\/radiolitoral.com\\\/2025\\\/05\\\/joan-elies-andres-va-dirigida-a-personas-que-aprecian-la-montana-que-quieren-vivir-una-experiencia-inmersiva-de-6-dias\\\/#primaryimage\",\"url\":\"https:\\\/\\\/media.radiolitoral.com\\\/wp-content\\\/uploads\\\/2025\\\/05\\\/22103731\\\/Joan-Elies-Andres-Primer-Cafe.jpg\",\"contentUrl\":\"https:\\\/\\\/media.radiolitoral.com\\\/wp-content\\\/uploads\\\/2025\\\/05\\\/22103731\\\/Joan-Elies-Andres-Primer-Cafe.jpg\",\"width\":2000,\"height\":1500},{\"@type\":\"BreadcrumbList\",\"@id\":\"https:\\\/\\\/radiolitoral.com\\\/2025\\\/05\\\/joan-elies-andres-va-dirigida-a-personas-que-aprecian-la-montana-que-quieren-vivir-una-experiencia-inmersiva-de-6-dias\\\/#breadcrumb\",\"itemListElement\":[{\"@type\":\"ListItem\",\"position\":1,\"name\":\"Portada\",\"item\":\"https:\\\/\\\/radiolitoral.com\\\/\"},{\"@type\":\"ListItem\",\"position\":2,\"name\":\"Joan Elies Andr\u00e9s \u201cVa dirigida a personas que aprecian la monta\u00f1a, que quieren vivir una experiencia inmersiva de 6 d\u00edas\u201d\"}]},{\"@type\":\"WebSite\",\"@id\":\"https:\\\/\\\/radiolitoral.com\\\/#website\",\"url\":\"https:\\\/\\\/radiolitoral.com\\\/\",\"name\":\"Radio Litoral\",\"description\":\"La radio local de la Marina Alta\",\"publisher\":{\"@id\":\"https:\\\/\\\/radiolitoral.com\\\/#organization\"},\"alternateName\":\"Litoral FM\",\"potentialAction\":[{\"@type\":\"SearchAction\",\"target\":{\"@type\":\"EntryPoint\",\"urlTemplate\":\"https:\\\/\\\/radiolitoral.com\\\/?s={search_term_string}\"},\"query-input\":{\"@type\":\"PropertyValueSpecification\",\"valueRequired\":true,\"valueName\":\"search_term_string\"}}],\"inLanguage\":\"ca\"},{\"@type\":\"Organization\",\"@id\":\"https:\\\/\\\/radiolitoral.com\\\/#organization\",\"name\":\"Radio Litoral\",\"url\":\"https:\\\/\\\/radiolitoral.com\\\/\",\"logo\":{\"@type\":\"ImageObject\",\"inLanguage\":\"ca\",\"@id\":\"https:\\\/\\\/radiolitoral.com\\\/#\\\/schema\\\/logo\\\/image\\\/\",\"url\":\"https:\\\/\\\/media.radiolitoral.com\\\/wp-content\\\/uploads\\\/2023\\\/02\\\/24143238\\\/CL-V-RadioLitoral696.png\",\"contentUrl\":\"https:\\\/\\\/media.radiolitoral.com\\\/wp-content\\\/uploads\\\/2023\\\/02\\\/24143238\\\/CL-V-RadioLitoral696.png\",\"width\":696,\"height\":696,\"caption\":\"Radio Litoral\"},\"image\":{\"@id\":\"https:\\\/\\\/radiolitoral.com\\\/#\\\/schema\\\/logo\\\/image\\\/\"},\"sameAs\":[\"https:\\\/\\\/www.facebook.com\\\/Laradiolitoral\\\/\"]},{\"@type\":\"Person\",\"@id\":\"https:\\\/\\\/radiolitoral.com\\\/#\\\/schema\\\/person\\\/f2b2343c49b5d721857cc1002bfdb151\",\"name\":\"Redacci\u00f3n\",\"image\":{\"@type\":\"ImageObject\",\"inLanguage\":\"ca\",\"@id\":\"https:\\\/\\\/secure.gravatar.com\\\/avatar\\\/f771d896c203ad8b3382d7905cfcce5a5c9b008b84b3cd9114e9b9f4cb63f789?s=96&d=mm&r=g\",\"url\":\"https:\\\/\\\/secure.gravatar.com\\\/avatar\\\/f771d896c203ad8b3382d7905cfcce5a5c9b008b84b3cd9114e9b9f4cb63f789?s=96&d=mm&r=g\",\"contentUrl\":\"https:\\\/\\\/secure.gravatar.com\\\/avatar\\\/f771d896c203ad8b3382d7905cfcce5a5c9b008b84b3cd9114e9b9f4cb63f789?s=96&d=mm&r=g\",\"caption\":\"Redacci\u00f3n\"},\"url\":\"https:\\\/\\\/radiolitoral.com\\\/ca\\\/author\\\/miriam-pagan\\\/\"}]}<\/script>\n<!-- \/ Yoast SEO plugin. -->","yoast_head_json":{"title":"Joan Elies Andr\u00e9s \u201cVa adre\u00e7ada a persones que aprecien la muntanya, que volen viure una experi\u00e8ncia immersiva de 6 dies\u201d | R\u00e0dio Litoral","description":"Tour Valls de la Marina, la ruta senyalitzada i guiada de 128 quil\u00f2metres que connecta i promociona el nostre territori","robots":{"index":"index","follow":"follow","max-snippet":"max-snippet:-1","max-image-preview":"max-image-preview:large","max-video-preview":"max-video-preview:-1"},"canonical":"https:\/\/radiolitoral.com\/ca\/2025\/05\/joan-elies-andres-va-adrecada-a-persones-que-aprecien-la-muntanya-que-volen-viure-una-experiencia-immersiva-de-6-dies\/","og_locale":"ca_ES","og_type":"article","og_title":"Joan Elies Andr\u00e9s \u201cVa dirigida a personas que aprecian la monta\u00f1a, que quieren vivir una experiencia inmersiva de 6 d\u00edas\u201d | R\u00e0dio Litoral","og_description":"Tour Valls de la Marina, la ruta se\u00f1alizada y guiada de 128 kil\u00f3metros que conecta y promociona nuestro territorio","og_url":"https:\/\/radiolitoral.com\/ca\/2025\/05\/joan-elies-andres-va-adrecada-a-persones-que-aprecien-la-muntanya-que-volen-viure-una-experiencia-immersiva-de-6-dies\/","og_site_name":"R\u00e0dio Litoral","article_publisher":"https:\/\/www.facebook.com\/Laradiolitoral\/","article_published_time":"2025-05-22T08:41:53+00:00","article_modified_time":"2025-05-22T08:58:12+00:00","og_image":[{"width":2000,"height":1500,"url":"https:\/\/media.radiolitoral.com\/wp-content\/uploads\/2025\/05\/22103731\/Joan-Elies-Andres-Primer-Cafe.jpg","type":"image\/jpeg"}],"author":"Redacci\u00f3n","twitter_card":"summary_large_image","twitter_misc":{"Escrit per":"Redacci\u00f3n","Temps estimat de lectura":"2 minuts"},"schema":{"@context":"https:\/\/schema.org","@graph":[{"@type":"NewsArticle","@id":"https:\/\/radiolitoral.com\/2025\/05\/joan-elies-andres-va-dirigida-a-personas-que-aprecian-la-montana-que-quieren-vivir-una-experiencia-inmersiva-de-6-dias\/#article","isPartOf":{"@id":"https:\/\/radiolitoral.com\/2025\/05\/joan-elies-andres-va-dirigida-a-personas-que-aprecian-la-montana-que-quieren-vivir-una-experiencia-inmersiva-de-6-dias\/"},"author":{"name":"Redacci\u00f3n","@id":"https:\/\/radiolitoral.com\/#\/schema\/person\/f2b2343c49b5d721857cc1002bfdb151"},"headline":"Joan Elies Andr\u00e9s \u201cVa dirigida a personas que aprecian la monta\u00f1a, que quieren vivir una experiencia inmersiva de 6 d\u00edas\u201d","datePublished":"2025-05-22T08:41:53+00:00","dateModified":"2025-05-22T08:58:12+00:00","mainEntityOfPage":{"@id":"https:\/\/radiolitoral.com\/2025\/05\/joan-elies-andres-va-dirigida-a-personas-que-aprecian-la-montana-que-quieren-vivir-una-experiencia-inmersiva-de-6-dias\/"},"wordCount":321,"commentCount":0,"publisher":{"@id":"https:\/\/radiolitoral.com\/#organization"},"image":{"@id":"https:\/\/radiolitoral.com\/2025\/05\/joan-elies-andres-va-dirigida-a-personas-que-aprecian-la-montana-que-quieren-vivir-una-experiencia-inmersiva-de-6-dias\/#primaryimage"},"thumbnailUrl":"https:\/\/media.radiolitoral.com\/wp-content\/uploads\/2025\/05\/22103731\/Joan-Elies-Andres-Primer-Cafe.jpg","keywords":["Gu\u00eda","Joan Elies Andr\u00e9s","Monta\u00f1as","Paisajes","Patrimonio","Primer Caf\u00e9","senderismo","Tour Valls de la Marina","Valls de la Marina"],"articleSection":["Entrevistas","Medioambiente","Turismo"],"inLanguage":"ca","potentialAction":[{"@type":"CommentAction","name":"Comment","target":["https:\/\/radiolitoral.com\/2025\/05\/joan-elies-andres-va-dirigida-a-personas-que-aprecian-la-montana-que-quieren-vivir-una-experiencia-inmersiva-de-6-dias\/#respond"]}]},{"@type":["WebPage","ItemPage"],"@id":"https:\/\/radiolitoral.com\/2025\/05\/joan-elies-andres-va-dirigida-a-personas-que-aprecian-la-montana-que-quieren-vivir-una-experiencia-inmersiva-de-6-dias\/","url":"https:\/\/radiolitoral.com\/2025\/05\/joan-elies-andres-va-dirigida-a-personas-que-aprecian-la-montana-que-quieren-vivir-una-experiencia-inmersiva-de-6-dias\/","name":"Joan Elies Andr\u00e9s \u201cVa adre\u00e7ada a persones que aprecien la muntanya, que volen viure una experi\u00e8ncia immersiva de 6 dies\u201d | R\u00e0dio Litoral","isPartOf":{"@id":"https:\/\/radiolitoral.com\/#website"},"primaryImageOfPage":{"@id":"https:\/\/radiolitoral.com\/2025\/05\/joan-elies-andres-va-dirigida-a-personas-que-aprecian-la-montana-que-quieren-vivir-una-experiencia-inmersiva-de-6-dias\/#primaryimage"},"image":{"@id":"https:\/\/radiolitoral.com\/2025\/05\/joan-elies-andres-va-dirigida-a-personas-que-aprecian-la-montana-que-quieren-vivir-una-experiencia-inmersiva-de-6-dias\/#primaryimage"},"thumbnailUrl":"https:\/\/media.radiolitoral.com\/wp-content\/uploads\/2025\/05\/22103731\/Joan-Elies-Andres-Primer-Cafe.jpg","datePublished":"2025-05-22T08:41:53+00:00","dateModified":"2025-05-22T08:58:12+00:00","description":"Tour Valls de la Marina, la ruta senyalitzada i guiada de 128 quil\u00f2metres que connecta i promociona el nostre territori","breadcrumb":{"@id":"https:\/\/radiolitoral.com\/2025\/05\/joan-elies-andres-va-dirigida-a-personas-que-aprecian-la-montana-que-quieren-vivir-una-experiencia-inmersiva-de-6-dias\/#breadcrumb"},"inLanguage":"ca","potentialAction":[{"@type":"ReadAction","target":["https:\/\/radiolitoral.com\/2025\/05\/joan-elies-andres-va-dirigida-a-personas-que-aprecian-la-montana-que-quieren-vivir-una-experiencia-inmersiva-de-6-dias\/"]}]},{"@type":"ImageObject","inLanguage":"ca","@id":"https:\/\/radiolitoral.com\/2025\/05\/joan-elies-andres-va-dirigida-a-personas-que-aprecian-la-montana-que-quieren-vivir-una-experiencia-inmersiva-de-6-dias\/#primaryimage","url":"https:\/\/media.radiolitoral.com\/wp-content\/uploads\/2025\/05\/22103731\/Joan-Elies-Andres-Primer-Cafe.jpg","contentUrl":"https:\/\/media.radiolitoral.com\/wp-content\/uploads\/2025\/05\/22103731\/Joan-Elies-Andres-Primer-Cafe.jpg","width":2000,"height":1500},{"@type":"BreadcrumbList","@id":"https:\/\/radiolitoral.com\/2025\/05\/joan-elies-andres-va-dirigida-a-personas-que-aprecian-la-montana-que-quieren-vivir-una-experiencia-inmersiva-de-6-dias\/#breadcrumb","itemListElement":[{"@type":"ListItem","position":1,"name":"Portada","item":"https:\/\/radiolitoral.com\/"},{"@type":"ListItem","position":2,"name":"Joan Elies Andr\u00e9s \u201cVa dirigida a personas que aprecian la monta\u00f1a, que quieren vivir una experiencia inmersiva de 6 d\u00edas\u201d"}]},{"@type":"WebSite","@id":"https:\/\/radiolitoral.com\/#website","url":"https:\/\/radiolitoral.com\/","name":"R\u00e0dio Litoral","description":"La r\u00e0dio local de la Marina Alta","publisher":{"@id":"https:\/\/radiolitoral.com\/#organization"},"alternateName":"Litoral FM","potentialAction":[{"@type":"SearchAction","target":{"@type":"EntryPoint","urlTemplate":"https:\/\/radiolitoral.com\/?s={search_term_string}"},"query-input":{"@type":"PropertyValueSpecification","valueRequired":true,"valueName":"search_term_string"}}],"inLanguage":"ca"},{"@type":"Organization","@id":"https:\/\/radiolitoral.com\/#organization","name":"R\u00e0dio Litoral","url":"https:\/\/radiolitoral.com\/","logo":{"@type":"ImageObject","inLanguage":"ca","@id":"https:\/\/radiolitoral.com\/#\/schema\/logo\/image\/","url":"https:\/\/media.radiolitoral.com\/wp-content\/uploads\/2023\/02\/24143238\/CL-V-RadioLitoral696.png","contentUrl":"https:\/\/media.radiolitoral.com\/wp-content\/uploads\/2023\/02\/24143238\/CL-V-RadioLitoral696.png","width":696,"height":696,"caption":"Radio Litoral"},"image":{"@id":"https:\/\/radiolitoral.com\/#\/schema\/logo\/image\/"},"sameAs":["https:\/\/www.facebook.com\/Laradiolitoral\/"]},{"@type":"Person","@id":"https:\/\/radiolitoral.com\/#\/schema\/person\/f2b2343c49b5d721857cc1002bfdb151","name":"Redacci\u00f3","image":{"@type":"ImageObject","inLanguage":"ca","@id":"https:\/\/secure.gravatar.com\/avatar\/f771d896c203ad8b3382d7905cfcce5a5c9b008b84b3cd9114e9b9f4cb63f789?s=96&d=mm&r=g","url":"https:\/\/secure.gravatar.com\/avatar\/f771d896c203ad8b3382d7905cfcce5a5c9b008b84b3cd9114e9b9f4cb63f789?s=96&d=mm&r=g","contentUrl":"https:\/\/secure.gravatar.com\/avatar\/f771d896c203ad8b3382d7905cfcce5a5c9b008b84b3cd9114e9b9f4cb63f789?s=96&d=mm&r=g","caption":"Redacci\u00f3n"},"url":"https:\/\/radiolitoral.com\/ca\/author\/miriam-pagan\/"}]}},"_links":{"self":[{"href":"https:\/\/radiolitoral.com\/ca\/wp-json\/wp\/v2\/posts\/16875","targetHints":{"allow":["GET"]}}],"collection":[{"href":"https:\/\/radiolitoral.com\/ca\/wp-json\/wp\/v2\/posts"}],"about":[{"href":"https:\/\/radiolitoral.com\/ca\/wp-json\/wp\/v2\/types\/post"}],"author":[{"embeddable":true,"href":"https:\/\/radiolitoral.com\/ca\/wp-json\/wp\/v2\/users\/13"}],"replies":[{"embeddable":true,"href":"https:\/\/radiolitoral.com\/ca\/wp-json\/wp\/v2\/comments?post=16875"}],"version-history":[{"count":3,"href":"https:\/\/radiolitoral.com\/ca\/wp-json\/wp\/v2\/posts\/16875\/revisions"}],"predecessor-version":[{"id":16881,"href":"https:\/\/radiolitoral.com\/ca\/wp-json\/wp\/v2\/posts\/16875\/revisions\/16881"}],"wp:featuredmedia":[{"embeddable":true,"href":"https:\/\/radiolitoral.com\/ca\/wp-json\/wp\/v2\/media\/16877"}],"wp:attachment":[{"href":"https:\/\/radiolitoral.com\/ca\/wp-json\/wp\/v2\/media?parent=16875"}],"wp:term":[{"taxonomy":"category","embeddable":true,"href":"https:\/\/radiolitoral.com\/ca\/wp-json\/wp\/v2\/categories?post=16875"},{"taxonomy":"post_tag","embeddable":true,"href":"https:\/\/radiolitoral.com\/ca\/wp-json\/wp\/v2\/tags?post=16875"}],"curies":[{"name":"wp","href":"https:\/\/api.w.org\/{rel}","templated":true}]}}