{"id":16858,"date":"2025-05-21T10:19:37","date_gmt":"2025-05-21T08:19:37","guid":{"rendered":"https:\/\/radiolitoral.com\/?p=16858"},"modified":"2025-05-21T10:19:43","modified_gmt":"2025-05-21T08:19:43","slug":"teulada-moraira-premiada-internacionalment-pel-seu-compromis-amb-el-canvi-climatic","status":"publish","type":"post","link":"https:\/\/radiolitoral.com\/ca\/2025\/05\/teulada-moraira-premiada-internacionalmente-por-su-compromiso-con-el-cambio-climatico\/","title":{"rendered":"Teulada Moraira, premiada internacionalment pel seu comprom\u00eds amb el canvi clim\u00e0tic"},"content":{"rendered":"<p class=\"\" data-start=\"262\" data-end=\"692\">L&#039;Ajuntament de <strong>Teulada Moraira<\/strong> ha aconseguit el <strong data-start=\"311\" data-end=\"342\">tercer premi internacional<\/strong> a la categoria d&#039;&#039;Adaptaci\u00f3 al Canvi Clim\u00e0tic&#039; dins del Concurs Bones Pr\u00e0ctiques 2025, un certamen recolzat per la Fundaci\u00f3 per a l&#039;Educaci\u00f3 Ambiental (FEE), l&#039;ONU i vinculat a les Banderes Blaves.<\/p>\n<p class=\"\" data-start=\"262\" data-end=\"692\">Aquest guard\u00f3 ressalta la dedicaci\u00f3 del municipi a promoure la <strong>protecci\u00f3 de l&#039;entorn natural<\/strong> i mar\u00ed mitjan\u00e7ant accions educatives.<\/p>\n<h3 class=\"\" data-start=\"694\" data-end=\"733\">Educaci\u00f3 ambiental amb traject\u00f2ria<\/h3>\n<p class=\"\" data-start=\"735\" data-end=\"975\">Des del 2003, Teulada Moraira desenvolupa un programa d&#039;educaci\u00f3 ambiental destinat a posar en valor els seus espais naturals i sensibilitzar tant residents com turistes sobre les millors pr\u00e0ctiques per tenir cura del medi mar\u00ed i terrestre.<\/p>\n<p class=\"\" data-start=\"1030\" data-end=\"1442\">El premi ha estat concedit especialment pels tallers realitzats el passat estiu a la platja de l&#039;Ampolla. En aquestes jornades, es va informar sobre els diferents valors naturals del litoral, fent especial \u00e8mfasi en la import\u00e0ncia de les <strong data-start=\"1275\" data-end=\"1308\">praderies marines de Posidonia<\/strong> i les restes d&#039;algues que s&#039;acumulen a la platja, les quals actuen com a barreres naturals contra l&#039;erosi\u00f3 i la p\u00e8rdua de sorra.<\/p>\n<p class=\"\" data-start=\"1444\" data-end=\"1659\">Aquestes activitats es van dur a terme en tres dates -25 de juliol, 1 i 8 d&#039;agost- i van estar adre\u00e7ades a usuaris de les platges amb l&#039;objectiu d&#039;augmentar la consci\u00e8ncia sobre la lluita contra el canvi clim\u00e0tic.<\/p>\n<h3 class=\"\" data-start=\"1661\" data-end=\"1692\">Activitats complement\u00e0ries<\/h3>\n<p class=\"\" data-start=\"1694\" data-end=\"2028\">Durant l&#039;any, l&#039;Ajuntament va organitzar quatre activitats d&#039;educaci\u00f3 ambiental m\u00e9s, entre elles rutes ecotur\u00edstiques nocturnes amb senderisme guiat, tallers a col\u00b7legis del municipi per destacar la flora i fauna local, i la iniciativa \u201cReciclar per a ConserMar\u201d en col\u00b7laboraci\u00f3 amb la Conselleria de Medi Ambient i Ecoembes.<\/p>\n<p class=\"\" data-start=\"2065\" data-end=\"2346\">A m\u00e9s del premi internacional, Teulada Moraira ha renovat la concessi\u00f3 de tres banderes blaves per a les platges del Portet, les Platgetes i el Club N\u00e0utic de Moraira, que certifiquen la qualitat ambiental, seguretat, gesti\u00f3 de residus i accessibilitat dels seus espais costaners.<\/p>\n<p class=\"\" data-start=\"2383\" data-end=\"2770\">La regidora de Platges i Medi Ambient, Pilar Vidal, va manifestar: \u201caquest tercer premi, rebut a trav\u00e9s dels tallers de conscienciaci\u00f3 i sensibilitzaci\u00f3 ambiental sobre les dunes que realitzem a les nostres platges, suposa un honor per a nosaltres, perqu\u00e8 el nostre objectiu \u00e9s cuidar i conscienciar de l&#039;essencial que \u00e9s protegir i conservar l&#039;entorn natural i mar\u00ed de Teulada Moraira\u201d.<\/p>\n<p class=\"\" data-start=\"2772\" data-end=\"3380\">Per la seva banda, l&#039;alcalde Ra\u00fal Llobell va assenyalar que \u201c\u00e9s la primera vegada que aquests premis es lliuren a Espanya, i \u00e9s un veritable honor que un hagi estat concedit precisament a Teulada Moraira\u201d. Va afegir que &quot;el nostre treball continu cap al nostre medi ambient es focalitza a protegir les platges i ecosistemes costaners, fomentar la consci\u00e8ncia ambiental, i impulsar l&#039;acci\u00f3 davant del canvi clim\u00e0tic&quot;. Va concloure afirmant que \u201c\u00e9s important, alhora, conscienciar tant els nostres ve\u00efns com els visitants de la rellev\u00e0ncia de protegir el nostre entorn, perqu\u00e8 Teulada Moraira mereix ser cuidada\u201d.<\/p>","protected":false},"excerpt":{"rendered":"<p>El Ayuntamiento de Teulada Moraira ha logrado el tercer premio internacional en la categor\u00eda de \u2018Adaptaci\u00f3n al Cambio Clim\u00e1tico\u2019 dentro del Concurso Buenas Pr\u00e1cticas 2025, un certamen respaldado por la Fundaci\u00f3n para la Educaci\u00f3n Ambiental (FEE), la ONU y vinculado a las Banderas Azules. Este galard\u00f3n resalta la dedicaci\u00f3n del municipio en promover la protecci\u00f3n [&#8230;]<\/p>\n<p><a class=\"btn btn-secondary understrap-read-more-link\" href=\"https:\/\/radiolitoral.com\/ca\/2025\/05\/teulada-moraira-premiada-internacionalmente-por-su-compromiso-con-el-cambio-climatico\/\">Continua llegint&#8230;<span class=\"screen-reader-text\"> from Teulada Moraira, premiada internacionalmente por su compromiso con el cambio clim\u00e1tico<\/span><\/a><\/p>\n","protected":false},"author":14,"featured_media":16859,"comment_status":"open","ping_status":"closed","sticky":false,"template":"","format":"standard","meta":{"_acf_changed":false,"inline_featured_image":false,"footnotes":""},"categories":[325],"tags":[665,269,4363,195],"class_list":["post-16858","post","type-post","status-publish","format-standard","has-post-thumbnail","hentry","category-medioambiente","tag-banderas-azules","tag-medioambiente","tag-proteccion-medioambiental","tag-teulada-moraira","cobertura-teulada-moraira"],"acf":[],"yoast_head":"<!-- This site is optimized with the Yoast SEO plugin v27.5 - https:\/\/yoast.com\/product\/yoast-seo-wordpress\/ -->\n<title>Teulada Moraira, premiada internacionalmente por su compromiso con el cambio clim\u00e1tico | R\u00e0dio Litoral<\/title>\n<meta name=\"description\" content=\"El municipio logra el tercer premio en el Concurso Buenas Pr\u00e1cticas 2025\" \/>\n<meta name=\"robots\" content=\"index, follow, max-snippet:-1, max-image-preview:large, max-video-preview:-1\" \/>\n<link rel=\"canonical\" href=\"https:\/\/radiolitoral.com\/ca\/2025\/05\/teulada-moraira-premiada-internacionalment-pel-seu-compromis-amb-el-canvi-climatic\/\" \/>\n<meta property=\"og:locale\" content=\"ca_ES\" \/>\n<meta property=\"og:type\" content=\"article\" \/>\n<meta property=\"og:title\" content=\"Teulada Moraira, premiada internacionalmente por su compromiso con el cambio clim\u00e1tico | R\u00e0dio Litoral\" \/>\n<meta property=\"og:description\" content=\"El municipio logra el tercer premio en el Concurso Buenas Pr\u00e1cticas 2025\" \/>\n<meta property=\"og:url\" content=\"https:\/\/radiolitoral.com\/ca\/2025\/05\/teulada-moraira-premiada-internacionalment-pel-seu-compromis-amb-el-canvi-climatic\/\" \/>\n<meta property=\"og:site_name\" content=\"R\u00e0dio Litoral\" \/>\n<meta property=\"article:publisher\" content=\"https:\/\/www.facebook.com\/Laradiolitoral\/\" \/>\n<meta property=\"article:published_time\" content=\"2025-05-21T08:19:37+00:00\" \/>\n<meta property=\"article:modified_time\" content=\"2025-05-21T08:19:43+00:00\" \/>\n<meta property=\"og:image\" content=\"https:\/\/media.radiolitoral.com\/wp-content\/uploads\/2025\/05\/21101828\/NOTA-DE-PRENSA-Teulada-Moraira-gana-el-3r-premio-internacional-del-Concurso-Buenas-Practicas-2025-en-la-categoria-Adaptacion-al-Cambio-Climatico-scaled.jpeg\" \/>\n\t<meta property=\"og:image:width\" content=\"2560\" \/>\n\t<meta property=\"og:image:height\" content=\"1920\" \/>\n\t<meta property=\"og:image:type\" content=\"image\/jpeg\" \/>\n<meta name=\"author\" content=\"Redacci\u00f3n\" \/>\n<meta name=\"twitter:card\" content=\"summary_large_image\" \/>\n<meta name=\"twitter:label1\" content=\"Escrit per\" \/>\n\t<meta name=\"twitter:data1\" content=\"Redacci\u00f3n\" \/>\n\t<meta name=\"twitter:label2\" content=\"Temps estimat de lectura\" \/>\n\t<meta name=\"twitter:data2\" content=\"3 minuts\" \/>\n<script type=\"application\/ld+json\" class=\"yoast-schema-graph\">{\"@context\":\"https:\\\/\\\/schema.org\",\"@graph\":[{\"@type\":\"NewsArticle\",\"@id\":\"https:\\\/\\\/radiolitoral.com\\\/2025\\\/05\\\/teulada-moraira-premiada-internacionalmente-por-su-compromiso-con-el-cambio-climatico\\\/#article\",\"isPartOf\":{\"@id\":\"https:\\\/\\\/radiolitoral.com\\\/2025\\\/05\\\/teulada-moraira-premiada-internacionalmente-por-su-compromiso-con-el-cambio-climatico\\\/\"},\"author\":{\"name\":\"Redacci\u00f3n\",\"@id\":\"https:\\\/\\\/radiolitoral.com\\\/#\\\/schema\\\/person\\\/96b739642eb3bedb532aac3812d23307\"},\"headline\":\"Teulada Moraira, premiada internacionalmente por su compromiso con el cambio clim\u00e1tico\",\"datePublished\":\"2025-05-21T08:19:37+00:00\",\"dateModified\":\"2025-05-21T08:19:43+00:00\",\"mainEntityOfPage\":{\"@id\":\"https:\\\/\\\/radiolitoral.com\\\/2025\\\/05\\\/teulada-moraira-premiada-internacionalmente-por-su-compromiso-con-el-cambio-climatico\\\/\"},\"wordCount\":501,\"commentCount\":0,\"publisher\":{\"@id\":\"https:\\\/\\\/radiolitoral.com\\\/#organization\"},\"image\":{\"@id\":\"https:\\\/\\\/radiolitoral.com\\\/2025\\\/05\\\/teulada-moraira-premiada-internacionalmente-por-su-compromiso-con-el-cambio-climatico\\\/#primaryimage\"},\"thumbnailUrl\":\"https:\\\/\\\/media.radiolitoral.com\\\/wp-content\\\/uploads\\\/2025\\\/05\\\/21101828\\\/NOTA-DE-PRENSA-Teulada-Moraira-gana-el-3r-premio-internacional-del-Concurso-Buenas-Practicas-2025-en-la-categoria-Adaptacion-al-Cambio-Climatico-scaled.jpeg\",\"keywords\":[\"Banderas Azules\",\"medioambiente\",\"protecci\u00f3n medioambiental\",\"Teulada-Moraira\"],\"articleSection\":[\"Medioambiente\"],\"inLanguage\":\"ca\",\"potentialAction\":[{\"@type\":\"CommentAction\",\"name\":\"Comment\",\"target\":[\"https:\\\/\\\/radiolitoral.com\\\/2025\\\/05\\\/teulada-moraira-premiada-internacionalmente-por-su-compromiso-con-el-cambio-climatico\\\/#respond\"]}]},{\"@type\":[\"WebPage\",\"ItemPage\"],\"@id\":\"https:\\\/\\\/radiolitoral.com\\\/2025\\\/05\\\/teulada-moraira-premiada-internacionalmente-por-su-compromiso-con-el-cambio-climatico\\\/\",\"url\":\"https:\\\/\\\/radiolitoral.com\\\/2025\\\/05\\\/teulada-moraira-premiada-internacionalmente-por-su-compromiso-con-el-cambio-climatico\\\/\",\"name\":\"Teulada Moraira, premiada internacionalmente por su compromiso con el cambio clim\u00e1tico | R\u00e0dio Litoral\",\"isPartOf\":{\"@id\":\"https:\\\/\\\/radiolitoral.com\\\/#website\"},\"primaryImageOfPage\":{\"@id\":\"https:\\\/\\\/radiolitoral.com\\\/2025\\\/05\\\/teulada-moraira-premiada-internacionalmente-por-su-compromiso-con-el-cambio-climatico\\\/#primaryimage\"},\"image\":{\"@id\":\"https:\\\/\\\/radiolitoral.com\\\/2025\\\/05\\\/teulada-moraira-premiada-internacionalmente-por-su-compromiso-con-el-cambio-climatico\\\/#primaryimage\"},\"thumbnailUrl\":\"https:\\\/\\\/media.radiolitoral.com\\\/wp-content\\\/uploads\\\/2025\\\/05\\\/21101828\\\/NOTA-DE-PRENSA-Teulada-Moraira-gana-el-3r-premio-internacional-del-Concurso-Buenas-Practicas-2025-en-la-categoria-Adaptacion-al-Cambio-Climatico-scaled.jpeg\",\"datePublished\":\"2025-05-21T08:19:37+00:00\",\"dateModified\":\"2025-05-21T08:19:43+00:00\",\"description\":\"El municipio logra el tercer premio en el Concurso Buenas Pr\u00e1cticas 2025\",\"breadcrumb\":{\"@id\":\"https:\\\/\\\/radiolitoral.com\\\/2025\\\/05\\\/teulada-moraira-premiada-internacionalmente-por-su-compromiso-con-el-cambio-climatico\\\/#breadcrumb\"},\"inLanguage\":\"ca\",\"potentialAction\":[{\"@type\":\"ReadAction\",\"target\":[\"https:\\\/\\\/radiolitoral.com\\\/2025\\\/05\\\/teulada-moraira-premiada-internacionalmente-por-su-compromiso-con-el-cambio-climatico\\\/\"]}]},{\"@type\":\"ImageObject\",\"inLanguage\":\"ca\",\"@id\":\"https:\\\/\\\/radiolitoral.com\\\/2025\\\/05\\\/teulada-moraira-premiada-internacionalmente-por-su-compromiso-con-el-cambio-climatico\\\/#primaryimage\",\"url\":\"https:\\\/\\\/media.radiolitoral.com\\\/wp-content\\\/uploads\\\/2025\\\/05\\\/21101828\\\/NOTA-DE-PRENSA-Teulada-Moraira-gana-el-3r-premio-internacional-del-Concurso-Buenas-Practicas-2025-en-la-categoria-Adaptacion-al-Cambio-Climatico-scaled.jpeg\",\"contentUrl\":\"https:\\\/\\\/media.radiolitoral.com\\\/wp-content\\\/uploads\\\/2025\\\/05\\\/21101828\\\/NOTA-DE-PRENSA-Teulada-Moraira-gana-el-3r-premio-internacional-del-Concurso-Buenas-Practicas-2025-en-la-categoria-Adaptacion-al-Cambio-Climatico-scaled.jpeg\",\"width\":2560,\"height\":1920},{\"@type\":\"BreadcrumbList\",\"@id\":\"https:\\\/\\\/radiolitoral.com\\\/2025\\\/05\\\/teulada-moraira-premiada-internacionalmente-por-su-compromiso-con-el-cambio-climatico\\\/#breadcrumb\",\"itemListElement\":[{\"@type\":\"ListItem\",\"position\":1,\"name\":\"Portada\",\"item\":\"https:\\\/\\\/radiolitoral.com\\\/\"},{\"@type\":\"ListItem\",\"position\":2,\"name\":\"Teulada Moraira, premiada internacionalmente por su compromiso con el cambio clim\u00e1tico\"}]},{\"@type\":\"WebSite\",\"@id\":\"https:\\\/\\\/radiolitoral.com\\\/#website\",\"url\":\"https:\\\/\\\/radiolitoral.com\\\/\",\"name\":\"Radio Litoral\",\"description\":\"La radio local de la Marina Alta\",\"publisher\":{\"@id\":\"https:\\\/\\\/radiolitoral.com\\\/#organization\"},\"alternateName\":\"Litoral FM\",\"potentialAction\":[{\"@type\":\"SearchAction\",\"target\":{\"@type\":\"EntryPoint\",\"urlTemplate\":\"https:\\\/\\\/radiolitoral.com\\\/?s={search_term_string}\"},\"query-input\":{\"@type\":\"PropertyValueSpecification\",\"valueRequired\":true,\"valueName\":\"search_term_string\"}}],\"inLanguage\":\"ca\"},{\"@type\":\"Organization\",\"@id\":\"https:\\\/\\\/radiolitoral.com\\\/#organization\",\"name\":\"Radio Litoral\",\"url\":\"https:\\\/\\\/radiolitoral.com\\\/\",\"logo\":{\"@type\":\"ImageObject\",\"inLanguage\":\"ca\",\"@id\":\"https:\\\/\\\/radiolitoral.com\\\/#\\\/schema\\\/logo\\\/image\\\/\",\"url\":\"https:\\\/\\\/media.radiolitoral.com\\\/wp-content\\\/uploads\\\/2023\\\/02\\\/24143238\\\/CL-V-RadioLitoral696.png\",\"contentUrl\":\"https:\\\/\\\/media.radiolitoral.com\\\/wp-content\\\/uploads\\\/2023\\\/02\\\/24143238\\\/CL-V-RadioLitoral696.png\",\"width\":696,\"height\":696,\"caption\":\"Radio Litoral\"},\"image\":{\"@id\":\"https:\\\/\\\/radiolitoral.com\\\/#\\\/schema\\\/logo\\\/image\\\/\"},\"sameAs\":[\"https:\\\/\\\/www.facebook.com\\\/Laradiolitoral\\\/\"]},{\"@type\":\"Person\",\"@id\":\"https:\\\/\\\/radiolitoral.com\\\/#\\\/schema\\\/person\\\/96b739642eb3bedb532aac3812d23307\",\"name\":\"Redacci\u00f3n\",\"image\":{\"@type\":\"ImageObject\",\"inLanguage\":\"ca\",\"@id\":\"https:\\\/\\\/secure.gravatar.com\\\/avatar\\\/30cd06129ee90411dd9c7cbdcf17464181d1a3c7b072e92070ea75a25cf0097e?s=96&d=mm&r=g\",\"url\":\"https:\\\/\\\/secure.gravatar.com\\\/avatar\\\/30cd06129ee90411dd9c7cbdcf17464181d1a3c7b072e92070ea75a25cf0097e?s=96&d=mm&r=g\",\"contentUrl\":\"https:\\\/\\\/secure.gravatar.com\\\/avatar\\\/30cd06129ee90411dd9c7cbdcf17464181d1a3c7b072e92070ea75a25cf0097e?s=96&d=mm&r=g\",\"caption\":\"Redacci\u00f3n\"},\"url\":\"https:\\\/\\\/radiolitoral.com\\\/ca\\\/author\\\/kevin-carrio\\\/\"}]}<\/script>\n<!-- \/ Yoast SEO plugin. -->","yoast_head_json":{"title":"Teulada Moraira, premiada internacionalment pel comprom\u00eds amb el canvi clim\u00e0tic | R\u00e0dio Litoral","description":"El municipi aconsegueix el tercer premi al Concurs Bones Pr\u00e0ctiques 2025","robots":{"index":"index","follow":"follow","max-snippet":"max-snippet:-1","max-image-preview":"max-image-preview:large","max-video-preview":"max-video-preview:-1"},"canonical":"https:\/\/radiolitoral.com\/ca\/2025\/05\/teulada-moraira-premiada-internacionalment-pel-seu-compromis-amb-el-canvi-climatic\/","og_locale":"ca_ES","og_type":"article","og_title":"Teulada Moraira, premiada internacionalmente por su compromiso con el cambio clim\u00e1tico | R\u00e0dio Litoral","og_description":"El municipio logra el tercer premio en el Concurso Buenas Pr\u00e1cticas 2025","og_url":"https:\/\/radiolitoral.com\/ca\/2025\/05\/teulada-moraira-premiada-internacionalment-pel-seu-compromis-amb-el-canvi-climatic\/","og_site_name":"R\u00e0dio Litoral","article_publisher":"https:\/\/www.facebook.com\/Laradiolitoral\/","article_published_time":"2025-05-21T08:19:37+00:00","article_modified_time":"2025-05-21T08:19:43+00:00","og_image":[{"width":2560,"height":1920,"url":"https:\/\/media.radiolitoral.com\/wp-content\/uploads\/2025\/05\/21101828\/NOTA-DE-PRENSA-Teulada-Moraira-gana-el-3r-premio-internacional-del-Concurso-Buenas-Practicas-2025-en-la-categoria-Adaptacion-al-Cambio-Climatico-scaled.jpeg","type":"image\/jpeg"}],"author":"Redacci\u00f3n","twitter_card":"summary_large_image","twitter_misc":{"Escrit per":"Redacci\u00f3n","Temps estimat de lectura":"3 minuts"},"schema":{"@context":"https:\/\/schema.org","@graph":[{"@type":"NewsArticle","@id":"https:\/\/radiolitoral.com\/2025\/05\/teulada-moraira-premiada-internacionalmente-por-su-compromiso-con-el-cambio-climatico\/#article","isPartOf":{"@id":"https:\/\/radiolitoral.com\/2025\/05\/teulada-moraira-premiada-internacionalmente-por-su-compromiso-con-el-cambio-climatico\/"},"author":{"name":"Redacci\u00f3n","@id":"https:\/\/radiolitoral.com\/#\/schema\/person\/96b739642eb3bedb532aac3812d23307"},"headline":"Teulada Moraira, premiada internacionalmente por su compromiso con el cambio clim\u00e1tico","datePublished":"2025-05-21T08:19:37+00:00","dateModified":"2025-05-21T08:19:43+00:00","mainEntityOfPage":{"@id":"https:\/\/radiolitoral.com\/2025\/05\/teulada-moraira-premiada-internacionalmente-por-su-compromiso-con-el-cambio-climatico\/"},"wordCount":501,"commentCount":0,"publisher":{"@id":"https:\/\/radiolitoral.com\/#organization"},"image":{"@id":"https:\/\/radiolitoral.com\/2025\/05\/teulada-moraira-premiada-internacionalmente-por-su-compromiso-con-el-cambio-climatico\/#primaryimage"},"thumbnailUrl":"https:\/\/media.radiolitoral.com\/wp-content\/uploads\/2025\/05\/21101828\/NOTA-DE-PRENSA-Teulada-Moraira-gana-el-3r-premio-internacional-del-Concurso-Buenas-Practicas-2025-en-la-categoria-Adaptacion-al-Cambio-Climatico-scaled.jpeg","keywords":["Banderas Azules","medioambiente","protecci\u00f3n medioambiental","Teulada-Moraira"],"articleSection":["Medioambiente"],"inLanguage":"ca","potentialAction":[{"@type":"CommentAction","name":"Comment","target":["https:\/\/radiolitoral.com\/2025\/05\/teulada-moraira-premiada-internacionalmente-por-su-compromiso-con-el-cambio-climatico\/#respond"]}]},{"@type":["WebPage","ItemPage"],"@id":"https:\/\/radiolitoral.com\/2025\/05\/teulada-moraira-premiada-internacionalmente-por-su-compromiso-con-el-cambio-climatico\/","url":"https:\/\/radiolitoral.com\/2025\/05\/teulada-moraira-premiada-internacionalmente-por-su-compromiso-con-el-cambio-climatico\/","name":"Teulada Moraira, premiada internacionalment pel comprom\u00eds amb el canvi clim\u00e0tic | R\u00e0dio Litoral","isPartOf":{"@id":"https:\/\/radiolitoral.com\/#website"},"primaryImageOfPage":{"@id":"https:\/\/radiolitoral.com\/2025\/05\/teulada-moraira-premiada-internacionalmente-por-su-compromiso-con-el-cambio-climatico\/#primaryimage"},"image":{"@id":"https:\/\/radiolitoral.com\/2025\/05\/teulada-moraira-premiada-internacionalmente-por-su-compromiso-con-el-cambio-climatico\/#primaryimage"},"thumbnailUrl":"https:\/\/media.radiolitoral.com\/wp-content\/uploads\/2025\/05\/21101828\/NOTA-DE-PRENSA-Teulada-Moraira-gana-el-3r-premio-internacional-del-Concurso-Buenas-Practicas-2025-en-la-categoria-Adaptacion-al-Cambio-Climatico-scaled.jpeg","datePublished":"2025-05-21T08:19:37+00:00","dateModified":"2025-05-21T08:19:43+00:00","description":"El municipi aconsegueix el tercer premi al Concurs Bones Pr\u00e0ctiques 2025","breadcrumb":{"@id":"https:\/\/radiolitoral.com\/2025\/05\/teulada-moraira-premiada-internacionalmente-por-su-compromiso-con-el-cambio-climatico\/#breadcrumb"},"inLanguage":"ca","potentialAction":[{"@type":"ReadAction","target":["https:\/\/radiolitoral.com\/2025\/05\/teulada-moraira-premiada-internacionalmente-por-su-compromiso-con-el-cambio-climatico\/"]}]},{"@type":"ImageObject","inLanguage":"ca","@id":"https:\/\/radiolitoral.com\/2025\/05\/teulada-moraira-premiada-internacionalmente-por-su-compromiso-con-el-cambio-climatico\/#primaryimage","url":"https:\/\/media.radiolitoral.com\/wp-content\/uploads\/2025\/05\/21101828\/NOTA-DE-PRENSA-Teulada-Moraira-gana-el-3r-premio-internacional-del-Concurso-Buenas-Practicas-2025-en-la-categoria-Adaptacion-al-Cambio-Climatico-scaled.jpeg","contentUrl":"https:\/\/media.radiolitoral.com\/wp-content\/uploads\/2025\/05\/21101828\/NOTA-DE-PRENSA-Teulada-Moraira-gana-el-3r-premio-internacional-del-Concurso-Buenas-Practicas-2025-en-la-categoria-Adaptacion-al-Cambio-Climatico-scaled.jpeg","width":2560,"height":1920},{"@type":"BreadcrumbList","@id":"https:\/\/radiolitoral.com\/2025\/05\/teulada-moraira-premiada-internacionalmente-por-su-compromiso-con-el-cambio-climatico\/#breadcrumb","itemListElement":[{"@type":"ListItem","position":1,"name":"Portada","item":"https:\/\/radiolitoral.com\/"},{"@type":"ListItem","position":2,"name":"Teulada Moraira, premiada internacionalmente por su compromiso con el cambio clim\u00e1tico"}]},{"@type":"WebSite","@id":"https:\/\/radiolitoral.com\/#website","url":"https:\/\/radiolitoral.com\/","name":"R\u00e0dio Litoral","description":"La r\u00e0dio local de la Marina Alta","publisher":{"@id":"https:\/\/radiolitoral.com\/#organization"},"alternateName":"Litoral FM","potentialAction":[{"@type":"SearchAction","target":{"@type":"EntryPoint","urlTemplate":"https:\/\/radiolitoral.com\/?s={search_term_string}"},"query-input":{"@type":"PropertyValueSpecification","valueRequired":true,"valueName":"search_term_string"}}],"inLanguage":"ca"},{"@type":"Organization","@id":"https:\/\/radiolitoral.com\/#organization","name":"R\u00e0dio Litoral","url":"https:\/\/radiolitoral.com\/","logo":{"@type":"ImageObject","inLanguage":"ca","@id":"https:\/\/radiolitoral.com\/#\/schema\/logo\/image\/","url":"https:\/\/media.radiolitoral.com\/wp-content\/uploads\/2023\/02\/24143238\/CL-V-RadioLitoral696.png","contentUrl":"https:\/\/media.radiolitoral.com\/wp-content\/uploads\/2023\/02\/24143238\/CL-V-RadioLitoral696.png","width":696,"height":696,"caption":"Radio Litoral"},"image":{"@id":"https:\/\/radiolitoral.com\/#\/schema\/logo\/image\/"},"sameAs":["https:\/\/www.facebook.com\/Laradiolitoral\/"]},{"@type":"Person","@id":"https:\/\/radiolitoral.com\/#\/schema\/person\/96b739642eb3bedb532aac3812d23307","name":"Redacci\u00f3","image":{"@type":"ImageObject","inLanguage":"ca","@id":"https:\/\/secure.gravatar.com\/avatar\/30cd06129ee90411dd9c7cbdcf17464181d1a3c7b072e92070ea75a25cf0097e?s=96&d=mm&r=g","url":"https:\/\/secure.gravatar.com\/avatar\/30cd06129ee90411dd9c7cbdcf17464181d1a3c7b072e92070ea75a25cf0097e?s=96&d=mm&r=g","contentUrl":"https:\/\/secure.gravatar.com\/avatar\/30cd06129ee90411dd9c7cbdcf17464181d1a3c7b072e92070ea75a25cf0097e?s=96&d=mm&r=g","caption":"Redacci\u00f3n"},"url":"https:\/\/radiolitoral.com\/ca\/author\/kevin-carrio\/"}]}},"_links":{"self":[{"href":"https:\/\/radiolitoral.com\/ca\/wp-json\/wp\/v2\/posts\/16858","targetHints":{"allow":["GET"]}}],"collection":[{"href":"https:\/\/radiolitoral.com\/ca\/wp-json\/wp\/v2\/posts"}],"about":[{"href":"https:\/\/radiolitoral.com\/ca\/wp-json\/wp\/v2\/types\/post"}],"author":[{"embeddable":true,"href":"https:\/\/radiolitoral.com\/ca\/wp-json\/wp\/v2\/users\/14"}],"replies":[{"embeddable":true,"href":"https:\/\/radiolitoral.com\/ca\/wp-json\/wp\/v2\/comments?post=16858"}],"version-history":[{"count":2,"href":"https:\/\/radiolitoral.com\/ca\/wp-json\/wp\/v2\/posts\/16858\/revisions"}],"predecessor-version":[{"id":16862,"href":"https:\/\/radiolitoral.com\/ca\/wp-json\/wp\/v2\/posts\/16858\/revisions\/16862"}],"wp:featuredmedia":[{"embeddable":true,"href":"https:\/\/radiolitoral.com\/ca\/wp-json\/wp\/v2\/media\/16859"}],"wp:attachment":[{"href":"https:\/\/radiolitoral.com\/ca\/wp-json\/wp\/v2\/media?parent=16858"}],"wp:term":[{"taxonomy":"category","embeddable":true,"href":"https:\/\/radiolitoral.com\/ca\/wp-json\/wp\/v2\/categories?post=16858"},{"taxonomy":"post_tag","embeddable":true,"href":"https:\/\/radiolitoral.com\/ca\/wp-json\/wp\/v2\/tags?post=16858"}],"curies":[{"name":"wp","href":"https:\/\/api.w.org\/{rel}","templated":true}]}}