{"id":16853,"date":"2025-05-21T08:01:46","date_gmt":"2025-05-21T06:01:46","guid":{"rendered":"https:\/\/radiolitoral.com\/?p=16853"},"modified":"2025-05-21T08:01:46","modified_gmt":"2025-05-21T06:01:46","slug":"triomf-del-cb-ifach-calp-davant-el-max-matalas-betera","status":"publish","type":"post","link":"https:\/\/radiolitoral.com\/ca\/2025\/05\/triunfo-del-cb-ifach-calpe-ante-el-max-colchon-betera\/","title":{"rendered":"Triomf del CB Ifach Calpe davant el Max Matal\u00e0s B\u00e9tera"},"content":{"rendered":"<p>El\u00a0<strong>CB Ifach Calp<\/strong>\u00a0va donar un cop d&#039;autoritat a la pista del\u00a0<strong>Max Matal\u00e0s CB B\u00e9tera<\/strong>\u00a0en imposar-se per\u00a0<strong>82-98<\/strong>\u00a0al partit d&#039;anada de la primera ronda del playoff, aconseguint una valuosa renda de 16 punts. En un duel exigent, l&#039;equip calp\u00ed va mostrar intel\u00b7lig\u00e8ncia, regularitat i profunditat de banqueta per imposar-se a un rival intens i amb talent individual.<\/p>\n<p>Des d&#039;un inici agressiu per part local, liderat per\u00a0<strong>Sergio P\u00e9rez<\/strong>\u00a0i\u00a0<strong>V\u00edctor Suesta<\/strong>, el CB Ifach Calpe es va assentar gr\u00e0cies a una defensa s\u00f2lida i transicions r\u00e0pides que van desgastar els locals. La superioritat f\u00edsica i t\u00e0ctica va ser decisiva: va dominar la pintura amb 56 punts interiors i es va imposar al rebot amb 64 captures davant de 50 del rival.<\/p>\n<p>Van destacar jugadors clau com\u00a0<strong>Antonio Alberto<\/strong>\u00a0(12 punts, 17 rebots),\u00a0<strong>Pol Granja<\/strong>\u00a0(18 punts, 7 rebots) i\u00a0<strong>Juanjo Crespo<\/strong>, autor de 21 punts amb un espectacular 9\/10 en tirs de dos i valoraci\u00f3 de 28. L&#039;equip va saber mantenir la calma davant un intent de remuntada de B\u00e9tera, segellant la vict\u00f2ria amb un parcial de 8-0 als minuts finals.<\/p>\n<p>Malgrat el resultat favorable, el CB Ifach Calpe mant\u00e9 els peus a terra i sap que B\u00e9tera ser\u00e0 un dur rival a la tornada, que es jugar\u00e0 al\u00a0<strong>pavell\u00f3 Domingo Crespo<\/strong>. Amb el suport de la seva afici\u00f3, els calpins confien a tancar l&#039;eliminat\u00f2ria i continuar avan\u00e7ant en l&#039;objectiu d&#039;ascens.<\/p>\n<p><script src=\"chrome-extension:\/\/flbolonkboilcbnohjlchlfgdalomdpl\/iFrame.js\" type=\"text\/javascript\"><\/script><\/p>","protected":false},"excerpt":{"rendered":"<p>El\u00a0CB Ifach Calpe\u00a0dio un golpe de autoridad en la pista del\u00a0Max Colch\u00f3n CB B\u00e9tera\u00a0al imponerse por\u00a082-98\u00a0en el partido de ida de la primera ronda del playoff, logrando una valiosa renta de 16 puntos. En un duelo exigente, el equipo calpino mostr\u00f3 inteligencia, regularidad y profundidad de banquillo para imponerse a un rival intenso y con [&#8230;]<\/p>\n<p><a class=\"btn btn-secondary understrap-read-more-link\" href=\"https:\/\/radiolitoral.com\/ca\/2025\/05\/triunfo-del-cb-ifach-calpe-ante-el-max-colchon-betera\/\">Continua llegint&#8230;<span class=\"screen-reader-text\"> from Triunfo del CB Ifach Calpe ante el Max Colch\u00f3n B\u00e9tera<\/span><\/a><\/p>\n","protected":false},"author":12,"featured_media":16854,"comment_status":"open","ping_status":"closed","sticky":false,"template":"","format":"standard","meta":{"_acf_changed":false,"inline_featured_image":false,"footnotes":""},"categories":[5],"tags":[4275,952,6,2082,4360,1328,4276,4361,4362],"class_list":["post-16853","post","type-post","status-publish","format-standard","has-post-thumbnail","hentry","category-deportes","tag-antonio-alberto","tag-cb-ifach-calpe","tag-deportes","tag-juanjo-crespo","tag-max-colchon-cb-betera","tag-pabellon-domingo-crespo","tag-pol-granja","tag-sergio-perez","tag-victor-suesta","cobertura-calp"],"acf":[],"yoast_head":"<!-- This site is optimized with the Yoast SEO plugin v27.5 - https:\/\/yoast.com\/product\/yoast-seo-wordpress\/ -->\n<title>Triunfo del CB Ifach Calpe ante el Max Colch\u00f3n B\u00e9tera | R\u00e0dio Litoral<\/title>\n<meta name=\"description\" content=\"Los calpinos se impusieron por 82 a 98 dejando encauzada la eliminatoria que tendr\u00e1 su vuelta el domingo en el pabell\u00f3n Domingo CrespoLos calpinos se impusieron por 82 a 98 dejando encauzada la eliminatoria que tendr\u00e1 su vuelta el domingo en el pabell\u00f3n Domingo Crespo\" \/>\n<meta name=\"robots\" content=\"index, follow, max-snippet:-1, max-image-preview:large, max-video-preview:-1\" \/>\n<link rel=\"canonical\" href=\"https:\/\/radiolitoral.com\/ca\/2025\/05\/triomf-del-cb-ifach-calp-davant-el-max-matalas-betera\/\" \/>\n<meta property=\"og:locale\" content=\"ca_ES\" \/>\n<meta property=\"og:type\" content=\"article\" \/>\n<meta property=\"og:title\" content=\"Triunfo del CB Ifach Calpe ante el Max Colch\u00f3n B\u00e9tera | R\u00e0dio Litoral\" \/>\n<meta property=\"og:description\" content=\"Los calpinos se impusieron por 82 a 98 dejando encauzada la eliminatoria que tendr\u00e1 su vuelta el domingo en el pabell\u00f3n Domingo CrespoLos calpinos se impusieron por 82 a 98 dejando encauzada la eliminatoria que tendr\u00e1 su vuelta el domingo en el pabell\u00f3n Domingo Crespo\" \/>\n<meta property=\"og:url\" content=\"https:\/\/radiolitoral.com\/ca\/2025\/05\/triomf-del-cb-ifach-calp-davant-el-max-matalas-betera\/\" \/>\n<meta property=\"og:site_name\" content=\"R\u00e0dio Litoral\" \/>\n<meta property=\"article:publisher\" content=\"https:\/\/www.facebook.com\/Laradiolitoral\/\" \/>\n<meta property=\"article:published_time\" content=\"2025-05-21T06:01:46+00:00\" \/>\n<meta property=\"og:image\" content=\"https:\/\/media.radiolitoral.com\/wp-content\/uploads\/2025\/05\/21080120\/CB-Ifach-Calpe-en-Betera.jpg\" \/>\n\t<meta property=\"og:image:width\" content=\"1024\" \/>\n\t<meta property=\"og:image:height\" content=\"623\" \/>\n\t<meta property=\"og:image:type\" content=\"image\/jpeg\" \/>\n<meta name=\"author\" content=\"Javier Zamora\" \/>\n<meta name=\"twitter:card\" content=\"summary_large_image\" \/>\n<meta name=\"twitter:label1\" content=\"Escrit per\" \/>\n\t<meta name=\"twitter:data1\" content=\"Javier Zamora\" \/>\n\t<meta name=\"twitter:label2\" content=\"Temps estimat de lectura\" \/>\n\t<meta name=\"twitter:data2\" content=\"2 minuts\" \/>\n<script type=\"application\/ld+json\" class=\"yoast-schema-graph\">{\"@context\":\"https:\\\/\\\/schema.org\",\"@graph\":[{\"@type\":\"NewsArticle\",\"@id\":\"https:\\\/\\\/radiolitoral.com\\\/2025\\\/05\\\/triunfo-del-cb-ifach-calpe-ante-el-max-colchon-betera\\\/#article\",\"isPartOf\":{\"@id\":\"https:\\\/\\\/radiolitoral.com\\\/2025\\\/05\\\/triunfo-del-cb-ifach-calpe-ante-el-max-colchon-betera\\\/\"},\"author\":{\"name\":\"Javier Zamora\",\"@id\":\"https:\\\/\\\/radiolitoral.com\\\/#\\\/schema\\\/person\\\/7b1480b5caeb5acdd4ec6379caf62b22\"},\"headline\":\"Triunfo del CB Ifach Calpe ante el Max Colch\u00f3n B\u00e9tera\",\"datePublished\":\"2025-05-21T06:01:46+00:00\",\"mainEntityOfPage\":{\"@id\":\"https:\\\/\\\/radiolitoral.com\\\/2025\\\/05\\\/triunfo-del-cb-ifach-calpe-ante-el-max-colchon-betera\\\/\"},\"wordCount\":253,\"commentCount\":0,\"publisher\":{\"@id\":\"https:\\\/\\\/radiolitoral.com\\\/#organization\"},\"image\":{\"@id\":\"https:\\\/\\\/radiolitoral.com\\\/2025\\\/05\\\/triunfo-del-cb-ifach-calpe-ante-el-max-colchon-betera\\\/#primaryimage\"},\"thumbnailUrl\":\"https:\\\/\\\/media.radiolitoral.com\\\/wp-content\\\/uploads\\\/2025\\\/05\\\/21080120\\\/CB-Ifach-Calpe-en-Betera.jpg\",\"keywords\":[\"Antonio Alberto\",\"CB Ifach Calpe\",\"deportes\",\"Juanjo\u00a0Crespo\",\"Max Colch\u00f3n CB B\u00e9tera\",\"Pabell\u00f3n Domingo Crespo\",\"Pol Granja\",\"Sergio P\u00e9rez\",\"V\u00edctor Suesta\"],\"articleSection\":[\"Deportes\"],\"inLanguage\":\"ca\",\"potentialAction\":[{\"@type\":\"CommentAction\",\"name\":\"Comment\",\"target\":[\"https:\\\/\\\/radiolitoral.com\\\/2025\\\/05\\\/triunfo-del-cb-ifach-calpe-ante-el-max-colchon-betera\\\/#respond\"]}]},{\"@type\":[\"WebPage\",\"ItemPage\"],\"@id\":\"https:\\\/\\\/radiolitoral.com\\\/2025\\\/05\\\/triunfo-del-cb-ifach-calpe-ante-el-max-colchon-betera\\\/\",\"url\":\"https:\\\/\\\/radiolitoral.com\\\/2025\\\/05\\\/triunfo-del-cb-ifach-calpe-ante-el-max-colchon-betera\\\/\",\"name\":\"Triunfo del CB Ifach Calpe ante el Max Colch\u00f3n B\u00e9tera | R\u00e0dio Litoral\",\"isPartOf\":{\"@id\":\"https:\\\/\\\/radiolitoral.com\\\/#website\"},\"primaryImageOfPage\":{\"@id\":\"https:\\\/\\\/radiolitoral.com\\\/2025\\\/05\\\/triunfo-del-cb-ifach-calpe-ante-el-max-colchon-betera\\\/#primaryimage\"},\"image\":{\"@id\":\"https:\\\/\\\/radiolitoral.com\\\/2025\\\/05\\\/triunfo-del-cb-ifach-calpe-ante-el-max-colchon-betera\\\/#primaryimage\"},\"thumbnailUrl\":\"https:\\\/\\\/media.radiolitoral.com\\\/wp-content\\\/uploads\\\/2025\\\/05\\\/21080120\\\/CB-Ifach-Calpe-en-Betera.jpg\",\"datePublished\":\"2025-05-21T06:01:46+00:00\",\"description\":\"Los calpinos se impusieron por 82 a 98 dejando encauzada la eliminatoria que tendr\u00e1 su vuelta el domingo en el pabell\u00f3n Domingo CrespoLos calpinos se impusieron por 82 a 98 dejando encauzada la eliminatoria que tendr\u00e1 su vuelta el domingo en el pabell\u00f3n Domingo Crespo\",\"breadcrumb\":{\"@id\":\"https:\\\/\\\/radiolitoral.com\\\/2025\\\/05\\\/triunfo-del-cb-ifach-calpe-ante-el-max-colchon-betera\\\/#breadcrumb\"},\"inLanguage\":\"ca\",\"potentialAction\":[{\"@type\":\"ReadAction\",\"target\":[\"https:\\\/\\\/radiolitoral.com\\\/2025\\\/05\\\/triunfo-del-cb-ifach-calpe-ante-el-max-colchon-betera\\\/\"]}]},{\"@type\":\"ImageObject\",\"inLanguage\":\"ca\",\"@id\":\"https:\\\/\\\/radiolitoral.com\\\/2025\\\/05\\\/triunfo-del-cb-ifach-calpe-ante-el-max-colchon-betera\\\/#primaryimage\",\"url\":\"https:\\\/\\\/media.radiolitoral.com\\\/wp-content\\\/uploads\\\/2025\\\/05\\\/21080120\\\/CB-Ifach-Calpe-en-Betera.jpg\",\"contentUrl\":\"https:\\\/\\\/media.radiolitoral.com\\\/wp-content\\\/uploads\\\/2025\\\/05\\\/21080120\\\/CB-Ifach-Calpe-en-Betera.jpg\",\"width\":1024,\"height\":623},{\"@type\":\"BreadcrumbList\",\"@id\":\"https:\\\/\\\/radiolitoral.com\\\/2025\\\/05\\\/triunfo-del-cb-ifach-calpe-ante-el-max-colchon-betera\\\/#breadcrumb\",\"itemListElement\":[{\"@type\":\"ListItem\",\"position\":1,\"name\":\"Portada\",\"item\":\"https:\\\/\\\/radiolitoral.com\\\/\"},{\"@type\":\"ListItem\",\"position\":2,\"name\":\"Triunfo del CB Ifach Calpe ante el Max Colch\u00f3n B\u00e9tera\"}]},{\"@type\":\"WebSite\",\"@id\":\"https:\\\/\\\/radiolitoral.com\\\/#website\",\"url\":\"https:\\\/\\\/radiolitoral.com\\\/\",\"name\":\"Radio Litoral\",\"description\":\"La radio local de la Marina Alta\",\"publisher\":{\"@id\":\"https:\\\/\\\/radiolitoral.com\\\/#organization\"},\"alternateName\":\"Litoral FM\",\"potentialAction\":[{\"@type\":\"SearchAction\",\"target\":{\"@type\":\"EntryPoint\",\"urlTemplate\":\"https:\\\/\\\/radiolitoral.com\\\/?s={search_term_string}\"},\"query-input\":{\"@type\":\"PropertyValueSpecification\",\"valueRequired\":true,\"valueName\":\"search_term_string\"}}],\"inLanguage\":\"ca\"},{\"@type\":\"Organization\",\"@id\":\"https:\\\/\\\/radiolitoral.com\\\/#organization\",\"name\":\"Radio Litoral\",\"url\":\"https:\\\/\\\/radiolitoral.com\\\/\",\"logo\":{\"@type\":\"ImageObject\",\"inLanguage\":\"ca\",\"@id\":\"https:\\\/\\\/radiolitoral.com\\\/#\\\/schema\\\/logo\\\/image\\\/\",\"url\":\"https:\\\/\\\/media.radiolitoral.com\\\/wp-content\\\/uploads\\\/2023\\\/02\\\/24143238\\\/CL-V-RadioLitoral696.png\",\"contentUrl\":\"https:\\\/\\\/media.radiolitoral.com\\\/wp-content\\\/uploads\\\/2023\\\/02\\\/24143238\\\/CL-V-RadioLitoral696.png\",\"width\":696,\"height\":696,\"caption\":\"Radio Litoral\"},\"image\":{\"@id\":\"https:\\\/\\\/radiolitoral.com\\\/#\\\/schema\\\/logo\\\/image\\\/\"},\"sameAs\":[\"https:\\\/\\\/www.facebook.com\\\/Laradiolitoral\\\/\"]},{\"@type\":\"Person\",\"@id\":\"https:\\\/\\\/radiolitoral.com\\\/#\\\/schema\\\/person\\\/7b1480b5caeb5acdd4ec6379caf62b22\",\"name\":\"Javier Zamora\",\"image\":{\"@type\":\"ImageObject\",\"inLanguage\":\"ca\",\"@id\":\"https:\\\/\\\/secure.gravatar.com\\\/avatar\\\/467a11f6918c7d619c4043fc6fa2d3853053107973f05b6e9c04ea6c4e3a7b3f?s=96&d=mm&r=g\",\"url\":\"https:\\\/\\\/secure.gravatar.com\\\/avatar\\\/467a11f6918c7d619c4043fc6fa2d3853053107973f05b6e9c04ea6c4e3a7b3f?s=96&d=mm&r=g\",\"contentUrl\":\"https:\\\/\\\/secure.gravatar.com\\\/avatar\\\/467a11f6918c7d619c4043fc6fa2d3853053107973f05b6e9c04ea6c4e3a7b3f?s=96&d=mm&r=g\",\"caption\":\"Javier Zamora\"},\"url\":\"https:\\\/\\\/radiolitoral.com\\\/ca\\\/author\\\/javier-zamora\\\/\"}]}<\/script>\n<!-- \/ Yoast SEO plugin. -->","yoast_head_json":{"title":"Triomf del CB Ifach Calpe davant el Max Matal\u00e0s B\u00e9tera | R\u00e0dio Litoral","description":"Els calpins es van imposar per 82 a 98 deixant canalitzada l&#039;eliminat\u00f2ria que tindr\u00e0 la seva tornada diumenge al pavell\u00f3 Domingo CrespoEls calpins es van imposar per 82 a 98 deixant canalitzada l&#039;eliminat\u00f2ria que tindr\u00e0 la tornada diumenge al pavell\u00f3 Domingo Crespo","robots":{"index":"index","follow":"follow","max-snippet":"max-snippet:-1","max-image-preview":"max-image-preview:large","max-video-preview":"max-video-preview:-1"},"canonical":"https:\/\/radiolitoral.com\/ca\/2025\/05\/triomf-del-cb-ifach-calp-davant-el-max-matalas-betera\/","og_locale":"ca_ES","og_type":"article","og_title":"Triunfo del CB Ifach Calpe ante el Max Colch\u00f3n B\u00e9tera | R\u00e0dio Litoral","og_description":"Los calpinos se impusieron por 82 a 98 dejando encauzada la eliminatoria que tendr\u00e1 su vuelta el domingo en el pabell\u00f3n Domingo CrespoLos calpinos se impusieron por 82 a 98 dejando encauzada la eliminatoria que tendr\u00e1 su vuelta el domingo en el pabell\u00f3n Domingo Crespo","og_url":"https:\/\/radiolitoral.com\/ca\/2025\/05\/triomf-del-cb-ifach-calp-davant-el-max-matalas-betera\/","og_site_name":"R\u00e0dio Litoral","article_publisher":"https:\/\/www.facebook.com\/Laradiolitoral\/","article_published_time":"2025-05-21T06:01:46+00:00","og_image":[{"width":1024,"height":623,"url":"https:\/\/media.radiolitoral.com\/wp-content\/uploads\/2025\/05\/21080120\/CB-Ifach-Calpe-en-Betera.jpg","type":"image\/jpeg"}],"author":"Javier Zamora","twitter_card":"summary_large_image","twitter_misc":{"Escrit per":"Javier Zamora","Temps estimat de lectura":"2 minuts"},"schema":{"@context":"https:\/\/schema.org","@graph":[{"@type":"NewsArticle","@id":"https:\/\/radiolitoral.com\/2025\/05\/triunfo-del-cb-ifach-calpe-ante-el-max-colchon-betera\/#article","isPartOf":{"@id":"https:\/\/radiolitoral.com\/2025\/05\/triunfo-del-cb-ifach-calpe-ante-el-max-colchon-betera\/"},"author":{"name":"Javier Zamora","@id":"https:\/\/radiolitoral.com\/#\/schema\/person\/7b1480b5caeb5acdd4ec6379caf62b22"},"headline":"Triunfo del CB Ifach Calpe ante el Max Colch\u00f3n B\u00e9tera","datePublished":"2025-05-21T06:01:46+00:00","mainEntityOfPage":{"@id":"https:\/\/radiolitoral.com\/2025\/05\/triunfo-del-cb-ifach-calpe-ante-el-max-colchon-betera\/"},"wordCount":253,"commentCount":0,"publisher":{"@id":"https:\/\/radiolitoral.com\/#organization"},"image":{"@id":"https:\/\/radiolitoral.com\/2025\/05\/triunfo-del-cb-ifach-calpe-ante-el-max-colchon-betera\/#primaryimage"},"thumbnailUrl":"https:\/\/media.radiolitoral.com\/wp-content\/uploads\/2025\/05\/21080120\/CB-Ifach-Calpe-en-Betera.jpg","keywords":["Antonio Alberto","CB Ifach Calpe","deportes","Juanjo\u00a0Crespo","Max Colch\u00f3n CB B\u00e9tera","Pabell\u00f3n Domingo Crespo","Pol Granja","Sergio P\u00e9rez","V\u00edctor Suesta"],"articleSection":["Deportes"],"inLanguage":"ca","potentialAction":[{"@type":"CommentAction","name":"Comment","target":["https:\/\/radiolitoral.com\/2025\/05\/triunfo-del-cb-ifach-calpe-ante-el-max-colchon-betera\/#respond"]}]},{"@type":["WebPage","ItemPage"],"@id":"https:\/\/radiolitoral.com\/2025\/05\/triunfo-del-cb-ifach-calpe-ante-el-max-colchon-betera\/","url":"https:\/\/radiolitoral.com\/2025\/05\/triunfo-del-cb-ifach-calpe-ante-el-max-colchon-betera\/","name":"Triomf del CB Ifach Calpe davant el Max Matal\u00e0s B\u00e9tera | R\u00e0dio Litoral","isPartOf":{"@id":"https:\/\/radiolitoral.com\/#website"},"primaryImageOfPage":{"@id":"https:\/\/radiolitoral.com\/2025\/05\/triunfo-del-cb-ifach-calpe-ante-el-max-colchon-betera\/#primaryimage"},"image":{"@id":"https:\/\/radiolitoral.com\/2025\/05\/triunfo-del-cb-ifach-calpe-ante-el-max-colchon-betera\/#primaryimage"},"thumbnailUrl":"https:\/\/media.radiolitoral.com\/wp-content\/uploads\/2025\/05\/21080120\/CB-Ifach-Calpe-en-Betera.jpg","datePublished":"2025-05-21T06:01:46+00:00","description":"Els calpins es van imposar per 82 a 98 deixant canalitzada l&#039;eliminat\u00f2ria que tindr\u00e0 la seva tornada diumenge al pavell\u00f3 Domingo CrespoEls calpins es van imposar per 82 a 98 deixant canalitzada l&#039;eliminat\u00f2ria que tindr\u00e0 la tornada diumenge al pavell\u00f3 Domingo Crespo","breadcrumb":{"@id":"https:\/\/radiolitoral.com\/2025\/05\/triunfo-del-cb-ifach-calpe-ante-el-max-colchon-betera\/#breadcrumb"},"inLanguage":"ca","potentialAction":[{"@type":"ReadAction","target":["https:\/\/radiolitoral.com\/2025\/05\/triunfo-del-cb-ifach-calpe-ante-el-max-colchon-betera\/"]}]},{"@type":"ImageObject","inLanguage":"ca","@id":"https:\/\/radiolitoral.com\/2025\/05\/triunfo-del-cb-ifach-calpe-ante-el-max-colchon-betera\/#primaryimage","url":"https:\/\/media.radiolitoral.com\/wp-content\/uploads\/2025\/05\/21080120\/CB-Ifach-Calpe-en-Betera.jpg","contentUrl":"https:\/\/media.radiolitoral.com\/wp-content\/uploads\/2025\/05\/21080120\/CB-Ifach-Calpe-en-Betera.jpg","width":1024,"height":623},{"@type":"BreadcrumbList","@id":"https:\/\/radiolitoral.com\/2025\/05\/triunfo-del-cb-ifach-calpe-ante-el-max-colchon-betera\/#breadcrumb","itemListElement":[{"@type":"ListItem","position":1,"name":"Portada","item":"https:\/\/radiolitoral.com\/"},{"@type":"ListItem","position":2,"name":"Triunfo del CB Ifach Calpe ante el Max Colch\u00f3n B\u00e9tera"}]},{"@type":"WebSite","@id":"https:\/\/radiolitoral.com\/#website","url":"https:\/\/radiolitoral.com\/","name":"R\u00e0dio Litoral","description":"La r\u00e0dio local de la Marina Alta","publisher":{"@id":"https:\/\/radiolitoral.com\/#organization"},"alternateName":"Litoral FM","potentialAction":[{"@type":"SearchAction","target":{"@type":"EntryPoint","urlTemplate":"https:\/\/radiolitoral.com\/?s={search_term_string}"},"query-input":{"@type":"PropertyValueSpecification","valueRequired":true,"valueName":"search_term_string"}}],"inLanguage":"ca"},{"@type":"Organization","@id":"https:\/\/radiolitoral.com\/#organization","name":"R\u00e0dio Litoral","url":"https:\/\/radiolitoral.com\/","logo":{"@type":"ImageObject","inLanguage":"ca","@id":"https:\/\/radiolitoral.com\/#\/schema\/logo\/image\/","url":"https:\/\/media.radiolitoral.com\/wp-content\/uploads\/2023\/02\/24143238\/CL-V-RadioLitoral696.png","contentUrl":"https:\/\/media.radiolitoral.com\/wp-content\/uploads\/2023\/02\/24143238\/CL-V-RadioLitoral696.png","width":696,"height":696,"caption":"Radio Litoral"},"image":{"@id":"https:\/\/radiolitoral.com\/#\/schema\/logo\/image\/"},"sameAs":["https:\/\/www.facebook.com\/Laradiolitoral\/"]},{"@type":"Person","@id":"https:\/\/radiolitoral.com\/#\/schema\/person\/7b1480b5caeb5acdd4ec6379caf62b22","name":"Javier Zamora","image":{"@type":"ImageObject","inLanguage":"ca","@id":"https:\/\/secure.gravatar.com\/avatar\/467a11f6918c7d619c4043fc6fa2d3853053107973f05b6e9c04ea6c4e3a7b3f?s=96&d=mm&r=g","url":"https:\/\/secure.gravatar.com\/avatar\/467a11f6918c7d619c4043fc6fa2d3853053107973f05b6e9c04ea6c4e3a7b3f?s=96&d=mm&r=g","contentUrl":"https:\/\/secure.gravatar.com\/avatar\/467a11f6918c7d619c4043fc6fa2d3853053107973f05b6e9c04ea6c4e3a7b3f?s=96&d=mm&r=g","caption":"Javier Zamora"},"url":"https:\/\/radiolitoral.com\/ca\/author\/javier-zamora\/"}]}},"_links":{"self":[{"href":"https:\/\/radiolitoral.com\/ca\/wp-json\/wp\/v2\/posts\/16853","targetHints":{"allow":["GET"]}}],"collection":[{"href":"https:\/\/radiolitoral.com\/ca\/wp-json\/wp\/v2\/posts"}],"about":[{"href":"https:\/\/radiolitoral.com\/ca\/wp-json\/wp\/v2\/types\/post"}],"author":[{"embeddable":true,"href":"https:\/\/radiolitoral.com\/ca\/wp-json\/wp\/v2\/users\/12"}],"replies":[{"embeddable":true,"href":"https:\/\/radiolitoral.com\/ca\/wp-json\/wp\/v2\/comments?post=16853"}],"version-history":[{"count":1,"href":"https:\/\/radiolitoral.com\/ca\/wp-json\/wp\/v2\/posts\/16853\/revisions"}],"predecessor-version":[{"id":16855,"href":"https:\/\/radiolitoral.com\/ca\/wp-json\/wp\/v2\/posts\/16853\/revisions\/16855"}],"wp:featuredmedia":[{"embeddable":true,"href":"https:\/\/radiolitoral.com\/ca\/wp-json\/wp\/v2\/media\/16854"}],"wp:attachment":[{"href":"https:\/\/radiolitoral.com\/ca\/wp-json\/wp\/v2\/media?parent=16853"}],"wp:term":[{"taxonomy":"category","embeddable":true,"href":"https:\/\/radiolitoral.com\/ca\/wp-json\/wp\/v2\/categories?post=16853"},{"taxonomy":"post_tag","embeddable":true,"href":"https:\/\/radiolitoral.com\/ca\/wp-json\/wp\/v2\/tags?post=16853"}],"curies":[{"name":"wp","href":"https:\/\/api.w.org\/{rel}","templated":true}]}}