{"id":1682,"date":"2023-03-27T18:19:21","date_gmt":"2023-03-27T16:19:21","guid":{"rendered":"https:\/\/radiolitoral.com\/?p=1682"},"modified":"2023-03-27T18:19:49","modified_gmt":"2023-03-27T16:19:49","slug":"chantal-giron-torna-a-la-politica-encapcalant-alternativa-teulada-moraira","status":"publish","type":"post","link":"https:\/\/radiolitoral.com\/ca\/2023\/03\/chantal-giron-vuelve-a-la-politica-encabezando-alternativa-teulada-moraira\/","title":{"rendered":"Chantal Gir\u00f3n torna a la pol\u00edtica encap\u00e7alant Alternativa Teulada Moraira"},"content":{"rendered":"<p>En clau de precampanya electoral, ens fixem en un nom propi, el de <strong>Chantal Gir\u00f3n<\/strong>, que torna a la pol\u00edtica local per encap\u00e7alar la <strong>candidatura d\u00b4un nou partit independent Alternativa Teulada Moraira<\/strong>. La que va ser regidora de l&#039;ajuntament de Teulada en anteriors legislatures ara es postula com a alcaldable de la m\u00e0 de l&#039;actual regidor no adscrita M\u00aa Jos\u00e9 Vidal dins aquest nou partit independent integrat a la Federaci\u00f3 de partits locals de la Comunitat Valenciana (FEPAL).<\/p>\n<p>Cal recordar que Gir\u00f3n \u00e9s una cara coneguda a la pol\u00edtica municipal, ja que va exercir com a regidor amb responsabilitats en diferents \u00e0rees de gesti\u00f3 quan Jos\u00e9 Ciscar ocupava l&#039;alcaldia del municipi. Va abandonar la pol\u00edtica en primera l\u00ednia despr\u00e9s de les m\u00faltiples desavinences amb els seus companys de files, primer a Ciutadans per Moraira i despr\u00e9s al PP.<\/p>\n<p>Chantal Gir\u00f3n \u00e9s Llicenciada en Enginyeria i amb un M\u00e0ster en Auditoria de Comptes. Actualment t\u00e9 un negoci propi a m\u00e9s d&#039;activitat a diferents sectors associatius de la localitat. En les seves pr\u00f2pies paraules \u00abEm presento amb el sentiment que aquest poble necessita avan\u00e7ar, transformar-se i mirar un futur que pot ser il\u00b7lusionant amb feina, esfor\u00e7 i dedicaci\u00f3. Sento que Teulada Moraira ha entrat en un bucle temporal on el temps no passa, hem d&#039;avan\u00e7ar i ampliar els nostres objectius, reptes i expectatives adaptant-nos a la idiosincr\u00e0sia del nostre municipi. Ho tenim tot per ser un lloc meravell\u00f3s on viure, nom\u00e9s ens falta gestionar-ho\u00bb<\/p>\n<p><strong>Alternativa Teulada Moraira presentar\u00e0 les properes setmanes el seu programa i l&#039;equip al complet<\/strong>, des de la formaci\u00f3 ja han avan\u00e7at que entre les seves files hi ha perfils molt diferents que agrupen i representen molts sectors del municipi amb diverses sensibilitats socials i pol\u00edtiques.<\/p>","protected":false},"excerpt":{"rendered":"<p>En clave de precampa\u00f1a electoral, nos fijamos en un nombre propio, el de Chantal Gir\u00f3n, que vuelve a la pol\u00edtica local para encabezar la candidatura de un nuevo partido independiente Alternativa Teulada Moraira. La que fue concejala del ayuntamiento de Teulada en anteriores legislaturas ahora se postula como alcaldable de la mano de la actual [&#8230;]<\/p>\n<p><a class=\"btn btn-secondary understrap-read-more-link\" href=\"https:\/\/radiolitoral.com\/ca\/2023\/03\/chantal-giron-vuelve-a-la-politica-encabezando-alternativa-teulada-moraira\/\">Continua llegint&#8230;<span class=\"screen-reader-text\"> from Chantal Gir\u00f3n vuelve a la pol\u00edtica encabezando Alternativa Teulada Moraira<\/span><\/a><\/p>\n","protected":false},"author":13,"featured_media":1683,"comment_status":"open","ping_status":"closed","sticky":false,"template":"","format":"standard","meta":{"_acf_changed":false,"inline_featured_image":false,"footnotes":""},"categories":[13],"tags":[346,345,161,14,344],"class_list":["post-1682","post","type-post","status-publish","format-standard","has-post-thumbnail","hentry","category-politica","tag-alternativa-teulada-moraira","tag-chantal-giron","tag-elecciones-2023","tag-elecciones-municipales","tag-politica-teulada","cobertura-teulada-moraira"],"acf":[],"yoast_head":"<!-- This site is optimized with the Yoast SEO plugin v27.5 - https:\/\/yoast.com\/product\/yoast-seo-wordpress\/ -->\n<title>Chantal Gir\u00f3n vuelve a la pol\u00edtica encabezando Alternativa Teulada Moraira | R\u00e0dio Litoral<\/title>\n<meta name=\"description\" content=\"En las pr\u00f3ximas semanas presentar\u00e1 su programa y el equipo al completo\" \/>\n<meta name=\"robots\" content=\"index, follow, max-snippet:-1, max-image-preview:large, max-video-preview:-1\" \/>\n<link rel=\"canonical\" href=\"https:\/\/radiolitoral.com\/ca\/2023\/03\/chantal-giron-torna-a-la-politica-encapcalant-alternativa-teulada-moraira\/\" \/>\n<meta property=\"og:locale\" content=\"ca_ES\" \/>\n<meta property=\"og:type\" content=\"article\" \/>\n<meta property=\"og:title\" content=\"Chantal Gir\u00f3n vuelve a la pol\u00edtica encabezando Alternativa Teulada Moraira | R\u00e0dio Litoral\" \/>\n<meta property=\"og:description\" content=\"En las pr\u00f3ximas semanas presentar\u00e1 su programa y el equipo al completo\" \/>\n<meta property=\"og:url\" content=\"https:\/\/radiolitoral.com\/ca\/2023\/03\/chantal-giron-torna-a-la-politica-encapcalant-alternativa-teulada-moraira\/\" \/>\n<meta property=\"og:site_name\" content=\"R\u00e0dio Litoral\" \/>\n<meta property=\"article:publisher\" content=\"https:\/\/www.facebook.com\/Laradiolitoral\/\" \/>\n<meta property=\"article:published_time\" content=\"2023-03-27T16:19:21+00:00\" \/>\n<meta property=\"article:modified_time\" content=\"2023-03-27T16:19:49+00:00\" \/>\n<meta property=\"og:image\" content=\"https:\/\/media.radiolitoral.com\/wp-content\/uploads\/2023\/03\/27181913\/chantal.jpg\" \/>\n\t<meta property=\"og:image:width\" content=\"1200\" \/>\n\t<meta property=\"og:image:height\" content=\"1022\" \/>\n\t<meta property=\"og:image:type\" content=\"image\/jpeg\" \/>\n<meta name=\"author\" content=\"Redacci\u00f3n\" \/>\n<meta name=\"twitter:card\" content=\"summary_large_image\" \/>\n<meta name=\"twitter:label1\" content=\"Escrit per\" \/>\n\t<meta name=\"twitter:data1\" content=\"Redacci\u00f3n\" \/>\n\t<meta name=\"twitter:label2\" content=\"Temps estimat de lectura\" \/>\n\t<meta name=\"twitter:data2\" content=\"2 minuts\" \/>\n<script type=\"application\/ld+json\" class=\"yoast-schema-graph\">{\"@context\":\"https:\\\/\\\/schema.org\",\"@graph\":[{\"@type\":\"NewsArticle\",\"@id\":\"https:\\\/\\\/radiolitoral.com\\\/2023\\\/03\\\/chantal-giron-vuelve-a-la-politica-encabezando-alternativa-teulada-moraira\\\/#article\",\"isPartOf\":{\"@id\":\"https:\\\/\\\/radiolitoral.com\\\/2023\\\/03\\\/chantal-giron-vuelve-a-la-politica-encabezando-alternativa-teulada-moraira\\\/\"},\"author\":{\"name\":\"Redacci\u00f3n\",\"@id\":\"https:\\\/\\\/radiolitoral.com\\\/#\\\/schema\\\/person\\\/f2b2343c49b5d721857cc1002bfdb151\"},\"headline\":\"Chantal Gir\u00f3n vuelve a la pol\u00edtica encabezando Alternativa Teulada Moraira\",\"datePublished\":\"2023-03-27T16:19:21+00:00\",\"dateModified\":\"2023-03-27T16:19:49+00:00\",\"mainEntityOfPage\":{\"@id\":\"https:\\\/\\\/radiolitoral.com\\\/2023\\\/03\\\/chantal-giron-vuelve-a-la-politica-encabezando-alternativa-teulada-moraira\\\/\"},\"wordCount\":319,\"commentCount\":0,\"publisher\":{\"@id\":\"https:\\\/\\\/radiolitoral.com\\\/#organization\"},\"image\":{\"@id\":\"https:\\\/\\\/radiolitoral.com\\\/2023\\\/03\\\/chantal-giron-vuelve-a-la-politica-encabezando-alternativa-teulada-moraira\\\/#primaryimage\"},\"thumbnailUrl\":\"https:\\\/\\\/media.radiolitoral.com\\\/wp-content\\\/uploads\\\/2023\\\/03\\\/27181913\\\/chantal.jpg\",\"keywords\":[\"Alternativa Teulada Moraira\",\"Chantal Gir\u00f3n\",\"elecciones 2023\",\"Elecciones municipales\",\"pol\u00edtica Teulada\"],\"articleSection\":[\"Pol\u00edtica\"],\"inLanguage\":\"ca\",\"potentialAction\":[{\"@type\":\"CommentAction\",\"name\":\"Comment\",\"target\":[\"https:\\\/\\\/radiolitoral.com\\\/2023\\\/03\\\/chantal-giron-vuelve-a-la-politica-encabezando-alternativa-teulada-moraira\\\/#respond\"]}]},{\"@type\":[\"WebPage\",\"ItemPage\"],\"@id\":\"https:\\\/\\\/radiolitoral.com\\\/2023\\\/03\\\/chantal-giron-vuelve-a-la-politica-encabezando-alternativa-teulada-moraira\\\/\",\"url\":\"https:\\\/\\\/radiolitoral.com\\\/2023\\\/03\\\/chantal-giron-vuelve-a-la-politica-encabezando-alternativa-teulada-moraira\\\/\",\"name\":\"Chantal Gir\u00f3n vuelve a la pol\u00edtica encabezando Alternativa Teulada Moraira | R\u00e0dio Litoral\",\"isPartOf\":{\"@id\":\"https:\\\/\\\/radiolitoral.com\\\/#website\"},\"primaryImageOfPage\":{\"@id\":\"https:\\\/\\\/radiolitoral.com\\\/2023\\\/03\\\/chantal-giron-vuelve-a-la-politica-encabezando-alternativa-teulada-moraira\\\/#primaryimage\"},\"image\":{\"@id\":\"https:\\\/\\\/radiolitoral.com\\\/2023\\\/03\\\/chantal-giron-vuelve-a-la-politica-encabezando-alternativa-teulada-moraira\\\/#primaryimage\"},\"thumbnailUrl\":\"https:\\\/\\\/media.radiolitoral.com\\\/wp-content\\\/uploads\\\/2023\\\/03\\\/27181913\\\/chantal.jpg\",\"datePublished\":\"2023-03-27T16:19:21+00:00\",\"dateModified\":\"2023-03-27T16:19:49+00:00\",\"description\":\"En las pr\u00f3ximas semanas presentar\u00e1 su programa y el equipo al completo\",\"breadcrumb\":{\"@id\":\"https:\\\/\\\/radiolitoral.com\\\/2023\\\/03\\\/chantal-giron-vuelve-a-la-politica-encabezando-alternativa-teulada-moraira\\\/#breadcrumb\"},\"inLanguage\":\"ca\",\"potentialAction\":[{\"@type\":\"ReadAction\",\"target\":[\"https:\\\/\\\/radiolitoral.com\\\/2023\\\/03\\\/chantal-giron-vuelve-a-la-politica-encabezando-alternativa-teulada-moraira\\\/\"]}]},{\"@type\":\"ImageObject\",\"inLanguage\":\"ca\",\"@id\":\"https:\\\/\\\/radiolitoral.com\\\/2023\\\/03\\\/chantal-giron-vuelve-a-la-politica-encabezando-alternativa-teulada-moraira\\\/#primaryimage\",\"url\":\"https:\\\/\\\/media.radiolitoral.com\\\/wp-content\\\/uploads\\\/2023\\\/03\\\/27181913\\\/chantal.jpg\",\"contentUrl\":\"https:\\\/\\\/media.radiolitoral.com\\\/wp-content\\\/uploads\\\/2023\\\/03\\\/27181913\\\/chantal.jpg\",\"width\":1200,\"height\":1022},{\"@type\":\"BreadcrumbList\",\"@id\":\"https:\\\/\\\/radiolitoral.com\\\/2023\\\/03\\\/chantal-giron-vuelve-a-la-politica-encabezando-alternativa-teulada-moraira\\\/#breadcrumb\",\"itemListElement\":[{\"@type\":\"ListItem\",\"position\":1,\"name\":\"Portada\",\"item\":\"https:\\\/\\\/radiolitoral.com\\\/\"},{\"@type\":\"ListItem\",\"position\":2,\"name\":\"Chantal Gir\u00f3n vuelve a la pol\u00edtica encabezando Alternativa Teulada Moraira\"}]},{\"@type\":\"WebSite\",\"@id\":\"https:\\\/\\\/radiolitoral.com\\\/#website\",\"url\":\"https:\\\/\\\/radiolitoral.com\\\/\",\"name\":\"Radio Litoral\",\"description\":\"La radio local de la Marina Alta\",\"publisher\":{\"@id\":\"https:\\\/\\\/radiolitoral.com\\\/#organization\"},\"alternateName\":\"Litoral FM\",\"potentialAction\":[{\"@type\":\"SearchAction\",\"target\":{\"@type\":\"EntryPoint\",\"urlTemplate\":\"https:\\\/\\\/radiolitoral.com\\\/?s={search_term_string}\"},\"query-input\":{\"@type\":\"PropertyValueSpecification\",\"valueRequired\":true,\"valueName\":\"search_term_string\"}}],\"inLanguage\":\"ca\"},{\"@type\":\"Organization\",\"@id\":\"https:\\\/\\\/radiolitoral.com\\\/#organization\",\"name\":\"Radio Litoral\",\"url\":\"https:\\\/\\\/radiolitoral.com\\\/\",\"logo\":{\"@type\":\"ImageObject\",\"inLanguage\":\"ca\",\"@id\":\"https:\\\/\\\/radiolitoral.com\\\/#\\\/schema\\\/logo\\\/image\\\/\",\"url\":\"https:\\\/\\\/media.radiolitoral.com\\\/wp-content\\\/uploads\\\/2023\\\/02\\\/24143238\\\/CL-V-RadioLitoral696.png\",\"contentUrl\":\"https:\\\/\\\/media.radiolitoral.com\\\/wp-content\\\/uploads\\\/2023\\\/02\\\/24143238\\\/CL-V-RadioLitoral696.png\",\"width\":696,\"height\":696,\"caption\":\"Radio Litoral\"},\"image\":{\"@id\":\"https:\\\/\\\/radiolitoral.com\\\/#\\\/schema\\\/logo\\\/image\\\/\"},\"sameAs\":[\"https:\\\/\\\/www.facebook.com\\\/Laradiolitoral\\\/\"]},{\"@type\":\"Person\",\"@id\":\"https:\\\/\\\/radiolitoral.com\\\/#\\\/schema\\\/person\\\/f2b2343c49b5d721857cc1002bfdb151\",\"name\":\"Redacci\u00f3n\",\"image\":{\"@type\":\"ImageObject\",\"inLanguage\":\"ca\",\"@id\":\"https:\\\/\\\/secure.gravatar.com\\\/avatar\\\/f771d896c203ad8b3382d7905cfcce5a5c9b008b84b3cd9114e9b9f4cb63f789?s=96&d=mm&r=g\",\"url\":\"https:\\\/\\\/secure.gravatar.com\\\/avatar\\\/f771d896c203ad8b3382d7905cfcce5a5c9b008b84b3cd9114e9b9f4cb63f789?s=96&d=mm&r=g\",\"contentUrl\":\"https:\\\/\\\/secure.gravatar.com\\\/avatar\\\/f771d896c203ad8b3382d7905cfcce5a5c9b008b84b3cd9114e9b9f4cb63f789?s=96&d=mm&r=g\",\"caption\":\"Redacci\u00f3n\"},\"url\":\"https:\\\/\\\/radiolitoral.com\\\/ca\\\/author\\\/miriam-pagan\\\/\"}]}<\/script>\n<!-- \/ Yoast SEO plugin. -->","yoast_head_json":{"title":"Chantal Gir\u00f3n torna a la pol\u00edtica encap\u00e7alant Alternativa Teulada Moraira | R\u00e0dio Litoral","description":"En les properes setmanes presentar\u00e0 el vostre programa i l&#039;equip al complet","robots":{"index":"index","follow":"follow","max-snippet":"max-snippet:-1","max-image-preview":"max-image-preview:large","max-video-preview":"max-video-preview:-1"},"canonical":"https:\/\/radiolitoral.com\/ca\/2023\/03\/chantal-giron-torna-a-la-politica-encapcalant-alternativa-teulada-moraira\/","og_locale":"ca_ES","og_type":"article","og_title":"Chantal Gir\u00f3n vuelve a la pol\u00edtica encabezando Alternativa Teulada Moraira | R\u00e0dio Litoral","og_description":"En las pr\u00f3ximas semanas presentar\u00e1 su programa y el equipo al completo","og_url":"https:\/\/radiolitoral.com\/ca\/2023\/03\/chantal-giron-torna-a-la-politica-encapcalant-alternativa-teulada-moraira\/","og_site_name":"R\u00e0dio Litoral","article_publisher":"https:\/\/www.facebook.com\/Laradiolitoral\/","article_published_time":"2023-03-27T16:19:21+00:00","article_modified_time":"2023-03-27T16:19:49+00:00","og_image":[{"width":1200,"height":1022,"url":"https:\/\/media.radiolitoral.com\/wp-content\/uploads\/2023\/03\/27181913\/chantal.jpg","type":"image\/jpeg"}],"author":"Redacci\u00f3n","twitter_card":"summary_large_image","twitter_misc":{"Escrit per":"Redacci\u00f3n","Temps estimat de lectura":"2 minuts"},"schema":{"@context":"https:\/\/schema.org","@graph":[{"@type":"NewsArticle","@id":"https:\/\/radiolitoral.com\/2023\/03\/chantal-giron-vuelve-a-la-politica-encabezando-alternativa-teulada-moraira\/#article","isPartOf":{"@id":"https:\/\/radiolitoral.com\/2023\/03\/chantal-giron-vuelve-a-la-politica-encabezando-alternativa-teulada-moraira\/"},"author":{"name":"Redacci\u00f3n","@id":"https:\/\/radiolitoral.com\/#\/schema\/person\/f2b2343c49b5d721857cc1002bfdb151"},"headline":"Chantal Gir\u00f3n vuelve a la pol\u00edtica encabezando Alternativa Teulada Moraira","datePublished":"2023-03-27T16:19:21+00:00","dateModified":"2023-03-27T16:19:49+00:00","mainEntityOfPage":{"@id":"https:\/\/radiolitoral.com\/2023\/03\/chantal-giron-vuelve-a-la-politica-encabezando-alternativa-teulada-moraira\/"},"wordCount":319,"commentCount":0,"publisher":{"@id":"https:\/\/radiolitoral.com\/#organization"},"image":{"@id":"https:\/\/radiolitoral.com\/2023\/03\/chantal-giron-vuelve-a-la-politica-encabezando-alternativa-teulada-moraira\/#primaryimage"},"thumbnailUrl":"https:\/\/media.radiolitoral.com\/wp-content\/uploads\/2023\/03\/27181913\/chantal.jpg","keywords":["Alternativa Teulada Moraira","Chantal Gir\u00f3n","elecciones 2023","Elecciones municipales","pol\u00edtica Teulada"],"articleSection":["Pol\u00edtica"],"inLanguage":"ca","potentialAction":[{"@type":"CommentAction","name":"Comment","target":["https:\/\/radiolitoral.com\/2023\/03\/chantal-giron-vuelve-a-la-politica-encabezando-alternativa-teulada-moraira\/#respond"]}]},{"@type":["WebPage","ItemPage"],"@id":"https:\/\/radiolitoral.com\/2023\/03\/chantal-giron-vuelve-a-la-politica-encabezando-alternativa-teulada-moraira\/","url":"https:\/\/radiolitoral.com\/2023\/03\/chantal-giron-vuelve-a-la-politica-encabezando-alternativa-teulada-moraira\/","name":"Chantal Gir\u00f3n torna a la pol\u00edtica encap\u00e7alant Alternativa Teulada Moraira | R\u00e0dio Litoral","isPartOf":{"@id":"https:\/\/radiolitoral.com\/#website"},"primaryImageOfPage":{"@id":"https:\/\/radiolitoral.com\/2023\/03\/chantal-giron-vuelve-a-la-politica-encabezando-alternativa-teulada-moraira\/#primaryimage"},"image":{"@id":"https:\/\/radiolitoral.com\/2023\/03\/chantal-giron-vuelve-a-la-politica-encabezando-alternativa-teulada-moraira\/#primaryimage"},"thumbnailUrl":"https:\/\/media.radiolitoral.com\/wp-content\/uploads\/2023\/03\/27181913\/chantal.jpg","datePublished":"2023-03-27T16:19:21+00:00","dateModified":"2023-03-27T16:19:49+00:00","description":"En les properes setmanes presentar\u00e0 el vostre programa i l&#039;equip al complet","breadcrumb":{"@id":"https:\/\/radiolitoral.com\/2023\/03\/chantal-giron-vuelve-a-la-politica-encabezando-alternativa-teulada-moraira\/#breadcrumb"},"inLanguage":"ca","potentialAction":[{"@type":"ReadAction","target":["https:\/\/radiolitoral.com\/2023\/03\/chantal-giron-vuelve-a-la-politica-encabezando-alternativa-teulada-moraira\/"]}]},{"@type":"ImageObject","inLanguage":"ca","@id":"https:\/\/radiolitoral.com\/2023\/03\/chantal-giron-vuelve-a-la-politica-encabezando-alternativa-teulada-moraira\/#primaryimage","url":"https:\/\/media.radiolitoral.com\/wp-content\/uploads\/2023\/03\/27181913\/chantal.jpg","contentUrl":"https:\/\/media.radiolitoral.com\/wp-content\/uploads\/2023\/03\/27181913\/chantal.jpg","width":1200,"height":1022},{"@type":"BreadcrumbList","@id":"https:\/\/radiolitoral.com\/2023\/03\/chantal-giron-vuelve-a-la-politica-encabezando-alternativa-teulada-moraira\/#breadcrumb","itemListElement":[{"@type":"ListItem","position":1,"name":"Portada","item":"https:\/\/radiolitoral.com\/"},{"@type":"ListItem","position":2,"name":"Chantal Gir\u00f3n vuelve a la pol\u00edtica encabezando Alternativa Teulada Moraira"}]},{"@type":"WebSite","@id":"https:\/\/radiolitoral.com\/#website","url":"https:\/\/radiolitoral.com\/","name":"R\u00e0dio Litoral","description":"La r\u00e0dio local de la Marina Alta","publisher":{"@id":"https:\/\/radiolitoral.com\/#organization"},"alternateName":"Litoral FM","potentialAction":[{"@type":"SearchAction","target":{"@type":"EntryPoint","urlTemplate":"https:\/\/radiolitoral.com\/?s={search_term_string}"},"query-input":{"@type":"PropertyValueSpecification","valueRequired":true,"valueName":"search_term_string"}}],"inLanguage":"ca"},{"@type":"Organization","@id":"https:\/\/radiolitoral.com\/#organization","name":"R\u00e0dio Litoral","url":"https:\/\/radiolitoral.com\/","logo":{"@type":"ImageObject","inLanguage":"ca","@id":"https:\/\/radiolitoral.com\/#\/schema\/logo\/image\/","url":"https:\/\/media.radiolitoral.com\/wp-content\/uploads\/2023\/02\/24143238\/CL-V-RadioLitoral696.png","contentUrl":"https:\/\/media.radiolitoral.com\/wp-content\/uploads\/2023\/02\/24143238\/CL-V-RadioLitoral696.png","width":696,"height":696,"caption":"Radio Litoral"},"image":{"@id":"https:\/\/radiolitoral.com\/#\/schema\/logo\/image\/"},"sameAs":["https:\/\/www.facebook.com\/Laradiolitoral\/"]},{"@type":"Person","@id":"https:\/\/radiolitoral.com\/#\/schema\/person\/f2b2343c49b5d721857cc1002bfdb151","name":"Redacci\u00f3","image":{"@type":"ImageObject","inLanguage":"ca","@id":"https:\/\/secure.gravatar.com\/avatar\/f771d896c203ad8b3382d7905cfcce5a5c9b008b84b3cd9114e9b9f4cb63f789?s=96&d=mm&r=g","url":"https:\/\/secure.gravatar.com\/avatar\/f771d896c203ad8b3382d7905cfcce5a5c9b008b84b3cd9114e9b9f4cb63f789?s=96&d=mm&r=g","contentUrl":"https:\/\/secure.gravatar.com\/avatar\/f771d896c203ad8b3382d7905cfcce5a5c9b008b84b3cd9114e9b9f4cb63f789?s=96&d=mm&r=g","caption":"Redacci\u00f3n"},"url":"https:\/\/radiolitoral.com\/ca\/author\/miriam-pagan\/"}]}},"_links":{"self":[{"href":"https:\/\/radiolitoral.com\/ca\/wp-json\/wp\/v2\/posts\/1682","targetHints":{"allow":["GET"]}}],"collection":[{"href":"https:\/\/radiolitoral.com\/ca\/wp-json\/wp\/v2\/posts"}],"about":[{"href":"https:\/\/radiolitoral.com\/ca\/wp-json\/wp\/v2\/types\/post"}],"author":[{"embeddable":true,"href":"https:\/\/radiolitoral.com\/ca\/wp-json\/wp\/v2\/users\/13"}],"replies":[{"embeddable":true,"href":"https:\/\/radiolitoral.com\/ca\/wp-json\/wp\/v2\/comments?post=1682"}],"version-history":[{"count":1,"href":"https:\/\/radiolitoral.com\/ca\/wp-json\/wp\/v2\/posts\/1682\/revisions"}],"predecessor-version":[{"id":1684,"href":"https:\/\/radiolitoral.com\/ca\/wp-json\/wp\/v2\/posts\/1682\/revisions\/1684"}],"wp:featuredmedia":[{"embeddable":true,"href":"https:\/\/radiolitoral.com\/ca\/wp-json\/wp\/v2\/media\/1683"}],"wp:attachment":[{"href":"https:\/\/radiolitoral.com\/ca\/wp-json\/wp\/v2\/media?parent=1682"}],"wp:term":[{"taxonomy":"category","embeddable":true,"href":"https:\/\/radiolitoral.com\/ca\/wp-json\/wp\/v2\/categories?post=1682"},{"taxonomy":"post_tag","embeddable":true,"href":"https:\/\/radiolitoral.com\/ca\/wp-json\/wp\/v2\/tags?post=1682"}],"curies":[{"name":"wp","href":"https:\/\/api.w.org\/{rel}","templated":true}]}}