{"id":16815,"date":"2025-05-19T11:04:27","date_gmt":"2025-05-19T09:04:27","guid":{"rendered":"https:\/\/radiolitoral.com\/?p=16815"},"modified":"2025-05-19T11:13:29","modified_gmt":"2025-05-19T09:13:29","slug":"jaume-fullana-son-la-millor-manera-de-mostrar-a-les-families-el-model-descola-que-estem-defensant","status":"publish","type":"post","link":"https:\/\/radiolitoral.com\/ca\/2025\/05\/jaume-fullana-son-la-mejor-forma-para-mostrar-a-las-familias-el-modelo-de-escuela-que-estamos-defendiendo\/","title":{"rendered":"Jaume Fullana: &quot;S\u00f3n la millor manera de mostrar a les fam\u00edlies el model d&#039;escola que estem defensant&quot;"},"content":{"rendered":"<p>Aquest mat\u00ed a <strong>El Primer Caf\u00e8<\/strong> de R\u00e0dio Litoral hem parlat de<strong> Les Tobades d&#039;Escoles a Valenci\u00e0 2025<\/strong> a la Marina Alta. Convocat\u00f2ria que tindr\u00e0 lloc aquest dissabte, 24 de maig, a <strong>El R\u00e0fol d&#039;Almunia<\/strong>. Per\u00f2, abans, com a antesala d&#039;aquesta cita l\u00fadica i reivindicativa, les Cases del Batlle de <strong>Benissa<\/strong> acullen, aquest dimecres i dijous, 21 i 22 de maig<strong>, Les Jornades Formatives<\/strong> organitzades tamb\u00e9 per la<strong> CAPPEV i Escola Valenciana<\/strong>. De tot aix\u00f2 hem parlat amb <strong>Jaume Fullana, representant de la CAPPEV, i Estefania Rovira, alcaldessa<\/strong> de la poblaci\u00f3 amfitriona de la 37 Trobada d&#039;Escoles a Valenci\u00e0.<\/p>\n<p>Una convocat\u00f2ria que arriba en un moment m\u00e9s que necessari, amb l&#039;objectiu de treure al carrer i mostrar a les fam\u00edlies un model d&#039;escola acollidora, no segregadora, amb la qual es poden aconseguir unes bones compet\u00e8ncies en les dues lleng\u00fces oficials a la Comunitat Valenciana de tot l&#039;alumnat. Una Trobada que aquest 2025 es presenta amb el lema \u201cEn valenci\u00e0, lliures i amb orgull\u201d.<\/p>\n<p>La cita \u00e9s dissabte, per\u00f2 abans, Benissa acull les Jornades Formatives sota el lema \u201cBastim respostes, passem a l&#039;acci\u00f3\u201d. En aquesta trobada es posar\u00e0 sobre la taula l&#039;actual situaci\u00f3 a qu\u00e8 s&#039;enfronta el valenci\u00e0 a l&#039;escola. Hi participar\u00e0 el Sindicat d&#039;Estudiants, s&#039;hi inclou una pon\u00e8ncia de Gerard Furest i una trobada d&#039;escriptors i escriptores de la Marina Alta.<\/p>\n<p>Ja dissabte s&#039;espera una intensa jornada l\u00fadica i reivindicativa que prendr\u00e0 com a escenari els carrers i les places del R\u00e0fol. El municipi s&#039;ha bolcat completament en aquesta convocat\u00f2ria que inclou al seu programa des d&#039;una exposici\u00f3, \u201cRafol en festes\u201d, passant per la recuperaci\u00f3 dels Tradijocs, el concert dels Ramonets, la tradicional cercavila dels centres educatius participants i els tallers, actuacions d&#039;associacions de la comarca i els concerts de la Gira, amb Buhos, Naina i Sa Pena, per tancar la jornada.<\/p>\n<p>Podeu tornar a escoltar l&#039;entrevista aqu\u00ed.<\/p>\n<audio class=\"wp-audio-shortcode\" id=\"audio-16815-1\" preload=\"none\" style=\"width: 100%;\" controls=\"controls\"><source type=\"audio\/mpeg\" src=\"https:\/\/media.radiolitoral.com\/wp-content\/uploads\/2025\/05\/19105824\/Primer-Cafe-Trobada-Escoles.mp3?_=1\" \/><a href=\"https:\/\/media.radiolitoral.com\/wp-content\/uploads\/2025\/05\/19105824\/Primer-Cafe-Trobada-Escoles.mp3\">https:\/\/media.radiolitoral.com\/wp-content\/uploads\/2025\/05\/19105824\/Primer-Cafe-Trobada-Escoles.mp3<\/a><\/audio>","protected":false},"excerpt":{"rendered":"<p>Esta ma\u00f1ana en El Primer Caf\u00e9 de Radio Litoral hemos hablado de Les Tobades d\u2019Escoles en Valenci\u00e0 2025 a la Marina Alta. Convocatoria que tendr\u00e1 lugar este s\u00e1bado, 24 de mayo, en El R\u00e0fol d\u2019Almunia. Pero, antes, como antesala de esta cita l\u00fadica y reivindicativa, les Cases del Batlle de Benissa acogen, este mi\u00e9rcoles y [&#8230;]<\/p>\n<p><a class=\"btn btn-secondary understrap-read-more-link\" href=\"https:\/\/radiolitoral.com\/ca\/2025\/05\/jaume-fullana-son-la-mejor-forma-para-mostrar-a-las-familias-el-modelo-de-escuela-que-estamos-defendiendo\/\">Continua llegint&#8230;<span class=\"screen-reader-text\"> from Jaume Fullana: \u201cSon la mejor forma para mostrar a las familias el modelo de escuela que estamos defendiendo\u201d<\/span><\/a><\/p>\n","protected":false},"author":13,"featured_media":16817,"comment_status":"open","ping_status":"closed","sticky":false,"template":"","format":"standard","meta":{"_acf_changed":false,"inline_featured_image":false,"footnotes":""},"categories":[130,2753],"tags":[4346,4344,4349,4348,4347,4345,2312,262],"class_list":["post-16815","post","type-post","status-publish","format-standard","has-post-thumbnail","hentry","category-educacion","category-entrevistas","tag-cappev-marina-alta","tag-defensa-del-valencia","tag-escuelas","tag-estefania-rovira","tag-jaume-fullana","tag-jornades-formatives","tag-primer-cafe","tag-trobada-descoles-en-valencia","cobertura-benissa","cobertura-marina-alta"],"acf":[],"yoast_head":"<!-- This site is optimized with the Yoast SEO plugin v27.5 - https:\/\/yoast.com\/product\/yoast-seo-wordpress\/ -->\n<title>Jaume Fullana: \u201cSon la mejor forma para mostrar a las familias el modelo de escuela que estamos defendiendo\u201d | R\u00e0dio Litoral<\/title>\n<meta name=\"description\" content=\"La Marina Alta celebra esta semana la Trobada d\u2019Escoles en Valenci\u00e0 en El R\u00e0fol y las Jornades Formatives 2025 en Benissa\" \/>\n<meta name=\"robots\" content=\"index, follow, max-snippet:-1, max-image-preview:large, max-video-preview:-1\" \/>\n<link rel=\"canonical\" href=\"https:\/\/radiolitoral.com\/ca\/2025\/05\/jaume-fullana-son-la-millor-manera-de-mostrar-a-les-families-el-model-descola-que-estem-defensant\/\" \/>\n<meta property=\"og:locale\" content=\"ca_ES\" \/>\n<meta property=\"og:type\" content=\"article\" \/>\n<meta property=\"og:title\" content=\"Jaume Fullana: \u201cSon la mejor forma para mostrar a las familias el modelo de escuela que estamos defendiendo\u201d | R\u00e0dio Litoral\" \/>\n<meta property=\"og:description\" content=\"La Marina Alta celebra esta semana la Trobada d\u2019Escoles en Valenci\u00e0 en El R\u00e0fol y las Jornades Formatives 2025 en Benissa\" \/>\n<meta property=\"og:url\" content=\"https:\/\/radiolitoral.com\/ca\/2025\/05\/jaume-fullana-son-la-millor-manera-de-mostrar-a-les-families-el-model-descola-que-estem-defensant\/\" \/>\n<meta property=\"og:site_name\" content=\"R\u00e0dio Litoral\" \/>\n<meta property=\"article:publisher\" content=\"https:\/\/www.facebook.com\/Laradiolitoral\/\" \/>\n<meta property=\"article:published_time\" content=\"2025-05-19T09:04:27+00:00\" \/>\n<meta property=\"article:modified_time\" content=\"2025-05-19T09:13:29+00:00\" \/>\n<meta property=\"og:image\" content=\"https:\/\/media.radiolitoral.com\/wp-content\/uploads\/2025\/05\/19110009\/Jaume-i-Estefania-Trobades-Primer-Cafe.jpg\" \/>\n\t<meta property=\"og:image:width\" content=\"2000\" \/>\n\t<meta property=\"og:image:height\" content=\"1500\" \/>\n\t<meta property=\"og:image:type\" content=\"image\/jpeg\" \/>\n<meta name=\"author\" content=\"Redacci\u00f3n\" \/>\n<meta name=\"twitter:card\" content=\"summary_large_image\" \/>\n<meta name=\"twitter:label1\" content=\"Escrit per\" \/>\n\t<meta name=\"twitter:data1\" content=\"Redacci\u00f3n\" \/>\n\t<meta name=\"twitter:label2\" content=\"Temps estimat de lectura\" \/>\n\t<meta name=\"twitter:data2\" content=\"2 minuts\" \/>\n<script type=\"application\/ld+json\" class=\"yoast-schema-graph\">{\"@context\":\"https:\\\/\\\/schema.org\",\"@graph\":[{\"@type\":\"NewsArticle\",\"@id\":\"https:\\\/\\\/radiolitoral.com\\\/2025\\\/05\\\/jaume-fullana-son-la-mejor-forma-para-mostrar-a-las-familias-el-modelo-de-escuela-que-estamos-defendiendo\\\/#article\",\"isPartOf\":{\"@id\":\"https:\\\/\\\/radiolitoral.com\\\/2025\\\/05\\\/jaume-fullana-son-la-mejor-forma-para-mostrar-a-las-familias-el-modelo-de-escuela-que-estamos-defendiendo\\\/\"},\"author\":{\"name\":\"Redacci\u00f3n\",\"@id\":\"https:\\\/\\\/radiolitoral.com\\\/#\\\/schema\\\/person\\\/f2b2343c49b5d721857cc1002bfdb151\"},\"headline\":\"Jaume Fullana: \u201cSon la mejor forma para mostrar a las familias el modelo de escuela que estamos defendiendo\u201d\",\"datePublished\":\"2025-05-19T09:04:27+00:00\",\"dateModified\":\"2025-05-19T09:13:29+00:00\",\"mainEntityOfPage\":{\"@id\":\"https:\\\/\\\/radiolitoral.com\\\/2025\\\/05\\\/jaume-fullana-son-la-mejor-forma-para-mostrar-a-las-familias-el-modelo-de-escuela-que-estamos-defendiendo\\\/\"},\"wordCount\":368,\"commentCount\":0,\"publisher\":{\"@id\":\"https:\\\/\\\/radiolitoral.com\\\/#organization\"},\"image\":{\"@id\":\"https:\\\/\\\/radiolitoral.com\\\/2025\\\/05\\\/jaume-fullana-son-la-mejor-forma-para-mostrar-a-las-familias-el-modelo-de-escuela-que-estamos-defendiendo\\\/#primaryimage\"},\"thumbnailUrl\":\"https:\\\/\\\/media.radiolitoral.com\\\/wp-content\\\/uploads\\\/2025\\\/05\\\/19110009\\\/Jaume-i-Estefania-Trobades-Primer-Cafe.jpg\",\"keywords\":[\"CAPPEV Marina Alta\",\"defensa del valenci\u00e0\",\"Escuelas\",\"Estefania Rovira\",\"Jaume Fullana\",\"Jornades Formatives\",\"Primer Caf\u00e9\",\"Trobada d\u2019Escoles en Valenci\u00e0\"],\"articleSection\":[\"Educaci\u00f3n\",\"Entrevistas\"],\"inLanguage\":\"ca\",\"potentialAction\":[{\"@type\":\"CommentAction\",\"name\":\"Comment\",\"target\":[\"https:\\\/\\\/radiolitoral.com\\\/2025\\\/05\\\/jaume-fullana-son-la-mejor-forma-para-mostrar-a-las-familias-el-modelo-de-escuela-que-estamos-defendiendo\\\/#respond\"]}]},{\"@type\":[\"WebPage\",\"ItemPage\"],\"@id\":\"https:\\\/\\\/radiolitoral.com\\\/2025\\\/05\\\/jaume-fullana-son-la-mejor-forma-para-mostrar-a-las-familias-el-modelo-de-escuela-que-estamos-defendiendo\\\/\",\"url\":\"https:\\\/\\\/radiolitoral.com\\\/2025\\\/05\\\/jaume-fullana-son-la-mejor-forma-para-mostrar-a-las-familias-el-modelo-de-escuela-que-estamos-defendiendo\\\/\",\"name\":\"Jaume Fullana: \u201cSon la mejor forma para mostrar a las familias el modelo de escuela que estamos defendiendo\u201d | R\u00e0dio Litoral\",\"isPartOf\":{\"@id\":\"https:\\\/\\\/radiolitoral.com\\\/#website\"},\"primaryImageOfPage\":{\"@id\":\"https:\\\/\\\/radiolitoral.com\\\/2025\\\/05\\\/jaume-fullana-son-la-mejor-forma-para-mostrar-a-las-familias-el-modelo-de-escuela-que-estamos-defendiendo\\\/#primaryimage\"},\"image\":{\"@id\":\"https:\\\/\\\/radiolitoral.com\\\/2025\\\/05\\\/jaume-fullana-son-la-mejor-forma-para-mostrar-a-las-familias-el-modelo-de-escuela-que-estamos-defendiendo\\\/#primaryimage\"},\"thumbnailUrl\":\"https:\\\/\\\/media.radiolitoral.com\\\/wp-content\\\/uploads\\\/2025\\\/05\\\/19110009\\\/Jaume-i-Estefania-Trobades-Primer-Cafe.jpg\",\"datePublished\":\"2025-05-19T09:04:27+00:00\",\"dateModified\":\"2025-05-19T09:13:29+00:00\",\"description\":\"La Marina Alta celebra esta semana la Trobada d\u2019Escoles en Valenci\u00e0 en El R\u00e0fol y las Jornades Formatives 2025 en Benissa\",\"breadcrumb\":{\"@id\":\"https:\\\/\\\/radiolitoral.com\\\/2025\\\/05\\\/jaume-fullana-son-la-mejor-forma-para-mostrar-a-las-familias-el-modelo-de-escuela-que-estamos-defendiendo\\\/#breadcrumb\"},\"inLanguage\":\"ca\",\"potentialAction\":[{\"@type\":\"ReadAction\",\"target\":[\"https:\\\/\\\/radiolitoral.com\\\/2025\\\/05\\\/jaume-fullana-son-la-mejor-forma-para-mostrar-a-las-familias-el-modelo-de-escuela-que-estamos-defendiendo\\\/\"]}]},{\"@type\":\"ImageObject\",\"inLanguage\":\"ca\",\"@id\":\"https:\\\/\\\/radiolitoral.com\\\/2025\\\/05\\\/jaume-fullana-son-la-mejor-forma-para-mostrar-a-las-familias-el-modelo-de-escuela-que-estamos-defendiendo\\\/#primaryimage\",\"url\":\"https:\\\/\\\/media.radiolitoral.com\\\/wp-content\\\/uploads\\\/2025\\\/05\\\/19110009\\\/Jaume-i-Estefania-Trobades-Primer-Cafe.jpg\",\"contentUrl\":\"https:\\\/\\\/media.radiolitoral.com\\\/wp-content\\\/uploads\\\/2025\\\/05\\\/19110009\\\/Jaume-i-Estefania-Trobades-Primer-Cafe.jpg\",\"width\":2000,\"height\":1500},{\"@type\":\"BreadcrumbList\",\"@id\":\"https:\\\/\\\/radiolitoral.com\\\/2025\\\/05\\\/jaume-fullana-son-la-mejor-forma-para-mostrar-a-las-familias-el-modelo-de-escuela-que-estamos-defendiendo\\\/#breadcrumb\",\"itemListElement\":[{\"@type\":\"ListItem\",\"position\":1,\"name\":\"Portada\",\"item\":\"https:\\\/\\\/radiolitoral.com\\\/\"},{\"@type\":\"ListItem\",\"position\":2,\"name\":\"Jaume Fullana: \u201cSon la mejor forma para mostrar a las familias el modelo de escuela que estamos defendiendo\u201d\"}]},{\"@type\":\"WebSite\",\"@id\":\"https:\\\/\\\/radiolitoral.com\\\/#website\",\"url\":\"https:\\\/\\\/radiolitoral.com\\\/\",\"name\":\"Radio Litoral\",\"description\":\"La radio local de la Marina Alta\",\"publisher\":{\"@id\":\"https:\\\/\\\/radiolitoral.com\\\/#organization\"},\"alternateName\":\"Litoral FM\",\"potentialAction\":[{\"@type\":\"SearchAction\",\"target\":{\"@type\":\"EntryPoint\",\"urlTemplate\":\"https:\\\/\\\/radiolitoral.com\\\/?s={search_term_string}\"},\"query-input\":{\"@type\":\"PropertyValueSpecification\",\"valueRequired\":true,\"valueName\":\"search_term_string\"}}],\"inLanguage\":\"ca\"},{\"@type\":\"Organization\",\"@id\":\"https:\\\/\\\/radiolitoral.com\\\/#organization\",\"name\":\"Radio Litoral\",\"url\":\"https:\\\/\\\/radiolitoral.com\\\/\",\"logo\":{\"@type\":\"ImageObject\",\"inLanguage\":\"ca\",\"@id\":\"https:\\\/\\\/radiolitoral.com\\\/#\\\/schema\\\/logo\\\/image\\\/\",\"url\":\"https:\\\/\\\/media.radiolitoral.com\\\/wp-content\\\/uploads\\\/2023\\\/02\\\/24143238\\\/CL-V-RadioLitoral696.png\",\"contentUrl\":\"https:\\\/\\\/media.radiolitoral.com\\\/wp-content\\\/uploads\\\/2023\\\/02\\\/24143238\\\/CL-V-RadioLitoral696.png\",\"width\":696,\"height\":696,\"caption\":\"Radio Litoral\"},\"image\":{\"@id\":\"https:\\\/\\\/radiolitoral.com\\\/#\\\/schema\\\/logo\\\/image\\\/\"},\"sameAs\":[\"https:\\\/\\\/www.facebook.com\\\/Laradiolitoral\\\/\"]},{\"@type\":\"Person\",\"@id\":\"https:\\\/\\\/radiolitoral.com\\\/#\\\/schema\\\/person\\\/f2b2343c49b5d721857cc1002bfdb151\",\"name\":\"Redacci\u00f3n\",\"image\":{\"@type\":\"ImageObject\",\"inLanguage\":\"ca\",\"@id\":\"https:\\\/\\\/secure.gravatar.com\\\/avatar\\\/f771d896c203ad8b3382d7905cfcce5a5c9b008b84b3cd9114e9b9f4cb63f789?s=96&d=mm&r=g\",\"url\":\"https:\\\/\\\/secure.gravatar.com\\\/avatar\\\/f771d896c203ad8b3382d7905cfcce5a5c9b008b84b3cd9114e9b9f4cb63f789?s=96&d=mm&r=g\",\"contentUrl\":\"https:\\\/\\\/secure.gravatar.com\\\/avatar\\\/f771d896c203ad8b3382d7905cfcce5a5c9b008b84b3cd9114e9b9f4cb63f789?s=96&d=mm&r=g\",\"caption\":\"Redacci\u00f3n\"},\"url\":\"https:\\\/\\\/radiolitoral.com\\\/ca\\\/author\\\/miriam-pagan\\\/\"}]}<\/script>\n<!-- \/ Yoast SEO plugin. -->","yoast_head_json":{"title":"Jaume Fullana: &quot;S\u00f3n la millor manera de mostrar a les fam\u00edlies el model d&#039;escola que estem defensant&quot; |","description":"La Marina Alta celebra aquesta setmana la Trobada d&#039;Escoles a Valenci\u00e0 al R\u00e0fol i les Jornades Formatives 2025 a Benissa","robots":{"index":"index","follow":"follow","max-snippet":"max-snippet:-1","max-image-preview":"max-image-preview:large","max-video-preview":"max-video-preview:-1"},"canonical":"https:\/\/radiolitoral.com\/ca\/2025\/05\/jaume-fullana-son-la-millor-manera-de-mostrar-a-les-families-el-model-descola-que-estem-defensant\/","og_locale":"ca_ES","og_type":"article","og_title":"Jaume Fullana: \u201cSon la mejor forma para mostrar a las familias el modelo de escuela que estamos defendiendo\u201d | R\u00e0dio Litoral","og_description":"La Marina Alta celebra esta semana la Trobada d\u2019Escoles en Valenci\u00e0 en El R\u00e0fol y las Jornades Formatives 2025 en Benissa","og_url":"https:\/\/radiolitoral.com\/ca\/2025\/05\/jaume-fullana-son-la-millor-manera-de-mostrar-a-les-families-el-model-descola-que-estem-defensant\/","og_site_name":"R\u00e0dio Litoral","article_publisher":"https:\/\/www.facebook.com\/Laradiolitoral\/","article_published_time":"2025-05-19T09:04:27+00:00","article_modified_time":"2025-05-19T09:13:29+00:00","og_image":[{"width":2000,"height":1500,"url":"https:\/\/media.radiolitoral.com\/wp-content\/uploads\/2025\/05\/19110009\/Jaume-i-Estefania-Trobades-Primer-Cafe.jpg","type":"image\/jpeg"}],"author":"Redacci\u00f3n","twitter_card":"summary_large_image","twitter_misc":{"Escrit per":"Redacci\u00f3n","Temps estimat de lectura":"2 minuts"},"schema":{"@context":"https:\/\/schema.org","@graph":[{"@type":"NewsArticle","@id":"https:\/\/radiolitoral.com\/2025\/05\/jaume-fullana-son-la-mejor-forma-para-mostrar-a-las-familias-el-modelo-de-escuela-que-estamos-defendiendo\/#article","isPartOf":{"@id":"https:\/\/radiolitoral.com\/2025\/05\/jaume-fullana-son-la-mejor-forma-para-mostrar-a-las-familias-el-modelo-de-escuela-que-estamos-defendiendo\/"},"author":{"name":"Redacci\u00f3n","@id":"https:\/\/radiolitoral.com\/#\/schema\/person\/f2b2343c49b5d721857cc1002bfdb151"},"headline":"Jaume Fullana: \u201cSon la mejor forma para mostrar a las familias el modelo de escuela que estamos defendiendo\u201d","datePublished":"2025-05-19T09:04:27+00:00","dateModified":"2025-05-19T09:13:29+00:00","mainEntityOfPage":{"@id":"https:\/\/radiolitoral.com\/2025\/05\/jaume-fullana-son-la-mejor-forma-para-mostrar-a-las-familias-el-modelo-de-escuela-que-estamos-defendiendo\/"},"wordCount":368,"commentCount":0,"publisher":{"@id":"https:\/\/radiolitoral.com\/#organization"},"image":{"@id":"https:\/\/radiolitoral.com\/2025\/05\/jaume-fullana-son-la-mejor-forma-para-mostrar-a-las-familias-el-modelo-de-escuela-que-estamos-defendiendo\/#primaryimage"},"thumbnailUrl":"https:\/\/media.radiolitoral.com\/wp-content\/uploads\/2025\/05\/19110009\/Jaume-i-Estefania-Trobades-Primer-Cafe.jpg","keywords":["CAPPEV Marina Alta","defensa del valenci\u00e0","Escuelas","Estefania Rovira","Jaume Fullana","Jornades Formatives","Primer Caf\u00e9","Trobada d\u2019Escoles en Valenci\u00e0"],"articleSection":["Educaci\u00f3n","Entrevistas"],"inLanguage":"ca","potentialAction":[{"@type":"CommentAction","name":"Comment","target":["https:\/\/radiolitoral.com\/2025\/05\/jaume-fullana-son-la-mejor-forma-para-mostrar-a-las-familias-el-modelo-de-escuela-que-estamos-defendiendo\/#respond"]}]},{"@type":["WebPage","ItemPage"],"@id":"https:\/\/radiolitoral.com\/2025\/05\/jaume-fullana-son-la-mejor-forma-para-mostrar-a-las-familias-el-modelo-de-escuela-que-estamos-defendiendo\/","url":"https:\/\/radiolitoral.com\/2025\/05\/jaume-fullana-son-la-mejor-forma-para-mostrar-a-las-familias-el-modelo-de-escuela-que-estamos-defendiendo\/","name":"Jaume Fullana: &quot;S\u00f3n la millor manera de mostrar a les fam\u00edlies el model d&#039;escola que estem defensant&quot; |","isPartOf":{"@id":"https:\/\/radiolitoral.com\/#website"},"primaryImageOfPage":{"@id":"https:\/\/radiolitoral.com\/2025\/05\/jaume-fullana-son-la-mejor-forma-para-mostrar-a-las-familias-el-modelo-de-escuela-que-estamos-defendiendo\/#primaryimage"},"image":{"@id":"https:\/\/radiolitoral.com\/2025\/05\/jaume-fullana-son-la-mejor-forma-para-mostrar-a-las-familias-el-modelo-de-escuela-que-estamos-defendiendo\/#primaryimage"},"thumbnailUrl":"https:\/\/media.radiolitoral.com\/wp-content\/uploads\/2025\/05\/19110009\/Jaume-i-Estefania-Trobades-Primer-Cafe.jpg","datePublished":"2025-05-19T09:04:27+00:00","dateModified":"2025-05-19T09:13:29+00:00","description":"La Marina Alta celebra aquesta setmana la Trobada d&#039;Escoles a Valenci\u00e0 al R\u00e0fol i les Jornades Formatives 2025 a Benissa","breadcrumb":{"@id":"https:\/\/radiolitoral.com\/2025\/05\/jaume-fullana-son-la-mejor-forma-para-mostrar-a-las-familias-el-modelo-de-escuela-que-estamos-defendiendo\/#breadcrumb"},"inLanguage":"ca","potentialAction":[{"@type":"ReadAction","target":["https:\/\/radiolitoral.com\/2025\/05\/jaume-fullana-son-la-mejor-forma-para-mostrar-a-las-familias-el-modelo-de-escuela-que-estamos-defendiendo\/"]}]},{"@type":"ImageObject","inLanguage":"ca","@id":"https:\/\/radiolitoral.com\/2025\/05\/jaume-fullana-son-la-mejor-forma-para-mostrar-a-las-familias-el-modelo-de-escuela-que-estamos-defendiendo\/#primaryimage","url":"https:\/\/media.radiolitoral.com\/wp-content\/uploads\/2025\/05\/19110009\/Jaume-i-Estefania-Trobades-Primer-Cafe.jpg","contentUrl":"https:\/\/media.radiolitoral.com\/wp-content\/uploads\/2025\/05\/19110009\/Jaume-i-Estefania-Trobades-Primer-Cafe.jpg","width":2000,"height":1500},{"@type":"BreadcrumbList","@id":"https:\/\/radiolitoral.com\/2025\/05\/jaume-fullana-son-la-mejor-forma-para-mostrar-a-las-familias-el-modelo-de-escuela-que-estamos-defendiendo\/#breadcrumb","itemListElement":[{"@type":"ListItem","position":1,"name":"Portada","item":"https:\/\/radiolitoral.com\/"},{"@type":"ListItem","position":2,"name":"Jaume Fullana: \u201cSon la mejor forma para mostrar a las familias el modelo de escuela que estamos defendiendo\u201d"}]},{"@type":"WebSite","@id":"https:\/\/radiolitoral.com\/#website","url":"https:\/\/radiolitoral.com\/","name":"R\u00e0dio Litoral","description":"La r\u00e0dio local de la Marina Alta","publisher":{"@id":"https:\/\/radiolitoral.com\/#organization"},"alternateName":"Litoral FM","potentialAction":[{"@type":"SearchAction","target":{"@type":"EntryPoint","urlTemplate":"https:\/\/radiolitoral.com\/?s={search_term_string}"},"query-input":{"@type":"PropertyValueSpecification","valueRequired":true,"valueName":"search_term_string"}}],"inLanguage":"ca"},{"@type":"Organization","@id":"https:\/\/radiolitoral.com\/#organization","name":"R\u00e0dio Litoral","url":"https:\/\/radiolitoral.com\/","logo":{"@type":"ImageObject","inLanguage":"ca","@id":"https:\/\/radiolitoral.com\/#\/schema\/logo\/image\/","url":"https:\/\/media.radiolitoral.com\/wp-content\/uploads\/2023\/02\/24143238\/CL-V-RadioLitoral696.png","contentUrl":"https:\/\/media.radiolitoral.com\/wp-content\/uploads\/2023\/02\/24143238\/CL-V-RadioLitoral696.png","width":696,"height":696,"caption":"Radio Litoral"},"image":{"@id":"https:\/\/radiolitoral.com\/#\/schema\/logo\/image\/"},"sameAs":["https:\/\/www.facebook.com\/Laradiolitoral\/"]},{"@type":"Person","@id":"https:\/\/radiolitoral.com\/#\/schema\/person\/f2b2343c49b5d721857cc1002bfdb151","name":"Redacci\u00f3","image":{"@type":"ImageObject","inLanguage":"ca","@id":"https:\/\/secure.gravatar.com\/avatar\/f771d896c203ad8b3382d7905cfcce5a5c9b008b84b3cd9114e9b9f4cb63f789?s=96&d=mm&r=g","url":"https:\/\/secure.gravatar.com\/avatar\/f771d896c203ad8b3382d7905cfcce5a5c9b008b84b3cd9114e9b9f4cb63f789?s=96&d=mm&r=g","contentUrl":"https:\/\/secure.gravatar.com\/avatar\/f771d896c203ad8b3382d7905cfcce5a5c9b008b84b3cd9114e9b9f4cb63f789?s=96&d=mm&r=g","caption":"Redacci\u00f3n"},"url":"https:\/\/radiolitoral.com\/ca\/author\/miriam-pagan\/"}]}},"_links":{"self":[{"href":"https:\/\/radiolitoral.com\/ca\/wp-json\/wp\/v2\/posts\/16815","targetHints":{"allow":["GET"]}}],"collection":[{"href":"https:\/\/radiolitoral.com\/ca\/wp-json\/wp\/v2\/posts"}],"about":[{"href":"https:\/\/radiolitoral.com\/ca\/wp-json\/wp\/v2\/types\/post"}],"author":[{"embeddable":true,"href":"https:\/\/radiolitoral.com\/ca\/wp-json\/wp\/v2\/users\/13"}],"replies":[{"embeddable":true,"href":"https:\/\/radiolitoral.com\/ca\/wp-json\/wp\/v2\/comments?post=16815"}],"version-history":[{"count":5,"href":"https:\/\/radiolitoral.com\/ca\/wp-json\/wp\/v2\/posts\/16815\/revisions"}],"predecessor-version":[{"id":16823,"href":"https:\/\/radiolitoral.com\/ca\/wp-json\/wp\/v2\/posts\/16815\/revisions\/16823"}],"wp:featuredmedia":[{"embeddable":true,"href":"https:\/\/radiolitoral.com\/ca\/wp-json\/wp\/v2\/media\/16817"}],"wp:attachment":[{"href":"https:\/\/radiolitoral.com\/ca\/wp-json\/wp\/v2\/media?parent=16815"}],"wp:term":[{"taxonomy":"category","embeddable":true,"href":"https:\/\/radiolitoral.com\/ca\/wp-json\/wp\/v2\/categories?post=16815"},{"taxonomy":"post_tag","embeddable":true,"href":"https:\/\/radiolitoral.com\/ca\/wp-json\/wp\/v2\/tags?post=16815"}],"curies":[{"name":"wp","href":"https:\/\/api.w.org\/{rel}","templated":true}]}}