{"id":16779,"date":"2025-05-16T10:21:28","date_gmt":"2025-05-16T08:21:28","guid":{"rendered":"https:\/\/radiolitoral.com\/?p=16779"},"modified":"2025-05-16T10:21:28","modified_gmt":"2025-05-16T08:21:28","slug":"jorge-pascual-apropar-als-nostres-veins-concerts-que-no-estem-acostumats-a-veure-si-no-busques-ofertes-fora-i-a-mes-aqui-son-gratuits","status":"publish","type":"post","link":"https:\/\/radiolitoral.com\/ca\/2025\/05\/jorge-pascual-acercar-a-nuestros-vecinos-conciertos-que-no-estamos-acostumbrados-a-ver-si-no-buscas-ofertas-fuera-y-ademas-aqui-son-gratuitos\/","title":{"rendered":"Jorge Pascual: \u201cApropar als nostres ve\u00efns concerts que no estem acostumats a veure, si no busques ofertes fora, ia m\u00e9s aqu\u00ed s\u00f3n gratu\u00efts\u201d"},"content":{"rendered":"<p>Al <strong>Primer Caf\u00e8<\/strong> de <strong>R\u00e0dio Litoral<\/strong> hem tancat setmana amb m\u00fasica, mirant al <strong>Poble Nou de Benitatxell<\/strong>, municipi que dedica aquests mesos al <strong>cicle de concerts Primavera Musical<\/strong>. Hem compartit temps de r\u00e0dio amb el <strong>regidor de Cultura, Jorge Pascual,<\/strong> que ens ha parlat de l&#039;actuaci\u00f3 programada per aquest diumenge i de la prevista pel 25 de maig amb qu\u00e8 es tanca aquest programa que va arrencar el 30 de mar\u00e7 passat. A m\u00e9s, hem aprofitat la seva visita per con\u00e8ixer m\u00e9s sobre la import\u00e0ncia de la m\u00fasica a la vida cultural de Benitatxell i l&#039;impacte que aquest cicle de concerts t\u00e9 en ve\u00efns i visitants de la localitat.<\/p>\n<p>Un programa carregat de talent, emocions i propostes musicals que abasten diferents estils i que han convertit la Primavera Musical en una cita imprescindible al calendari cultural del municipi. De fet, aquesta consolidada cita ja compleix la seva XIX edici\u00f3.<\/p>\n<p>Som a l&#039;equador de la programaci\u00f3, i aquest diumenge, a les 18:00h a l&#039;Esgl\u00e9sia de Santa Maria Magdalena, actuar\u00e0 <strong>Connecta Percussi\u00f3<\/strong>. Un concert din\u00e0mic i atractiu que inclou al seu repertori peces tant de compositors cl\u00e0ssics com propostes m\u00e9s modernes i actuals.<\/p>\n<p>La cloenda del cicle de concerts en aquesta XIX edici\u00f3 de la Primavera Musical anir\u00e0 a c\u00e0rrec de <strong>Petits Cantors de Val\u00e8ncia<\/strong>. Una actuaci\u00f3 prevista per al diumenge 25 de maig a les 18 hores tamb\u00e9 a l&#039;esgl\u00e9sia.<\/p>\n<p>Des de l&#039;organitzaci\u00f3 valoren positivament la resposta ciutadana a aquesta proposta cultural que ha esdevingut tamb\u00e9 un atraient tur\u00edstic. Una iniciativa p\u00fablica i gratu\u00efta que permet als assistents gaudir de concerts d&#039;un nivell alt sense moure&#039;s de casa.<\/p>\n<p>Podeu escoltar l&#039;entrevista completa aqu\u00ed.<\/p>\n<audio class=\"wp-audio-shortcode\" id=\"audio-16779-1\" preload=\"none\" style=\"width: 100%;\" controls=\"controls\"><source type=\"audio\/mpeg\" src=\"https:\/\/media.radiolitoral.com\/wp-content\/uploads\/2025\/05\/16101729\/Primer-Cafe-Primavera-Musical.mp3?_=1\" \/><a href=\"https:\/\/media.radiolitoral.com\/wp-content\/uploads\/2025\/05\/16101729\/Primer-Cafe-Primavera-Musical.mp3\">https:\/\/media.radiolitoral.com\/wp-content\/uploads\/2025\/05\/16101729\/Primer-Cafe-Primavera-Musical.mp3<\/a><\/audio>\n<p>&nbsp;<\/p>","protected":false},"excerpt":{"rendered":"<p>En el Primer Caf\u00e9 de Radio Litoral hemos cerrado semana con m\u00fasica, mirando al Poble Nou de Benitatxell, municipio que dedica estos meses al ciclo de conciertos Primavera Musical. Hemos compartido tiempo de radio con el concejal de Cultura, Jorge Pascual, que nos ha hablado de la actuaci\u00f3n programada para este domingo y de la [&#8230;]<\/p>\n<p><a class=\"btn btn-secondary understrap-read-more-link\" href=\"https:\/\/radiolitoral.com\/ca\/2025\/05\/jorge-pascual-acercar-a-nuestros-vecinos-conciertos-que-no-estamos-acostumbrados-a-ver-si-no-buscas-ofertas-fuera-y-ademas-aqui-son-gratuitos\/\">Continua llegint&#8230;<span class=\"screen-reader-text\"> from Jorge Pascual: \u201cAcercar a nuestros vecinos conciertos que no estamos acostumbrados a ver, si no buscas ofertas fuera, y adem\u00e1s aqu\u00ed son gratuitos\u201d<\/span><\/a><\/p>\n","protected":false},"author":13,"featured_media":16781,"comment_status":"open","ping_status":"closed","sticky":false,"template":"","format":"standard","meta":{"_acf_changed":false,"inline_featured_image":false,"footnotes":""},"categories":[55,2753],"tags":[63,4338,4339,2708,4340,739,2312],"class_list":["post-16779","post","type-post","status-publish","format-standard","has-post-thumbnail","hentry","category-cultura","category-entrevistas","tag-agenda","tag-ciclo-de-conciertos","tag-connecta-percussio","tag-jorge-pascual","tag-pequenos-cantores-de-valencia","tag-primavera-musical","tag-primer-cafe","cobertura-poble-nou-de-benitatxell"],"acf":[],"yoast_head":"<!-- This site is optimized with the Yoast SEO plugin v27.5 - https:\/\/yoast.com\/product\/yoast-seo-wordpress\/ -->\n<title>Jorge Pascual: \u201cAcercar a nuestros vecinos conciertos que no estamos acostumbrados a ver, si no buscas ofertas fuera, y adem\u00e1s aqu\u00ed son gratuitos\u201d | R\u00e0dio Litoral<\/title>\n<meta name=\"description\" content=\"La XIX Primavera Musical de Benitatxell afronta la recta final del ciclo de conciertos con Connecta Percussi\u00f3 y Peque\u00f1os Cantores de Valencia\" \/>\n<meta name=\"robots\" content=\"index, follow, max-snippet:-1, max-image-preview:large, max-video-preview:-1\" \/>\n<link rel=\"canonical\" href=\"https:\/\/radiolitoral.com\/ca\/2025\/05\/jorge-pascual-apropar-als-nostres-veins-concerts-que-no-estem-acostumats-a-veure-si-no-busques-ofertes-fora-i-a-mes-aqui-son-gratuits\/\" \/>\n<meta property=\"og:locale\" content=\"ca_ES\" \/>\n<meta property=\"og:type\" content=\"article\" \/>\n<meta property=\"og:title\" content=\"Jorge Pascual: \u201cAcercar a nuestros vecinos conciertos que no estamos acostumbrados a ver, si no buscas ofertas fuera, y adem\u00e1s aqu\u00ed son gratuitos\u201d | R\u00e0dio Litoral\" \/>\n<meta property=\"og:description\" content=\"La XIX Primavera Musical de Benitatxell afronta la recta final del ciclo de conciertos con Connecta Percussi\u00f3 y Peque\u00f1os Cantores de Valencia\" \/>\n<meta property=\"og:url\" content=\"https:\/\/radiolitoral.com\/ca\/2025\/05\/jorge-pascual-apropar-als-nostres-veins-concerts-que-no-estem-acostumats-a-veure-si-no-busques-ofertes-fora-i-a-mes-aqui-son-gratuits\/\" \/>\n<meta property=\"og:site_name\" content=\"R\u00e0dio Litoral\" \/>\n<meta property=\"article:publisher\" content=\"https:\/\/www.facebook.com\/Laradiolitoral\/\" \/>\n<meta property=\"article:published_time\" content=\"2025-05-16T08:21:28+00:00\" \/>\n<meta property=\"og:image\" content=\"https:\/\/media.radiolitoral.com\/wp-content\/uploads\/2025\/05\/16101901\/Jorge-Pascual-Primer-Cafe.jpg\" \/>\n\t<meta property=\"og:image:width\" content=\"2000\" \/>\n\t<meta property=\"og:image:height\" content=\"1500\" \/>\n\t<meta property=\"og:image:type\" content=\"image\/jpeg\" \/>\n<meta name=\"author\" content=\"Redacci\u00f3n\" \/>\n<meta name=\"twitter:card\" content=\"summary_large_image\" \/>\n<meta name=\"twitter:label1\" content=\"Escrit per\" \/>\n\t<meta name=\"twitter:data1\" content=\"Redacci\u00f3n\" \/>\n\t<meta name=\"twitter:label2\" content=\"Temps estimat de lectura\" \/>\n\t<meta name=\"twitter:data2\" content=\"2 minuts\" \/>\n<script type=\"application\/ld+json\" class=\"yoast-schema-graph\">{\"@context\":\"https:\\\/\\\/schema.org\",\"@graph\":[{\"@type\":\"NewsArticle\",\"@id\":\"https:\\\/\\\/radiolitoral.com\\\/2025\\\/05\\\/jorge-pascual-acercar-a-nuestros-vecinos-conciertos-que-no-estamos-acostumbrados-a-ver-si-no-buscas-ofertas-fuera-y-ademas-aqui-son-gratuitos\\\/#article\",\"isPartOf\":{\"@id\":\"https:\\\/\\\/radiolitoral.com\\\/2025\\\/05\\\/jorge-pascual-acercar-a-nuestros-vecinos-conciertos-que-no-estamos-acostumbrados-a-ver-si-no-buscas-ofertas-fuera-y-ademas-aqui-son-gratuitos\\\/\"},\"author\":{\"name\":\"Redacci\u00f3n\",\"@id\":\"https:\\\/\\\/radiolitoral.com\\\/#\\\/schema\\\/person\\\/f2b2343c49b5d721857cc1002bfdb151\"},\"headline\":\"Jorge Pascual: \u201cAcercar a nuestros vecinos conciertos que no estamos acostumbrados a ver, si no buscas ofertas fuera, y adem\u00e1s aqu\u00ed son gratuitos\u201d\",\"datePublished\":\"2025-05-16T08:21:28+00:00\",\"mainEntityOfPage\":{\"@id\":\"https:\\\/\\\/radiolitoral.com\\\/2025\\\/05\\\/jorge-pascual-acercar-a-nuestros-vecinos-conciertos-que-no-estamos-acostumbrados-a-ver-si-no-buscas-ofertas-fuera-y-ademas-aqui-son-gratuitos\\\/\"},\"wordCount\":332,\"commentCount\":0,\"publisher\":{\"@id\":\"https:\\\/\\\/radiolitoral.com\\\/#organization\"},\"image\":{\"@id\":\"https:\\\/\\\/radiolitoral.com\\\/2025\\\/05\\\/jorge-pascual-acercar-a-nuestros-vecinos-conciertos-que-no-estamos-acostumbrados-a-ver-si-no-buscas-ofertas-fuera-y-ademas-aqui-son-gratuitos\\\/#primaryimage\"},\"thumbnailUrl\":\"https:\\\/\\\/media.radiolitoral.com\\\/wp-content\\\/uploads\\\/2025\\\/05\\\/16101901\\\/Jorge-Pascual-Primer-Cafe.jpg\",\"keywords\":[\"Agenda\",\"Ciclo de conciertos\",\"Connecta Percussi\u00f3\",\"Jorge Pascual\",\"Peque\u00f1os Cantores de Valencia\",\"Primavera Musical\",\"Primer Caf\u00e9\"],\"articleSection\":[\"Cultura\",\"Entrevistas\"],\"inLanguage\":\"ca\",\"potentialAction\":[{\"@type\":\"CommentAction\",\"name\":\"Comment\",\"target\":[\"https:\\\/\\\/radiolitoral.com\\\/2025\\\/05\\\/jorge-pascual-acercar-a-nuestros-vecinos-conciertos-que-no-estamos-acostumbrados-a-ver-si-no-buscas-ofertas-fuera-y-ademas-aqui-son-gratuitos\\\/#respond\"]}]},{\"@type\":[\"WebPage\",\"ItemPage\"],\"@id\":\"https:\\\/\\\/radiolitoral.com\\\/2025\\\/05\\\/jorge-pascual-acercar-a-nuestros-vecinos-conciertos-que-no-estamos-acostumbrados-a-ver-si-no-buscas-ofertas-fuera-y-ademas-aqui-son-gratuitos\\\/\",\"url\":\"https:\\\/\\\/radiolitoral.com\\\/2025\\\/05\\\/jorge-pascual-acercar-a-nuestros-vecinos-conciertos-que-no-estamos-acostumbrados-a-ver-si-no-buscas-ofertas-fuera-y-ademas-aqui-son-gratuitos\\\/\",\"name\":\"Jorge Pascual: \u201cAcercar a nuestros vecinos conciertos que no estamos acostumbrados a ver, si no buscas ofertas fuera, y adem\u00e1s aqu\u00ed son gratuitos\u201d | R\u00e0dio Litoral\",\"isPartOf\":{\"@id\":\"https:\\\/\\\/radiolitoral.com\\\/#website\"},\"primaryImageOfPage\":{\"@id\":\"https:\\\/\\\/radiolitoral.com\\\/2025\\\/05\\\/jorge-pascual-acercar-a-nuestros-vecinos-conciertos-que-no-estamos-acostumbrados-a-ver-si-no-buscas-ofertas-fuera-y-ademas-aqui-son-gratuitos\\\/#primaryimage\"},\"image\":{\"@id\":\"https:\\\/\\\/radiolitoral.com\\\/2025\\\/05\\\/jorge-pascual-acercar-a-nuestros-vecinos-conciertos-que-no-estamos-acostumbrados-a-ver-si-no-buscas-ofertas-fuera-y-ademas-aqui-son-gratuitos\\\/#primaryimage\"},\"thumbnailUrl\":\"https:\\\/\\\/media.radiolitoral.com\\\/wp-content\\\/uploads\\\/2025\\\/05\\\/16101901\\\/Jorge-Pascual-Primer-Cafe.jpg\",\"datePublished\":\"2025-05-16T08:21:28+00:00\",\"description\":\"La XIX Primavera Musical de Benitatxell afronta la recta final del ciclo de conciertos con Connecta Percussi\u00f3 y Peque\u00f1os Cantores de Valencia\",\"breadcrumb\":{\"@id\":\"https:\\\/\\\/radiolitoral.com\\\/2025\\\/05\\\/jorge-pascual-acercar-a-nuestros-vecinos-conciertos-que-no-estamos-acostumbrados-a-ver-si-no-buscas-ofertas-fuera-y-ademas-aqui-son-gratuitos\\\/#breadcrumb\"},\"inLanguage\":\"ca\",\"potentialAction\":[{\"@type\":\"ReadAction\",\"target\":[\"https:\\\/\\\/radiolitoral.com\\\/2025\\\/05\\\/jorge-pascual-acercar-a-nuestros-vecinos-conciertos-que-no-estamos-acostumbrados-a-ver-si-no-buscas-ofertas-fuera-y-ademas-aqui-son-gratuitos\\\/\"]}]},{\"@type\":\"ImageObject\",\"inLanguage\":\"ca\",\"@id\":\"https:\\\/\\\/radiolitoral.com\\\/2025\\\/05\\\/jorge-pascual-acercar-a-nuestros-vecinos-conciertos-que-no-estamos-acostumbrados-a-ver-si-no-buscas-ofertas-fuera-y-ademas-aqui-son-gratuitos\\\/#primaryimage\",\"url\":\"https:\\\/\\\/media.radiolitoral.com\\\/wp-content\\\/uploads\\\/2025\\\/05\\\/16101901\\\/Jorge-Pascual-Primer-Cafe.jpg\",\"contentUrl\":\"https:\\\/\\\/media.radiolitoral.com\\\/wp-content\\\/uploads\\\/2025\\\/05\\\/16101901\\\/Jorge-Pascual-Primer-Cafe.jpg\",\"width\":2000,\"height\":1500},{\"@type\":\"BreadcrumbList\",\"@id\":\"https:\\\/\\\/radiolitoral.com\\\/2025\\\/05\\\/jorge-pascual-acercar-a-nuestros-vecinos-conciertos-que-no-estamos-acostumbrados-a-ver-si-no-buscas-ofertas-fuera-y-ademas-aqui-son-gratuitos\\\/#breadcrumb\",\"itemListElement\":[{\"@type\":\"ListItem\",\"position\":1,\"name\":\"Portada\",\"item\":\"https:\\\/\\\/radiolitoral.com\\\/\"},{\"@type\":\"ListItem\",\"position\":2,\"name\":\"Jorge Pascual: \u201cAcercar a nuestros vecinos conciertos que no estamos acostumbrados a ver, si no buscas ofertas fuera, y adem\u00e1s aqu\u00ed son gratuitos\u201d\"}]},{\"@type\":\"WebSite\",\"@id\":\"https:\\\/\\\/radiolitoral.com\\\/#website\",\"url\":\"https:\\\/\\\/radiolitoral.com\\\/\",\"name\":\"Radio Litoral\",\"description\":\"La radio local de la Marina Alta\",\"publisher\":{\"@id\":\"https:\\\/\\\/radiolitoral.com\\\/#organization\"},\"alternateName\":\"Litoral FM\",\"potentialAction\":[{\"@type\":\"SearchAction\",\"target\":{\"@type\":\"EntryPoint\",\"urlTemplate\":\"https:\\\/\\\/radiolitoral.com\\\/?s={search_term_string}\"},\"query-input\":{\"@type\":\"PropertyValueSpecification\",\"valueRequired\":true,\"valueName\":\"search_term_string\"}}],\"inLanguage\":\"ca\"},{\"@type\":\"Organization\",\"@id\":\"https:\\\/\\\/radiolitoral.com\\\/#organization\",\"name\":\"Radio Litoral\",\"url\":\"https:\\\/\\\/radiolitoral.com\\\/\",\"logo\":{\"@type\":\"ImageObject\",\"inLanguage\":\"ca\",\"@id\":\"https:\\\/\\\/radiolitoral.com\\\/#\\\/schema\\\/logo\\\/image\\\/\",\"url\":\"https:\\\/\\\/media.radiolitoral.com\\\/wp-content\\\/uploads\\\/2023\\\/02\\\/24143238\\\/CL-V-RadioLitoral696.png\",\"contentUrl\":\"https:\\\/\\\/media.radiolitoral.com\\\/wp-content\\\/uploads\\\/2023\\\/02\\\/24143238\\\/CL-V-RadioLitoral696.png\",\"width\":696,\"height\":696,\"caption\":\"Radio Litoral\"},\"image\":{\"@id\":\"https:\\\/\\\/radiolitoral.com\\\/#\\\/schema\\\/logo\\\/image\\\/\"},\"sameAs\":[\"https:\\\/\\\/www.facebook.com\\\/Laradiolitoral\\\/\"]},{\"@type\":\"Person\",\"@id\":\"https:\\\/\\\/radiolitoral.com\\\/#\\\/schema\\\/person\\\/f2b2343c49b5d721857cc1002bfdb151\",\"name\":\"Redacci\u00f3n\",\"image\":{\"@type\":\"ImageObject\",\"inLanguage\":\"ca\",\"@id\":\"https:\\\/\\\/secure.gravatar.com\\\/avatar\\\/f771d896c203ad8b3382d7905cfcce5a5c9b008b84b3cd9114e9b9f4cb63f789?s=96&d=mm&r=g\",\"url\":\"https:\\\/\\\/secure.gravatar.com\\\/avatar\\\/f771d896c203ad8b3382d7905cfcce5a5c9b008b84b3cd9114e9b9f4cb63f789?s=96&d=mm&r=g\",\"contentUrl\":\"https:\\\/\\\/secure.gravatar.com\\\/avatar\\\/f771d896c203ad8b3382d7905cfcce5a5c9b008b84b3cd9114e9b9f4cb63f789?s=96&d=mm&r=g\",\"caption\":\"Redacci\u00f3n\"},\"url\":\"https:\\\/\\\/radiolitoral.com\\\/ca\\\/author\\\/miriam-pagan\\\/\"}]}<\/script>\n<!-- \/ Yoast SEO plugin. -->","yoast_head_json":{"title":"Jorge Pascual: \u201cApropar als nostres ve\u00efns concerts que no estem acostumats a veure, si no busques ofertes fora, ia m\u00e9s aqu\u00ed s\u00f3n gratu\u00efts\u201d | R\u00e0dio Litoral","description":"La XIX Primavera Musical de Benitatxell afronta la recta final del cicle de concerts amb Connecta Percussi\u00f3 i Petits Cantors de Val\u00e8ncia","robots":{"index":"index","follow":"follow","max-snippet":"max-snippet:-1","max-image-preview":"max-image-preview:large","max-video-preview":"max-video-preview:-1"},"canonical":"https:\/\/radiolitoral.com\/ca\/2025\/05\/jorge-pascual-apropar-als-nostres-veins-concerts-que-no-estem-acostumats-a-veure-si-no-busques-ofertes-fora-i-a-mes-aqui-son-gratuits\/","og_locale":"ca_ES","og_type":"article","og_title":"Jorge Pascual: \u201cAcercar a nuestros vecinos conciertos que no estamos acostumbrados a ver, si no buscas ofertas fuera, y adem\u00e1s aqu\u00ed son gratuitos\u201d | R\u00e0dio Litoral","og_description":"La XIX Primavera Musical de Benitatxell afronta la recta final del ciclo de conciertos con Connecta Percussi\u00f3 y Peque\u00f1os Cantores de Valencia","og_url":"https:\/\/radiolitoral.com\/ca\/2025\/05\/jorge-pascual-apropar-als-nostres-veins-concerts-que-no-estem-acostumats-a-veure-si-no-busques-ofertes-fora-i-a-mes-aqui-son-gratuits\/","og_site_name":"R\u00e0dio Litoral","article_publisher":"https:\/\/www.facebook.com\/Laradiolitoral\/","article_published_time":"2025-05-16T08:21:28+00:00","og_image":[{"width":2000,"height":1500,"url":"https:\/\/media.radiolitoral.com\/wp-content\/uploads\/2025\/05\/16101901\/Jorge-Pascual-Primer-Cafe.jpg","type":"image\/jpeg"}],"author":"Redacci\u00f3n","twitter_card":"summary_large_image","twitter_misc":{"Escrit per":"Redacci\u00f3n","Temps estimat de lectura":"2 minuts"},"schema":{"@context":"https:\/\/schema.org","@graph":[{"@type":"NewsArticle","@id":"https:\/\/radiolitoral.com\/2025\/05\/jorge-pascual-acercar-a-nuestros-vecinos-conciertos-que-no-estamos-acostumbrados-a-ver-si-no-buscas-ofertas-fuera-y-ademas-aqui-son-gratuitos\/#article","isPartOf":{"@id":"https:\/\/radiolitoral.com\/2025\/05\/jorge-pascual-acercar-a-nuestros-vecinos-conciertos-que-no-estamos-acostumbrados-a-ver-si-no-buscas-ofertas-fuera-y-ademas-aqui-son-gratuitos\/"},"author":{"name":"Redacci\u00f3n","@id":"https:\/\/radiolitoral.com\/#\/schema\/person\/f2b2343c49b5d721857cc1002bfdb151"},"headline":"Jorge Pascual: \u201cAcercar a nuestros vecinos conciertos que no estamos acostumbrados a ver, si no buscas ofertas fuera, y adem\u00e1s aqu\u00ed son gratuitos\u201d","datePublished":"2025-05-16T08:21:28+00:00","mainEntityOfPage":{"@id":"https:\/\/radiolitoral.com\/2025\/05\/jorge-pascual-acercar-a-nuestros-vecinos-conciertos-que-no-estamos-acostumbrados-a-ver-si-no-buscas-ofertas-fuera-y-ademas-aqui-son-gratuitos\/"},"wordCount":332,"commentCount":0,"publisher":{"@id":"https:\/\/radiolitoral.com\/#organization"},"image":{"@id":"https:\/\/radiolitoral.com\/2025\/05\/jorge-pascual-acercar-a-nuestros-vecinos-conciertos-que-no-estamos-acostumbrados-a-ver-si-no-buscas-ofertas-fuera-y-ademas-aqui-son-gratuitos\/#primaryimage"},"thumbnailUrl":"https:\/\/media.radiolitoral.com\/wp-content\/uploads\/2025\/05\/16101901\/Jorge-Pascual-Primer-Cafe.jpg","keywords":["Agenda","Ciclo de conciertos","Connecta Percussi\u00f3","Jorge Pascual","Peque\u00f1os Cantores de Valencia","Primavera Musical","Primer Caf\u00e9"],"articleSection":["Cultura","Entrevistas"],"inLanguage":"ca","potentialAction":[{"@type":"CommentAction","name":"Comment","target":["https:\/\/radiolitoral.com\/2025\/05\/jorge-pascual-acercar-a-nuestros-vecinos-conciertos-que-no-estamos-acostumbrados-a-ver-si-no-buscas-ofertas-fuera-y-ademas-aqui-son-gratuitos\/#respond"]}]},{"@type":["WebPage","ItemPage"],"@id":"https:\/\/radiolitoral.com\/2025\/05\/jorge-pascual-acercar-a-nuestros-vecinos-conciertos-que-no-estamos-acostumbrados-a-ver-si-no-buscas-ofertas-fuera-y-ademas-aqui-son-gratuitos\/","url":"https:\/\/radiolitoral.com\/2025\/05\/jorge-pascual-acercar-a-nuestros-vecinos-conciertos-que-no-estamos-acostumbrados-a-ver-si-no-buscas-ofertas-fuera-y-ademas-aqui-son-gratuitos\/","name":"Jorge Pascual: \u201cApropar als nostres ve\u00efns concerts que no estem acostumats a veure, si no busques ofertes fora, ia m\u00e9s aqu\u00ed s\u00f3n gratu\u00efts\u201d | R\u00e0dio Litoral","isPartOf":{"@id":"https:\/\/radiolitoral.com\/#website"},"primaryImageOfPage":{"@id":"https:\/\/radiolitoral.com\/2025\/05\/jorge-pascual-acercar-a-nuestros-vecinos-conciertos-que-no-estamos-acostumbrados-a-ver-si-no-buscas-ofertas-fuera-y-ademas-aqui-son-gratuitos\/#primaryimage"},"image":{"@id":"https:\/\/radiolitoral.com\/2025\/05\/jorge-pascual-acercar-a-nuestros-vecinos-conciertos-que-no-estamos-acostumbrados-a-ver-si-no-buscas-ofertas-fuera-y-ademas-aqui-son-gratuitos\/#primaryimage"},"thumbnailUrl":"https:\/\/media.radiolitoral.com\/wp-content\/uploads\/2025\/05\/16101901\/Jorge-Pascual-Primer-Cafe.jpg","datePublished":"2025-05-16T08:21:28+00:00","description":"La XIX Primavera Musical de Benitatxell afronta la recta final del cicle de concerts amb Connecta Percussi\u00f3 i Petits Cantors de Val\u00e8ncia","breadcrumb":{"@id":"https:\/\/radiolitoral.com\/2025\/05\/jorge-pascual-acercar-a-nuestros-vecinos-conciertos-que-no-estamos-acostumbrados-a-ver-si-no-buscas-ofertas-fuera-y-ademas-aqui-son-gratuitos\/#breadcrumb"},"inLanguage":"ca","potentialAction":[{"@type":"ReadAction","target":["https:\/\/radiolitoral.com\/2025\/05\/jorge-pascual-acercar-a-nuestros-vecinos-conciertos-que-no-estamos-acostumbrados-a-ver-si-no-buscas-ofertas-fuera-y-ademas-aqui-son-gratuitos\/"]}]},{"@type":"ImageObject","inLanguage":"ca","@id":"https:\/\/radiolitoral.com\/2025\/05\/jorge-pascual-acercar-a-nuestros-vecinos-conciertos-que-no-estamos-acostumbrados-a-ver-si-no-buscas-ofertas-fuera-y-ademas-aqui-son-gratuitos\/#primaryimage","url":"https:\/\/media.radiolitoral.com\/wp-content\/uploads\/2025\/05\/16101901\/Jorge-Pascual-Primer-Cafe.jpg","contentUrl":"https:\/\/media.radiolitoral.com\/wp-content\/uploads\/2025\/05\/16101901\/Jorge-Pascual-Primer-Cafe.jpg","width":2000,"height":1500},{"@type":"BreadcrumbList","@id":"https:\/\/radiolitoral.com\/2025\/05\/jorge-pascual-acercar-a-nuestros-vecinos-conciertos-que-no-estamos-acostumbrados-a-ver-si-no-buscas-ofertas-fuera-y-ademas-aqui-son-gratuitos\/#breadcrumb","itemListElement":[{"@type":"ListItem","position":1,"name":"Portada","item":"https:\/\/radiolitoral.com\/"},{"@type":"ListItem","position":2,"name":"Jorge Pascual: \u201cAcercar a nuestros vecinos conciertos que no estamos acostumbrados a ver, si no buscas ofertas fuera, y adem\u00e1s aqu\u00ed son gratuitos\u201d"}]},{"@type":"WebSite","@id":"https:\/\/radiolitoral.com\/#website","url":"https:\/\/radiolitoral.com\/","name":"R\u00e0dio Litoral","description":"La r\u00e0dio local de la Marina Alta","publisher":{"@id":"https:\/\/radiolitoral.com\/#organization"},"alternateName":"Litoral FM","potentialAction":[{"@type":"SearchAction","target":{"@type":"EntryPoint","urlTemplate":"https:\/\/radiolitoral.com\/?s={search_term_string}"},"query-input":{"@type":"PropertyValueSpecification","valueRequired":true,"valueName":"search_term_string"}}],"inLanguage":"ca"},{"@type":"Organization","@id":"https:\/\/radiolitoral.com\/#organization","name":"R\u00e0dio Litoral","url":"https:\/\/radiolitoral.com\/","logo":{"@type":"ImageObject","inLanguage":"ca","@id":"https:\/\/radiolitoral.com\/#\/schema\/logo\/image\/","url":"https:\/\/media.radiolitoral.com\/wp-content\/uploads\/2023\/02\/24143238\/CL-V-RadioLitoral696.png","contentUrl":"https:\/\/media.radiolitoral.com\/wp-content\/uploads\/2023\/02\/24143238\/CL-V-RadioLitoral696.png","width":696,"height":696,"caption":"Radio Litoral"},"image":{"@id":"https:\/\/radiolitoral.com\/#\/schema\/logo\/image\/"},"sameAs":["https:\/\/www.facebook.com\/Laradiolitoral\/"]},{"@type":"Person","@id":"https:\/\/radiolitoral.com\/#\/schema\/person\/f2b2343c49b5d721857cc1002bfdb151","name":"Redacci\u00f3","image":{"@type":"ImageObject","inLanguage":"ca","@id":"https:\/\/secure.gravatar.com\/avatar\/f771d896c203ad8b3382d7905cfcce5a5c9b008b84b3cd9114e9b9f4cb63f789?s=96&d=mm&r=g","url":"https:\/\/secure.gravatar.com\/avatar\/f771d896c203ad8b3382d7905cfcce5a5c9b008b84b3cd9114e9b9f4cb63f789?s=96&d=mm&r=g","contentUrl":"https:\/\/secure.gravatar.com\/avatar\/f771d896c203ad8b3382d7905cfcce5a5c9b008b84b3cd9114e9b9f4cb63f789?s=96&d=mm&r=g","caption":"Redacci\u00f3n"},"url":"https:\/\/radiolitoral.com\/ca\/author\/miriam-pagan\/"}]}},"_links":{"self":[{"href":"https:\/\/radiolitoral.com\/ca\/wp-json\/wp\/v2\/posts\/16779","targetHints":{"allow":["GET"]}}],"collection":[{"href":"https:\/\/radiolitoral.com\/ca\/wp-json\/wp\/v2\/posts"}],"about":[{"href":"https:\/\/radiolitoral.com\/ca\/wp-json\/wp\/v2\/types\/post"}],"author":[{"embeddable":true,"href":"https:\/\/radiolitoral.com\/ca\/wp-json\/wp\/v2\/users\/13"}],"replies":[{"embeddable":true,"href":"https:\/\/radiolitoral.com\/ca\/wp-json\/wp\/v2\/comments?post=16779"}],"version-history":[{"count":2,"href":"https:\/\/radiolitoral.com\/ca\/wp-json\/wp\/v2\/posts\/16779\/revisions"}],"predecessor-version":[{"id":16783,"href":"https:\/\/radiolitoral.com\/ca\/wp-json\/wp\/v2\/posts\/16779\/revisions\/16783"}],"wp:featuredmedia":[{"embeddable":true,"href":"https:\/\/radiolitoral.com\/ca\/wp-json\/wp\/v2\/media\/16781"}],"wp:attachment":[{"href":"https:\/\/radiolitoral.com\/ca\/wp-json\/wp\/v2\/media?parent=16779"}],"wp:term":[{"taxonomy":"category","embeddable":true,"href":"https:\/\/radiolitoral.com\/ca\/wp-json\/wp\/v2\/categories?post=16779"},{"taxonomy":"post_tag","embeddable":true,"href":"https:\/\/radiolitoral.com\/ca\/wp-json\/wp\/v2\/tags?post=16779"}],"curies":[{"name":"wp","href":"https:\/\/api.w.org\/{rel}","templated":true}]}}