{"id":16739,"date":"2025-05-15T09:53:32","date_gmt":"2025-05-15T07:53:32","guid":{"rendered":"https:\/\/radiolitoral.com\/?p=16739"},"modified":"2025-05-15T09:53:32","modified_gmt":"2025-05-15T07:53:32","slug":"calp-te-consell-municipal-desports","status":"publish","type":"post","link":"https:\/\/radiolitoral.com\/ca\/2025\/05\/calp-tiene-consell-municipal-desports\/","title":{"rendered":"Calp t\u00e9 el Consell Municipal d&#039;Esports"},"content":{"rendered":"<p>El ple del <strong>Ajuntament de Calp<\/strong> va aprovar inicialment el reglament del <strong>Consell Municipal d&#039;Esports<\/strong> que pret\u00e9n constituir-se com un \u00f2rgan de participaci\u00f3 per a totes aquelles actuacions que ha de desenvolupar l&#039;Ajuntament en relaci\u00f3 amb l&#039;esport. Es constitueix el Consell Municipal d&#039;Esports com un \u00f2rgan complementari per a la consulta, la gesti\u00f3 i la col\u00b7laboraci\u00f3 amb l&#039;Ajuntament en mat\u00e8ria esportiva.<\/p>\n<p>Per realitzar aquestes funcions cal establir un marc normatiu que permeti la participaci\u00f3 activa i la col\u00b7laboraci\u00f3 entre les diferents entitats i actors involucrats en la gesti\u00f3 i la promoci\u00f3 de l&#039;esport en l&#039;\u00e0mbit local.<\/p>\n<p>El Consell tindr\u00e0 com a funcions assessorar el govern municipal en mat\u00e8ria desports i activitat f\u00edsica, proposar iniciatives a lAjuntament en mat\u00e8ria desports, promoure i facilitar la pr\u00e0ctica esportiva de la poblaci\u00f3 de tots els \u00e0mbits; aficionat, popular, escolar i federat, promoure i donar suport a les associacions i entitats esportives del municipi amb l&#039;objectiu d&#039;estimular l&#039;activitat esportiva i aconseguir una oferta variada per a la ciutadania, fomentar els esports aut\u00f2ctons o fomentar la participaci\u00f3 ciutadana als esdeveniments esportius.<\/p>\n<p>Altres funcions del Consell s\u00f3n fomentar la participaci\u00f3 en les activitats organitzades per la<strong> Xarxa Esportiva de la Marina Alta<\/strong>; <strong>Mini Jocs Esportius de la Marina Alta<\/strong>, <strong>Tradijocs de la Marina Alta<\/strong> i competicions organitzades per la Xarxa. Tamb\u00e9 impulsar la coordinaci\u00f3 entre la iniciativa p\u00fablica i privada en mat\u00e8ria desports, coordinar i participar en la programaci\u00f3 esportiva anual i participar en lelaboraci\u00f3 de les Bases dAjudes a la Promoci\u00f3 a lEsport.<\/p>\n<h4>Alcalde president<\/h4>\n<p>El Consell es compon de presid\u00e8ncia que correspondr\u00e0 al titular de l&#039;alcaldia o regidor en qui delegue i ple constitu\u00eft per la presid\u00e8ncia, la secretaria que correspondr\u00e0 a un funcionari municipal i vocals representatius de les entitats esportives locals que estiguin inscrites en el Registre d&#039;Associacions de l&#039;Ajuntament de Calp. A m\u00e9s l&#039;integraran 4 vocals representatius cada grup pol\u00edtic i un t\u00e8cnic o representant de l\u00c0rea dEsports.<\/p>\n<p>L&#039;elecci\u00f3 dels representants es realitzar\u00e0 cada cop que es constitueixi la Corporaci\u00f3 Municipal. El Ple del Consell es reunir\u00e0, com a m\u00ednim, dues vegades a l&#039;any, una vegada per semestre, i de manera extraordin\u00e0ria quan sigui convocat pel president\/aoa petici\u00f3 d&#039;almenys un ter\u00e7 dels membres. La seu del Consell Municipal d&#039;Esports ser\u00e0 el <strong>Pavell\u00f3 d&#039;Esports Domingo Crespo<\/strong>.<\/p>\n<figure id=\"attachment_16741\" aria-describedby=\"caption-attachment-16741\" style=\"width: 1620px\" class=\"wp-caption alignnone\"><img loading=\"lazy\" decoding=\"async\" class=\"wp-image-16741 size-full\" src=\"https:\/\/media.radiolitoral.com\/wp-content\/uploads\/2025\/05\/14194109\/0T2A1559-66.jpg\" alt=\"\" width=\"1620\" height=\"1080\" srcset=\"https:\/\/media.radiolitoral.com\/wp-content\/uploads\/2025\/05\/14194109\/0T2A1559-66.jpg 1620w, https:\/\/media.radiolitoral.com\/wp-content\/uploads\/2025\/05\/14194109\/0T2A1559-66-300x200.jpg 300w, https:\/\/media.radiolitoral.com\/wp-content\/uploads\/2025\/05\/14194109\/0T2A1559-66-1024x683.jpg 1024w, https:\/\/media.radiolitoral.com\/wp-content\/uploads\/2025\/05\/14194109\/0T2A1559-66-768x512.jpg 768w, https:\/\/media.radiolitoral.com\/wp-content\/uploads\/2025\/05\/14194109\/0T2A1559-66-1536x1024.jpg 1536w, https:\/\/media.radiolitoral.com\/wp-content\/uploads\/2025\/05\/14194109\/0T2A1559-66-18x12.jpg 18w, https:\/\/media.radiolitoral.com\/wp-content\/uploads\/2025\/05\/14194109\/0T2A1559-66-1000x667.jpg 1000w, https:\/\/media.radiolitoral.com\/wp-content\/uploads\/2025\/05\/14194109\/0T2A1559-66-100x67.jpg 100w, https:\/\/media.radiolitoral.com\/wp-content\/uploads\/2025\/05\/14194109\/0T2A1559-66-200x133.jpg 200w\" sizes=\"auto, (max-width: 1620px) 100vw, 1620px\" \/><figcaption id=\"caption-attachment-16741\" class=\"wp-caption-text\">Pavell\u00f3 Domingo Crespo | Ayto Calp<\/figcaption><\/figure>\n<p>A trav\u00e9s del Consell d&#039;Esports els diferents col\u00b7lectius relacionats amb el sector esportiu del municipi disposaran d&#039;un f\u00f2rum per canalitzar les opinions, els suggeriments, les necessitats, les problem\u00e0tiques i les propostes perqu\u00e8 aquestes puguin ser tingudes en compte a l&#039;hora de la presa de decisions municipals.<\/p>\n<p>El regidor dEsports, <strong>Ximo Perles<\/strong>, va assenyalar ahir al ple que \u201chem de crear aquest Consell per intentar donar veu als clubs i als pares dels nens de les escoles esportives, per anar modificant les subvencions a l&#039;esport perqu\u00e8 cada vegada siguin millors i per fiscalitzar-ne l&#039;execuci\u00f3<\/p>\n<p><script src=\"chrome-extension:\/\/flbolonkboilcbnohjlchlfgdalomdpl\/iFrame.js\" type=\"text\/javascript\"><\/script><\/p>\n<p><script src=\"chrome-extension:\/\/flbolonkboilcbnohjlchlfgdalomdpl\/iFrame.js\" type=\"text\/javascript\"><\/script><\/p>\n<p><script src=\"chrome-extension:\/\/flbolonkboilcbnohjlchlfgdalomdpl\/iFrame.js\" type=\"text\/javascript\"><\/script><\/p>","protected":false},"excerpt":{"rendered":"<p>El pleno del Ayuntamiento de Calp aprob\u00f3\u00a0 inicialmente el reglamento\u00a0 del Consell Municipal d\u2019Esports que pretende constituirse como un \u00f3rgano de participaci\u00f3n para todas aquellas actuaciones a desarrollar por el Ayuntamiento en relaci\u00f3n al deporte. Se constituye el Consell Municipal d\u2019Esports como un \u00f3rgano complementario para la consulta, gesti\u00f3n, y colaboraci\u00f3n con el Ayuntamiento en [&#8230;]<\/p>\n<p><a class=\"btn btn-secondary understrap-read-more-link\" href=\"https:\/\/radiolitoral.com\/ca\/2025\/05\/calp-tiene-consell-municipal-desports\/\">Continua llegint&#8230;<span class=\"screen-reader-text\"> from Calp tiene Consell Municipal d\u2019Esports<\/span><\/a><\/p>\n","protected":false},"author":12,"featured_media":16740,"comment_status":"open","ping_status":"closed","sticky":false,"template":"","format":"standard","meta":{"_acf_changed":false,"inline_featured_image":false,"footnotes":""},"categories":[5],"tags":[4326,4327,6,4328,4330,4329,2724,177],"class_list":["post-16739","post","type-post","status-publish","format-standard","has-post-thumbnail","hentry","category-deportes","tag-ayuntamiento-de-calp","tag-consell-municipal-desports-de-calp","tag-deportes","tag-mini-jocs-esportius-de-la-marina-alta","tag-pabellon-de-deportes-domingo-crespo","tag-tradijocs-de-la-marina-alta","tag-xarxa-esportiva-de-la-marina-alta","tag-ximo-perles","cobertura-calp"],"acf":[],"yoast_head":"<!-- This site is optimized with the Yoast SEO plugin v27.5 - https:\/\/yoast.com\/product\/yoast-seo-wordpress\/ -->\n<title>Calp tiene Consell Municipal d\u2019Esports | R\u00e0dio Litoral<\/title>\n<meta name=\"description\" content=\"Es un \u00f3rgano complementario para la consulta, gesti\u00f3n, y colaboraci\u00f3n con el Ayuntamiento en materia deportiva Es un \u00f3rgano complementario para la consulta, gesti\u00f3n, y colaboraci\u00f3n con el Ayuntamiento en materia deportiva\" \/>\n<meta name=\"robots\" content=\"index, follow, max-snippet:-1, max-image-preview:large, max-video-preview:-1\" \/>\n<link rel=\"canonical\" href=\"https:\/\/radiolitoral.com\/ca\/2025\/05\/calp-te-consell-municipal-desports\/\" \/>\n<meta property=\"og:locale\" content=\"ca_ES\" \/>\n<meta property=\"og:type\" content=\"article\" \/>\n<meta property=\"og:title\" content=\"Calp tiene Consell Municipal d\u2019Esports | R\u00e0dio Litoral\" \/>\n<meta property=\"og:description\" content=\"Es un \u00f3rgano complementario para la consulta, gesti\u00f3n, y colaboraci\u00f3n con el Ayuntamiento en materia deportiva Es un \u00f3rgano complementario para la consulta, gesti\u00f3n, y colaboraci\u00f3n con el Ayuntamiento en materia deportiva\" \/>\n<meta property=\"og:url\" content=\"https:\/\/radiolitoral.com\/ca\/2025\/05\/calp-te-consell-municipal-desports\/\" \/>\n<meta property=\"og:site_name\" content=\"R\u00e0dio Litoral\" \/>\n<meta property=\"article:publisher\" content=\"https:\/\/www.facebook.com\/Laradiolitoral\/\" \/>\n<meta property=\"article:published_time\" content=\"2025-05-15T07:53:32+00:00\" \/>\n<meta property=\"og:image\" content=\"https:\/\/media.radiolitoral.com\/wp-content\/uploads\/2025\/05\/14193706\/0T2A1481-61.jpg\" \/>\n\t<meta property=\"og:image:width\" content=\"1620\" \/>\n\t<meta property=\"og:image:height\" content=\"1080\" \/>\n\t<meta property=\"og:image:type\" content=\"image\/jpeg\" \/>\n<meta name=\"author\" content=\"Javier Zamora\" \/>\n<meta name=\"twitter:card\" content=\"summary_large_image\" \/>\n<meta name=\"twitter:label1\" content=\"Escrit per\" \/>\n\t<meta name=\"twitter:data1\" content=\"Javier Zamora\" \/>\n\t<meta name=\"twitter:label2\" content=\"Temps estimat de lectura\" \/>\n\t<meta name=\"twitter:data2\" content=\"3 minuts\" \/>\n<script type=\"application\/ld+json\" class=\"yoast-schema-graph\">{\"@context\":\"https:\\\/\\\/schema.org\",\"@graph\":[{\"@type\":\"NewsArticle\",\"@id\":\"https:\\\/\\\/radiolitoral.com\\\/2025\\\/05\\\/calp-tiene-consell-municipal-desports\\\/#article\",\"isPartOf\":{\"@id\":\"https:\\\/\\\/radiolitoral.com\\\/2025\\\/05\\\/calp-tiene-consell-municipal-desports\\\/\"},\"author\":{\"name\":\"Javier Zamora\",\"@id\":\"https:\\\/\\\/radiolitoral.com\\\/#\\\/schema\\\/person\\\/7b1480b5caeb5acdd4ec6379caf62b22\"},\"headline\":\"Calp tiene Consell Municipal d\u2019Esports\",\"datePublished\":\"2025-05-15T07:53:32+00:00\",\"mainEntityOfPage\":{\"@id\":\"https:\\\/\\\/radiolitoral.com\\\/2025\\\/05\\\/calp-tiene-consell-municipal-desports\\\/\"},\"wordCount\":562,\"commentCount\":0,\"publisher\":{\"@id\":\"https:\\\/\\\/radiolitoral.com\\\/#organization\"},\"image\":{\"@id\":\"https:\\\/\\\/radiolitoral.com\\\/2025\\\/05\\\/calp-tiene-consell-municipal-desports\\\/#primaryimage\"},\"thumbnailUrl\":\"https:\\\/\\\/media.radiolitoral.com\\\/wp-content\\\/uploads\\\/2025\\\/05\\\/14193706\\\/0T2A1481-61.jpg\",\"keywords\":[\"Ayuntamiento de Calp\",\"Consell Municipal d\u2019Esports de Calp\",\"deportes\",\"Mini Jocs Esportius de la Marina Alta\",\"Pabell\u00f3n de Deportes Domingo Crespo\",\"Tradijocs de la Marina Alta\",\"Xarxa Esportiva de la Marina Alta\",\"Ximo Perles\"],\"articleSection\":[\"Deportes\"],\"inLanguage\":\"ca\",\"potentialAction\":[{\"@type\":\"CommentAction\",\"name\":\"Comment\",\"target\":[\"https:\\\/\\\/radiolitoral.com\\\/2025\\\/05\\\/calp-tiene-consell-municipal-desports\\\/#respond\"]}]},{\"@type\":[\"WebPage\",\"ItemPage\"],\"@id\":\"https:\\\/\\\/radiolitoral.com\\\/2025\\\/05\\\/calp-tiene-consell-municipal-desports\\\/\",\"url\":\"https:\\\/\\\/radiolitoral.com\\\/2025\\\/05\\\/calp-tiene-consell-municipal-desports\\\/\",\"name\":\"Calp tiene Consell Municipal d\u2019Esports | R\u00e0dio Litoral\",\"isPartOf\":{\"@id\":\"https:\\\/\\\/radiolitoral.com\\\/#website\"},\"primaryImageOfPage\":{\"@id\":\"https:\\\/\\\/radiolitoral.com\\\/2025\\\/05\\\/calp-tiene-consell-municipal-desports\\\/#primaryimage\"},\"image\":{\"@id\":\"https:\\\/\\\/radiolitoral.com\\\/2025\\\/05\\\/calp-tiene-consell-municipal-desports\\\/#primaryimage\"},\"thumbnailUrl\":\"https:\\\/\\\/media.radiolitoral.com\\\/wp-content\\\/uploads\\\/2025\\\/05\\\/14193706\\\/0T2A1481-61.jpg\",\"datePublished\":\"2025-05-15T07:53:32+00:00\",\"description\":\"Es un \u00f3rgano complementario para la consulta, gesti\u00f3n, y colaboraci\u00f3n con el Ayuntamiento en materia deportiva Es un \u00f3rgano complementario para la consulta, gesti\u00f3n, y colaboraci\u00f3n con el Ayuntamiento en materia deportiva\",\"breadcrumb\":{\"@id\":\"https:\\\/\\\/radiolitoral.com\\\/2025\\\/05\\\/calp-tiene-consell-municipal-desports\\\/#breadcrumb\"},\"inLanguage\":\"ca\",\"potentialAction\":[{\"@type\":\"ReadAction\",\"target\":[\"https:\\\/\\\/radiolitoral.com\\\/2025\\\/05\\\/calp-tiene-consell-municipal-desports\\\/\"]}]},{\"@type\":\"ImageObject\",\"inLanguage\":\"ca\",\"@id\":\"https:\\\/\\\/radiolitoral.com\\\/2025\\\/05\\\/calp-tiene-consell-municipal-desports\\\/#primaryimage\",\"url\":\"https:\\\/\\\/media.radiolitoral.com\\\/wp-content\\\/uploads\\\/2025\\\/05\\\/14193706\\\/0T2A1481-61.jpg\",\"contentUrl\":\"https:\\\/\\\/media.radiolitoral.com\\\/wp-content\\\/uploads\\\/2025\\\/05\\\/14193706\\\/0T2A1481-61.jpg\",\"width\":1620,\"height\":1080},{\"@type\":\"BreadcrumbList\",\"@id\":\"https:\\\/\\\/radiolitoral.com\\\/2025\\\/05\\\/calp-tiene-consell-municipal-desports\\\/#breadcrumb\",\"itemListElement\":[{\"@type\":\"ListItem\",\"position\":1,\"name\":\"Portada\",\"item\":\"https:\\\/\\\/radiolitoral.com\\\/\"},{\"@type\":\"ListItem\",\"position\":2,\"name\":\"Calp tiene Consell Municipal d\u2019Esports\"}]},{\"@type\":\"WebSite\",\"@id\":\"https:\\\/\\\/radiolitoral.com\\\/#website\",\"url\":\"https:\\\/\\\/radiolitoral.com\\\/\",\"name\":\"Radio Litoral\",\"description\":\"La radio local de la Marina Alta\",\"publisher\":{\"@id\":\"https:\\\/\\\/radiolitoral.com\\\/#organization\"},\"alternateName\":\"Litoral FM\",\"potentialAction\":[{\"@type\":\"SearchAction\",\"target\":{\"@type\":\"EntryPoint\",\"urlTemplate\":\"https:\\\/\\\/radiolitoral.com\\\/?s={search_term_string}\"},\"query-input\":{\"@type\":\"PropertyValueSpecification\",\"valueRequired\":true,\"valueName\":\"search_term_string\"}}],\"inLanguage\":\"ca\"},{\"@type\":\"Organization\",\"@id\":\"https:\\\/\\\/radiolitoral.com\\\/#organization\",\"name\":\"Radio Litoral\",\"url\":\"https:\\\/\\\/radiolitoral.com\\\/\",\"logo\":{\"@type\":\"ImageObject\",\"inLanguage\":\"ca\",\"@id\":\"https:\\\/\\\/radiolitoral.com\\\/#\\\/schema\\\/logo\\\/image\\\/\",\"url\":\"https:\\\/\\\/media.radiolitoral.com\\\/wp-content\\\/uploads\\\/2023\\\/02\\\/24143238\\\/CL-V-RadioLitoral696.png\",\"contentUrl\":\"https:\\\/\\\/media.radiolitoral.com\\\/wp-content\\\/uploads\\\/2023\\\/02\\\/24143238\\\/CL-V-RadioLitoral696.png\",\"width\":696,\"height\":696,\"caption\":\"Radio Litoral\"},\"image\":{\"@id\":\"https:\\\/\\\/radiolitoral.com\\\/#\\\/schema\\\/logo\\\/image\\\/\"},\"sameAs\":[\"https:\\\/\\\/www.facebook.com\\\/Laradiolitoral\\\/\"]},{\"@type\":\"Person\",\"@id\":\"https:\\\/\\\/radiolitoral.com\\\/#\\\/schema\\\/person\\\/7b1480b5caeb5acdd4ec6379caf62b22\",\"name\":\"Javier Zamora\",\"image\":{\"@type\":\"ImageObject\",\"inLanguage\":\"ca\",\"@id\":\"https:\\\/\\\/secure.gravatar.com\\\/avatar\\\/467a11f6918c7d619c4043fc6fa2d3853053107973f05b6e9c04ea6c4e3a7b3f?s=96&d=mm&r=g\",\"url\":\"https:\\\/\\\/secure.gravatar.com\\\/avatar\\\/467a11f6918c7d619c4043fc6fa2d3853053107973f05b6e9c04ea6c4e3a7b3f?s=96&d=mm&r=g\",\"contentUrl\":\"https:\\\/\\\/secure.gravatar.com\\\/avatar\\\/467a11f6918c7d619c4043fc6fa2d3853053107973f05b6e9c04ea6c4e3a7b3f?s=96&d=mm&r=g\",\"caption\":\"Javier Zamora\"},\"url\":\"https:\\\/\\\/radiolitoral.com\\\/ca\\\/author\\\/javier-zamora\\\/\"}]}<\/script>\n<!-- \/ Yoast SEO plugin. -->","yoast_head_json":{"title":"Calp t\u00e9 el Consell Municipal d&#039;Esports | R\u00e0dio Litoral","description":"\u00c9s un \u00f2rgan complementari per a la consulta, gesti\u00f3 i col\u00b7laboraci\u00f3 amb l&#039;Ajuntament en mat\u00e8ria esportiva \u00c9s un \u00f2rgan complementari per a la consulta, gesti\u00f3 i col\u00b7laboraci\u00f3 amb l&#039;Ajuntament en mat\u00e8ria esportiva","robots":{"index":"index","follow":"follow","max-snippet":"max-snippet:-1","max-image-preview":"max-image-preview:large","max-video-preview":"max-video-preview:-1"},"canonical":"https:\/\/radiolitoral.com\/ca\/2025\/05\/calp-te-consell-municipal-desports\/","og_locale":"ca_ES","og_type":"article","og_title":"Calp tiene Consell Municipal d\u2019Esports | R\u00e0dio Litoral","og_description":"Es un \u00f3rgano complementario para la consulta, gesti\u00f3n, y colaboraci\u00f3n con el Ayuntamiento en materia deportiva Es un \u00f3rgano complementario para la consulta, gesti\u00f3n, y colaboraci\u00f3n con el Ayuntamiento en materia deportiva","og_url":"https:\/\/radiolitoral.com\/ca\/2025\/05\/calp-te-consell-municipal-desports\/","og_site_name":"R\u00e0dio Litoral","article_publisher":"https:\/\/www.facebook.com\/Laradiolitoral\/","article_published_time":"2025-05-15T07:53:32+00:00","og_image":[{"width":1620,"height":1080,"url":"https:\/\/media.radiolitoral.com\/wp-content\/uploads\/2025\/05\/14193706\/0T2A1481-61.jpg","type":"image\/jpeg"}],"author":"Javier Zamora","twitter_card":"summary_large_image","twitter_misc":{"Escrit per":"Javier Zamora","Temps estimat de lectura":"3 minuts"},"schema":{"@context":"https:\/\/schema.org","@graph":[{"@type":"NewsArticle","@id":"https:\/\/radiolitoral.com\/2025\/05\/calp-tiene-consell-municipal-desports\/#article","isPartOf":{"@id":"https:\/\/radiolitoral.com\/2025\/05\/calp-tiene-consell-municipal-desports\/"},"author":{"name":"Javier Zamora","@id":"https:\/\/radiolitoral.com\/#\/schema\/person\/7b1480b5caeb5acdd4ec6379caf62b22"},"headline":"Calp tiene Consell Municipal d\u2019Esports","datePublished":"2025-05-15T07:53:32+00:00","mainEntityOfPage":{"@id":"https:\/\/radiolitoral.com\/2025\/05\/calp-tiene-consell-municipal-desports\/"},"wordCount":562,"commentCount":0,"publisher":{"@id":"https:\/\/radiolitoral.com\/#organization"},"image":{"@id":"https:\/\/radiolitoral.com\/2025\/05\/calp-tiene-consell-municipal-desports\/#primaryimage"},"thumbnailUrl":"https:\/\/media.radiolitoral.com\/wp-content\/uploads\/2025\/05\/14193706\/0T2A1481-61.jpg","keywords":["Ayuntamiento de Calp","Consell Municipal d\u2019Esports de Calp","deportes","Mini Jocs Esportius de la Marina Alta","Pabell\u00f3n de Deportes Domingo Crespo","Tradijocs de la Marina Alta","Xarxa Esportiva de la Marina Alta","Ximo Perles"],"articleSection":["Deportes"],"inLanguage":"ca","potentialAction":[{"@type":"CommentAction","name":"Comment","target":["https:\/\/radiolitoral.com\/2025\/05\/calp-tiene-consell-municipal-desports\/#respond"]}]},{"@type":["WebPage","ItemPage"],"@id":"https:\/\/radiolitoral.com\/2025\/05\/calp-tiene-consell-municipal-desports\/","url":"https:\/\/radiolitoral.com\/2025\/05\/calp-tiene-consell-municipal-desports\/","name":"Calp t\u00e9 el Consell Municipal d&#039;Esports | R\u00e0dio Litoral","isPartOf":{"@id":"https:\/\/radiolitoral.com\/#website"},"primaryImageOfPage":{"@id":"https:\/\/radiolitoral.com\/2025\/05\/calp-tiene-consell-municipal-desports\/#primaryimage"},"image":{"@id":"https:\/\/radiolitoral.com\/2025\/05\/calp-tiene-consell-municipal-desports\/#primaryimage"},"thumbnailUrl":"https:\/\/media.radiolitoral.com\/wp-content\/uploads\/2025\/05\/14193706\/0T2A1481-61.jpg","datePublished":"2025-05-15T07:53:32+00:00","description":"\u00c9s un \u00f2rgan complementari per a la consulta, gesti\u00f3 i col\u00b7laboraci\u00f3 amb l&#039;Ajuntament en mat\u00e8ria esportiva \u00c9s un \u00f2rgan complementari per a la consulta, gesti\u00f3 i col\u00b7laboraci\u00f3 amb l&#039;Ajuntament en mat\u00e8ria esportiva","breadcrumb":{"@id":"https:\/\/radiolitoral.com\/2025\/05\/calp-tiene-consell-municipal-desports\/#breadcrumb"},"inLanguage":"ca","potentialAction":[{"@type":"ReadAction","target":["https:\/\/radiolitoral.com\/2025\/05\/calp-tiene-consell-municipal-desports\/"]}]},{"@type":"ImageObject","inLanguage":"ca","@id":"https:\/\/radiolitoral.com\/2025\/05\/calp-tiene-consell-municipal-desports\/#primaryimage","url":"https:\/\/media.radiolitoral.com\/wp-content\/uploads\/2025\/05\/14193706\/0T2A1481-61.jpg","contentUrl":"https:\/\/media.radiolitoral.com\/wp-content\/uploads\/2025\/05\/14193706\/0T2A1481-61.jpg","width":1620,"height":1080},{"@type":"BreadcrumbList","@id":"https:\/\/radiolitoral.com\/2025\/05\/calp-tiene-consell-municipal-desports\/#breadcrumb","itemListElement":[{"@type":"ListItem","position":1,"name":"Portada","item":"https:\/\/radiolitoral.com\/"},{"@type":"ListItem","position":2,"name":"Calp tiene Consell Municipal d\u2019Esports"}]},{"@type":"WebSite","@id":"https:\/\/radiolitoral.com\/#website","url":"https:\/\/radiolitoral.com\/","name":"R\u00e0dio Litoral","description":"La r\u00e0dio local de la Marina Alta","publisher":{"@id":"https:\/\/radiolitoral.com\/#organization"},"alternateName":"Litoral FM","potentialAction":[{"@type":"SearchAction","target":{"@type":"EntryPoint","urlTemplate":"https:\/\/radiolitoral.com\/?s={search_term_string}"},"query-input":{"@type":"PropertyValueSpecification","valueRequired":true,"valueName":"search_term_string"}}],"inLanguage":"ca"},{"@type":"Organization","@id":"https:\/\/radiolitoral.com\/#organization","name":"R\u00e0dio Litoral","url":"https:\/\/radiolitoral.com\/","logo":{"@type":"ImageObject","inLanguage":"ca","@id":"https:\/\/radiolitoral.com\/#\/schema\/logo\/image\/","url":"https:\/\/media.radiolitoral.com\/wp-content\/uploads\/2023\/02\/24143238\/CL-V-RadioLitoral696.png","contentUrl":"https:\/\/media.radiolitoral.com\/wp-content\/uploads\/2023\/02\/24143238\/CL-V-RadioLitoral696.png","width":696,"height":696,"caption":"Radio Litoral"},"image":{"@id":"https:\/\/radiolitoral.com\/#\/schema\/logo\/image\/"},"sameAs":["https:\/\/www.facebook.com\/Laradiolitoral\/"]},{"@type":"Person","@id":"https:\/\/radiolitoral.com\/#\/schema\/person\/7b1480b5caeb5acdd4ec6379caf62b22","name":"Javier Zamora","image":{"@type":"ImageObject","inLanguage":"ca","@id":"https:\/\/secure.gravatar.com\/avatar\/467a11f6918c7d619c4043fc6fa2d3853053107973f05b6e9c04ea6c4e3a7b3f?s=96&d=mm&r=g","url":"https:\/\/secure.gravatar.com\/avatar\/467a11f6918c7d619c4043fc6fa2d3853053107973f05b6e9c04ea6c4e3a7b3f?s=96&d=mm&r=g","contentUrl":"https:\/\/secure.gravatar.com\/avatar\/467a11f6918c7d619c4043fc6fa2d3853053107973f05b6e9c04ea6c4e3a7b3f?s=96&d=mm&r=g","caption":"Javier Zamora"},"url":"https:\/\/radiolitoral.com\/ca\/author\/javier-zamora\/"}]}},"_links":{"self":[{"href":"https:\/\/radiolitoral.com\/ca\/wp-json\/wp\/v2\/posts\/16739","targetHints":{"allow":["GET"]}}],"collection":[{"href":"https:\/\/radiolitoral.com\/ca\/wp-json\/wp\/v2\/posts"}],"about":[{"href":"https:\/\/radiolitoral.com\/ca\/wp-json\/wp\/v2\/types\/post"}],"author":[{"embeddable":true,"href":"https:\/\/radiolitoral.com\/ca\/wp-json\/wp\/v2\/users\/12"}],"replies":[{"embeddable":true,"href":"https:\/\/radiolitoral.com\/ca\/wp-json\/wp\/v2\/comments?post=16739"}],"version-history":[{"count":4,"href":"https:\/\/radiolitoral.com\/ca\/wp-json\/wp\/v2\/posts\/16739\/revisions"}],"predecessor-version":[{"id":16745,"href":"https:\/\/radiolitoral.com\/ca\/wp-json\/wp\/v2\/posts\/16739\/revisions\/16745"}],"wp:featuredmedia":[{"embeddable":true,"href":"https:\/\/radiolitoral.com\/ca\/wp-json\/wp\/v2\/media\/16740"}],"wp:attachment":[{"href":"https:\/\/radiolitoral.com\/ca\/wp-json\/wp\/v2\/media?parent=16739"}],"wp:term":[{"taxonomy":"category","embeddable":true,"href":"https:\/\/radiolitoral.com\/ca\/wp-json\/wp\/v2\/categories?post=16739"},{"taxonomy":"post_tag","embeddable":true,"href":"https:\/\/radiolitoral.com\/ca\/wp-json\/wp\/v2\/tags?post=16739"}],"curies":[{"name":"wp","href":"https:\/\/api.w.org\/{rel}","templated":true}]}}