{"id":16725,"date":"2025-05-14T10:43:06","date_gmt":"2025-05-14T08:43:06","guid":{"rendered":"https:\/\/radiolitoral.com\/?p=16725"},"modified":"2025-05-14T11:25:22","modified_gmt":"2025-05-14T09:25:22","slug":"el-cb-ifach-calp-a-per-lascens","status":"publish","type":"post","link":"https:\/\/radiolitoral.com\/ca\/2025\/05\/el-cb-ifach-calpe-a-por-el-ascenso\/","title":{"rendered":"El CB Ifach Calp a l&#039;ascens"},"content":{"rendered":"<p>El <strong>CB Ifach Calp<\/strong> una vegada cobert l&#039;objectiu de ser primer de grup despr\u00e9s de les dues vict\u00f2ries davant el <strong>CB Elda<\/strong>, en pista eldenc per <strong>70-80<\/strong> i al <strong>pavell\u00f3 Diumenge Crespo de Calp<\/strong> per <strong>100 a 80<\/strong>, est\u00e0 centrat en la primera eliminat\u00f2ria al seu cam\u00ed cap a l&#039;ascens.<\/p>\n<p>El <strong>playoff d\u00b4ascens a Tercera Federaci\u00f3<\/strong>, es disputar\u00e0 a doble partit fins a la Final Four, prevista a <strong>Alginet<\/strong>. El primer repte per a l&#039;equip que dirigeix Kike Valle ser\u00e0 el <strong>Max Matal\u00e0s B\u00e9tera<\/strong>, vuit\u00e8 classificat del <strong>Grup A<\/strong>, un equip aguerrit que sens dubte exigir\u00e0 el millor dels calpins.<\/p>\n<p><strong>El partit d&#039;anada<\/strong> tindr\u00e0 lloc aquest dissabte a les 18 hores al pavell\u00f3 municipal de <strong>B\u00e9tera<\/strong>.<\/p>\n<p>El xoc <strong>de tornada<\/strong>, ser\u00e0 al <strong>Pavell\u00f3 Diumenge Crespo de Calp<\/strong>, el cap de setmana seg\u00fcent (horari encara per confirmar).<\/p>\n<p>Amb el campionat del grup ja aconseguit, el <strong>CB Ifach Calp<\/strong> arriba llan\u00e7at al playoff d&#039;ascens. Ara, el veritable cam\u00ed a l&#039;ascens comen\u00e7a, i cada possessi\u00f3 comptar\u00e0 per assolir el somni de pujar a Tercera Federaci\u00f3.<\/p>\n<p><script src=\"chrome-extension:\/\/flbolonkboilcbnohjlchlfgdalomdpl\/iFrame.js\" type=\"text\/javascript\"><\/script><\/p>\n<p><script src=\"chrome-extension:\/\/flbolonkboilcbnohjlchlfgdalomdpl\/iFrame.js\" type=\"text\/javascript\"><\/script><\/p>\n<p><script src=\"chrome-extension:\/\/flbolonkboilcbnohjlchlfgdalomdpl\/iFrame.js\" type=\"text\/javascript\"><\/script><\/p>","protected":false},"excerpt":{"rendered":"<p>El CB Ifach Calpe una vez cubierto el objetivo de ser primero de grupo tras sus dos victorias ante el CB Elda, en cancha eldense por 70-80 y en el pabell\u00f3n Domingo Crespo de Calp por 100 a 80, est\u00e1 centrado en la primera eliminatoria en su camino hac\u00eda el ascenso. El playoff de ascenso [&#8230;]<\/p>\n<p><a class=\"btn btn-secondary understrap-read-more-link\" href=\"https:\/\/radiolitoral.com\/ca\/2025\/05\/el-cb-ifach-calpe-a-por-el-ascenso\/\">Continua llegint&#8230;<span class=\"screen-reader-text\"> from El CB Ifach Calpe a por el ascenso<\/span><\/a><\/p>\n","protected":false},"author":12,"featured_media":16726,"comment_status":"open","ping_status":"closed","sticky":false,"template":"","format":"standard","meta":{"_acf_changed":false,"inline_featured_image":false,"footnotes":""},"categories":[5],"tags":[1238,952,6,4320,4319],"class_list":["post-16725","post","type-post","status-publish","format-standard","has-post-thumbnail","hentry","category-deportes","tag-cb-elda","tag-cb-ifach-calpe","tag-deportes","tag-max-colchon-betera","tag-pabellon-domingo-crespo-de-calp","cobertura-calp"],"acf":[],"yoast_head":"<!-- This site is optimized with the Yoast SEO plugin v27.5 - https:\/\/yoast.com\/product\/yoast-seo-wordpress\/ -->\n<title>El CB Ifach Calpe a por el ascenso | R\u00e0dio Litoral<\/title>\n<meta name=\"description\" content=\"Los calpinos que tras ganar los dos partidos al CB Elda fueron campeones de grupo comienzan su camino hac\u00eda el ascenso\" \/>\n<meta name=\"robots\" content=\"index, follow, max-snippet:-1, max-image-preview:large, max-video-preview:-1\" \/>\n<link rel=\"canonical\" href=\"https:\/\/radiolitoral.com\/ca\/2025\/05\/el-cb-ifach-calp-a-per-lascens\/\" \/>\n<meta property=\"og:locale\" content=\"ca_ES\" \/>\n<meta property=\"og:type\" content=\"article\" \/>\n<meta property=\"og:title\" content=\"El CB Ifach Calpe a por el ascenso | R\u00e0dio Litoral\" \/>\n<meta property=\"og:description\" content=\"Los calpinos que tras ganar los dos partidos al CB Elda fueron campeones de grupo comienzan su camino hac\u00eda el ascenso\" \/>\n<meta property=\"og:url\" content=\"https:\/\/radiolitoral.com\/ca\/2025\/05\/el-cb-ifach-calp-a-per-lascens\/\" \/>\n<meta property=\"og:site_name\" content=\"R\u00e0dio Litoral\" \/>\n<meta property=\"article:publisher\" content=\"https:\/\/www.facebook.com\/Laradiolitoral\/\" \/>\n<meta property=\"article:published_time\" content=\"2025-05-14T08:43:06+00:00\" \/>\n<meta property=\"article:modified_time\" content=\"2025-05-14T09:25:22+00:00\" \/>\n<meta property=\"og:image\" content=\"https:\/\/media.radiolitoral.com\/wp-content\/uploads\/2025\/05\/14104016\/493725215_1303964254502357_7700718844944757803_n.jpg\" \/>\n\t<meta property=\"og:image:width\" content=\"1454\" \/>\n\t<meta property=\"og:image:height\" content=\"1058\" \/>\n\t<meta property=\"og:image:type\" content=\"image\/jpeg\" \/>\n<meta name=\"author\" content=\"Javier Zamora\" \/>\n<meta name=\"twitter:card\" content=\"summary_large_image\" \/>\n<meta name=\"twitter:label1\" content=\"Escrit per\" \/>\n\t<meta name=\"twitter:data1\" content=\"Javier Zamora\" \/>\n\t<meta name=\"twitter:label2\" content=\"Temps estimat de lectura\" \/>\n\t<meta name=\"twitter:data2\" content=\"2 minuts\" \/>\n<script type=\"application\/ld+json\" class=\"yoast-schema-graph\">{\"@context\":\"https:\\\/\\\/schema.org\",\"@graph\":[{\"@type\":\"NewsArticle\",\"@id\":\"https:\\\/\\\/radiolitoral.com\\\/2025\\\/05\\\/el-cb-ifach-calpe-a-por-el-ascenso\\\/#article\",\"isPartOf\":{\"@id\":\"https:\\\/\\\/radiolitoral.com\\\/2025\\\/05\\\/el-cb-ifach-calpe-a-por-el-ascenso\\\/\"},\"author\":{\"name\":\"Javier Zamora\",\"@id\":\"https:\\\/\\\/radiolitoral.com\\\/#\\\/schema\\\/person\\\/7b1480b5caeb5acdd4ec6379caf62b22\"},\"headline\":\"El CB Ifach Calpe a por el ascenso\",\"datePublished\":\"2025-05-14T08:43:06+00:00\",\"dateModified\":\"2025-05-14T09:25:22+00:00\",\"mainEntityOfPage\":{\"@id\":\"https:\\\/\\\/radiolitoral.com\\\/2025\\\/05\\\/el-cb-ifach-calpe-a-por-el-ascenso\\\/\"},\"wordCount\":196,\"commentCount\":0,\"publisher\":{\"@id\":\"https:\\\/\\\/radiolitoral.com\\\/#organization\"},\"image\":{\"@id\":\"https:\\\/\\\/radiolitoral.com\\\/2025\\\/05\\\/el-cb-ifach-calpe-a-por-el-ascenso\\\/#primaryimage\"},\"thumbnailUrl\":\"https:\\\/\\\/media.radiolitoral.com\\\/wp-content\\\/uploads\\\/2025\\\/05\\\/14104016\\\/493725215_1303964254502357_7700718844944757803_n.jpg\",\"keywords\":[\"CB Elda\",\"CB Ifach Calpe\",\"deportes\",\"Max Colch\u00f3n B\u00e9tera\",\"pabell\u00f3n Domingo Crespo de Calp\"],\"articleSection\":[\"Deportes\"],\"inLanguage\":\"ca\",\"potentialAction\":[{\"@type\":\"CommentAction\",\"name\":\"Comment\",\"target\":[\"https:\\\/\\\/radiolitoral.com\\\/2025\\\/05\\\/el-cb-ifach-calpe-a-por-el-ascenso\\\/#respond\"]}]},{\"@type\":[\"WebPage\",\"ItemPage\"],\"@id\":\"https:\\\/\\\/radiolitoral.com\\\/2025\\\/05\\\/el-cb-ifach-calpe-a-por-el-ascenso\\\/\",\"url\":\"https:\\\/\\\/radiolitoral.com\\\/2025\\\/05\\\/el-cb-ifach-calpe-a-por-el-ascenso\\\/\",\"name\":\"El CB Ifach Calpe a por el ascenso | R\u00e0dio Litoral\",\"isPartOf\":{\"@id\":\"https:\\\/\\\/radiolitoral.com\\\/#website\"},\"primaryImageOfPage\":{\"@id\":\"https:\\\/\\\/radiolitoral.com\\\/2025\\\/05\\\/el-cb-ifach-calpe-a-por-el-ascenso\\\/#primaryimage\"},\"image\":{\"@id\":\"https:\\\/\\\/radiolitoral.com\\\/2025\\\/05\\\/el-cb-ifach-calpe-a-por-el-ascenso\\\/#primaryimage\"},\"thumbnailUrl\":\"https:\\\/\\\/media.radiolitoral.com\\\/wp-content\\\/uploads\\\/2025\\\/05\\\/14104016\\\/493725215_1303964254502357_7700718844944757803_n.jpg\",\"datePublished\":\"2025-05-14T08:43:06+00:00\",\"dateModified\":\"2025-05-14T09:25:22+00:00\",\"description\":\"Los calpinos que tras ganar los dos partidos al CB Elda fueron campeones de grupo comienzan su camino hac\u00eda el ascenso\",\"breadcrumb\":{\"@id\":\"https:\\\/\\\/radiolitoral.com\\\/2025\\\/05\\\/el-cb-ifach-calpe-a-por-el-ascenso\\\/#breadcrumb\"},\"inLanguage\":\"ca\",\"potentialAction\":[{\"@type\":\"ReadAction\",\"target\":[\"https:\\\/\\\/radiolitoral.com\\\/2025\\\/05\\\/el-cb-ifach-calpe-a-por-el-ascenso\\\/\"]}]},{\"@type\":\"ImageObject\",\"inLanguage\":\"ca\",\"@id\":\"https:\\\/\\\/radiolitoral.com\\\/2025\\\/05\\\/el-cb-ifach-calpe-a-por-el-ascenso\\\/#primaryimage\",\"url\":\"https:\\\/\\\/media.radiolitoral.com\\\/wp-content\\\/uploads\\\/2025\\\/05\\\/14104016\\\/493725215_1303964254502357_7700718844944757803_n.jpg\",\"contentUrl\":\"https:\\\/\\\/media.radiolitoral.com\\\/wp-content\\\/uploads\\\/2025\\\/05\\\/14104016\\\/493725215_1303964254502357_7700718844944757803_n.jpg\",\"width\":1454,\"height\":1058},{\"@type\":\"BreadcrumbList\",\"@id\":\"https:\\\/\\\/radiolitoral.com\\\/2025\\\/05\\\/el-cb-ifach-calpe-a-por-el-ascenso\\\/#breadcrumb\",\"itemListElement\":[{\"@type\":\"ListItem\",\"position\":1,\"name\":\"Portada\",\"item\":\"https:\\\/\\\/radiolitoral.com\\\/\"},{\"@type\":\"ListItem\",\"position\":2,\"name\":\"El CB Ifach Calpe a por el ascenso\"}]},{\"@type\":\"WebSite\",\"@id\":\"https:\\\/\\\/radiolitoral.com\\\/#website\",\"url\":\"https:\\\/\\\/radiolitoral.com\\\/\",\"name\":\"Radio Litoral\",\"description\":\"La radio local de la Marina Alta\",\"publisher\":{\"@id\":\"https:\\\/\\\/radiolitoral.com\\\/#organization\"},\"alternateName\":\"Litoral FM\",\"potentialAction\":[{\"@type\":\"SearchAction\",\"target\":{\"@type\":\"EntryPoint\",\"urlTemplate\":\"https:\\\/\\\/radiolitoral.com\\\/?s={search_term_string}\"},\"query-input\":{\"@type\":\"PropertyValueSpecification\",\"valueRequired\":true,\"valueName\":\"search_term_string\"}}],\"inLanguage\":\"ca\"},{\"@type\":\"Organization\",\"@id\":\"https:\\\/\\\/radiolitoral.com\\\/#organization\",\"name\":\"Radio Litoral\",\"url\":\"https:\\\/\\\/radiolitoral.com\\\/\",\"logo\":{\"@type\":\"ImageObject\",\"inLanguage\":\"ca\",\"@id\":\"https:\\\/\\\/radiolitoral.com\\\/#\\\/schema\\\/logo\\\/image\\\/\",\"url\":\"https:\\\/\\\/media.radiolitoral.com\\\/wp-content\\\/uploads\\\/2023\\\/02\\\/24143238\\\/CL-V-RadioLitoral696.png\",\"contentUrl\":\"https:\\\/\\\/media.radiolitoral.com\\\/wp-content\\\/uploads\\\/2023\\\/02\\\/24143238\\\/CL-V-RadioLitoral696.png\",\"width\":696,\"height\":696,\"caption\":\"Radio Litoral\"},\"image\":{\"@id\":\"https:\\\/\\\/radiolitoral.com\\\/#\\\/schema\\\/logo\\\/image\\\/\"},\"sameAs\":[\"https:\\\/\\\/www.facebook.com\\\/Laradiolitoral\\\/\"]},{\"@type\":\"Person\",\"@id\":\"https:\\\/\\\/radiolitoral.com\\\/#\\\/schema\\\/person\\\/7b1480b5caeb5acdd4ec6379caf62b22\",\"name\":\"Javier Zamora\",\"image\":{\"@type\":\"ImageObject\",\"inLanguage\":\"ca\",\"@id\":\"https:\\\/\\\/secure.gravatar.com\\\/avatar\\\/467a11f6918c7d619c4043fc6fa2d3853053107973f05b6e9c04ea6c4e3a7b3f?s=96&d=mm&r=g\",\"url\":\"https:\\\/\\\/secure.gravatar.com\\\/avatar\\\/467a11f6918c7d619c4043fc6fa2d3853053107973f05b6e9c04ea6c4e3a7b3f?s=96&d=mm&r=g\",\"contentUrl\":\"https:\\\/\\\/secure.gravatar.com\\\/avatar\\\/467a11f6918c7d619c4043fc6fa2d3853053107973f05b6e9c04ea6c4e3a7b3f?s=96&d=mm&r=g\",\"caption\":\"Javier Zamora\"},\"url\":\"https:\\\/\\\/radiolitoral.com\\\/ca\\\/author\\\/javier-zamora\\\/\"}]}<\/script>\n<!-- \/ Yoast SEO plugin. -->","yoast_head_json":{"title":"El CB Ifach Calpe a l&#039;ascens |","description":"Els calpins que despr\u00e9s de guanyar els dos partits al CB Elda van ser campions de grup comencen el cam\u00ed cap a l&#039;ascens","robots":{"index":"index","follow":"follow","max-snippet":"max-snippet:-1","max-image-preview":"max-image-preview:large","max-video-preview":"max-video-preview:-1"},"canonical":"https:\/\/radiolitoral.com\/ca\/2025\/05\/el-cb-ifach-calp-a-per-lascens\/","og_locale":"ca_ES","og_type":"article","og_title":"El CB Ifach Calpe a por el ascenso | R\u00e0dio Litoral","og_description":"Los calpinos que tras ganar los dos partidos al CB Elda fueron campeones de grupo comienzan su camino hac\u00eda el ascenso","og_url":"https:\/\/radiolitoral.com\/ca\/2025\/05\/el-cb-ifach-calp-a-per-lascens\/","og_site_name":"R\u00e0dio Litoral","article_publisher":"https:\/\/www.facebook.com\/Laradiolitoral\/","article_published_time":"2025-05-14T08:43:06+00:00","article_modified_time":"2025-05-14T09:25:22+00:00","og_image":[{"width":1454,"height":1058,"url":"https:\/\/media.radiolitoral.com\/wp-content\/uploads\/2025\/05\/14104016\/493725215_1303964254502357_7700718844944757803_n.jpg","type":"image\/jpeg"}],"author":"Javier Zamora","twitter_card":"summary_large_image","twitter_misc":{"Escrit per":"Javier Zamora","Temps estimat de lectura":"2 minuts"},"schema":{"@context":"https:\/\/schema.org","@graph":[{"@type":"NewsArticle","@id":"https:\/\/radiolitoral.com\/2025\/05\/el-cb-ifach-calpe-a-por-el-ascenso\/#article","isPartOf":{"@id":"https:\/\/radiolitoral.com\/2025\/05\/el-cb-ifach-calpe-a-por-el-ascenso\/"},"author":{"name":"Javier Zamora","@id":"https:\/\/radiolitoral.com\/#\/schema\/person\/7b1480b5caeb5acdd4ec6379caf62b22"},"headline":"El CB Ifach Calpe a por el ascenso","datePublished":"2025-05-14T08:43:06+00:00","dateModified":"2025-05-14T09:25:22+00:00","mainEntityOfPage":{"@id":"https:\/\/radiolitoral.com\/2025\/05\/el-cb-ifach-calpe-a-por-el-ascenso\/"},"wordCount":196,"commentCount":0,"publisher":{"@id":"https:\/\/radiolitoral.com\/#organization"},"image":{"@id":"https:\/\/radiolitoral.com\/2025\/05\/el-cb-ifach-calpe-a-por-el-ascenso\/#primaryimage"},"thumbnailUrl":"https:\/\/media.radiolitoral.com\/wp-content\/uploads\/2025\/05\/14104016\/493725215_1303964254502357_7700718844944757803_n.jpg","keywords":["CB Elda","CB Ifach Calpe","deportes","Max Colch\u00f3n B\u00e9tera","pabell\u00f3n Domingo Crespo de Calp"],"articleSection":["Deportes"],"inLanguage":"ca","potentialAction":[{"@type":"CommentAction","name":"Comment","target":["https:\/\/radiolitoral.com\/2025\/05\/el-cb-ifach-calpe-a-por-el-ascenso\/#respond"]}]},{"@type":["WebPage","ItemPage"],"@id":"https:\/\/radiolitoral.com\/2025\/05\/el-cb-ifach-calpe-a-por-el-ascenso\/","url":"https:\/\/radiolitoral.com\/2025\/05\/el-cb-ifach-calpe-a-por-el-ascenso\/","name":"El CB Ifach Calpe a l&#039;ascens |","isPartOf":{"@id":"https:\/\/radiolitoral.com\/#website"},"primaryImageOfPage":{"@id":"https:\/\/radiolitoral.com\/2025\/05\/el-cb-ifach-calpe-a-por-el-ascenso\/#primaryimage"},"image":{"@id":"https:\/\/radiolitoral.com\/2025\/05\/el-cb-ifach-calpe-a-por-el-ascenso\/#primaryimage"},"thumbnailUrl":"https:\/\/media.radiolitoral.com\/wp-content\/uploads\/2025\/05\/14104016\/493725215_1303964254502357_7700718844944757803_n.jpg","datePublished":"2025-05-14T08:43:06+00:00","dateModified":"2025-05-14T09:25:22+00:00","description":"Els calpins que despr\u00e9s de guanyar els dos partits al CB Elda van ser campions de grup comencen el cam\u00ed cap a l&#039;ascens","breadcrumb":{"@id":"https:\/\/radiolitoral.com\/2025\/05\/el-cb-ifach-calpe-a-por-el-ascenso\/#breadcrumb"},"inLanguage":"ca","potentialAction":[{"@type":"ReadAction","target":["https:\/\/radiolitoral.com\/2025\/05\/el-cb-ifach-calpe-a-por-el-ascenso\/"]}]},{"@type":"ImageObject","inLanguage":"ca","@id":"https:\/\/radiolitoral.com\/2025\/05\/el-cb-ifach-calpe-a-por-el-ascenso\/#primaryimage","url":"https:\/\/media.radiolitoral.com\/wp-content\/uploads\/2025\/05\/14104016\/493725215_1303964254502357_7700718844944757803_n.jpg","contentUrl":"https:\/\/media.radiolitoral.com\/wp-content\/uploads\/2025\/05\/14104016\/493725215_1303964254502357_7700718844944757803_n.jpg","width":1454,"height":1058},{"@type":"BreadcrumbList","@id":"https:\/\/radiolitoral.com\/2025\/05\/el-cb-ifach-calpe-a-por-el-ascenso\/#breadcrumb","itemListElement":[{"@type":"ListItem","position":1,"name":"Portada","item":"https:\/\/radiolitoral.com\/"},{"@type":"ListItem","position":2,"name":"El CB Ifach Calpe a por el ascenso"}]},{"@type":"WebSite","@id":"https:\/\/radiolitoral.com\/#website","url":"https:\/\/radiolitoral.com\/","name":"R\u00e0dio Litoral","description":"La r\u00e0dio local de la Marina Alta","publisher":{"@id":"https:\/\/radiolitoral.com\/#organization"},"alternateName":"Litoral FM","potentialAction":[{"@type":"SearchAction","target":{"@type":"EntryPoint","urlTemplate":"https:\/\/radiolitoral.com\/?s={search_term_string}"},"query-input":{"@type":"PropertyValueSpecification","valueRequired":true,"valueName":"search_term_string"}}],"inLanguage":"ca"},{"@type":"Organization","@id":"https:\/\/radiolitoral.com\/#organization","name":"R\u00e0dio Litoral","url":"https:\/\/radiolitoral.com\/","logo":{"@type":"ImageObject","inLanguage":"ca","@id":"https:\/\/radiolitoral.com\/#\/schema\/logo\/image\/","url":"https:\/\/media.radiolitoral.com\/wp-content\/uploads\/2023\/02\/24143238\/CL-V-RadioLitoral696.png","contentUrl":"https:\/\/media.radiolitoral.com\/wp-content\/uploads\/2023\/02\/24143238\/CL-V-RadioLitoral696.png","width":696,"height":696,"caption":"Radio Litoral"},"image":{"@id":"https:\/\/radiolitoral.com\/#\/schema\/logo\/image\/"},"sameAs":["https:\/\/www.facebook.com\/Laradiolitoral\/"]},{"@type":"Person","@id":"https:\/\/radiolitoral.com\/#\/schema\/person\/7b1480b5caeb5acdd4ec6379caf62b22","name":"Javier Zamora","image":{"@type":"ImageObject","inLanguage":"ca","@id":"https:\/\/secure.gravatar.com\/avatar\/467a11f6918c7d619c4043fc6fa2d3853053107973f05b6e9c04ea6c4e3a7b3f?s=96&d=mm&r=g","url":"https:\/\/secure.gravatar.com\/avatar\/467a11f6918c7d619c4043fc6fa2d3853053107973f05b6e9c04ea6c4e3a7b3f?s=96&d=mm&r=g","contentUrl":"https:\/\/secure.gravatar.com\/avatar\/467a11f6918c7d619c4043fc6fa2d3853053107973f05b6e9c04ea6c4e3a7b3f?s=96&d=mm&r=g","caption":"Javier Zamora"},"url":"https:\/\/radiolitoral.com\/ca\/author\/javier-zamora\/"}]}},"_links":{"self":[{"href":"https:\/\/radiolitoral.com\/ca\/wp-json\/wp\/v2\/posts\/16725","targetHints":{"allow":["GET"]}}],"collection":[{"href":"https:\/\/radiolitoral.com\/ca\/wp-json\/wp\/v2\/posts"}],"about":[{"href":"https:\/\/radiolitoral.com\/ca\/wp-json\/wp\/v2\/types\/post"}],"author":[{"embeddable":true,"href":"https:\/\/radiolitoral.com\/ca\/wp-json\/wp\/v2\/users\/12"}],"replies":[{"embeddable":true,"href":"https:\/\/radiolitoral.com\/ca\/wp-json\/wp\/v2\/comments?post=16725"}],"version-history":[{"count":4,"href":"https:\/\/radiolitoral.com\/ca\/wp-json\/wp\/v2\/posts\/16725\/revisions"}],"predecessor-version":[{"id":16738,"href":"https:\/\/radiolitoral.com\/ca\/wp-json\/wp\/v2\/posts\/16725\/revisions\/16738"}],"wp:featuredmedia":[{"embeddable":true,"href":"https:\/\/radiolitoral.com\/ca\/wp-json\/wp\/v2\/media\/16726"}],"wp:attachment":[{"href":"https:\/\/radiolitoral.com\/ca\/wp-json\/wp\/v2\/media?parent=16725"}],"wp:term":[{"taxonomy":"category","embeddable":true,"href":"https:\/\/radiolitoral.com\/ca\/wp-json\/wp\/v2\/categories?post=16725"},{"taxonomy":"post_tag","embeddable":true,"href":"https:\/\/radiolitoral.com\/ca\/wp-json\/wp\/v2\/tags?post=16725"}],"curies":[{"name":"wp","href":"https:\/\/api.w.org\/{rel}","templated":true}]}}