{"id":16713,"date":"2025-05-16T00:12:53","date_gmt":"2025-05-15T22:12:53","guid":{"rendered":"https:\/\/radiolitoral.com\/?p=16713"},"modified":"2025-05-16T00:12:53","modified_gmt":"2025-05-15T22:12:53","slug":"denia-seu-dels-xv-mini-jocs-olimpics-de-la-marina-alta","status":"publish","type":"post","link":"https:\/\/radiolitoral.com\/ca\/2025\/05\/denia-sede-de-los-xv-mini-jocs-olimpics-de-la-marina-alta\/","title":{"rendered":"D\u00e9nia seu dels XV Mini Jocs Ol\u00edmpics de la Marina Alta"},"content":{"rendered":"<p>D\u00e9nia es prepara per acollir, del 16 al 18 de maig, la quinzena edici\u00f3 dels <strong>Mini Jocs Ol\u00edmpics de la Marina Alta<\/strong>, una cita esportiva comarcal que reunir\u00e0 m\u00e9s de <strong>1.300 joves esportistes<\/strong> procedents de 17 municipis, competint en 19 disciplines esportives. L&#039;esdeveniment est\u00e0 organitzat per la <strong>Xarxa Esportiva de la Marina Alta<\/strong> i el <strong>Ajuntament de D\u00e9nia<\/strong>, amb la col\u00b7laboraci\u00f3 dels ajuntaments participants, i promou valors com l&#039;esfor\u00e7, el respecte, la igualtat i la conviv\u00e8ncia.<\/p>\n<h4>Cerim\u00f2nia Inaugural<\/h4>\n<p>La cerim\u00f2nia oficial d&#039;inauguraci\u00f3 del XV Minijocs se celebrar\u00e0 divendres, a les 20 hores, a la pista d&#039;atletisme del <strong>Poliesportiu Municipal de D\u00e9nia<\/strong>. Comen\u00e7ar\u00e0 amb una animaci\u00f3 pr\u00e8via, a c\u00e0rrec del <strong>FAM Teatre<\/strong>, i la desfilada de totes les delegacions, acompanyades per la <strong>Banda Juvenil de D\u00e9nia<\/strong>. Durant l&#039;acte, les autoritats locals i comarcals donaran la benvinguda a totes les delegacions i les fam\u00edlies assistents, destacant l&#039;esperit ol\u00edmpic i la germandat comarcal.<\/p>\n<h4>Competicions<\/h4>\n<p>Les competicions es desenvoluparan durant tot el cap de setmana. Dissabte 17 de maig tindran lloc les trobades i les semifinals, i diumenge 18 se celebraran les finals, el lliurament de medalles i l&#039;acte de conclusi\u00f3 oficial.<\/p>\n<figure id=\"attachment_16715\" aria-describedby=\"caption-attachment-16715\" style=\"width: 1024px\" class=\"wp-caption alignnone\"><img loading=\"lazy\" decoding=\"async\" class=\"wp-image-16715 size-full\" src=\"https:\/\/media.radiolitoral.com\/wp-content\/uploads\/2025\/05\/13194942\/llama-olimpica-en-el-pebetero.jpg\" alt=\"\" width=\"1024\" height=\"645\" srcset=\"https:\/\/media.radiolitoral.com\/wp-content\/uploads\/2025\/05\/13194942\/llama-olimpica-en-el-pebetero.jpg 1024w, https:\/\/media.radiolitoral.com\/wp-content\/uploads\/2025\/05\/13194942\/llama-olimpica-en-el-pebetero-300x189.jpg 300w, https:\/\/media.radiolitoral.com\/wp-content\/uploads\/2025\/05\/13194942\/llama-olimpica-en-el-pebetero-768x484.jpg 768w, https:\/\/media.radiolitoral.com\/wp-content\/uploads\/2025\/05\/13194942\/llama-olimpica-en-el-pebetero-18x12.jpg 18w, https:\/\/media.radiolitoral.com\/wp-content\/uploads\/2025\/05\/13194942\/llama-olimpica-en-el-pebetero-1000x630.jpg 1000w, https:\/\/media.radiolitoral.com\/wp-content\/uploads\/2025\/05\/13194942\/llama-olimpica-en-el-pebetero-100x63.jpg 100w, https:\/\/media.radiolitoral.com\/wp-content\/uploads\/2025\/05\/13194942\/llama-olimpica-en-el-pebetero-200x126.jpg 200w\" sizes=\"auto, (max-width: 1024px) 100vw, 1024px\" \/><figcaption id=\"caption-attachment-16715\" class=\"wp-caption-text\">Peveter amb la flama | Javier Zamora<\/figcaption><\/figure>\n<h4>Activitats Paral\u00b7leles<\/h4>\n<p>A m\u00e9s, durant tot el cap de setmana es realitzar\u00e0 una \u00e0mplia programaci\u00f3 d&#039;activitats paral\u00b7leles per a tota la fam\u00edlia al Poliesportiu Municipal de D\u00e9nia, com ara tallers de circ, lindy hop, tai-txi, art i percussi\u00f3; jocs inflables, exhibicions de para-karate, boccia i pilota en cadira de rodes; i partits inclusius com el de <strong>Estimem<\/strong> contra el <strong>FB D\u00e9nia<\/strong>, convertint l&#039;esdeveniment en una festa oberta, participativa i inclusiva per a tota la fam\u00edlia.<\/p>\n<p>Amb un total de 275 esportistes, D\u00e9nia ser\u00e0 la delegaci\u00f3 amb m\u00e9s participants, seguida de X\u00e0bia, Calp, Pego i Ondara. Els municipis que tamb\u00e9 hi participen s\u00f3n: Beniarbeig, Benissa, Benitachell, el Verger, els Poblets, Gata de Gorgos, la Mancomunitat de la Vicaria, la Xara, Orba, Pedreguer, Teulada i Jes\u00fas Pobre.<\/p>\n<h4>One Wall i Futbol Femen\u00ed s\u00f3n novetat<\/h4>\n<p>Aquesta edici\u00f3 comptar\u00e0 amb proves d&#039;atletisme, b\u00e0squet, BTT, escacs, boccia, equitaci\u00f3, futbol sala, futbol, futbol femen\u00ed, gimn\u00e0stica r\u00edtmica, handbol, karate, nataci\u00f3, p\u00e0del, pilota valenciana, tennis, vela, voleibol i one wall.<\/p>\n<p>A m\u00e9s a m\u00e9s, seguint els principis de la creaci\u00f3 de la Xarxa Esportiva, aquest any s&#039;ha introdu\u00eft la regla passarel\u00b7la, que garanteix la participaci\u00f3 activa de tots els nens i nenes.<\/p>\n<p><script src=\"chrome-extension:\/\/flbolonkboilcbnohjlchlfgdalomdpl\/iFrame.js\" type=\"text\/javascript\"><\/script><\/p>\n<p><script src=\"chrome-extension:\/\/flbolonkboilcbnohjlchlfgdalomdpl\/iFrame.js\" type=\"text\/javascript\"><\/script><\/p>","protected":false},"excerpt":{"rendered":"<p>D\u00e9nia se prepara para acoger, del 16 al 18 de mayo, la decimoquinta edici\u00f3n de los Mini Jocs Ol\u00edmpics de la Marina Alta, una cita deportiva comarcal que reunir\u00e1 m\u00e1s de 1.300 j\u00f3venes deportistas procedentes de 17 municipios, compitiendo en 19 disciplinas deportivas. El acontecimiento est\u00e1 organizado por la Xarxa Esportiva de la Marina Alta [&#8230;]<\/p>\n<p><a class=\"btn btn-secondary understrap-read-more-link\" href=\"https:\/\/radiolitoral.com\/ca\/2025\/05\/denia-sede-de-los-xv-mini-jocs-olimpics-de-la-marina-alta\/\">Continua llegint&#8230;<span class=\"screen-reader-text\"> from D\u00e9nia sede de los XV Mini Jocs Ol\u00edmpics de la Marina Alta<\/span><\/a><\/p>\n","protected":false},"author":12,"featured_media":16714,"comment_status":"open","ping_status":"closed","sticky":false,"template":"","format":"standard","meta":{"_acf_changed":false,"inline_featured_image":false,"footnotes":""},"categories":[5],"tags":[4315,1168,6,1031,4314,4209,2724],"class_list":["post-16713","post","type-post","status-publish","format-standard","has-post-thumbnail","hentry","category-deportes","tag-amadem","tag-ayuntamiento-de-denia","tag-deportes","tag-fb-denia","tag-mini-jocs-olimpics-de-la-marina-alta","tag-polideportivo-municipal-de-denia","tag-xarxa-esportiva-de-la-marina-alta","cobertura-denia"],"acf":[],"yoast_head":"<!-- This site is optimized with the Yoast SEO plugin v27.5 - https:\/\/yoast.com\/product\/yoast-seo-wordpress\/ -->\n<title>D\u00e9nia sede de los XV Mini Jocs Ol\u00edmpics de la Marina Alta | R\u00e0dio Litoral<\/title>\n<meta name=\"description\" content=\"Durante el fin de semana la actividad deportiva ser\u00e1 m\u00e1xima con la presencia de 1.300 deportistas procedentes de 17 municipios Durante el fin de semana la actividad deportiva ser\u00e1 m\u00e1xima con la presencia de 1.300 deportistas procedentes de 17 municipios\" \/>\n<meta name=\"robots\" content=\"index, follow, max-snippet:-1, max-image-preview:large, max-video-preview:-1\" \/>\n<link rel=\"canonical\" href=\"https:\/\/radiolitoral.com\/ca\/2025\/05\/denia-seu-dels-xv-mini-jocs-olimpics-de-la-marina-alta\/\" \/>\n<meta property=\"og:locale\" content=\"ca_ES\" \/>\n<meta property=\"og:type\" content=\"article\" \/>\n<meta property=\"og:title\" content=\"D\u00e9nia sede de los XV Mini Jocs Ol\u00edmpics de la Marina Alta | R\u00e0dio Litoral\" \/>\n<meta property=\"og:description\" content=\"Durante el fin de semana la actividad deportiva ser\u00e1 m\u00e1xima con la presencia de 1.300 deportistas procedentes de 17 municipios Durante el fin de semana la actividad deportiva ser\u00e1 m\u00e1xima con la presencia de 1.300 deportistas procedentes de 17 municipios\" \/>\n<meta property=\"og:url\" content=\"https:\/\/radiolitoral.com\/ca\/2025\/05\/denia-seu-dels-xv-mini-jocs-olimpics-de-la-marina-alta\/\" \/>\n<meta property=\"og:site_name\" content=\"R\u00e0dio Litoral\" \/>\n<meta property=\"article:publisher\" content=\"https:\/\/www.facebook.com\/Laradiolitoral\/\" \/>\n<meta property=\"article:published_time\" content=\"2025-05-15T22:12:53+00:00\" \/>\n<meta property=\"og:image\" content=\"https:\/\/media.radiolitoral.com\/wp-content\/uploads\/2025\/05\/13194916\/bandera-olimpica-sobre-la-pista-de-atletismo.jpg\" \/>\n\t<meta property=\"og:image:width\" content=\"1024\" \/>\n\t<meta property=\"og:image:height\" content=\"660\" \/>\n\t<meta property=\"og:image:type\" content=\"image\/jpeg\" \/>\n<meta name=\"author\" content=\"Javier Zamora\" \/>\n<meta name=\"twitter:card\" content=\"summary_large_image\" \/>\n<meta name=\"twitter:label1\" content=\"Escrit per\" \/>\n\t<meta name=\"twitter:data1\" content=\"Javier Zamora\" \/>\n\t<meta name=\"twitter:label2\" content=\"Temps estimat de lectura\" \/>\n\t<meta name=\"twitter:data2\" content=\"3 minuts\" \/>\n<script type=\"application\/ld+json\" class=\"yoast-schema-graph\">{\"@context\":\"https:\\\/\\\/schema.org\",\"@graph\":[{\"@type\":\"NewsArticle\",\"@id\":\"https:\\\/\\\/radiolitoral.com\\\/2025\\\/05\\\/denia-sede-de-los-xv-mini-jocs-olimpics-de-la-marina-alta\\\/#article\",\"isPartOf\":{\"@id\":\"https:\\\/\\\/radiolitoral.com\\\/2025\\\/05\\\/denia-sede-de-los-xv-mini-jocs-olimpics-de-la-marina-alta\\\/\"},\"author\":{\"name\":\"Javier Zamora\",\"@id\":\"https:\\\/\\\/radiolitoral.com\\\/#\\\/schema\\\/person\\\/7b1480b5caeb5acdd4ec6379caf62b22\"},\"headline\":\"D\u00e9nia sede de los XV Mini Jocs Ol\u00edmpics de la Marina Alta\",\"datePublished\":\"2025-05-15T22:12:53+00:00\",\"mainEntityOfPage\":{\"@id\":\"https:\\\/\\\/radiolitoral.com\\\/2025\\\/05\\\/denia-sede-de-los-xv-mini-jocs-olimpics-de-la-marina-alta\\\/\"},\"wordCount\":453,\"commentCount\":0,\"publisher\":{\"@id\":\"https:\\\/\\\/radiolitoral.com\\\/#organization\"},\"image\":{\"@id\":\"https:\\\/\\\/radiolitoral.com\\\/2025\\\/05\\\/denia-sede-de-los-xv-mini-jocs-olimpics-de-la-marina-alta\\\/#primaryimage\"},\"thumbnailUrl\":\"https:\\\/\\\/media.radiolitoral.com\\\/wp-content\\\/uploads\\\/2025\\\/05\\\/13194916\\\/bandera-olimpica-sobre-la-pista-de-atletismo.jpg\",\"keywords\":[\"Amadem\",\"Ayuntamiento de D\u00e9nia\",\"deportes\",\"FB D\u00e9nia\",\"Mini Jocs Ol\u00edmpics de la Marina Alta\",\"Polideportivo Municipal de D\u00e9nia\",\"Xarxa Esportiva de la Marina Alta\"],\"articleSection\":[\"Deportes\"],\"inLanguage\":\"ca\",\"potentialAction\":[{\"@type\":\"CommentAction\",\"name\":\"Comment\",\"target\":[\"https:\\\/\\\/radiolitoral.com\\\/2025\\\/05\\\/denia-sede-de-los-xv-mini-jocs-olimpics-de-la-marina-alta\\\/#respond\"]}]},{\"@type\":[\"WebPage\",\"ItemPage\"],\"@id\":\"https:\\\/\\\/radiolitoral.com\\\/2025\\\/05\\\/denia-sede-de-los-xv-mini-jocs-olimpics-de-la-marina-alta\\\/\",\"url\":\"https:\\\/\\\/radiolitoral.com\\\/2025\\\/05\\\/denia-sede-de-los-xv-mini-jocs-olimpics-de-la-marina-alta\\\/\",\"name\":\"D\u00e9nia sede de los XV Mini Jocs Ol\u00edmpics de la Marina Alta | R\u00e0dio Litoral\",\"isPartOf\":{\"@id\":\"https:\\\/\\\/radiolitoral.com\\\/#website\"},\"primaryImageOfPage\":{\"@id\":\"https:\\\/\\\/radiolitoral.com\\\/2025\\\/05\\\/denia-sede-de-los-xv-mini-jocs-olimpics-de-la-marina-alta\\\/#primaryimage\"},\"image\":{\"@id\":\"https:\\\/\\\/radiolitoral.com\\\/2025\\\/05\\\/denia-sede-de-los-xv-mini-jocs-olimpics-de-la-marina-alta\\\/#primaryimage\"},\"thumbnailUrl\":\"https:\\\/\\\/media.radiolitoral.com\\\/wp-content\\\/uploads\\\/2025\\\/05\\\/13194916\\\/bandera-olimpica-sobre-la-pista-de-atletismo.jpg\",\"datePublished\":\"2025-05-15T22:12:53+00:00\",\"description\":\"Durante el fin de semana la actividad deportiva ser\u00e1 m\u00e1xima con la presencia de 1.300 deportistas procedentes de 17 municipios Durante el fin de semana la actividad deportiva ser\u00e1 m\u00e1xima con la presencia de 1.300 deportistas procedentes de 17 municipios\",\"breadcrumb\":{\"@id\":\"https:\\\/\\\/radiolitoral.com\\\/2025\\\/05\\\/denia-sede-de-los-xv-mini-jocs-olimpics-de-la-marina-alta\\\/#breadcrumb\"},\"inLanguage\":\"ca\",\"potentialAction\":[{\"@type\":\"ReadAction\",\"target\":[\"https:\\\/\\\/radiolitoral.com\\\/2025\\\/05\\\/denia-sede-de-los-xv-mini-jocs-olimpics-de-la-marina-alta\\\/\"]}]},{\"@type\":\"ImageObject\",\"inLanguage\":\"ca\",\"@id\":\"https:\\\/\\\/radiolitoral.com\\\/2025\\\/05\\\/denia-sede-de-los-xv-mini-jocs-olimpics-de-la-marina-alta\\\/#primaryimage\",\"url\":\"https:\\\/\\\/media.radiolitoral.com\\\/wp-content\\\/uploads\\\/2025\\\/05\\\/13194916\\\/bandera-olimpica-sobre-la-pista-de-atletismo.jpg\",\"contentUrl\":\"https:\\\/\\\/media.radiolitoral.com\\\/wp-content\\\/uploads\\\/2025\\\/05\\\/13194916\\\/bandera-olimpica-sobre-la-pista-de-atletismo.jpg\",\"width\":1024,\"height\":660},{\"@type\":\"BreadcrumbList\",\"@id\":\"https:\\\/\\\/radiolitoral.com\\\/2025\\\/05\\\/denia-sede-de-los-xv-mini-jocs-olimpics-de-la-marina-alta\\\/#breadcrumb\",\"itemListElement\":[{\"@type\":\"ListItem\",\"position\":1,\"name\":\"Portada\",\"item\":\"https:\\\/\\\/radiolitoral.com\\\/\"},{\"@type\":\"ListItem\",\"position\":2,\"name\":\"D\u00e9nia sede de los XV Mini Jocs Ol\u00edmpics de la Marina Alta\"}]},{\"@type\":\"WebSite\",\"@id\":\"https:\\\/\\\/radiolitoral.com\\\/#website\",\"url\":\"https:\\\/\\\/radiolitoral.com\\\/\",\"name\":\"Radio Litoral\",\"description\":\"La radio local de la Marina Alta\",\"publisher\":{\"@id\":\"https:\\\/\\\/radiolitoral.com\\\/#organization\"},\"alternateName\":\"Litoral FM\",\"potentialAction\":[{\"@type\":\"SearchAction\",\"target\":{\"@type\":\"EntryPoint\",\"urlTemplate\":\"https:\\\/\\\/radiolitoral.com\\\/?s={search_term_string}\"},\"query-input\":{\"@type\":\"PropertyValueSpecification\",\"valueRequired\":true,\"valueName\":\"search_term_string\"}}],\"inLanguage\":\"ca\"},{\"@type\":\"Organization\",\"@id\":\"https:\\\/\\\/radiolitoral.com\\\/#organization\",\"name\":\"Radio Litoral\",\"url\":\"https:\\\/\\\/radiolitoral.com\\\/\",\"logo\":{\"@type\":\"ImageObject\",\"inLanguage\":\"ca\",\"@id\":\"https:\\\/\\\/radiolitoral.com\\\/#\\\/schema\\\/logo\\\/image\\\/\",\"url\":\"https:\\\/\\\/media.radiolitoral.com\\\/wp-content\\\/uploads\\\/2023\\\/02\\\/24143238\\\/CL-V-RadioLitoral696.png\",\"contentUrl\":\"https:\\\/\\\/media.radiolitoral.com\\\/wp-content\\\/uploads\\\/2023\\\/02\\\/24143238\\\/CL-V-RadioLitoral696.png\",\"width\":696,\"height\":696,\"caption\":\"Radio Litoral\"},\"image\":{\"@id\":\"https:\\\/\\\/radiolitoral.com\\\/#\\\/schema\\\/logo\\\/image\\\/\"},\"sameAs\":[\"https:\\\/\\\/www.facebook.com\\\/Laradiolitoral\\\/\"]},{\"@type\":\"Person\",\"@id\":\"https:\\\/\\\/radiolitoral.com\\\/#\\\/schema\\\/person\\\/7b1480b5caeb5acdd4ec6379caf62b22\",\"name\":\"Javier Zamora\",\"image\":{\"@type\":\"ImageObject\",\"inLanguage\":\"ca\",\"@id\":\"https:\\\/\\\/secure.gravatar.com\\\/avatar\\\/467a11f6918c7d619c4043fc6fa2d3853053107973f05b6e9c04ea6c4e3a7b3f?s=96&d=mm&r=g\",\"url\":\"https:\\\/\\\/secure.gravatar.com\\\/avatar\\\/467a11f6918c7d619c4043fc6fa2d3853053107973f05b6e9c04ea6c4e3a7b3f?s=96&d=mm&r=g\",\"contentUrl\":\"https:\\\/\\\/secure.gravatar.com\\\/avatar\\\/467a11f6918c7d619c4043fc6fa2d3853053107973f05b6e9c04ea6c4e3a7b3f?s=96&d=mm&r=g\",\"caption\":\"Javier Zamora\"},\"url\":\"https:\\\/\\\/radiolitoral.com\\\/ca\\\/author\\\/javier-zamora\\\/\"}]}<\/script>\n<!-- \/ Yoast SEO plugin. -->","yoast_head_json":{"title":"D\u00e9nia seu dels XV Mini Jocs Ol\u00edmpics de la Marina Alta | R\u00e0dio Litoral","description":"Durant el cap de setmana l&#039;activitat esportiva ser\u00e0 m\u00e0xima amb la pres\u00e8ncia de 1.300 esportistes procedents de 17 municipis.","robots":{"index":"index","follow":"follow","max-snippet":"max-snippet:-1","max-image-preview":"max-image-preview:large","max-video-preview":"max-video-preview:-1"},"canonical":"https:\/\/radiolitoral.com\/ca\/2025\/05\/denia-seu-dels-xv-mini-jocs-olimpics-de-la-marina-alta\/","og_locale":"ca_ES","og_type":"article","og_title":"D\u00e9nia sede de los XV Mini Jocs Ol\u00edmpics de la Marina Alta | R\u00e0dio Litoral","og_description":"Durante el fin de semana la actividad deportiva ser\u00e1 m\u00e1xima con la presencia de 1.300 deportistas procedentes de 17 municipios Durante el fin de semana la actividad deportiva ser\u00e1 m\u00e1xima con la presencia de 1.300 deportistas procedentes de 17 municipios","og_url":"https:\/\/radiolitoral.com\/ca\/2025\/05\/denia-seu-dels-xv-mini-jocs-olimpics-de-la-marina-alta\/","og_site_name":"R\u00e0dio Litoral","article_publisher":"https:\/\/www.facebook.com\/Laradiolitoral\/","article_published_time":"2025-05-15T22:12:53+00:00","og_image":[{"width":1024,"height":660,"url":"https:\/\/media.radiolitoral.com\/wp-content\/uploads\/2025\/05\/13194916\/bandera-olimpica-sobre-la-pista-de-atletismo.jpg","type":"image\/jpeg"}],"author":"Javier Zamora","twitter_card":"summary_large_image","twitter_misc":{"Escrit per":"Javier Zamora","Temps estimat de lectura":"3 minuts"},"schema":{"@context":"https:\/\/schema.org","@graph":[{"@type":"NewsArticle","@id":"https:\/\/radiolitoral.com\/2025\/05\/denia-sede-de-los-xv-mini-jocs-olimpics-de-la-marina-alta\/#article","isPartOf":{"@id":"https:\/\/radiolitoral.com\/2025\/05\/denia-sede-de-los-xv-mini-jocs-olimpics-de-la-marina-alta\/"},"author":{"name":"Javier Zamora","@id":"https:\/\/radiolitoral.com\/#\/schema\/person\/7b1480b5caeb5acdd4ec6379caf62b22"},"headline":"D\u00e9nia sede de los XV Mini Jocs Ol\u00edmpics de la Marina Alta","datePublished":"2025-05-15T22:12:53+00:00","mainEntityOfPage":{"@id":"https:\/\/radiolitoral.com\/2025\/05\/denia-sede-de-los-xv-mini-jocs-olimpics-de-la-marina-alta\/"},"wordCount":453,"commentCount":0,"publisher":{"@id":"https:\/\/radiolitoral.com\/#organization"},"image":{"@id":"https:\/\/radiolitoral.com\/2025\/05\/denia-sede-de-los-xv-mini-jocs-olimpics-de-la-marina-alta\/#primaryimage"},"thumbnailUrl":"https:\/\/media.radiolitoral.com\/wp-content\/uploads\/2025\/05\/13194916\/bandera-olimpica-sobre-la-pista-de-atletismo.jpg","keywords":["Amadem","Ayuntamiento de D\u00e9nia","deportes","FB D\u00e9nia","Mini Jocs Ol\u00edmpics de la Marina Alta","Polideportivo Municipal de D\u00e9nia","Xarxa Esportiva de la Marina Alta"],"articleSection":["Deportes"],"inLanguage":"ca","potentialAction":[{"@type":"CommentAction","name":"Comment","target":["https:\/\/radiolitoral.com\/2025\/05\/denia-sede-de-los-xv-mini-jocs-olimpics-de-la-marina-alta\/#respond"]}]},{"@type":["WebPage","ItemPage"],"@id":"https:\/\/radiolitoral.com\/2025\/05\/denia-sede-de-los-xv-mini-jocs-olimpics-de-la-marina-alta\/","url":"https:\/\/radiolitoral.com\/2025\/05\/denia-sede-de-los-xv-mini-jocs-olimpics-de-la-marina-alta\/","name":"D\u00e9nia seu dels XV Mini Jocs Ol\u00edmpics de la Marina Alta | R\u00e0dio Litoral","isPartOf":{"@id":"https:\/\/radiolitoral.com\/#website"},"primaryImageOfPage":{"@id":"https:\/\/radiolitoral.com\/2025\/05\/denia-sede-de-los-xv-mini-jocs-olimpics-de-la-marina-alta\/#primaryimage"},"image":{"@id":"https:\/\/radiolitoral.com\/2025\/05\/denia-sede-de-los-xv-mini-jocs-olimpics-de-la-marina-alta\/#primaryimage"},"thumbnailUrl":"https:\/\/media.radiolitoral.com\/wp-content\/uploads\/2025\/05\/13194916\/bandera-olimpica-sobre-la-pista-de-atletismo.jpg","datePublished":"2025-05-15T22:12:53+00:00","description":"Durant el cap de setmana l&#039;activitat esportiva ser\u00e0 m\u00e0xima amb la pres\u00e8ncia de 1.300 esportistes procedents de 17 municipis.","breadcrumb":{"@id":"https:\/\/radiolitoral.com\/2025\/05\/denia-sede-de-los-xv-mini-jocs-olimpics-de-la-marina-alta\/#breadcrumb"},"inLanguage":"ca","potentialAction":[{"@type":"ReadAction","target":["https:\/\/radiolitoral.com\/2025\/05\/denia-sede-de-los-xv-mini-jocs-olimpics-de-la-marina-alta\/"]}]},{"@type":"ImageObject","inLanguage":"ca","@id":"https:\/\/radiolitoral.com\/2025\/05\/denia-sede-de-los-xv-mini-jocs-olimpics-de-la-marina-alta\/#primaryimage","url":"https:\/\/media.radiolitoral.com\/wp-content\/uploads\/2025\/05\/13194916\/bandera-olimpica-sobre-la-pista-de-atletismo.jpg","contentUrl":"https:\/\/media.radiolitoral.com\/wp-content\/uploads\/2025\/05\/13194916\/bandera-olimpica-sobre-la-pista-de-atletismo.jpg","width":1024,"height":660},{"@type":"BreadcrumbList","@id":"https:\/\/radiolitoral.com\/2025\/05\/denia-sede-de-los-xv-mini-jocs-olimpics-de-la-marina-alta\/#breadcrumb","itemListElement":[{"@type":"ListItem","position":1,"name":"Portada","item":"https:\/\/radiolitoral.com\/"},{"@type":"ListItem","position":2,"name":"D\u00e9nia sede de los XV Mini Jocs Ol\u00edmpics de la Marina Alta"}]},{"@type":"WebSite","@id":"https:\/\/radiolitoral.com\/#website","url":"https:\/\/radiolitoral.com\/","name":"R\u00e0dio Litoral","description":"La r\u00e0dio local de la Marina Alta","publisher":{"@id":"https:\/\/radiolitoral.com\/#organization"},"alternateName":"Litoral FM","potentialAction":[{"@type":"SearchAction","target":{"@type":"EntryPoint","urlTemplate":"https:\/\/radiolitoral.com\/?s={search_term_string}"},"query-input":{"@type":"PropertyValueSpecification","valueRequired":true,"valueName":"search_term_string"}}],"inLanguage":"ca"},{"@type":"Organization","@id":"https:\/\/radiolitoral.com\/#organization","name":"R\u00e0dio Litoral","url":"https:\/\/radiolitoral.com\/","logo":{"@type":"ImageObject","inLanguage":"ca","@id":"https:\/\/radiolitoral.com\/#\/schema\/logo\/image\/","url":"https:\/\/media.radiolitoral.com\/wp-content\/uploads\/2023\/02\/24143238\/CL-V-RadioLitoral696.png","contentUrl":"https:\/\/media.radiolitoral.com\/wp-content\/uploads\/2023\/02\/24143238\/CL-V-RadioLitoral696.png","width":696,"height":696,"caption":"Radio Litoral"},"image":{"@id":"https:\/\/radiolitoral.com\/#\/schema\/logo\/image\/"},"sameAs":["https:\/\/www.facebook.com\/Laradiolitoral\/"]},{"@type":"Person","@id":"https:\/\/radiolitoral.com\/#\/schema\/person\/7b1480b5caeb5acdd4ec6379caf62b22","name":"Javier Zamora","image":{"@type":"ImageObject","inLanguage":"ca","@id":"https:\/\/secure.gravatar.com\/avatar\/467a11f6918c7d619c4043fc6fa2d3853053107973f05b6e9c04ea6c4e3a7b3f?s=96&d=mm&r=g","url":"https:\/\/secure.gravatar.com\/avatar\/467a11f6918c7d619c4043fc6fa2d3853053107973f05b6e9c04ea6c4e3a7b3f?s=96&d=mm&r=g","contentUrl":"https:\/\/secure.gravatar.com\/avatar\/467a11f6918c7d619c4043fc6fa2d3853053107973f05b6e9c04ea6c4e3a7b3f?s=96&d=mm&r=g","caption":"Javier Zamora"},"url":"https:\/\/radiolitoral.com\/ca\/author\/javier-zamora\/"}]}},"_links":{"self":[{"href":"https:\/\/radiolitoral.com\/ca\/wp-json\/wp\/v2\/posts\/16713","targetHints":{"allow":["GET"]}}],"collection":[{"href":"https:\/\/radiolitoral.com\/ca\/wp-json\/wp\/v2\/posts"}],"about":[{"href":"https:\/\/radiolitoral.com\/ca\/wp-json\/wp\/v2\/types\/post"}],"author":[{"embeddable":true,"href":"https:\/\/radiolitoral.com\/ca\/wp-json\/wp\/v2\/users\/12"}],"replies":[{"embeddable":true,"href":"https:\/\/radiolitoral.com\/ca\/wp-json\/wp\/v2\/comments?post=16713"}],"version-history":[{"count":3,"href":"https:\/\/radiolitoral.com\/ca\/wp-json\/wp\/v2\/posts\/16713\/revisions"}],"predecessor-version":[{"id":16775,"href":"https:\/\/radiolitoral.com\/ca\/wp-json\/wp\/v2\/posts\/16713\/revisions\/16775"}],"wp:featuredmedia":[{"embeddable":true,"href":"https:\/\/radiolitoral.com\/ca\/wp-json\/wp\/v2\/media\/16714"}],"wp:attachment":[{"href":"https:\/\/radiolitoral.com\/ca\/wp-json\/wp\/v2\/media?parent=16713"}],"wp:term":[{"taxonomy":"category","embeddable":true,"href":"https:\/\/radiolitoral.com\/ca\/wp-json\/wp\/v2\/categories?post=16713"},{"taxonomy":"post_tag","embeddable":true,"href":"https:\/\/radiolitoral.com\/ca\/wp-json\/wp\/v2\/tags?post=16713"}],"curies":[{"name":"wp","href":"https:\/\/api.w.org\/{rel}","templated":true}]}}