{"id":1671,"date":"2023-03-27T17:47:33","date_gmt":"2023-03-27T15:47:33","guid":{"rendered":"https:\/\/radiolitoral.com\/?p=1671"},"modified":"2023-03-27T17:50:17","modified_gmt":"2023-03-27T15:50:17","slug":"primer-dia-de-classe-al-nou-ceipso-de-xalo-amb-la-visita-de-la-consellera-deducacio","status":"publish","type":"post","link":"https:\/\/radiolitoral.com\/ca\/2023\/03\/primer-dia-de-clase-en-el-nuevo-ceipso-de-xalo-con-la-visita-de-la-consellera-de-educacion\/","title":{"rendered":"Primer dia de classe al nou CEIPSO de Xal\u00f3 amb la visita de la consellera d&#039;Educaci\u00f3"},"content":{"rendered":"<p>Avui els estudiants de <strong>Xal\u00f3<\/strong> estan d&#039;estrena. Despr\u00e9s de la jornada de portes obertes del nou col\u00b7legi institut Serra de B\u00e8rnia, celebrada ahir, arrenca l&#039;activitat lectiva a les flamants instal\u00b7lacions educatives. <strong>Primer dia de classe al nou CEIPSO<\/strong>, que ha comptat amb la <strong>visita de la Consellera d&#039;Educaci\u00f3, Cultura i Esport, Raquel Tamarit<\/strong>.<\/p>\n<p>Cal remarcar que aquest \u00e9s el primer centre de tota la prov\u00edncia d&#039;Alacant amb unes caracter\u00edstiques espec\u00edfiques, que permetran als alumnes desenvolupar tota l&#039;educaci\u00f3 obligat\u00f2ria, <strong>des dels 2 anys i fins als 16, a les mateixes instal\u00b7lacions<\/strong>. Un projecte que ja \u00e9s realitat que d\u00f3na resposta a una demanda hist\u00f2rica de la comunitat educativa i que n&#039;ha suposat una <strong>inversi\u00f3 de m\u00e9s de 8 milions<\/strong> d&#039;euros, sufragats pel govern valenci\u00e0.<\/p>\n<p>Tamarit ha acompanyat els nens i nenes, el professorat, l&#039;AMPA, l&#039;alcalde, Joan Miquel Garc\u00e9s, i els representants institucionals en una cercavila des de l&#039;Ajuntament de Xal\u00f3 fins al centre educatiu. All\u00ed ha pogut viure el primer dia de classe a les<strong> noves instal\u00b7lacions dels 260 alumnes i els 28 mestres<\/strong>, en un nou espai educatiu, constru\u00eft de nova planta.<\/p>\n<audio class=\"wp-audio-shortcode\" id=\"audio-1671-1\" preload=\"none\" style=\"width: 100%;\" controls=\"controls\"><source type=\"audio\/mpeg\" src=\"https:\/\/media.radiolitoral.com\/wp-content\/uploads\/2023\/03\/27173733\/Tamarit-1.mp3?_=1\" \/><a href=\"https:\/\/media.radiolitoral.com\/wp-content\/uploads\/2023\/03\/27173733\/Tamarit-1.mp3\">https:\/\/media.radiolitoral.com\/wp-content\/uploads\/2023\/03\/27173733\/Tamarit-1.mp3<\/a><\/audio>\n<p>La segona fase d&#039;obra comen\u00e7ar\u00e0 els propers dies, ara que l&#039;alumnat ja s&#039;ha traslladat a les noves instal\u00b7lacions. S&#039;enderrocar\u00e0 el vell col\u00b7legi per aixecar al mateix lloc el gimn\u00e0s i les pistes esportives. Hi haur\u00e0 un camp d&#039;handbol\/futbol, dos camps de b\u00e0squet i un de voleibol. La previsi\u00f3 \u00e9s que les obres d&#039;aquesta segona fase finalitzin al llarg del proper mes de setembre.<\/p>\n<p>Des de l&#039;ajuntament, el<strong> alcalde, Joan Miquel Garc\u00e9s<\/strong>, ha mostrat la seva satisfacci\u00f3 davant de la Consellera per haver aconseguit fer realitat un somni. Una demanda pendent d&#039;execuci\u00f3 des de feia diverses d\u00e8cades.<\/p>\n<audio class=\"wp-audio-shortcode\" id=\"audio-1671-2\" preload=\"none\" style=\"width: 100%;\" controls=\"controls\"><source type=\"audio\/mpeg\" src=\"https:\/\/media.radiolitoral.com\/wp-content\/uploads\/2023\/03\/27173823\/Joan-Miquel-Garces.mp3?_=2\" \/><a href=\"https:\/\/media.radiolitoral.com\/wp-content\/uploads\/2023\/03\/27173823\/Joan-Miquel-Garces.mp3\">https:\/\/media.radiolitoral.com\/wp-content\/uploads\/2023\/03\/27173823\/Joan-Miquel-Garces.mp3<\/a><\/audio>","protected":false},"excerpt":{"rendered":"<p>Hoy los estudiantes de Xal\u00f3 est\u00e1n de estreno. Tras la jornada de puertas abiertas del nuevo colegio instituto Serra de B\u00e8rnia, celebrada ayer, arranca la actividad lectiva en las flamantes instalaciones educativas. Primer d\u00eda de clase en el nuevo CEIPSO, que ha contado con la visita de la Consellera de Educaci\u00f3n, Cultura y Deporte, Raquel [&#8230;]<\/p>\n<p><a class=\"btn btn-secondary understrap-read-more-link\" href=\"https:\/\/radiolitoral.com\/ca\/2023\/03\/primer-dia-de-clase-en-el-nuevo-ceipso-de-xalo-con-la-visita-de-la-consellera-de-educacion\/\">Continua llegint&#8230;<span class=\"screen-reader-text\"> from Primer d\u00eda de clase en el nuevo CEIPSO de Xal\u00f3 con la visita de la consellera de Educaci\u00f3n<\/span><\/a><\/p>\n","protected":false},"author":13,"featured_media":1674,"comment_status":"open","ping_status":"closed","sticky":false,"template":"","format":"standard","meta":{"_acf_changed":false,"inline_featured_image":false,"footnotes":""},"categories":[130],"tags":[322,338,337,133],"class_list":["post-1671","post","type-post","status-publish","format-standard","has-post-thumbnail","hentry","category-educacion","tag-educacion-xalo","tag-nuevo-colegio-xalo","tag-visita-consellera-educacion","tag-xalo","cobertura-xalo"],"acf":[],"yoast_head":"<!-- This site is optimized with the Yoast SEO plugin v27.5 - https:\/\/yoast.com\/product\/yoast-seo-wordpress\/ -->\n<title>Primer d\u00eda de clase en el nuevo CEIPSO de Xal\u00f3 con la visita de la consellera de Educaci\u00f3n | R\u00e0dio Litoral<\/title>\n<meta name=\"description\" content=\"Es el primer centro de la provincia que acoge toda la educaci\u00f3n obligatoria, desde los 2 a\u00f1os y hasta los 16\" \/>\n<meta name=\"robots\" content=\"index, follow, max-snippet:-1, max-image-preview:large, max-video-preview:-1\" \/>\n<link rel=\"canonical\" href=\"https:\/\/radiolitoral.com\/ca\/2023\/03\/primer-dia-de-classe-al-nou-ceipso-de-xalo-amb-la-visita-de-la-consellera-deducacio\/\" \/>\n<meta property=\"og:locale\" content=\"ca_ES\" \/>\n<meta property=\"og:type\" content=\"article\" \/>\n<meta property=\"og:title\" content=\"Primer d\u00eda de clase en el nuevo CEIPSO de Xal\u00f3 con la visita de la consellera de Educaci\u00f3n | R\u00e0dio Litoral\" \/>\n<meta property=\"og:description\" content=\"Es el primer centro de la provincia que acoge toda la educaci\u00f3n obligatoria, desde los 2 a\u00f1os y hasta los 16\" \/>\n<meta property=\"og:url\" content=\"https:\/\/radiolitoral.com\/ca\/2023\/03\/primer-dia-de-classe-al-nou-ceipso-de-xalo-amb-la-visita-de-la-consellera-deducacio\/\" \/>\n<meta property=\"og:site_name\" content=\"R\u00e0dio Litoral\" \/>\n<meta property=\"article:publisher\" content=\"https:\/\/www.facebook.com\/Laradiolitoral\/\" \/>\n<meta property=\"article:published_time\" content=\"2023-03-27T15:47:33+00:00\" \/>\n<meta property=\"article:modified_time\" content=\"2023-03-27T15:50:17+00:00\" \/>\n<meta property=\"og:image\" content=\"https:\/\/media.radiolitoral.com\/wp-content\/uploads\/2023\/03\/27174727\/INSTITUT-ESCOLA-XALO-01.jpeg\" \/>\n\t<meta property=\"og:image:width\" content=\"1014\" \/>\n\t<meta property=\"og:image:height\" content=\"676\" \/>\n\t<meta property=\"og:image:type\" content=\"image\/jpeg\" \/>\n<meta name=\"author\" content=\"Redacci\u00f3n\" \/>\n<meta name=\"twitter:card\" content=\"summary_large_image\" \/>\n<meta name=\"twitter:label1\" content=\"Escrit per\" \/>\n\t<meta name=\"twitter:data1\" content=\"Redacci\u00f3n\" \/>\n\t<meta name=\"twitter:label2\" content=\"Temps estimat de lectura\" \/>\n\t<meta name=\"twitter:data2\" content=\"2 minuts\" \/>\n<script type=\"application\/ld+json\" class=\"yoast-schema-graph\">{\"@context\":\"https:\\\/\\\/schema.org\",\"@graph\":[{\"@type\":\"NewsArticle\",\"@id\":\"https:\\\/\\\/radiolitoral.com\\\/2023\\\/03\\\/primer-dia-de-clase-en-el-nuevo-ceipso-de-xalo-con-la-visita-de-la-consellera-de-educacion\\\/#article\",\"isPartOf\":{\"@id\":\"https:\\\/\\\/radiolitoral.com\\\/2023\\\/03\\\/primer-dia-de-clase-en-el-nuevo-ceipso-de-xalo-con-la-visita-de-la-consellera-de-educacion\\\/\"},\"author\":{\"name\":\"Redacci\u00f3n\",\"@id\":\"https:\\\/\\\/radiolitoral.com\\\/#\\\/schema\\\/person\\\/f2b2343c49b5d721857cc1002bfdb151\"},\"headline\":\"Primer d\u00eda de clase en el nuevo CEIPSO de Xal\u00f3 con la visita de la consellera de Educaci\u00f3n\",\"datePublished\":\"2023-03-27T15:47:33+00:00\",\"dateModified\":\"2023-03-27T15:50:17+00:00\",\"mainEntityOfPage\":{\"@id\":\"https:\\\/\\\/radiolitoral.com\\\/2023\\\/03\\\/primer-dia-de-clase-en-el-nuevo-ceipso-de-xalo-con-la-visita-de-la-consellera-de-educacion\\\/\"},\"wordCount\":361,\"commentCount\":0,\"publisher\":{\"@id\":\"https:\\\/\\\/radiolitoral.com\\\/#organization\"},\"image\":{\"@id\":\"https:\\\/\\\/radiolitoral.com\\\/2023\\\/03\\\/primer-dia-de-clase-en-el-nuevo-ceipso-de-xalo-con-la-visita-de-la-consellera-de-educacion\\\/#primaryimage\"},\"thumbnailUrl\":\"https:\\\/\\\/media.radiolitoral.com\\\/wp-content\\\/uploads\\\/2023\\\/03\\\/27174727\\\/INSTITUT-ESCOLA-XALO-01.jpeg\",\"keywords\":[\"educaci\u00f3n Xal\u00f3\",\"nuevo colegio Xal\u00f3\",\"visita consellera Educaci\u00f3n\",\"Xal\u00f3\"],\"articleSection\":[\"Educaci\u00f3n\"],\"inLanguage\":\"ca\",\"potentialAction\":[{\"@type\":\"CommentAction\",\"name\":\"Comment\",\"target\":[\"https:\\\/\\\/radiolitoral.com\\\/2023\\\/03\\\/primer-dia-de-clase-en-el-nuevo-ceipso-de-xalo-con-la-visita-de-la-consellera-de-educacion\\\/#respond\"]}]},{\"@type\":[\"WebPage\",\"ItemPage\"],\"@id\":\"https:\\\/\\\/radiolitoral.com\\\/2023\\\/03\\\/primer-dia-de-clase-en-el-nuevo-ceipso-de-xalo-con-la-visita-de-la-consellera-de-educacion\\\/\",\"url\":\"https:\\\/\\\/radiolitoral.com\\\/2023\\\/03\\\/primer-dia-de-clase-en-el-nuevo-ceipso-de-xalo-con-la-visita-de-la-consellera-de-educacion\\\/\",\"name\":\"Primer d\u00eda de clase en el nuevo CEIPSO de Xal\u00f3 con la visita de la consellera de Educaci\u00f3n | R\u00e0dio Litoral\",\"isPartOf\":{\"@id\":\"https:\\\/\\\/radiolitoral.com\\\/#website\"},\"primaryImageOfPage\":{\"@id\":\"https:\\\/\\\/radiolitoral.com\\\/2023\\\/03\\\/primer-dia-de-clase-en-el-nuevo-ceipso-de-xalo-con-la-visita-de-la-consellera-de-educacion\\\/#primaryimage\"},\"image\":{\"@id\":\"https:\\\/\\\/radiolitoral.com\\\/2023\\\/03\\\/primer-dia-de-clase-en-el-nuevo-ceipso-de-xalo-con-la-visita-de-la-consellera-de-educacion\\\/#primaryimage\"},\"thumbnailUrl\":\"https:\\\/\\\/media.radiolitoral.com\\\/wp-content\\\/uploads\\\/2023\\\/03\\\/27174727\\\/INSTITUT-ESCOLA-XALO-01.jpeg\",\"datePublished\":\"2023-03-27T15:47:33+00:00\",\"dateModified\":\"2023-03-27T15:50:17+00:00\",\"description\":\"Es el primer centro de la provincia que acoge toda la educaci\u00f3n obligatoria, desde los 2 a\u00f1os y hasta los 16\",\"breadcrumb\":{\"@id\":\"https:\\\/\\\/radiolitoral.com\\\/2023\\\/03\\\/primer-dia-de-clase-en-el-nuevo-ceipso-de-xalo-con-la-visita-de-la-consellera-de-educacion\\\/#breadcrumb\"},\"inLanguage\":\"ca\",\"potentialAction\":[{\"@type\":\"ReadAction\",\"target\":[\"https:\\\/\\\/radiolitoral.com\\\/2023\\\/03\\\/primer-dia-de-clase-en-el-nuevo-ceipso-de-xalo-con-la-visita-de-la-consellera-de-educacion\\\/\"]}]},{\"@type\":\"ImageObject\",\"inLanguage\":\"ca\",\"@id\":\"https:\\\/\\\/radiolitoral.com\\\/2023\\\/03\\\/primer-dia-de-clase-en-el-nuevo-ceipso-de-xalo-con-la-visita-de-la-consellera-de-educacion\\\/#primaryimage\",\"url\":\"https:\\\/\\\/media.radiolitoral.com\\\/wp-content\\\/uploads\\\/2023\\\/03\\\/27174727\\\/INSTITUT-ESCOLA-XALO-01.jpeg\",\"contentUrl\":\"https:\\\/\\\/media.radiolitoral.com\\\/wp-content\\\/uploads\\\/2023\\\/03\\\/27174727\\\/INSTITUT-ESCOLA-XALO-01.jpeg\",\"width\":1014,\"height\":676},{\"@type\":\"BreadcrumbList\",\"@id\":\"https:\\\/\\\/radiolitoral.com\\\/2023\\\/03\\\/primer-dia-de-clase-en-el-nuevo-ceipso-de-xalo-con-la-visita-de-la-consellera-de-educacion\\\/#breadcrumb\",\"itemListElement\":[{\"@type\":\"ListItem\",\"position\":1,\"name\":\"Portada\",\"item\":\"https:\\\/\\\/radiolitoral.com\\\/\"},{\"@type\":\"ListItem\",\"position\":2,\"name\":\"Primer d\u00eda de clase en el nuevo CEIPSO de Xal\u00f3 con la visita de la consellera de Educaci\u00f3n\"}]},{\"@type\":\"WebSite\",\"@id\":\"https:\\\/\\\/radiolitoral.com\\\/#website\",\"url\":\"https:\\\/\\\/radiolitoral.com\\\/\",\"name\":\"Radio Litoral\",\"description\":\"La radio local de la Marina Alta\",\"publisher\":{\"@id\":\"https:\\\/\\\/radiolitoral.com\\\/#organization\"},\"alternateName\":\"Litoral FM\",\"potentialAction\":[{\"@type\":\"SearchAction\",\"target\":{\"@type\":\"EntryPoint\",\"urlTemplate\":\"https:\\\/\\\/radiolitoral.com\\\/?s={search_term_string}\"},\"query-input\":{\"@type\":\"PropertyValueSpecification\",\"valueRequired\":true,\"valueName\":\"search_term_string\"}}],\"inLanguage\":\"ca\"},{\"@type\":\"Organization\",\"@id\":\"https:\\\/\\\/radiolitoral.com\\\/#organization\",\"name\":\"Radio Litoral\",\"url\":\"https:\\\/\\\/radiolitoral.com\\\/\",\"logo\":{\"@type\":\"ImageObject\",\"inLanguage\":\"ca\",\"@id\":\"https:\\\/\\\/radiolitoral.com\\\/#\\\/schema\\\/logo\\\/image\\\/\",\"url\":\"https:\\\/\\\/media.radiolitoral.com\\\/wp-content\\\/uploads\\\/2023\\\/02\\\/24143238\\\/CL-V-RadioLitoral696.png\",\"contentUrl\":\"https:\\\/\\\/media.radiolitoral.com\\\/wp-content\\\/uploads\\\/2023\\\/02\\\/24143238\\\/CL-V-RadioLitoral696.png\",\"width\":696,\"height\":696,\"caption\":\"Radio Litoral\"},\"image\":{\"@id\":\"https:\\\/\\\/radiolitoral.com\\\/#\\\/schema\\\/logo\\\/image\\\/\"},\"sameAs\":[\"https:\\\/\\\/www.facebook.com\\\/Laradiolitoral\\\/\"]},{\"@type\":\"Person\",\"@id\":\"https:\\\/\\\/radiolitoral.com\\\/#\\\/schema\\\/person\\\/f2b2343c49b5d721857cc1002bfdb151\",\"name\":\"Redacci\u00f3n\",\"image\":{\"@type\":\"ImageObject\",\"inLanguage\":\"ca\",\"@id\":\"https:\\\/\\\/secure.gravatar.com\\\/avatar\\\/f771d896c203ad8b3382d7905cfcce5a5c9b008b84b3cd9114e9b9f4cb63f789?s=96&d=mm&r=g\",\"url\":\"https:\\\/\\\/secure.gravatar.com\\\/avatar\\\/f771d896c203ad8b3382d7905cfcce5a5c9b008b84b3cd9114e9b9f4cb63f789?s=96&d=mm&r=g\",\"contentUrl\":\"https:\\\/\\\/secure.gravatar.com\\\/avatar\\\/f771d896c203ad8b3382d7905cfcce5a5c9b008b84b3cd9114e9b9f4cb63f789?s=96&d=mm&r=g\",\"caption\":\"Redacci\u00f3n\"},\"url\":\"https:\\\/\\\/radiolitoral.com\\\/ca\\\/author\\\/miriam-pagan\\\/\"}]}<\/script>\n<!-- \/ Yoast SEO plugin. -->","yoast_head_json":{"title":"Primer dia de classe al nou CEIPSO de Xal\u00f3 amb la visita de la consellera d&#039;Educaci\u00f3 | R\u00e0dio Litoral","description":"\u00c9s el primer centre de la prov\u00edncia que acull tota l&#039;educaci\u00f3 obligat\u00f2ria, des dels 2 anys i fins als 16 anys","robots":{"index":"index","follow":"follow","max-snippet":"max-snippet:-1","max-image-preview":"max-image-preview:large","max-video-preview":"max-video-preview:-1"},"canonical":"https:\/\/radiolitoral.com\/ca\/2023\/03\/primer-dia-de-classe-al-nou-ceipso-de-xalo-amb-la-visita-de-la-consellera-deducacio\/","og_locale":"ca_ES","og_type":"article","og_title":"Primer d\u00eda de clase en el nuevo CEIPSO de Xal\u00f3 con la visita de la consellera de Educaci\u00f3n | R\u00e0dio Litoral","og_description":"Es el primer centro de la provincia que acoge toda la educaci\u00f3n obligatoria, desde los 2 a\u00f1os y hasta los 16","og_url":"https:\/\/radiolitoral.com\/ca\/2023\/03\/primer-dia-de-classe-al-nou-ceipso-de-xalo-amb-la-visita-de-la-consellera-deducacio\/","og_site_name":"R\u00e0dio Litoral","article_publisher":"https:\/\/www.facebook.com\/Laradiolitoral\/","article_published_time":"2023-03-27T15:47:33+00:00","article_modified_time":"2023-03-27T15:50:17+00:00","og_image":[{"width":1014,"height":676,"url":"https:\/\/media.radiolitoral.com\/wp-content\/uploads\/2023\/03\/27174727\/INSTITUT-ESCOLA-XALO-01.jpeg","type":"image\/jpeg"}],"author":"Redacci\u00f3n","twitter_card":"summary_large_image","twitter_misc":{"Escrit per":"Redacci\u00f3n","Temps estimat de lectura":"2 minuts"},"schema":{"@context":"https:\/\/schema.org","@graph":[{"@type":"NewsArticle","@id":"https:\/\/radiolitoral.com\/2023\/03\/primer-dia-de-clase-en-el-nuevo-ceipso-de-xalo-con-la-visita-de-la-consellera-de-educacion\/#article","isPartOf":{"@id":"https:\/\/radiolitoral.com\/2023\/03\/primer-dia-de-clase-en-el-nuevo-ceipso-de-xalo-con-la-visita-de-la-consellera-de-educacion\/"},"author":{"name":"Redacci\u00f3n","@id":"https:\/\/radiolitoral.com\/#\/schema\/person\/f2b2343c49b5d721857cc1002bfdb151"},"headline":"Primer d\u00eda de clase en el nuevo CEIPSO de Xal\u00f3 con la visita de la consellera de Educaci\u00f3n","datePublished":"2023-03-27T15:47:33+00:00","dateModified":"2023-03-27T15:50:17+00:00","mainEntityOfPage":{"@id":"https:\/\/radiolitoral.com\/2023\/03\/primer-dia-de-clase-en-el-nuevo-ceipso-de-xalo-con-la-visita-de-la-consellera-de-educacion\/"},"wordCount":361,"commentCount":0,"publisher":{"@id":"https:\/\/radiolitoral.com\/#organization"},"image":{"@id":"https:\/\/radiolitoral.com\/2023\/03\/primer-dia-de-clase-en-el-nuevo-ceipso-de-xalo-con-la-visita-de-la-consellera-de-educacion\/#primaryimage"},"thumbnailUrl":"https:\/\/media.radiolitoral.com\/wp-content\/uploads\/2023\/03\/27174727\/INSTITUT-ESCOLA-XALO-01.jpeg","keywords":["educaci\u00f3n Xal\u00f3","nuevo colegio Xal\u00f3","visita consellera Educaci\u00f3n","Xal\u00f3"],"articleSection":["Educaci\u00f3n"],"inLanguage":"ca","potentialAction":[{"@type":"CommentAction","name":"Comment","target":["https:\/\/radiolitoral.com\/2023\/03\/primer-dia-de-clase-en-el-nuevo-ceipso-de-xalo-con-la-visita-de-la-consellera-de-educacion\/#respond"]}]},{"@type":["WebPage","ItemPage"],"@id":"https:\/\/radiolitoral.com\/2023\/03\/primer-dia-de-clase-en-el-nuevo-ceipso-de-xalo-con-la-visita-de-la-consellera-de-educacion\/","url":"https:\/\/radiolitoral.com\/2023\/03\/primer-dia-de-clase-en-el-nuevo-ceipso-de-xalo-con-la-visita-de-la-consellera-de-educacion\/","name":"Primer dia de classe al nou CEIPSO de Xal\u00f3 amb la visita de la consellera d&#039;Educaci\u00f3 | R\u00e0dio Litoral","isPartOf":{"@id":"https:\/\/radiolitoral.com\/#website"},"primaryImageOfPage":{"@id":"https:\/\/radiolitoral.com\/2023\/03\/primer-dia-de-clase-en-el-nuevo-ceipso-de-xalo-con-la-visita-de-la-consellera-de-educacion\/#primaryimage"},"image":{"@id":"https:\/\/radiolitoral.com\/2023\/03\/primer-dia-de-clase-en-el-nuevo-ceipso-de-xalo-con-la-visita-de-la-consellera-de-educacion\/#primaryimage"},"thumbnailUrl":"https:\/\/media.radiolitoral.com\/wp-content\/uploads\/2023\/03\/27174727\/INSTITUT-ESCOLA-XALO-01.jpeg","datePublished":"2023-03-27T15:47:33+00:00","dateModified":"2023-03-27T15:50:17+00:00","description":"\u00c9s el primer centre de la prov\u00edncia que acull tota l&#039;educaci\u00f3 obligat\u00f2ria, des dels 2 anys i fins als 16 anys","breadcrumb":{"@id":"https:\/\/radiolitoral.com\/2023\/03\/primer-dia-de-clase-en-el-nuevo-ceipso-de-xalo-con-la-visita-de-la-consellera-de-educacion\/#breadcrumb"},"inLanguage":"ca","potentialAction":[{"@type":"ReadAction","target":["https:\/\/radiolitoral.com\/2023\/03\/primer-dia-de-clase-en-el-nuevo-ceipso-de-xalo-con-la-visita-de-la-consellera-de-educacion\/"]}]},{"@type":"ImageObject","inLanguage":"ca","@id":"https:\/\/radiolitoral.com\/2023\/03\/primer-dia-de-clase-en-el-nuevo-ceipso-de-xalo-con-la-visita-de-la-consellera-de-educacion\/#primaryimage","url":"https:\/\/media.radiolitoral.com\/wp-content\/uploads\/2023\/03\/27174727\/INSTITUT-ESCOLA-XALO-01.jpeg","contentUrl":"https:\/\/media.radiolitoral.com\/wp-content\/uploads\/2023\/03\/27174727\/INSTITUT-ESCOLA-XALO-01.jpeg","width":1014,"height":676},{"@type":"BreadcrumbList","@id":"https:\/\/radiolitoral.com\/2023\/03\/primer-dia-de-clase-en-el-nuevo-ceipso-de-xalo-con-la-visita-de-la-consellera-de-educacion\/#breadcrumb","itemListElement":[{"@type":"ListItem","position":1,"name":"Portada","item":"https:\/\/radiolitoral.com\/"},{"@type":"ListItem","position":2,"name":"Primer d\u00eda de clase en el nuevo CEIPSO de Xal\u00f3 con la visita de la consellera de Educaci\u00f3n"}]},{"@type":"WebSite","@id":"https:\/\/radiolitoral.com\/#website","url":"https:\/\/radiolitoral.com\/","name":"R\u00e0dio Litoral","description":"La r\u00e0dio local de la Marina Alta","publisher":{"@id":"https:\/\/radiolitoral.com\/#organization"},"alternateName":"Litoral FM","potentialAction":[{"@type":"SearchAction","target":{"@type":"EntryPoint","urlTemplate":"https:\/\/radiolitoral.com\/?s={search_term_string}"},"query-input":{"@type":"PropertyValueSpecification","valueRequired":true,"valueName":"search_term_string"}}],"inLanguage":"ca"},{"@type":"Organization","@id":"https:\/\/radiolitoral.com\/#organization","name":"R\u00e0dio Litoral","url":"https:\/\/radiolitoral.com\/","logo":{"@type":"ImageObject","inLanguage":"ca","@id":"https:\/\/radiolitoral.com\/#\/schema\/logo\/image\/","url":"https:\/\/media.radiolitoral.com\/wp-content\/uploads\/2023\/02\/24143238\/CL-V-RadioLitoral696.png","contentUrl":"https:\/\/media.radiolitoral.com\/wp-content\/uploads\/2023\/02\/24143238\/CL-V-RadioLitoral696.png","width":696,"height":696,"caption":"Radio Litoral"},"image":{"@id":"https:\/\/radiolitoral.com\/#\/schema\/logo\/image\/"},"sameAs":["https:\/\/www.facebook.com\/Laradiolitoral\/"]},{"@type":"Person","@id":"https:\/\/radiolitoral.com\/#\/schema\/person\/f2b2343c49b5d721857cc1002bfdb151","name":"Redacci\u00f3","image":{"@type":"ImageObject","inLanguage":"ca","@id":"https:\/\/secure.gravatar.com\/avatar\/f771d896c203ad8b3382d7905cfcce5a5c9b008b84b3cd9114e9b9f4cb63f789?s=96&d=mm&r=g","url":"https:\/\/secure.gravatar.com\/avatar\/f771d896c203ad8b3382d7905cfcce5a5c9b008b84b3cd9114e9b9f4cb63f789?s=96&d=mm&r=g","contentUrl":"https:\/\/secure.gravatar.com\/avatar\/f771d896c203ad8b3382d7905cfcce5a5c9b008b84b3cd9114e9b9f4cb63f789?s=96&d=mm&r=g","caption":"Redacci\u00f3n"},"url":"https:\/\/radiolitoral.com\/ca\/author\/miriam-pagan\/"}]}},"_links":{"self":[{"href":"https:\/\/radiolitoral.com\/ca\/wp-json\/wp\/v2\/posts\/1671","targetHints":{"allow":["GET"]}}],"collection":[{"href":"https:\/\/radiolitoral.com\/ca\/wp-json\/wp\/v2\/posts"}],"about":[{"href":"https:\/\/radiolitoral.com\/ca\/wp-json\/wp\/v2\/types\/post"}],"author":[{"embeddable":true,"href":"https:\/\/radiolitoral.com\/ca\/wp-json\/wp\/v2\/users\/13"}],"replies":[{"embeddable":true,"href":"https:\/\/radiolitoral.com\/ca\/wp-json\/wp\/v2\/comments?post=1671"}],"version-history":[{"count":2,"href":"https:\/\/radiolitoral.com\/ca\/wp-json\/wp\/v2\/posts\/1671\/revisions"}],"predecessor-version":[{"id":1677,"href":"https:\/\/radiolitoral.com\/ca\/wp-json\/wp\/v2\/posts\/1671\/revisions\/1677"}],"wp:featuredmedia":[{"embeddable":true,"href":"https:\/\/radiolitoral.com\/ca\/wp-json\/wp\/v2\/media\/1674"}],"wp:attachment":[{"href":"https:\/\/radiolitoral.com\/ca\/wp-json\/wp\/v2\/media?parent=1671"}],"wp:term":[{"taxonomy":"category","embeddable":true,"href":"https:\/\/radiolitoral.com\/ca\/wp-json\/wp\/v2\/categories?post=1671"},{"taxonomy":"post_tag","embeddable":true,"href":"https:\/\/radiolitoral.com\/ca\/wp-json\/wp\/v2\/tags?post=1671"}],"curies":[{"name":"wp","href":"https:\/\/api.w.org\/{rel}","templated":true}]}}