{"id":16688,"date":"2025-05-13T10:08:37","date_gmt":"2025-05-13T08:08:37","guid":{"rendered":"https:\/\/radiolitoral.com\/?p=16688"},"modified":"2025-05-13T10:08:57","modified_gmt":"2025-05-13T08:08:57","slug":"benissa-avalua-crear-una-entitat-de-gestio-per-impulsar-el-poligon-la-pedrera","status":"publish","type":"post","link":"https:\/\/radiolitoral.com\/ca\/2025\/05\/benissa-evalua-crear-una-entidad-de-gestion-para-impulsar-el-poligono-la-pedrera\/","title":{"rendered":"Benissa avalua crear una Entitat de Gesti\u00f3 per impulsar el Pol\u00edgon La Pedrera"},"content":{"rendered":"<p data-pm-slice=\"1 1 []\">El <strong>Ajuntament de Benissa<\/strong>, des de la Regidoria de Comer\u00e7 i Promoci\u00f3 Econ\u00f2mica i amb el suport de <strong>Creama Benissa<\/strong>, ha organitzat recentment una trobada amb empresaris del <strong>Pol\u00edgon Industrial La Pedrera<\/strong> per valorar la constituci\u00f3 d&#039;una <strong>Entitat de Gesti\u00f3 i Modernitzaci\u00f3 (EGM)<\/strong>.<\/p>\n<p>A la reuni\u00f3 van assistir representants rellevants del sector empresarial local i autoritats pol\u00edtiques. Entre els presents hi havia Diego Rom\u00e0, president de FEPEVAL; Francisco P\u00e9rez, president de l&#039;EGM Les Galgues a Pedreguer; Roberto Box, regidor de l&#039;\u00e0rea econ\u00f2mica, i Arturo Poquet, batle de Benissa.<\/p>\n<figure id=\"attachment_16690\" aria-describedby=\"caption-attachment-16690\" style=\"width: 2560px\" class=\"wp-caption aligncenter\"><a href=\"https:\/\/media.radiolitoral.com\/wp-content\/uploads\/2025\/05\/13100733\/Alcalde-de-Benissa-junto-a-miembros-de-FEVEPAL-y-poligono-indstrial-Pedreguer-scaled.jpeg\"><img loading=\"lazy\" decoding=\"async\" class=\"wp-image-16690 size-full\" src=\"https:\/\/media.radiolitoral.com\/wp-content\/uploads\/2025\/05\/13100733\/Alcalde-de-Benissa-junto-a-miembros-de-FEVEPAL-y-poligono-indstrial-Pedreguer-scaled.jpeg\" alt=\"\" width=\"2560\" height=\"1733\" srcset=\"https:\/\/media.radiolitoral.com\/wp-content\/uploads\/2025\/05\/13100733\/Alcalde-de-Benissa-junto-a-miembros-de-FEVEPAL-y-poligono-indstrial-Pedreguer-scaled.jpeg 2560w, https:\/\/media.radiolitoral.com\/wp-content\/uploads\/2025\/05\/13100733\/Alcalde-de-Benissa-junto-a-miembros-de-FEVEPAL-y-poligono-indstrial-Pedreguer-300x203.jpeg 300w, https:\/\/media.radiolitoral.com\/wp-content\/uploads\/2025\/05\/13100733\/Alcalde-de-Benissa-junto-a-miembros-de-FEVEPAL-y-poligono-indstrial-Pedreguer-1024x693.jpeg 1024w, https:\/\/media.radiolitoral.com\/wp-content\/uploads\/2025\/05\/13100733\/Alcalde-de-Benissa-junto-a-miembros-de-FEVEPAL-y-poligono-indstrial-Pedreguer-768x520.jpeg 768w, https:\/\/media.radiolitoral.com\/wp-content\/uploads\/2025\/05\/13100733\/Alcalde-de-Benissa-junto-a-miembros-de-FEVEPAL-y-poligono-indstrial-Pedreguer-1536x1040.jpeg 1536w, https:\/\/media.radiolitoral.com\/wp-content\/uploads\/2025\/05\/13100733\/Alcalde-de-Benissa-junto-a-miembros-de-FEVEPAL-y-poligono-indstrial-Pedreguer-2048x1386.jpeg 2048w, https:\/\/media.radiolitoral.com\/wp-content\/uploads\/2025\/05\/13100733\/Alcalde-de-Benissa-junto-a-miembros-de-FEVEPAL-y-poligono-indstrial-Pedreguer-18x12.jpeg 18w, https:\/\/media.radiolitoral.com\/wp-content\/uploads\/2025\/05\/13100733\/Alcalde-de-Benissa-junto-a-miembros-de-FEVEPAL-y-poligono-indstrial-Pedreguer-1000x677.jpeg 1000w, https:\/\/media.radiolitoral.com\/wp-content\/uploads\/2025\/05\/13100733\/Alcalde-de-Benissa-junto-a-miembros-de-FEVEPAL-y-poligono-indstrial-Pedreguer-100x68.jpeg 100w, https:\/\/media.radiolitoral.com\/wp-content\/uploads\/2025\/05\/13100733\/Alcalde-de-Benissa-junto-a-miembros-de-FEVEPAL-y-poligono-indstrial-Pedreguer-200x135.jpeg 200w\" sizes=\"auto, (max-width: 2560px) 100vw, 2560px\" \/><\/a><figcaption id=\"caption-attachment-16690\" class=\"wp-caption-text\">&#039;Alcalde de Benissa amb membres de FEVEPAL i pol\u00edgon indstrial Pedreguer | Aj. Benissa<\/figcaption><\/figure>\n<h4><strong>Experi\u00e8ncies positives d&#039;altres EGM<\/strong><\/h4>\n<p>Durant la trobada, es van presentar casos d&#039;\u00e8xit d&#039;altres pol\u00edgons industrials a la Comunitat Valenciana que ja han implantat una EGM. Entre els <strong>beneficis<\/strong> destacats figuren aven\u00e7os en <strong>digitalitzaci\u00f3<\/strong>, <strong>efici\u00e8ncia energ\u00e8tica<\/strong> i <strong>mobilitat sostenible<\/strong>.<\/p>\n<p>L&#039;alcalde Arturo Poquet va destacar que \u00abl&#039;EGM no nom\u00e9s \u00e9s una eina per millorar el nostre pol\u00edgon industrial, \u00e9s una oportunitat perqu\u00e8 les nostres empreses guanyin competitivitat, generin ocupaci\u00f3 i apostin per la innovaci\u00f3\u00bb.<\/p>\n<h5><strong>Projectes futurs a La Pedrera<\/strong><\/h5>\n<p>Si finalment s&#039;implementa, la nova EGM podria impulsar diversos projectes estrat\u00e8gics en \u00e0rees com ara xarxes intel\u00b7ligents, gesti\u00f3 eficient de residus i altres iniciatives orientades cap a la sostenibilitat econ\u00f2mica i mediambiental.<\/p>\n<p>La mesura posicionaria el Pol\u00edgon La Pedrera com un referent en innovaci\u00f3 i desenvolupament empresarial sostenible a la prov\u00edncia.<\/p>","protected":false},"excerpt":{"rendered":"<p>El Ayuntamiento de Benissa, desde la Concejal\u00eda de Comercio y Promoci\u00f3n Econ\u00f3mica y con el apoyo de Creama Benissa, ha organizado recientemente un encuentro con empresarios del Pol\u00edgono Industrial La Pedrera para valorar la constituci\u00f3n de una Entidad de Gesti\u00f3n y Modernizaci\u00f3n (EGM). A la reuni\u00f3n asistieron representantes relevantes del sector empresarial local y autoridades [&#8230;]<\/p>\n<p><a class=\"btn btn-secondary understrap-read-more-link\" href=\"https:\/\/radiolitoral.com\/ca\/2025\/05\/benissa-evalua-crear-una-entidad-de-gestion-para-impulsar-el-poligono-la-pedrera\/\">Continua llegint&#8230;<span class=\"screen-reader-text\"> from Benissa eval\u00faa crear una Entidad de Gesti\u00f3n para impulsar el Pol\u00edgono La Pedrera<\/span><\/a><\/p>\n","protected":false},"author":14,"featured_media":16689,"comment_status":"open","ping_status":"closed","sticky":false,"template":"","format":"standard","meta":{"_acf_changed":false,"inline_featured_image":false,"footnotes":""},"categories":[13],"tags":[126,809,4309,708],"class_list":["post-16688","post","type-post","status-publish","format-standard","has-post-thumbnail","hentry","category-politica","tag-benissa","tag-egm","tag-gestion-municipal","tag-politica","cobertura-poble-nou-de-benitatxell"],"acf":[],"yoast_head":"<!-- This site is optimized with the Yoast SEO plugin v27.5 - https:\/\/yoast.com\/product\/yoast-seo-wordpress\/ -->\n<title>Benissa eval\u00faa crear una Entidad de Gesti\u00f3n para impulsar el Pol\u00edgono La Pedrera | R\u00e0dio Litoral<\/title>\n<meta name=\"description\" content=\"Empresarios locales analizan la creaci\u00f3n de una EGM que potencie la sostenibilidad\" \/>\n<meta name=\"robots\" content=\"index, follow, max-snippet:-1, max-image-preview:large, max-video-preview:-1\" \/>\n<link rel=\"canonical\" href=\"https:\/\/radiolitoral.com\/ca\/2025\/05\/benissa-avalua-crear-una-entitat-de-gestio-per-impulsar-el-poligon-la-pedrera\/\" \/>\n<meta property=\"og:locale\" content=\"ca_ES\" \/>\n<meta property=\"og:type\" content=\"article\" \/>\n<meta property=\"og:title\" content=\"Benissa eval\u00faa crear una Entidad de Gesti\u00f3n para impulsar el Pol\u00edgono La Pedrera | R\u00e0dio Litoral\" \/>\n<meta property=\"og:description\" content=\"Empresarios locales analizan la creaci\u00f3n de una EGM que potencie la sostenibilidad\" \/>\n<meta property=\"og:url\" content=\"https:\/\/radiolitoral.com\/ca\/2025\/05\/benissa-avalua-crear-una-entitat-de-gestio-per-impulsar-el-poligon-la-pedrera\/\" \/>\n<meta property=\"og:site_name\" content=\"R\u00e0dio Litoral\" \/>\n<meta property=\"article:publisher\" content=\"https:\/\/www.facebook.com\/Laradiolitoral\/\" \/>\n<meta property=\"article:published_time\" content=\"2025-05-13T08:08:37+00:00\" \/>\n<meta property=\"article:modified_time\" content=\"2025-05-13T08:08:57+00:00\" \/>\n<meta property=\"og:image\" content=\"https:\/\/media.radiolitoral.com\/wp-content\/uploads\/2025\/05\/13100727\/Imagen-de-la-reunion-con-los-empresarios-del-poligono-Benissa.jpeg\" \/>\n\t<meta property=\"og:image:width\" content=\"1838\" \/>\n\t<meta property=\"og:image:height\" content=\"974\" \/>\n\t<meta property=\"og:image:type\" content=\"image\/jpeg\" \/>\n<meta name=\"author\" content=\"Redacci\u00f3n\" \/>\n<meta name=\"twitter:card\" content=\"summary_large_image\" \/>\n<meta name=\"twitter:label1\" content=\"Escrit per\" \/>\n\t<meta name=\"twitter:data1\" content=\"Redacci\u00f3n\" \/>\n\t<meta name=\"twitter:label2\" content=\"Temps estimat de lectura\" \/>\n\t<meta name=\"twitter:data2\" content=\"2 minuts\" \/>\n<script type=\"application\/ld+json\" class=\"yoast-schema-graph\">{\"@context\":\"https:\\\/\\\/schema.org\",\"@graph\":[{\"@type\":\"NewsArticle\",\"@id\":\"https:\\\/\\\/radiolitoral.com\\\/2025\\\/05\\\/benissa-evalua-crear-una-entidad-de-gestion-para-impulsar-el-poligono-la-pedrera\\\/#article\",\"isPartOf\":{\"@id\":\"https:\\\/\\\/radiolitoral.com\\\/2025\\\/05\\\/benissa-evalua-crear-una-entidad-de-gestion-para-impulsar-el-poligono-la-pedrera\\\/\"},\"author\":{\"name\":\"Redacci\u00f3n\",\"@id\":\"https:\\\/\\\/radiolitoral.com\\\/#\\\/schema\\\/person\\\/96b739642eb3bedb532aac3812d23307\"},\"headline\":\"Benissa eval\u00faa crear una Entidad de Gesti\u00f3n para impulsar el Pol\u00edgono La Pedrera\",\"datePublished\":\"2025-05-13T08:08:37+00:00\",\"dateModified\":\"2025-05-13T08:08:57+00:00\",\"mainEntityOfPage\":{\"@id\":\"https:\\\/\\\/radiolitoral.com\\\/2025\\\/05\\\/benissa-evalua-crear-una-entidad-de-gestion-para-impulsar-el-poligono-la-pedrera\\\/\"},\"wordCount\":275,\"commentCount\":0,\"publisher\":{\"@id\":\"https:\\\/\\\/radiolitoral.com\\\/#organization\"},\"image\":{\"@id\":\"https:\\\/\\\/radiolitoral.com\\\/2025\\\/05\\\/benissa-evalua-crear-una-entidad-de-gestion-para-impulsar-el-poligono-la-pedrera\\\/#primaryimage\"},\"thumbnailUrl\":\"https:\\\/\\\/media.radiolitoral.com\\\/wp-content\\\/uploads\\\/2025\\\/05\\\/13100727\\\/Imagen-de-la-reunion-con-los-empresarios-del-poligono-Benissa.jpeg\",\"keywords\":[\"Benissa\",\"EGM\",\"gesti\u00f3n municipal\",\"pol\u00edtica\"],\"articleSection\":[\"Pol\u00edtica\"],\"inLanguage\":\"ca\",\"potentialAction\":[{\"@type\":\"CommentAction\",\"name\":\"Comment\",\"target\":[\"https:\\\/\\\/radiolitoral.com\\\/2025\\\/05\\\/benissa-evalua-crear-una-entidad-de-gestion-para-impulsar-el-poligono-la-pedrera\\\/#respond\"]}]},{\"@type\":[\"WebPage\",\"ItemPage\"],\"@id\":\"https:\\\/\\\/radiolitoral.com\\\/2025\\\/05\\\/benissa-evalua-crear-una-entidad-de-gestion-para-impulsar-el-poligono-la-pedrera\\\/\",\"url\":\"https:\\\/\\\/radiolitoral.com\\\/2025\\\/05\\\/benissa-evalua-crear-una-entidad-de-gestion-para-impulsar-el-poligono-la-pedrera\\\/\",\"name\":\"Benissa eval\u00faa crear una Entidad de Gesti\u00f3n para impulsar el Pol\u00edgono La Pedrera | R\u00e0dio Litoral\",\"isPartOf\":{\"@id\":\"https:\\\/\\\/radiolitoral.com\\\/#website\"},\"primaryImageOfPage\":{\"@id\":\"https:\\\/\\\/radiolitoral.com\\\/2025\\\/05\\\/benissa-evalua-crear-una-entidad-de-gestion-para-impulsar-el-poligono-la-pedrera\\\/#primaryimage\"},\"image\":{\"@id\":\"https:\\\/\\\/radiolitoral.com\\\/2025\\\/05\\\/benissa-evalua-crear-una-entidad-de-gestion-para-impulsar-el-poligono-la-pedrera\\\/#primaryimage\"},\"thumbnailUrl\":\"https:\\\/\\\/media.radiolitoral.com\\\/wp-content\\\/uploads\\\/2025\\\/05\\\/13100727\\\/Imagen-de-la-reunion-con-los-empresarios-del-poligono-Benissa.jpeg\",\"datePublished\":\"2025-05-13T08:08:37+00:00\",\"dateModified\":\"2025-05-13T08:08:57+00:00\",\"description\":\"Empresarios locales analizan la creaci\u00f3n de una EGM que potencie la sostenibilidad\",\"breadcrumb\":{\"@id\":\"https:\\\/\\\/radiolitoral.com\\\/2025\\\/05\\\/benissa-evalua-crear-una-entidad-de-gestion-para-impulsar-el-poligono-la-pedrera\\\/#breadcrumb\"},\"inLanguage\":\"ca\",\"potentialAction\":[{\"@type\":\"ReadAction\",\"target\":[\"https:\\\/\\\/radiolitoral.com\\\/2025\\\/05\\\/benissa-evalua-crear-una-entidad-de-gestion-para-impulsar-el-poligono-la-pedrera\\\/\"]}]},{\"@type\":\"ImageObject\",\"inLanguage\":\"ca\",\"@id\":\"https:\\\/\\\/radiolitoral.com\\\/2025\\\/05\\\/benissa-evalua-crear-una-entidad-de-gestion-para-impulsar-el-poligono-la-pedrera\\\/#primaryimage\",\"url\":\"https:\\\/\\\/media.radiolitoral.com\\\/wp-content\\\/uploads\\\/2025\\\/05\\\/13100727\\\/Imagen-de-la-reunion-con-los-empresarios-del-poligono-Benissa.jpeg\",\"contentUrl\":\"https:\\\/\\\/media.radiolitoral.com\\\/wp-content\\\/uploads\\\/2025\\\/05\\\/13100727\\\/Imagen-de-la-reunion-con-los-empresarios-del-poligono-Benissa.jpeg\",\"width\":1838,\"height\":974},{\"@type\":\"BreadcrumbList\",\"@id\":\"https:\\\/\\\/radiolitoral.com\\\/2025\\\/05\\\/benissa-evalua-crear-una-entidad-de-gestion-para-impulsar-el-poligono-la-pedrera\\\/#breadcrumb\",\"itemListElement\":[{\"@type\":\"ListItem\",\"position\":1,\"name\":\"Portada\",\"item\":\"https:\\\/\\\/radiolitoral.com\\\/\"},{\"@type\":\"ListItem\",\"position\":2,\"name\":\"Benissa eval\u00faa crear una Entidad de Gesti\u00f3n para impulsar el Pol\u00edgono La Pedrera\"}]},{\"@type\":\"WebSite\",\"@id\":\"https:\\\/\\\/radiolitoral.com\\\/#website\",\"url\":\"https:\\\/\\\/radiolitoral.com\\\/\",\"name\":\"Radio Litoral\",\"description\":\"La radio local de la Marina Alta\",\"publisher\":{\"@id\":\"https:\\\/\\\/radiolitoral.com\\\/#organization\"},\"alternateName\":\"Litoral FM\",\"potentialAction\":[{\"@type\":\"SearchAction\",\"target\":{\"@type\":\"EntryPoint\",\"urlTemplate\":\"https:\\\/\\\/radiolitoral.com\\\/?s={search_term_string}\"},\"query-input\":{\"@type\":\"PropertyValueSpecification\",\"valueRequired\":true,\"valueName\":\"search_term_string\"}}],\"inLanguage\":\"ca\"},{\"@type\":\"Organization\",\"@id\":\"https:\\\/\\\/radiolitoral.com\\\/#organization\",\"name\":\"Radio Litoral\",\"url\":\"https:\\\/\\\/radiolitoral.com\\\/\",\"logo\":{\"@type\":\"ImageObject\",\"inLanguage\":\"ca\",\"@id\":\"https:\\\/\\\/radiolitoral.com\\\/#\\\/schema\\\/logo\\\/image\\\/\",\"url\":\"https:\\\/\\\/media.radiolitoral.com\\\/wp-content\\\/uploads\\\/2023\\\/02\\\/24143238\\\/CL-V-RadioLitoral696.png\",\"contentUrl\":\"https:\\\/\\\/media.radiolitoral.com\\\/wp-content\\\/uploads\\\/2023\\\/02\\\/24143238\\\/CL-V-RadioLitoral696.png\",\"width\":696,\"height\":696,\"caption\":\"Radio Litoral\"},\"image\":{\"@id\":\"https:\\\/\\\/radiolitoral.com\\\/#\\\/schema\\\/logo\\\/image\\\/\"},\"sameAs\":[\"https:\\\/\\\/www.facebook.com\\\/Laradiolitoral\\\/\"]},{\"@type\":\"Person\",\"@id\":\"https:\\\/\\\/radiolitoral.com\\\/#\\\/schema\\\/person\\\/96b739642eb3bedb532aac3812d23307\",\"name\":\"Redacci\u00f3n\",\"image\":{\"@type\":\"ImageObject\",\"inLanguage\":\"ca\",\"@id\":\"https:\\\/\\\/secure.gravatar.com\\\/avatar\\\/30cd06129ee90411dd9c7cbdcf17464181d1a3c7b072e92070ea75a25cf0097e?s=96&d=mm&r=g\",\"url\":\"https:\\\/\\\/secure.gravatar.com\\\/avatar\\\/30cd06129ee90411dd9c7cbdcf17464181d1a3c7b072e92070ea75a25cf0097e?s=96&d=mm&r=g\",\"contentUrl\":\"https:\\\/\\\/secure.gravatar.com\\\/avatar\\\/30cd06129ee90411dd9c7cbdcf17464181d1a3c7b072e92070ea75a25cf0097e?s=96&d=mm&r=g\",\"caption\":\"Redacci\u00f3n\"},\"url\":\"https:\\\/\\\/radiolitoral.com\\\/ca\\\/author\\\/kevin-carrio\\\/\"}]}<\/script>\n<!-- \/ Yoast SEO plugin. -->","yoast_head_json":{"title":"Benissa avalua crear una Entitat de Gesti\u00f3 per impulsar el Pol\u00edgon La Pedrera | R\u00e0dio Litoral","description":"Empresaris locals analitzen la creaci\u00f3 d&#039;una EGM que potenci\u00ef la sostenibilitat","robots":{"index":"index","follow":"follow","max-snippet":"max-snippet:-1","max-image-preview":"max-image-preview:large","max-video-preview":"max-video-preview:-1"},"canonical":"https:\/\/radiolitoral.com\/ca\/2025\/05\/benissa-avalua-crear-una-entitat-de-gestio-per-impulsar-el-poligon-la-pedrera\/","og_locale":"ca_ES","og_type":"article","og_title":"Benissa eval\u00faa crear una Entidad de Gesti\u00f3n para impulsar el Pol\u00edgono La Pedrera | R\u00e0dio Litoral","og_description":"Empresarios locales analizan la creaci\u00f3n de una EGM que potencie la sostenibilidad","og_url":"https:\/\/radiolitoral.com\/ca\/2025\/05\/benissa-avalua-crear-una-entitat-de-gestio-per-impulsar-el-poligon-la-pedrera\/","og_site_name":"R\u00e0dio Litoral","article_publisher":"https:\/\/www.facebook.com\/Laradiolitoral\/","article_published_time":"2025-05-13T08:08:37+00:00","article_modified_time":"2025-05-13T08:08:57+00:00","og_image":[{"width":1838,"height":974,"url":"https:\/\/media.radiolitoral.com\/wp-content\/uploads\/2025\/05\/13100727\/Imagen-de-la-reunion-con-los-empresarios-del-poligono-Benissa.jpeg","type":"image\/jpeg"}],"author":"Redacci\u00f3n","twitter_card":"summary_large_image","twitter_misc":{"Escrit per":"Redacci\u00f3n","Temps estimat de lectura":"2 minuts"},"schema":{"@context":"https:\/\/schema.org","@graph":[{"@type":"NewsArticle","@id":"https:\/\/radiolitoral.com\/2025\/05\/benissa-evalua-crear-una-entidad-de-gestion-para-impulsar-el-poligono-la-pedrera\/#article","isPartOf":{"@id":"https:\/\/radiolitoral.com\/2025\/05\/benissa-evalua-crear-una-entidad-de-gestion-para-impulsar-el-poligono-la-pedrera\/"},"author":{"name":"Redacci\u00f3n","@id":"https:\/\/radiolitoral.com\/#\/schema\/person\/96b739642eb3bedb532aac3812d23307"},"headline":"Benissa eval\u00faa crear una Entidad de Gesti\u00f3n para impulsar el Pol\u00edgono La Pedrera","datePublished":"2025-05-13T08:08:37+00:00","dateModified":"2025-05-13T08:08:57+00:00","mainEntityOfPage":{"@id":"https:\/\/radiolitoral.com\/2025\/05\/benissa-evalua-crear-una-entidad-de-gestion-para-impulsar-el-poligono-la-pedrera\/"},"wordCount":275,"commentCount":0,"publisher":{"@id":"https:\/\/radiolitoral.com\/#organization"},"image":{"@id":"https:\/\/radiolitoral.com\/2025\/05\/benissa-evalua-crear-una-entidad-de-gestion-para-impulsar-el-poligono-la-pedrera\/#primaryimage"},"thumbnailUrl":"https:\/\/media.radiolitoral.com\/wp-content\/uploads\/2025\/05\/13100727\/Imagen-de-la-reunion-con-los-empresarios-del-poligono-Benissa.jpeg","keywords":["Benissa","EGM","gesti\u00f3n municipal","pol\u00edtica"],"articleSection":["Pol\u00edtica"],"inLanguage":"ca","potentialAction":[{"@type":"CommentAction","name":"Comment","target":["https:\/\/radiolitoral.com\/2025\/05\/benissa-evalua-crear-una-entidad-de-gestion-para-impulsar-el-poligono-la-pedrera\/#respond"]}]},{"@type":["WebPage","ItemPage"],"@id":"https:\/\/radiolitoral.com\/2025\/05\/benissa-evalua-crear-una-entidad-de-gestion-para-impulsar-el-poligono-la-pedrera\/","url":"https:\/\/radiolitoral.com\/2025\/05\/benissa-evalua-crear-una-entidad-de-gestion-para-impulsar-el-poligono-la-pedrera\/","name":"Benissa avalua crear una Entitat de Gesti\u00f3 per impulsar el Pol\u00edgon La Pedrera | R\u00e0dio Litoral","isPartOf":{"@id":"https:\/\/radiolitoral.com\/#website"},"primaryImageOfPage":{"@id":"https:\/\/radiolitoral.com\/2025\/05\/benissa-evalua-crear-una-entidad-de-gestion-para-impulsar-el-poligono-la-pedrera\/#primaryimage"},"image":{"@id":"https:\/\/radiolitoral.com\/2025\/05\/benissa-evalua-crear-una-entidad-de-gestion-para-impulsar-el-poligono-la-pedrera\/#primaryimage"},"thumbnailUrl":"https:\/\/media.radiolitoral.com\/wp-content\/uploads\/2025\/05\/13100727\/Imagen-de-la-reunion-con-los-empresarios-del-poligono-Benissa.jpeg","datePublished":"2025-05-13T08:08:37+00:00","dateModified":"2025-05-13T08:08:57+00:00","description":"Empresaris locals analitzen la creaci\u00f3 d&#039;una EGM que potenci\u00ef la sostenibilitat","breadcrumb":{"@id":"https:\/\/radiolitoral.com\/2025\/05\/benissa-evalua-crear-una-entidad-de-gestion-para-impulsar-el-poligono-la-pedrera\/#breadcrumb"},"inLanguage":"ca","potentialAction":[{"@type":"ReadAction","target":["https:\/\/radiolitoral.com\/2025\/05\/benissa-evalua-crear-una-entidad-de-gestion-para-impulsar-el-poligono-la-pedrera\/"]}]},{"@type":"ImageObject","inLanguage":"ca","@id":"https:\/\/radiolitoral.com\/2025\/05\/benissa-evalua-crear-una-entidad-de-gestion-para-impulsar-el-poligono-la-pedrera\/#primaryimage","url":"https:\/\/media.radiolitoral.com\/wp-content\/uploads\/2025\/05\/13100727\/Imagen-de-la-reunion-con-los-empresarios-del-poligono-Benissa.jpeg","contentUrl":"https:\/\/media.radiolitoral.com\/wp-content\/uploads\/2025\/05\/13100727\/Imagen-de-la-reunion-con-los-empresarios-del-poligono-Benissa.jpeg","width":1838,"height":974},{"@type":"BreadcrumbList","@id":"https:\/\/radiolitoral.com\/2025\/05\/benissa-evalua-crear-una-entidad-de-gestion-para-impulsar-el-poligono-la-pedrera\/#breadcrumb","itemListElement":[{"@type":"ListItem","position":1,"name":"Portada","item":"https:\/\/radiolitoral.com\/"},{"@type":"ListItem","position":2,"name":"Benissa eval\u00faa crear una Entidad de Gesti\u00f3n para impulsar el Pol\u00edgono La Pedrera"}]},{"@type":"WebSite","@id":"https:\/\/radiolitoral.com\/#website","url":"https:\/\/radiolitoral.com\/","name":"R\u00e0dio Litoral","description":"La r\u00e0dio local de la Marina Alta","publisher":{"@id":"https:\/\/radiolitoral.com\/#organization"},"alternateName":"Litoral FM","potentialAction":[{"@type":"SearchAction","target":{"@type":"EntryPoint","urlTemplate":"https:\/\/radiolitoral.com\/?s={search_term_string}"},"query-input":{"@type":"PropertyValueSpecification","valueRequired":true,"valueName":"search_term_string"}}],"inLanguage":"ca"},{"@type":"Organization","@id":"https:\/\/radiolitoral.com\/#organization","name":"R\u00e0dio Litoral","url":"https:\/\/radiolitoral.com\/","logo":{"@type":"ImageObject","inLanguage":"ca","@id":"https:\/\/radiolitoral.com\/#\/schema\/logo\/image\/","url":"https:\/\/media.radiolitoral.com\/wp-content\/uploads\/2023\/02\/24143238\/CL-V-RadioLitoral696.png","contentUrl":"https:\/\/media.radiolitoral.com\/wp-content\/uploads\/2023\/02\/24143238\/CL-V-RadioLitoral696.png","width":696,"height":696,"caption":"Radio Litoral"},"image":{"@id":"https:\/\/radiolitoral.com\/#\/schema\/logo\/image\/"},"sameAs":["https:\/\/www.facebook.com\/Laradiolitoral\/"]},{"@type":"Person","@id":"https:\/\/radiolitoral.com\/#\/schema\/person\/96b739642eb3bedb532aac3812d23307","name":"Redacci\u00f3","image":{"@type":"ImageObject","inLanguage":"ca","@id":"https:\/\/secure.gravatar.com\/avatar\/30cd06129ee90411dd9c7cbdcf17464181d1a3c7b072e92070ea75a25cf0097e?s=96&d=mm&r=g","url":"https:\/\/secure.gravatar.com\/avatar\/30cd06129ee90411dd9c7cbdcf17464181d1a3c7b072e92070ea75a25cf0097e?s=96&d=mm&r=g","contentUrl":"https:\/\/secure.gravatar.com\/avatar\/30cd06129ee90411dd9c7cbdcf17464181d1a3c7b072e92070ea75a25cf0097e?s=96&d=mm&r=g","caption":"Redacci\u00f3n"},"url":"https:\/\/radiolitoral.com\/ca\/author\/kevin-carrio\/"}]}},"_links":{"self":[{"href":"https:\/\/radiolitoral.com\/ca\/wp-json\/wp\/v2\/posts\/16688","targetHints":{"allow":["GET"]}}],"collection":[{"href":"https:\/\/radiolitoral.com\/ca\/wp-json\/wp\/v2\/posts"}],"about":[{"href":"https:\/\/radiolitoral.com\/ca\/wp-json\/wp\/v2\/types\/post"}],"author":[{"embeddable":true,"href":"https:\/\/radiolitoral.com\/ca\/wp-json\/wp\/v2\/users\/14"}],"replies":[{"embeddable":true,"href":"https:\/\/radiolitoral.com\/ca\/wp-json\/wp\/v2\/comments?post=16688"}],"version-history":[{"count":2,"href":"https:\/\/radiolitoral.com\/ca\/wp-json\/wp\/v2\/posts\/16688\/revisions"}],"predecessor-version":[{"id":16692,"href":"https:\/\/radiolitoral.com\/ca\/wp-json\/wp\/v2\/posts\/16688\/revisions\/16692"}],"wp:featuredmedia":[{"embeddable":true,"href":"https:\/\/radiolitoral.com\/ca\/wp-json\/wp\/v2\/media\/16689"}],"wp:attachment":[{"href":"https:\/\/radiolitoral.com\/ca\/wp-json\/wp\/v2\/media?parent=16688"}],"wp:term":[{"taxonomy":"category","embeddable":true,"href":"https:\/\/radiolitoral.com\/ca\/wp-json\/wp\/v2\/categories?post=16688"},{"taxonomy":"post_tag","embeddable":true,"href":"https:\/\/radiolitoral.com\/ca\/wp-json\/wp\/v2\/tags?post=16688"}],"curies":[{"name":"wp","href":"https:\/\/api.w.org\/{rel}","templated":true}]}}