{"id":16678,"date":"2025-05-13T09:30:43","date_gmt":"2025-05-13T07:30:43","guid":{"rendered":"https:\/\/radiolitoral.com\/?p=16678"},"modified":"2025-05-13T09:30:43","modified_gmt":"2025-05-13T07:30:43","slug":"benitatxell-tanca-amb-les-disfresses-de-sant-pancraci-les-festivitats-de-la-verge-de-la-rosa","status":"publish","type":"post","link":"https:\/\/radiolitoral.com\/ca\/2025\/05\/benitatxell-cierra-con-los-disfraces-de-san-pancracio-las-festividades-de-la-virgen-de-la-rosa\/","title":{"rendered":"Benitatxell tanca amb les disfresses de Sant Pancra\u00e7 les festivitats de la Verge de la Rosa"},"content":{"rendered":"<p class=\"\" data-start=\"270\" data-end=\"630\">El Poble Nou de <strong>Benitatxell<\/strong> va tancar les seves celebracions anuals dedicades a la <strong data-start=\"345\" data-end=\"366\">Verge de la Rosa<\/strong> amb un dels esdeveniments m\u00e9s emblem\u00e0tics: el <strong data-start=\"411\" data-end=\"453\">concurs de disfresses de Sant Pancra\u00e7<\/strong>. La convocat\u00f2ria, que t\u00e9 les seves arrels el 1951 gr\u00e0cies a la iniciativa de la Quadrilla del Sarment, va reunir nombrosos participants que van fer gala de creativitat i humor.<\/p>\n<p class=\"\" data-start=\"632\" data-end=\"970\">La disfressa m\u00e9s comentada d&#039;aquesta edici\u00f3 va ser la denominada <strong data-start=\"691\" data-end=\"707\">\u00abPoble Brut\u00bb<\/strong>, que va ironitzar sobre el nou sistema de recollida selectiva implantat recentment a la localitat, conegut com <strong data-start=\"822\" data-end=\"839\">Porta a porta<\/strong>. El grup responsable va rec\u00f3rrer el poble portant cubs i calendaris de recollida, causant rialles i aplaudiments entre els assistents.<\/p>\n<h3 class=\"\" data-start=\"972\" data-end=\"1019\">Pol\u00edtica internacional i s\u00e0tira religiosa<\/h3>\n<p class=\"\" data-start=\"1020\" data-end=\"1365\">Els participants no nom\u00e9s van rec\u00f3rrer a temes locals, sin\u00f3 que tamb\u00e9 van mostrar un gran inter\u00e8s en assumptes internacionals. Va destacar especialment un grup que va imitar l&#039;expresident nord-americ\u00e0 <strong data-start=\"1215\" data-end=\"1231\">Donald Trump<\/strong>, acompanyat per representacions humor\u00edstiques de Melania Trump, guardaespatlles, agents de la Gu\u00e0rdia Civil i seguidores entusiastes.<\/p>\n<p class=\"\" data-start=\"1367\" data-end=\"1620\">Una altra proposta que va sorprendre per la seva aud\u00e0cia va ser una c\u00f2mica recreaci\u00f3 del suposat funeral del <strong data-start=\"1463\" data-end=\"1481\">Papa Francesc<\/strong>, on figurava un ta\u00fct amb el Pont\u00edfex escortat per cardenals i religioses, el que va generar nombrosos comentaris entre els assistents.<\/p>\n<h3 class=\"\" data-start=\"1622\" data-end=\"1670\">Activitats familiars i festejos taurins<\/h3>\n<p class=\"\" data-start=\"1671\" data-end=\"1935\">Previ al popular concurs de disfresses, el poble va gaudir de diverses activitats familiars, com les tradicionals <strong data-start=\"1790\" data-end=\"1801\">cucanyes<\/strong> i l&#039;esperat <strong data-start=\"1816\" data-end=\"1839\">concurs de paelles<\/strong>, esdeveniments que van reunir moltes fam\u00edlies i grups d&#039;amics en un ambient dist\u00e8s i alegre.<\/p>\n<p class=\"\" data-start=\"1937\" data-end=\"2130\">Finalment, les festes van acabar diumenge amb els tradicionals <strong data-start=\"2006\" data-end=\"2027\">festejos taurins<\/strong>, que van posar el fermall final a uns dies plens de conviv\u00e8ncia i esperit comunitari a Benitatxell.<\/p>","protected":false},"excerpt":{"rendered":"<p>El Poble Nou de Benitatxell cerr\u00f3 sus celebraciones anuales dedicadas a la Virgen de la Rosa con uno de sus eventos m\u00e1s emblem\u00e1ticos: el concurso de disfraces de San Pancracio. La convocatoria, que tiene sus ra\u00edces en 1951 gracias a la iniciativa de la &#8216;Quadrilla del Sarment&#8217;, reuni\u00f3 a numerosos participantes que hicieron gala de [&#8230;]<\/p>\n<p><a class=\"btn btn-secondary understrap-read-more-link\" href=\"https:\/\/radiolitoral.com\/ca\/2025\/05\/benitatxell-cierra-con-los-disfraces-de-san-pancracio-las-festividades-de-la-virgen-de-la-rosa\/\">Continua llegint&#8230;<span class=\"screen-reader-text\"> from Benitatxell cierra con los disfraces de San Pancracio las festividades de la Virgen de la Rosa<\/span><\/a><\/p>\n","protected":false},"author":14,"featured_media":16682,"comment_status":"open","ping_status":"closed","sticky":false,"template":"","format":"standard","meta":{"_acf_changed":false,"inline_featured_image":false,"footnotes":""},"categories":[276],"tags":[184,4307,667,4260,4308],"class_list":["post-16678","post","type-post","status-publish","format-standard","has-post-thumbnail","hentry","category-fiestas","tag-benitatxell","tag-disfraces-san-pancracio","tag-fiestas-de-la-rosa","tag-san-pancracio","tag-virgen-de-la-rosa","cobertura-poble-nou-de-benitatxell"],"acf":[],"yoast_head":"<!-- This site is optimized with the Yoast SEO plugin v27.5 - https:\/\/yoast.com\/product\/yoast-seo-wordpress\/ -->\n<title>Benitatxell cierra con los disfraces de San Pancracio las festividades de la Virgen de la Rosa | R\u00e0dio Litoral<\/title>\n<meta name=\"description\" content=\"&quot;Poble Brut&quot; ha sido el disfraz m\u00e1s llamativo de la edici\u00f3n\" \/>\n<meta name=\"robots\" content=\"index, follow, max-snippet:-1, max-image-preview:large, max-video-preview:-1\" \/>\n<link rel=\"canonical\" href=\"https:\/\/radiolitoral.com\/ca\/2025\/05\/benitatxell-tanca-amb-les-disfresses-de-sant-pancraci-les-festivitats-de-la-verge-de-la-rosa\/\" \/>\n<meta property=\"og:locale\" content=\"ca_ES\" \/>\n<meta property=\"og:type\" content=\"article\" \/>\n<meta property=\"og:title\" content=\"Benitatxell cierra con los disfraces de San Pancracio las festividades de la Virgen de la Rosa | R\u00e0dio Litoral\" \/>\n<meta property=\"og:description\" content=\"&quot;Poble Brut&quot; ha sido el disfraz m\u00e1s llamativo de la edici\u00f3n\" \/>\n<meta property=\"og:url\" content=\"https:\/\/radiolitoral.com\/ca\/2025\/05\/benitatxell-tanca-amb-les-disfresses-de-sant-pancraci-les-festivitats-de-la-verge-de-la-rosa\/\" \/>\n<meta property=\"og:site_name\" content=\"R\u00e0dio Litoral\" \/>\n<meta property=\"article:publisher\" content=\"https:\/\/www.facebook.com\/Laradiolitoral\/\" \/>\n<meta property=\"article:published_time\" content=\"2025-05-13T07:30:43+00:00\" \/>\n<meta property=\"og:image\" content=\"https:\/\/media.radiolitoral.com\/wp-content\/uploads\/2025\/05\/13092529\/Sant-Pancraci-Benitatxell-2025-3-scaled.jpg\" \/>\n\t<meta property=\"og:image:width\" content=\"2560\" \/>\n\t<meta property=\"og:image:height\" content=\"1920\" \/>\n\t<meta property=\"og:image:type\" content=\"image\/jpeg\" \/>\n<meta name=\"author\" content=\"Redacci\u00f3n\" \/>\n<meta name=\"twitter:card\" content=\"summary_large_image\" \/>\n<meta name=\"twitter:label1\" content=\"Escrit per\" \/>\n\t<meta name=\"twitter:data1\" content=\"Redacci\u00f3n\" \/>\n\t<meta name=\"twitter:label2\" content=\"Temps estimat de lectura\" \/>\n\t<meta name=\"twitter:data2\" content=\"2 minuts\" \/>\n<script type=\"application\/ld+json\" class=\"yoast-schema-graph\">{\"@context\":\"https:\\\/\\\/schema.org\",\"@graph\":[{\"@type\":\"NewsArticle\",\"@id\":\"https:\\\/\\\/radiolitoral.com\\\/2025\\\/05\\\/benitatxell-cierra-con-los-disfraces-de-san-pancracio-las-festividades-de-la-virgen-de-la-rosa\\\/#article\",\"isPartOf\":{\"@id\":\"https:\\\/\\\/radiolitoral.com\\\/2025\\\/05\\\/benitatxell-cierra-con-los-disfraces-de-san-pancracio-las-festividades-de-la-virgen-de-la-rosa\\\/\"},\"author\":{\"name\":\"Redacci\u00f3n\",\"@id\":\"https:\\\/\\\/radiolitoral.com\\\/#\\\/schema\\\/person\\\/96b739642eb3bedb532aac3812d23307\"},\"headline\":\"Benitatxell cierra con los disfraces de San Pancracio las festividades de la Virgen de la Rosa\",\"datePublished\":\"2025-05-13T07:30:43+00:00\",\"mainEntityOfPage\":{\"@id\":\"https:\\\/\\\/radiolitoral.com\\\/2025\\\/05\\\/benitatxell-cierra-con-los-disfraces-de-san-pancracio-las-festividades-de-la-virgen-de-la-rosa\\\/\"},\"wordCount\":298,\"commentCount\":0,\"publisher\":{\"@id\":\"https:\\\/\\\/radiolitoral.com\\\/#organization\"},\"image\":{\"@id\":\"https:\\\/\\\/radiolitoral.com\\\/2025\\\/05\\\/benitatxell-cierra-con-los-disfraces-de-san-pancracio-las-festividades-de-la-virgen-de-la-rosa\\\/#primaryimage\"},\"thumbnailUrl\":\"https:\\\/\\\/media.radiolitoral.com\\\/wp-content\\\/uploads\\\/2025\\\/05\\\/13092529\\\/Sant-Pancraci-Benitatxell-2025-3-scaled.jpg\",\"keywords\":[\"Benitatxell\",\"disfraces San Pancracio\",\"Fiestas de la Rosa\",\"San Pancracio\",\"Virgen de la Rosa\"],\"articleSection\":[\"Fiestas\"],\"inLanguage\":\"ca\",\"potentialAction\":[{\"@type\":\"CommentAction\",\"name\":\"Comment\",\"target\":[\"https:\\\/\\\/radiolitoral.com\\\/2025\\\/05\\\/benitatxell-cierra-con-los-disfraces-de-san-pancracio-las-festividades-de-la-virgen-de-la-rosa\\\/#respond\"]}]},{\"@type\":[\"WebPage\",\"ItemPage\"],\"@id\":\"https:\\\/\\\/radiolitoral.com\\\/2025\\\/05\\\/benitatxell-cierra-con-los-disfraces-de-san-pancracio-las-festividades-de-la-virgen-de-la-rosa\\\/\",\"url\":\"https:\\\/\\\/radiolitoral.com\\\/2025\\\/05\\\/benitatxell-cierra-con-los-disfraces-de-san-pancracio-las-festividades-de-la-virgen-de-la-rosa\\\/\",\"name\":\"Benitatxell cierra con los disfraces de San Pancracio las festividades de la Virgen de la Rosa | R\u00e0dio Litoral\",\"isPartOf\":{\"@id\":\"https:\\\/\\\/radiolitoral.com\\\/#website\"},\"primaryImageOfPage\":{\"@id\":\"https:\\\/\\\/radiolitoral.com\\\/2025\\\/05\\\/benitatxell-cierra-con-los-disfraces-de-san-pancracio-las-festividades-de-la-virgen-de-la-rosa\\\/#primaryimage\"},\"image\":{\"@id\":\"https:\\\/\\\/radiolitoral.com\\\/2025\\\/05\\\/benitatxell-cierra-con-los-disfraces-de-san-pancracio-las-festividades-de-la-virgen-de-la-rosa\\\/#primaryimage\"},\"thumbnailUrl\":\"https:\\\/\\\/media.radiolitoral.com\\\/wp-content\\\/uploads\\\/2025\\\/05\\\/13092529\\\/Sant-Pancraci-Benitatxell-2025-3-scaled.jpg\",\"datePublished\":\"2025-05-13T07:30:43+00:00\",\"description\":\"\\\"Poble Brut\\\" ha sido el disfraz m\u00e1s llamativo de la edici\u00f3n\",\"breadcrumb\":{\"@id\":\"https:\\\/\\\/radiolitoral.com\\\/2025\\\/05\\\/benitatxell-cierra-con-los-disfraces-de-san-pancracio-las-festividades-de-la-virgen-de-la-rosa\\\/#breadcrumb\"},\"inLanguage\":\"ca\",\"potentialAction\":[{\"@type\":\"ReadAction\",\"target\":[\"https:\\\/\\\/radiolitoral.com\\\/2025\\\/05\\\/benitatxell-cierra-con-los-disfraces-de-san-pancracio-las-festividades-de-la-virgen-de-la-rosa\\\/\"]}]},{\"@type\":\"ImageObject\",\"inLanguage\":\"ca\",\"@id\":\"https:\\\/\\\/radiolitoral.com\\\/2025\\\/05\\\/benitatxell-cierra-con-los-disfraces-de-san-pancracio-las-festividades-de-la-virgen-de-la-rosa\\\/#primaryimage\",\"url\":\"https:\\\/\\\/media.radiolitoral.com\\\/wp-content\\\/uploads\\\/2025\\\/05\\\/13092529\\\/Sant-Pancraci-Benitatxell-2025-3-scaled.jpg\",\"contentUrl\":\"https:\\\/\\\/media.radiolitoral.com\\\/wp-content\\\/uploads\\\/2025\\\/05\\\/13092529\\\/Sant-Pancraci-Benitatxell-2025-3-scaled.jpg\",\"width\":2560,\"height\":1920},{\"@type\":\"BreadcrumbList\",\"@id\":\"https:\\\/\\\/radiolitoral.com\\\/2025\\\/05\\\/benitatxell-cierra-con-los-disfraces-de-san-pancracio-las-festividades-de-la-virgen-de-la-rosa\\\/#breadcrumb\",\"itemListElement\":[{\"@type\":\"ListItem\",\"position\":1,\"name\":\"Portada\",\"item\":\"https:\\\/\\\/radiolitoral.com\\\/\"},{\"@type\":\"ListItem\",\"position\":2,\"name\":\"Benitatxell cierra con los disfraces de San Pancracio las festividades de la Virgen de la Rosa\"}]},{\"@type\":\"WebSite\",\"@id\":\"https:\\\/\\\/radiolitoral.com\\\/#website\",\"url\":\"https:\\\/\\\/radiolitoral.com\\\/\",\"name\":\"Radio Litoral\",\"description\":\"La radio local de la Marina Alta\",\"publisher\":{\"@id\":\"https:\\\/\\\/radiolitoral.com\\\/#organization\"},\"alternateName\":\"Litoral FM\",\"potentialAction\":[{\"@type\":\"SearchAction\",\"target\":{\"@type\":\"EntryPoint\",\"urlTemplate\":\"https:\\\/\\\/radiolitoral.com\\\/?s={search_term_string}\"},\"query-input\":{\"@type\":\"PropertyValueSpecification\",\"valueRequired\":true,\"valueName\":\"search_term_string\"}}],\"inLanguage\":\"ca\"},{\"@type\":\"Organization\",\"@id\":\"https:\\\/\\\/radiolitoral.com\\\/#organization\",\"name\":\"Radio Litoral\",\"url\":\"https:\\\/\\\/radiolitoral.com\\\/\",\"logo\":{\"@type\":\"ImageObject\",\"inLanguage\":\"ca\",\"@id\":\"https:\\\/\\\/radiolitoral.com\\\/#\\\/schema\\\/logo\\\/image\\\/\",\"url\":\"https:\\\/\\\/media.radiolitoral.com\\\/wp-content\\\/uploads\\\/2023\\\/02\\\/24143238\\\/CL-V-RadioLitoral696.png\",\"contentUrl\":\"https:\\\/\\\/media.radiolitoral.com\\\/wp-content\\\/uploads\\\/2023\\\/02\\\/24143238\\\/CL-V-RadioLitoral696.png\",\"width\":696,\"height\":696,\"caption\":\"Radio Litoral\"},\"image\":{\"@id\":\"https:\\\/\\\/radiolitoral.com\\\/#\\\/schema\\\/logo\\\/image\\\/\"},\"sameAs\":[\"https:\\\/\\\/www.facebook.com\\\/Laradiolitoral\\\/\"]},{\"@type\":\"Person\",\"@id\":\"https:\\\/\\\/radiolitoral.com\\\/#\\\/schema\\\/person\\\/96b739642eb3bedb532aac3812d23307\",\"name\":\"Redacci\u00f3n\",\"image\":{\"@type\":\"ImageObject\",\"inLanguage\":\"ca\",\"@id\":\"https:\\\/\\\/secure.gravatar.com\\\/avatar\\\/30cd06129ee90411dd9c7cbdcf17464181d1a3c7b072e92070ea75a25cf0097e?s=96&d=mm&r=g\",\"url\":\"https:\\\/\\\/secure.gravatar.com\\\/avatar\\\/30cd06129ee90411dd9c7cbdcf17464181d1a3c7b072e92070ea75a25cf0097e?s=96&d=mm&r=g\",\"contentUrl\":\"https:\\\/\\\/secure.gravatar.com\\\/avatar\\\/30cd06129ee90411dd9c7cbdcf17464181d1a3c7b072e92070ea75a25cf0097e?s=96&d=mm&r=g\",\"caption\":\"Redacci\u00f3n\"},\"url\":\"https:\\\/\\\/radiolitoral.com\\\/ca\\\/author\\\/kevin-carrio\\\/\"}]}<\/script>\n<!-- \/ Yoast SEO plugin. -->","yoast_head_json":{"title":"Benitatxell tanca amb les disfresses de Sant Pancra\u00e7 les festivitats de la Verge de la Rosa | R\u00e0dio Litoral","description":"&quot;Poble Brut&quot; ha estat la disfressa m\u00e9s cridanera de l&#039;edici\u00f3","robots":{"index":"index","follow":"follow","max-snippet":"max-snippet:-1","max-image-preview":"max-image-preview:large","max-video-preview":"max-video-preview:-1"},"canonical":"https:\/\/radiolitoral.com\/ca\/2025\/05\/benitatxell-tanca-amb-les-disfresses-de-sant-pancraci-les-festivitats-de-la-verge-de-la-rosa\/","og_locale":"ca_ES","og_type":"article","og_title":"Benitatxell cierra con los disfraces de San Pancracio las festividades de la Virgen de la Rosa | R\u00e0dio Litoral","og_description":"\"Poble Brut\" ha sido el disfraz m\u00e1s llamativo de la edici\u00f3n","og_url":"https:\/\/radiolitoral.com\/ca\/2025\/05\/benitatxell-tanca-amb-les-disfresses-de-sant-pancraci-les-festivitats-de-la-verge-de-la-rosa\/","og_site_name":"R\u00e0dio Litoral","article_publisher":"https:\/\/www.facebook.com\/Laradiolitoral\/","article_published_time":"2025-05-13T07:30:43+00:00","og_image":[{"width":2560,"height":1920,"url":"https:\/\/media.radiolitoral.com\/wp-content\/uploads\/2025\/05\/13092529\/Sant-Pancraci-Benitatxell-2025-3-scaled.jpg","type":"image\/jpeg"}],"author":"Redacci\u00f3n","twitter_card":"summary_large_image","twitter_misc":{"Escrit per":"Redacci\u00f3n","Temps estimat de lectura":"2 minuts"},"schema":{"@context":"https:\/\/schema.org","@graph":[{"@type":"NewsArticle","@id":"https:\/\/radiolitoral.com\/2025\/05\/benitatxell-cierra-con-los-disfraces-de-san-pancracio-las-festividades-de-la-virgen-de-la-rosa\/#article","isPartOf":{"@id":"https:\/\/radiolitoral.com\/2025\/05\/benitatxell-cierra-con-los-disfraces-de-san-pancracio-las-festividades-de-la-virgen-de-la-rosa\/"},"author":{"name":"Redacci\u00f3n","@id":"https:\/\/radiolitoral.com\/#\/schema\/person\/96b739642eb3bedb532aac3812d23307"},"headline":"Benitatxell cierra con los disfraces de San Pancracio las festividades de la Virgen de la Rosa","datePublished":"2025-05-13T07:30:43+00:00","mainEntityOfPage":{"@id":"https:\/\/radiolitoral.com\/2025\/05\/benitatxell-cierra-con-los-disfraces-de-san-pancracio-las-festividades-de-la-virgen-de-la-rosa\/"},"wordCount":298,"commentCount":0,"publisher":{"@id":"https:\/\/radiolitoral.com\/#organization"},"image":{"@id":"https:\/\/radiolitoral.com\/2025\/05\/benitatxell-cierra-con-los-disfraces-de-san-pancracio-las-festividades-de-la-virgen-de-la-rosa\/#primaryimage"},"thumbnailUrl":"https:\/\/media.radiolitoral.com\/wp-content\/uploads\/2025\/05\/13092529\/Sant-Pancraci-Benitatxell-2025-3-scaled.jpg","keywords":["Benitatxell","disfraces San Pancracio","Fiestas de la Rosa","San Pancracio","Virgen de la Rosa"],"articleSection":["Fiestas"],"inLanguage":"ca","potentialAction":[{"@type":"CommentAction","name":"Comment","target":["https:\/\/radiolitoral.com\/2025\/05\/benitatxell-cierra-con-los-disfraces-de-san-pancracio-las-festividades-de-la-virgen-de-la-rosa\/#respond"]}]},{"@type":["WebPage","ItemPage"],"@id":"https:\/\/radiolitoral.com\/2025\/05\/benitatxell-cierra-con-los-disfraces-de-san-pancracio-las-festividades-de-la-virgen-de-la-rosa\/","url":"https:\/\/radiolitoral.com\/2025\/05\/benitatxell-cierra-con-los-disfraces-de-san-pancracio-las-festividades-de-la-virgen-de-la-rosa\/","name":"Benitatxell tanca amb les disfresses de Sant Pancra\u00e7 les festivitats de la Verge de la Rosa | R\u00e0dio Litoral","isPartOf":{"@id":"https:\/\/radiolitoral.com\/#website"},"primaryImageOfPage":{"@id":"https:\/\/radiolitoral.com\/2025\/05\/benitatxell-cierra-con-los-disfraces-de-san-pancracio-las-festividades-de-la-virgen-de-la-rosa\/#primaryimage"},"image":{"@id":"https:\/\/radiolitoral.com\/2025\/05\/benitatxell-cierra-con-los-disfraces-de-san-pancracio-las-festividades-de-la-virgen-de-la-rosa\/#primaryimage"},"thumbnailUrl":"https:\/\/media.radiolitoral.com\/wp-content\/uploads\/2025\/05\/13092529\/Sant-Pancraci-Benitatxell-2025-3-scaled.jpg","datePublished":"2025-05-13T07:30:43+00:00","description":"&quot;Poble Brut&quot; ha estat la disfressa m\u00e9s cridanera de l&#039;edici\u00f3","breadcrumb":{"@id":"https:\/\/radiolitoral.com\/2025\/05\/benitatxell-cierra-con-los-disfraces-de-san-pancracio-las-festividades-de-la-virgen-de-la-rosa\/#breadcrumb"},"inLanguage":"ca","potentialAction":[{"@type":"ReadAction","target":["https:\/\/radiolitoral.com\/2025\/05\/benitatxell-cierra-con-los-disfraces-de-san-pancracio-las-festividades-de-la-virgen-de-la-rosa\/"]}]},{"@type":"ImageObject","inLanguage":"ca","@id":"https:\/\/radiolitoral.com\/2025\/05\/benitatxell-cierra-con-los-disfraces-de-san-pancracio-las-festividades-de-la-virgen-de-la-rosa\/#primaryimage","url":"https:\/\/media.radiolitoral.com\/wp-content\/uploads\/2025\/05\/13092529\/Sant-Pancraci-Benitatxell-2025-3-scaled.jpg","contentUrl":"https:\/\/media.radiolitoral.com\/wp-content\/uploads\/2025\/05\/13092529\/Sant-Pancraci-Benitatxell-2025-3-scaled.jpg","width":2560,"height":1920},{"@type":"BreadcrumbList","@id":"https:\/\/radiolitoral.com\/2025\/05\/benitatxell-cierra-con-los-disfraces-de-san-pancracio-las-festividades-de-la-virgen-de-la-rosa\/#breadcrumb","itemListElement":[{"@type":"ListItem","position":1,"name":"Portada","item":"https:\/\/radiolitoral.com\/"},{"@type":"ListItem","position":2,"name":"Benitatxell cierra con los disfraces de San Pancracio las festividades de la Virgen de la Rosa"}]},{"@type":"WebSite","@id":"https:\/\/radiolitoral.com\/#website","url":"https:\/\/radiolitoral.com\/","name":"R\u00e0dio Litoral","description":"La r\u00e0dio local de la Marina Alta","publisher":{"@id":"https:\/\/radiolitoral.com\/#organization"},"alternateName":"Litoral FM","potentialAction":[{"@type":"SearchAction","target":{"@type":"EntryPoint","urlTemplate":"https:\/\/radiolitoral.com\/?s={search_term_string}"},"query-input":{"@type":"PropertyValueSpecification","valueRequired":true,"valueName":"search_term_string"}}],"inLanguage":"ca"},{"@type":"Organization","@id":"https:\/\/radiolitoral.com\/#organization","name":"R\u00e0dio Litoral","url":"https:\/\/radiolitoral.com\/","logo":{"@type":"ImageObject","inLanguage":"ca","@id":"https:\/\/radiolitoral.com\/#\/schema\/logo\/image\/","url":"https:\/\/media.radiolitoral.com\/wp-content\/uploads\/2023\/02\/24143238\/CL-V-RadioLitoral696.png","contentUrl":"https:\/\/media.radiolitoral.com\/wp-content\/uploads\/2023\/02\/24143238\/CL-V-RadioLitoral696.png","width":696,"height":696,"caption":"Radio Litoral"},"image":{"@id":"https:\/\/radiolitoral.com\/#\/schema\/logo\/image\/"},"sameAs":["https:\/\/www.facebook.com\/Laradiolitoral\/"]},{"@type":"Person","@id":"https:\/\/radiolitoral.com\/#\/schema\/person\/96b739642eb3bedb532aac3812d23307","name":"Redacci\u00f3","image":{"@type":"ImageObject","inLanguage":"ca","@id":"https:\/\/secure.gravatar.com\/avatar\/30cd06129ee90411dd9c7cbdcf17464181d1a3c7b072e92070ea75a25cf0097e?s=96&d=mm&r=g","url":"https:\/\/secure.gravatar.com\/avatar\/30cd06129ee90411dd9c7cbdcf17464181d1a3c7b072e92070ea75a25cf0097e?s=96&d=mm&r=g","contentUrl":"https:\/\/secure.gravatar.com\/avatar\/30cd06129ee90411dd9c7cbdcf17464181d1a3c7b072e92070ea75a25cf0097e?s=96&d=mm&r=g","caption":"Redacci\u00f3n"},"url":"https:\/\/radiolitoral.com\/ca\/author\/kevin-carrio\/"}]}},"_links":{"self":[{"href":"https:\/\/radiolitoral.com\/ca\/wp-json\/wp\/v2\/posts\/16678","targetHints":{"allow":["GET"]}}],"collection":[{"href":"https:\/\/radiolitoral.com\/ca\/wp-json\/wp\/v2\/posts"}],"about":[{"href":"https:\/\/radiolitoral.com\/ca\/wp-json\/wp\/v2\/types\/post"}],"author":[{"embeddable":true,"href":"https:\/\/radiolitoral.com\/ca\/wp-json\/wp\/v2\/users\/14"}],"replies":[{"embeddable":true,"href":"https:\/\/radiolitoral.com\/ca\/wp-json\/wp\/v2\/comments?post=16678"}],"version-history":[{"count":1,"href":"https:\/\/radiolitoral.com\/ca\/wp-json\/wp\/v2\/posts\/16678\/revisions"}],"predecessor-version":[{"id":16684,"href":"https:\/\/radiolitoral.com\/ca\/wp-json\/wp\/v2\/posts\/16678\/revisions\/16684"}],"wp:featuredmedia":[{"embeddable":true,"href":"https:\/\/radiolitoral.com\/ca\/wp-json\/wp\/v2\/media\/16682"}],"wp:attachment":[{"href":"https:\/\/radiolitoral.com\/ca\/wp-json\/wp\/v2\/media?parent=16678"}],"wp:term":[{"taxonomy":"category","embeddable":true,"href":"https:\/\/radiolitoral.com\/ca\/wp-json\/wp\/v2\/categories?post=16678"},{"taxonomy":"post_tag","embeddable":true,"href":"https:\/\/radiolitoral.com\/ca\/wp-json\/wp\/v2\/tags?post=16678"}],"curies":[{"name":"wp","href":"https:\/\/api.w.org\/{rel}","templated":true}]}}