{"id":16628,"date":"2025-05-09T11:03:43","date_gmt":"2025-05-09T09:03:43","guid":{"rendered":"https:\/\/radiolitoral.com\/?p=16628"},"modified":"2025-05-09T11:03:43","modified_gmt":"2025-05-09T09:03:43","slug":"pepa-bertomeu-lescola-es-el-planter-de-les-diferents-agrupacions-musicals-de-benissa","status":"publish","type":"post","link":"https:\/\/radiolitoral.com\/ca\/2025\/05\/pepa-bertomeu-la-escuela-es-la-cantera-de-las-diferentes-agrupaciones-musicales-de-benissa\/","title":{"rendered":"Pepa Bertomeu: \u201cL&#039;escola \u00e9s el planter de les diferents agrupacions musicals de Benissa\u201d"},"content":{"rendered":"<p>Aquest mat\u00ed hem compartit el<strong> Primer Caf\u00e8 de R\u00e0dio Litoral<\/strong> amb la <strong>regidora de Cultura de Benissa, Pepa Bertomeu<\/strong>, amb la qual hem conversat sobre la <strong>Escola de M\u00fasica i Dansa Municipal Javier Santacreu.<\/strong> Un centre que, a portes de clausurar aquest curs 2024-2025, ha preparat un programa de <strong>audicions<\/strong> amb qu\u00e8 compartir amb fam\u00edlies i ve\u00efns en general el treball realitzat pels alumnes de les diferents especialitats que s&#039;imparteixen al centre al llarg de tot aquest any lectiu.<\/p>\n<p>Audicions que, com ens ha explicat Bertomeu, ja arrenquen el dijous 15 de maig i que es prolongaran fins al mes de juny. Els primers a actuar seran els alumnes que finalitzen els ensenyaments d&#039;instruments elementals. La cita tindr\u00e0 lloc a la sala d&#039;actes del Centre d&#039;Exel\u00b7l\u00e8ncia a les 19.30 hores. Dimecres 28 i dijous 29 de maig actuar\u00e0 l&#039;alumnat de dansa cl\u00e0ssica, urbana i contempor\u00e0nia. Ja al mes de juny, ser\u00e0 el torn del Cor de l&#039;escola, el grup instrumental de corda i clouran el calendari d&#039;audicions els estudiants que conformen la Colla de Dol\u00e7aines i Tabals, la m\u00fasica de cambra i la banda juvenil.<\/p>\n<p>Es tanca un curs i es comen\u00e7a a treballar de cara al nou any lectiu. Com ens ha comentat la regidora de Cultura, l\u00b4Escola Municipal de M\u00fasica i Dansa Javier Santacreu ja ha anunciat el per\u00edode d\u00b4inscripcions per al curs 2025-2026, que s\u00b4obre el dia 19 d\u00b4aquest mes per als estudiants del centre i es prolongar\u00e0 fins al 6 de juny. El nou alumnat podr\u00e0 formalitzar la matr\u00edcula de l&#039;1 al 18 de juliol a la secret\u00e0ria del centre, i tamb\u00e9 al setembre, del 2 al 12. Les inscripcions es poden realitzar de forma presencial i tamb\u00e9 a trav\u00e9s de la seu electr\u00f2nica de l&#039;Ajuntament de Benissa.<\/p>\n<p>Si voleu con\u00e8ixer l\u00b4oferta formativa d\u00b4aquesta escola i els detalls de les audicions programades, podeu tornar a escoltar l\u00b4entrevista aqu\u00ed.<\/p>\n<audio class=\"wp-audio-shortcode\" id=\"audio-16628-1\" preload=\"none\" style=\"width: 100%;\" controls=\"controls\"><source type=\"audio\/mpeg\" src=\"https:\/\/media.radiolitoral.com\/wp-content\/uploads\/2025\/05\/09105953\/Primer-Cafe-Escola-Musica-i-Dansa-Bssa.mp3?_=1\" \/><a href=\"https:\/\/media.radiolitoral.com\/wp-content\/uploads\/2025\/05\/09105953\/Primer-Cafe-Escola-Musica-i-Dansa-Bssa.mp3\">https:\/\/media.radiolitoral.com\/wp-content\/uploads\/2025\/05\/09105953\/Primer-Cafe-Escola-Musica-i-Dansa-Bssa.mp3<\/a><\/audio>","protected":false},"excerpt":{"rendered":"<p>Esta ma\u00f1ana hemos compartido el Primer Caf\u00e9 de Radio Litoral con la concejala de Cultura de Benissa, Pepa Bertomeu, con la que hemos conversado sobre la Escuela de M\u00fasica y Danza Municipal Javier Santacreu. Un centro que, a puertas de clausurar este curso 2024-2025, ha preparado un programa de audiciones con las que compartir con [&#8230;]<\/p>\n<p><a class=\"btn btn-secondary understrap-read-more-link\" href=\"https:\/\/radiolitoral.com\/ca\/2025\/05\/pepa-bertomeu-la-escuela-es-la-cantera-de-las-diferentes-agrupaciones-musicales-de-benissa\/\">Continua llegint&#8230;<span class=\"screen-reader-text\"> from Pepa Bertomeu: \u201cLa escuela es la cantera de las diferentes agrupaciones musicales de Benissa\u201d<\/span><\/a><\/p>\n","protected":false},"author":13,"featured_media":16630,"comment_status":"open","ping_status":"closed","sticky":false,"template":"","format":"standard","meta":{"_acf_changed":false,"inline_featured_image":false,"footnotes":""},"categories":[55,130,2753],"tags":[4285,4283,2474,4284,2751,2312],"class_list":["post-16628","post","type-post","status-publish","format-standard","has-post-thumbnail","hentry","category-cultura","category-educacion","category-entrevistas","tag-abierta-matricula","tag-audiciones-fin-de-curso","tag-escuela-de-musica-y-danza","tag-formacion-musical","tag-pepa-bertomeu","tag-primer-cafe","cobertura-benissa"],"acf":[],"yoast_head":"<!-- This site is optimized with the Yoast SEO plugin v27.5 - https:\/\/yoast.com\/product\/yoast-seo-wordpress\/ -->\n<title>Pepa Bertomeu: \u201cLa escuela es la cantera de las diferentes agrupaciones musicales de Benissa\u201d | R\u00e0dio Litoral<\/title>\n<meta name=\"description\" content=\"La Escuela de M\u00fasica y Danza Javier Santacreu de Benissa programa las audiciones de fin de curso y abre periodo de inscripciones\" \/>\n<meta name=\"robots\" content=\"index, follow, max-snippet:-1, max-image-preview:large, max-video-preview:-1\" \/>\n<link rel=\"canonical\" href=\"https:\/\/radiolitoral.com\/ca\/2025\/05\/pepa-bertomeu-lescola-es-el-planter-de-les-diferents-agrupacions-musicals-de-benissa\/\" \/>\n<meta property=\"og:locale\" content=\"ca_ES\" \/>\n<meta property=\"og:type\" content=\"article\" \/>\n<meta property=\"og:title\" content=\"Pepa Bertomeu: \u201cLa escuela es la cantera de las diferentes agrupaciones musicales de Benissa\u201d | R\u00e0dio Litoral\" \/>\n<meta property=\"og:description\" content=\"La Escuela de M\u00fasica y Danza Javier Santacreu de Benissa programa las audiciones de fin de curso y abre periodo de inscripciones\" \/>\n<meta property=\"og:url\" content=\"https:\/\/radiolitoral.com\/ca\/2025\/05\/pepa-bertomeu-lescola-es-el-planter-de-les-diferents-agrupacions-musicals-de-benissa\/\" \/>\n<meta property=\"og:site_name\" content=\"R\u00e0dio Litoral\" \/>\n<meta property=\"article:publisher\" content=\"https:\/\/www.facebook.com\/Laradiolitoral\/\" \/>\n<meta property=\"article:published_time\" content=\"2025-05-09T09:03:43+00:00\" \/>\n<meta property=\"og:image\" content=\"https:\/\/media.radiolitoral.com\/wp-content\/uploads\/2025\/05\/09110107\/Pepa-Bertomeu-Primer-Cafe.jpg\" \/>\n\t<meta property=\"og:image:width\" content=\"2000\" \/>\n\t<meta property=\"og:image:height\" content=\"1500\" \/>\n\t<meta property=\"og:image:type\" content=\"image\/jpeg\" \/>\n<meta name=\"author\" content=\"Redacci\u00f3n\" \/>\n<meta name=\"twitter:card\" content=\"summary_large_image\" \/>\n<meta name=\"twitter:label1\" content=\"Escrit per\" \/>\n\t<meta name=\"twitter:data1\" content=\"Redacci\u00f3n\" \/>\n\t<meta name=\"twitter:label2\" content=\"Temps estimat de lectura\" \/>\n\t<meta name=\"twitter:data2\" content=\"2 minuts\" \/>\n<script type=\"application\/ld+json\" class=\"yoast-schema-graph\">{\"@context\":\"https:\\\/\\\/schema.org\",\"@graph\":[{\"@type\":\"NewsArticle\",\"@id\":\"https:\\\/\\\/radiolitoral.com\\\/2025\\\/05\\\/pepa-bertomeu-la-escuela-es-la-cantera-de-las-diferentes-agrupaciones-musicales-de-benissa\\\/#article\",\"isPartOf\":{\"@id\":\"https:\\\/\\\/radiolitoral.com\\\/2025\\\/05\\\/pepa-bertomeu-la-escuela-es-la-cantera-de-las-diferentes-agrupaciones-musicales-de-benissa\\\/\"},\"author\":{\"name\":\"Redacci\u00f3n\",\"@id\":\"https:\\\/\\\/radiolitoral.com\\\/#\\\/schema\\\/person\\\/f2b2343c49b5d721857cc1002bfdb151\"},\"headline\":\"Pepa Bertomeu: \u201cLa escuela es la cantera de las diferentes agrupaciones musicales de Benissa\u201d\",\"datePublished\":\"2025-05-09T09:03:43+00:00\",\"mainEntityOfPage\":{\"@id\":\"https:\\\/\\\/radiolitoral.com\\\/2025\\\/05\\\/pepa-bertomeu-la-escuela-es-la-cantera-de-las-diferentes-agrupaciones-musicales-de-benissa\\\/\"},\"wordCount\":373,\"commentCount\":0,\"publisher\":{\"@id\":\"https:\\\/\\\/radiolitoral.com\\\/#organization\"},\"image\":{\"@id\":\"https:\\\/\\\/radiolitoral.com\\\/2025\\\/05\\\/pepa-bertomeu-la-escuela-es-la-cantera-de-las-diferentes-agrupaciones-musicales-de-benissa\\\/#primaryimage\"},\"thumbnailUrl\":\"https:\\\/\\\/media.radiolitoral.com\\\/wp-content\\\/uploads\\\/2025\\\/05\\\/09110107\\\/Pepa-Bertomeu-Primer-Cafe.jpg\",\"keywords\":[\"Abierta matr\u00edcula\",\"Audiciones fin de curso\",\"escuela de m\u00fasica y danza\",\"Formaci\u00f3n musical\",\"Pepa Bertomeu\",\"Primer Caf\u00e9\"],\"articleSection\":[\"Cultura\",\"Educaci\u00f3n\",\"Entrevistas\"],\"inLanguage\":\"ca\",\"potentialAction\":[{\"@type\":\"CommentAction\",\"name\":\"Comment\",\"target\":[\"https:\\\/\\\/radiolitoral.com\\\/2025\\\/05\\\/pepa-bertomeu-la-escuela-es-la-cantera-de-las-diferentes-agrupaciones-musicales-de-benissa\\\/#respond\"]}]},{\"@type\":[\"WebPage\",\"ItemPage\"],\"@id\":\"https:\\\/\\\/radiolitoral.com\\\/2025\\\/05\\\/pepa-bertomeu-la-escuela-es-la-cantera-de-las-diferentes-agrupaciones-musicales-de-benissa\\\/\",\"url\":\"https:\\\/\\\/radiolitoral.com\\\/2025\\\/05\\\/pepa-bertomeu-la-escuela-es-la-cantera-de-las-diferentes-agrupaciones-musicales-de-benissa\\\/\",\"name\":\"Pepa Bertomeu: \u201cLa escuela es la cantera de las diferentes agrupaciones musicales de Benissa\u201d | R\u00e0dio Litoral\",\"isPartOf\":{\"@id\":\"https:\\\/\\\/radiolitoral.com\\\/#website\"},\"primaryImageOfPage\":{\"@id\":\"https:\\\/\\\/radiolitoral.com\\\/2025\\\/05\\\/pepa-bertomeu-la-escuela-es-la-cantera-de-las-diferentes-agrupaciones-musicales-de-benissa\\\/#primaryimage\"},\"image\":{\"@id\":\"https:\\\/\\\/radiolitoral.com\\\/2025\\\/05\\\/pepa-bertomeu-la-escuela-es-la-cantera-de-las-diferentes-agrupaciones-musicales-de-benissa\\\/#primaryimage\"},\"thumbnailUrl\":\"https:\\\/\\\/media.radiolitoral.com\\\/wp-content\\\/uploads\\\/2025\\\/05\\\/09110107\\\/Pepa-Bertomeu-Primer-Cafe.jpg\",\"datePublished\":\"2025-05-09T09:03:43+00:00\",\"description\":\"La Escuela de M\u00fasica y Danza Javier Santacreu de Benissa programa las audiciones de fin de curso y abre periodo de inscripciones\",\"breadcrumb\":{\"@id\":\"https:\\\/\\\/radiolitoral.com\\\/2025\\\/05\\\/pepa-bertomeu-la-escuela-es-la-cantera-de-las-diferentes-agrupaciones-musicales-de-benissa\\\/#breadcrumb\"},\"inLanguage\":\"ca\",\"potentialAction\":[{\"@type\":\"ReadAction\",\"target\":[\"https:\\\/\\\/radiolitoral.com\\\/2025\\\/05\\\/pepa-bertomeu-la-escuela-es-la-cantera-de-las-diferentes-agrupaciones-musicales-de-benissa\\\/\"]}]},{\"@type\":\"ImageObject\",\"inLanguage\":\"ca\",\"@id\":\"https:\\\/\\\/radiolitoral.com\\\/2025\\\/05\\\/pepa-bertomeu-la-escuela-es-la-cantera-de-las-diferentes-agrupaciones-musicales-de-benissa\\\/#primaryimage\",\"url\":\"https:\\\/\\\/media.radiolitoral.com\\\/wp-content\\\/uploads\\\/2025\\\/05\\\/09110107\\\/Pepa-Bertomeu-Primer-Cafe.jpg\",\"contentUrl\":\"https:\\\/\\\/media.radiolitoral.com\\\/wp-content\\\/uploads\\\/2025\\\/05\\\/09110107\\\/Pepa-Bertomeu-Primer-Cafe.jpg\",\"width\":2000,\"height\":1500},{\"@type\":\"BreadcrumbList\",\"@id\":\"https:\\\/\\\/radiolitoral.com\\\/2025\\\/05\\\/pepa-bertomeu-la-escuela-es-la-cantera-de-las-diferentes-agrupaciones-musicales-de-benissa\\\/#breadcrumb\",\"itemListElement\":[{\"@type\":\"ListItem\",\"position\":1,\"name\":\"Portada\",\"item\":\"https:\\\/\\\/radiolitoral.com\\\/\"},{\"@type\":\"ListItem\",\"position\":2,\"name\":\"Pepa Bertomeu: \u201cLa escuela es la cantera de las diferentes agrupaciones musicales de Benissa\u201d\"}]},{\"@type\":\"WebSite\",\"@id\":\"https:\\\/\\\/radiolitoral.com\\\/#website\",\"url\":\"https:\\\/\\\/radiolitoral.com\\\/\",\"name\":\"Radio Litoral\",\"description\":\"La radio local de la Marina Alta\",\"publisher\":{\"@id\":\"https:\\\/\\\/radiolitoral.com\\\/#organization\"},\"alternateName\":\"Litoral FM\",\"potentialAction\":[{\"@type\":\"SearchAction\",\"target\":{\"@type\":\"EntryPoint\",\"urlTemplate\":\"https:\\\/\\\/radiolitoral.com\\\/?s={search_term_string}\"},\"query-input\":{\"@type\":\"PropertyValueSpecification\",\"valueRequired\":true,\"valueName\":\"search_term_string\"}}],\"inLanguage\":\"ca\"},{\"@type\":\"Organization\",\"@id\":\"https:\\\/\\\/radiolitoral.com\\\/#organization\",\"name\":\"Radio Litoral\",\"url\":\"https:\\\/\\\/radiolitoral.com\\\/\",\"logo\":{\"@type\":\"ImageObject\",\"inLanguage\":\"ca\",\"@id\":\"https:\\\/\\\/radiolitoral.com\\\/#\\\/schema\\\/logo\\\/image\\\/\",\"url\":\"https:\\\/\\\/media.radiolitoral.com\\\/wp-content\\\/uploads\\\/2023\\\/02\\\/24143238\\\/CL-V-RadioLitoral696.png\",\"contentUrl\":\"https:\\\/\\\/media.radiolitoral.com\\\/wp-content\\\/uploads\\\/2023\\\/02\\\/24143238\\\/CL-V-RadioLitoral696.png\",\"width\":696,\"height\":696,\"caption\":\"Radio Litoral\"},\"image\":{\"@id\":\"https:\\\/\\\/radiolitoral.com\\\/#\\\/schema\\\/logo\\\/image\\\/\"},\"sameAs\":[\"https:\\\/\\\/www.facebook.com\\\/Laradiolitoral\\\/\"]},{\"@type\":\"Person\",\"@id\":\"https:\\\/\\\/radiolitoral.com\\\/#\\\/schema\\\/person\\\/f2b2343c49b5d721857cc1002bfdb151\",\"name\":\"Redacci\u00f3n\",\"image\":{\"@type\":\"ImageObject\",\"inLanguage\":\"ca\",\"@id\":\"https:\\\/\\\/secure.gravatar.com\\\/avatar\\\/f771d896c203ad8b3382d7905cfcce5a5c9b008b84b3cd9114e9b9f4cb63f789?s=96&d=mm&r=g\",\"url\":\"https:\\\/\\\/secure.gravatar.com\\\/avatar\\\/f771d896c203ad8b3382d7905cfcce5a5c9b008b84b3cd9114e9b9f4cb63f789?s=96&d=mm&r=g\",\"contentUrl\":\"https:\\\/\\\/secure.gravatar.com\\\/avatar\\\/f771d896c203ad8b3382d7905cfcce5a5c9b008b84b3cd9114e9b9f4cb63f789?s=96&d=mm&r=g\",\"caption\":\"Redacci\u00f3n\"},\"url\":\"https:\\\/\\\/radiolitoral.com\\\/ca\\\/author\\\/miriam-pagan\\\/\"}]}<\/script>\n<!-- \/ Yoast SEO plugin. -->","yoast_head_json":{"title":"Pepa Bertomeu: &quot;L&#039;escola \u00e9s el planter de les diferents agrupacions musicals de Benissa&quot; | R\u00e0dio Litoral","description":"L&#039;Escola de M\u00fasica i Dansa Javier Santacreu de Benissa programa les audicions de final de curs i obre per\u00edode d&#039;inscripcions","robots":{"index":"index","follow":"follow","max-snippet":"max-snippet:-1","max-image-preview":"max-image-preview:large","max-video-preview":"max-video-preview:-1"},"canonical":"https:\/\/radiolitoral.com\/ca\/2025\/05\/pepa-bertomeu-lescola-es-el-planter-de-les-diferents-agrupacions-musicals-de-benissa\/","og_locale":"ca_ES","og_type":"article","og_title":"Pepa Bertomeu: \u201cLa escuela es la cantera de las diferentes agrupaciones musicales de Benissa\u201d | R\u00e0dio Litoral","og_description":"La Escuela de M\u00fasica y Danza Javier Santacreu de Benissa programa las audiciones de fin de curso y abre periodo de inscripciones","og_url":"https:\/\/radiolitoral.com\/ca\/2025\/05\/pepa-bertomeu-lescola-es-el-planter-de-les-diferents-agrupacions-musicals-de-benissa\/","og_site_name":"R\u00e0dio Litoral","article_publisher":"https:\/\/www.facebook.com\/Laradiolitoral\/","article_published_time":"2025-05-09T09:03:43+00:00","og_image":[{"width":2000,"height":1500,"url":"https:\/\/media.radiolitoral.com\/wp-content\/uploads\/2025\/05\/09110107\/Pepa-Bertomeu-Primer-Cafe.jpg","type":"image\/jpeg"}],"author":"Redacci\u00f3n","twitter_card":"summary_large_image","twitter_misc":{"Escrit per":"Redacci\u00f3n","Temps estimat de lectura":"2 minuts"},"schema":{"@context":"https:\/\/schema.org","@graph":[{"@type":"NewsArticle","@id":"https:\/\/radiolitoral.com\/2025\/05\/pepa-bertomeu-la-escuela-es-la-cantera-de-las-diferentes-agrupaciones-musicales-de-benissa\/#article","isPartOf":{"@id":"https:\/\/radiolitoral.com\/2025\/05\/pepa-bertomeu-la-escuela-es-la-cantera-de-las-diferentes-agrupaciones-musicales-de-benissa\/"},"author":{"name":"Redacci\u00f3n","@id":"https:\/\/radiolitoral.com\/#\/schema\/person\/f2b2343c49b5d721857cc1002bfdb151"},"headline":"Pepa Bertomeu: \u201cLa escuela es la cantera de las diferentes agrupaciones musicales de Benissa\u201d","datePublished":"2025-05-09T09:03:43+00:00","mainEntityOfPage":{"@id":"https:\/\/radiolitoral.com\/2025\/05\/pepa-bertomeu-la-escuela-es-la-cantera-de-las-diferentes-agrupaciones-musicales-de-benissa\/"},"wordCount":373,"commentCount":0,"publisher":{"@id":"https:\/\/radiolitoral.com\/#organization"},"image":{"@id":"https:\/\/radiolitoral.com\/2025\/05\/pepa-bertomeu-la-escuela-es-la-cantera-de-las-diferentes-agrupaciones-musicales-de-benissa\/#primaryimage"},"thumbnailUrl":"https:\/\/media.radiolitoral.com\/wp-content\/uploads\/2025\/05\/09110107\/Pepa-Bertomeu-Primer-Cafe.jpg","keywords":["Abierta matr\u00edcula","Audiciones fin de curso","escuela de m\u00fasica y danza","Formaci\u00f3n musical","Pepa Bertomeu","Primer Caf\u00e9"],"articleSection":["Cultura","Educaci\u00f3n","Entrevistas"],"inLanguage":"ca","potentialAction":[{"@type":"CommentAction","name":"Comment","target":["https:\/\/radiolitoral.com\/2025\/05\/pepa-bertomeu-la-escuela-es-la-cantera-de-las-diferentes-agrupaciones-musicales-de-benissa\/#respond"]}]},{"@type":["WebPage","ItemPage"],"@id":"https:\/\/radiolitoral.com\/2025\/05\/pepa-bertomeu-la-escuela-es-la-cantera-de-las-diferentes-agrupaciones-musicales-de-benissa\/","url":"https:\/\/radiolitoral.com\/2025\/05\/pepa-bertomeu-la-escuela-es-la-cantera-de-las-diferentes-agrupaciones-musicales-de-benissa\/","name":"Pepa Bertomeu: &quot;L&#039;escola \u00e9s el planter de les diferents agrupacions musicals de Benissa&quot; | R\u00e0dio Litoral","isPartOf":{"@id":"https:\/\/radiolitoral.com\/#website"},"primaryImageOfPage":{"@id":"https:\/\/radiolitoral.com\/2025\/05\/pepa-bertomeu-la-escuela-es-la-cantera-de-las-diferentes-agrupaciones-musicales-de-benissa\/#primaryimage"},"image":{"@id":"https:\/\/radiolitoral.com\/2025\/05\/pepa-bertomeu-la-escuela-es-la-cantera-de-las-diferentes-agrupaciones-musicales-de-benissa\/#primaryimage"},"thumbnailUrl":"https:\/\/media.radiolitoral.com\/wp-content\/uploads\/2025\/05\/09110107\/Pepa-Bertomeu-Primer-Cafe.jpg","datePublished":"2025-05-09T09:03:43+00:00","description":"L&#039;Escola de M\u00fasica i Dansa Javier Santacreu de Benissa programa les audicions de final de curs i obre per\u00edode d&#039;inscripcions","breadcrumb":{"@id":"https:\/\/radiolitoral.com\/2025\/05\/pepa-bertomeu-la-escuela-es-la-cantera-de-las-diferentes-agrupaciones-musicales-de-benissa\/#breadcrumb"},"inLanguage":"ca","potentialAction":[{"@type":"ReadAction","target":["https:\/\/radiolitoral.com\/2025\/05\/pepa-bertomeu-la-escuela-es-la-cantera-de-las-diferentes-agrupaciones-musicales-de-benissa\/"]}]},{"@type":"ImageObject","inLanguage":"ca","@id":"https:\/\/radiolitoral.com\/2025\/05\/pepa-bertomeu-la-escuela-es-la-cantera-de-las-diferentes-agrupaciones-musicales-de-benissa\/#primaryimage","url":"https:\/\/media.radiolitoral.com\/wp-content\/uploads\/2025\/05\/09110107\/Pepa-Bertomeu-Primer-Cafe.jpg","contentUrl":"https:\/\/media.radiolitoral.com\/wp-content\/uploads\/2025\/05\/09110107\/Pepa-Bertomeu-Primer-Cafe.jpg","width":2000,"height":1500},{"@type":"BreadcrumbList","@id":"https:\/\/radiolitoral.com\/2025\/05\/pepa-bertomeu-la-escuela-es-la-cantera-de-las-diferentes-agrupaciones-musicales-de-benissa\/#breadcrumb","itemListElement":[{"@type":"ListItem","position":1,"name":"Portada","item":"https:\/\/radiolitoral.com\/"},{"@type":"ListItem","position":2,"name":"Pepa Bertomeu: \u201cLa escuela es la cantera de las diferentes agrupaciones musicales de Benissa\u201d"}]},{"@type":"WebSite","@id":"https:\/\/radiolitoral.com\/#website","url":"https:\/\/radiolitoral.com\/","name":"R\u00e0dio Litoral","description":"La r\u00e0dio local de la Marina Alta","publisher":{"@id":"https:\/\/radiolitoral.com\/#organization"},"alternateName":"Litoral FM","potentialAction":[{"@type":"SearchAction","target":{"@type":"EntryPoint","urlTemplate":"https:\/\/radiolitoral.com\/?s={search_term_string}"},"query-input":{"@type":"PropertyValueSpecification","valueRequired":true,"valueName":"search_term_string"}}],"inLanguage":"ca"},{"@type":"Organization","@id":"https:\/\/radiolitoral.com\/#organization","name":"R\u00e0dio Litoral","url":"https:\/\/radiolitoral.com\/","logo":{"@type":"ImageObject","inLanguage":"ca","@id":"https:\/\/radiolitoral.com\/#\/schema\/logo\/image\/","url":"https:\/\/media.radiolitoral.com\/wp-content\/uploads\/2023\/02\/24143238\/CL-V-RadioLitoral696.png","contentUrl":"https:\/\/media.radiolitoral.com\/wp-content\/uploads\/2023\/02\/24143238\/CL-V-RadioLitoral696.png","width":696,"height":696,"caption":"Radio Litoral"},"image":{"@id":"https:\/\/radiolitoral.com\/#\/schema\/logo\/image\/"},"sameAs":["https:\/\/www.facebook.com\/Laradiolitoral\/"]},{"@type":"Person","@id":"https:\/\/radiolitoral.com\/#\/schema\/person\/f2b2343c49b5d721857cc1002bfdb151","name":"Redacci\u00f3","image":{"@type":"ImageObject","inLanguage":"ca","@id":"https:\/\/secure.gravatar.com\/avatar\/f771d896c203ad8b3382d7905cfcce5a5c9b008b84b3cd9114e9b9f4cb63f789?s=96&d=mm&r=g","url":"https:\/\/secure.gravatar.com\/avatar\/f771d896c203ad8b3382d7905cfcce5a5c9b008b84b3cd9114e9b9f4cb63f789?s=96&d=mm&r=g","contentUrl":"https:\/\/secure.gravatar.com\/avatar\/f771d896c203ad8b3382d7905cfcce5a5c9b008b84b3cd9114e9b9f4cb63f789?s=96&d=mm&r=g","caption":"Redacci\u00f3n"},"url":"https:\/\/radiolitoral.com\/ca\/author\/miriam-pagan\/"}]}},"_links":{"self":[{"href":"https:\/\/radiolitoral.com\/ca\/wp-json\/wp\/v2\/posts\/16628","targetHints":{"allow":["GET"]}}],"collection":[{"href":"https:\/\/radiolitoral.com\/ca\/wp-json\/wp\/v2\/posts"}],"about":[{"href":"https:\/\/radiolitoral.com\/ca\/wp-json\/wp\/v2\/types\/post"}],"author":[{"embeddable":true,"href":"https:\/\/radiolitoral.com\/ca\/wp-json\/wp\/v2\/users\/13"}],"replies":[{"embeddable":true,"href":"https:\/\/radiolitoral.com\/ca\/wp-json\/wp\/v2\/comments?post=16628"}],"version-history":[{"count":2,"href":"https:\/\/radiolitoral.com\/ca\/wp-json\/wp\/v2\/posts\/16628\/revisions"}],"predecessor-version":[{"id":16632,"href":"https:\/\/radiolitoral.com\/ca\/wp-json\/wp\/v2\/posts\/16628\/revisions\/16632"}],"wp:featuredmedia":[{"embeddable":true,"href":"https:\/\/radiolitoral.com\/ca\/wp-json\/wp\/v2\/media\/16630"}],"wp:attachment":[{"href":"https:\/\/radiolitoral.com\/ca\/wp-json\/wp\/v2\/media?parent=16628"}],"wp:term":[{"taxonomy":"category","embeddable":true,"href":"https:\/\/radiolitoral.com\/ca\/wp-json\/wp\/v2\/categories?post=16628"},{"taxonomy":"post_tag","embeddable":true,"href":"https:\/\/radiolitoral.com\/ca\/wp-json\/wp\/v2\/tags?post=16628"}],"curies":[{"name":"wp","href":"https:\/\/api.w.org\/{rel}","templated":true}]}}