{"id":16622,"date":"2025-05-09T10:25:19","date_gmt":"2025-05-09T08:25:19","guid":{"rendered":"https:\/\/radiolitoral.com\/?p=16622"},"modified":"2025-05-09T10:25:19","modified_gmt":"2025-05-09T08:25:19","slug":"el-circuit-a-peu-marina-alta-arriba-a-pedreguer","status":"publish","type":"post","link":"https:\/\/radiolitoral.com\/ca\/2025\/05\/el-circuit-a-peu-marina-alta-llega-a-pedreguer\/","title":{"rendered":"El Circuit a Peu Marina Alta arriba a Pedreguer"},"content":{"rendered":"<p>El <strong>Circuit a Peu Marina Alta<\/strong>, arriba a Pedreguer amb la <strong>XXXII Cursa Popular Vila de Pedreguer<\/strong>, que tindr\u00e0 lloc aquest dissabte. La prova est\u00e0 organitzada el <strong>Club d&#039;Atletisme Camets<\/strong> en col\u00b7laboraci\u00f3 amb el <strong>Ajuntament de Pedreguer<\/strong> i la regidoria desports.<\/p>\n<p>Els voltants de la Pla\u00e7a Major s&#039;ompliran d&#039;alegria i bullici amb una multitud de nens i nenes, es presumeixen, m\u00e9s de 500, que participaran des de les 16.30 hores en les categories que van des de prebarrufets fins a juvenils.<\/p>\n<p>La prova reina donar\u00e0 inici a les 19 hores per a les categories superiors que deuran cobrir un recorregut de 10 quil\u00f2metres. L&#039;organitzaci\u00f3 ha previst la possibilitat de participar a la modalitat de caminants cobrint la meitat del recorregut.<\/p>\n<h4>Mateix tra\u00e7at que el 2024<\/h4>\n<p>El Club d&#039;Atletisme Cametes ha preparat el mateix recorregut de l&#039;edici\u00f3 anterior, un circuit que, amb un 50% de tra\u00e7at urb\u00e0 i l&#039;altre 50% a l&#039;entorn rural, ofereix una combinaci\u00f3 excel\u00b7lent d&#039;asfalt i natura. Durant els 10K de la cursa, els participants podran gaudir de fins a 11 punts d\u00b4animaci\u00f3 repartits per tot el recorregut, amb la col\u00b7laboraci\u00f3 de la banda de m\u00fasica <strong>Centre Art\u00edstic, Els Traginers i la Batucada Katuba<\/strong>, que aportaran un toc musical per motivar els corredors en el recorregut.<\/p>\n<p>L&#039;organitzaci\u00f3 de l&#039;esdeveniment comptar\u00e0 amb serveis d&#039;alta qualitat, com un guarda-roba, guarda claus i zona per a bicicletes properes a la l\u00ednia de meta. A m\u00e9s, els corredors tindran acc\u00e9s a dutxes al <strong>Camp Municipal de Futbol<\/strong>, ubicat a 1,8 km de la meta, per refrescar-se despr\u00e9s de l&#039;esfor\u00e7.<\/p>\n<p><script src=\"chrome-extension:\/\/flbolonkboilcbnohjlchlfgdalomdpl\/iFrame.js\" type=\"text\/javascript\"><\/script><\/p>","protected":false},"excerpt":{"rendered":"<p>El Circuit a Peu Marina Alta, llega a Pedreguer con la XXXII Cursa Popular Vila de Pedreguer, que tendr\u00e1 lugar este s\u00e1bado. La prueba est\u00e1 organizada el Club d\u2019Atletisme Cametes en colaboraci\u00f3n con el Ayuntamiento de Pedreguer y la concejal\u00eda de deportes. Las inmediaciones de la Pla\u00e7a Major se llenar\u00e1n de alegr\u00eda y bullicio con [&#8230;]<\/p>\n<p><a class=\"btn btn-secondary understrap-read-more-link\" href=\"https:\/\/radiolitoral.com\/ca\/2025\/05\/el-circuit-a-peu-marina-alta-llega-a-pedreguer\/\">Continua llegint&#8230;<span class=\"screen-reader-text\"> from El Circuit a Peu Marina Alta llega a Pedreguer<\/span><\/a><\/p>\n","protected":false},"author":12,"featured_media":16623,"comment_status":"open","ping_status":"closed","sticky":false,"template":"","format":"standard","meta":{"_acf_changed":false,"inline_featured_image":false,"footnotes":""},"categories":[5],"tags":[1531,922,3604,6,4282],"class_list":["post-16622","post","type-post","status-publish","format-standard","has-post-thumbnail","hentry","category-deportes","tag-ayuntamiento-de-pedreguer","tag-circuit-a-peu-marina-alta","tag-club-datletisme-cametes","tag-deportes","tag-xxxii-cursa-popular-vila-de-pedreguer","cobertura-pedreguer"],"acf":[],"yoast_head":"<!-- This site is optimized with the Yoast SEO plugin v27.5 - https:\/\/yoast.com\/product\/yoast-seo-wordpress\/ -->\n<title>El Circuit a Peu Marina Alta llega a Pedreguer | R\u00e0dio Litoral<\/title>\n<meta name=\"description\" content=\"La carrera de 10 kil\u00f3metros comenzar\u00e1 a las 19 horas con el mismo recorrido de la edici\u00f3n anterior y con 11 puntos de animaci\u00f3n musicalLa carrera de 10 kil\u00f3metros comenzar\u00e1 a las 19 horas con el mismo recorrido de la edici\u00f3n anterior y con 11 puntos de animaci\u00f3n musical\" \/>\n<meta name=\"robots\" content=\"index, follow, max-snippet:-1, max-image-preview:large, max-video-preview:-1\" \/>\n<link rel=\"canonical\" href=\"https:\/\/radiolitoral.com\/ca\/2025\/05\/el-circuit-a-peu-marina-alta-arriba-a-pedreguer\/\" \/>\n<meta property=\"og:locale\" content=\"ca_ES\" \/>\n<meta property=\"og:type\" content=\"article\" \/>\n<meta property=\"og:title\" content=\"El Circuit a Peu Marina Alta llega a Pedreguer | R\u00e0dio Litoral\" \/>\n<meta property=\"og:description\" content=\"La carrera de 10 kil\u00f3metros comenzar\u00e1 a las 19 horas con el mismo recorrido de la edici\u00f3n anterior y con 11 puntos de animaci\u00f3n musicalLa carrera de 10 kil\u00f3metros comenzar\u00e1 a las 19 horas con el mismo recorrido de la edici\u00f3n anterior y con 11 puntos de animaci\u00f3n musical\" \/>\n<meta property=\"og:url\" content=\"https:\/\/radiolitoral.com\/ca\/2025\/05\/el-circuit-a-peu-marina-alta-arriba-a-pedreguer\/\" \/>\n<meta property=\"og:site_name\" content=\"R\u00e0dio Litoral\" \/>\n<meta property=\"article:publisher\" content=\"https:\/\/www.facebook.com\/Laradiolitoral\/\" \/>\n<meta property=\"article:published_time\" content=\"2025-05-09T08:25:19+00:00\" \/>\n<meta property=\"og:image\" content=\"https:\/\/media.radiolitoral.com\/wp-content\/uploads\/2025\/05\/09102453\/CORREDORS-2024-1.jpg\" \/>\n\t<meta property=\"og:image:width\" content=\"2048\" \/>\n\t<meta property=\"og:image:height\" content=\"1365\" \/>\n\t<meta property=\"og:image:type\" content=\"image\/jpeg\" \/>\n<meta name=\"author\" content=\"Javier Zamora\" \/>\n<meta name=\"twitter:card\" content=\"summary_large_image\" \/>\n<meta name=\"twitter:label1\" content=\"Escrit per\" \/>\n\t<meta name=\"twitter:data1\" content=\"Javier Zamora\" \/>\n\t<meta name=\"twitter:label2\" content=\"Temps estimat de lectura\" \/>\n\t<meta name=\"twitter:data2\" content=\"2 minuts\" \/>\n<script type=\"application\/ld+json\" class=\"yoast-schema-graph\">{\"@context\":\"https:\\\/\\\/schema.org\",\"@graph\":[{\"@type\":\"NewsArticle\",\"@id\":\"https:\\\/\\\/radiolitoral.com\\\/2025\\\/05\\\/el-circuit-a-peu-marina-alta-llega-a-pedreguer\\\/#article\",\"isPartOf\":{\"@id\":\"https:\\\/\\\/radiolitoral.com\\\/2025\\\/05\\\/el-circuit-a-peu-marina-alta-llega-a-pedreguer\\\/\"},\"author\":{\"name\":\"Javier Zamora\",\"@id\":\"https:\\\/\\\/radiolitoral.com\\\/#\\\/schema\\\/person\\\/7b1480b5caeb5acdd4ec6379caf62b22\"},\"headline\":\"El Circuit a Peu Marina Alta llega a Pedreguer\",\"datePublished\":\"2025-05-09T08:25:19+00:00\",\"mainEntityOfPage\":{\"@id\":\"https:\\\/\\\/radiolitoral.com\\\/2025\\\/05\\\/el-circuit-a-peu-marina-alta-llega-a-pedreguer\\\/\"},\"wordCount\":295,\"commentCount\":0,\"publisher\":{\"@id\":\"https:\\\/\\\/radiolitoral.com\\\/#organization\"},\"image\":{\"@id\":\"https:\\\/\\\/radiolitoral.com\\\/2025\\\/05\\\/el-circuit-a-peu-marina-alta-llega-a-pedreguer\\\/#primaryimage\"},\"thumbnailUrl\":\"https:\\\/\\\/media.radiolitoral.com\\\/wp-content\\\/uploads\\\/2025\\\/05\\\/09102453\\\/CORREDORS-2024-1.jpg\",\"keywords\":[\"Ayuntamiento de Pedreguer\",\"Circuit a Peu Marina Alta\",\"Club d'Atletisme Cametes\",\"deportes\",\"XXXII Cursa Popular Vila de Pedreguer\"],\"articleSection\":[\"Deportes\"],\"inLanguage\":\"ca\",\"potentialAction\":[{\"@type\":\"CommentAction\",\"name\":\"Comment\",\"target\":[\"https:\\\/\\\/radiolitoral.com\\\/2025\\\/05\\\/el-circuit-a-peu-marina-alta-llega-a-pedreguer\\\/#respond\"]}]},{\"@type\":[\"WebPage\",\"ItemPage\"],\"@id\":\"https:\\\/\\\/radiolitoral.com\\\/2025\\\/05\\\/el-circuit-a-peu-marina-alta-llega-a-pedreguer\\\/\",\"url\":\"https:\\\/\\\/radiolitoral.com\\\/2025\\\/05\\\/el-circuit-a-peu-marina-alta-llega-a-pedreguer\\\/\",\"name\":\"El Circuit a Peu Marina Alta llega a Pedreguer | R\u00e0dio Litoral\",\"isPartOf\":{\"@id\":\"https:\\\/\\\/radiolitoral.com\\\/#website\"},\"primaryImageOfPage\":{\"@id\":\"https:\\\/\\\/radiolitoral.com\\\/2025\\\/05\\\/el-circuit-a-peu-marina-alta-llega-a-pedreguer\\\/#primaryimage\"},\"image\":{\"@id\":\"https:\\\/\\\/radiolitoral.com\\\/2025\\\/05\\\/el-circuit-a-peu-marina-alta-llega-a-pedreguer\\\/#primaryimage\"},\"thumbnailUrl\":\"https:\\\/\\\/media.radiolitoral.com\\\/wp-content\\\/uploads\\\/2025\\\/05\\\/09102453\\\/CORREDORS-2024-1.jpg\",\"datePublished\":\"2025-05-09T08:25:19+00:00\",\"description\":\"La carrera de 10 kil\u00f3metros comenzar\u00e1 a las 19 horas con el mismo recorrido de la edici\u00f3n anterior y con 11 puntos de animaci\u00f3n musicalLa carrera de 10 kil\u00f3metros comenzar\u00e1 a las 19 horas con el mismo recorrido de la edici\u00f3n anterior y con 11 puntos de animaci\u00f3n musical\",\"breadcrumb\":{\"@id\":\"https:\\\/\\\/radiolitoral.com\\\/2025\\\/05\\\/el-circuit-a-peu-marina-alta-llega-a-pedreguer\\\/#breadcrumb\"},\"inLanguage\":\"ca\",\"potentialAction\":[{\"@type\":\"ReadAction\",\"target\":[\"https:\\\/\\\/radiolitoral.com\\\/2025\\\/05\\\/el-circuit-a-peu-marina-alta-llega-a-pedreguer\\\/\"]}]},{\"@type\":\"ImageObject\",\"inLanguage\":\"ca\",\"@id\":\"https:\\\/\\\/radiolitoral.com\\\/2025\\\/05\\\/el-circuit-a-peu-marina-alta-llega-a-pedreguer\\\/#primaryimage\",\"url\":\"https:\\\/\\\/media.radiolitoral.com\\\/wp-content\\\/uploads\\\/2025\\\/05\\\/09102453\\\/CORREDORS-2024-1.jpg\",\"contentUrl\":\"https:\\\/\\\/media.radiolitoral.com\\\/wp-content\\\/uploads\\\/2025\\\/05\\\/09102453\\\/CORREDORS-2024-1.jpg\",\"width\":2048,\"height\":1365},{\"@type\":\"BreadcrumbList\",\"@id\":\"https:\\\/\\\/radiolitoral.com\\\/2025\\\/05\\\/el-circuit-a-peu-marina-alta-llega-a-pedreguer\\\/#breadcrumb\",\"itemListElement\":[{\"@type\":\"ListItem\",\"position\":1,\"name\":\"Portada\",\"item\":\"https:\\\/\\\/radiolitoral.com\\\/\"},{\"@type\":\"ListItem\",\"position\":2,\"name\":\"El Circuit a Peu Marina Alta llega a Pedreguer\"}]},{\"@type\":\"WebSite\",\"@id\":\"https:\\\/\\\/radiolitoral.com\\\/#website\",\"url\":\"https:\\\/\\\/radiolitoral.com\\\/\",\"name\":\"Radio Litoral\",\"description\":\"La radio local de la Marina Alta\",\"publisher\":{\"@id\":\"https:\\\/\\\/radiolitoral.com\\\/#organization\"},\"alternateName\":\"Litoral FM\",\"potentialAction\":[{\"@type\":\"SearchAction\",\"target\":{\"@type\":\"EntryPoint\",\"urlTemplate\":\"https:\\\/\\\/radiolitoral.com\\\/?s={search_term_string}\"},\"query-input\":{\"@type\":\"PropertyValueSpecification\",\"valueRequired\":true,\"valueName\":\"search_term_string\"}}],\"inLanguage\":\"ca\"},{\"@type\":\"Organization\",\"@id\":\"https:\\\/\\\/radiolitoral.com\\\/#organization\",\"name\":\"Radio Litoral\",\"url\":\"https:\\\/\\\/radiolitoral.com\\\/\",\"logo\":{\"@type\":\"ImageObject\",\"inLanguage\":\"ca\",\"@id\":\"https:\\\/\\\/radiolitoral.com\\\/#\\\/schema\\\/logo\\\/image\\\/\",\"url\":\"https:\\\/\\\/media.radiolitoral.com\\\/wp-content\\\/uploads\\\/2023\\\/02\\\/24143238\\\/CL-V-RadioLitoral696.png\",\"contentUrl\":\"https:\\\/\\\/media.radiolitoral.com\\\/wp-content\\\/uploads\\\/2023\\\/02\\\/24143238\\\/CL-V-RadioLitoral696.png\",\"width\":696,\"height\":696,\"caption\":\"Radio Litoral\"},\"image\":{\"@id\":\"https:\\\/\\\/radiolitoral.com\\\/#\\\/schema\\\/logo\\\/image\\\/\"},\"sameAs\":[\"https:\\\/\\\/www.facebook.com\\\/Laradiolitoral\\\/\"]},{\"@type\":\"Person\",\"@id\":\"https:\\\/\\\/radiolitoral.com\\\/#\\\/schema\\\/person\\\/7b1480b5caeb5acdd4ec6379caf62b22\",\"name\":\"Javier Zamora\",\"image\":{\"@type\":\"ImageObject\",\"inLanguage\":\"ca\",\"@id\":\"https:\\\/\\\/secure.gravatar.com\\\/avatar\\\/467a11f6918c7d619c4043fc6fa2d3853053107973f05b6e9c04ea6c4e3a7b3f?s=96&d=mm&r=g\",\"url\":\"https:\\\/\\\/secure.gravatar.com\\\/avatar\\\/467a11f6918c7d619c4043fc6fa2d3853053107973f05b6e9c04ea6c4e3a7b3f?s=96&d=mm&r=g\",\"contentUrl\":\"https:\\\/\\\/secure.gravatar.com\\\/avatar\\\/467a11f6918c7d619c4043fc6fa2d3853053107973f05b6e9c04ea6c4e3a7b3f?s=96&d=mm&r=g\",\"caption\":\"Javier Zamora\"},\"url\":\"https:\\\/\\\/radiolitoral.com\\\/ca\\\/author\\\/javier-zamora\\\/\"}]}<\/script>\n<!-- \/ Yoast SEO plugin. -->","yoast_head_json":{"title":"El Circuit a Peu Marina Alta arriba a Pedreguer |","description":"La cursa de 10 quil\u00f2metres comen\u00e7ar\u00e0 a les 19 hores amb el mateix recorregut de l&#039;edici\u00f3 anterior i amb 11 punts d&#039;animaci\u00f3 musical","robots":{"index":"index","follow":"follow","max-snippet":"max-snippet:-1","max-image-preview":"max-image-preview:large","max-video-preview":"max-video-preview:-1"},"canonical":"https:\/\/radiolitoral.com\/ca\/2025\/05\/el-circuit-a-peu-marina-alta-arriba-a-pedreguer\/","og_locale":"ca_ES","og_type":"article","og_title":"El Circuit a Peu Marina Alta llega a Pedreguer | R\u00e0dio Litoral","og_description":"La carrera de 10 kil\u00f3metros comenzar\u00e1 a las 19 horas con el mismo recorrido de la edici\u00f3n anterior y con 11 puntos de animaci\u00f3n musicalLa carrera de 10 kil\u00f3metros comenzar\u00e1 a las 19 horas con el mismo recorrido de la edici\u00f3n anterior y con 11 puntos de animaci\u00f3n musical","og_url":"https:\/\/radiolitoral.com\/ca\/2025\/05\/el-circuit-a-peu-marina-alta-arriba-a-pedreguer\/","og_site_name":"R\u00e0dio Litoral","article_publisher":"https:\/\/www.facebook.com\/Laradiolitoral\/","article_published_time":"2025-05-09T08:25:19+00:00","og_image":[{"width":2048,"height":1365,"url":"https:\/\/media.radiolitoral.com\/wp-content\/uploads\/2025\/05\/09102453\/CORREDORS-2024-1.jpg","type":"image\/jpeg"}],"author":"Javier Zamora","twitter_card":"summary_large_image","twitter_misc":{"Escrit per":"Javier Zamora","Temps estimat de lectura":"2 minuts"},"schema":{"@context":"https:\/\/schema.org","@graph":[{"@type":"NewsArticle","@id":"https:\/\/radiolitoral.com\/2025\/05\/el-circuit-a-peu-marina-alta-llega-a-pedreguer\/#article","isPartOf":{"@id":"https:\/\/radiolitoral.com\/2025\/05\/el-circuit-a-peu-marina-alta-llega-a-pedreguer\/"},"author":{"name":"Javier Zamora","@id":"https:\/\/radiolitoral.com\/#\/schema\/person\/7b1480b5caeb5acdd4ec6379caf62b22"},"headline":"El Circuit a Peu Marina Alta llega a Pedreguer","datePublished":"2025-05-09T08:25:19+00:00","mainEntityOfPage":{"@id":"https:\/\/radiolitoral.com\/2025\/05\/el-circuit-a-peu-marina-alta-llega-a-pedreguer\/"},"wordCount":295,"commentCount":0,"publisher":{"@id":"https:\/\/radiolitoral.com\/#organization"},"image":{"@id":"https:\/\/radiolitoral.com\/2025\/05\/el-circuit-a-peu-marina-alta-llega-a-pedreguer\/#primaryimage"},"thumbnailUrl":"https:\/\/media.radiolitoral.com\/wp-content\/uploads\/2025\/05\/09102453\/CORREDORS-2024-1.jpg","keywords":["Ayuntamiento de Pedreguer","Circuit a Peu Marina Alta","Club d'Atletisme Cametes","deportes","XXXII Cursa Popular Vila de Pedreguer"],"articleSection":["Deportes"],"inLanguage":"ca","potentialAction":[{"@type":"CommentAction","name":"Comment","target":["https:\/\/radiolitoral.com\/2025\/05\/el-circuit-a-peu-marina-alta-llega-a-pedreguer\/#respond"]}]},{"@type":["WebPage","ItemPage"],"@id":"https:\/\/radiolitoral.com\/2025\/05\/el-circuit-a-peu-marina-alta-llega-a-pedreguer\/","url":"https:\/\/radiolitoral.com\/2025\/05\/el-circuit-a-peu-marina-alta-llega-a-pedreguer\/","name":"El Circuit a Peu Marina Alta arriba a Pedreguer |","isPartOf":{"@id":"https:\/\/radiolitoral.com\/#website"},"primaryImageOfPage":{"@id":"https:\/\/radiolitoral.com\/2025\/05\/el-circuit-a-peu-marina-alta-llega-a-pedreguer\/#primaryimage"},"image":{"@id":"https:\/\/radiolitoral.com\/2025\/05\/el-circuit-a-peu-marina-alta-llega-a-pedreguer\/#primaryimage"},"thumbnailUrl":"https:\/\/media.radiolitoral.com\/wp-content\/uploads\/2025\/05\/09102453\/CORREDORS-2024-1.jpg","datePublished":"2025-05-09T08:25:19+00:00","description":"La cursa de 10 quil\u00f2metres comen\u00e7ar\u00e0 a les 19 hores amb el mateix recorregut de l&#039;edici\u00f3 anterior i amb 11 punts d&#039;animaci\u00f3 musical","breadcrumb":{"@id":"https:\/\/radiolitoral.com\/2025\/05\/el-circuit-a-peu-marina-alta-llega-a-pedreguer\/#breadcrumb"},"inLanguage":"ca","potentialAction":[{"@type":"ReadAction","target":["https:\/\/radiolitoral.com\/2025\/05\/el-circuit-a-peu-marina-alta-llega-a-pedreguer\/"]}]},{"@type":"ImageObject","inLanguage":"ca","@id":"https:\/\/radiolitoral.com\/2025\/05\/el-circuit-a-peu-marina-alta-llega-a-pedreguer\/#primaryimage","url":"https:\/\/media.radiolitoral.com\/wp-content\/uploads\/2025\/05\/09102453\/CORREDORS-2024-1.jpg","contentUrl":"https:\/\/media.radiolitoral.com\/wp-content\/uploads\/2025\/05\/09102453\/CORREDORS-2024-1.jpg","width":2048,"height":1365},{"@type":"BreadcrumbList","@id":"https:\/\/radiolitoral.com\/2025\/05\/el-circuit-a-peu-marina-alta-llega-a-pedreguer\/#breadcrumb","itemListElement":[{"@type":"ListItem","position":1,"name":"Portada","item":"https:\/\/radiolitoral.com\/"},{"@type":"ListItem","position":2,"name":"El Circuit a Peu Marina Alta llega a Pedreguer"}]},{"@type":"WebSite","@id":"https:\/\/radiolitoral.com\/#website","url":"https:\/\/radiolitoral.com\/","name":"R\u00e0dio Litoral","description":"La r\u00e0dio local de la Marina Alta","publisher":{"@id":"https:\/\/radiolitoral.com\/#organization"},"alternateName":"Litoral FM","potentialAction":[{"@type":"SearchAction","target":{"@type":"EntryPoint","urlTemplate":"https:\/\/radiolitoral.com\/?s={search_term_string}"},"query-input":{"@type":"PropertyValueSpecification","valueRequired":true,"valueName":"search_term_string"}}],"inLanguage":"ca"},{"@type":"Organization","@id":"https:\/\/radiolitoral.com\/#organization","name":"R\u00e0dio Litoral","url":"https:\/\/radiolitoral.com\/","logo":{"@type":"ImageObject","inLanguage":"ca","@id":"https:\/\/radiolitoral.com\/#\/schema\/logo\/image\/","url":"https:\/\/media.radiolitoral.com\/wp-content\/uploads\/2023\/02\/24143238\/CL-V-RadioLitoral696.png","contentUrl":"https:\/\/media.radiolitoral.com\/wp-content\/uploads\/2023\/02\/24143238\/CL-V-RadioLitoral696.png","width":696,"height":696,"caption":"Radio Litoral"},"image":{"@id":"https:\/\/radiolitoral.com\/#\/schema\/logo\/image\/"},"sameAs":["https:\/\/www.facebook.com\/Laradiolitoral\/"]},{"@type":"Person","@id":"https:\/\/radiolitoral.com\/#\/schema\/person\/7b1480b5caeb5acdd4ec6379caf62b22","name":"Javier Zamora","image":{"@type":"ImageObject","inLanguage":"ca","@id":"https:\/\/secure.gravatar.com\/avatar\/467a11f6918c7d619c4043fc6fa2d3853053107973f05b6e9c04ea6c4e3a7b3f?s=96&d=mm&r=g","url":"https:\/\/secure.gravatar.com\/avatar\/467a11f6918c7d619c4043fc6fa2d3853053107973f05b6e9c04ea6c4e3a7b3f?s=96&d=mm&r=g","contentUrl":"https:\/\/secure.gravatar.com\/avatar\/467a11f6918c7d619c4043fc6fa2d3853053107973f05b6e9c04ea6c4e3a7b3f?s=96&d=mm&r=g","caption":"Javier Zamora"},"url":"https:\/\/radiolitoral.com\/ca\/author\/javier-zamora\/"}]}},"_links":{"self":[{"href":"https:\/\/radiolitoral.com\/ca\/wp-json\/wp\/v2\/posts\/16622","targetHints":{"allow":["GET"]}}],"collection":[{"href":"https:\/\/radiolitoral.com\/ca\/wp-json\/wp\/v2\/posts"}],"about":[{"href":"https:\/\/radiolitoral.com\/ca\/wp-json\/wp\/v2\/types\/post"}],"author":[{"embeddable":true,"href":"https:\/\/radiolitoral.com\/ca\/wp-json\/wp\/v2\/users\/12"}],"replies":[{"embeddable":true,"href":"https:\/\/radiolitoral.com\/ca\/wp-json\/wp\/v2\/comments?post=16622"}],"version-history":[{"count":2,"href":"https:\/\/radiolitoral.com\/ca\/wp-json\/wp\/v2\/posts\/16622\/revisions"}],"predecessor-version":[{"id":16625,"href":"https:\/\/radiolitoral.com\/ca\/wp-json\/wp\/v2\/posts\/16622\/revisions\/16625"}],"wp:featuredmedia":[{"embeddable":true,"href":"https:\/\/radiolitoral.com\/ca\/wp-json\/wp\/v2\/media\/16623"}],"wp:attachment":[{"href":"https:\/\/radiolitoral.com\/ca\/wp-json\/wp\/v2\/media?parent=16622"}],"wp:term":[{"taxonomy":"category","embeddable":true,"href":"https:\/\/radiolitoral.com\/ca\/wp-json\/wp\/v2\/categories?post=16622"},{"taxonomy":"post_tag","embeddable":true,"href":"https:\/\/radiolitoral.com\/ca\/wp-json\/wp\/v2\/tags?post=16622"}],"curies":[{"name":"wp","href":"https:\/\/api.w.org\/{rel}","templated":true}]}}