{"id":1662,"date":"2023-03-27T16:12:23","date_gmt":"2023-03-27T14:12:23","guid":{"rendered":"https:\/\/radiolitoral.com\/?p=1662"},"modified":"2023-03-27T16:13:05","modified_gmt":"2023-03-27T14:13:05","slug":"desmantellat-un-grup-criminal-que-sapropiava-dherencies-a-la-marina-alta","status":"publish","type":"post","link":"https:\/\/radiolitoral.com\/ca\/2023\/03\/desmantelado-un-grupo-criminal-que-se-apropiaba-de-herencias-en-la-marina-alta\/","title":{"rendered":"Desmantellat un grup criminal que s&#039;apropiava d&#039;her\u00e8ncies a la Marina Alta"},"content":{"rendered":"<p>La <strong>Gu\u00e0rdia Civil ha aconseguit desmantellar un grup criminal que s&#039;havia apropiat de les her\u00e8ncies de 22 avis morts a la Marina Alta<\/strong>. Fonts de la benem\u00e8rita expliquen que els ara detinguts, un total de 8 persones, aprofitaven les morts durant la pand\u00e8mia i la manca d&#039;hereus coneguts o recursos d&#039;aquests, per apropiar-se dels b\u00e9ns.<\/p>\n<p>La banda estava dirigida per dos germans amb coneixements en dret i assegurances, que utilitzaven diferents negocis per al blanqueig dels diners. <strong>Entre els detinguts hi ha dos treballadors d?un tanatori, un treballador d?un centre de gent gran i un extreballador d?un ajuntament<\/strong>.<\/p>\n<p>La <strong>operaci\u00f3 anomenada <em>\u201c<\/em>M\u00e0 Negra<em>\u201d,<\/em> tamb\u00e9 ha investigat tres persones m\u00e9s<\/strong>. A tots ells se&#039;ls vincula amb <strong>delictes d&#039;organitzaci\u00f3 criminal, robatori, estafa, falsedat documental, apropiaci\u00f3 indeguda, blanqueig de capitals, usurpaci\u00f3 d&#039;estat civil i tinen\u00e7a il\u00b7l\u00edcita d&#039;armes<\/strong>.<\/p>\n<p>Fins ara han estat identificats un total de <strong>22 morts que han estat v\u00edctimes<\/strong> d&#039;aquest grup criminal, sent aquests dos de <strong>nacionalitat espanyola, cinc francesa, un belga, quatre su\u00efssa, un brit\u00e0nica, vuit alemanya, i un finlandesa<\/strong>, mancant gran part d&#039;ells d&#039;hereus coneguts. No es descarta que augmenti el nombre de v\u00edctimes.<\/p>\n<p>La investigaci\u00f3 es va iniciar l&#039;any passat, quan els agents van tenir coneixement que alg\u00fa havia tret els precintes judicials d&#039;un habitatge ubicat a Benissa on va fer reformes i va sostreure diversos objectes, entre ells una motocicleta d&#039;alta gamma.<\/p>\n<p>En una primera fase, els agents no van trigar a identificar dos membres del grup criminal que treballaven en un tanatori ubicat a la comarca de la Marina Alta. A m\u00e9s de robar les joies als difunts no reclamats pels familiars, passaven informaci\u00f3 per robar als habitatges de les v\u00edctimes i obtenir les seves claus banc\u00e0ries.<\/p>\n<p>&nbsp;<\/p>\n<p><strong>Participaci\u00f3 dels l\u00edders<\/strong><\/p>\n<p>Despr\u00e9s d&#039;assegurar-se que cap familiar reclamava el cos de la v\u00edctima, comen\u00e7aven a actuar els l\u00edders de l&#039;organitzaci\u00f3: <strong>dos germans residents a Bilbao, una dona de 63 anys amb estudis en dret i un home de 54 anys mediador d&#039;assegurances<\/strong>.<\/p>\n<p>La dona era gerent de 12 empreses, dues immobili\u00e0ries i quatre gestories, i l&#039;home era propietari d&#039;una corredoria d&#039;assegurances.<\/p>\n<p>Les immobili\u00e0ries, ubicades a D\u00e9nia i el Pa\u00eds Basc, eren utilitzades per llogar i vendre les propietats dels morts. A trav\u00e9s de les gestories, que eren a Bilbao i Cant\u00e0bria, convertien mitjan\u00e7ant falsos contractes mercantils els difunts en avalistes de les seves empreses. D&#039;aquesta manera aconseguien que els finats tinguessin una responsabilitat patrimonial i aix\u00ed es quedaven amb els seus b\u00e9ns de manera molt econ\u00f2mica.<\/p>\n<p>Per evadir impostos els germans feien servir una empresa de construcci\u00f3 i reformes, una oficina de tr\u00e0mits d&#039;assegurances, un taller de mec\u00e0nica a Bilbao, dos hotels a les prov\u00edncies de M\u00farcia i Val\u00e8ncia, un restaurant a D\u00e9nia i dues societats offshore a Irlanda i Malta. Fins i tot van aconseguir el control d&#039;una associaci\u00f3 cultural a Bilbao per simular donacions i impagaments en vida dels morts.<\/p>\n<p>Entre els membres de la banda, tamb\u00e9 destaca un antic treballador d&#039;un ajuntament de la comarca de la Marina Alta, que mitjan\u00e7ant els seus coneixements, assessorava i realitzava modificacions cadastrals per inscriure de manera irregular les finques al Registre de la Propietat.<\/p>\n<p>Un altre detingut \u00e9s un treballador d&#039;un geri\u00e0tric de la mateixa comarca, que obtenia la documentaci\u00f3 i les claus banc\u00e0ries de les seves v\u00edctimes, arribant a transferir m\u00e9s de 112.000 euros de dos residents nonagen\u00e0ries de nacionalitats alemanya i su\u00efssa als comptes bancaris del grup criminal.<\/p>\n<p>El grup criminal va incrementar la seva activitat delictiva a causa de l&#039;augment del nombre d&#039;ancians morts per l&#039;\u00faltima pand\u00e8mia, les dificultats de les fam\u00edlies per fer-se c\u00e0rrec dels seus cossos i la manca d&#039;hereus coneguts en altres casos.<\/p>\n<p>A m\u00e9s, l&#039;organitzaci\u00f3 criminal, de forma fraudulenta, havia iniciat el procediment d&#039;usucapi\u00f3 per adquirir algunes propietats amb un \u00fas prolongat en el termini legalment estipulat. Per fer-ho, feien el pagament d&#039;impostos i subministraments b\u00e0sics i, per compensar aquestes p\u00e8rdues, les arrendaven com a lloguers de vacances.<\/p>\n<p>Cal remarcar que <strong>la Gu\u00e0rdia Civil no d\u00f3na per finalitzada aquesta operaci\u00f3<\/strong> ja que no descarta que pugui augmentar el nombre de persones afectades.<\/p>\n<p>L&#039;operaci\u00f3 l&#039;han dut a terme agents de l&#039;Equip Territorial de Policia Judicial de Calp i l&#039;Equip de Delinq\u00fc\u00e8ncia Econ\u00f2mica de la Unitat Org\u00e0nica de Policia Judicial d&#039;Alacant. Aix\u00ed mateix, s&#039;ha comptat amb la col\u00b7laboraci\u00f3 de les unitats de Seguretat Ciutadana de la Companyia de Calp i de la Comand\u00e0ncia de Val\u00e8ncia, aix\u00ed com de personal de la Unitat Org\u00e0nica de Policia Judicial de les Comand\u00e0ncies d&#039;Alacant i Biscaia.<\/p>\n<p>El <strong>Jutjat d&#039;Instrucci\u00f3 n\u00fam. 2 de D\u00e9nia ha decretat l&#039;ingr\u00e9s a pres\u00f3 sense fian\u00e7a<\/strong> de la dona l\u00edder de la banda i ha decretat mesures cautelars per a la resta.<\/p>","protected":false},"excerpt":{"rendered":"<p>La Guardia Civil ha conseguido desmantelar un grupo criminal que se hab\u00eda apropiado de las herencias de 22 ancianos fallecidos en la Marina Alta. Fuentes de la benem\u00e9rita explican que los ahora detenidos, un total de 8 personas, aprovechaban los fallecimientos durante la pandemia y la falta de herederos conocidos o recursos de \u00e9stos, para [&#8230;]<\/p>\n<p><a class=\"btn btn-secondary understrap-read-more-link\" href=\"https:\/\/radiolitoral.com\/ca\/2023\/03\/desmantelado-un-grupo-criminal-que-se-apropiaba-de-herencias-en-la-marina-alta\/\">Continua llegint&#8230;<span class=\"screen-reader-text\"> from Desmantelado un grupo criminal que se apropiaba de herencias en la Marina Alta<\/span><\/a><\/p>\n","protected":false},"author":21,"featured_media":1663,"comment_status":"open","ping_status":"closed","sticky":false,"template":"","format":"standard","meta":{"_acf_changed":false,"inline_featured_image":false,"footnotes":""},"categories":[8],"tags":[333,335,334,332,336],"class_list":["post-1662","post","type-post","status-publish","format-standard","has-post-thumbnail","hentry","category-sucesos","tag-banda-criminal","tag-mano-negra","tag-operacion-mano-negra","tag-robo-viviendas-marina-alta","tag-sucesos-marina-alta","cobertura-marina-alta"],"acf":[],"yoast_head":"<!-- This site is optimized with the Yoast SEO plugin v27.5 - https:\/\/yoast.com\/product\/yoast-seo-wordpress\/ -->\n<title>Desmantelado un grupo criminal que se apropiaba de herencias en la Marina Alta | R\u00e0dio Litoral<\/title>\n<meta name=\"description\" content=\"La operaci\u00f3n Mano Negra cuenta con un entramado perfectamente organizado\" \/>\n<meta name=\"robots\" content=\"index, follow, max-snippet:-1, max-image-preview:large, max-video-preview:-1\" \/>\n<link rel=\"canonical\" href=\"https:\/\/radiolitoral.com\/ca\/2023\/03\/desmantellat-un-grup-criminal-que-sapropiava-dherencies-a-la-marina-alta\/\" \/>\n<meta property=\"og:locale\" content=\"ca_ES\" \/>\n<meta property=\"og:type\" content=\"article\" \/>\n<meta property=\"og:title\" content=\"Desmantelado un grupo criminal que se apropiaba de herencias en la Marina Alta | R\u00e0dio Litoral\" \/>\n<meta property=\"og:description\" content=\"La operaci\u00f3n Mano Negra cuenta con un entramado perfectamente organizado\" \/>\n<meta property=\"og:url\" content=\"https:\/\/radiolitoral.com\/ca\/2023\/03\/desmantellat-un-grup-criminal-que-sapropiava-dherencies-a-la-marina-alta\/\" \/>\n<meta property=\"og:site_name\" content=\"R\u00e0dio Litoral\" \/>\n<meta property=\"article:publisher\" content=\"https:\/\/www.facebook.com\/Laradiolitoral\/\" \/>\n<meta property=\"article:published_time\" content=\"2023-03-27T14:12:23+00:00\" \/>\n<meta property=\"article:modified_time\" content=\"2023-03-27T14:13:05+00:00\" \/>\n<meta property=\"og:image\" content=\"https:\/\/media.radiolitoral.com\/wp-content\/uploads\/2023\/03\/27161125\/1772_edit-op-mano-negra-apropiacion-inmuebles-y-bienes-3.jpg\" \/>\n\t<meta property=\"og:image:width\" content=\"670\" \/>\n\t<meta property=\"og:image:height\" content=\"502\" \/>\n\t<meta property=\"og:image:type\" content=\"image\/jpeg\" \/>\n<meta name=\"author\" content=\"Mel Pescuezo\" \/>\n<meta name=\"twitter:card\" content=\"summary_large_image\" \/>\n<meta name=\"twitter:label1\" content=\"Escrit per\" \/>\n\t<meta name=\"twitter:data1\" content=\"Mel Pescuezo\" \/>\n\t<meta name=\"twitter:label2\" content=\"Temps estimat de lectura\" \/>\n\t<meta name=\"twitter:data2\" content=\"4 minuts\" \/>\n<script type=\"application\/ld+json\" class=\"yoast-schema-graph\">{\"@context\":\"https:\\\/\\\/schema.org\",\"@graph\":[{\"@type\":\"NewsArticle\",\"@id\":\"https:\\\/\\\/radiolitoral.com\\\/2023\\\/03\\\/desmantelado-un-grupo-criminal-que-se-apropiaba-de-herencias-en-la-marina-alta\\\/#article\",\"isPartOf\":{\"@id\":\"https:\\\/\\\/radiolitoral.com\\\/2023\\\/03\\\/desmantelado-un-grupo-criminal-que-se-apropiaba-de-herencias-en-la-marina-alta\\\/\"},\"author\":{\"name\":\"Mel Pescuezo\",\"@id\":\"https:\\\/\\\/radiolitoral.com\\\/#\\\/schema\\\/person\\\/aad4f72efa404f85b68e832d24cac059\"},\"headline\":\"Desmantelado un grupo criminal que se apropiaba de herencias en la Marina Alta\",\"datePublished\":\"2023-03-27T14:12:23+00:00\",\"dateModified\":\"2023-03-27T14:13:05+00:00\",\"mainEntityOfPage\":{\"@id\":\"https:\\\/\\\/radiolitoral.com\\\/2023\\\/03\\\/desmantelado-un-grupo-criminal-que-se-apropiaba-de-herencias-en-la-marina-alta\\\/\"},\"wordCount\":873,\"commentCount\":0,\"publisher\":{\"@id\":\"https:\\\/\\\/radiolitoral.com\\\/#organization\"},\"image\":{\"@id\":\"https:\\\/\\\/radiolitoral.com\\\/2023\\\/03\\\/desmantelado-un-grupo-criminal-que-se-apropiaba-de-herencias-en-la-marina-alta\\\/#primaryimage\"},\"thumbnailUrl\":\"https:\\\/\\\/media.radiolitoral.com\\\/wp-content\\\/uploads\\\/2023\\\/03\\\/27161125\\\/1772_edit-op-mano-negra-apropiacion-inmuebles-y-bienes-3.jpg\",\"keywords\":[\"banda criminal\",\"Mano Negra\",\"operaci\u00f3n Mano Negra\",\"robo viviendas Marina Alta\",\"sucesos Marina Alta\"],\"articleSection\":[\"Sucesos\"],\"inLanguage\":\"ca\",\"potentialAction\":[{\"@type\":\"CommentAction\",\"name\":\"Comment\",\"target\":[\"https:\\\/\\\/radiolitoral.com\\\/2023\\\/03\\\/desmantelado-un-grupo-criminal-que-se-apropiaba-de-herencias-en-la-marina-alta\\\/#respond\"]}]},{\"@type\":[\"WebPage\",\"ItemPage\"],\"@id\":\"https:\\\/\\\/radiolitoral.com\\\/2023\\\/03\\\/desmantelado-un-grupo-criminal-que-se-apropiaba-de-herencias-en-la-marina-alta\\\/\",\"url\":\"https:\\\/\\\/radiolitoral.com\\\/2023\\\/03\\\/desmantelado-un-grupo-criminal-que-se-apropiaba-de-herencias-en-la-marina-alta\\\/\",\"name\":\"Desmantelado un grupo criminal que se apropiaba de herencias en la Marina Alta | R\u00e0dio Litoral\",\"isPartOf\":{\"@id\":\"https:\\\/\\\/radiolitoral.com\\\/#website\"},\"primaryImageOfPage\":{\"@id\":\"https:\\\/\\\/radiolitoral.com\\\/2023\\\/03\\\/desmantelado-un-grupo-criminal-que-se-apropiaba-de-herencias-en-la-marina-alta\\\/#primaryimage\"},\"image\":{\"@id\":\"https:\\\/\\\/radiolitoral.com\\\/2023\\\/03\\\/desmantelado-un-grupo-criminal-que-se-apropiaba-de-herencias-en-la-marina-alta\\\/#primaryimage\"},\"thumbnailUrl\":\"https:\\\/\\\/media.radiolitoral.com\\\/wp-content\\\/uploads\\\/2023\\\/03\\\/27161125\\\/1772_edit-op-mano-negra-apropiacion-inmuebles-y-bienes-3.jpg\",\"datePublished\":\"2023-03-27T14:12:23+00:00\",\"dateModified\":\"2023-03-27T14:13:05+00:00\",\"description\":\"La operaci\u00f3n Mano Negra cuenta con un entramado perfectamente organizado\",\"breadcrumb\":{\"@id\":\"https:\\\/\\\/radiolitoral.com\\\/2023\\\/03\\\/desmantelado-un-grupo-criminal-que-se-apropiaba-de-herencias-en-la-marina-alta\\\/#breadcrumb\"},\"inLanguage\":\"ca\",\"potentialAction\":[{\"@type\":\"ReadAction\",\"target\":[\"https:\\\/\\\/radiolitoral.com\\\/2023\\\/03\\\/desmantelado-un-grupo-criminal-que-se-apropiaba-de-herencias-en-la-marina-alta\\\/\"]}]},{\"@type\":\"ImageObject\",\"inLanguage\":\"ca\",\"@id\":\"https:\\\/\\\/radiolitoral.com\\\/2023\\\/03\\\/desmantelado-un-grupo-criminal-que-se-apropiaba-de-herencias-en-la-marina-alta\\\/#primaryimage\",\"url\":\"https:\\\/\\\/media.radiolitoral.com\\\/wp-content\\\/uploads\\\/2023\\\/03\\\/27161125\\\/1772_edit-op-mano-negra-apropiacion-inmuebles-y-bienes-3.jpg\",\"contentUrl\":\"https:\\\/\\\/media.radiolitoral.com\\\/wp-content\\\/uploads\\\/2023\\\/03\\\/27161125\\\/1772_edit-op-mano-negra-apropiacion-inmuebles-y-bienes-3.jpg\",\"width\":670,\"height\":502},{\"@type\":\"BreadcrumbList\",\"@id\":\"https:\\\/\\\/radiolitoral.com\\\/2023\\\/03\\\/desmantelado-un-grupo-criminal-que-se-apropiaba-de-herencias-en-la-marina-alta\\\/#breadcrumb\",\"itemListElement\":[{\"@type\":\"ListItem\",\"position\":1,\"name\":\"Portada\",\"item\":\"https:\\\/\\\/radiolitoral.com\\\/\"},{\"@type\":\"ListItem\",\"position\":2,\"name\":\"Desmantelado un grupo criminal que se apropiaba de herencias en la Marina Alta\"}]},{\"@type\":\"WebSite\",\"@id\":\"https:\\\/\\\/radiolitoral.com\\\/#website\",\"url\":\"https:\\\/\\\/radiolitoral.com\\\/\",\"name\":\"Radio Litoral\",\"description\":\"La radio local de la Marina Alta\",\"publisher\":{\"@id\":\"https:\\\/\\\/radiolitoral.com\\\/#organization\"},\"alternateName\":\"Litoral FM\",\"potentialAction\":[{\"@type\":\"SearchAction\",\"target\":{\"@type\":\"EntryPoint\",\"urlTemplate\":\"https:\\\/\\\/radiolitoral.com\\\/?s={search_term_string}\"},\"query-input\":{\"@type\":\"PropertyValueSpecification\",\"valueRequired\":true,\"valueName\":\"search_term_string\"}}],\"inLanguage\":\"ca\"},{\"@type\":\"Organization\",\"@id\":\"https:\\\/\\\/radiolitoral.com\\\/#organization\",\"name\":\"Radio Litoral\",\"url\":\"https:\\\/\\\/radiolitoral.com\\\/\",\"logo\":{\"@type\":\"ImageObject\",\"inLanguage\":\"ca\",\"@id\":\"https:\\\/\\\/radiolitoral.com\\\/#\\\/schema\\\/logo\\\/image\\\/\",\"url\":\"https:\\\/\\\/media.radiolitoral.com\\\/wp-content\\\/uploads\\\/2023\\\/02\\\/24143238\\\/CL-V-RadioLitoral696.png\",\"contentUrl\":\"https:\\\/\\\/media.radiolitoral.com\\\/wp-content\\\/uploads\\\/2023\\\/02\\\/24143238\\\/CL-V-RadioLitoral696.png\",\"width\":696,\"height\":696,\"caption\":\"Radio Litoral\"},\"image\":{\"@id\":\"https:\\\/\\\/radiolitoral.com\\\/#\\\/schema\\\/logo\\\/image\\\/\"},\"sameAs\":[\"https:\\\/\\\/www.facebook.com\\\/Laradiolitoral\\\/\"]},{\"@type\":\"Person\",\"@id\":\"https:\\\/\\\/radiolitoral.com\\\/#\\\/schema\\\/person\\\/aad4f72efa404f85b68e832d24cac059\",\"name\":\"Mel Pescuezo\",\"image\":{\"@type\":\"ImageObject\",\"inLanguage\":\"ca\",\"@id\":\"https:\\\/\\\/secure.gravatar.com\\\/avatar\\\/993975ae489c70cb0dd9bfa9413a082f0bd276582dac13661af7b33f161e7eea?s=96&d=mm&r=g\",\"url\":\"https:\\\/\\\/secure.gravatar.com\\\/avatar\\\/993975ae489c70cb0dd9bfa9413a082f0bd276582dac13661af7b33f161e7eea?s=96&d=mm&r=g\",\"contentUrl\":\"https:\\\/\\\/secure.gravatar.com\\\/avatar\\\/993975ae489c70cb0dd9bfa9413a082f0bd276582dac13661af7b33f161e7eea?s=96&d=mm&r=g\",\"caption\":\"Mel Pescuezo\"},\"url\":\"https:\\\/\\\/radiolitoral.com\\\/ca\\\/author\\\/serviciospararadios\\\/\"}]}<\/script>\n<!-- \/ Yoast SEO plugin. -->","yoast_head_json":{"title":"Desmantellat un grup criminal que s&#039;apropiava d&#039;her\u00e8ncies a la Marina Alta | R\u00e0dio Litoral","description":"L&#039;operaci\u00f3 Mano Negra compta amb un entramat perfectament organitzat","robots":{"index":"index","follow":"follow","max-snippet":"max-snippet:-1","max-image-preview":"max-image-preview:large","max-video-preview":"max-video-preview:-1"},"canonical":"https:\/\/radiolitoral.com\/ca\/2023\/03\/desmantellat-un-grup-criminal-que-sapropiava-dherencies-a-la-marina-alta\/","og_locale":"ca_ES","og_type":"article","og_title":"Desmantelado un grupo criminal que se apropiaba de herencias en la Marina Alta | R\u00e0dio Litoral","og_description":"La operaci\u00f3n Mano Negra cuenta con un entramado perfectamente organizado","og_url":"https:\/\/radiolitoral.com\/ca\/2023\/03\/desmantellat-un-grup-criminal-que-sapropiava-dherencies-a-la-marina-alta\/","og_site_name":"R\u00e0dio Litoral","article_publisher":"https:\/\/www.facebook.com\/Laradiolitoral\/","article_published_time":"2023-03-27T14:12:23+00:00","article_modified_time":"2023-03-27T14:13:05+00:00","og_image":[{"width":670,"height":502,"url":"https:\/\/media.radiolitoral.com\/wp-content\/uploads\/2023\/03\/27161125\/1772_edit-op-mano-negra-apropiacion-inmuebles-y-bienes-3.jpg","type":"image\/jpeg"}],"author":"Mel Pescuezo","twitter_card":"summary_large_image","twitter_misc":{"Escrit per":"Mel Pescuezo","Temps estimat de lectura":"4 minuts"},"schema":{"@context":"https:\/\/schema.org","@graph":[{"@type":"NewsArticle","@id":"https:\/\/radiolitoral.com\/2023\/03\/desmantelado-un-grupo-criminal-que-se-apropiaba-de-herencias-en-la-marina-alta\/#article","isPartOf":{"@id":"https:\/\/radiolitoral.com\/2023\/03\/desmantelado-un-grupo-criminal-que-se-apropiaba-de-herencias-en-la-marina-alta\/"},"author":{"name":"Mel Pescuezo","@id":"https:\/\/radiolitoral.com\/#\/schema\/person\/aad4f72efa404f85b68e832d24cac059"},"headline":"Desmantelado un grupo criminal que se apropiaba de herencias en la Marina Alta","datePublished":"2023-03-27T14:12:23+00:00","dateModified":"2023-03-27T14:13:05+00:00","mainEntityOfPage":{"@id":"https:\/\/radiolitoral.com\/2023\/03\/desmantelado-un-grupo-criminal-que-se-apropiaba-de-herencias-en-la-marina-alta\/"},"wordCount":873,"commentCount":0,"publisher":{"@id":"https:\/\/radiolitoral.com\/#organization"},"image":{"@id":"https:\/\/radiolitoral.com\/2023\/03\/desmantelado-un-grupo-criminal-que-se-apropiaba-de-herencias-en-la-marina-alta\/#primaryimage"},"thumbnailUrl":"https:\/\/media.radiolitoral.com\/wp-content\/uploads\/2023\/03\/27161125\/1772_edit-op-mano-negra-apropiacion-inmuebles-y-bienes-3.jpg","keywords":["banda criminal","Mano Negra","operaci\u00f3n Mano Negra","robo viviendas Marina Alta","sucesos Marina Alta"],"articleSection":["Sucesos"],"inLanguage":"ca","potentialAction":[{"@type":"CommentAction","name":"Comment","target":["https:\/\/radiolitoral.com\/2023\/03\/desmantelado-un-grupo-criminal-que-se-apropiaba-de-herencias-en-la-marina-alta\/#respond"]}]},{"@type":["WebPage","ItemPage"],"@id":"https:\/\/radiolitoral.com\/2023\/03\/desmantelado-un-grupo-criminal-que-se-apropiaba-de-herencias-en-la-marina-alta\/","url":"https:\/\/radiolitoral.com\/2023\/03\/desmantelado-un-grupo-criminal-que-se-apropiaba-de-herencias-en-la-marina-alta\/","name":"Desmantellat un grup criminal que s&#039;apropiava d&#039;her\u00e8ncies a la Marina Alta | R\u00e0dio Litoral","isPartOf":{"@id":"https:\/\/radiolitoral.com\/#website"},"primaryImageOfPage":{"@id":"https:\/\/radiolitoral.com\/2023\/03\/desmantelado-un-grupo-criminal-que-se-apropiaba-de-herencias-en-la-marina-alta\/#primaryimage"},"image":{"@id":"https:\/\/radiolitoral.com\/2023\/03\/desmantelado-un-grupo-criminal-que-se-apropiaba-de-herencias-en-la-marina-alta\/#primaryimage"},"thumbnailUrl":"https:\/\/media.radiolitoral.com\/wp-content\/uploads\/2023\/03\/27161125\/1772_edit-op-mano-negra-apropiacion-inmuebles-y-bienes-3.jpg","datePublished":"2023-03-27T14:12:23+00:00","dateModified":"2023-03-27T14:13:05+00:00","description":"L&#039;operaci\u00f3 Mano Negra compta amb un entramat perfectament organitzat","breadcrumb":{"@id":"https:\/\/radiolitoral.com\/2023\/03\/desmantelado-un-grupo-criminal-que-se-apropiaba-de-herencias-en-la-marina-alta\/#breadcrumb"},"inLanguage":"ca","potentialAction":[{"@type":"ReadAction","target":["https:\/\/radiolitoral.com\/2023\/03\/desmantelado-un-grupo-criminal-que-se-apropiaba-de-herencias-en-la-marina-alta\/"]}]},{"@type":"ImageObject","inLanguage":"ca","@id":"https:\/\/radiolitoral.com\/2023\/03\/desmantelado-un-grupo-criminal-que-se-apropiaba-de-herencias-en-la-marina-alta\/#primaryimage","url":"https:\/\/media.radiolitoral.com\/wp-content\/uploads\/2023\/03\/27161125\/1772_edit-op-mano-negra-apropiacion-inmuebles-y-bienes-3.jpg","contentUrl":"https:\/\/media.radiolitoral.com\/wp-content\/uploads\/2023\/03\/27161125\/1772_edit-op-mano-negra-apropiacion-inmuebles-y-bienes-3.jpg","width":670,"height":502},{"@type":"BreadcrumbList","@id":"https:\/\/radiolitoral.com\/2023\/03\/desmantelado-un-grupo-criminal-que-se-apropiaba-de-herencias-en-la-marina-alta\/#breadcrumb","itemListElement":[{"@type":"ListItem","position":1,"name":"Portada","item":"https:\/\/radiolitoral.com\/"},{"@type":"ListItem","position":2,"name":"Desmantelado un grupo criminal que se apropiaba de herencias en la Marina Alta"}]},{"@type":"WebSite","@id":"https:\/\/radiolitoral.com\/#website","url":"https:\/\/radiolitoral.com\/","name":"R\u00e0dio Litoral","description":"La r\u00e0dio local de la Marina Alta","publisher":{"@id":"https:\/\/radiolitoral.com\/#organization"},"alternateName":"Litoral FM","potentialAction":[{"@type":"SearchAction","target":{"@type":"EntryPoint","urlTemplate":"https:\/\/radiolitoral.com\/?s={search_term_string}"},"query-input":{"@type":"PropertyValueSpecification","valueRequired":true,"valueName":"search_term_string"}}],"inLanguage":"ca"},{"@type":"Organization","@id":"https:\/\/radiolitoral.com\/#organization","name":"R\u00e0dio Litoral","url":"https:\/\/radiolitoral.com\/","logo":{"@type":"ImageObject","inLanguage":"ca","@id":"https:\/\/radiolitoral.com\/#\/schema\/logo\/image\/","url":"https:\/\/media.radiolitoral.com\/wp-content\/uploads\/2023\/02\/24143238\/CL-V-RadioLitoral696.png","contentUrl":"https:\/\/media.radiolitoral.com\/wp-content\/uploads\/2023\/02\/24143238\/CL-V-RadioLitoral696.png","width":696,"height":696,"caption":"Radio Litoral"},"image":{"@id":"https:\/\/radiolitoral.com\/#\/schema\/logo\/image\/"},"sameAs":["https:\/\/www.facebook.com\/Laradiolitoral\/"]},{"@type":"Person","@id":"https:\/\/radiolitoral.com\/#\/schema\/person\/aad4f72efa404f85b68e832d24cac059","name":"Mel Pescuezo","image":{"@type":"ImageObject","inLanguage":"ca","@id":"https:\/\/secure.gravatar.com\/avatar\/993975ae489c70cb0dd9bfa9413a082f0bd276582dac13661af7b33f161e7eea?s=96&d=mm&r=g","url":"https:\/\/secure.gravatar.com\/avatar\/993975ae489c70cb0dd9bfa9413a082f0bd276582dac13661af7b33f161e7eea?s=96&d=mm&r=g","contentUrl":"https:\/\/secure.gravatar.com\/avatar\/993975ae489c70cb0dd9bfa9413a082f0bd276582dac13661af7b33f161e7eea?s=96&d=mm&r=g","caption":"Mel Pescuezo"},"url":"https:\/\/radiolitoral.com\/ca\/author\/serviciospararadios\/"}]}},"_links":{"self":[{"href":"https:\/\/radiolitoral.com\/ca\/wp-json\/wp\/v2\/posts\/1662","targetHints":{"allow":["GET"]}}],"collection":[{"href":"https:\/\/radiolitoral.com\/ca\/wp-json\/wp\/v2\/posts"}],"about":[{"href":"https:\/\/radiolitoral.com\/ca\/wp-json\/wp\/v2\/types\/post"}],"author":[{"embeddable":true,"href":"https:\/\/radiolitoral.com\/ca\/wp-json\/wp\/v2\/users\/21"}],"replies":[{"embeddable":true,"href":"https:\/\/radiolitoral.com\/ca\/wp-json\/wp\/v2\/comments?post=1662"}],"version-history":[{"count":1,"href":"https:\/\/radiolitoral.com\/ca\/wp-json\/wp\/v2\/posts\/1662\/revisions"}],"predecessor-version":[{"id":1664,"href":"https:\/\/radiolitoral.com\/ca\/wp-json\/wp\/v2\/posts\/1662\/revisions\/1664"}],"wp:featuredmedia":[{"embeddable":true,"href":"https:\/\/radiolitoral.com\/ca\/wp-json\/wp\/v2\/media\/1663"}],"wp:attachment":[{"href":"https:\/\/radiolitoral.com\/ca\/wp-json\/wp\/v2\/media?parent=1662"}],"wp:term":[{"taxonomy":"category","embeddable":true,"href":"https:\/\/radiolitoral.com\/ca\/wp-json\/wp\/v2\/categories?post=1662"},{"taxonomy":"post_tag","embeddable":true,"href":"https:\/\/radiolitoral.com\/ca\/wp-json\/wp\/v2\/tags?post=1662"}],"curies":[{"name":"wp","href":"https:\/\/api.w.org\/{rel}","templated":true}]}}