{"id":16615,"date":"2025-05-09T10:13:39","date_gmt":"2025-05-09T08:13:39","guid":{"rendered":"https:\/\/radiolitoral.com\/?p=16615"},"modified":"2025-05-09T10:46:30","modified_gmt":"2025-05-09T08:46:30","slug":"el-cg-les-marines-aconsegueixo-excel%c2%b7lents-resultats-a-magrana","status":"publish","type":"post","link":"https:\/\/radiolitoral.com\/ca\/2025\/05\/el-cg-les-marines-logro-excelentes-resultados-en-granada\/","title":{"rendered":"El CG. Les Marines va aconseguir excel\u00b7lents resultats a Granada"},"content":{"rendered":"<p>El <strong>CG Les Marines<\/strong> va participar a la <strong>fase nacional de la Copa Base de Conjunts<\/strong> a <strong>Granada<\/strong>, deixant una empremta destacada a la competici\u00f3. Encara que les <strong>prebenjamins<\/strong> i <strong>benjamins<\/strong> es van quedar a les portes del p\u00f2dium, les seves actuacions van ser excepcionals, mentre que les <strong>infantils<\/strong> no van tenir el millor dia.<\/p>\n<h4>L<strong>es prebenjamins, a prop del p\u00f2dium<\/strong><\/h4>\n<p>Les <strong>prebenjamins<\/strong>, conformades per <strong>Luc\u00eda Espinosa<\/strong>, <strong>Emma Soria<\/strong>, <strong>Lamar Lahniki<\/strong>, <strong>Rebecca Alagarda<\/strong> i <strong>Valentina Roig<\/strong>, van realitzar una magn\u00edfica exhibici\u00f3 que va sorprendre a tots. Tot i no aconseguir la medalla de bronze, es van posicionar <strong>quartes a nivell nacional<\/strong>, quedant-se a tan sols <strong>0,10<\/strong> punts del p\u00f2dium. El seu exercici va destacar especialment en la dificultat, sent el millor de tota la categoria, cosa que els va valer el reconeixement per la seva gran millora durant la temporada.<\/p>\n<h4><strong>Les benjamins entre les cinc millors<\/strong><\/h4>\n<p>A continuaci\u00f3, les <strong>benjamins<\/strong> del club, <strong>Isabella Guzman<\/strong>, <strong>Sara S\u00e1nchez<\/strong>, <strong>Anna Devko<\/strong>, <strong>Ainara Mille<\/strong> i <strong>Milana Leporskaia<\/strong>, van captivar el p\u00fablic amb la seva desimboltura i estil al tap\u00eds. Tot i realitzar un exercici brillant, no van aconseguir assolir els primers llocs del podi, per\u00f2 van aconseguir situar-se entre les <strong>cinc millors gimnastes d&#039;Espanya<\/strong>. Un excel\u00b7lent resultat que confirma el seu gran nivell i futur prometedor.<\/p>\n<figure id=\"attachment_16617\" aria-describedby=\"caption-attachment-16617\" style=\"width: 2048px\" class=\"wp-caption alignnone\"><img loading=\"lazy\" decoding=\"async\" class=\"wp-image-16617 size-full\" src=\"https:\/\/media.radiolitoral.com\/wp-content\/uploads\/2025\/05\/08210451\/Gimnastas-calpinas-en-Granada.jpg\" alt=\"\" width=\"2048\" height=\"1462\" srcset=\"https:\/\/media.radiolitoral.com\/wp-content\/uploads\/2025\/05\/08210451\/Gimnastas-calpinas-en-Granada.jpg 2048w, https:\/\/media.radiolitoral.com\/wp-content\/uploads\/2025\/05\/08210451\/Gimnastas-calpinas-en-Granada-300x214.jpg 300w, https:\/\/media.radiolitoral.com\/wp-content\/uploads\/2025\/05\/08210451\/Gimnastas-calpinas-en-Granada-1024x731.jpg 1024w, https:\/\/media.radiolitoral.com\/wp-content\/uploads\/2025\/05\/08210451\/Gimnastas-calpinas-en-Granada-768x548.jpg 768w, https:\/\/media.radiolitoral.com\/wp-content\/uploads\/2025\/05\/08210451\/Gimnastas-calpinas-en-Granada-1536x1097.jpg 1536w, https:\/\/media.radiolitoral.com\/wp-content\/uploads\/2025\/05\/08210451\/Gimnastas-calpinas-en-Granada-18x12.jpg 18w, https:\/\/media.radiolitoral.com\/wp-content\/uploads\/2025\/05\/08210451\/Gimnastas-calpinas-en-Granada-1000x714.jpg 1000w, https:\/\/media.radiolitoral.com\/wp-content\/uploads\/2025\/05\/08210451\/Gimnastas-calpinas-en-Granada-100x71.jpg 100w, https:\/\/media.radiolitoral.com\/wp-content\/uploads\/2025\/05\/08210451\/Gimnastas-calpinas-en-Granada-200x143.jpg 200w\" sizes=\"auto, (max-width: 2048px) 100vw, 2048px\" \/><figcaption id=\"caption-attachment-16617\" class=\"wp-caption-text\">Gimnastes calpines a Granada |CG Les Marines<\/figcaption><\/figure>\n<h4><strong>Les infantils, una cita complicada<\/strong><\/h4>\n<p>Finalment, les <strong>infantils<\/strong> del CG Les Marines, <strong>Paulina Koeberle<\/strong>, <strong>Mandana Jankouk<\/strong>, <strong>Anastasia Devko<\/strong>, <strong>Sofia Bacanu<\/strong>, <strong>Vasilisa Shetkova<\/strong> i <strong>Sophie O&#039;Reilly<\/strong>, arribaven amb grans expectatives despr\u00e9s d&#039;una temporada impecable. Tot i les dificultats per la baixa de <strong>O&#039;Reilly<\/strong>, qui havia aconseguit <strong>bronze nacional individual<\/strong>, les gimnastes van saber incorporar una nova companya. No obstant aix\u00f2, diverses fallades en la seva execuci\u00f3 durant la gran cita els van impedir assolir el seu millor nivell i mostrar tota la feina feta durant la temporada.<\/p>\n<h4><strong>Balan\u00e7 positiu per al club<\/strong><\/h4>\n<p>malgrat els alts i baixos, el <strong>CG Les Marines<\/strong> s&#039;acomiada de la <strong>temporada de Copa Base<\/strong> amb un balan\u00e7 positiu, posicionant tots els seus conjunts entre els millors del pa\u00eds. Des del club, s&#039;ha agra\u00eft enormement la tasca dels <strong>t\u00e8cnics i directius<\/strong>, l&#039;esfor\u00e7 i dedicaci\u00f3 dels quals van ser claus per a aquests resultats. A m\u00e9s, s&#039;ha donat l&#039;enhorabona a totes les gimnastes i familiars per una temporada exemplar, plena d&#039;esfor\u00e7 i \u00e8xits.<\/p>\n<p><script src=\"chrome-extension:\/\/flbolonkboilcbnohjlchlfgdalomdpl\/iFrame.js\" type=\"text\/javascript\"><\/script><\/p>\n<p><script src=\"chrome-extension:\/\/flbolonkboilcbnohjlchlfgdalomdpl\/iFrame.js\" type=\"text\/javascript\"><\/script><\/p>\n<p><script src=\"chrome-extension:\/\/flbolonkboilcbnohjlchlfgdalomdpl\/iFrame.js\" type=\"text\/javascript\"><\/script><\/p>","protected":false},"excerpt":{"rendered":"<p>El CG Les Marines particip\u00f3 en la fase nacional de la Copa Base de Conjuntos en Granada, dejando una huella destacada en la competici\u00f3n. Aunque las prebenjamines y benjamines se quedaron a las puertas del p\u00f3dium, sus actuaciones fueron excepcionales, mientras que las infantiles no tuvieron su mejor d\u00eda. Las prebenjamines, cerca del p\u00f3dium Las [&#8230;]<\/p>\n<p><a class=\"btn btn-secondary understrap-read-more-link\" href=\"https:\/\/radiolitoral.com\/ca\/2025\/05\/el-cg-les-marines-logro-excelentes-resultados-en-granada\/\">Continua llegint&#8230;<span class=\"screen-reader-text\"> from El CG. Les Marines logr\u00f3 excelentes resultados en Granada<\/span><\/a><\/p>\n","protected":false},"author":12,"featured_media":16616,"comment_status":"open","ping_status":"closed","sticky":false,"template":"","format":"standard","meta":{"_acf_changed":false,"inline_featured_image":false,"footnotes":""},"categories":[5],"tags":[1366,3961,3862,876,6,1364,1365,3963,3962,3960,3864,3959,3964,3863,881,3865,3965,4281],"class_list":["post-16615","post","type-post","status-publish","format-standard","has-post-thumbnail","hentry","category-deportes","tag-ainara-mille","tag-anastasia-devko","tag-anna-devko","tag-cg-les-marines","tag-deportes","tag-emma-soria","tag-isabella-guzman","tag-lamar-lahniki","tag-lucia-espinosa","tag-mandana-jankouk","tag-milana-leporskaia","tag-paulina-koeberle","tag-rebecca-alagarda","tag-sara-sanchez","tag-sofia-bacanu","tag-sophie-oreilly","tag-valentina-roig","tag-vasilisa-shetkova","cobertura-calp"],"acf":[],"yoast_head":"<!-- This site is optimized with the Yoast SEO plugin v27.5 - https:\/\/yoast.com\/product\/yoast-seo-wordpress\/ -->\n<title>El CG. Les Marines logr\u00f3 excelentes resultados en Granada | R\u00e0dio Litoral<\/title>\n<meta name=\"description\" content=\"El conjunto Prebenjamin estuvo cerca del podio mientras que las benjamines acabaron entre los cinco primeros equipos El conjunto Prebenjamin estuvo cerca del podio mientras que las benjamines acabaron entre los cinco primeros equipos\" \/>\n<meta name=\"robots\" content=\"index, follow, max-snippet:-1, max-image-preview:large, max-video-preview:-1\" \/>\n<link rel=\"canonical\" href=\"https:\/\/radiolitoral.com\/ca\/2025\/05\/el-cg-les-marines-aconsegueixo-excel\u00b7lents-resultats-a-magrana\/\" \/>\n<meta property=\"og:locale\" content=\"ca_ES\" \/>\n<meta property=\"og:type\" content=\"article\" \/>\n<meta property=\"og:title\" content=\"El CG. Les Marines logr\u00f3 excelentes resultados en Granada | R\u00e0dio Litoral\" \/>\n<meta property=\"og:description\" content=\"El conjunto Prebenjamin estuvo cerca del podio mientras que las benjamines acabaron entre los cinco primeros equipos El conjunto Prebenjamin estuvo cerca del podio mientras que las benjamines acabaron entre los cinco primeros equipos\" \/>\n<meta property=\"og:url\" content=\"https:\/\/radiolitoral.com\/ca\/2025\/05\/el-cg-les-marines-aconsegueixo-excel\u00b7lents-resultats-a-magrana\/\" \/>\n<meta property=\"og:site_name\" content=\"R\u00e0dio Litoral\" \/>\n<meta property=\"article:publisher\" content=\"https:\/\/www.facebook.com\/Laradiolitoral\/\" \/>\n<meta property=\"article:published_time\" content=\"2025-05-09T08:13:39+00:00\" \/>\n<meta property=\"article:modified_time\" content=\"2025-05-09T08:46:30+00:00\" \/>\n<meta property=\"og:image\" content=\"https:\/\/media.radiolitoral.com\/wp-content\/uploads\/2025\/05\/08200811\/Gimnastas-del-CG-Les-Marines-en-Granada.jpg\" \/>\n\t<meta property=\"og:image:width\" content=\"2048\" \/>\n\t<meta property=\"og:image:height\" content=\"1218\" \/>\n\t<meta property=\"og:image:type\" content=\"image\/jpeg\" \/>\n<meta name=\"author\" content=\"Javier Zamora\" \/>\n<meta name=\"twitter:card\" content=\"summary_large_image\" \/>\n<meta name=\"twitter:label1\" content=\"Escrit per\" \/>\n\t<meta name=\"twitter:data1\" content=\"Javier Zamora\" \/>\n\t<meta name=\"twitter:label2\" content=\"Temps estimat de lectura\" \/>\n\t<meta name=\"twitter:data2\" content=\"3 minuts\" \/>\n<script type=\"application\/ld+json\" class=\"yoast-schema-graph\">{\"@context\":\"https:\\\/\\\/schema.org\",\"@graph\":[{\"@type\":\"NewsArticle\",\"@id\":\"https:\\\/\\\/radiolitoral.com\\\/2025\\\/05\\\/el-cg-les-marines-logro-excelentes-resultados-en-granada\\\/#article\",\"isPartOf\":{\"@id\":\"https:\\\/\\\/radiolitoral.com\\\/2025\\\/05\\\/el-cg-les-marines-logro-excelentes-resultados-en-granada\\\/\"},\"author\":{\"name\":\"Javier Zamora\",\"@id\":\"https:\\\/\\\/radiolitoral.com\\\/#\\\/schema\\\/person\\\/7b1480b5caeb5acdd4ec6379caf62b22\"},\"headline\":\"El CG. Les Marines logr\u00f3 excelentes resultados en Granada\",\"datePublished\":\"2025-05-09T08:13:39+00:00\",\"dateModified\":\"2025-05-09T08:46:30+00:00\",\"mainEntityOfPage\":{\"@id\":\"https:\\\/\\\/radiolitoral.com\\\/2025\\\/05\\\/el-cg-les-marines-logro-excelentes-resultados-en-granada\\\/\"},\"wordCount\":411,\"commentCount\":0,\"publisher\":{\"@id\":\"https:\\\/\\\/radiolitoral.com\\\/#organization\"},\"image\":{\"@id\":\"https:\\\/\\\/radiolitoral.com\\\/2025\\\/05\\\/el-cg-les-marines-logro-excelentes-resultados-en-granada\\\/#primaryimage\"},\"thumbnailUrl\":\"https:\\\/\\\/media.radiolitoral.com\\\/wp-content\\\/uploads\\\/2025\\\/05\\\/08200811\\\/Gimnastas-del-CG-Les-Marines-en-Granada.jpg\",\"keywords\":[\"Ainara Mille\",\"Anastasia Devko\",\"Anna Devko\",\"CG Les Marines\",\"deportes\",\"Emma Soria\",\"Isabella Guzm\u00e1n\",\"Lamar Lahniki\",\"Luc\u00eda Espinosa\",\"Mandana Jankouk\",\"Milana Leporskaia\",\"Paulina Koeberle\",\"Rebecca Alagarda\",\"Sara S\u00e1nchez\",\"Sofia Bacanu\",\"Sophie O\u2019reilly\",\"Valentina Roig\",\"Vasilisa Shetkova\"],\"articleSection\":[\"Deportes\"],\"inLanguage\":\"ca\",\"potentialAction\":[{\"@type\":\"CommentAction\",\"name\":\"Comment\",\"target\":[\"https:\\\/\\\/radiolitoral.com\\\/2025\\\/05\\\/el-cg-les-marines-logro-excelentes-resultados-en-granada\\\/#respond\"]}]},{\"@type\":[\"WebPage\",\"ItemPage\"],\"@id\":\"https:\\\/\\\/radiolitoral.com\\\/2025\\\/05\\\/el-cg-les-marines-logro-excelentes-resultados-en-granada\\\/\",\"url\":\"https:\\\/\\\/radiolitoral.com\\\/2025\\\/05\\\/el-cg-les-marines-logro-excelentes-resultados-en-granada\\\/\",\"name\":\"El CG. Les Marines logr\u00f3 excelentes resultados en Granada | R\u00e0dio Litoral\",\"isPartOf\":{\"@id\":\"https:\\\/\\\/radiolitoral.com\\\/#website\"},\"primaryImageOfPage\":{\"@id\":\"https:\\\/\\\/radiolitoral.com\\\/2025\\\/05\\\/el-cg-les-marines-logro-excelentes-resultados-en-granada\\\/#primaryimage\"},\"image\":{\"@id\":\"https:\\\/\\\/radiolitoral.com\\\/2025\\\/05\\\/el-cg-les-marines-logro-excelentes-resultados-en-granada\\\/#primaryimage\"},\"thumbnailUrl\":\"https:\\\/\\\/media.radiolitoral.com\\\/wp-content\\\/uploads\\\/2025\\\/05\\\/08200811\\\/Gimnastas-del-CG-Les-Marines-en-Granada.jpg\",\"datePublished\":\"2025-05-09T08:13:39+00:00\",\"dateModified\":\"2025-05-09T08:46:30+00:00\",\"description\":\"El conjunto Prebenjamin estuvo cerca del podio mientras que las benjamines acabaron entre los cinco primeros equipos El conjunto Prebenjamin estuvo cerca del podio mientras que las benjamines acabaron entre los cinco primeros equipos\",\"breadcrumb\":{\"@id\":\"https:\\\/\\\/radiolitoral.com\\\/2025\\\/05\\\/el-cg-les-marines-logro-excelentes-resultados-en-granada\\\/#breadcrumb\"},\"inLanguage\":\"ca\",\"potentialAction\":[{\"@type\":\"ReadAction\",\"target\":[\"https:\\\/\\\/radiolitoral.com\\\/2025\\\/05\\\/el-cg-les-marines-logro-excelentes-resultados-en-granada\\\/\"]}]},{\"@type\":\"ImageObject\",\"inLanguage\":\"ca\",\"@id\":\"https:\\\/\\\/radiolitoral.com\\\/2025\\\/05\\\/el-cg-les-marines-logro-excelentes-resultados-en-granada\\\/#primaryimage\",\"url\":\"https:\\\/\\\/media.radiolitoral.com\\\/wp-content\\\/uploads\\\/2025\\\/05\\\/08200811\\\/Gimnastas-del-CG-Les-Marines-en-Granada.jpg\",\"contentUrl\":\"https:\\\/\\\/media.radiolitoral.com\\\/wp-content\\\/uploads\\\/2025\\\/05\\\/08200811\\\/Gimnastas-del-CG-Les-Marines-en-Granada.jpg\",\"width\":2048,\"height\":1218},{\"@type\":\"BreadcrumbList\",\"@id\":\"https:\\\/\\\/radiolitoral.com\\\/2025\\\/05\\\/el-cg-les-marines-logro-excelentes-resultados-en-granada\\\/#breadcrumb\",\"itemListElement\":[{\"@type\":\"ListItem\",\"position\":1,\"name\":\"Portada\",\"item\":\"https:\\\/\\\/radiolitoral.com\\\/\"},{\"@type\":\"ListItem\",\"position\":2,\"name\":\"El CG. Les Marines logr\u00f3 excelentes resultados en Granada\"}]},{\"@type\":\"WebSite\",\"@id\":\"https:\\\/\\\/radiolitoral.com\\\/#website\",\"url\":\"https:\\\/\\\/radiolitoral.com\\\/\",\"name\":\"Radio Litoral\",\"description\":\"La radio local de la Marina Alta\",\"publisher\":{\"@id\":\"https:\\\/\\\/radiolitoral.com\\\/#organization\"},\"alternateName\":\"Litoral FM\",\"potentialAction\":[{\"@type\":\"SearchAction\",\"target\":{\"@type\":\"EntryPoint\",\"urlTemplate\":\"https:\\\/\\\/radiolitoral.com\\\/?s={search_term_string}\"},\"query-input\":{\"@type\":\"PropertyValueSpecification\",\"valueRequired\":true,\"valueName\":\"search_term_string\"}}],\"inLanguage\":\"ca\"},{\"@type\":\"Organization\",\"@id\":\"https:\\\/\\\/radiolitoral.com\\\/#organization\",\"name\":\"Radio Litoral\",\"url\":\"https:\\\/\\\/radiolitoral.com\\\/\",\"logo\":{\"@type\":\"ImageObject\",\"inLanguage\":\"ca\",\"@id\":\"https:\\\/\\\/radiolitoral.com\\\/#\\\/schema\\\/logo\\\/image\\\/\",\"url\":\"https:\\\/\\\/media.radiolitoral.com\\\/wp-content\\\/uploads\\\/2023\\\/02\\\/24143238\\\/CL-V-RadioLitoral696.png\",\"contentUrl\":\"https:\\\/\\\/media.radiolitoral.com\\\/wp-content\\\/uploads\\\/2023\\\/02\\\/24143238\\\/CL-V-RadioLitoral696.png\",\"width\":696,\"height\":696,\"caption\":\"Radio Litoral\"},\"image\":{\"@id\":\"https:\\\/\\\/radiolitoral.com\\\/#\\\/schema\\\/logo\\\/image\\\/\"},\"sameAs\":[\"https:\\\/\\\/www.facebook.com\\\/Laradiolitoral\\\/\"]},{\"@type\":\"Person\",\"@id\":\"https:\\\/\\\/radiolitoral.com\\\/#\\\/schema\\\/person\\\/7b1480b5caeb5acdd4ec6379caf62b22\",\"name\":\"Javier Zamora\",\"image\":{\"@type\":\"ImageObject\",\"inLanguage\":\"ca\",\"@id\":\"https:\\\/\\\/secure.gravatar.com\\\/avatar\\\/467a11f6918c7d619c4043fc6fa2d3853053107973f05b6e9c04ea6c4e3a7b3f?s=96&d=mm&r=g\",\"url\":\"https:\\\/\\\/secure.gravatar.com\\\/avatar\\\/467a11f6918c7d619c4043fc6fa2d3853053107973f05b6e9c04ea6c4e3a7b3f?s=96&d=mm&r=g\",\"contentUrl\":\"https:\\\/\\\/secure.gravatar.com\\\/avatar\\\/467a11f6918c7d619c4043fc6fa2d3853053107973f05b6e9c04ea6c4e3a7b3f?s=96&d=mm&r=g\",\"caption\":\"Javier Zamora\"},\"url\":\"https:\\\/\\\/radiolitoral.com\\\/ca\\\/author\\\/javier-zamora\\\/\"}]}<\/script>\n<!-- \/ Yoast SEO plugin. -->","yoast_head_json":{"title":"El CG. Les Marines va aconseguir excel\u00b7lents resultats a Granada | R\u00e0dio Litoral","description":"El conjunt Prebenjamin va estar a prop del podi mentre que les benjamins van acabar entre els cinc primers equips El conjunt Prebenjamin va estar a prop del podi mentre que les benjamins van acabar entre els cinc primers equips","robots":{"index":"index","follow":"follow","max-snippet":"max-snippet:-1","max-image-preview":"max-image-preview:large","max-video-preview":"max-video-preview:-1"},"canonical":"https:\/\/radiolitoral.com\/ca\/2025\/05\/el-cg-les-marines-aconsegueixo-excel\u00b7lents-resultats-a-magrana\/","og_locale":"ca_ES","og_type":"article","og_title":"El CG. Les Marines logr\u00f3 excelentes resultados en Granada | R\u00e0dio Litoral","og_description":"El conjunto Prebenjamin estuvo cerca del podio mientras que las benjamines acabaron entre los cinco primeros equipos El conjunto Prebenjamin estuvo cerca del podio mientras que las benjamines acabaron entre los cinco primeros equipos","og_url":"https:\/\/radiolitoral.com\/ca\/2025\/05\/el-cg-les-marines-aconsegueixo-excel\u00b7lents-resultats-a-magrana\/","og_site_name":"R\u00e0dio Litoral","article_publisher":"https:\/\/www.facebook.com\/Laradiolitoral\/","article_published_time":"2025-05-09T08:13:39+00:00","article_modified_time":"2025-05-09T08:46:30+00:00","og_image":[{"width":2048,"height":1218,"url":"https:\/\/media.radiolitoral.com\/wp-content\/uploads\/2025\/05\/08200811\/Gimnastas-del-CG-Les-Marines-en-Granada.jpg","type":"image\/jpeg"}],"author":"Javier Zamora","twitter_card":"summary_large_image","twitter_misc":{"Escrit per":"Javier Zamora","Temps estimat de lectura":"3 minuts"},"schema":{"@context":"https:\/\/schema.org","@graph":[{"@type":"NewsArticle","@id":"https:\/\/radiolitoral.com\/2025\/05\/el-cg-les-marines-logro-excelentes-resultados-en-granada\/#article","isPartOf":{"@id":"https:\/\/radiolitoral.com\/2025\/05\/el-cg-les-marines-logro-excelentes-resultados-en-granada\/"},"author":{"name":"Javier Zamora","@id":"https:\/\/radiolitoral.com\/#\/schema\/person\/7b1480b5caeb5acdd4ec6379caf62b22"},"headline":"El CG. Les Marines logr\u00f3 excelentes resultados en Granada","datePublished":"2025-05-09T08:13:39+00:00","dateModified":"2025-05-09T08:46:30+00:00","mainEntityOfPage":{"@id":"https:\/\/radiolitoral.com\/2025\/05\/el-cg-les-marines-logro-excelentes-resultados-en-granada\/"},"wordCount":411,"commentCount":0,"publisher":{"@id":"https:\/\/radiolitoral.com\/#organization"},"image":{"@id":"https:\/\/radiolitoral.com\/2025\/05\/el-cg-les-marines-logro-excelentes-resultados-en-granada\/#primaryimage"},"thumbnailUrl":"https:\/\/media.radiolitoral.com\/wp-content\/uploads\/2025\/05\/08200811\/Gimnastas-del-CG-Les-Marines-en-Granada.jpg","keywords":["Ainara Mille","Anastasia Devko","Anna Devko","CG Les Marines","deportes","Emma Soria","Isabella Guzm\u00e1n","Lamar Lahniki","Luc\u00eda Espinosa","Mandana Jankouk","Milana Leporskaia","Paulina Koeberle","Rebecca Alagarda","Sara S\u00e1nchez","Sofia Bacanu","Sophie O\u2019reilly","Valentina Roig","Vasilisa Shetkova"],"articleSection":["Deportes"],"inLanguage":"ca","potentialAction":[{"@type":"CommentAction","name":"Comment","target":["https:\/\/radiolitoral.com\/2025\/05\/el-cg-les-marines-logro-excelentes-resultados-en-granada\/#respond"]}]},{"@type":["WebPage","ItemPage"],"@id":"https:\/\/radiolitoral.com\/2025\/05\/el-cg-les-marines-logro-excelentes-resultados-en-granada\/","url":"https:\/\/radiolitoral.com\/2025\/05\/el-cg-les-marines-logro-excelentes-resultados-en-granada\/","name":"El CG. Les Marines va aconseguir excel\u00b7lents resultats a Granada | R\u00e0dio Litoral","isPartOf":{"@id":"https:\/\/radiolitoral.com\/#website"},"primaryImageOfPage":{"@id":"https:\/\/radiolitoral.com\/2025\/05\/el-cg-les-marines-logro-excelentes-resultados-en-granada\/#primaryimage"},"image":{"@id":"https:\/\/radiolitoral.com\/2025\/05\/el-cg-les-marines-logro-excelentes-resultados-en-granada\/#primaryimage"},"thumbnailUrl":"https:\/\/media.radiolitoral.com\/wp-content\/uploads\/2025\/05\/08200811\/Gimnastas-del-CG-Les-Marines-en-Granada.jpg","datePublished":"2025-05-09T08:13:39+00:00","dateModified":"2025-05-09T08:46:30+00:00","description":"El conjunt Prebenjamin va estar a prop del podi mentre que les benjamins van acabar entre els cinc primers equips El conjunt Prebenjamin va estar a prop del podi mentre que les benjamins van acabar entre els cinc primers equips","breadcrumb":{"@id":"https:\/\/radiolitoral.com\/2025\/05\/el-cg-les-marines-logro-excelentes-resultados-en-granada\/#breadcrumb"},"inLanguage":"ca","potentialAction":[{"@type":"ReadAction","target":["https:\/\/radiolitoral.com\/2025\/05\/el-cg-les-marines-logro-excelentes-resultados-en-granada\/"]}]},{"@type":"ImageObject","inLanguage":"ca","@id":"https:\/\/radiolitoral.com\/2025\/05\/el-cg-les-marines-logro-excelentes-resultados-en-granada\/#primaryimage","url":"https:\/\/media.radiolitoral.com\/wp-content\/uploads\/2025\/05\/08200811\/Gimnastas-del-CG-Les-Marines-en-Granada.jpg","contentUrl":"https:\/\/media.radiolitoral.com\/wp-content\/uploads\/2025\/05\/08200811\/Gimnastas-del-CG-Les-Marines-en-Granada.jpg","width":2048,"height":1218},{"@type":"BreadcrumbList","@id":"https:\/\/radiolitoral.com\/2025\/05\/el-cg-les-marines-logro-excelentes-resultados-en-granada\/#breadcrumb","itemListElement":[{"@type":"ListItem","position":1,"name":"Portada","item":"https:\/\/radiolitoral.com\/"},{"@type":"ListItem","position":2,"name":"El CG. Les Marines logr\u00f3 excelentes resultados en Granada"}]},{"@type":"WebSite","@id":"https:\/\/radiolitoral.com\/#website","url":"https:\/\/radiolitoral.com\/","name":"R\u00e0dio Litoral","description":"La r\u00e0dio local de la Marina Alta","publisher":{"@id":"https:\/\/radiolitoral.com\/#organization"},"alternateName":"Litoral FM","potentialAction":[{"@type":"SearchAction","target":{"@type":"EntryPoint","urlTemplate":"https:\/\/radiolitoral.com\/?s={search_term_string}"},"query-input":{"@type":"PropertyValueSpecification","valueRequired":true,"valueName":"search_term_string"}}],"inLanguage":"ca"},{"@type":"Organization","@id":"https:\/\/radiolitoral.com\/#organization","name":"R\u00e0dio Litoral","url":"https:\/\/radiolitoral.com\/","logo":{"@type":"ImageObject","inLanguage":"ca","@id":"https:\/\/radiolitoral.com\/#\/schema\/logo\/image\/","url":"https:\/\/media.radiolitoral.com\/wp-content\/uploads\/2023\/02\/24143238\/CL-V-RadioLitoral696.png","contentUrl":"https:\/\/media.radiolitoral.com\/wp-content\/uploads\/2023\/02\/24143238\/CL-V-RadioLitoral696.png","width":696,"height":696,"caption":"Radio Litoral"},"image":{"@id":"https:\/\/radiolitoral.com\/#\/schema\/logo\/image\/"},"sameAs":["https:\/\/www.facebook.com\/Laradiolitoral\/"]},{"@type":"Person","@id":"https:\/\/radiolitoral.com\/#\/schema\/person\/7b1480b5caeb5acdd4ec6379caf62b22","name":"Javier Zamora","image":{"@type":"ImageObject","inLanguage":"ca","@id":"https:\/\/secure.gravatar.com\/avatar\/467a11f6918c7d619c4043fc6fa2d3853053107973f05b6e9c04ea6c4e3a7b3f?s=96&d=mm&r=g","url":"https:\/\/secure.gravatar.com\/avatar\/467a11f6918c7d619c4043fc6fa2d3853053107973f05b6e9c04ea6c4e3a7b3f?s=96&d=mm&r=g","contentUrl":"https:\/\/secure.gravatar.com\/avatar\/467a11f6918c7d619c4043fc6fa2d3853053107973f05b6e9c04ea6c4e3a7b3f?s=96&d=mm&r=g","caption":"Javier Zamora"},"url":"https:\/\/radiolitoral.com\/ca\/author\/javier-zamora\/"}]}},"_links":{"self":[{"href":"https:\/\/radiolitoral.com\/ca\/wp-json\/wp\/v2\/posts\/16615","targetHints":{"allow":["GET"]}}],"collection":[{"href":"https:\/\/radiolitoral.com\/ca\/wp-json\/wp\/v2\/posts"}],"about":[{"href":"https:\/\/radiolitoral.com\/ca\/wp-json\/wp\/v2\/types\/post"}],"author":[{"embeddable":true,"href":"https:\/\/radiolitoral.com\/ca\/wp-json\/wp\/v2\/users\/12"}],"replies":[{"embeddable":true,"href":"https:\/\/radiolitoral.com\/ca\/wp-json\/wp\/v2\/comments?post=16615"}],"version-history":[{"count":4,"href":"https:\/\/radiolitoral.com\/ca\/wp-json\/wp\/v2\/posts\/16615\/revisions"}],"predecessor-version":[{"id":16627,"href":"https:\/\/radiolitoral.com\/ca\/wp-json\/wp\/v2\/posts\/16615\/revisions\/16627"}],"wp:featuredmedia":[{"embeddable":true,"href":"https:\/\/radiolitoral.com\/ca\/wp-json\/wp\/v2\/media\/16616"}],"wp:attachment":[{"href":"https:\/\/radiolitoral.com\/ca\/wp-json\/wp\/v2\/media?parent=16615"}],"wp:term":[{"taxonomy":"category","embeddable":true,"href":"https:\/\/radiolitoral.com\/ca\/wp-json\/wp\/v2\/categories?post=16615"},{"taxonomy":"post_tag","embeddable":true,"href":"https:\/\/radiolitoral.com\/ca\/wp-json\/wp\/v2\/tags?post=16615"}],"curies":[{"name":"wp","href":"https:\/\/api.w.org\/{rel}","templated":true}]}}