{"id":16600,"date":"2025-05-08T10:40:32","date_gmt":"2025-05-08T08:40:32","guid":{"rendered":"https:\/\/radiolitoral.com\/?p=16600"},"modified":"2025-05-08T10:40:32","modified_gmt":"2025-05-08T08:40:32","slug":"marisella-romani-que-assisteixin-perque-els-espais-son-preciosos-i-perque-lactivitat-es-un-passeig-per-histories-de-dones-poemes-i-cancons","status":"publish","type":"post","link":"https:\/\/radiolitoral.com\/ca\/2025\/05\/marisela-romero-que-asistan-porque-los-espacios-son-preciosos-y-porque-la-actividad-es-un-paseo-por-historias-de-mujeres-poemas-y-canciones\/","title":{"rendered":"Marisela Romero: \u201cQue hi assisteixin, perqu\u00e8 els espais s\u00f3n preciosos i perqu\u00e8 l&#039;activitat \u00e9s un passeig per hist\u00f2ries de dones, poemes i can\u00e7ons\u201d"},"content":{"rendered":"<p>Aquest mat\u00ed nostre <strong>Primer Caf\u00e8<\/strong> ens ha traslladat als <strong>tradicionals safareigs<\/strong>, entesos no nom\u00e9s com el lloc on les dones anaven a rentar la roba, sin\u00f3 com el punt de trobada per a la sociabilitzaci\u00f3 femenina, on es compartien hist\u00f2ries i confid\u00e8ncies, s&#039;intercanviaven not\u00edcies, es cantava, es descansaven emocions i s&#039;enfortien lla\u00e7os comunitaris.<strong> Massma, la Mancomunitat de Serveis Socials de la Marina Alta<\/strong>, s&#039;ha engegat un projecte amb l&#039;objectiu de recuperar, donar un nou valor i reivindicar la mem\u00f2ria col\u00b7lectiva d&#039;aquests espais femenins tan importants en \u00e8poques passades. Per saber m\u00e9s sobre aquest projecte hem comptat als nostres estudis amb <strong>Marisela Romero, t\u00e8cnica d&#039;Igualtat de la Massma, i Eva Bravo, de T\u00e0ndem Patrimoni, arque\u00f2loga i mediadora cultural<\/strong>.<\/p>\n<p>Les nostres convidades ens han detallat que amb aquest projecte es persegueix rescatar no nom\u00e9s aquests espais com a punt de trobada, sin\u00f3 tamb\u00e9 les dones que van utilitzar els safareigs i les hist\u00f2ries viscudes. Un treball de recuperaci\u00f3 de la mem\u00f2ria col\u00b7lectiva i la seva difusi\u00f3 que ja ha comen\u00e7at el cam\u00ed amb molt bona acceptaci\u00f3 entre les ve\u00efnes i ve\u00efns de la comarca.<\/p>\n<p>Les primeres convocat\u00f2ries dins aquest projecte s&#039;han dut a terme als safareigs de Parcent i Benigembla. I de cara al proper cap de setmana s&#039;han programat noves trobades que tindran lloc a Gata, a l&#039;entorn de la Rana, ia El R\u00e1fol i Sagra. En aquesta darrera convocat\u00f2ria s&#039;inclou a m\u00e9s de tota l&#039;escenificaci\u00f3 sota el t\u00edtol \u201cMem\u00f2ries L\u00edquides\u201d que dirigeix Rosa Vendrell, una ruta entre els dos safareigs.<\/p>\n<p>Per\u00f2 aquest projecte per a la recuperaci\u00f3 dels safareigs i la seva posada en valor no s&#039;acaba aqu\u00ed. Les nostres convidades ens han avan\u00e7at que durant el mes de juny s&#039;han programat una s\u00e8rie de tallers per crear grups motors que ajudaran a la recuperaci\u00f3 de la mem\u00f2ria hist\u00f2rica d&#039;aquests espais i la difusi\u00f3 posterior entre diferents col\u00b7lectius.<\/p>\n<p>Podeu escoltar l&#039;entrevista completa aqu\u00ed.<\/p>\n<audio class=\"wp-audio-shortcode\" id=\"audio-16600-1\" preload=\"none\" style=\"width: 100%;\" controls=\"controls\"><source type=\"audio\/mpeg\" src=\"https:\/\/media.radiolitoral.com\/wp-content\/uploads\/2025\/05\/08103505\/Primer-Cafe-Lavaderos.mp3?_=1\" \/><a href=\"https:\/\/media.radiolitoral.com\/wp-content\/uploads\/2025\/05\/08103505\/Primer-Cafe-Lavaderos.mp3\">https:\/\/media.radiolitoral.com\/wp-content\/uploads\/2025\/05\/08103505\/Primer-Cafe-Lavaderos.mp3<\/a><\/audio>","protected":false},"excerpt":{"rendered":"<p>Esta ma\u00f1ana nuestro Primer Caf\u00e9 nos ha trasladado a los tradicionales lavaderos, entendidos no solo como el lugar donde las mujeres iban a lavar la ropa, sino como el punto de encuentro para la sociabilizaci\u00f3n femenina, donde se compart\u00edan historias y confidencias, se intercambiaban noticias, se cantaba, se descansaban emociones y se fortalec\u00edan lazos comunitarios. [&#8230;]<\/p>\n<p><a class=\"btn btn-secondary understrap-read-more-link\" href=\"https:\/\/radiolitoral.com\/ca\/2025\/05\/marisela-romero-que-asistan-porque-los-espacios-son-preciosos-y-porque-la-actividad-es-un-paseo-por-historias-de-mujeres-poemas-y-canciones\/\">Continua llegint&#8230;<span class=\"screen-reader-text\"> from Marisela Romero: \u201cQue asistan, porque los espacios son preciosos y porque la actividad es un paseo por historias de mujeres, poemas y canciones\u201d<\/span><\/a><\/p>\n","protected":false},"author":13,"featured_media":16602,"comment_status":"open","ping_status":"closed","sticky":false,"template":"","format":"standard","meta":{"_acf_changed":false,"inline_featured_image":false,"footnotes":""},"categories":[55,2753,114],"tags":[4279,4277,3909,2552,4012,2338,2312,4278],"class_list":["post-16600","post","type-post","status-publish","format-standard","has-post-thumbnail","hentry","category-cultura","category-entrevistas","category-igualdad","tag-eva-bravo","tag-lavaderos","tag-marisela-romero","tag-massma","tag-memoria-historica","tag-mujeres","tag-primer-cafe","tag-proyectos-memoria-colectiva","cobertura-benigembla","cobertura-gata-de-gorgos","cobertura-marina-alta","cobertura-parcent"],"acf":[],"yoast_head":"<!-- This site is optimized with the Yoast SEO plugin v27.5 - https:\/\/yoast.com\/product\/yoast-seo-wordpress\/ -->\n<title>Marisela Romero: \u201cQue asistan, porque los espacios son preciosos y porque la actividad es un paseo por historias de mujeres, poemas y canciones\u201d | R\u00e0dio Litoral<\/title>\n<meta name=\"description\" content=\"La Massma desarrolla un proyecto para la recuperaci\u00f3n de los lavaderos de la Marina Alta como parte de la memoria hist\u00f3rica\" \/>\n<meta name=\"robots\" content=\"index, follow, max-snippet:-1, max-image-preview:large, max-video-preview:-1\" \/>\n<link rel=\"canonical\" href=\"https:\/\/radiolitoral.com\/ca\/2025\/05\/marisella-romani-que-assisteixin-perque-els-espais-son-preciosos-i-perque-lactivitat-es-un-passeig-per-histories-de-dones-poemes-i-cancons\/\" \/>\n<meta property=\"og:locale\" content=\"ca_ES\" \/>\n<meta property=\"og:type\" content=\"article\" \/>\n<meta property=\"og:title\" content=\"Marisela Romero: \u201cQue asistan, porque los espacios son preciosos y porque la actividad es un paseo por historias de mujeres, poemas y canciones\u201d | R\u00e0dio Litoral\" \/>\n<meta property=\"og:description\" content=\"La Massma desarrolla un proyecto para la recuperaci\u00f3n de los lavaderos de la Marina Alta como parte de la memoria hist\u00f3rica\" \/>\n<meta property=\"og:url\" content=\"https:\/\/radiolitoral.com\/ca\/2025\/05\/marisella-romani-que-assisteixin-perque-els-espais-son-preciosos-i-perque-lactivitat-es-un-passeig-per-histories-de-dones-poemes-i-cancons\/\" \/>\n<meta property=\"og:site_name\" content=\"R\u00e0dio Litoral\" \/>\n<meta property=\"article:publisher\" content=\"https:\/\/www.facebook.com\/Laradiolitoral\/\" \/>\n<meta property=\"article:published_time\" content=\"2025-05-08T08:40:32+00:00\" \/>\n<meta property=\"og:image\" content=\"https:\/\/media.radiolitoral.com\/wp-content\/uploads\/2025\/05\/08103623\/Marisela-Romero-y-Eva-Bravo.jpg\" \/>\n\t<meta property=\"og:image:width\" content=\"2000\" \/>\n\t<meta property=\"og:image:height\" content=\"1500\" \/>\n\t<meta property=\"og:image:type\" content=\"image\/jpeg\" \/>\n<meta name=\"author\" content=\"Redacci\u00f3n\" \/>\n<meta name=\"twitter:card\" content=\"summary_large_image\" \/>\n<meta name=\"twitter:label1\" content=\"Escrit per\" \/>\n\t<meta name=\"twitter:data1\" content=\"Redacci\u00f3n\" \/>\n\t<meta name=\"twitter:label2\" content=\"Temps estimat de lectura\" \/>\n\t<meta name=\"twitter:data2\" content=\"2 minuts\" \/>\n<script type=\"application\/ld+json\" class=\"yoast-schema-graph\">{\"@context\":\"https:\\\/\\\/schema.org\",\"@graph\":[{\"@type\":\"NewsArticle\",\"@id\":\"https:\\\/\\\/radiolitoral.com\\\/2025\\\/05\\\/marisela-romero-que-asistan-porque-los-espacios-son-preciosos-y-porque-la-actividad-es-un-paseo-por-historias-de-mujeres-poemas-y-canciones\\\/#article\",\"isPartOf\":{\"@id\":\"https:\\\/\\\/radiolitoral.com\\\/2025\\\/05\\\/marisela-romero-que-asistan-porque-los-espacios-son-preciosos-y-porque-la-actividad-es-un-paseo-por-historias-de-mujeres-poemas-y-canciones\\\/\"},\"author\":{\"name\":\"Redacci\u00f3n\",\"@id\":\"https:\\\/\\\/radiolitoral.com\\\/#\\\/schema\\\/person\\\/f2b2343c49b5d721857cc1002bfdb151\"},\"headline\":\"Marisela Romero: \u201cQue asistan, porque los espacios son preciosos y porque la actividad es un paseo por historias de mujeres, poemas y canciones\u201d\",\"datePublished\":\"2025-05-08T08:40:32+00:00\",\"mainEntityOfPage\":{\"@id\":\"https:\\\/\\\/radiolitoral.com\\\/2025\\\/05\\\/marisela-romero-que-asistan-porque-los-espacios-son-preciosos-y-porque-la-actividad-es-un-paseo-por-historias-de-mujeres-poemas-y-canciones\\\/\"},\"wordCount\":406,\"commentCount\":0,\"publisher\":{\"@id\":\"https:\\\/\\\/radiolitoral.com\\\/#organization\"},\"image\":{\"@id\":\"https:\\\/\\\/radiolitoral.com\\\/2025\\\/05\\\/marisela-romero-que-asistan-porque-los-espacios-son-preciosos-y-porque-la-actividad-es-un-paseo-por-historias-de-mujeres-poemas-y-canciones\\\/#primaryimage\"},\"thumbnailUrl\":\"https:\\\/\\\/media.radiolitoral.com\\\/wp-content\\\/uploads\\\/2025\\\/05\\\/08103623\\\/Marisela-Romero-y-Eva-Bravo.jpg\",\"keywords\":[\"Eva Bravo\",\"Lavaderos\",\"Marisela Romero\",\"Massma\",\"Memoria Hist\u00f3rica\",\"Mujeres\",\"Primer Caf\u00e9\",\"Proyectos memoria colectiva\"],\"articleSection\":[\"Cultura\",\"Entrevistas\",\"Igualdad\"],\"inLanguage\":\"ca\",\"potentialAction\":[{\"@type\":\"CommentAction\",\"name\":\"Comment\",\"target\":[\"https:\\\/\\\/radiolitoral.com\\\/2025\\\/05\\\/marisela-romero-que-asistan-porque-los-espacios-son-preciosos-y-porque-la-actividad-es-un-paseo-por-historias-de-mujeres-poemas-y-canciones\\\/#respond\"]}]},{\"@type\":[\"WebPage\",\"ItemPage\"],\"@id\":\"https:\\\/\\\/radiolitoral.com\\\/2025\\\/05\\\/marisela-romero-que-asistan-porque-los-espacios-son-preciosos-y-porque-la-actividad-es-un-paseo-por-historias-de-mujeres-poemas-y-canciones\\\/\",\"url\":\"https:\\\/\\\/radiolitoral.com\\\/2025\\\/05\\\/marisela-romero-que-asistan-porque-los-espacios-son-preciosos-y-porque-la-actividad-es-un-paseo-por-historias-de-mujeres-poemas-y-canciones\\\/\",\"name\":\"Marisela Romero: \u201cQue asistan, porque los espacios son preciosos y porque la actividad es un paseo por historias de mujeres, poemas y canciones\u201d | R\u00e0dio Litoral\",\"isPartOf\":{\"@id\":\"https:\\\/\\\/radiolitoral.com\\\/#website\"},\"primaryImageOfPage\":{\"@id\":\"https:\\\/\\\/radiolitoral.com\\\/2025\\\/05\\\/marisela-romero-que-asistan-porque-los-espacios-son-preciosos-y-porque-la-actividad-es-un-paseo-por-historias-de-mujeres-poemas-y-canciones\\\/#primaryimage\"},\"image\":{\"@id\":\"https:\\\/\\\/radiolitoral.com\\\/2025\\\/05\\\/marisela-romero-que-asistan-porque-los-espacios-son-preciosos-y-porque-la-actividad-es-un-paseo-por-historias-de-mujeres-poemas-y-canciones\\\/#primaryimage\"},\"thumbnailUrl\":\"https:\\\/\\\/media.radiolitoral.com\\\/wp-content\\\/uploads\\\/2025\\\/05\\\/08103623\\\/Marisela-Romero-y-Eva-Bravo.jpg\",\"datePublished\":\"2025-05-08T08:40:32+00:00\",\"description\":\"La Massma desarrolla un proyecto para la recuperaci\u00f3n de los lavaderos de la Marina Alta como parte de la memoria hist\u00f3rica\",\"breadcrumb\":{\"@id\":\"https:\\\/\\\/radiolitoral.com\\\/2025\\\/05\\\/marisela-romero-que-asistan-porque-los-espacios-son-preciosos-y-porque-la-actividad-es-un-paseo-por-historias-de-mujeres-poemas-y-canciones\\\/#breadcrumb\"},\"inLanguage\":\"ca\",\"potentialAction\":[{\"@type\":\"ReadAction\",\"target\":[\"https:\\\/\\\/radiolitoral.com\\\/2025\\\/05\\\/marisela-romero-que-asistan-porque-los-espacios-son-preciosos-y-porque-la-actividad-es-un-paseo-por-historias-de-mujeres-poemas-y-canciones\\\/\"]}]},{\"@type\":\"ImageObject\",\"inLanguage\":\"ca\",\"@id\":\"https:\\\/\\\/radiolitoral.com\\\/2025\\\/05\\\/marisela-romero-que-asistan-porque-los-espacios-son-preciosos-y-porque-la-actividad-es-un-paseo-por-historias-de-mujeres-poemas-y-canciones\\\/#primaryimage\",\"url\":\"https:\\\/\\\/media.radiolitoral.com\\\/wp-content\\\/uploads\\\/2025\\\/05\\\/08103623\\\/Marisela-Romero-y-Eva-Bravo.jpg\",\"contentUrl\":\"https:\\\/\\\/media.radiolitoral.com\\\/wp-content\\\/uploads\\\/2025\\\/05\\\/08103623\\\/Marisela-Romero-y-Eva-Bravo.jpg\",\"width\":2000,\"height\":1500},{\"@type\":\"BreadcrumbList\",\"@id\":\"https:\\\/\\\/radiolitoral.com\\\/2025\\\/05\\\/marisela-romero-que-asistan-porque-los-espacios-son-preciosos-y-porque-la-actividad-es-un-paseo-por-historias-de-mujeres-poemas-y-canciones\\\/#breadcrumb\",\"itemListElement\":[{\"@type\":\"ListItem\",\"position\":1,\"name\":\"Portada\",\"item\":\"https:\\\/\\\/radiolitoral.com\\\/\"},{\"@type\":\"ListItem\",\"position\":2,\"name\":\"Marisela Romero: \u201cQue asistan, porque los espacios son preciosos y porque la actividad es un paseo por historias de mujeres, poemas y canciones\u201d\"}]},{\"@type\":\"WebSite\",\"@id\":\"https:\\\/\\\/radiolitoral.com\\\/#website\",\"url\":\"https:\\\/\\\/radiolitoral.com\\\/\",\"name\":\"Radio Litoral\",\"description\":\"La radio local de la Marina Alta\",\"publisher\":{\"@id\":\"https:\\\/\\\/radiolitoral.com\\\/#organization\"},\"alternateName\":\"Litoral FM\",\"potentialAction\":[{\"@type\":\"SearchAction\",\"target\":{\"@type\":\"EntryPoint\",\"urlTemplate\":\"https:\\\/\\\/radiolitoral.com\\\/?s={search_term_string}\"},\"query-input\":{\"@type\":\"PropertyValueSpecification\",\"valueRequired\":true,\"valueName\":\"search_term_string\"}}],\"inLanguage\":\"ca\"},{\"@type\":\"Organization\",\"@id\":\"https:\\\/\\\/radiolitoral.com\\\/#organization\",\"name\":\"Radio Litoral\",\"url\":\"https:\\\/\\\/radiolitoral.com\\\/\",\"logo\":{\"@type\":\"ImageObject\",\"inLanguage\":\"ca\",\"@id\":\"https:\\\/\\\/radiolitoral.com\\\/#\\\/schema\\\/logo\\\/image\\\/\",\"url\":\"https:\\\/\\\/media.radiolitoral.com\\\/wp-content\\\/uploads\\\/2023\\\/02\\\/24143238\\\/CL-V-RadioLitoral696.png\",\"contentUrl\":\"https:\\\/\\\/media.radiolitoral.com\\\/wp-content\\\/uploads\\\/2023\\\/02\\\/24143238\\\/CL-V-RadioLitoral696.png\",\"width\":696,\"height\":696,\"caption\":\"Radio Litoral\"},\"image\":{\"@id\":\"https:\\\/\\\/radiolitoral.com\\\/#\\\/schema\\\/logo\\\/image\\\/\"},\"sameAs\":[\"https:\\\/\\\/www.facebook.com\\\/Laradiolitoral\\\/\"]},{\"@type\":\"Person\",\"@id\":\"https:\\\/\\\/radiolitoral.com\\\/#\\\/schema\\\/person\\\/f2b2343c49b5d721857cc1002bfdb151\",\"name\":\"Redacci\u00f3n\",\"image\":{\"@type\":\"ImageObject\",\"inLanguage\":\"ca\",\"@id\":\"https:\\\/\\\/secure.gravatar.com\\\/avatar\\\/f771d896c203ad8b3382d7905cfcce5a5c9b008b84b3cd9114e9b9f4cb63f789?s=96&d=mm&r=g\",\"url\":\"https:\\\/\\\/secure.gravatar.com\\\/avatar\\\/f771d896c203ad8b3382d7905cfcce5a5c9b008b84b3cd9114e9b9f4cb63f789?s=96&d=mm&r=g\",\"contentUrl\":\"https:\\\/\\\/secure.gravatar.com\\\/avatar\\\/f771d896c203ad8b3382d7905cfcce5a5c9b008b84b3cd9114e9b9f4cb63f789?s=96&d=mm&r=g\",\"caption\":\"Redacci\u00f3n\"},\"url\":\"https:\\\/\\\/radiolitoral.com\\\/ca\\\/author\\\/miriam-pagan\\\/\"}]}<\/script>\n<!-- \/ Yoast SEO plugin. -->","yoast_head_json":{"title":"Marisela Romero: &quot;Que hi assisteixin, perqu\u00e8 els espais s\u00f3n preciosos i perqu\u00e8 l&#039;activitat \u00e9s un passeig per hist\u00f2ries de dones, poemes i can\u00e7ons&quot; | R\u00e0dio Litoral","description":"La Massma desenvolupa un projecte per a la recuperaci\u00f3 dels safareigs de la Marina Alta com a part de la mem\u00f2ria hist\u00f2rica","robots":{"index":"index","follow":"follow","max-snippet":"max-snippet:-1","max-image-preview":"max-image-preview:large","max-video-preview":"max-video-preview:-1"},"canonical":"https:\/\/radiolitoral.com\/ca\/2025\/05\/marisella-romani-que-assisteixin-perque-els-espais-son-preciosos-i-perque-lactivitat-es-un-passeig-per-histories-de-dones-poemes-i-cancons\/","og_locale":"ca_ES","og_type":"article","og_title":"Marisela Romero: \u201cQue asistan, porque los espacios son preciosos y porque la actividad es un paseo por historias de mujeres, poemas y canciones\u201d | R\u00e0dio Litoral","og_description":"La Massma desarrolla un proyecto para la recuperaci\u00f3n de los lavaderos de la Marina Alta como parte de la memoria hist\u00f3rica","og_url":"https:\/\/radiolitoral.com\/ca\/2025\/05\/marisella-romani-que-assisteixin-perque-els-espais-son-preciosos-i-perque-lactivitat-es-un-passeig-per-histories-de-dones-poemes-i-cancons\/","og_site_name":"R\u00e0dio Litoral","article_publisher":"https:\/\/www.facebook.com\/Laradiolitoral\/","article_published_time":"2025-05-08T08:40:32+00:00","og_image":[{"width":2000,"height":1500,"url":"https:\/\/media.radiolitoral.com\/wp-content\/uploads\/2025\/05\/08103623\/Marisela-Romero-y-Eva-Bravo.jpg","type":"image\/jpeg"}],"author":"Redacci\u00f3n","twitter_card":"summary_large_image","twitter_misc":{"Escrit per":"Redacci\u00f3n","Temps estimat de lectura":"2 minuts"},"schema":{"@context":"https:\/\/schema.org","@graph":[{"@type":"NewsArticle","@id":"https:\/\/radiolitoral.com\/2025\/05\/marisela-romero-que-asistan-porque-los-espacios-son-preciosos-y-porque-la-actividad-es-un-paseo-por-historias-de-mujeres-poemas-y-canciones\/#article","isPartOf":{"@id":"https:\/\/radiolitoral.com\/2025\/05\/marisela-romero-que-asistan-porque-los-espacios-son-preciosos-y-porque-la-actividad-es-un-paseo-por-historias-de-mujeres-poemas-y-canciones\/"},"author":{"name":"Redacci\u00f3n","@id":"https:\/\/radiolitoral.com\/#\/schema\/person\/f2b2343c49b5d721857cc1002bfdb151"},"headline":"Marisela Romero: \u201cQue asistan, porque los espacios son preciosos y porque la actividad es un paseo por historias de mujeres, poemas y canciones\u201d","datePublished":"2025-05-08T08:40:32+00:00","mainEntityOfPage":{"@id":"https:\/\/radiolitoral.com\/2025\/05\/marisela-romero-que-asistan-porque-los-espacios-son-preciosos-y-porque-la-actividad-es-un-paseo-por-historias-de-mujeres-poemas-y-canciones\/"},"wordCount":406,"commentCount":0,"publisher":{"@id":"https:\/\/radiolitoral.com\/#organization"},"image":{"@id":"https:\/\/radiolitoral.com\/2025\/05\/marisela-romero-que-asistan-porque-los-espacios-son-preciosos-y-porque-la-actividad-es-un-paseo-por-historias-de-mujeres-poemas-y-canciones\/#primaryimage"},"thumbnailUrl":"https:\/\/media.radiolitoral.com\/wp-content\/uploads\/2025\/05\/08103623\/Marisela-Romero-y-Eva-Bravo.jpg","keywords":["Eva Bravo","Lavaderos","Marisela Romero","Massma","Memoria Hist\u00f3rica","Mujeres","Primer Caf\u00e9","Proyectos memoria colectiva"],"articleSection":["Cultura","Entrevistas","Igualdad"],"inLanguage":"ca","potentialAction":[{"@type":"CommentAction","name":"Comment","target":["https:\/\/radiolitoral.com\/2025\/05\/marisela-romero-que-asistan-porque-los-espacios-son-preciosos-y-porque-la-actividad-es-un-paseo-por-historias-de-mujeres-poemas-y-canciones\/#respond"]}]},{"@type":["WebPage","ItemPage"],"@id":"https:\/\/radiolitoral.com\/2025\/05\/marisela-romero-que-asistan-porque-los-espacios-son-preciosos-y-porque-la-actividad-es-un-paseo-por-historias-de-mujeres-poemas-y-canciones\/","url":"https:\/\/radiolitoral.com\/2025\/05\/marisela-romero-que-asistan-porque-los-espacios-son-preciosos-y-porque-la-actividad-es-un-paseo-por-historias-de-mujeres-poemas-y-canciones\/","name":"Marisela Romero: &quot;Que hi assisteixin, perqu\u00e8 els espais s\u00f3n preciosos i perqu\u00e8 l&#039;activitat \u00e9s un passeig per hist\u00f2ries de dones, poemes i can\u00e7ons&quot; | R\u00e0dio Litoral","isPartOf":{"@id":"https:\/\/radiolitoral.com\/#website"},"primaryImageOfPage":{"@id":"https:\/\/radiolitoral.com\/2025\/05\/marisela-romero-que-asistan-porque-los-espacios-son-preciosos-y-porque-la-actividad-es-un-paseo-por-historias-de-mujeres-poemas-y-canciones\/#primaryimage"},"image":{"@id":"https:\/\/radiolitoral.com\/2025\/05\/marisela-romero-que-asistan-porque-los-espacios-son-preciosos-y-porque-la-actividad-es-un-paseo-por-historias-de-mujeres-poemas-y-canciones\/#primaryimage"},"thumbnailUrl":"https:\/\/media.radiolitoral.com\/wp-content\/uploads\/2025\/05\/08103623\/Marisela-Romero-y-Eva-Bravo.jpg","datePublished":"2025-05-08T08:40:32+00:00","description":"La Massma desenvolupa un projecte per a la recuperaci\u00f3 dels safareigs de la Marina Alta com a part de la mem\u00f2ria hist\u00f2rica","breadcrumb":{"@id":"https:\/\/radiolitoral.com\/2025\/05\/marisela-romero-que-asistan-porque-los-espacios-son-preciosos-y-porque-la-actividad-es-un-paseo-por-historias-de-mujeres-poemas-y-canciones\/#breadcrumb"},"inLanguage":"ca","potentialAction":[{"@type":"ReadAction","target":["https:\/\/radiolitoral.com\/2025\/05\/marisela-romero-que-asistan-porque-los-espacios-son-preciosos-y-porque-la-actividad-es-un-paseo-por-historias-de-mujeres-poemas-y-canciones\/"]}]},{"@type":"ImageObject","inLanguage":"ca","@id":"https:\/\/radiolitoral.com\/2025\/05\/marisela-romero-que-asistan-porque-los-espacios-son-preciosos-y-porque-la-actividad-es-un-paseo-por-historias-de-mujeres-poemas-y-canciones\/#primaryimage","url":"https:\/\/media.radiolitoral.com\/wp-content\/uploads\/2025\/05\/08103623\/Marisela-Romero-y-Eva-Bravo.jpg","contentUrl":"https:\/\/media.radiolitoral.com\/wp-content\/uploads\/2025\/05\/08103623\/Marisela-Romero-y-Eva-Bravo.jpg","width":2000,"height":1500},{"@type":"BreadcrumbList","@id":"https:\/\/radiolitoral.com\/2025\/05\/marisela-romero-que-asistan-porque-los-espacios-son-preciosos-y-porque-la-actividad-es-un-paseo-por-historias-de-mujeres-poemas-y-canciones\/#breadcrumb","itemListElement":[{"@type":"ListItem","position":1,"name":"Portada","item":"https:\/\/radiolitoral.com\/"},{"@type":"ListItem","position":2,"name":"Marisela Romero: \u201cQue asistan, porque los espacios son preciosos y porque la actividad es un paseo por historias de mujeres, poemas y canciones\u201d"}]},{"@type":"WebSite","@id":"https:\/\/radiolitoral.com\/#website","url":"https:\/\/radiolitoral.com\/","name":"R\u00e0dio Litoral","description":"La r\u00e0dio local de la Marina Alta","publisher":{"@id":"https:\/\/radiolitoral.com\/#organization"},"alternateName":"Litoral FM","potentialAction":[{"@type":"SearchAction","target":{"@type":"EntryPoint","urlTemplate":"https:\/\/radiolitoral.com\/?s={search_term_string}"},"query-input":{"@type":"PropertyValueSpecification","valueRequired":true,"valueName":"search_term_string"}}],"inLanguage":"ca"},{"@type":"Organization","@id":"https:\/\/radiolitoral.com\/#organization","name":"R\u00e0dio Litoral","url":"https:\/\/radiolitoral.com\/","logo":{"@type":"ImageObject","inLanguage":"ca","@id":"https:\/\/radiolitoral.com\/#\/schema\/logo\/image\/","url":"https:\/\/media.radiolitoral.com\/wp-content\/uploads\/2023\/02\/24143238\/CL-V-RadioLitoral696.png","contentUrl":"https:\/\/media.radiolitoral.com\/wp-content\/uploads\/2023\/02\/24143238\/CL-V-RadioLitoral696.png","width":696,"height":696,"caption":"Radio Litoral"},"image":{"@id":"https:\/\/radiolitoral.com\/#\/schema\/logo\/image\/"},"sameAs":["https:\/\/www.facebook.com\/Laradiolitoral\/"]},{"@type":"Person","@id":"https:\/\/radiolitoral.com\/#\/schema\/person\/f2b2343c49b5d721857cc1002bfdb151","name":"Redacci\u00f3","image":{"@type":"ImageObject","inLanguage":"ca","@id":"https:\/\/secure.gravatar.com\/avatar\/f771d896c203ad8b3382d7905cfcce5a5c9b008b84b3cd9114e9b9f4cb63f789?s=96&d=mm&r=g","url":"https:\/\/secure.gravatar.com\/avatar\/f771d896c203ad8b3382d7905cfcce5a5c9b008b84b3cd9114e9b9f4cb63f789?s=96&d=mm&r=g","contentUrl":"https:\/\/secure.gravatar.com\/avatar\/f771d896c203ad8b3382d7905cfcce5a5c9b008b84b3cd9114e9b9f4cb63f789?s=96&d=mm&r=g","caption":"Redacci\u00f3n"},"url":"https:\/\/radiolitoral.com\/ca\/author\/miriam-pagan\/"}]}},"_links":{"self":[{"href":"https:\/\/radiolitoral.com\/ca\/wp-json\/wp\/v2\/posts\/16600","targetHints":{"allow":["GET"]}}],"collection":[{"href":"https:\/\/radiolitoral.com\/ca\/wp-json\/wp\/v2\/posts"}],"about":[{"href":"https:\/\/radiolitoral.com\/ca\/wp-json\/wp\/v2\/types\/post"}],"author":[{"embeddable":true,"href":"https:\/\/radiolitoral.com\/ca\/wp-json\/wp\/v2\/users\/13"}],"replies":[{"embeddable":true,"href":"https:\/\/radiolitoral.com\/ca\/wp-json\/wp\/v2\/comments?post=16600"}],"version-history":[{"count":2,"href":"https:\/\/radiolitoral.com\/ca\/wp-json\/wp\/v2\/posts\/16600\/revisions"}],"predecessor-version":[{"id":16604,"href":"https:\/\/radiolitoral.com\/ca\/wp-json\/wp\/v2\/posts\/16600\/revisions\/16604"}],"wp:featuredmedia":[{"embeddable":true,"href":"https:\/\/radiolitoral.com\/ca\/wp-json\/wp\/v2\/media\/16602"}],"wp:attachment":[{"href":"https:\/\/radiolitoral.com\/ca\/wp-json\/wp\/v2\/media?parent=16600"}],"wp:term":[{"taxonomy":"category","embeddable":true,"href":"https:\/\/radiolitoral.com\/ca\/wp-json\/wp\/v2\/categories?post=16600"},{"taxonomy":"post_tag","embeddable":true,"href":"https:\/\/radiolitoral.com\/ca\/wp-json\/wp\/v2\/tags?post=16600"}],"curies":[{"name":"wp","href":"https:\/\/api.w.org\/{rel}","templated":true}]}}