{"id":16591,"date":"2025-05-07T12:01:50","date_gmt":"2025-05-07T10:01:50","guid":{"rendered":"https:\/\/radiolitoral.com\/?p=16591"},"modified":"2025-05-07T12:01:50","modified_gmt":"2025-05-07T10:01:50","slug":"el-cb-ifach-calp-llancat-cap-al-titol","status":"publish","type":"post","link":"https:\/\/radiolitoral.com\/ca\/2025\/05\/el-cb-ifach-calpe-lanzado-hacia-el-titulo\/","title":{"rendered":"El CB Ifach Calpe llan\u00e7at cap al t\u00edtol"},"content":{"rendered":"<p>El<strong>\u00a0CB Ifach Calp<\/strong>\u00a0va superar el\u00a0<strong>CB<\/strong>\u00a0<strong>Benidorm<\/strong>\u00a0en un partit ag\u00f2nic que va tenir de tot: girs inesperats, pr\u00f2rrogues i un final apote\u00f2sic.\u00a0<strong>94-88<\/strong>\u00a0a favor dels calpins, que van signar una remuntada \u00e8pica, especialment despr\u00e9s d&#039;estar dos punts a baix amb tan sols 12 segons per jugar-se.<\/p>\n<p>Quan tot semblava perdut i els visitants van tenir un avantatge de dos punts quan faltaven segons,\u00a0<strong>Antonio Alberto<\/strong>, que fins aquell moment havia tingut una actuaci\u00f3 discreta, va emergir com l&#039;heroi inesperat. Amb una jugada sobre la botzina, Alberto va aconseguir una cistella que va for\u00e7ar la pr\u00f2rroga, deixant tots els presents al Pavell\u00f3 de Calp.<\/p>\n<h2><strong>Resistir per guanyar<\/strong><\/h2>\n<p>La\u00a0<strong>primera pr\u00f2rroga<\/strong>\u00a0va repetir el gui\u00f3 del temps reglamentari. El CB Benidorm, aprofito els errors dels locals, semblava tenir el control del partit amb un avantatge de\u00a0<strong>5 punts<\/strong>. No obstant aix\u00f2,\u00a0<strong>Pol Granja<\/strong>, amb una gran acci\u00f3 en els \u00faltims segons, va empatar la trobada amb un llan\u00e7ament de dos al l\u00edmit del temps. L&#039;esperit de lluita calp\u00ed estava intacte i no es don\u00e0 per ven\u00e7ut.<\/p>\n<p>Ja a la\u00a0<strong>segona pr\u00f2rroga<\/strong>, va ser la resist\u00e8ncia f\u00edsica i la fe el que va permetre als de\u00a0<strong>Kike Valle<\/strong>\u00a0signar un parcial de 6-0 en els \u00faltims minuts, segellant la vict\u00f2ria definitiva amb el\u00a0<strong>94-88<\/strong>.<\/p>\n<p>Amb aquesta vict\u00f2ria, el CB Ifach Calpe segueix liderant la classificaci\u00f3 de la lliga regular. Quan falten dues jornades, l&#039;equip calp\u00ed necessita una vict\u00f2ria m\u00e9s per assegurar-se el primer lloc abans de l&#039;esperat inici dels playoffs.<\/p>\n<p><script src=\"chrome-extension:\/\/flbolonkboilcbnohjlchlfgdalomdpl\/iFrame.js\" type=\"text\/javascript\"><\/script><\/p>\n<p><script src=\"chrome-extension:\/\/flbolonkboilcbnohjlchlfgdalomdpl\/iFrame.js\" type=\"text\/javascript\"><\/script><\/p>","protected":false},"excerpt":{"rendered":"<p>El\u00a0CB Ifach Calpe\u00a0super\u00f3 al\u00a0CB\u00a0Benidorm\u00a0en un partido ag\u00f3nico que tuvo de todo: giros inesperados, pr\u00f3rrogas y un final apote\u00f3sico. El marcador final fue de\u00a094-88\u00a0a favor de los calpinos, quienes firmaron una remontada \u00e9pica, especialmente despu\u00e9s de estar dos puntos abajo con tan solo 12 segundos por jugarse. Cuando todo parec\u00eda perdido y los visitantes tuvieron una [&#8230;]<\/p>\n<p><a class=\"btn btn-secondary understrap-read-more-link\" href=\"https:\/\/radiolitoral.com\/ca\/2025\/05\/el-cb-ifach-calpe-lanzado-hacia-el-titulo\/\">Continua llegint&#8230;<span class=\"screen-reader-text\"> from El CB Ifach Calpe lanzado hacia el t\u00edtulo<\/span><\/a><\/p>\n","protected":false},"author":12,"featured_media":16593,"comment_status":"open","ping_status":"closed","sticky":false,"template":"","format":"standard","meta":{"_acf_changed":false,"inline_featured_image":false,"footnotes":""},"categories":[1],"tags":[4275,1796,952,6,2406,4276],"class_list":["post-16591","post","type-post","status-publish","format-standard","has-post-thumbnail","hentry","category-uncategorized","tag-antonio-alberto","tag-cb-benidorm","tag-cb-ifach-calpe","tag-deportes","tag-kike-valle","tag-pol-granja","cobertura-calp"],"acf":[],"yoast_head":"<!-- This site is optimized with the Yoast SEO plugin v27.5 - https:\/\/yoast.com\/product\/yoast-seo-wordpress\/ -->\n<title>El CB Ifach Calpe lanzado hacia el t\u00edtulo | R\u00e0dio Litoral<\/title>\n<meta name=\"description\" content=\"El equipo que dirige Kike Valle derrot\u00f3 al CB Benidorm por 94 a 88 tras disputar dos pr\u00f3rrogas que fueron muy emocionantes El equipo que dirige Kike Valle derrot\u00f3 al CB Benidorm por 94 a 88 tras disputar dos pr\u00f3rrogas que fueron muy emocionantes\" \/>\n<meta name=\"robots\" content=\"index, follow, max-snippet:-1, max-image-preview:large, max-video-preview:-1\" \/>\n<link rel=\"canonical\" href=\"https:\/\/radiolitoral.com\/ca\/2025\/05\/el-cb-ifach-calp-llancat-cap-al-titol\/\" \/>\n<meta property=\"og:locale\" content=\"ca_ES\" \/>\n<meta property=\"og:type\" content=\"article\" \/>\n<meta property=\"og:title\" content=\"El CB Ifach Calpe lanzado hacia el t\u00edtulo | R\u00e0dio Litoral\" \/>\n<meta property=\"og:description\" content=\"El equipo que dirige Kike Valle derrot\u00f3 al CB Benidorm por 94 a 88 tras disputar dos pr\u00f3rrogas que fueron muy emocionantes El equipo que dirige Kike Valle derrot\u00f3 al CB Benidorm por 94 a 88 tras disputar dos pr\u00f3rrogas que fueron muy emocionantes\" \/>\n<meta property=\"og:url\" content=\"https:\/\/radiolitoral.com\/ca\/2025\/05\/el-cb-ifach-calp-llancat-cap-al-titol\/\" \/>\n<meta property=\"og:site_name\" content=\"R\u00e0dio Litoral\" \/>\n<meta property=\"article:publisher\" content=\"https:\/\/www.facebook.com\/Laradiolitoral\/\" \/>\n<meta property=\"article:published_time\" content=\"2025-05-07T10:01:50+00:00\" \/>\n<meta property=\"og:image\" content=\"https:\/\/media.radiolitoral.com\/wp-content\/uploads\/2025\/05\/07115948\/494059164_1293510085547774_343189794432995673_n.jpg\" \/>\n\t<meta property=\"og:image:width\" content=\"1200\" \/>\n\t<meta property=\"og:image:height\" content=\"741\" \/>\n\t<meta property=\"og:image:type\" content=\"image\/jpeg\" \/>\n<meta name=\"author\" content=\"Javier Zamora\" \/>\n<meta name=\"twitter:card\" content=\"summary_large_image\" \/>\n<meta name=\"twitter:label1\" content=\"Escrit per\" \/>\n\t<meta name=\"twitter:data1\" content=\"Javier Zamora\" \/>\n\t<meta name=\"twitter:label2\" content=\"Temps estimat de lectura\" \/>\n\t<meta name=\"twitter:data2\" content=\"2 minuts\" \/>\n<script type=\"application\/ld+json\" class=\"yoast-schema-graph\">{\"@context\":\"https:\\\/\\\/schema.org\",\"@graph\":[{\"@type\":\"NewsArticle\",\"@id\":\"https:\\\/\\\/radiolitoral.com\\\/2025\\\/05\\\/el-cb-ifach-calpe-lanzado-hacia-el-titulo\\\/#article\",\"isPartOf\":{\"@id\":\"https:\\\/\\\/radiolitoral.com\\\/2025\\\/05\\\/el-cb-ifach-calpe-lanzado-hacia-el-titulo\\\/\"},\"author\":{\"name\":\"Javier Zamora\",\"@id\":\"https:\\\/\\\/radiolitoral.com\\\/#\\\/schema\\\/person\\\/7b1480b5caeb5acdd4ec6379caf62b22\"},\"headline\":\"El CB Ifach Calpe lanzado hacia el t\u00edtulo\",\"datePublished\":\"2025-05-07T10:01:50+00:00\",\"mainEntityOfPage\":{\"@id\":\"https:\\\/\\\/radiolitoral.com\\\/2025\\\/05\\\/el-cb-ifach-calpe-lanzado-hacia-el-titulo\\\/\"},\"wordCount\":281,\"commentCount\":0,\"publisher\":{\"@id\":\"https:\\\/\\\/radiolitoral.com\\\/#organization\"},\"image\":{\"@id\":\"https:\\\/\\\/radiolitoral.com\\\/2025\\\/05\\\/el-cb-ifach-calpe-lanzado-hacia-el-titulo\\\/#primaryimage\"},\"thumbnailUrl\":\"https:\\\/\\\/media.radiolitoral.com\\\/wp-content\\\/uploads\\\/2025\\\/05\\\/07115948\\\/494059164_1293510085547774_343189794432995673_n.jpg\",\"keywords\":[\"Antonio Alberto\",\"CB\u00a0Benidorm\",\"CB Ifach Calpe\",\"deportes\",\"Kike\u00a0Valle\",\"Pol Granja\"],\"articleSection\":[\"Uncategorized\"],\"inLanguage\":\"ca\",\"potentialAction\":[{\"@type\":\"CommentAction\",\"name\":\"Comment\",\"target\":[\"https:\\\/\\\/radiolitoral.com\\\/2025\\\/05\\\/el-cb-ifach-calpe-lanzado-hacia-el-titulo\\\/#respond\"]}]},{\"@type\":[\"WebPage\",\"ItemPage\"],\"@id\":\"https:\\\/\\\/radiolitoral.com\\\/2025\\\/05\\\/el-cb-ifach-calpe-lanzado-hacia-el-titulo\\\/\",\"url\":\"https:\\\/\\\/radiolitoral.com\\\/2025\\\/05\\\/el-cb-ifach-calpe-lanzado-hacia-el-titulo\\\/\",\"name\":\"El CB Ifach Calpe lanzado hacia el t\u00edtulo | R\u00e0dio Litoral\",\"isPartOf\":{\"@id\":\"https:\\\/\\\/radiolitoral.com\\\/#website\"},\"primaryImageOfPage\":{\"@id\":\"https:\\\/\\\/radiolitoral.com\\\/2025\\\/05\\\/el-cb-ifach-calpe-lanzado-hacia-el-titulo\\\/#primaryimage\"},\"image\":{\"@id\":\"https:\\\/\\\/radiolitoral.com\\\/2025\\\/05\\\/el-cb-ifach-calpe-lanzado-hacia-el-titulo\\\/#primaryimage\"},\"thumbnailUrl\":\"https:\\\/\\\/media.radiolitoral.com\\\/wp-content\\\/uploads\\\/2025\\\/05\\\/07115948\\\/494059164_1293510085547774_343189794432995673_n.jpg\",\"datePublished\":\"2025-05-07T10:01:50+00:00\",\"description\":\"El equipo que dirige Kike Valle derrot\u00f3 al CB Benidorm por 94 a 88 tras disputar dos pr\u00f3rrogas que fueron muy emocionantes El equipo que dirige Kike Valle derrot\u00f3 al CB Benidorm por 94 a 88 tras disputar dos pr\u00f3rrogas que fueron muy emocionantes\",\"breadcrumb\":{\"@id\":\"https:\\\/\\\/radiolitoral.com\\\/2025\\\/05\\\/el-cb-ifach-calpe-lanzado-hacia-el-titulo\\\/#breadcrumb\"},\"inLanguage\":\"ca\",\"potentialAction\":[{\"@type\":\"ReadAction\",\"target\":[\"https:\\\/\\\/radiolitoral.com\\\/2025\\\/05\\\/el-cb-ifach-calpe-lanzado-hacia-el-titulo\\\/\"]}]},{\"@type\":\"ImageObject\",\"inLanguage\":\"ca\",\"@id\":\"https:\\\/\\\/radiolitoral.com\\\/2025\\\/05\\\/el-cb-ifach-calpe-lanzado-hacia-el-titulo\\\/#primaryimage\",\"url\":\"https:\\\/\\\/media.radiolitoral.com\\\/wp-content\\\/uploads\\\/2025\\\/05\\\/07115948\\\/494059164_1293510085547774_343189794432995673_n.jpg\",\"contentUrl\":\"https:\\\/\\\/media.radiolitoral.com\\\/wp-content\\\/uploads\\\/2025\\\/05\\\/07115948\\\/494059164_1293510085547774_343189794432995673_n.jpg\",\"width\":1200,\"height\":741},{\"@type\":\"BreadcrumbList\",\"@id\":\"https:\\\/\\\/radiolitoral.com\\\/2025\\\/05\\\/el-cb-ifach-calpe-lanzado-hacia-el-titulo\\\/#breadcrumb\",\"itemListElement\":[{\"@type\":\"ListItem\",\"position\":1,\"name\":\"Portada\",\"item\":\"https:\\\/\\\/radiolitoral.com\\\/\"},{\"@type\":\"ListItem\",\"position\":2,\"name\":\"El CB Ifach Calpe lanzado hacia el t\u00edtulo\"}]},{\"@type\":\"WebSite\",\"@id\":\"https:\\\/\\\/radiolitoral.com\\\/#website\",\"url\":\"https:\\\/\\\/radiolitoral.com\\\/\",\"name\":\"Radio Litoral\",\"description\":\"La radio local de la Marina Alta\",\"publisher\":{\"@id\":\"https:\\\/\\\/radiolitoral.com\\\/#organization\"},\"alternateName\":\"Litoral FM\",\"potentialAction\":[{\"@type\":\"SearchAction\",\"target\":{\"@type\":\"EntryPoint\",\"urlTemplate\":\"https:\\\/\\\/radiolitoral.com\\\/?s={search_term_string}\"},\"query-input\":{\"@type\":\"PropertyValueSpecification\",\"valueRequired\":true,\"valueName\":\"search_term_string\"}}],\"inLanguage\":\"ca\"},{\"@type\":\"Organization\",\"@id\":\"https:\\\/\\\/radiolitoral.com\\\/#organization\",\"name\":\"Radio Litoral\",\"url\":\"https:\\\/\\\/radiolitoral.com\\\/\",\"logo\":{\"@type\":\"ImageObject\",\"inLanguage\":\"ca\",\"@id\":\"https:\\\/\\\/radiolitoral.com\\\/#\\\/schema\\\/logo\\\/image\\\/\",\"url\":\"https:\\\/\\\/media.radiolitoral.com\\\/wp-content\\\/uploads\\\/2023\\\/02\\\/24143238\\\/CL-V-RadioLitoral696.png\",\"contentUrl\":\"https:\\\/\\\/media.radiolitoral.com\\\/wp-content\\\/uploads\\\/2023\\\/02\\\/24143238\\\/CL-V-RadioLitoral696.png\",\"width\":696,\"height\":696,\"caption\":\"Radio Litoral\"},\"image\":{\"@id\":\"https:\\\/\\\/radiolitoral.com\\\/#\\\/schema\\\/logo\\\/image\\\/\"},\"sameAs\":[\"https:\\\/\\\/www.facebook.com\\\/Laradiolitoral\\\/\"]},{\"@type\":\"Person\",\"@id\":\"https:\\\/\\\/radiolitoral.com\\\/#\\\/schema\\\/person\\\/7b1480b5caeb5acdd4ec6379caf62b22\",\"name\":\"Javier Zamora\",\"image\":{\"@type\":\"ImageObject\",\"inLanguage\":\"ca\",\"@id\":\"https:\\\/\\\/secure.gravatar.com\\\/avatar\\\/467a11f6918c7d619c4043fc6fa2d3853053107973f05b6e9c04ea6c4e3a7b3f?s=96&d=mm&r=g\",\"url\":\"https:\\\/\\\/secure.gravatar.com\\\/avatar\\\/467a11f6918c7d619c4043fc6fa2d3853053107973f05b6e9c04ea6c4e3a7b3f?s=96&d=mm&r=g\",\"contentUrl\":\"https:\\\/\\\/secure.gravatar.com\\\/avatar\\\/467a11f6918c7d619c4043fc6fa2d3853053107973f05b6e9c04ea6c4e3a7b3f?s=96&d=mm&r=g\",\"caption\":\"Javier Zamora\"},\"url\":\"https:\\\/\\\/radiolitoral.com\\\/ca\\\/author\\\/javier-zamora\\\/\"}]}<\/script>\n<!-- \/ Yoast SEO plugin. -->","yoast_head_json":{"title":"El CB Ifach Calpe llan\u00e7at cap al t\u00edtol | R\u00e0dio Litoral","description":"L&#039;equip que dirigeix Kike Valle va derrotar el CB Benidorm per 94 a 88 despr\u00e9s de disputar dues pr\u00f2rrogues que van ser molt emocionants L&#039;equip que dirigeix Kike Valle va derrotar el CB Benidorm per 94 a 88 despr\u00e9s de disputar dues pr\u00f2rrogues que van ser molt emocionants","robots":{"index":"index","follow":"follow","max-snippet":"max-snippet:-1","max-image-preview":"max-image-preview:large","max-video-preview":"max-video-preview:-1"},"canonical":"https:\/\/radiolitoral.com\/ca\/2025\/05\/el-cb-ifach-calp-llancat-cap-al-titol\/","og_locale":"ca_ES","og_type":"article","og_title":"El CB Ifach Calpe lanzado hacia el t\u00edtulo | R\u00e0dio Litoral","og_description":"El equipo que dirige Kike Valle derrot\u00f3 al CB Benidorm por 94 a 88 tras disputar dos pr\u00f3rrogas que fueron muy emocionantes El equipo que dirige Kike Valle derrot\u00f3 al CB Benidorm por 94 a 88 tras disputar dos pr\u00f3rrogas que fueron muy emocionantes","og_url":"https:\/\/radiolitoral.com\/ca\/2025\/05\/el-cb-ifach-calp-llancat-cap-al-titol\/","og_site_name":"R\u00e0dio Litoral","article_publisher":"https:\/\/www.facebook.com\/Laradiolitoral\/","article_published_time":"2025-05-07T10:01:50+00:00","og_image":[{"width":1200,"height":741,"url":"https:\/\/media.radiolitoral.com\/wp-content\/uploads\/2025\/05\/07115948\/494059164_1293510085547774_343189794432995673_n.jpg","type":"image\/jpeg"}],"author":"Javier Zamora","twitter_card":"summary_large_image","twitter_misc":{"Escrit per":"Javier Zamora","Temps estimat de lectura":"2 minuts"},"schema":{"@context":"https:\/\/schema.org","@graph":[{"@type":"NewsArticle","@id":"https:\/\/radiolitoral.com\/2025\/05\/el-cb-ifach-calpe-lanzado-hacia-el-titulo\/#article","isPartOf":{"@id":"https:\/\/radiolitoral.com\/2025\/05\/el-cb-ifach-calpe-lanzado-hacia-el-titulo\/"},"author":{"name":"Javier Zamora","@id":"https:\/\/radiolitoral.com\/#\/schema\/person\/7b1480b5caeb5acdd4ec6379caf62b22"},"headline":"El CB Ifach Calpe lanzado hacia el t\u00edtulo","datePublished":"2025-05-07T10:01:50+00:00","mainEntityOfPage":{"@id":"https:\/\/radiolitoral.com\/2025\/05\/el-cb-ifach-calpe-lanzado-hacia-el-titulo\/"},"wordCount":281,"commentCount":0,"publisher":{"@id":"https:\/\/radiolitoral.com\/#organization"},"image":{"@id":"https:\/\/radiolitoral.com\/2025\/05\/el-cb-ifach-calpe-lanzado-hacia-el-titulo\/#primaryimage"},"thumbnailUrl":"https:\/\/media.radiolitoral.com\/wp-content\/uploads\/2025\/05\/07115948\/494059164_1293510085547774_343189794432995673_n.jpg","keywords":["Antonio Alberto","CB\u00a0Benidorm","CB Ifach Calpe","deportes","Kike\u00a0Valle","Pol Granja"],"articleSection":["Uncategorized"],"inLanguage":"ca","potentialAction":[{"@type":"CommentAction","name":"Comment","target":["https:\/\/radiolitoral.com\/2025\/05\/el-cb-ifach-calpe-lanzado-hacia-el-titulo\/#respond"]}]},{"@type":["WebPage","ItemPage"],"@id":"https:\/\/radiolitoral.com\/2025\/05\/el-cb-ifach-calpe-lanzado-hacia-el-titulo\/","url":"https:\/\/radiolitoral.com\/2025\/05\/el-cb-ifach-calpe-lanzado-hacia-el-titulo\/","name":"El CB Ifach Calpe llan\u00e7at cap al t\u00edtol | R\u00e0dio Litoral","isPartOf":{"@id":"https:\/\/radiolitoral.com\/#website"},"primaryImageOfPage":{"@id":"https:\/\/radiolitoral.com\/2025\/05\/el-cb-ifach-calpe-lanzado-hacia-el-titulo\/#primaryimage"},"image":{"@id":"https:\/\/radiolitoral.com\/2025\/05\/el-cb-ifach-calpe-lanzado-hacia-el-titulo\/#primaryimage"},"thumbnailUrl":"https:\/\/media.radiolitoral.com\/wp-content\/uploads\/2025\/05\/07115948\/494059164_1293510085547774_343189794432995673_n.jpg","datePublished":"2025-05-07T10:01:50+00:00","description":"L&#039;equip que dirigeix Kike Valle va derrotar el CB Benidorm per 94 a 88 despr\u00e9s de disputar dues pr\u00f2rrogues que van ser molt emocionants L&#039;equip que dirigeix Kike Valle va derrotar el CB Benidorm per 94 a 88 despr\u00e9s de disputar dues pr\u00f2rrogues que van ser molt emocionants","breadcrumb":{"@id":"https:\/\/radiolitoral.com\/2025\/05\/el-cb-ifach-calpe-lanzado-hacia-el-titulo\/#breadcrumb"},"inLanguage":"ca","potentialAction":[{"@type":"ReadAction","target":["https:\/\/radiolitoral.com\/2025\/05\/el-cb-ifach-calpe-lanzado-hacia-el-titulo\/"]}]},{"@type":"ImageObject","inLanguage":"ca","@id":"https:\/\/radiolitoral.com\/2025\/05\/el-cb-ifach-calpe-lanzado-hacia-el-titulo\/#primaryimage","url":"https:\/\/media.radiolitoral.com\/wp-content\/uploads\/2025\/05\/07115948\/494059164_1293510085547774_343189794432995673_n.jpg","contentUrl":"https:\/\/media.radiolitoral.com\/wp-content\/uploads\/2025\/05\/07115948\/494059164_1293510085547774_343189794432995673_n.jpg","width":1200,"height":741},{"@type":"BreadcrumbList","@id":"https:\/\/radiolitoral.com\/2025\/05\/el-cb-ifach-calpe-lanzado-hacia-el-titulo\/#breadcrumb","itemListElement":[{"@type":"ListItem","position":1,"name":"Portada","item":"https:\/\/radiolitoral.com\/"},{"@type":"ListItem","position":2,"name":"El CB Ifach Calpe lanzado hacia el t\u00edtulo"}]},{"@type":"WebSite","@id":"https:\/\/radiolitoral.com\/#website","url":"https:\/\/radiolitoral.com\/","name":"R\u00e0dio Litoral","description":"La r\u00e0dio local de la Marina Alta","publisher":{"@id":"https:\/\/radiolitoral.com\/#organization"},"alternateName":"Litoral FM","potentialAction":[{"@type":"SearchAction","target":{"@type":"EntryPoint","urlTemplate":"https:\/\/radiolitoral.com\/?s={search_term_string}"},"query-input":{"@type":"PropertyValueSpecification","valueRequired":true,"valueName":"search_term_string"}}],"inLanguage":"ca"},{"@type":"Organization","@id":"https:\/\/radiolitoral.com\/#organization","name":"R\u00e0dio Litoral","url":"https:\/\/radiolitoral.com\/","logo":{"@type":"ImageObject","inLanguage":"ca","@id":"https:\/\/radiolitoral.com\/#\/schema\/logo\/image\/","url":"https:\/\/media.radiolitoral.com\/wp-content\/uploads\/2023\/02\/24143238\/CL-V-RadioLitoral696.png","contentUrl":"https:\/\/media.radiolitoral.com\/wp-content\/uploads\/2023\/02\/24143238\/CL-V-RadioLitoral696.png","width":696,"height":696,"caption":"Radio Litoral"},"image":{"@id":"https:\/\/radiolitoral.com\/#\/schema\/logo\/image\/"},"sameAs":["https:\/\/www.facebook.com\/Laradiolitoral\/"]},{"@type":"Person","@id":"https:\/\/radiolitoral.com\/#\/schema\/person\/7b1480b5caeb5acdd4ec6379caf62b22","name":"Javier Zamora","image":{"@type":"ImageObject","inLanguage":"ca","@id":"https:\/\/secure.gravatar.com\/avatar\/467a11f6918c7d619c4043fc6fa2d3853053107973f05b6e9c04ea6c4e3a7b3f?s=96&d=mm&r=g","url":"https:\/\/secure.gravatar.com\/avatar\/467a11f6918c7d619c4043fc6fa2d3853053107973f05b6e9c04ea6c4e3a7b3f?s=96&d=mm&r=g","contentUrl":"https:\/\/secure.gravatar.com\/avatar\/467a11f6918c7d619c4043fc6fa2d3853053107973f05b6e9c04ea6c4e3a7b3f?s=96&d=mm&r=g","caption":"Javier Zamora"},"url":"https:\/\/radiolitoral.com\/ca\/author\/javier-zamora\/"}]}},"_links":{"self":[{"href":"https:\/\/radiolitoral.com\/ca\/wp-json\/wp\/v2\/posts\/16591","targetHints":{"allow":["GET"]}}],"collection":[{"href":"https:\/\/radiolitoral.com\/ca\/wp-json\/wp\/v2\/posts"}],"about":[{"href":"https:\/\/radiolitoral.com\/ca\/wp-json\/wp\/v2\/types\/post"}],"author":[{"embeddable":true,"href":"https:\/\/radiolitoral.com\/ca\/wp-json\/wp\/v2\/users\/12"}],"replies":[{"embeddable":true,"href":"https:\/\/radiolitoral.com\/ca\/wp-json\/wp\/v2\/comments?post=16591"}],"version-history":[{"count":2,"href":"https:\/\/radiolitoral.com\/ca\/wp-json\/wp\/v2\/posts\/16591\/revisions"}],"predecessor-version":[{"id":16594,"href":"https:\/\/radiolitoral.com\/ca\/wp-json\/wp\/v2\/posts\/16591\/revisions\/16594"}],"wp:featuredmedia":[{"embeddable":true,"href":"https:\/\/radiolitoral.com\/ca\/wp-json\/wp\/v2\/media\/16593"}],"wp:attachment":[{"href":"https:\/\/radiolitoral.com\/ca\/wp-json\/wp\/v2\/media?parent=16591"}],"wp:term":[{"taxonomy":"category","embeddable":true,"href":"https:\/\/radiolitoral.com\/ca\/wp-json\/wp\/v2\/categories?post=16591"},{"taxonomy":"post_tag","embeddable":true,"href":"https:\/\/radiolitoral.com\/ca\/wp-json\/wp\/v2\/tags?post=16591"}],"curies":[{"name":"wp","href":"https:\/\/api.w.org\/{rel}","templated":true}]}}