{"id":16580,"date":"2025-05-07T10:16:31","date_gmt":"2025-05-07T08:16:31","guid":{"rendered":"https:\/\/radiolitoral.com\/?p=16580"},"modified":"2025-05-07T10:16:31","modified_gmt":"2025-05-07T08:16:31","slug":"el-cfs-dianenc-va-sorprendre-el-rondanc","status":"publish","type":"post","link":"https:\/\/radiolitoral.com\/ca\/2025\/05\/el-cfs-dianense-sorprendio-al-r-ondarense\/","title":{"rendered":"El CFS Dianense va sorprendre el R. Ondarense"},"content":{"rendered":"<p>A la pen\u00faltima jornada de la lliga de <strong>1a Regional de Futbol Sala\u00a0<\/strong> el derbi de la Marina Alta va caure del costat del <strong>CFS Dianense<\/strong> que va derrotar al <strong>Racing Ondarense<\/strong> per <strong>1 a 2<\/strong>.<\/p>\n<p>El partit disputat al <strong>pavell\u00f3 municipal d&#039;Ondara<\/strong> va resultar molt entretingut alhora que disputat. Tots dos equips van sortir amb intensitat a la pista de joc.<\/p>\n<p>El control del joc no va tenir un amo clar, la pilota anava i venia d?una \u00e0rea a l?altra. Les defenses es van imposar als atacs deixant poques concessions perqu\u00e8 es creessin ocasions de gol.<\/p>\n<p>Dos minuts abans d&#039;arribar al descans va arribar el primer gol de la tarda per al CFS Dianense marcat per Mateo. Amb el resultat de 0 a 1 es van retirar les esquadres als vestidors.<\/p>\n<p>A la segona meitat, els locals van buscar pujar la seva l\u00ednia de pressi\u00f3 davant un contrincant que va saber defensar amb molt d&#039;ordre, i fins i tot atacar b\u00e9 la defensa local.<\/p>\n<p>Amb el control del joc per part dels dianencs es va entrar a la recta final d&#039;un partit marcat per la tremenda igualtat. Al minut 39 va sentenciar la formaci\u00f3 dirigida per Dani Franco amb el 0 a 2 marcat per Juan Ots. A aquest gol va arribar la r\u00e0pida resposta local en anotar Pedro Molina el definitiu 1 a 2.<\/p>\n<p>A falta d&#039;una jornada per a la conclusi\u00f3 de la lliga, el CFS Dianense es jugar\u00e0 la possibilitat d&#039;acabar tercer a la classificaci\u00f3 guanyant el xoc que disputar\u00e0 al <strong>pavell\u00f3 municipal de D\u00e9nia<\/strong> davant del <strong>CFS Sant Vicent Futsal<\/strong>.<\/p>\n<p><script src=\"chrome-extension:\/\/flbolonkboilcbnohjlchlfgdalomdpl\/iFrame.js\" type=\"text\/javascript\"><\/script><\/p>","protected":false},"excerpt":{"rendered":"<p>En la pen\u00faltima jornada de la liga de 1\u00aa Regional de F\u00fatbol Sala\u00a0 el derbi de la Marina Alta cay\u00f3 del lado del CFS Dianense que derrot\u00f3 al Racing Ondarense por 1 a 2. El partido disputado en el pabell\u00f3n municipal de Ondara result\u00f3 muy entretenido a la vez que disputado. Los dos equipos salieron [&#8230;]<\/p>\n<p><a class=\"btn btn-secondary understrap-read-more-link\" href=\"https:\/\/radiolitoral.com\/ca\/2025\/05\/el-cfs-dianense-sorprendio-al-r-ondarense\/\">Continua llegint&#8230;<span class=\"screen-reader-text\"> from El CFS Dianense sorprendi\u00f3 al R. Ondarense<\/span><\/a><\/p>\n","protected":false},"author":12,"featured_media":16581,"comment_status":"open","ping_status":"closed","sticky":false,"template":"","format":"standard","meta":{"_acf_changed":false,"inline_featured_image":false,"footnotes":""},"categories":[5],"tags":[4268,4269,4271,6,1119,4270,2239],"class_list":["post-16580","post","type-post","status-publish","format-standard","has-post-thumbnail","hentry","category-deportes","tag-1a-regional-de-futbol-sala","tag-cfs-dianense","tag-cfs-san-vicente-futsal","tag-deportes","tag-pabellon-municipal-de-denia","tag-pabellon-municipal-de-ondara","tag-racing-ondarense","cobertura-denia"],"acf":[],"yoast_head":"<!-- This site is optimized with the Yoast SEO plugin v27.5 - https:\/\/yoast.com\/product\/yoast-seo-wordpress\/ -->\n<title>El CFS Dianense sorprendi\u00f3 al R. Ondarense | R\u00e0dio Litoral<\/title>\n<meta name=\"description\" content=\"El equipo que entrena Dani Franco gan\u00f3 por 1 a 2 en el pabell\u00f3n municipal de Ondara y luchar\u00e1 por ser tercero en la clasificaci\u00f3nEl equipo que entrena Dani Franco gan\u00f3 por 1 a 2 en el pabell\u00f3n municipal de Ondara y luchar\u00e1 por ser tercero en la clasificaci\u00f3n\" \/>\n<meta name=\"robots\" content=\"index, follow, max-snippet:-1, max-image-preview:large, max-video-preview:-1\" \/>\n<link rel=\"canonical\" href=\"https:\/\/radiolitoral.com\/ca\/2025\/05\/el-cfs-dianenc-va-sorprendre-el-rondanc\/\" \/>\n<meta property=\"og:locale\" content=\"ca_ES\" \/>\n<meta property=\"og:type\" content=\"article\" \/>\n<meta property=\"og:title\" content=\"El CFS Dianense sorprendi\u00f3 al R. Ondarense | R\u00e0dio Litoral\" \/>\n<meta property=\"og:description\" content=\"El equipo que entrena Dani Franco gan\u00f3 por 1 a 2 en el pabell\u00f3n municipal de Ondara y luchar\u00e1 por ser tercero en la clasificaci\u00f3nEl equipo que entrena Dani Franco gan\u00f3 por 1 a 2 en el pabell\u00f3n municipal de Ondara y luchar\u00e1 por ser tercero en la clasificaci\u00f3n\" \/>\n<meta property=\"og:url\" content=\"https:\/\/radiolitoral.com\/ca\/2025\/05\/el-cfs-dianenc-va-sorprendre-el-rondanc\/\" \/>\n<meta property=\"og:site_name\" content=\"R\u00e0dio Litoral\" \/>\n<meta property=\"article:publisher\" content=\"https:\/\/www.facebook.com\/Laradiolitoral\/\" \/>\n<meta property=\"article:published_time\" content=\"2025-05-07T08:16:31+00:00\" \/>\n<meta property=\"og:image\" content=\"https:\/\/media.radiolitoral.com\/wp-content\/uploads\/2025\/05\/07101610\/cfs-dianense.jpg\" \/>\n\t<meta property=\"og:image:width\" content=\"1197\" \/>\n\t<meta property=\"og:image:height\" content=\"810\" \/>\n\t<meta property=\"og:image:type\" content=\"image\/jpeg\" \/>\n<meta name=\"author\" content=\"Javier Zamora\" \/>\n<meta name=\"twitter:card\" content=\"summary_large_image\" \/>\n<meta name=\"twitter:label1\" content=\"Escrit per\" \/>\n\t<meta name=\"twitter:data1\" content=\"Javier Zamora\" \/>\n\t<meta name=\"twitter:label2\" content=\"Temps estimat de lectura\" \/>\n\t<meta name=\"twitter:data2\" content=\"2 minuts\" \/>\n<script type=\"application\/ld+json\" class=\"yoast-schema-graph\">{\"@context\":\"https:\\\/\\\/schema.org\",\"@graph\":[{\"@type\":\"NewsArticle\",\"@id\":\"https:\\\/\\\/radiolitoral.com\\\/2025\\\/05\\\/el-cfs-dianense-sorprendio-al-r-ondarense\\\/#article\",\"isPartOf\":{\"@id\":\"https:\\\/\\\/radiolitoral.com\\\/2025\\\/05\\\/el-cfs-dianense-sorprendio-al-r-ondarense\\\/\"},\"author\":{\"name\":\"Javier Zamora\",\"@id\":\"https:\\\/\\\/radiolitoral.com\\\/#\\\/schema\\\/person\\\/7b1480b5caeb5acdd4ec6379caf62b22\"},\"headline\":\"El CFS Dianense sorprendi\u00f3 al R. Ondarense\",\"datePublished\":\"2025-05-07T08:16:31+00:00\",\"mainEntityOfPage\":{\"@id\":\"https:\\\/\\\/radiolitoral.com\\\/2025\\\/05\\\/el-cfs-dianense-sorprendio-al-r-ondarense\\\/\"},\"wordCount\":273,\"commentCount\":0,\"publisher\":{\"@id\":\"https:\\\/\\\/radiolitoral.com\\\/#organization\"},\"image\":{\"@id\":\"https:\\\/\\\/radiolitoral.com\\\/2025\\\/05\\\/el-cfs-dianense-sorprendio-al-r-ondarense\\\/#primaryimage\"},\"thumbnailUrl\":\"https:\\\/\\\/media.radiolitoral.com\\\/wp-content\\\/uploads\\\/2025\\\/05\\\/07101610\\\/cfs-dianense.jpg\",\"keywords\":[\"1\u00aa Regional de F\u00fatbol Sala\",\"CFS Dianense\",\"CFS San Vicente Futsal\",\"deportes\",\"pabell\u00f3n municipal de D\u00e9nia\",\"pabell\u00f3n municipal de Ondara\",\"Racing\u00a0Ondarense\"],\"articleSection\":[\"Deportes\"],\"inLanguage\":\"ca\",\"potentialAction\":[{\"@type\":\"CommentAction\",\"name\":\"Comment\",\"target\":[\"https:\\\/\\\/radiolitoral.com\\\/2025\\\/05\\\/el-cfs-dianense-sorprendio-al-r-ondarense\\\/#respond\"]}]},{\"@type\":[\"WebPage\",\"ItemPage\"],\"@id\":\"https:\\\/\\\/radiolitoral.com\\\/2025\\\/05\\\/el-cfs-dianense-sorprendio-al-r-ondarense\\\/\",\"url\":\"https:\\\/\\\/radiolitoral.com\\\/2025\\\/05\\\/el-cfs-dianense-sorprendio-al-r-ondarense\\\/\",\"name\":\"El CFS Dianense sorprendi\u00f3 al R. Ondarense | R\u00e0dio Litoral\",\"isPartOf\":{\"@id\":\"https:\\\/\\\/radiolitoral.com\\\/#website\"},\"primaryImageOfPage\":{\"@id\":\"https:\\\/\\\/radiolitoral.com\\\/2025\\\/05\\\/el-cfs-dianense-sorprendio-al-r-ondarense\\\/#primaryimage\"},\"image\":{\"@id\":\"https:\\\/\\\/radiolitoral.com\\\/2025\\\/05\\\/el-cfs-dianense-sorprendio-al-r-ondarense\\\/#primaryimage\"},\"thumbnailUrl\":\"https:\\\/\\\/media.radiolitoral.com\\\/wp-content\\\/uploads\\\/2025\\\/05\\\/07101610\\\/cfs-dianense.jpg\",\"datePublished\":\"2025-05-07T08:16:31+00:00\",\"description\":\"El equipo que entrena Dani Franco gan\u00f3 por 1 a 2 en el pabell\u00f3n municipal de Ondara y luchar\u00e1 por ser tercero en la clasificaci\u00f3nEl equipo que entrena Dani Franco gan\u00f3 por 1 a 2 en el pabell\u00f3n municipal de Ondara y luchar\u00e1 por ser tercero en la clasificaci\u00f3n\",\"breadcrumb\":{\"@id\":\"https:\\\/\\\/radiolitoral.com\\\/2025\\\/05\\\/el-cfs-dianense-sorprendio-al-r-ondarense\\\/#breadcrumb\"},\"inLanguage\":\"ca\",\"potentialAction\":[{\"@type\":\"ReadAction\",\"target\":[\"https:\\\/\\\/radiolitoral.com\\\/2025\\\/05\\\/el-cfs-dianense-sorprendio-al-r-ondarense\\\/\"]}]},{\"@type\":\"ImageObject\",\"inLanguage\":\"ca\",\"@id\":\"https:\\\/\\\/radiolitoral.com\\\/2025\\\/05\\\/el-cfs-dianense-sorprendio-al-r-ondarense\\\/#primaryimage\",\"url\":\"https:\\\/\\\/media.radiolitoral.com\\\/wp-content\\\/uploads\\\/2025\\\/05\\\/07101610\\\/cfs-dianense.jpg\",\"contentUrl\":\"https:\\\/\\\/media.radiolitoral.com\\\/wp-content\\\/uploads\\\/2025\\\/05\\\/07101610\\\/cfs-dianense.jpg\",\"width\":1197,\"height\":810},{\"@type\":\"BreadcrumbList\",\"@id\":\"https:\\\/\\\/radiolitoral.com\\\/2025\\\/05\\\/el-cfs-dianense-sorprendio-al-r-ondarense\\\/#breadcrumb\",\"itemListElement\":[{\"@type\":\"ListItem\",\"position\":1,\"name\":\"Portada\",\"item\":\"https:\\\/\\\/radiolitoral.com\\\/\"},{\"@type\":\"ListItem\",\"position\":2,\"name\":\"El CFS Dianense sorprendi\u00f3 al R. Ondarense\"}]},{\"@type\":\"WebSite\",\"@id\":\"https:\\\/\\\/radiolitoral.com\\\/#website\",\"url\":\"https:\\\/\\\/radiolitoral.com\\\/\",\"name\":\"Radio Litoral\",\"description\":\"La radio local de la Marina Alta\",\"publisher\":{\"@id\":\"https:\\\/\\\/radiolitoral.com\\\/#organization\"},\"alternateName\":\"Litoral FM\",\"potentialAction\":[{\"@type\":\"SearchAction\",\"target\":{\"@type\":\"EntryPoint\",\"urlTemplate\":\"https:\\\/\\\/radiolitoral.com\\\/?s={search_term_string}\"},\"query-input\":{\"@type\":\"PropertyValueSpecification\",\"valueRequired\":true,\"valueName\":\"search_term_string\"}}],\"inLanguage\":\"ca\"},{\"@type\":\"Organization\",\"@id\":\"https:\\\/\\\/radiolitoral.com\\\/#organization\",\"name\":\"Radio Litoral\",\"url\":\"https:\\\/\\\/radiolitoral.com\\\/\",\"logo\":{\"@type\":\"ImageObject\",\"inLanguage\":\"ca\",\"@id\":\"https:\\\/\\\/radiolitoral.com\\\/#\\\/schema\\\/logo\\\/image\\\/\",\"url\":\"https:\\\/\\\/media.radiolitoral.com\\\/wp-content\\\/uploads\\\/2023\\\/02\\\/24143238\\\/CL-V-RadioLitoral696.png\",\"contentUrl\":\"https:\\\/\\\/media.radiolitoral.com\\\/wp-content\\\/uploads\\\/2023\\\/02\\\/24143238\\\/CL-V-RadioLitoral696.png\",\"width\":696,\"height\":696,\"caption\":\"Radio Litoral\"},\"image\":{\"@id\":\"https:\\\/\\\/radiolitoral.com\\\/#\\\/schema\\\/logo\\\/image\\\/\"},\"sameAs\":[\"https:\\\/\\\/www.facebook.com\\\/Laradiolitoral\\\/\"]},{\"@type\":\"Person\",\"@id\":\"https:\\\/\\\/radiolitoral.com\\\/#\\\/schema\\\/person\\\/7b1480b5caeb5acdd4ec6379caf62b22\",\"name\":\"Javier Zamora\",\"image\":{\"@type\":\"ImageObject\",\"inLanguage\":\"ca\",\"@id\":\"https:\\\/\\\/secure.gravatar.com\\\/avatar\\\/467a11f6918c7d619c4043fc6fa2d3853053107973f05b6e9c04ea6c4e3a7b3f?s=96&d=mm&r=g\",\"url\":\"https:\\\/\\\/secure.gravatar.com\\\/avatar\\\/467a11f6918c7d619c4043fc6fa2d3853053107973f05b6e9c04ea6c4e3a7b3f?s=96&d=mm&r=g\",\"contentUrl\":\"https:\\\/\\\/secure.gravatar.com\\\/avatar\\\/467a11f6918c7d619c4043fc6fa2d3853053107973f05b6e9c04ea6c4e3a7b3f?s=96&d=mm&r=g\",\"caption\":\"Javier Zamora\"},\"url\":\"https:\\\/\\\/radiolitoral.com\\\/ca\\\/author\\\/javier-zamora\\\/\"}]}<\/script>\n<!-- \/ Yoast SEO plugin. -->","yoast_head_json":{"title":"El CFS Dianense va sorprendre el R. Ondarense | R\u00e0dio Litoral","description":"L&#039;equip que entrena Dani Franco va guanyar per 1 a 2 al pavell\u00f3 municipal d&#039;Ondara i lluitar\u00e0 per ser tercer a la classificaci\u00f3 L&#039;equip que entrena Dani Franco va guanyar per 1 a 2 al pavell\u00f3 municipal d&#039;Ondara i lluitar\u00e0 per ser tercer a la classificaci\u00f3","robots":{"index":"index","follow":"follow","max-snippet":"max-snippet:-1","max-image-preview":"max-image-preview:large","max-video-preview":"max-video-preview:-1"},"canonical":"https:\/\/radiolitoral.com\/ca\/2025\/05\/el-cfs-dianenc-va-sorprendre-el-rondanc\/","og_locale":"ca_ES","og_type":"article","og_title":"El CFS Dianense sorprendi\u00f3 al R. Ondarense | R\u00e0dio Litoral","og_description":"El equipo que entrena Dani Franco gan\u00f3 por 1 a 2 en el pabell\u00f3n municipal de Ondara y luchar\u00e1 por ser tercero en la clasificaci\u00f3nEl equipo que entrena Dani Franco gan\u00f3 por 1 a 2 en el pabell\u00f3n municipal de Ondara y luchar\u00e1 por ser tercero en la clasificaci\u00f3n","og_url":"https:\/\/radiolitoral.com\/ca\/2025\/05\/el-cfs-dianenc-va-sorprendre-el-rondanc\/","og_site_name":"R\u00e0dio Litoral","article_publisher":"https:\/\/www.facebook.com\/Laradiolitoral\/","article_published_time":"2025-05-07T08:16:31+00:00","og_image":[{"width":1197,"height":810,"url":"https:\/\/media.radiolitoral.com\/wp-content\/uploads\/2025\/05\/07101610\/cfs-dianense.jpg","type":"image\/jpeg"}],"author":"Javier Zamora","twitter_card":"summary_large_image","twitter_misc":{"Escrit per":"Javier Zamora","Temps estimat de lectura":"2 minuts"},"schema":{"@context":"https:\/\/schema.org","@graph":[{"@type":"NewsArticle","@id":"https:\/\/radiolitoral.com\/2025\/05\/el-cfs-dianense-sorprendio-al-r-ondarense\/#article","isPartOf":{"@id":"https:\/\/radiolitoral.com\/2025\/05\/el-cfs-dianense-sorprendio-al-r-ondarense\/"},"author":{"name":"Javier Zamora","@id":"https:\/\/radiolitoral.com\/#\/schema\/person\/7b1480b5caeb5acdd4ec6379caf62b22"},"headline":"El CFS Dianense sorprendi\u00f3 al R. Ondarense","datePublished":"2025-05-07T08:16:31+00:00","mainEntityOfPage":{"@id":"https:\/\/radiolitoral.com\/2025\/05\/el-cfs-dianense-sorprendio-al-r-ondarense\/"},"wordCount":273,"commentCount":0,"publisher":{"@id":"https:\/\/radiolitoral.com\/#organization"},"image":{"@id":"https:\/\/radiolitoral.com\/2025\/05\/el-cfs-dianense-sorprendio-al-r-ondarense\/#primaryimage"},"thumbnailUrl":"https:\/\/media.radiolitoral.com\/wp-content\/uploads\/2025\/05\/07101610\/cfs-dianense.jpg","keywords":["1\u00aa Regional de F\u00fatbol Sala","CFS Dianense","CFS San Vicente Futsal","deportes","pabell\u00f3n municipal de D\u00e9nia","pabell\u00f3n municipal de Ondara","Racing\u00a0Ondarense"],"articleSection":["Deportes"],"inLanguage":"ca","potentialAction":[{"@type":"CommentAction","name":"Comment","target":["https:\/\/radiolitoral.com\/2025\/05\/el-cfs-dianense-sorprendio-al-r-ondarense\/#respond"]}]},{"@type":["WebPage","ItemPage"],"@id":"https:\/\/radiolitoral.com\/2025\/05\/el-cfs-dianense-sorprendio-al-r-ondarense\/","url":"https:\/\/radiolitoral.com\/2025\/05\/el-cfs-dianense-sorprendio-al-r-ondarense\/","name":"El CFS Dianense va sorprendre el R. Ondarense | R\u00e0dio Litoral","isPartOf":{"@id":"https:\/\/radiolitoral.com\/#website"},"primaryImageOfPage":{"@id":"https:\/\/radiolitoral.com\/2025\/05\/el-cfs-dianense-sorprendio-al-r-ondarense\/#primaryimage"},"image":{"@id":"https:\/\/radiolitoral.com\/2025\/05\/el-cfs-dianense-sorprendio-al-r-ondarense\/#primaryimage"},"thumbnailUrl":"https:\/\/media.radiolitoral.com\/wp-content\/uploads\/2025\/05\/07101610\/cfs-dianense.jpg","datePublished":"2025-05-07T08:16:31+00:00","description":"L&#039;equip que entrena Dani Franco va guanyar per 1 a 2 al pavell\u00f3 municipal d&#039;Ondara i lluitar\u00e0 per ser tercer a la classificaci\u00f3 L&#039;equip que entrena Dani Franco va guanyar per 1 a 2 al pavell\u00f3 municipal d&#039;Ondara i lluitar\u00e0 per ser tercer a la classificaci\u00f3","breadcrumb":{"@id":"https:\/\/radiolitoral.com\/2025\/05\/el-cfs-dianense-sorprendio-al-r-ondarense\/#breadcrumb"},"inLanguage":"ca","potentialAction":[{"@type":"ReadAction","target":["https:\/\/radiolitoral.com\/2025\/05\/el-cfs-dianense-sorprendio-al-r-ondarense\/"]}]},{"@type":"ImageObject","inLanguage":"ca","@id":"https:\/\/radiolitoral.com\/2025\/05\/el-cfs-dianense-sorprendio-al-r-ondarense\/#primaryimage","url":"https:\/\/media.radiolitoral.com\/wp-content\/uploads\/2025\/05\/07101610\/cfs-dianense.jpg","contentUrl":"https:\/\/media.radiolitoral.com\/wp-content\/uploads\/2025\/05\/07101610\/cfs-dianense.jpg","width":1197,"height":810},{"@type":"BreadcrumbList","@id":"https:\/\/radiolitoral.com\/2025\/05\/el-cfs-dianense-sorprendio-al-r-ondarense\/#breadcrumb","itemListElement":[{"@type":"ListItem","position":1,"name":"Portada","item":"https:\/\/radiolitoral.com\/"},{"@type":"ListItem","position":2,"name":"El CFS Dianense sorprendi\u00f3 al R. Ondarense"}]},{"@type":"WebSite","@id":"https:\/\/radiolitoral.com\/#website","url":"https:\/\/radiolitoral.com\/","name":"R\u00e0dio Litoral","description":"La r\u00e0dio local de la Marina Alta","publisher":{"@id":"https:\/\/radiolitoral.com\/#organization"},"alternateName":"Litoral FM","potentialAction":[{"@type":"SearchAction","target":{"@type":"EntryPoint","urlTemplate":"https:\/\/radiolitoral.com\/?s={search_term_string}"},"query-input":{"@type":"PropertyValueSpecification","valueRequired":true,"valueName":"search_term_string"}}],"inLanguage":"ca"},{"@type":"Organization","@id":"https:\/\/radiolitoral.com\/#organization","name":"R\u00e0dio Litoral","url":"https:\/\/radiolitoral.com\/","logo":{"@type":"ImageObject","inLanguage":"ca","@id":"https:\/\/radiolitoral.com\/#\/schema\/logo\/image\/","url":"https:\/\/media.radiolitoral.com\/wp-content\/uploads\/2023\/02\/24143238\/CL-V-RadioLitoral696.png","contentUrl":"https:\/\/media.radiolitoral.com\/wp-content\/uploads\/2023\/02\/24143238\/CL-V-RadioLitoral696.png","width":696,"height":696,"caption":"Radio Litoral"},"image":{"@id":"https:\/\/radiolitoral.com\/#\/schema\/logo\/image\/"},"sameAs":["https:\/\/www.facebook.com\/Laradiolitoral\/"]},{"@type":"Person","@id":"https:\/\/radiolitoral.com\/#\/schema\/person\/7b1480b5caeb5acdd4ec6379caf62b22","name":"Javier Zamora","image":{"@type":"ImageObject","inLanguage":"ca","@id":"https:\/\/secure.gravatar.com\/avatar\/467a11f6918c7d619c4043fc6fa2d3853053107973f05b6e9c04ea6c4e3a7b3f?s=96&d=mm&r=g","url":"https:\/\/secure.gravatar.com\/avatar\/467a11f6918c7d619c4043fc6fa2d3853053107973f05b6e9c04ea6c4e3a7b3f?s=96&d=mm&r=g","contentUrl":"https:\/\/secure.gravatar.com\/avatar\/467a11f6918c7d619c4043fc6fa2d3853053107973f05b6e9c04ea6c4e3a7b3f?s=96&d=mm&r=g","caption":"Javier Zamora"},"url":"https:\/\/radiolitoral.com\/ca\/author\/javier-zamora\/"}]}},"_links":{"self":[{"href":"https:\/\/radiolitoral.com\/ca\/wp-json\/wp\/v2\/posts\/16580","targetHints":{"allow":["GET"]}}],"collection":[{"href":"https:\/\/radiolitoral.com\/ca\/wp-json\/wp\/v2\/posts"}],"about":[{"href":"https:\/\/radiolitoral.com\/ca\/wp-json\/wp\/v2\/types\/post"}],"author":[{"embeddable":true,"href":"https:\/\/radiolitoral.com\/ca\/wp-json\/wp\/v2\/users\/12"}],"replies":[{"embeddable":true,"href":"https:\/\/radiolitoral.com\/ca\/wp-json\/wp\/v2\/comments?post=16580"}],"version-history":[{"count":2,"href":"https:\/\/radiolitoral.com\/ca\/wp-json\/wp\/v2\/posts\/16580\/revisions"}],"predecessor-version":[{"id":16583,"href":"https:\/\/radiolitoral.com\/ca\/wp-json\/wp\/v2\/posts\/16580\/revisions\/16583"}],"wp:featuredmedia":[{"embeddable":true,"href":"https:\/\/radiolitoral.com\/ca\/wp-json\/wp\/v2\/media\/16581"}],"wp:attachment":[{"href":"https:\/\/radiolitoral.com\/ca\/wp-json\/wp\/v2\/media?parent=16580"}],"wp:term":[{"taxonomy":"category","embeddable":true,"href":"https:\/\/radiolitoral.com\/ca\/wp-json\/wp\/v2\/categories?post=16580"},{"taxonomy":"post_tag","embeddable":true,"href":"https:\/\/radiolitoral.com\/ca\/wp-json\/wp\/v2\/tags?post=16580"}],"curies":[{"name":"wp","href":"https:\/\/api.w.org\/{rel}","templated":true}]}}