{"id":16564,"date":"2025-05-06T10:10:59","date_gmt":"2025-05-06T08:10:59","guid":{"rendered":"https:\/\/radiolitoral.com\/?p=16564"},"modified":"2025-05-06T10:10:59","modified_gmt":"2025-05-06T08:10:59","slug":"triomfs-per-a-planells-i-abat-en-pego","status":"publish","type":"post","link":"https:\/\/radiolitoral.com\/ca\/2025\/05\/triunfos-para-planells-y-abad-en-pego\/","title":{"rendered":"Triomfs per a Planells i Abad a Pego"},"content":{"rendered":"<p>Pego va acollir m\u00e9s d&#039;un miler d&#039;atletes que van participar a la <strong>XLI Volta a Peu<\/strong>, prova que va tenir un atractiu recorregut. El primer atleta que va creuar l?arc de meta va ser <strong>Dani Planells<\/strong> del CA Santa Eulp\u00e0ria amb un temps de <strong>33:17<\/strong> la seva mitjana per quil\u00f2metre va ser de 3.20.<\/p>\n<p>El segon classificat absolut va ser <strong>David Moruno<\/strong> de la SD Correcaminos que va aturar el rellotge en 33.32. El tercer en arribar va ser <strong>Moha Rida<\/strong> del CE Llebeig X\u00e0bia amb una marca de 33.52.<\/p>\n<p>En dones va arribar al primer lloc, <strong>Andrea Abad<\/strong>, del CA Publidom va creuar la l\u00ednia de meta amb un registre de <strong>37:46<\/strong>. La segona classificada va ser <strong>Cristina Rosell\u00f3<\/strong> del mateix equip amb una marca de 40.31. Al tercer lloc va entrar <strong>Curi Moya<\/strong> del CA Publidom amb un temps de 42:12.<\/p>\n<figure id=\"attachment_16566\" aria-describedby=\"caption-attachment-16566\" style=\"width: 2048px\" class=\"wp-caption alignnone\"><img loading=\"lazy\" decoding=\"async\" class=\"wp-image-16566 size-full\" src=\"https:\/\/media.radiolitoral.com\/wp-content\/uploads\/2025\/05\/06101017\/ANDRA-ABAD-VENCEDORA-ABSULUTA-FEM.jpg\" alt=\"\" width=\"2048\" height=\"1365\" srcset=\"https:\/\/media.radiolitoral.com\/wp-content\/uploads\/2025\/05\/06101017\/ANDRA-ABAD-VENCEDORA-ABSULUTA-FEM.jpg 2048w, https:\/\/media.radiolitoral.com\/wp-content\/uploads\/2025\/05\/06101017\/ANDRA-ABAD-VENCEDORA-ABSULUTA-FEM-300x200.jpg 300w, https:\/\/media.radiolitoral.com\/wp-content\/uploads\/2025\/05\/06101017\/ANDRA-ABAD-VENCEDORA-ABSULUTA-FEM-1024x683.jpg 1024w, https:\/\/media.radiolitoral.com\/wp-content\/uploads\/2025\/05\/06101017\/ANDRA-ABAD-VENCEDORA-ABSULUTA-FEM-768x512.jpg 768w, https:\/\/media.radiolitoral.com\/wp-content\/uploads\/2025\/05\/06101017\/ANDRA-ABAD-VENCEDORA-ABSULUTA-FEM-1536x1024.jpg 1536w, https:\/\/media.radiolitoral.com\/wp-content\/uploads\/2025\/05\/06101017\/ANDRA-ABAD-VENCEDORA-ABSULUTA-FEM-18x12.jpg 18w, https:\/\/media.radiolitoral.com\/wp-content\/uploads\/2025\/05\/06101017\/ANDRA-ABAD-VENCEDORA-ABSULUTA-FEM-1000x667.jpg 1000w, https:\/\/media.radiolitoral.com\/wp-content\/uploads\/2025\/05\/06101017\/ANDRA-ABAD-VENCEDORA-ABSULUTA-FEM-100x67.jpg 100w, https:\/\/media.radiolitoral.com\/wp-content\/uploads\/2025\/05\/06101017\/ANDRA-ABAD-VENCEDORA-ABSULUTA-FEM-200x133.jpg 200w\" sizes=\"auto, (max-width: 2048px) 100vw, 2048px\" \/><figcaption id=\"caption-attachment-16566\" class=\"wp-caption-text\">Andrea Abad a meta | Kike Aracil<\/figcaption><\/figure>\n<p>Cal destacar que molts ve\u00efns es van fer fora al carrer per donar el m\u00e0xim suport a tots els participants. L&#039;organitzaci\u00f3 del <strong>CA Dorsal 19<\/strong> va ser perfecta cuidant en tot moment els atletes que una vegada conclosa la carrera van comptar amb un magn\u00edfic avituallament.<\/p>\n<p>El <strong>Circuit a Peu Marina Alta<\/strong> s&#039;encamina a la recta final, la propera cita per als atletes \u00e9s aquest dissabte a les 19 hores amb la disputa de la <strong>XXXII Cursa Popular a Pedreguer<\/strong>, desena puntuable en aquesta edici\u00f3.<\/p>\n<p><script src=\"chrome-extension:\/\/flbolonkboilcbnohjlchlfgdalomdpl\/iFrame.js\" type=\"text\/javascript\"><\/script><\/p>","protected":false},"excerpt":{"rendered":"<p>Pego acogi\u00f3 a m\u00e1s de un millar de atletas que participaron en la XLI Volta a Peu, prueba que tuvo un atractivo recorrido. El primer atleta que cruz\u00f3 el arco de meta fue Dani Planells del CA Santa Eulp\u00e0ria con un tiempo de 33:17 su media por kil\u00f3metro fue de 3:20. El segundo clasificado absoluto [&#8230;]<\/p>\n<p><a class=\"btn btn-secondary understrap-read-more-link\" href=\"https:\/\/radiolitoral.com\/ca\/2025\/05\/triunfos-para-planells-y-abad-en-pego\/\">Continua llegint&#8230;<span class=\"screen-reader-text\"> from Triunfos para Planells y Abad en Pego<\/span><\/a><\/p>\n","protected":false},"author":12,"featured_media":16565,"comment_status":"open","ping_status":"closed","sticky":false,"template":"","format":"standard","meta":{"_acf_changed":false,"inline_featured_image":false,"footnotes":""},"categories":[5],"tags":[1261,4244,922,1045,4264,1313,4263,6,1039,4262,4265],"class_list":["post-16564","post","type-post","status-publish","format-standard","has-post-thumbnail","hentry","category-deportes","tag-andrea-abad","tag-ca-dorsal-19","tag-circuit-a-peu-marina-alta","tag-cristina-rosello","tag-curi-moya","tag-dani-planells","tag-david-moruno","tag-deportes","tag-moha-rida","tag-xli-volta-a-peu-a-pego","tag-xxxii-cursa-popular-a-pedreguer","cobertura-pego"],"acf":[],"yoast_head":"<!-- This site is optimized with the Yoast SEO plugin v27.5 - https:\/\/yoast.com\/product\/yoast-seo-wordpress\/ -->\n<title>Triunfos para Planells y Abad en Pego | R\u00e0dio Litoral<\/title>\n<meta name=\"description\" content=\"La XLI Volta a Peu cont\u00f3 con una magnifica organizaci\u00f3n del CA Dorsal 19 y llen\u00f3 de fiesta las calles del municipio La XLI Volta a Peu cont\u00f3 con una magnifica organizaci\u00f3n del CA Dorsal 19 y llen\u00f3 de fiesta las calles del municipio\" \/>\n<meta name=\"robots\" content=\"index, follow, max-snippet:-1, max-image-preview:large, max-video-preview:-1\" \/>\n<link rel=\"canonical\" href=\"https:\/\/radiolitoral.com\/ca\/2025\/05\/triomfs-per-a-planells-i-abat-en-pego\/\" \/>\n<meta property=\"og:locale\" content=\"ca_ES\" \/>\n<meta property=\"og:type\" content=\"article\" \/>\n<meta property=\"og:title\" content=\"Triunfos para Planells y Abad en Pego | R\u00e0dio Litoral\" \/>\n<meta property=\"og:description\" content=\"La XLI Volta a Peu cont\u00f3 con una magnifica organizaci\u00f3n del CA Dorsal 19 y llen\u00f3 de fiesta las calles del municipio La XLI Volta a Peu cont\u00f3 con una magnifica organizaci\u00f3n del CA Dorsal 19 y llen\u00f3 de fiesta las calles del municipio\" \/>\n<meta property=\"og:url\" content=\"https:\/\/radiolitoral.com\/ca\/2025\/05\/triomfs-per-a-planells-i-abat-en-pego\/\" \/>\n<meta property=\"og:site_name\" content=\"R\u00e0dio Litoral\" \/>\n<meta property=\"article:publisher\" content=\"https:\/\/www.facebook.com\/Laradiolitoral\/\" \/>\n<meta property=\"article:published_time\" content=\"2025-05-06T08:10:59+00:00\" \/>\n<meta property=\"og:image\" content=\"https:\/\/media.radiolitoral.com\/wp-content\/uploads\/2025\/05\/06100700\/DANI-PLANELLS-VENCEDOR-ABSULUT-MASC-1024x683.jpg\" \/>\n\t<meta property=\"og:image:width\" content=\"1024\" \/>\n\t<meta property=\"og:image:height\" content=\"683\" \/>\n\t<meta property=\"og:image:type\" content=\"image\/jpeg\" \/>\n<meta name=\"author\" content=\"Javier Zamora\" \/>\n<meta name=\"twitter:card\" content=\"summary_large_image\" \/>\n<meta name=\"twitter:label1\" content=\"Escrit per\" \/>\n\t<meta name=\"twitter:data1\" content=\"Javier Zamora\" \/>\n\t<meta name=\"twitter:label2\" content=\"Temps estimat de lectura\" \/>\n\t<meta name=\"twitter:data2\" content=\"2 minuts\" \/>\n<script type=\"application\/ld+json\" class=\"yoast-schema-graph\">{\"@context\":\"https:\\\/\\\/schema.org\",\"@graph\":[{\"@type\":\"NewsArticle\",\"@id\":\"https:\\\/\\\/radiolitoral.com\\\/2025\\\/05\\\/triunfos-para-planells-y-abad-en-pego\\\/#article\",\"isPartOf\":{\"@id\":\"https:\\\/\\\/radiolitoral.com\\\/2025\\\/05\\\/triunfos-para-planells-y-abad-en-pego\\\/\"},\"author\":{\"name\":\"Javier Zamora\",\"@id\":\"https:\\\/\\\/radiolitoral.com\\\/#\\\/schema\\\/person\\\/7b1480b5caeb5acdd4ec6379caf62b22\"},\"headline\":\"Triunfos para Planells y Abad en Pego\",\"datePublished\":\"2025-05-06T08:10:59+00:00\",\"mainEntityOfPage\":{\"@id\":\"https:\\\/\\\/radiolitoral.com\\\/2025\\\/05\\\/triunfos-para-planells-y-abad-en-pego\\\/\"},\"wordCount\":240,\"commentCount\":0,\"publisher\":{\"@id\":\"https:\\\/\\\/radiolitoral.com\\\/#organization\"},\"image\":{\"@id\":\"https:\\\/\\\/radiolitoral.com\\\/2025\\\/05\\\/triunfos-para-planells-y-abad-en-pego\\\/#primaryimage\"},\"thumbnailUrl\":\"https:\\\/\\\/media.radiolitoral.com\\\/wp-content\\\/uploads\\\/2025\\\/05\\\/06100700\\\/DANI-PLANELLS-VENCEDOR-ABSULUT-MASC.jpg\",\"keywords\":[\"Andrea Abad\",\"CA Dorsal 19\",\"Circuit a Peu Marina Alta\",\"Cristina Rosell\u00f3\",\"Curi Moya\",\"Dani Planells\",\"David Moruno\",\"deportes\",\"Moha Rida\",\"XLI Volta a Peu a Pego\",\"XXXII Cursa Popular a Pedreguer\"],\"articleSection\":[\"Deportes\"],\"inLanguage\":\"ca\",\"potentialAction\":[{\"@type\":\"CommentAction\",\"name\":\"Comment\",\"target\":[\"https:\\\/\\\/radiolitoral.com\\\/2025\\\/05\\\/triunfos-para-planells-y-abad-en-pego\\\/#respond\"]}]},{\"@type\":[\"WebPage\",\"ItemPage\"],\"@id\":\"https:\\\/\\\/radiolitoral.com\\\/2025\\\/05\\\/triunfos-para-planells-y-abad-en-pego\\\/\",\"url\":\"https:\\\/\\\/radiolitoral.com\\\/2025\\\/05\\\/triunfos-para-planells-y-abad-en-pego\\\/\",\"name\":\"Triunfos para Planells y Abad en Pego | R\u00e0dio Litoral\",\"isPartOf\":{\"@id\":\"https:\\\/\\\/radiolitoral.com\\\/#website\"},\"primaryImageOfPage\":{\"@id\":\"https:\\\/\\\/radiolitoral.com\\\/2025\\\/05\\\/triunfos-para-planells-y-abad-en-pego\\\/#primaryimage\"},\"image\":{\"@id\":\"https:\\\/\\\/radiolitoral.com\\\/2025\\\/05\\\/triunfos-para-planells-y-abad-en-pego\\\/#primaryimage\"},\"thumbnailUrl\":\"https:\\\/\\\/media.radiolitoral.com\\\/wp-content\\\/uploads\\\/2025\\\/05\\\/06100700\\\/DANI-PLANELLS-VENCEDOR-ABSULUT-MASC.jpg\",\"datePublished\":\"2025-05-06T08:10:59+00:00\",\"description\":\"La XLI Volta a Peu cont\u00f3 con una magnifica organizaci\u00f3n del CA Dorsal 19 y llen\u00f3 de fiesta las calles del municipio La XLI Volta a Peu cont\u00f3 con una magnifica organizaci\u00f3n del CA Dorsal 19 y llen\u00f3 de fiesta las calles del municipio\",\"breadcrumb\":{\"@id\":\"https:\\\/\\\/radiolitoral.com\\\/2025\\\/05\\\/triunfos-para-planells-y-abad-en-pego\\\/#breadcrumb\"},\"inLanguage\":\"ca\",\"potentialAction\":[{\"@type\":\"ReadAction\",\"target\":[\"https:\\\/\\\/radiolitoral.com\\\/2025\\\/05\\\/triunfos-para-planells-y-abad-en-pego\\\/\"]}]},{\"@type\":\"ImageObject\",\"inLanguage\":\"ca\",\"@id\":\"https:\\\/\\\/radiolitoral.com\\\/2025\\\/05\\\/triunfos-para-planells-y-abad-en-pego\\\/#primaryimage\",\"url\":\"https:\\\/\\\/media.radiolitoral.com\\\/wp-content\\\/uploads\\\/2025\\\/05\\\/06100700\\\/DANI-PLANELLS-VENCEDOR-ABSULUT-MASC.jpg\",\"contentUrl\":\"https:\\\/\\\/media.radiolitoral.com\\\/wp-content\\\/uploads\\\/2025\\\/05\\\/06100700\\\/DANI-PLANELLS-VENCEDOR-ABSULUT-MASC.jpg\",\"width\":2048,\"height\":1365},{\"@type\":\"BreadcrumbList\",\"@id\":\"https:\\\/\\\/radiolitoral.com\\\/2025\\\/05\\\/triunfos-para-planells-y-abad-en-pego\\\/#breadcrumb\",\"itemListElement\":[{\"@type\":\"ListItem\",\"position\":1,\"name\":\"Portada\",\"item\":\"https:\\\/\\\/radiolitoral.com\\\/\"},{\"@type\":\"ListItem\",\"position\":2,\"name\":\"Triunfos para Planells y Abad en Pego\"}]},{\"@type\":\"WebSite\",\"@id\":\"https:\\\/\\\/radiolitoral.com\\\/#website\",\"url\":\"https:\\\/\\\/radiolitoral.com\\\/\",\"name\":\"Radio Litoral\",\"description\":\"La radio local de la Marina Alta\",\"publisher\":{\"@id\":\"https:\\\/\\\/radiolitoral.com\\\/#organization\"},\"alternateName\":\"Litoral FM\",\"potentialAction\":[{\"@type\":\"SearchAction\",\"target\":{\"@type\":\"EntryPoint\",\"urlTemplate\":\"https:\\\/\\\/radiolitoral.com\\\/?s={search_term_string}\"},\"query-input\":{\"@type\":\"PropertyValueSpecification\",\"valueRequired\":true,\"valueName\":\"search_term_string\"}}],\"inLanguage\":\"ca\"},{\"@type\":\"Organization\",\"@id\":\"https:\\\/\\\/radiolitoral.com\\\/#organization\",\"name\":\"Radio Litoral\",\"url\":\"https:\\\/\\\/radiolitoral.com\\\/\",\"logo\":{\"@type\":\"ImageObject\",\"inLanguage\":\"ca\",\"@id\":\"https:\\\/\\\/radiolitoral.com\\\/#\\\/schema\\\/logo\\\/image\\\/\",\"url\":\"https:\\\/\\\/media.radiolitoral.com\\\/wp-content\\\/uploads\\\/2023\\\/02\\\/24143238\\\/CL-V-RadioLitoral696.png\",\"contentUrl\":\"https:\\\/\\\/media.radiolitoral.com\\\/wp-content\\\/uploads\\\/2023\\\/02\\\/24143238\\\/CL-V-RadioLitoral696.png\",\"width\":696,\"height\":696,\"caption\":\"Radio Litoral\"},\"image\":{\"@id\":\"https:\\\/\\\/radiolitoral.com\\\/#\\\/schema\\\/logo\\\/image\\\/\"},\"sameAs\":[\"https:\\\/\\\/www.facebook.com\\\/Laradiolitoral\\\/\"]},{\"@type\":\"Person\",\"@id\":\"https:\\\/\\\/radiolitoral.com\\\/#\\\/schema\\\/person\\\/7b1480b5caeb5acdd4ec6379caf62b22\",\"name\":\"Javier Zamora\",\"image\":{\"@type\":\"ImageObject\",\"inLanguage\":\"ca\",\"@id\":\"https:\\\/\\\/secure.gravatar.com\\\/avatar\\\/467a11f6918c7d619c4043fc6fa2d3853053107973f05b6e9c04ea6c4e3a7b3f?s=96&d=mm&r=g\",\"url\":\"https:\\\/\\\/secure.gravatar.com\\\/avatar\\\/467a11f6918c7d619c4043fc6fa2d3853053107973f05b6e9c04ea6c4e3a7b3f?s=96&d=mm&r=g\",\"contentUrl\":\"https:\\\/\\\/secure.gravatar.com\\\/avatar\\\/467a11f6918c7d619c4043fc6fa2d3853053107973f05b6e9c04ea6c4e3a7b3f?s=96&d=mm&r=g\",\"caption\":\"Javier Zamora\"},\"url\":\"https:\\\/\\\/radiolitoral.com\\\/ca\\\/author\\\/javier-zamora\\\/\"}]}<\/script>\n<!-- \/ Yoast SEO plugin. -->","yoast_head_json":{"title":"Triomfs per a Planells i Abad a Pego | R\u00e0dio Litoral","description":"La XLI Volta a Peu va comptar amb una magn\u00edfica organitzaci\u00f3 del CA Dorsal 19 i va omplir de festa els carrers del municipi La XLI Volta a Peu va comptar amb una magnifica organitzaci\u00f3 del CA Dorsal 19 i va omplir de festa els carrers del municipi","robots":{"index":"index","follow":"follow","max-snippet":"max-snippet:-1","max-image-preview":"max-image-preview:large","max-video-preview":"max-video-preview:-1"},"canonical":"https:\/\/radiolitoral.com\/ca\/2025\/05\/triomfs-per-a-planells-i-abat-en-pego\/","og_locale":"ca_ES","og_type":"article","og_title":"Triunfos para Planells y Abad en Pego | R\u00e0dio Litoral","og_description":"La XLI Volta a Peu cont\u00f3 con una magnifica organizaci\u00f3n del CA Dorsal 19 y llen\u00f3 de fiesta las calles del municipio La XLI Volta a Peu cont\u00f3 con una magnifica organizaci\u00f3n del CA Dorsal 19 y llen\u00f3 de fiesta las calles del municipio","og_url":"https:\/\/radiolitoral.com\/ca\/2025\/05\/triomfs-per-a-planells-i-abat-en-pego\/","og_site_name":"R\u00e0dio Litoral","article_publisher":"https:\/\/www.facebook.com\/Laradiolitoral\/","article_published_time":"2025-05-06T08:10:59+00:00","og_image":[{"width":1024,"height":683,"url":"https:\/\/media.radiolitoral.com\/wp-content\/uploads\/2025\/05\/06100700\/DANI-PLANELLS-VENCEDOR-ABSULUT-MASC-1024x683.jpg","type":"image\/jpeg"}],"author":"Javier Zamora","twitter_card":"summary_large_image","twitter_misc":{"Escrit per":"Javier Zamora","Temps estimat de lectura":"2 minuts"},"schema":{"@context":"https:\/\/schema.org","@graph":[{"@type":"NewsArticle","@id":"https:\/\/radiolitoral.com\/2025\/05\/triunfos-para-planells-y-abad-en-pego\/#article","isPartOf":{"@id":"https:\/\/radiolitoral.com\/2025\/05\/triunfos-para-planells-y-abad-en-pego\/"},"author":{"name":"Javier Zamora","@id":"https:\/\/radiolitoral.com\/#\/schema\/person\/7b1480b5caeb5acdd4ec6379caf62b22"},"headline":"Triunfos para Planells y Abad en Pego","datePublished":"2025-05-06T08:10:59+00:00","mainEntityOfPage":{"@id":"https:\/\/radiolitoral.com\/2025\/05\/triunfos-para-planells-y-abad-en-pego\/"},"wordCount":240,"commentCount":0,"publisher":{"@id":"https:\/\/radiolitoral.com\/#organization"},"image":{"@id":"https:\/\/radiolitoral.com\/2025\/05\/triunfos-para-planells-y-abad-en-pego\/#primaryimage"},"thumbnailUrl":"https:\/\/media.radiolitoral.com\/wp-content\/uploads\/2025\/05\/06100700\/DANI-PLANELLS-VENCEDOR-ABSULUT-MASC.jpg","keywords":["Andrea Abad","CA Dorsal 19","Circuit a Peu Marina Alta","Cristina Rosell\u00f3","Curi Moya","Dani Planells","David Moruno","deportes","Moha Rida","XLI Volta a Peu a Pego","XXXII Cursa Popular a Pedreguer"],"articleSection":["Deportes"],"inLanguage":"ca","potentialAction":[{"@type":"CommentAction","name":"Comment","target":["https:\/\/radiolitoral.com\/2025\/05\/triunfos-para-planells-y-abad-en-pego\/#respond"]}]},{"@type":["WebPage","ItemPage"],"@id":"https:\/\/radiolitoral.com\/2025\/05\/triunfos-para-planells-y-abad-en-pego\/","url":"https:\/\/radiolitoral.com\/2025\/05\/triunfos-para-planells-y-abad-en-pego\/","name":"Triomfs per a Planells i Abad a Pego | R\u00e0dio Litoral","isPartOf":{"@id":"https:\/\/radiolitoral.com\/#website"},"primaryImageOfPage":{"@id":"https:\/\/radiolitoral.com\/2025\/05\/triunfos-para-planells-y-abad-en-pego\/#primaryimage"},"image":{"@id":"https:\/\/radiolitoral.com\/2025\/05\/triunfos-para-planells-y-abad-en-pego\/#primaryimage"},"thumbnailUrl":"https:\/\/media.radiolitoral.com\/wp-content\/uploads\/2025\/05\/06100700\/DANI-PLANELLS-VENCEDOR-ABSULUT-MASC.jpg","datePublished":"2025-05-06T08:10:59+00:00","description":"La XLI Volta a Peu va comptar amb una magn\u00edfica organitzaci\u00f3 del CA Dorsal 19 i va omplir de festa els carrers del municipi La XLI Volta a Peu va comptar amb una magnifica organitzaci\u00f3 del CA Dorsal 19 i va omplir de festa els carrers del municipi","breadcrumb":{"@id":"https:\/\/radiolitoral.com\/2025\/05\/triunfos-para-planells-y-abad-en-pego\/#breadcrumb"},"inLanguage":"ca","potentialAction":[{"@type":"ReadAction","target":["https:\/\/radiolitoral.com\/2025\/05\/triunfos-para-planells-y-abad-en-pego\/"]}]},{"@type":"ImageObject","inLanguage":"ca","@id":"https:\/\/radiolitoral.com\/2025\/05\/triunfos-para-planells-y-abad-en-pego\/#primaryimage","url":"https:\/\/media.radiolitoral.com\/wp-content\/uploads\/2025\/05\/06100700\/DANI-PLANELLS-VENCEDOR-ABSULUT-MASC.jpg","contentUrl":"https:\/\/media.radiolitoral.com\/wp-content\/uploads\/2025\/05\/06100700\/DANI-PLANELLS-VENCEDOR-ABSULUT-MASC.jpg","width":2048,"height":1365},{"@type":"BreadcrumbList","@id":"https:\/\/radiolitoral.com\/2025\/05\/triunfos-para-planells-y-abad-en-pego\/#breadcrumb","itemListElement":[{"@type":"ListItem","position":1,"name":"Portada","item":"https:\/\/radiolitoral.com\/"},{"@type":"ListItem","position":2,"name":"Triunfos para Planells y Abad en Pego"}]},{"@type":"WebSite","@id":"https:\/\/radiolitoral.com\/#website","url":"https:\/\/radiolitoral.com\/","name":"R\u00e0dio Litoral","description":"La r\u00e0dio local de la Marina Alta","publisher":{"@id":"https:\/\/radiolitoral.com\/#organization"},"alternateName":"Litoral FM","potentialAction":[{"@type":"SearchAction","target":{"@type":"EntryPoint","urlTemplate":"https:\/\/radiolitoral.com\/?s={search_term_string}"},"query-input":{"@type":"PropertyValueSpecification","valueRequired":true,"valueName":"search_term_string"}}],"inLanguage":"ca"},{"@type":"Organization","@id":"https:\/\/radiolitoral.com\/#organization","name":"R\u00e0dio Litoral","url":"https:\/\/radiolitoral.com\/","logo":{"@type":"ImageObject","inLanguage":"ca","@id":"https:\/\/radiolitoral.com\/#\/schema\/logo\/image\/","url":"https:\/\/media.radiolitoral.com\/wp-content\/uploads\/2023\/02\/24143238\/CL-V-RadioLitoral696.png","contentUrl":"https:\/\/media.radiolitoral.com\/wp-content\/uploads\/2023\/02\/24143238\/CL-V-RadioLitoral696.png","width":696,"height":696,"caption":"Radio Litoral"},"image":{"@id":"https:\/\/radiolitoral.com\/#\/schema\/logo\/image\/"},"sameAs":["https:\/\/www.facebook.com\/Laradiolitoral\/"]},{"@type":"Person","@id":"https:\/\/radiolitoral.com\/#\/schema\/person\/7b1480b5caeb5acdd4ec6379caf62b22","name":"Javier Zamora","image":{"@type":"ImageObject","inLanguage":"ca","@id":"https:\/\/secure.gravatar.com\/avatar\/467a11f6918c7d619c4043fc6fa2d3853053107973f05b6e9c04ea6c4e3a7b3f?s=96&d=mm&r=g","url":"https:\/\/secure.gravatar.com\/avatar\/467a11f6918c7d619c4043fc6fa2d3853053107973f05b6e9c04ea6c4e3a7b3f?s=96&d=mm&r=g","contentUrl":"https:\/\/secure.gravatar.com\/avatar\/467a11f6918c7d619c4043fc6fa2d3853053107973f05b6e9c04ea6c4e3a7b3f?s=96&d=mm&r=g","caption":"Javier Zamora"},"url":"https:\/\/radiolitoral.com\/ca\/author\/javier-zamora\/"}]}},"_links":{"self":[{"href":"https:\/\/radiolitoral.com\/ca\/wp-json\/wp\/v2\/posts\/16564","targetHints":{"allow":["GET"]}}],"collection":[{"href":"https:\/\/radiolitoral.com\/ca\/wp-json\/wp\/v2\/posts"}],"about":[{"href":"https:\/\/radiolitoral.com\/ca\/wp-json\/wp\/v2\/types\/post"}],"author":[{"embeddable":true,"href":"https:\/\/radiolitoral.com\/ca\/wp-json\/wp\/v2\/users\/12"}],"replies":[{"embeddable":true,"href":"https:\/\/radiolitoral.com\/ca\/wp-json\/wp\/v2\/comments?post=16564"}],"version-history":[{"count":2,"href":"https:\/\/radiolitoral.com\/ca\/wp-json\/wp\/v2\/posts\/16564\/revisions"}],"predecessor-version":[{"id":16568,"href":"https:\/\/radiolitoral.com\/ca\/wp-json\/wp\/v2\/posts\/16564\/revisions\/16568"}],"wp:featuredmedia":[{"embeddable":true,"href":"https:\/\/radiolitoral.com\/ca\/wp-json\/wp\/v2\/media\/16565"}],"wp:attachment":[{"href":"https:\/\/radiolitoral.com\/ca\/wp-json\/wp\/v2\/media?parent=16564"}],"wp:term":[{"taxonomy":"category","embeddable":true,"href":"https:\/\/radiolitoral.com\/ca\/wp-json\/wp\/v2\/categories?post=16564"},{"taxonomy":"post_tag","embeddable":true,"href":"https:\/\/radiolitoral.com\/ca\/wp-json\/wp\/v2\/tags?post=16564"}],"curies":[{"name":"wp","href":"https:\/\/api.w.org\/{rel}","templated":true}]}}