{"id":16557,"date":"2025-05-06T09:29:05","date_gmt":"2025-05-06T07:29:05","guid":{"rendered":"https:\/\/radiolitoral.com\/?p=16557"},"modified":"2025-05-06T09:31:39","modified_gmt":"2025-05-06T07:31:39","slug":"benitatxell-festes-rosa-alcalde-un-dia","status":"publish","type":"post","link":"https:\/\/radiolitoral.com\/ca\/2025\/05\/benitatxell-fiestas-rosa-alcalde-un-dia\/","title":{"rendered":"Benitatxell es prepara pel seu dia m\u00e9s festiu amb barrets de palla i espardenyes"},"content":{"rendered":"<p class=\"\" data-start=\"241\" data-end=\"552\">El <strong>Poble Nou de Benitatxell<\/strong> ha iniciat una setmana carregada d&#039;actes festius i tradicions, amb motiu de la celebraci\u00f3 anual de<strong> Sant Pancra\u00e7 a les Festes de la Rosa<\/strong>. Com \u00e9s habitual en aquesta data, han estat nomenats <strong>alcaldes per un dia<\/strong> dos ve\u00efns del poble, que aquest any s\u00f3n <strong>M\u00f2nica Pascual<\/strong> i <strong>Jos\u00e9 Juan Soler<\/strong>.<\/p>\n<p class=\"\" data-start=\"554\" data-end=\"1013\">Des del balc\u00f3 de l&#039;Ajuntament van anunciar dilluns passat la seva primera ordre oficial per a la jornada festiva del proper dissabte 10 de maig. Segons aquest decret de batlia, tots els ve\u00efns hauran de portar un <strong data-start=\"762\" data-end=\"782\">barret de palla<\/strong> decorat amb elements representatius locals, com poden ser faves o un p\u00e0mpol, aix\u00ed com unes <strong data-start=\"881\" data-end=\"909\">cranqueres o escarpins<\/strong>. Segons van explicar els alcaldes, l&#039;objectiu d&#039;aquesta indument\u00e0ria especial \u00e9s \u201chonrar les nostres cales\u201d.<\/p>\n<p data-start=\"554\" data-end=\"1013\"><a href=\"https:\/\/media.radiolitoral.com\/wp-content\/uploads\/2025\/05\/06092811\/IMG_4820-scaled.jpg\"><img loading=\"lazy\" decoding=\"async\" class=\"size-full wp-image-16560 aligncenter\" src=\"https:\/\/media.radiolitoral.com\/wp-content\/uploads\/2025\/05\/06092811\/IMG_4820-scaled.jpg\" alt=\"\" width=\"2560\" height=\"1920\" srcset=\"https:\/\/media.radiolitoral.com\/wp-content\/uploads\/2025\/05\/06092811\/IMG_4820-scaled.jpg 2560w, https:\/\/media.radiolitoral.com\/wp-content\/uploads\/2025\/05\/06092811\/IMG_4820-300x225.jpg 300w, https:\/\/media.radiolitoral.com\/wp-content\/uploads\/2025\/05\/06092811\/IMG_4820-1024x768.jpg 1024w, https:\/\/media.radiolitoral.com\/wp-content\/uploads\/2025\/05\/06092811\/IMG_4820-768x576.jpg 768w, https:\/\/media.radiolitoral.com\/wp-content\/uploads\/2025\/05\/06092811\/IMG_4820-1536x1152.jpg 1536w, https:\/\/media.radiolitoral.com\/wp-content\/uploads\/2025\/05\/06092811\/IMG_4820-2048x1536.jpg 2048w, https:\/\/media.radiolitoral.com\/wp-content\/uploads\/2025\/05\/06092811\/IMG_4820-16x12.jpg 16w, https:\/\/media.radiolitoral.com\/wp-content\/uploads\/2025\/05\/06092811\/IMG_4820-1000x750.jpg 1000w, https:\/\/media.radiolitoral.com\/wp-content\/uploads\/2025\/05\/06092811\/IMG_4820-100x75.jpg 100w, https:\/\/media.radiolitoral.com\/wp-content\/uploads\/2025\/05\/06092811\/IMG_4820-200x150.jpg 200w\" sizes=\"auto, (max-width: 2560px) 100vw, 2560px\" \/><\/a><\/p>\n<h3 data-start=\"1015\" data-end=\"1044\"><strong data-start=\"1015\" data-end=\"1044\">Festa i devoci\u00f3 popular<\/strong><\/h3>\n<p class=\"\" data-start=\"1046\" data-end=\"1545\">Les activitats pr\u00e8vies al dia gran van comen\u00e7ar aquest cap de setmana amb una gran aflu\u00e8ncia de p\u00fablic en diferents actes. Va destacar l&#039;ofrena floral a <strong>la Verge de la Rosa<\/strong>, un acte tradicional que va congregar desenes de poblers i pobleres de totes les edats, que van acudir a l&#039;Esgl\u00e9sia acompanyats per la m\u00fasica de la Banda municipal i la Colla La Llebetj\u00e0. Durant la mateixa jornada, el Grup de Danses Morro Falqu\u00ed va realitzar diverses mostres de balls tradicionals a punts clau del municipi.<\/p>\n<p class=\"\" data-start=\"1547\" data-end=\"1732\">A la nit, ve\u00efns i visitants van gaudir del ball a l&#039;avinguda de Val\u00e8ncia al ritme de l&#039;orquestra Tokyo Band, posant un colof\u00f3 musical a una intensa jornada de celebracions.<\/p>\n<p data-start=\"1547\" data-end=\"1732\"><a href=\"https:\/\/media.radiolitoral.com\/wp-content\/uploads\/2025\/05\/06092759\/IMG_4776-scaled.jpg\"><img loading=\"lazy\" decoding=\"async\" class=\"size-full wp-image-16558 aligncenter\" src=\"https:\/\/media.radiolitoral.com\/wp-content\/uploads\/2025\/05\/06092759\/IMG_4776-scaled.jpg\" alt=\"\" width=\"2560\" height=\"1920\" srcset=\"https:\/\/media.radiolitoral.com\/wp-content\/uploads\/2025\/05\/06092759\/IMG_4776-scaled.jpg 2560w, https:\/\/media.radiolitoral.com\/wp-content\/uploads\/2025\/05\/06092759\/IMG_4776-300x225.jpg 300w, https:\/\/media.radiolitoral.com\/wp-content\/uploads\/2025\/05\/06092759\/IMG_4776-1024x768.jpg 1024w, https:\/\/media.radiolitoral.com\/wp-content\/uploads\/2025\/05\/06092759\/IMG_4776-768x576.jpg 768w, https:\/\/media.radiolitoral.com\/wp-content\/uploads\/2025\/05\/06092759\/IMG_4776-1536x1152.jpg 1536w, https:\/\/media.radiolitoral.com\/wp-content\/uploads\/2025\/05\/06092759\/IMG_4776-2048x1536.jpg 2048w, https:\/\/media.radiolitoral.com\/wp-content\/uploads\/2025\/05\/06092759\/IMG_4776-16x12.jpg 16w, https:\/\/media.radiolitoral.com\/wp-content\/uploads\/2025\/05\/06092759\/IMG_4776-1000x750.jpg 1000w, https:\/\/media.radiolitoral.com\/wp-content\/uploads\/2025\/05\/06092759\/IMG_4776-100x75.jpg 100w, https:\/\/media.radiolitoral.com\/wp-content\/uploads\/2025\/05\/06092759\/IMG_4776-200x150.jpg 200w\" sizes=\"auto, (max-width: 2560px) 100vw, 2560px\" \/><\/a><\/p>\n<h4 data-start=\"1734\" data-end=\"1766\"><strong data-start=\"1734\" data-end=\"1766\">Pans bene\u00efts i tradici\u00f3<\/strong><\/h4>\n<p class=\"\" data-start=\"1768\" data-end=\"2155\">La festa va continuar diumenge amb la tradicional benedicci\u00f3 i repartiment dels <strong>120 <em data-start=\"1848\" data-end=\"1862\">pans bene\u00efts<\/em><\/strong>, un dels costums m\u00e9s emblem\u00e0tics de Benitatxell. Aquesta tradici\u00f3 consisteix a distribuir pans bene\u00efts pels carrers del poble, on ve\u00efns esperaven a casa seva amb plats buits per rebre el seu tros de pa, repartit per festers i nens acompanyats per la m\u00fasica tradicional.<\/p>\n<p class=\"\" data-start=\"2186\" data-end=\"2570\">Les celebracions van continuar tamb\u00e9 aquest dilluns amb activitats populars al carrer la Pau, destacant especialment les carreres de galls, que van generar moments molt divertits i peculiars entre els participants i assistents.<\/p>","protected":false},"excerpt":{"rendered":"<p>El Poble Nou de Benitatxell ha dado inicio a una semana cargada de actos festivos y tradiciones, con motivo de la celebraci\u00f3n anual de San Pancracio en las Fiestas de la Rosa. Como es habitual en esta fecha, han sido nombrados alcaldes por un d\u00eda dos vecinos del pueblo, que este a\u00f1o son M\u00f3nica Pascual [&#8230;]<\/p>\n<p><a class=\"btn btn-secondary understrap-read-more-link\" href=\"https:\/\/radiolitoral.com\/ca\/2025\/05\/benitatxell-fiestas-rosa-alcalde-un-dia\/\">Continua llegint&#8230;<span class=\"screen-reader-text\"> from Benitatxell se prepara para su d\u00eda m\u00e1s festivo con sombreros de paja y espardenyes<\/span><\/a><\/p>\n","protected":false},"author":14,"featured_media":16559,"comment_status":"open","ping_status":"closed","sticky":false,"template":"","format":"standard","meta":{"_acf_changed":false,"inline_featured_image":false,"footnotes":""},"categories":[276],"tags":[4261,184,1025,642,4260],"class_list":["post-16557","post","type-post","status-publish","format-standard","has-post-thumbnail","hentry","category-fiestas","tag-alcalde-por-un-dia","tag-benitatxell","tag-fiestas","tag-fiestas-de-la-rosa-benitatxell","tag-san-pancracio","cobertura-poble-nou-de-benitatxell"],"acf":[],"yoast_head":"<!-- This site is optimized with the Yoast SEO plugin v27.5 - https:\/\/yoast.com\/product\/yoast-seo-wordpress\/ -->\n<title>Benitatxell se prepara para su d\u00eda m\u00e1s festivo con sombreros de paja y espardenyes | R\u00e0dio Litoral<\/title>\n<meta name=\"description\" content=\"Los alcaldes por un d\u00eda, M\u00f3nica Pascual y Jos\u00e9 Juan Soler, dictan las normas para celebrar San Pancracio este s\u00e1bado\" \/>\n<meta name=\"robots\" content=\"index, follow, max-snippet:-1, max-image-preview:large, max-video-preview:-1\" \/>\n<link rel=\"canonical\" href=\"https:\/\/radiolitoral.com\/ca\/2025\/05\/benitatxell-festes-rosa-alcalde-un-dia\/\" \/>\n<meta property=\"og:locale\" content=\"ca_ES\" \/>\n<meta property=\"og:type\" content=\"article\" \/>\n<meta property=\"og:title\" content=\"Benitatxell se prepara para su d\u00eda m\u00e1s festivo con sombreros de paja y espardenyes | R\u00e0dio Litoral\" \/>\n<meta property=\"og:description\" content=\"Los alcaldes por un d\u00eda, M\u00f3nica Pascual y Jos\u00e9 Juan Soler, dictan las normas para celebrar San Pancracio este s\u00e1bado\" \/>\n<meta property=\"og:url\" content=\"https:\/\/radiolitoral.com\/ca\/2025\/05\/benitatxell-festes-rosa-alcalde-un-dia\/\" \/>\n<meta property=\"og:site_name\" content=\"R\u00e0dio Litoral\" \/>\n<meta property=\"article:publisher\" content=\"https:\/\/www.facebook.com\/Laradiolitoral\/\" \/>\n<meta property=\"article:published_time\" content=\"2025-05-06T07:29:05+00:00\" \/>\n<meta property=\"article:modified_time\" content=\"2025-05-06T07:31:39+00:00\" \/>\n<meta property=\"og:image\" content=\"https:\/\/media.radiolitoral.com\/wp-content\/uploads\/2025\/05\/06092805\/IMG_4791.jpg\" \/>\n\t<meta property=\"og:image:width\" content=\"1170\" \/>\n\t<meta property=\"og:image:height\" content=\"936\" \/>\n\t<meta property=\"og:image:type\" content=\"image\/jpeg\" \/>\n<meta name=\"author\" content=\"Redacci\u00f3n\" \/>\n<meta name=\"twitter:card\" content=\"summary_large_image\" \/>\n<meta name=\"twitter:label1\" content=\"Escrit per\" \/>\n\t<meta name=\"twitter:data1\" content=\"Redacci\u00f3n\" \/>\n\t<meta name=\"twitter:label2\" content=\"Temps estimat de lectura\" \/>\n\t<meta name=\"twitter:data2\" content=\"3 minuts\" \/>\n<script type=\"application\/ld+json\" class=\"yoast-schema-graph\">{\"@context\":\"https:\\\/\\\/schema.org\",\"@graph\":[{\"@type\":\"NewsArticle\",\"@id\":\"https:\\\/\\\/radiolitoral.com\\\/2025\\\/05\\\/benitatxell-fiestas-rosa-alcalde-un-dia\\\/#article\",\"isPartOf\":{\"@id\":\"https:\\\/\\\/radiolitoral.com\\\/2025\\\/05\\\/benitatxell-fiestas-rosa-alcalde-un-dia\\\/\"},\"author\":{\"name\":\"Redacci\u00f3n\",\"@id\":\"https:\\\/\\\/radiolitoral.com\\\/#\\\/schema\\\/person\\\/96b739642eb3bedb532aac3812d23307\"},\"headline\":\"Benitatxell se prepara para su d\u00eda m\u00e1s festivo con sombreros de paja y espardenyes\",\"datePublished\":\"2025-05-06T07:29:05+00:00\",\"dateModified\":\"2025-05-06T07:31:39+00:00\",\"mainEntityOfPage\":{\"@id\":\"https:\\\/\\\/radiolitoral.com\\\/2025\\\/05\\\/benitatxell-fiestas-rosa-alcalde-un-dia\\\/\"},\"wordCount\":415,\"commentCount\":0,\"publisher\":{\"@id\":\"https:\\\/\\\/radiolitoral.com\\\/#organization\"},\"image\":{\"@id\":\"https:\\\/\\\/radiolitoral.com\\\/2025\\\/05\\\/benitatxell-fiestas-rosa-alcalde-un-dia\\\/#primaryimage\"},\"thumbnailUrl\":\"https:\\\/\\\/media.radiolitoral.com\\\/wp-content\\\/uploads\\\/2025\\\/05\\\/06092805\\\/IMG_4791.jpg\",\"keywords\":[\"alcalde por un d\u00eda\",\"Benitatxell\",\"Fiestas\",\"Fiestas de la Rosa Benitatxell\",\"San Pancracio\"],\"articleSection\":[\"Fiestas\"],\"inLanguage\":\"ca\",\"potentialAction\":[{\"@type\":\"CommentAction\",\"name\":\"Comment\",\"target\":[\"https:\\\/\\\/radiolitoral.com\\\/2025\\\/05\\\/benitatxell-fiestas-rosa-alcalde-un-dia\\\/#respond\"]}]},{\"@type\":[\"WebPage\",\"ItemPage\"],\"@id\":\"https:\\\/\\\/radiolitoral.com\\\/2025\\\/05\\\/benitatxell-fiestas-rosa-alcalde-un-dia\\\/\",\"url\":\"https:\\\/\\\/radiolitoral.com\\\/2025\\\/05\\\/benitatxell-fiestas-rosa-alcalde-un-dia\\\/\",\"name\":\"Benitatxell se prepara para su d\u00eda m\u00e1s festivo con sombreros de paja y espardenyes | R\u00e0dio Litoral\",\"isPartOf\":{\"@id\":\"https:\\\/\\\/radiolitoral.com\\\/#website\"},\"primaryImageOfPage\":{\"@id\":\"https:\\\/\\\/radiolitoral.com\\\/2025\\\/05\\\/benitatxell-fiestas-rosa-alcalde-un-dia\\\/#primaryimage\"},\"image\":{\"@id\":\"https:\\\/\\\/radiolitoral.com\\\/2025\\\/05\\\/benitatxell-fiestas-rosa-alcalde-un-dia\\\/#primaryimage\"},\"thumbnailUrl\":\"https:\\\/\\\/media.radiolitoral.com\\\/wp-content\\\/uploads\\\/2025\\\/05\\\/06092805\\\/IMG_4791.jpg\",\"datePublished\":\"2025-05-06T07:29:05+00:00\",\"dateModified\":\"2025-05-06T07:31:39+00:00\",\"description\":\"Los alcaldes por un d\u00eda, M\u00f3nica Pascual y Jos\u00e9 Juan Soler, dictan las normas para celebrar San Pancracio este s\u00e1bado\",\"breadcrumb\":{\"@id\":\"https:\\\/\\\/radiolitoral.com\\\/2025\\\/05\\\/benitatxell-fiestas-rosa-alcalde-un-dia\\\/#breadcrumb\"},\"inLanguage\":\"ca\",\"potentialAction\":[{\"@type\":\"ReadAction\",\"target\":[\"https:\\\/\\\/radiolitoral.com\\\/2025\\\/05\\\/benitatxell-fiestas-rosa-alcalde-un-dia\\\/\"]}]},{\"@type\":\"ImageObject\",\"inLanguage\":\"ca\",\"@id\":\"https:\\\/\\\/radiolitoral.com\\\/2025\\\/05\\\/benitatxell-fiestas-rosa-alcalde-un-dia\\\/#primaryimage\",\"url\":\"https:\\\/\\\/media.radiolitoral.com\\\/wp-content\\\/uploads\\\/2025\\\/05\\\/06092805\\\/IMG_4791.jpg\",\"contentUrl\":\"https:\\\/\\\/media.radiolitoral.com\\\/wp-content\\\/uploads\\\/2025\\\/05\\\/06092805\\\/IMG_4791.jpg\",\"width\":1170,\"height\":936,\"caption\":\"Screenshot\"},{\"@type\":\"BreadcrumbList\",\"@id\":\"https:\\\/\\\/radiolitoral.com\\\/2025\\\/05\\\/benitatxell-fiestas-rosa-alcalde-un-dia\\\/#breadcrumb\",\"itemListElement\":[{\"@type\":\"ListItem\",\"position\":1,\"name\":\"Portada\",\"item\":\"https:\\\/\\\/radiolitoral.com\\\/\"},{\"@type\":\"ListItem\",\"position\":2,\"name\":\"Benitatxell se prepara para su d\u00eda m\u00e1s festivo con sombreros de paja y espardenyes\"}]},{\"@type\":\"WebSite\",\"@id\":\"https:\\\/\\\/radiolitoral.com\\\/#website\",\"url\":\"https:\\\/\\\/radiolitoral.com\\\/\",\"name\":\"Radio Litoral\",\"description\":\"La radio local de la Marina Alta\",\"publisher\":{\"@id\":\"https:\\\/\\\/radiolitoral.com\\\/#organization\"},\"alternateName\":\"Litoral FM\",\"potentialAction\":[{\"@type\":\"SearchAction\",\"target\":{\"@type\":\"EntryPoint\",\"urlTemplate\":\"https:\\\/\\\/radiolitoral.com\\\/?s={search_term_string}\"},\"query-input\":{\"@type\":\"PropertyValueSpecification\",\"valueRequired\":true,\"valueName\":\"search_term_string\"}}],\"inLanguage\":\"ca\"},{\"@type\":\"Organization\",\"@id\":\"https:\\\/\\\/radiolitoral.com\\\/#organization\",\"name\":\"Radio Litoral\",\"url\":\"https:\\\/\\\/radiolitoral.com\\\/\",\"logo\":{\"@type\":\"ImageObject\",\"inLanguage\":\"ca\",\"@id\":\"https:\\\/\\\/radiolitoral.com\\\/#\\\/schema\\\/logo\\\/image\\\/\",\"url\":\"https:\\\/\\\/media.radiolitoral.com\\\/wp-content\\\/uploads\\\/2023\\\/02\\\/24143238\\\/CL-V-RadioLitoral696.png\",\"contentUrl\":\"https:\\\/\\\/media.radiolitoral.com\\\/wp-content\\\/uploads\\\/2023\\\/02\\\/24143238\\\/CL-V-RadioLitoral696.png\",\"width\":696,\"height\":696,\"caption\":\"Radio Litoral\"},\"image\":{\"@id\":\"https:\\\/\\\/radiolitoral.com\\\/#\\\/schema\\\/logo\\\/image\\\/\"},\"sameAs\":[\"https:\\\/\\\/www.facebook.com\\\/Laradiolitoral\\\/\"]},{\"@type\":\"Person\",\"@id\":\"https:\\\/\\\/radiolitoral.com\\\/#\\\/schema\\\/person\\\/96b739642eb3bedb532aac3812d23307\",\"name\":\"Redacci\u00f3n\",\"image\":{\"@type\":\"ImageObject\",\"inLanguage\":\"ca\",\"@id\":\"https:\\\/\\\/secure.gravatar.com\\\/avatar\\\/30cd06129ee90411dd9c7cbdcf17464181d1a3c7b072e92070ea75a25cf0097e?s=96&d=mm&r=g\",\"url\":\"https:\\\/\\\/secure.gravatar.com\\\/avatar\\\/30cd06129ee90411dd9c7cbdcf17464181d1a3c7b072e92070ea75a25cf0097e?s=96&d=mm&r=g\",\"contentUrl\":\"https:\\\/\\\/secure.gravatar.com\\\/avatar\\\/30cd06129ee90411dd9c7cbdcf17464181d1a3c7b072e92070ea75a25cf0097e?s=96&d=mm&r=g\",\"caption\":\"Redacci\u00f3n\"},\"url\":\"https:\\\/\\\/radiolitoral.com\\\/ca\\\/author\\\/kevin-carrio\\\/\"}]}<\/script>\n<!-- \/ Yoast SEO plugin. -->","yoast_head_json":{"title":"Benitatxell es prepara per al dia m\u00e9s festiu amb barrets de palla i espardenyes | R\u00e0dio Litoral","description":"Els alcaldes per un dia, M\u00f3nica Pascual i Jos\u00e9 Juan Soler, dicten les normes per celebrar Sant Pancra\u00e7 aquest dissabte","robots":{"index":"index","follow":"follow","max-snippet":"max-snippet:-1","max-image-preview":"max-image-preview:large","max-video-preview":"max-video-preview:-1"},"canonical":"https:\/\/radiolitoral.com\/ca\/2025\/05\/benitatxell-festes-rosa-alcalde-un-dia\/","og_locale":"ca_ES","og_type":"article","og_title":"Benitatxell se prepara para su d\u00eda m\u00e1s festivo con sombreros de paja y espardenyes | R\u00e0dio Litoral","og_description":"Los alcaldes por un d\u00eda, M\u00f3nica Pascual y Jos\u00e9 Juan Soler, dictan las normas para celebrar San Pancracio este s\u00e1bado","og_url":"https:\/\/radiolitoral.com\/ca\/2025\/05\/benitatxell-festes-rosa-alcalde-un-dia\/","og_site_name":"R\u00e0dio Litoral","article_publisher":"https:\/\/www.facebook.com\/Laradiolitoral\/","article_published_time":"2025-05-06T07:29:05+00:00","article_modified_time":"2025-05-06T07:31:39+00:00","og_image":[{"width":1170,"height":936,"url":"https:\/\/media.radiolitoral.com\/wp-content\/uploads\/2025\/05\/06092805\/IMG_4791.jpg","type":"image\/jpeg"}],"author":"Redacci\u00f3n","twitter_card":"summary_large_image","twitter_misc":{"Escrit per":"Redacci\u00f3n","Temps estimat de lectura":"3 minuts"},"schema":{"@context":"https:\/\/schema.org","@graph":[{"@type":"NewsArticle","@id":"https:\/\/radiolitoral.com\/2025\/05\/benitatxell-fiestas-rosa-alcalde-un-dia\/#article","isPartOf":{"@id":"https:\/\/radiolitoral.com\/2025\/05\/benitatxell-fiestas-rosa-alcalde-un-dia\/"},"author":{"name":"Redacci\u00f3n","@id":"https:\/\/radiolitoral.com\/#\/schema\/person\/96b739642eb3bedb532aac3812d23307"},"headline":"Benitatxell se prepara para su d\u00eda m\u00e1s festivo con sombreros de paja y espardenyes","datePublished":"2025-05-06T07:29:05+00:00","dateModified":"2025-05-06T07:31:39+00:00","mainEntityOfPage":{"@id":"https:\/\/radiolitoral.com\/2025\/05\/benitatxell-fiestas-rosa-alcalde-un-dia\/"},"wordCount":415,"commentCount":0,"publisher":{"@id":"https:\/\/radiolitoral.com\/#organization"},"image":{"@id":"https:\/\/radiolitoral.com\/2025\/05\/benitatxell-fiestas-rosa-alcalde-un-dia\/#primaryimage"},"thumbnailUrl":"https:\/\/media.radiolitoral.com\/wp-content\/uploads\/2025\/05\/06092805\/IMG_4791.jpg","keywords":["alcalde por un d\u00eda","Benitatxell","Fiestas","Fiestas de la Rosa Benitatxell","San Pancracio"],"articleSection":["Fiestas"],"inLanguage":"ca","potentialAction":[{"@type":"CommentAction","name":"Comment","target":["https:\/\/radiolitoral.com\/2025\/05\/benitatxell-fiestas-rosa-alcalde-un-dia\/#respond"]}]},{"@type":["WebPage","ItemPage"],"@id":"https:\/\/radiolitoral.com\/2025\/05\/benitatxell-fiestas-rosa-alcalde-un-dia\/","url":"https:\/\/radiolitoral.com\/2025\/05\/benitatxell-fiestas-rosa-alcalde-un-dia\/","name":"Benitatxell es prepara per al dia m\u00e9s festiu amb barrets de palla i espardenyes | R\u00e0dio Litoral","isPartOf":{"@id":"https:\/\/radiolitoral.com\/#website"},"primaryImageOfPage":{"@id":"https:\/\/radiolitoral.com\/2025\/05\/benitatxell-fiestas-rosa-alcalde-un-dia\/#primaryimage"},"image":{"@id":"https:\/\/radiolitoral.com\/2025\/05\/benitatxell-fiestas-rosa-alcalde-un-dia\/#primaryimage"},"thumbnailUrl":"https:\/\/media.radiolitoral.com\/wp-content\/uploads\/2025\/05\/06092805\/IMG_4791.jpg","datePublished":"2025-05-06T07:29:05+00:00","dateModified":"2025-05-06T07:31:39+00:00","description":"Els alcaldes per un dia, M\u00f3nica Pascual i Jos\u00e9 Juan Soler, dicten les normes per celebrar Sant Pancra\u00e7 aquest dissabte","breadcrumb":{"@id":"https:\/\/radiolitoral.com\/2025\/05\/benitatxell-fiestas-rosa-alcalde-un-dia\/#breadcrumb"},"inLanguage":"ca","potentialAction":[{"@type":"ReadAction","target":["https:\/\/radiolitoral.com\/2025\/05\/benitatxell-fiestas-rosa-alcalde-un-dia\/"]}]},{"@type":"ImageObject","inLanguage":"ca","@id":"https:\/\/radiolitoral.com\/2025\/05\/benitatxell-fiestas-rosa-alcalde-un-dia\/#primaryimage","url":"https:\/\/media.radiolitoral.com\/wp-content\/uploads\/2025\/05\/06092805\/IMG_4791.jpg","contentUrl":"https:\/\/media.radiolitoral.com\/wp-content\/uploads\/2025\/05\/06092805\/IMG_4791.jpg","width":1170,"height":936,"caption":"Screenshot"},{"@type":"BreadcrumbList","@id":"https:\/\/radiolitoral.com\/2025\/05\/benitatxell-fiestas-rosa-alcalde-un-dia\/#breadcrumb","itemListElement":[{"@type":"ListItem","position":1,"name":"Portada","item":"https:\/\/radiolitoral.com\/"},{"@type":"ListItem","position":2,"name":"Benitatxell se prepara para su d\u00eda m\u00e1s festivo con sombreros de paja y espardenyes"}]},{"@type":"WebSite","@id":"https:\/\/radiolitoral.com\/#website","url":"https:\/\/radiolitoral.com\/","name":"R\u00e0dio Litoral","description":"La r\u00e0dio local de la Marina Alta","publisher":{"@id":"https:\/\/radiolitoral.com\/#organization"},"alternateName":"Litoral FM","potentialAction":[{"@type":"SearchAction","target":{"@type":"EntryPoint","urlTemplate":"https:\/\/radiolitoral.com\/?s={search_term_string}"},"query-input":{"@type":"PropertyValueSpecification","valueRequired":true,"valueName":"search_term_string"}}],"inLanguage":"ca"},{"@type":"Organization","@id":"https:\/\/radiolitoral.com\/#organization","name":"R\u00e0dio Litoral","url":"https:\/\/radiolitoral.com\/","logo":{"@type":"ImageObject","inLanguage":"ca","@id":"https:\/\/radiolitoral.com\/#\/schema\/logo\/image\/","url":"https:\/\/media.radiolitoral.com\/wp-content\/uploads\/2023\/02\/24143238\/CL-V-RadioLitoral696.png","contentUrl":"https:\/\/media.radiolitoral.com\/wp-content\/uploads\/2023\/02\/24143238\/CL-V-RadioLitoral696.png","width":696,"height":696,"caption":"Radio Litoral"},"image":{"@id":"https:\/\/radiolitoral.com\/#\/schema\/logo\/image\/"},"sameAs":["https:\/\/www.facebook.com\/Laradiolitoral\/"]},{"@type":"Person","@id":"https:\/\/radiolitoral.com\/#\/schema\/person\/96b739642eb3bedb532aac3812d23307","name":"Redacci\u00f3","image":{"@type":"ImageObject","inLanguage":"ca","@id":"https:\/\/secure.gravatar.com\/avatar\/30cd06129ee90411dd9c7cbdcf17464181d1a3c7b072e92070ea75a25cf0097e?s=96&d=mm&r=g","url":"https:\/\/secure.gravatar.com\/avatar\/30cd06129ee90411dd9c7cbdcf17464181d1a3c7b072e92070ea75a25cf0097e?s=96&d=mm&r=g","contentUrl":"https:\/\/secure.gravatar.com\/avatar\/30cd06129ee90411dd9c7cbdcf17464181d1a3c7b072e92070ea75a25cf0097e?s=96&d=mm&r=g","caption":"Redacci\u00f3n"},"url":"https:\/\/radiolitoral.com\/ca\/author\/kevin-carrio\/"}]}},"_links":{"self":[{"href":"https:\/\/radiolitoral.com\/ca\/wp-json\/wp\/v2\/posts\/16557","targetHints":{"allow":["GET"]}}],"collection":[{"href":"https:\/\/radiolitoral.com\/ca\/wp-json\/wp\/v2\/posts"}],"about":[{"href":"https:\/\/radiolitoral.com\/ca\/wp-json\/wp\/v2\/types\/post"}],"author":[{"embeddable":true,"href":"https:\/\/radiolitoral.com\/ca\/wp-json\/wp\/v2\/users\/14"}],"replies":[{"embeddable":true,"href":"https:\/\/radiolitoral.com\/ca\/wp-json\/wp\/v2\/comments?post=16557"}],"version-history":[{"count":2,"href":"https:\/\/radiolitoral.com\/ca\/wp-json\/wp\/v2\/posts\/16557\/revisions"}],"predecessor-version":[{"id":16562,"href":"https:\/\/radiolitoral.com\/ca\/wp-json\/wp\/v2\/posts\/16557\/revisions\/16562"}],"wp:featuredmedia":[{"embeddable":true,"href":"https:\/\/radiolitoral.com\/ca\/wp-json\/wp\/v2\/media\/16559"}],"wp:attachment":[{"href":"https:\/\/radiolitoral.com\/ca\/wp-json\/wp\/v2\/media?parent=16557"}],"wp:term":[{"taxonomy":"category","embeddable":true,"href":"https:\/\/radiolitoral.com\/ca\/wp-json\/wp\/v2\/categories?post=16557"},{"taxonomy":"post_tag","embeddable":true,"href":"https:\/\/radiolitoral.com\/ca\/wp-json\/wp\/v2\/tags?post=16557"}],"curies":[{"name":"wp","href":"https:\/\/api.w.org\/{rel}","templated":true}]}}