{"id":16532,"date":"2025-05-05T08:49:45","date_gmt":"2025-05-05T06:49:45","guid":{"rendered":"https:\/\/radiolitoral.com\/?p=16532"},"modified":"2025-05-05T08:49:45","modified_gmt":"2025-05-05T06:49:45","slug":"la-carretera-teulada-moraira-repren-obres-aquest-dimarts-amb-restriccions-al-transit","status":"publish","type":"post","link":"https:\/\/radiolitoral.com\/ca\/2025\/05\/la-carretera-teulada-moraira-retoma-obras-este-martes-con-restricciones-al-trafico\/","title":{"rendered":"La carretera Teulada-Moraira repr\u00e8n obres aquest dimarts amb restriccions al tr\u00e0nsit"},"content":{"rendered":"<p data-pm-slice=\"1 1 []\">Les <strong>obres d&#039;ampliaci\u00f3<\/strong> a la carretera CV-743, que connecta Teulada amb Moraira, es reiniciaran aquest dimarts 6 de maig despr\u00e9s de la interrupci\u00f3 realitzada amb motiu de les vacances de Setmana Santa. La represa coincideix amb la finalitzaci\u00f3 d\u201funa de les etapes inicials d\u201faquesta intervenci\u00f3, considerada clau per millorar la circulaci\u00f3 entre ambdues localitats.<\/p>\n<h3>Talls i desviaments habilitats<\/h3>\n<p>A partir de dimarts, s&#039;establir\u00e0 un <strong>tall de tr\u00e0nsit en sentit descendent<\/strong> en un tram espec\u00edfic de la carretera. Aix\u00f2 no obstant, el sentit ascendent romandr\u00e0 obert, permetent el tr\u00e0nsit habitual en aquesta direcci\u00f3 i, ocasionalment, habilitant passos alternatius en ambd\u00f3s sentits segons l&#039;aven\u00e7 de les obres.<\/p>\n<p>L&#039;Ajuntament de Teulada ha confirmat que es mantindran actius dos <strong>desviaments provisionals<\/strong> ja coneguts per la ciutadania:<\/p>\n<ul>\n<li><strong>Vehicles pesants:<\/strong> hauran de fer servir la ruta alternativa per la carretera Teulada-Benimarco (CV-741), des de la rotonda que connecta amb aquesta via fins a la cru\u00eflla amb la CV-745. En aquest punt, els vehicles han de girar a l&#039;esquerra cap a Moraira.<\/li>\n<li><strong>Vehicles lleugers:<\/strong> l&#039;alternativa recomanada comen\u00e7a al Cam\u00ed Sant Miquel i continua per la Carretera del Pas, desviant-se despr\u00e9s pel Cam\u00ed Les Rotgetes per arribar finalment a la zona n\u00e0utica. A causa de l&#039;estretor de certs trams, s&#039;insisteix a fer servir aquest itinerari nom\u00e9s amb turismes.<\/li>\n<\/ul>\n<p>Des del consistori es recorda que, atesa la rellev\u00e0ncia del projecte i l&#039;afectaci\u00f3 directa sobre una via principal, les indicacions actuals podrien patir modificacions durant el transcurs de les obres.<\/p>","protected":false},"excerpt":{"rendered":"<p>Las obras de ampliaci\u00f3n en la carretera CV-743, que conecta Teulada con Moraira, se reiniciar\u00e1n este martes 6 de mayo tras la interrupci\u00f3n realizada con motivo de las vacaciones de Semana Santa. La reanudaci\u00f3n coincide con la finalizaci\u00f3n de una de las etapas iniciales de esta intervenci\u00f3n, considerada clave para mejorar la circulaci\u00f3n entre ambas [&#8230;]<\/p>\n<p><a class=\"btn btn-secondary understrap-read-more-link\" href=\"https:\/\/radiolitoral.com\/ca\/2025\/05\/la-carretera-teulada-moraira-retoma-obras-este-martes-con-restricciones-al-trafico\/\">Continua llegint&#8230;<span class=\"screen-reader-text\"> from La carretera Teulada-Moraira retoma obras este martes con restricciones al tr\u00e1fico<\/span><\/a><\/p>\n","protected":false},"author":14,"featured_media":15851,"comment_status":"open","ping_status":"closed","sticky":false,"template":"","format":"standard","meta":{"_acf_changed":false,"inline_featured_image":false,"footnotes":""},"categories":[100],"tags":[4253,4252,195],"class_list":["post-16532","post","type-post","status-publish","format-standard","has-post-thumbnail","hentry","category-obras","tag-obras-carretera-teulada","tag-obras-teulada","tag-teulada-moraira","cobertura-teulada-moraira"],"acf":[],"yoast_head":"<!-- This site is optimized with the Yoast SEO plugin v27.5 - https:\/\/yoast.com\/product\/yoast-seo-wordpress\/ -->\n<title>La carretera Teulada-Moraira retoma obras este martes con restricciones al tr\u00e1fico | R\u00e0dio Litoral<\/title>\n<meta name=\"description\" content=\"Los cortes afectar\u00e1n al sentido descendente de la v\u00eda CV-743\" \/>\n<meta name=\"robots\" content=\"index, follow, max-snippet:-1, max-image-preview:large, max-video-preview:-1\" \/>\n<link rel=\"canonical\" href=\"https:\/\/radiolitoral.com\/ca\/2025\/05\/la-carretera-teulada-moraira-repren-obres-aquest-dimarts-amb-restriccions-al-transit\/\" \/>\n<meta property=\"og:locale\" content=\"ca_ES\" \/>\n<meta property=\"og:type\" content=\"article\" \/>\n<meta property=\"og:title\" content=\"La carretera Teulada-Moraira retoma obras este martes con restricciones al tr\u00e1fico | R\u00e0dio Litoral\" \/>\n<meta property=\"og:description\" content=\"Los cortes afectar\u00e1n al sentido descendente de la v\u00eda CV-743\" \/>\n<meta property=\"og:url\" content=\"https:\/\/radiolitoral.com\/ca\/2025\/05\/la-carretera-teulada-moraira-repren-obres-aquest-dimarts-amb-restriccions-al-transit\/\" \/>\n<meta property=\"og:site_name\" content=\"R\u00e0dio Litoral\" \/>\n<meta property=\"article:publisher\" content=\"https:\/\/www.facebook.com\/Laradiolitoral\/\" \/>\n<meta property=\"article:published_time\" content=\"2025-05-05T06:49:45+00:00\" \/>\n<meta property=\"og:image\" content=\"https:\/\/media.radiolitoral.com\/wp-content\/uploads\/2025\/03\/31102656\/NOTA-DE-PRENSA-El-Ayuntamiento-de-Teulada-habilita-un-nuevo-desvio-para-el-trafico-por-las-obras-de-ampliacion-de-la-carretera-Teulada-Moraira-scaled.jpeg\" \/>\n\t<meta property=\"og:image:width\" content=\"2560\" \/>\n\t<meta property=\"og:image:height\" content=\"1920\" \/>\n\t<meta property=\"og:image:type\" content=\"image\/jpeg\" \/>\n<meta name=\"author\" content=\"Redacci\u00f3n\" \/>\n<meta name=\"twitter:card\" content=\"summary_large_image\" \/>\n<meta name=\"twitter:label1\" content=\"Escrit per\" \/>\n\t<meta name=\"twitter:data1\" content=\"Redacci\u00f3n\" \/>\n\t<meta name=\"twitter:label2\" content=\"Temps estimat de lectura\" \/>\n\t<meta name=\"twitter:data2\" content=\"2 minuts\" \/>\n<script type=\"application\/ld+json\" class=\"yoast-schema-graph\">{\"@context\":\"https:\\\/\\\/schema.org\",\"@graph\":[{\"@type\":\"NewsArticle\",\"@id\":\"https:\\\/\\\/radiolitoral.com\\\/2025\\\/05\\\/la-carretera-teulada-moraira-retoma-obras-este-martes-con-restricciones-al-trafico\\\/#article\",\"isPartOf\":{\"@id\":\"https:\\\/\\\/radiolitoral.com\\\/2025\\\/05\\\/la-carretera-teulada-moraira-retoma-obras-este-martes-con-restricciones-al-trafico\\\/\"},\"author\":{\"name\":\"Redacci\u00f3n\",\"@id\":\"https:\\\/\\\/radiolitoral.com\\\/#\\\/schema\\\/person\\\/96b739642eb3bedb532aac3812d23307\"},\"headline\":\"La carretera Teulada-Moraira retoma obras este martes con restricciones al tr\u00e1fico\",\"datePublished\":\"2025-05-05T06:49:45+00:00\",\"mainEntityOfPage\":{\"@id\":\"https:\\\/\\\/radiolitoral.com\\\/2025\\\/05\\\/la-carretera-teulada-moraira-retoma-obras-este-martes-con-restricciones-al-trafico\\\/\"},\"wordCount\":283,\"commentCount\":0,\"publisher\":{\"@id\":\"https:\\\/\\\/radiolitoral.com\\\/#organization\"},\"image\":{\"@id\":\"https:\\\/\\\/radiolitoral.com\\\/2025\\\/05\\\/la-carretera-teulada-moraira-retoma-obras-este-martes-con-restricciones-al-trafico\\\/#primaryimage\"},\"thumbnailUrl\":\"https:\\\/\\\/media.radiolitoral.com\\\/wp-content\\\/uploads\\\/2025\\\/03\\\/31102656\\\/NOTA-DE-PRENSA-El-Ayuntamiento-de-Teulada-habilita-un-nuevo-desvio-para-el-trafico-por-las-obras-de-ampliacion-de-la-carretera-Teulada-Moraira-scaled.jpeg\",\"keywords\":[\"obras carretera Teulada\",\"obras teulada\",\"Teulada-Moraira\"],\"articleSection\":[\"Obras\"],\"inLanguage\":\"ca\",\"potentialAction\":[{\"@type\":\"CommentAction\",\"name\":\"Comment\",\"target\":[\"https:\\\/\\\/radiolitoral.com\\\/2025\\\/05\\\/la-carretera-teulada-moraira-retoma-obras-este-martes-con-restricciones-al-trafico\\\/#respond\"]}]},{\"@type\":[\"WebPage\",\"ItemPage\"],\"@id\":\"https:\\\/\\\/radiolitoral.com\\\/2025\\\/05\\\/la-carretera-teulada-moraira-retoma-obras-este-martes-con-restricciones-al-trafico\\\/\",\"url\":\"https:\\\/\\\/radiolitoral.com\\\/2025\\\/05\\\/la-carretera-teulada-moraira-retoma-obras-este-martes-con-restricciones-al-trafico\\\/\",\"name\":\"La carretera Teulada-Moraira retoma obras este martes con restricciones al tr\u00e1fico | R\u00e0dio Litoral\",\"isPartOf\":{\"@id\":\"https:\\\/\\\/radiolitoral.com\\\/#website\"},\"primaryImageOfPage\":{\"@id\":\"https:\\\/\\\/radiolitoral.com\\\/2025\\\/05\\\/la-carretera-teulada-moraira-retoma-obras-este-martes-con-restricciones-al-trafico\\\/#primaryimage\"},\"image\":{\"@id\":\"https:\\\/\\\/radiolitoral.com\\\/2025\\\/05\\\/la-carretera-teulada-moraira-retoma-obras-este-martes-con-restricciones-al-trafico\\\/#primaryimage\"},\"thumbnailUrl\":\"https:\\\/\\\/media.radiolitoral.com\\\/wp-content\\\/uploads\\\/2025\\\/03\\\/31102656\\\/NOTA-DE-PRENSA-El-Ayuntamiento-de-Teulada-habilita-un-nuevo-desvio-para-el-trafico-por-las-obras-de-ampliacion-de-la-carretera-Teulada-Moraira-scaled.jpeg\",\"datePublished\":\"2025-05-05T06:49:45+00:00\",\"description\":\"Los cortes afectar\u00e1n al sentido descendente de la v\u00eda CV-743\",\"breadcrumb\":{\"@id\":\"https:\\\/\\\/radiolitoral.com\\\/2025\\\/05\\\/la-carretera-teulada-moraira-retoma-obras-este-martes-con-restricciones-al-trafico\\\/#breadcrumb\"},\"inLanguage\":\"ca\",\"potentialAction\":[{\"@type\":\"ReadAction\",\"target\":[\"https:\\\/\\\/radiolitoral.com\\\/2025\\\/05\\\/la-carretera-teulada-moraira-retoma-obras-este-martes-con-restricciones-al-trafico\\\/\"]}]},{\"@type\":\"ImageObject\",\"inLanguage\":\"ca\",\"@id\":\"https:\\\/\\\/radiolitoral.com\\\/2025\\\/05\\\/la-carretera-teulada-moraira-retoma-obras-este-martes-con-restricciones-al-trafico\\\/#primaryimage\",\"url\":\"https:\\\/\\\/media.radiolitoral.com\\\/wp-content\\\/uploads\\\/2025\\\/03\\\/31102656\\\/NOTA-DE-PRENSA-El-Ayuntamiento-de-Teulada-habilita-un-nuevo-desvio-para-el-trafico-por-las-obras-de-ampliacion-de-la-carretera-Teulada-Moraira-scaled.jpeg\",\"contentUrl\":\"https:\\\/\\\/media.radiolitoral.com\\\/wp-content\\\/uploads\\\/2025\\\/03\\\/31102656\\\/NOTA-DE-PRENSA-El-Ayuntamiento-de-Teulada-habilita-un-nuevo-desvio-para-el-trafico-por-las-obras-de-ampliacion-de-la-carretera-Teulada-Moraira-scaled.jpeg\",\"width\":2560,\"height\":1920},{\"@type\":\"BreadcrumbList\",\"@id\":\"https:\\\/\\\/radiolitoral.com\\\/2025\\\/05\\\/la-carretera-teulada-moraira-retoma-obras-este-martes-con-restricciones-al-trafico\\\/#breadcrumb\",\"itemListElement\":[{\"@type\":\"ListItem\",\"position\":1,\"name\":\"Portada\",\"item\":\"https:\\\/\\\/radiolitoral.com\\\/\"},{\"@type\":\"ListItem\",\"position\":2,\"name\":\"La carretera Teulada-Moraira retoma obras este martes con restricciones al tr\u00e1fico\"}]},{\"@type\":\"WebSite\",\"@id\":\"https:\\\/\\\/radiolitoral.com\\\/#website\",\"url\":\"https:\\\/\\\/radiolitoral.com\\\/\",\"name\":\"Radio Litoral\",\"description\":\"La radio local de la Marina Alta\",\"publisher\":{\"@id\":\"https:\\\/\\\/radiolitoral.com\\\/#organization\"},\"alternateName\":\"Litoral FM\",\"potentialAction\":[{\"@type\":\"SearchAction\",\"target\":{\"@type\":\"EntryPoint\",\"urlTemplate\":\"https:\\\/\\\/radiolitoral.com\\\/?s={search_term_string}\"},\"query-input\":{\"@type\":\"PropertyValueSpecification\",\"valueRequired\":true,\"valueName\":\"search_term_string\"}}],\"inLanguage\":\"ca\"},{\"@type\":\"Organization\",\"@id\":\"https:\\\/\\\/radiolitoral.com\\\/#organization\",\"name\":\"Radio Litoral\",\"url\":\"https:\\\/\\\/radiolitoral.com\\\/\",\"logo\":{\"@type\":\"ImageObject\",\"inLanguage\":\"ca\",\"@id\":\"https:\\\/\\\/radiolitoral.com\\\/#\\\/schema\\\/logo\\\/image\\\/\",\"url\":\"https:\\\/\\\/media.radiolitoral.com\\\/wp-content\\\/uploads\\\/2023\\\/02\\\/24143238\\\/CL-V-RadioLitoral696.png\",\"contentUrl\":\"https:\\\/\\\/media.radiolitoral.com\\\/wp-content\\\/uploads\\\/2023\\\/02\\\/24143238\\\/CL-V-RadioLitoral696.png\",\"width\":696,\"height\":696,\"caption\":\"Radio Litoral\"},\"image\":{\"@id\":\"https:\\\/\\\/radiolitoral.com\\\/#\\\/schema\\\/logo\\\/image\\\/\"},\"sameAs\":[\"https:\\\/\\\/www.facebook.com\\\/Laradiolitoral\\\/\"]},{\"@type\":\"Person\",\"@id\":\"https:\\\/\\\/radiolitoral.com\\\/#\\\/schema\\\/person\\\/96b739642eb3bedb532aac3812d23307\",\"name\":\"Redacci\u00f3n\",\"image\":{\"@type\":\"ImageObject\",\"inLanguage\":\"ca\",\"@id\":\"https:\\\/\\\/secure.gravatar.com\\\/avatar\\\/30cd06129ee90411dd9c7cbdcf17464181d1a3c7b072e92070ea75a25cf0097e?s=96&d=mm&r=g\",\"url\":\"https:\\\/\\\/secure.gravatar.com\\\/avatar\\\/30cd06129ee90411dd9c7cbdcf17464181d1a3c7b072e92070ea75a25cf0097e?s=96&d=mm&r=g\",\"contentUrl\":\"https:\\\/\\\/secure.gravatar.com\\\/avatar\\\/30cd06129ee90411dd9c7cbdcf17464181d1a3c7b072e92070ea75a25cf0097e?s=96&d=mm&r=g\",\"caption\":\"Redacci\u00f3n\"},\"url\":\"https:\\\/\\\/radiolitoral.com\\\/ca\\\/author\\\/kevin-carrio\\\/\"}]}<\/script>\n<!-- \/ Yoast SEO plugin. -->","yoast_head_json":{"title":"La carretera Teulada-Moraira repr\u00e8n obres aquest dimarts amb restriccions al tr\u00e0nsit | R\u00e0dio Litoral","description":"Els talls afectaran el sentit descendent de la via CV-743","robots":{"index":"index","follow":"follow","max-snippet":"max-snippet:-1","max-image-preview":"max-image-preview:large","max-video-preview":"max-video-preview:-1"},"canonical":"https:\/\/radiolitoral.com\/ca\/2025\/05\/la-carretera-teulada-moraira-repren-obres-aquest-dimarts-amb-restriccions-al-transit\/","og_locale":"ca_ES","og_type":"article","og_title":"La carretera Teulada-Moraira retoma obras este martes con restricciones al tr\u00e1fico | R\u00e0dio Litoral","og_description":"Los cortes afectar\u00e1n al sentido descendente de la v\u00eda CV-743","og_url":"https:\/\/radiolitoral.com\/ca\/2025\/05\/la-carretera-teulada-moraira-repren-obres-aquest-dimarts-amb-restriccions-al-transit\/","og_site_name":"R\u00e0dio Litoral","article_publisher":"https:\/\/www.facebook.com\/Laradiolitoral\/","article_published_time":"2025-05-05T06:49:45+00:00","og_image":[{"width":2560,"height":1920,"url":"https:\/\/media.radiolitoral.com\/wp-content\/uploads\/2025\/03\/31102656\/NOTA-DE-PRENSA-El-Ayuntamiento-de-Teulada-habilita-un-nuevo-desvio-para-el-trafico-por-las-obras-de-ampliacion-de-la-carretera-Teulada-Moraira-scaled.jpeg","type":"image\/jpeg"}],"author":"Redacci\u00f3n","twitter_card":"summary_large_image","twitter_misc":{"Escrit per":"Redacci\u00f3n","Temps estimat de lectura":"2 minuts"},"schema":{"@context":"https:\/\/schema.org","@graph":[{"@type":"NewsArticle","@id":"https:\/\/radiolitoral.com\/2025\/05\/la-carretera-teulada-moraira-retoma-obras-este-martes-con-restricciones-al-trafico\/#article","isPartOf":{"@id":"https:\/\/radiolitoral.com\/2025\/05\/la-carretera-teulada-moraira-retoma-obras-este-martes-con-restricciones-al-trafico\/"},"author":{"name":"Redacci\u00f3n","@id":"https:\/\/radiolitoral.com\/#\/schema\/person\/96b739642eb3bedb532aac3812d23307"},"headline":"La carretera Teulada-Moraira retoma obras este martes con restricciones al tr\u00e1fico","datePublished":"2025-05-05T06:49:45+00:00","mainEntityOfPage":{"@id":"https:\/\/radiolitoral.com\/2025\/05\/la-carretera-teulada-moraira-retoma-obras-este-martes-con-restricciones-al-trafico\/"},"wordCount":283,"commentCount":0,"publisher":{"@id":"https:\/\/radiolitoral.com\/#organization"},"image":{"@id":"https:\/\/radiolitoral.com\/2025\/05\/la-carretera-teulada-moraira-retoma-obras-este-martes-con-restricciones-al-trafico\/#primaryimage"},"thumbnailUrl":"https:\/\/media.radiolitoral.com\/wp-content\/uploads\/2025\/03\/31102656\/NOTA-DE-PRENSA-El-Ayuntamiento-de-Teulada-habilita-un-nuevo-desvio-para-el-trafico-por-las-obras-de-ampliacion-de-la-carretera-Teulada-Moraira-scaled.jpeg","keywords":["obras carretera Teulada","obras teulada","Teulada-Moraira"],"articleSection":["Obras"],"inLanguage":"ca","potentialAction":[{"@type":"CommentAction","name":"Comment","target":["https:\/\/radiolitoral.com\/2025\/05\/la-carretera-teulada-moraira-retoma-obras-este-martes-con-restricciones-al-trafico\/#respond"]}]},{"@type":["WebPage","ItemPage"],"@id":"https:\/\/radiolitoral.com\/2025\/05\/la-carretera-teulada-moraira-retoma-obras-este-martes-con-restricciones-al-trafico\/","url":"https:\/\/radiolitoral.com\/2025\/05\/la-carretera-teulada-moraira-retoma-obras-este-martes-con-restricciones-al-trafico\/","name":"La carretera Teulada-Moraira repr\u00e8n obres aquest dimarts amb restriccions al tr\u00e0nsit | R\u00e0dio Litoral","isPartOf":{"@id":"https:\/\/radiolitoral.com\/#website"},"primaryImageOfPage":{"@id":"https:\/\/radiolitoral.com\/2025\/05\/la-carretera-teulada-moraira-retoma-obras-este-martes-con-restricciones-al-trafico\/#primaryimage"},"image":{"@id":"https:\/\/radiolitoral.com\/2025\/05\/la-carretera-teulada-moraira-retoma-obras-este-martes-con-restricciones-al-trafico\/#primaryimage"},"thumbnailUrl":"https:\/\/media.radiolitoral.com\/wp-content\/uploads\/2025\/03\/31102656\/NOTA-DE-PRENSA-El-Ayuntamiento-de-Teulada-habilita-un-nuevo-desvio-para-el-trafico-por-las-obras-de-ampliacion-de-la-carretera-Teulada-Moraira-scaled.jpeg","datePublished":"2025-05-05T06:49:45+00:00","description":"Els talls afectaran el sentit descendent de la via CV-743","breadcrumb":{"@id":"https:\/\/radiolitoral.com\/2025\/05\/la-carretera-teulada-moraira-retoma-obras-este-martes-con-restricciones-al-trafico\/#breadcrumb"},"inLanguage":"ca","potentialAction":[{"@type":"ReadAction","target":["https:\/\/radiolitoral.com\/2025\/05\/la-carretera-teulada-moraira-retoma-obras-este-martes-con-restricciones-al-trafico\/"]}]},{"@type":"ImageObject","inLanguage":"ca","@id":"https:\/\/radiolitoral.com\/2025\/05\/la-carretera-teulada-moraira-retoma-obras-este-martes-con-restricciones-al-trafico\/#primaryimage","url":"https:\/\/media.radiolitoral.com\/wp-content\/uploads\/2025\/03\/31102656\/NOTA-DE-PRENSA-El-Ayuntamiento-de-Teulada-habilita-un-nuevo-desvio-para-el-trafico-por-las-obras-de-ampliacion-de-la-carretera-Teulada-Moraira-scaled.jpeg","contentUrl":"https:\/\/media.radiolitoral.com\/wp-content\/uploads\/2025\/03\/31102656\/NOTA-DE-PRENSA-El-Ayuntamiento-de-Teulada-habilita-un-nuevo-desvio-para-el-trafico-por-las-obras-de-ampliacion-de-la-carretera-Teulada-Moraira-scaled.jpeg","width":2560,"height":1920},{"@type":"BreadcrumbList","@id":"https:\/\/radiolitoral.com\/2025\/05\/la-carretera-teulada-moraira-retoma-obras-este-martes-con-restricciones-al-trafico\/#breadcrumb","itemListElement":[{"@type":"ListItem","position":1,"name":"Portada","item":"https:\/\/radiolitoral.com\/"},{"@type":"ListItem","position":2,"name":"La carretera Teulada-Moraira retoma obras este martes con restricciones al tr\u00e1fico"}]},{"@type":"WebSite","@id":"https:\/\/radiolitoral.com\/#website","url":"https:\/\/radiolitoral.com\/","name":"R\u00e0dio Litoral","description":"La r\u00e0dio local de la Marina Alta","publisher":{"@id":"https:\/\/radiolitoral.com\/#organization"},"alternateName":"Litoral FM","potentialAction":[{"@type":"SearchAction","target":{"@type":"EntryPoint","urlTemplate":"https:\/\/radiolitoral.com\/?s={search_term_string}"},"query-input":{"@type":"PropertyValueSpecification","valueRequired":true,"valueName":"search_term_string"}}],"inLanguage":"ca"},{"@type":"Organization","@id":"https:\/\/radiolitoral.com\/#organization","name":"R\u00e0dio Litoral","url":"https:\/\/radiolitoral.com\/","logo":{"@type":"ImageObject","inLanguage":"ca","@id":"https:\/\/radiolitoral.com\/#\/schema\/logo\/image\/","url":"https:\/\/media.radiolitoral.com\/wp-content\/uploads\/2023\/02\/24143238\/CL-V-RadioLitoral696.png","contentUrl":"https:\/\/media.radiolitoral.com\/wp-content\/uploads\/2023\/02\/24143238\/CL-V-RadioLitoral696.png","width":696,"height":696,"caption":"Radio Litoral"},"image":{"@id":"https:\/\/radiolitoral.com\/#\/schema\/logo\/image\/"},"sameAs":["https:\/\/www.facebook.com\/Laradiolitoral\/"]},{"@type":"Person","@id":"https:\/\/radiolitoral.com\/#\/schema\/person\/96b739642eb3bedb532aac3812d23307","name":"Redacci\u00f3","image":{"@type":"ImageObject","inLanguage":"ca","@id":"https:\/\/secure.gravatar.com\/avatar\/30cd06129ee90411dd9c7cbdcf17464181d1a3c7b072e92070ea75a25cf0097e?s=96&d=mm&r=g","url":"https:\/\/secure.gravatar.com\/avatar\/30cd06129ee90411dd9c7cbdcf17464181d1a3c7b072e92070ea75a25cf0097e?s=96&d=mm&r=g","contentUrl":"https:\/\/secure.gravatar.com\/avatar\/30cd06129ee90411dd9c7cbdcf17464181d1a3c7b072e92070ea75a25cf0097e?s=96&d=mm&r=g","caption":"Redacci\u00f3n"},"url":"https:\/\/radiolitoral.com\/ca\/author\/kevin-carrio\/"}]}},"_links":{"self":[{"href":"https:\/\/radiolitoral.com\/ca\/wp-json\/wp\/v2\/posts\/16532","targetHints":{"allow":["GET"]}}],"collection":[{"href":"https:\/\/radiolitoral.com\/ca\/wp-json\/wp\/v2\/posts"}],"about":[{"href":"https:\/\/radiolitoral.com\/ca\/wp-json\/wp\/v2\/types\/post"}],"author":[{"embeddable":true,"href":"https:\/\/radiolitoral.com\/ca\/wp-json\/wp\/v2\/users\/14"}],"replies":[{"embeddable":true,"href":"https:\/\/radiolitoral.com\/ca\/wp-json\/wp\/v2\/comments?post=16532"}],"version-history":[{"count":1,"href":"https:\/\/radiolitoral.com\/ca\/wp-json\/wp\/v2\/posts\/16532\/revisions"}],"predecessor-version":[{"id":16533,"href":"https:\/\/radiolitoral.com\/ca\/wp-json\/wp\/v2\/posts\/16532\/revisions\/16533"}],"wp:featuredmedia":[{"embeddable":true,"href":"https:\/\/radiolitoral.com\/ca\/wp-json\/wp\/v2\/media\/15851"}],"wp:attachment":[{"href":"https:\/\/radiolitoral.com\/ca\/wp-json\/wp\/v2\/media?parent=16532"}],"wp:term":[{"taxonomy":"category","embeddable":true,"href":"https:\/\/radiolitoral.com\/ca\/wp-json\/wp\/v2\/categories?post=16532"},{"taxonomy":"post_tag","embeddable":true,"href":"https:\/\/radiolitoral.com\/ca\/wp-json\/wp\/v2\/tags?post=16532"}],"curies":[{"name":"wp","href":"https:\/\/api.w.org\/{rel}","templated":true}]}}