{"id":16526,"date":"2025-05-03T09:32:01","date_gmt":"2025-05-03T07:32:01","guid":{"rendered":"https:\/\/radiolitoral.com\/?p=16526"},"modified":"2025-05-03T09:32:01","modified_gmt":"2025-05-03T07:32:01","slug":"rescatada-en-helicopter-una-senderista-al-forat-de-bernia-a-benissa","status":"publish","type":"post","link":"https:\/\/radiolitoral.com\/ca\/2025\/05\/rescatada-en-helicoptero-una-senderista-en-el-forat-de-bernia-en-benissa\/","title":{"rendered":"Rescatada en helic\u00f2pter una senderista al forat de B\u00e8rnia a Benissa"},"content":{"rendered":"<p class=\"\" data-start=\"364\" data-end=\"680\">Una jornada de senderisme al <strong>cam\u00ed del Forat de B\u00e8rnia<\/strong>, a Benissa, a prop de les conegudes <strong data-start=\"495\" data-end=\"514\">Coves de l&#039;Aigua<\/strong>, va acabar amb una operaci\u00f3 de rescat aeri despr\u00e9s de la<strong> caiguda d&#039;una dona<\/strong> que va patir una possible <strong data-start=\"609\" data-end=\"645\">fractura al turmell esquerre<\/strong>, impedint continuar la marxa.<\/p>\n<p class=\"\" data-start=\"364\" data-end=\"680\">L&#039;av\u00eds es va rebre, el divendres 2 de maig a les <strong data-start=\"708\" data-end=\"723\">14:20 hores<\/strong>, moment en qu\u00e8 es va activar un dispositiu d&#039;emerg\u00e8ncia compost pel <strong data-start=\"799\" data-end=\"823\">helic\u00f2pter Alpha 01<\/strong> i el <strong data-start=\"829\" data-end=\"864\">Grup Especial de Rescat (GER)<\/strong>.<\/p>\n<p class=\"\" data-start=\"364\" data-end=\"680\">Donada la complexitat del terreny, els efectius van accedir per via a\u00e8ria, van estabilitzar la ferida aplicant-li una <strong data-start=\"981\" data-end=\"1000\">f\u00e8rula de buit<\/strong>, i van procedir a la seva evacuaci\u00f3 mitjan\u00e7ant <strong data-start=\"1041\" data-end=\"1049\">grua<\/strong> fins a l&#039;helisuperf\u00edcie de <strong data-start=\"1077\" data-end=\"1090\">Finestrat<\/strong>, on un equip de <strong data-start=\"1111\" data-end=\"1141\">Suport Vital B\u00e0sic (SVB)<\/strong> es va fer c\u00e0rrec del trasllat sanitari.<\/p>\n<p class=\"\" data-start=\"364\" data-end=\"680\">La intervenci\u00f3 va finalitzar a les <strong data-start=\"1214\" data-end=\"1229\">15:47 hores<\/strong>, sense m\u00e9s incid\u00e8ncies.<\/p>","protected":false},"excerpt":{"rendered":"<p>Una jornada de senderismo en el camino del Forat de Bernia, en Benissa, cerca de las conocidas Cuevas del Agua, termin\u00f3 con una operaci\u00f3n de rescate a\u00e9reo tras la ca\u00edda de una mujer que sufri\u00f3 una posible fractura en el tobillo izquierdo, impidi\u00e9ndole continuar la marcha. El aviso se recibi\u00f3, el viernes 2 de mayo [&#8230;]<\/p>\n<p><a class=\"btn btn-secondary understrap-read-more-link\" href=\"https:\/\/radiolitoral.com\/ca\/2025\/05\/rescatada-en-helicoptero-una-senderista-en-el-forat-de-bernia-en-benissa\/\">Continua llegint&#8230;<span class=\"screen-reader-text\"> from Rescatada en helic\u00f3ptero una senderista en el forat de Bernia en Benissa<\/span><\/a><\/p>\n","protected":false},"author":13,"featured_media":16528,"comment_status":"open","ping_status":"closed","sticky":false,"template":"","format":"standard","meta":{"_acf_changed":false,"inline_featured_image":false,"footnotes":""},"categories":[8],"tags":[4102,126,4250,4249,4248,1170,4247,634,4251,464],"class_list":["post-16526","post","type-post","status-publish","format-standard","has-post-thumbnail","hentry","category-sucesos","tag-alpha-01-helicoptero-rescate","tag-benissa","tag-caida-en-forat-de-bernia","tag-consorocio-provincial-de-bomberos","tag-forat-de-bernia","tag-rescate","tag-rescate-bomberos","tag-rescate-senderista","tag-rescate-senderista-benissa","tag-sierra-de-bernia","cobertura-benissa"],"acf":[],"yoast_head":"<!-- This site is optimized with the Yoast SEO plugin v27.5 - https:\/\/yoast.com\/product\/yoast-seo-wordpress\/ -->\n<title>Rescatada en helic\u00f3ptero una senderista en el forat de Bernia en Benissa | R\u00e0dio Litoral<\/title>\n<meta name=\"description\" content=\"La mujer sufri\u00f3 una posible fractura de tobillo en una zona de dif\u00edcil acceso La mujer sufri\u00f3 una posible fractura de tobillo en una zona de dif\u00edcil acceso\" \/>\n<meta name=\"robots\" content=\"index, follow, max-snippet:-1, max-image-preview:large, max-video-preview:-1\" \/>\n<link rel=\"canonical\" href=\"https:\/\/radiolitoral.com\/ca\/2025\/05\/rescatada-en-helicopter-una-senderista-al-forat-de-bernia-a-benissa\/\" \/>\n<meta property=\"og:locale\" content=\"ca_ES\" \/>\n<meta property=\"og:type\" content=\"article\" \/>\n<meta property=\"og:title\" content=\"Rescatada en helic\u00f3ptero una senderista en el forat de Bernia en Benissa | R\u00e0dio Litoral\" \/>\n<meta property=\"og:description\" content=\"La mujer sufri\u00f3 una posible fractura de tobillo en una zona de dif\u00edcil acceso La mujer sufri\u00f3 una posible fractura de tobillo en una zona de dif\u00edcil acceso\" \/>\n<meta property=\"og:url\" content=\"https:\/\/radiolitoral.com\/ca\/2025\/05\/rescatada-en-helicopter-una-senderista-al-forat-de-bernia-a-benissa\/\" \/>\n<meta property=\"og:site_name\" content=\"R\u00e0dio Litoral\" \/>\n<meta property=\"article:publisher\" content=\"https:\/\/www.facebook.com\/Laradiolitoral\/\" \/>\n<meta property=\"article:published_time\" content=\"2025-05-03T07:32:01+00:00\" \/>\n<meta property=\"og:image\" content=\"https:\/\/media.radiolitoral.com\/wp-content\/uploads\/2025\/05\/03093036\/Helicoptero-bomberos-rescate-Bernia.jpeg\" \/>\n\t<meta property=\"og:image:width\" content=\"1600\" \/>\n\t<meta property=\"og:image:height\" content=\"1087\" \/>\n\t<meta property=\"og:image:type\" content=\"image\/jpeg\" \/>\n<meta name=\"author\" content=\"Redacci\u00f3n\" \/>\n<meta name=\"twitter:card\" content=\"summary_large_image\" \/>\n<meta name=\"twitter:label1\" content=\"Escrit per\" \/>\n\t<meta name=\"twitter:data1\" content=\"Redacci\u00f3n\" \/>\n\t<meta name=\"twitter:label2\" content=\"Temps estimat de lectura\" \/>\n\t<meta name=\"twitter:data2\" content=\"1 minut\" \/>\n<script type=\"application\/ld+json\" class=\"yoast-schema-graph\">{\"@context\":\"https:\\\/\\\/schema.org\",\"@graph\":[{\"@type\":\"NewsArticle\",\"@id\":\"https:\\\/\\\/radiolitoral.com\\\/2025\\\/05\\\/rescatada-en-helicoptero-una-senderista-en-el-forat-de-bernia-en-benissa\\\/#article\",\"isPartOf\":{\"@id\":\"https:\\\/\\\/radiolitoral.com\\\/2025\\\/05\\\/rescatada-en-helicoptero-una-senderista-en-el-forat-de-bernia-en-benissa\\\/\"},\"author\":{\"name\":\"Redacci\u00f3n\",\"@id\":\"https:\\\/\\\/radiolitoral.com\\\/#\\\/schema\\\/person\\\/f2b2343c49b5d721857cc1002bfdb151\"},\"headline\":\"Rescatada en helic\u00f3ptero una senderista en el forat de Bernia en Benissa\",\"datePublished\":\"2025-05-03T07:32:01+00:00\",\"mainEntityOfPage\":{\"@id\":\"https:\\\/\\\/radiolitoral.com\\\/2025\\\/05\\\/rescatada-en-helicoptero-una-senderista-en-el-forat-de-bernia-en-benissa\\\/\"},\"wordCount\":163,\"commentCount\":0,\"publisher\":{\"@id\":\"https:\\\/\\\/radiolitoral.com\\\/#organization\"},\"image\":{\"@id\":\"https:\\\/\\\/radiolitoral.com\\\/2025\\\/05\\\/rescatada-en-helicoptero-una-senderista-en-el-forat-de-bernia-en-benissa\\\/#primaryimage\"},\"thumbnailUrl\":\"https:\\\/\\\/media.radiolitoral.com\\\/wp-content\\\/uploads\\\/2025\\\/05\\\/03093036\\\/Helicoptero-bomberos-rescate-Bernia.jpeg\",\"keywords\":[\"Alpha 01 helic\u00f3ptero rescate\",\"Benissa\",\"ca\u00edda en Forat de Bernia\",\"Consorocio Provincial de Bomberos\",\"forat de Bernia\",\"rescate\",\"rescate bomberos\",\"rescate senderista\",\"rescate senderista Benissa\",\"Sierra de Bernia\"],\"articleSection\":[\"Sucesos\"],\"inLanguage\":\"ca\",\"potentialAction\":[{\"@type\":\"CommentAction\",\"name\":\"Comment\",\"target\":[\"https:\\\/\\\/radiolitoral.com\\\/2025\\\/05\\\/rescatada-en-helicoptero-una-senderista-en-el-forat-de-bernia-en-benissa\\\/#respond\"]}]},{\"@type\":[\"WebPage\",\"ItemPage\"],\"@id\":\"https:\\\/\\\/radiolitoral.com\\\/2025\\\/05\\\/rescatada-en-helicoptero-una-senderista-en-el-forat-de-bernia-en-benissa\\\/\",\"url\":\"https:\\\/\\\/radiolitoral.com\\\/2025\\\/05\\\/rescatada-en-helicoptero-una-senderista-en-el-forat-de-bernia-en-benissa\\\/\",\"name\":\"Rescatada en helic\u00f3ptero una senderista en el forat de Bernia en Benissa | R\u00e0dio Litoral\",\"isPartOf\":{\"@id\":\"https:\\\/\\\/radiolitoral.com\\\/#website\"},\"primaryImageOfPage\":{\"@id\":\"https:\\\/\\\/radiolitoral.com\\\/2025\\\/05\\\/rescatada-en-helicoptero-una-senderista-en-el-forat-de-bernia-en-benissa\\\/#primaryimage\"},\"image\":{\"@id\":\"https:\\\/\\\/radiolitoral.com\\\/2025\\\/05\\\/rescatada-en-helicoptero-una-senderista-en-el-forat-de-bernia-en-benissa\\\/#primaryimage\"},\"thumbnailUrl\":\"https:\\\/\\\/media.radiolitoral.com\\\/wp-content\\\/uploads\\\/2025\\\/05\\\/03093036\\\/Helicoptero-bomberos-rescate-Bernia.jpeg\",\"datePublished\":\"2025-05-03T07:32:01+00:00\",\"description\":\"La mujer sufri\u00f3 una posible fractura de tobillo en una zona de dif\u00edcil acceso La mujer sufri\u00f3 una posible fractura de tobillo en una zona de dif\u00edcil acceso\",\"breadcrumb\":{\"@id\":\"https:\\\/\\\/radiolitoral.com\\\/2025\\\/05\\\/rescatada-en-helicoptero-una-senderista-en-el-forat-de-bernia-en-benissa\\\/#breadcrumb\"},\"inLanguage\":\"ca\",\"potentialAction\":[{\"@type\":\"ReadAction\",\"target\":[\"https:\\\/\\\/radiolitoral.com\\\/2025\\\/05\\\/rescatada-en-helicoptero-una-senderista-en-el-forat-de-bernia-en-benissa\\\/\"]}]},{\"@type\":\"ImageObject\",\"inLanguage\":\"ca\",\"@id\":\"https:\\\/\\\/radiolitoral.com\\\/2025\\\/05\\\/rescatada-en-helicoptero-una-senderista-en-el-forat-de-bernia-en-benissa\\\/#primaryimage\",\"url\":\"https:\\\/\\\/media.radiolitoral.com\\\/wp-content\\\/uploads\\\/2025\\\/05\\\/03093036\\\/Helicoptero-bomberos-rescate-Bernia.jpeg\",\"contentUrl\":\"https:\\\/\\\/media.radiolitoral.com\\\/wp-content\\\/uploads\\\/2025\\\/05\\\/03093036\\\/Helicoptero-bomberos-rescate-Bernia.jpeg\",\"width\":1600,\"height\":1087},{\"@type\":\"BreadcrumbList\",\"@id\":\"https:\\\/\\\/radiolitoral.com\\\/2025\\\/05\\\/rescatada-en-helicoptero-una-senderista-en-el-forat-de-bernia-en-benissa\\\/#breadcrumb\",\"itemListElement\":[{\"@type\":\"ListItem\",\"position\":1,\"name\":\"Portada\",\"item\":\"https:\\\/\\\/radiolitoral.com\\\/\"},{\"@type\":\"ListItem\",\"position\":2,\"name\":\"Rescatada en helic\u00f3ptero una senderista en el forat de Bernia en Benissa\"}]},{\"@type\":\"WebSite\",\"@id\":\"https:\\\/\\\/radiolitoral.com\\\/#website\",\"url\":\"https:\\\/\\\/radiolitoral.com\\\/\",\"name\":\"Radio Litoral\",\"description\":\"La radio local de la Marina Alta\",\"publisher\":{\"@id\":\"https:\\\/\\\/radiolitoral.com\\\/#organization\"},\"alternateName\":\"Litoral FM\",\"potentialAction\":[{\"@type\":\"SearchAction\",\"target\":{\"@type\":\"EntryPoint\",\"urlTemplate\":\"https:\\\/\\\/radiolitoral.com\\\/?s={search_term_string}\"},\"query-input\":{\"@type\":\"PropertyValueSpecification\",\"valueRequired\":true,\"valueName\":\"search_term_string\"}}],\"inLanguage\":\"ca\"},{\"@type\":\"Organization\",\"@id\":\"https:\\\/\\\/radiolitoral.com\\\/#organization\",\"name\":\"Radio Litoral\",\"url\":\"https:\\\/\\\/radiolitoral.com\\\/\",\"logo\":{\"@type\":\"ImageObject\",\"inLanguage\":\"ca\",\"@id\":\"https:\\\/\\\/radiolitoral.com\\\/#\\\/schema\\\/logo\\\/image\\\/\",\"url\":\"https:\\\/\\\/media.radiolitoral.com\\\/wp-content\\\/uploads\\\/2023\\\/02\\\/24143238\\\/CL-V-RadioLitoral696.png\",\"contentUrl\":\"https:\\\/\\\/media.radiolitoral.com\\\/wp-content\\\/uploads\\\/2023\\\/02\\\/24143238\\\/CL-V-RadioLitoral696.png\",\"width\":696,\"height\":696,\"caption\":\"Radio Litoral\"},\"image\":{\"@id\":\"https:\\\/\\\/radiolitoral.com\\\/#\\\/schema\\\/logo\\\/image\\\/\"},\"sameAs\":[\"https:\\\/\\\/www.facebook.com\\\/Laradiolitoral\\\/\"]},{\"@type\":\"Person\",\"@id\":\"https:\\\/\\\/radiolitoral.com\\\/#\\\/schema\\\/person\\\/f2b2343c49b5d721857cc1002bfdb151\",\"name\":\"Redacci\u00f3n\",\"image\":{\"@type\":\"ImageObject\",\"inLanguage\":\"ca\",\"@id\":\"https:\\\/\\\/secure.gravatar.com\\\/avatar\\\/f771d896c203ad8b3382d7905cfcce5a5c9b008b84b3cd9114e9b9f4cb63f789?s=96&d=mm&r=g\",\"url\":\"https:\\\/\\\/secure.gravatar.com\\\/avatar\\\/f771d896c203ad8b3382d7905cfcce5a5c9b008b84b3cd9114e9b9f4cb63f789?s=96&d=mm&r=g\",\"contentUrl\":\"https:\\\/\\\/secure.gravatar.com\\\/avatar\\\/f771d896c203ad8b3382d7905cfcce5a5c9b008b84b3cd9114e9b9f4cb63f789?s=96&d=mm&r=g\",\"caption\":\"Redacci\u00f3n\"},\"url\":\"https:\\\/\\\/radiolitoral.com\\\/ca\\\/author\\\/miriam-pagan\\\/\"}]}<\/script>\n<!-- \/ Yoast SEO plugin. -->","yoast_head_json":{"title":"Rescatada en helic\u00f2pter una senderista al forat de B\u00e8rnia a Benissa | R\u00e0dio Litoral","description":"La dona va patir una possible fractura de turmell a una zona de dif\u00edcil acc\u00e9s La dona va patir una possible fractura de turmell en una zona de dif\u00edcil acc\u00e9s","robots":{"index":"index","follow":"follow","max-snippet":"max-snippet:-1","max-image-preview":"max-image-preview:large","max-video-preview":"max-video-preview:-1"},"canonical":"https:\/\/radiolitoral.com\/ca\/2025\/05\/rescatada-en-helicopter-una-senderista-al-forat-de-bernia-a-benissa\/","og_locale":"ca_ES","og_type":"article","og_title":"Rescatada en helic\u00f3ptero una senderista en el forat de Bernia en Benissa | R\u00e0dio Litoral","og_description":"La mujer sufri\u00f3 una posible fractura de tobillo en una zona de dif\u00edcil acceso La mujer sufri\u00f3 una posible fractura de tobillo en una zona de dif\u00edcil acceso","og_url":"https:\/\/radiolitoral.com\/ca\/2025\/05\/rescatada-en-helicopter-una-senderista-al-forat-de-bernia-a-benissa\/","og_site_name":"R\u00e0dio Litoral","article_publisher":"https:\/\/www.facebook.com\/Laradiolitoral\/","article_published_time":"2025-05-03T07:32:01+00:00","og_image":[{"width":1600,"height":1087,"url":"https:\/\/media.radiolitoral.com\/wp-content\/uploads\/2025\/05\/03093036\/Helicoptero-bomberos-rescate-Bernia.jpeg","type":"image\/jpeg"}],"author":"Redacci\u00f3n","twitter_card":"summary_large_image","twitter_misc":{"Escrit per":"Redacci\u00f3n","Temps estimat de lectura":"1 minut"},"schema":{"@context":"https:\/\/schema.org","@graph":[{"@type":"NewsArticle","@id":"https:\/\/radiolitoral.com\/2025\/05\/rescatada-en-helicoptero-una-senderista-en-el-forat-de-bernia-en-benissa\/#article","isPartOf":{"@id":"https:\/\/radiolitoral.com\/2025\/05\/rescatada-en-helicoptero-una-senderista-en-el-forat-de-bernia-en-benissa\/"},"author":{"name":"Redacci\u00f3n","@id":"https:\/\/radiolitoral.com\/#\/schema\/person\/f2b2343c49b5d721857cc1002bfdb151"},"headline":"Rescatada en helic\u00f3ptero una senderista en el forat de Bernia en Benissa","datePublished":"2025-05-03T07:32:01+00:00","mainEntityOfPage":{"@id":"https:\/\/radiolitoral.com\/2025\/05\/rescatada-en-helicoptero-una-senderista-en-el-forat-de-bernia-en-benissa\/"},"wordCount":163,"commentCount":0,"publisher":{"@id":"https:\/\/radiolitoral.com\/#organization"},"image":{"@id":"https:\/\/radiolitoral.com\/2025\/05\/rescatada-en-helicoptero-una-senderista-en-el-forat-de-bernia-en-benissa\/#primaryimage"},"thumbnailUrl":"https:\/\/media.radiolitoral.com\/wp-content\/uploads\/2025\/05\/03093036\/Helicoptero-bomberos-rescate-Bernia.jpeg","keywords":["Alpha 01 helic\u00f3ptero rescate","Benissa","ca\u00edda en Forat de Bernia","Consorocio Provincial de Bomberos","forat de Bernia","rescate","rescate bomberos","rescate senderista","rescate senderista Benissa","Sierra de Bernia"],"articleSection":["Sucesos"],"inLanguage":"ca","potentialAction":[{"@type":"CommentAction","name":"Comment","target":["https:\/\/radiolitoral.com\/2025\/05\/rescatada-en-helicoptero-una-senderista-en-el-forat-de-bernia-en-benissa\/#respond"]}]},{"@type":["WebPage","ItemPage"],"@id":"https:\/\/radiolitoral.com\/2025\/05\/rescatada-en-helicoptero-una-senderista-en-el-forat-de-bernia-en-benissa\/","url":"https:\/\/radiolitoral.com\/2025\/05\/rescatada-en-helicoptero-una-senderista-en-el-forat-de-bernia-en-benissa\/","name":"Rescatada en helic\u00f2pter una senderista al forat de B\u00e8rnia a Benissa | R\u00e0dio Litoral","isPartOf":{"@id":"https:\/\/radiolitoral.com\/#website"},"primaryImageOfPage":{"@id":"https:\/\/radiolitoral.com\/2025\/05\/rescatada-en-helicoptero-una-senderista-en-el-forat-de-bernia-en-benissa\/#primaryimage"},"image":{"@id":"https:\/\/radiolitoral.com\/2025\/05\/rescatada-en-helicoptero-una-senderista-en-el-forat-de-bernia-en-benissa\/#primaryimage"},"thumbnailUrl":"https:\/\/media.radiolitoral.com\/wp-content\/uploads\/2025\/05\/03093036\/Helicoptero-bomberos-rescate-Bernia.jpeg","datePublished":"2025-05-03T07:32:01+00:00","description":"La dona va patir una possible fractura de turmell a una zona de dif\u00edcil acc\u00e9s La dona va patir una possible fractura de turmell en una zona de dif\u00edcil acc\u00e9s","breadcrumb":{"@id":"https:\/\/radiolitoral.com\/2025\/05\/rescatada-en-helicoptero-una-senderista-en-el-forat-de-bernia-en-benissa\/#breadcrumb"},"inLanguage":"ca","potentialAction":[{"@type":"ReadAction","target":["https:\/\/radiolitoral.com\/2025\/05\/rescatada-en-helicoptero-una-senderista-en-el-forat-de-bernia-en-benissa\/"]}]},{"@type":"ImageObject","inLanguage":"ca","@id":"https:\/\/radiolitoral.com\/2025\/05\/rescatada-en-helicoptero-una-senderista-en-el-forat-de-bernia-en-benissa\/#primaryimage","url":"https:\/\/media.radiolitoral.com\/wp-content\/uploads\/2025\/05\/03093036\/Helicoptero-bomberos-rescate-Bernia.jpeg","contentUrl":"https:\/\/media.radiolitoral.com\/wp-content\/uploads\/2025\/05\/03093036\/Helicoptero-bomberos-rescate-Bernia.jpeg","width":1600,"height":1087},{"@type":"BreadcrumbList","@id":"https:\/\/radiolitoral.com\/2025\/05\/rescatada-en-helicoptero-una-senderista-en-el-forat-de-bernia-en-benissa\/#breadcrumb","itemListElement":[{"@type":"ListItem","position":1,"name":"Portada","item":"https:\/\/radiolitoral.com\/"},{"@type":"ListItem","position":2,"name":"Rescatada en helic\u00f3ptero una senderista en el forat de Bernia en Benissa"}]},{"@type":"WebSite","@id":"https:\/\/radiolitoral.com\/#website","url":"https:\/\/radiolitoral.com\/","name":"R\u00e0dio Litoral","description":"La r\u00e0dio local de la Marina Alta","publisher":{"@id":"https:\/\/radiolitoral.com\/#organization"},"alternateName":"Litoral FM","potentialAction":[{"@type":"SearchAction","target":{"@type":"EntryPoint","urlTemplate":"https:\/\/radiolitoral.com\/?s={search_term_string}"},"query-input":{"@type":"PropertyValueSpecification","valueRequired":true,"valueName":"search_term_string"}}],"inLanguage":"ca"},{"@type":"Organization","@id":"https:\/\/radiolitoral.com\/#organization","name":"R\u00e0dio Litoral","url":"https:\/\/radiolitoral.com\/","logo":{"@type":"ImageObject","inLanguage":"ca","@id":"https:\/\/radiolitoral.com\/#\/schema\/logo\/image\/","url":"https:\/\/media.radiolitoral.com\/wp-content\/uploads\/2023\/02\/24143238\/CL-V-RadioLitoral696.png","contentUrl":"https:\/\/media.radiolitoral.com\/wp-content\/uploads\/2023\/02\/24143238\/CL-V-RadioLitoral696.png","width":696,"height":696,"caption":"Radio Litoral"},"image":{"@id":"https:\/\/radiolitoral.com\/#\/schema\/logo\/image\/"},"sameAs":["https:\/\/www.facebook.com\/Laradiolitoral\/"]},{"@type":"Person","@id":"https:\/\/radiolitoral.com\/#\/schema\/person\/f2b2343c49b5d721857cc1002bfdb151","name":"Redacci\u00f3","image":{"@type":"ImageObject","inLanguage":"ca","@id":"https:\/\/secure.gravatar.com\/avatar\/f771d896c203ad8b3382d7905cfcce5a5c9b008b84b3cd9114e9b9f4cb63f789?s=96&d=mm&r=g","url":"https:\/\/secure.gravatar.com\/avatar\/f771d896c203ad8b3382d7905cfcce5a5c9b008b84b3cd9114e9b9f4cb63f789?s=96&d=mm&r=g","contentUrl":"https:\/\/secure.gravatar.com\/avatar\/f771d896c203ad8b3382d7905cfcce5a5c9b008b84b3cd9114e9b9f4cb63f789?s=96&d=mm&r=g","caption":"Redacci\u00f3n"},"url":"https:\/\/radiolitoral.com\/ca\/author\/miriam-pagan\/"}]}},"_links":{"self":[{"href":"https:\/\/radiolitoral.com\/ca\/wp-json\/wp\/v2\/posts\/16526","targetHints":{"allow":["GET"]}}],"collection":[{"href":"https:\/\/radiolitoral.com\/ca\/wp-json\/wp\/v2\/posts"}],"about":[{"href":"https:\/\/radiolitoral.com\/ca\/wp-json\/wp\/v2\/types\/post"}],"author":[{"embeddable":true,"href":"https:\/\/radiolitoral.com\/ca\/wp-json\/wp\/v2\/users\/13"}],"replies":[{"embeddable":true,"href":"https:\/\/radiolitoral.com\/ca\/wp-json\/wp\/v2\/comments?post=16526"}],"version-history":[{"count":2,"href":"https:\/\/radiolitoral.com\/ca\/wp-json\/wp\/v2\/posts\/16526\/revisions"}],"predecessor-version":[{"id":16529,"href":"https:\/\/radiolitoral.com\/ca\/wp-json\/wp\/v2\/posts\/16526\/revisions\/16529"}],"wp:featuredmedia":[{"embeddable":true,"href":"https:\/\/radiolitoral.com\/ca\/wp-json\/wp\/v2\/media\/16528"}],"wp:attachment":[{"href":"https:\/\/radiolitoral.com\/ca\/wp-json\/wp\/v2\/media?parent=16526"}],"wp:term":[{"taxonomy":"category","embeddable":true,"href":"https:\/\/radiolitoral.com\/ca\/wp-json\/wp\/v2\/categories?post=16526"},{"taxonomy":"post_tag","embeddable":true,"href":"https:\/\/radiolitoral.com\/ca\/wp-json\/wp\/v2\/tags?post=16526"}],"curies":[{"name":"wp","href":"https:\/\/api.w.org\/{rel}","templated":true}]}}