{"id":16501,"date":"2025-05-02T10:02:07","date_gmt":"2025-05-02T08:02:07","guid":{"rendered":"https:\/\/radiolitoral.com\/?p=16501"},"modified":"2025-05-02T10:02:07","modified_gmt":"2025-05-02T08:02:07","slug":"el-manises-cf-revalid-el-seu-titol-a-la-nostra-copa","status":"publish","type":"post","link":"https:\/\/radiolitoral.com\/ca\/2025\/05\/el-manises-cf-revalido-su-titulo-en-la-nostra-copa\/","title":{"rendered":"El Manises CF va revalidar el t\u00edtol a La Nostra Copa"},"content":{"rendered":"<p class=\"\" data-start=\"279\" data-end=\"826\">El <strong data-start=\"282\" data-end=\"296\">Manises CF<\/strong> es va coronar <strong data-start=\"307\" data-end=\"336\">campi\u00f3 de La Nostra Copa<\/strong> despr\u00e9s de v\u00e8ncer el <strong data-start=\"352\" data-end=\"366\">Paterna CF<\/strong> per <strong>2-0<\/strong> a la gran final disputada al <strong data-start=\"408\" data-end=\"428\">camp Diego Mena<\/strong> <strong>de D\u00e9nia<\/strong>.La vict\u00f2ria no nom\u00e9s va significar la consecuci\u00f3 del t\u00edtol, sin\u00f3 que tamb\u00e9 va permetre al Manises revalidar el trofeu aconseguit en la passada edici\u00f3, mantenint el seu domini en el torneig m\u00e9s important de la regi\u00f3.<strong data-start=\"668\" data-end=\"687\"> afici\u00f3 bolcada<\/strong>, els jugadors del Manises van donar un espectacle futbol\u00edstic que va emocionar els m\u00e9s de <strong data-start=\"776\" data-end=\"801\">mil cent espectadors<\/strong> presents a les grades.<\/p>\n<p data-start=\"279\" data-end=\"826\">Els campions s&#039;emporten el premi gros de tornar a representar la <strong>FFCV<\/strong>\u00a0a la\u00a0<strong>Copa de SM El Rey<\/strong>; si passa la pr\u00e8via davant un altre equip amateur, rebr\u00e0 de nou un\u00a0<strong>Primera Divisi\u00f3<\/strong>.<\/p>\n<p class=\"\" data-start=\"828\" data-end=\"1111\">La final va ser precedida per un emotiu <strong data-start=\"865\" data-end=\"887\">minut de silenci<\/strong> en homenatge a <strong data-start=\"902\" data-end=\"925\">Manolo el del Bombo<\/strong>, aficionat hist\u00f2ric de la <strong data-start=\"954\" data-end=\"976\">Selecci\u00f3 Espanyola<\/strong>, que va morir aquest mateix mat\u00ed. Un gest de respecte que va unir tots els assistents i va donar el to solemne a una final de gran calibre.<\/p>\n<h2 data-start=\"828\" data-end=\"1111\"><strong data-start=\"1696\" data-end=\"1751\">La UD Aldaia CF, campiona de La Nostra Copa Valenta<\/strong><\/h2>\n<p class=\"\" data-start=\"828\" data-end=\"1111\">A la final de la <strong data-start=\"1772\" data-end=\"1798\">La nostra Copa Valenta<\/strong>, disputada al <strong data-start=\"1816\" data-end=\"1838\">estadi Diego Mena<\/strong> de D\u00e9nia davant <strong data-start=\"1853\" data-end=\"1873\">500 espectadors<\/strong>, la <strong data-start=\"1878\" data-end=\"1894\">UD Aldaia CF<\/strong> es va proclamar campiona despr\u00e9s de derrotar a la <strong data-start=\"1935\" data-end=\"1955\" data-is-only-node=\"\">UD Castellonenca<\/strong> per un ajustat <strong>1-0<\/strong>. El gol de la vict\u00f2ria va ser anotat per <strong data-start=\"2015\" data-end=\"2031\">Andrea Soler<\/strong> al minut 18, una mica que va resultar definitiu per coronar la UD Aldaia com el millor equip en la categoria femenina.<\/p>\n<figure id=\"attachment_16503\" aria-describedby=\"caption-attachment-16503\" style=\"width: 1024px\" class=\"wp-caption alignnone\"><img loading=\"lazy\" decoding=\"async\" class=\"wp-image-16503 size-full\" src=\"https:\/\/media.radiolitoral.com\/wp-content\/uploads\/2025\/05\/02095404\/UD-Aldaia-con-la-copa.jpeg\" alt=\"\" width=\"1024\" height=\"682\" srcset=\"https:\/\/media.radiolitoral.com\/wp-content\/uploads\/2025\/05\/02095404\/UD-Aldaia-con-la-copa.jpeg 1024w, https:\/\/media.radiolitoral.com\/wp-content\/uploads\/2025\/05\/02095404\/UD-Aldaia-con-la-copa-300x200.jpeg 300w, https:\/\/media.radiolitoral.com\/wp-content\/uploads\/2025\/05\/02095404\/UD-Aldaia-con-la-copa-768x512.jpeg 768w, https:\/\/media.radiolitoral.com\/wp-content\/uploads\/2025\/05\/02095404\/UD-Aldaia-con-la-copa-18x12.jpeg 18w, https:\/\/media.radiolitoral.com\/wp-content\/uploads\/2025\/05\/02095404\/UD-Aldaia-con-la-copa-1000x666.jpeg 1000w, https:\/\/media.radiolitoral.com\/wp-content\/uploads\/2025\/05\/02095404\/UD-Aldaia-con-la-copa-100x67.jpeg 100w, https:\/\/media.radiolitoral.com\/wp-content\/uploads\/2025\/05\/02095404\/UD-Aldaia-con-la-copa-200x133.jpeg 200w\" sizes=\"auto, (max-width: 1024px) 100vw, 1024px\" \/><figcaption id=\"caption-attachment-16503\" class=\"wp-caption-text\">La UD Aldaia amb el seu trofeu | FFCV<\/figcaption><\/figure>\n<div class=\"mceTemp\"><\/div>\n<h2 data-start=\"828\" data-end=\"1111\"><strong data-start=\"2158\" data-end=\"2202\">El Val\u00e8ncia CF s&#039;al\u00e7a amb la Copa Alev\u00ed<\/strong><\/h2>\n<p class=\"\" data-start=\"828\" data-end=\"1111\">A la nova categoria <strong data-start=\"2227\" data-end=\"2251\">La nostra Copa Alev\u00ed<\/strong>, destinada a facilitar la transici\u00f3 del futbol vuit al futbol onze, el <strong data-start=\"2324\" data-end=\"2339\">Val\u00e8ncia CF<\/strong> es va consagrar campi\u00f3 despr\u00e9s de v\u00e8ncer el <strong data-start=\"2375\" data-end=\"2387\">Elx CF<\/strong> per <strong>3-1<\/strong> en una final disputada tamb\u00e9 a l&#039;estadi Diego Mena. Tot i la gran batalla que va plantejar el <strong data-start=\"2495\" data-end=\"2507\">Elx CF<\/strong>, l&#039;equip valencianista va demostrar la seua superioritat gr\u00e0cies a la <strong data-start=\"2571\" data-end=\"2593\" data-is-only-node=\"\">qualitat individual<\/strong> dels seus davanters, que van marcar la difer\u00e8ncia al marcador.<\/p>\n<figure id=\"attachment_16504\" aria-describedby=\"caption-attachment-16504\" style=\"width: 1264px\" class=\"wp-caption alignnone\"><img loading=\"lazy\" decoding=\"async\" class=\"wp-image-16504 size-full\" src=\"https:\/\/media.radiolitoral.com\/wp-content\/uploads\/2025\/05\/02095442\/Final-La-Nostra-Copa-Alevi.jpg\" alt=\"\" width=\"1264\" height=\"914\" srcset=\"https:\/\/media.radiolitoral.com\/wp-content\/uploads\/2025\/05\/02095442\/Final-La-Nostra-Copa-Alevi.jpg 1264w, https:\/\/media.radiolitoral.com\/wp-content\/uploads\/2025\/05\/02095442\/Final-La-Nostra-Copa-Alevi-300x217.jpg 300w, https:\/\/media.radiolitoral.com\/wp-content\/uploads\/2025\/05\/02095442\/Final-La-Nostra-Copa-Alevi-1024x740.jpg 1024w, https:\/\/media.radiolitoral.com\/wp-content\/uploads\/2025\/05\/02095442\/Final-La-Nostra-Copa-Alevi-768x555.jpg 768w, https:\/\/media.radiolitoral.com\/wp-content\/uploads\/2025\/05\/02095442\/Final-La-Nostra-Copa-Alevi-18x12.jpg 18w, https:\/\/media.radiolitoral.com\/wp-content\/uploads\/2025\/05\/02095442\/Final-La-Nostra-Copa-Alevi-1000x723.jpg 1000w, https:\/\/media.radiolitoral.com\/wp-content\/uploads\/2025\/05\/02095442\/Final-La-Nostra-Copa-Alevi-100x72.jpg 100w, https:\/\/media.radiolitoral.com\/wp-content\/uploads\/2025\/05\/02095442\/Final-La-Nostra-Copa-Alevi-200x145.jpg 200w\" sizes=\"auto, (max-width: 1264px) 100vw, 1264px\" \/><figcaption id=\"caption-attachment-16504\" class=\"wp-caption-text\">El Val\u00e8ncia CF alev\u00ed amb la copa | FFCV<\/figcaption><\/figure>\n<p data-start=\"828\" data-end=\"1111\">La jornada de <strong data-start=\"2720\" data-end=\"2738\">La nostra Copa<\/strong> es va tancar amb una <strong data-start=\"2756\" data-end=\"2781\">gran festa esportiva<\/strong>, en qu\u00e8 els equips i les aficions van viure moments d&#039;emoci\u00f3 i camaraderia. L&#039;organitzaci\u00f3 de la <strong>Federaci\u00f3 de Futbol de la Comunitat Valenciana<\/strong> que va ser espectacular, va aconseguir reunir un gran nombre d&#039;aficionats, consolidant aquesta competici\u00f3 com un dels grans esdeveniments del futbol a la <strong data-start=\"3041\" data-end=\"3065\">Comunitat Valenciana<\/strong>.<\/p>\n<p><script src=\"chrome-extension:\/\/flbolonkboilcbnohjlchlfgdalomdpl\/iFrame.js\" type=\"text\/javascript\"><\/script><\/p>","protected":false},"excerpt":{"rendered":"<p>El Manises CF se coron\u00f3 campe\u00f3n de La Nostra Copa tras vencer al Paterna CF por 2-0 en la gran final disputada en el campo Diego Mena de D\u00e9nia. La victoria no solo signific\u00f3 la consecuci\u00f3n del t\u00edtulo, sino que tambi\u00e9n permiti\u00f3 al Manises revalidar el trofeo logrado en la pasada edici\u00f3n, manteniendo su dominio [&#8230;]<\/p>\n<p><a class=\"btn btn-secondary understrap-read-more-link\" href=\"https:\/\/radiolitoral.com\/ca\/2025\/05\/el-manises-cf-revalido-su-titulo-en-la-nostra-copa\/\">Continua llegint&#8230;<span class=\"screen-reader-text\"> from El Manises CF revalid\u00f3 su t\u00edtulo en La Nostra Copa<\/span><\/a><\/p>\n","protected":false},"author":12,"featured_media":16502,"comment_status":"open","ping_status":"closed","sticky":false,"template":"","format":"standard","meta":{"_acf_changed":false,"inline_featured_image":false,"footnotes":""},"categories":[5],"tags":[1327,6,4220,2683,2000,4221,1761,1464,4216,4217,1037],"class_list":["post-16501","post","type-post","status-publish","format-standard","has-post-thumbnail","hentry","category-deportes","tag-campo-diego-mena","tag-deportes","tag-elche-cf","tag-ffcv","tag-la-nostra-copa","tag-manises-cf","tag-paterna-cf","tag-primera-division","tag-ud-aldaia-cf","tag-ud-castellonense","tag-valencia-cf","cobertura-denia"],"acf":[],"yoast_head":"<!-- This site is optimized with the Yoast SEO plugin v27.5 - https:\/\/yoast.com\/product\/yoast-seo-wordpress\/ -->\n<title>El Manises CF revalid\u00f3 su t\u00edtulo en La Nostra Copa | R\u00e0dio Litoral<\/title>\n<meta name=\"description\" content=\"En La Nostra Copa Valenta el triunfo correspondi\u00f3 a la UD Aldaia mientras que en alevines el campe\u00f3n fue el Valencia CFEn La Nostra Copa Valenta el triunfo correspondi\u00f3 a la UD Aldaia mientras que en alevines el campe\u00f3n fue el Valencia CF\" \/>\n<meta name=\"robots\" content=\"index, follow, max-snippet:-1, max-image-preview:large, max-video-preview:-1\" \/>\n<link rel=\"canonical\" href=\"https:\/\/radiolitoral.com\/ca\/2025\/05\/el-manises-cf-revalid-el-seu-titol-a-la-nostra-copa\/\" \/>\n<meta property=\"og:locale\" content=\"ca_ES\" \/>\n<meta property=\"og:type\" content=\"article\" \/>\n<meta property=\"og:title\" content=\"El Manises CF revalid\u00f3 su t\u00edtulo en La Nostra Copa | R\u00e0dio Litoral\" \/>\n<meta property=\"og:description\" content=\"En La Nostra Copa Valenta el triunfo correspondi\u00f3 a la UD Aldaia mientras que en alevines el campe\u00f3n fue el Valencia CFEn La Nostra Copa Valenta el triunfo correspondi\u00f3 a la UD Aldaia mientras que en alevines el campe\u00f3n fue el Valencia CF\" \/>\n<meta property=\"og:url\" content=\"https:\/\/radiolitoral.com\/ca\/2025\/05\/el-manises-cf-revalid-el-seu-titol-a-la-nostra-copa\/\" \/>\n<meta property=\"og:site_name\" content=\"R\u00e0dio Litoral\" \/>\n<meta property=\"article:publisher\" content=\"https:\/\/www.facebook.com\/Laradiolitoral\/\" \/>\n<meta property=\"article:published_time\" content=\"2025-05-02T08:02:07+00:00\" \/>\n<meta property=\"og:image\" content=\"https:\/\/media.radiolitoral.com\/wp-content\/uploads\/2025\/05\/02095302\/IMG_6064-1024x683-1.jpg\" \/>\n\t<meta property=\"og:image:width\" content=\"1024\" \/>\n\t<meta property=\"og:image:height\" content=\"683\" \/>\n\t<meta property=\"og:image:type\" content=\"image\/jpeg\" \/>\n<meta name=\"author\" content=\"Javier Zamora\" \/>\n<meta name=\"twitter:card\" content=\"summary_large_image\" \/>\n<meta name=\"twitter:label1\" content=\"Escrit per\" \/>\n\t<meta name=\"twitter:data1\" content=\"Javier Zamora\" \/>\n\t<meta name=\"twitter:label2\" content=\"Temps estimat de lectura\" \/>\n\t<meta name=\"twitter:data2\" content=\"3 minuts\" \/>\n<script type=\"application\/ld+json\" class=\"yoast-schema-graph\">{\"@context\":\"https:\\\/\\\/schema.org\",\"@graph\":[{\"@type\":\"NewsArticle\",\"@id\":\"https:\\\/\\\/radiolitoral.com\\\/2025\\\/05\\\/el-manises-cf-revalido-su-titulo-en-la-nostra-copa\\\/#article\",\"isPartOf\":{\"@id\":\"https:\\\/\\\/radiolitoral.com\\\/2025\\\/05\\\/el-manises-cf-revalido-su-titulo-en-la-nostra-copa\\\/\"},\"author\":{\"name\":\"Javier Zamora\",\"@id\":\"https:\\\/\\\/radiolitoral.com\\\/#\\\/schema\\\/person\\\/7b1480b5caeb5acdd4ec6379caf62b22\"},\"headline\":\"El Manises CF revalid\u00f3 su t\u00edtulo en La Nostra Copa\",\"datePublished\":\"2025-05-02T08:02:07+00:00\",\"mainEntityOfPage\":{\"@id\":\"https:\\\/\\\/radiolitoral.com\\\/2025\\\/05\\\/el-manises-cf-revalido-su-titulo-en-la-nostra-copa\\\/\"},\"wordCount\":476,\"commentCount\":0,\"publisher\":{\"@id\":\"https:\\\/\\\/radiolitoral.com\\\/#organization\"},\"image\":{\"@id\":\"https:\\\/\\\/radiolitoral.com\\\/2025\\\/05\\\/el-manises-cf-revalido-su-titulo-en-la-nostra-copa\\\/#primaryimage\"},\"thumbnailUrl\":\"https:\\\/\\\/media.radiolitoral.com\\\/wp-content\\\/uploads\\\/2025\\\/05\\\/02095302\\\/IMG_6064-1024x683-1.jpg\",\"keywords\":[\"campo Diego Mena\",\"deportes\",\"Elche CF\",\"FFCV\",\"La Nostra Copa\",\"Manises CF\",\"Paterna CF\",\"Primera Divisi\u00f3n\",\"UD Aldaia CF\",\"UD Castellonense\",\"Valencia CF\"],\"articleSection\":[\"Deportes\"],\"inLanguage\":\"ca\",\"potentialAction\":[{\"@type\":\"CommentAction\",\"name\":\"Comment\",\"target\":[\"https:\\\/\\\/radiolitoral.com\\\/2025\\\/05\\\/el-manises-cf-revalido-su-titulo-en-la-nostra-copa\\\/#respond\"]}]},{\"@type\":[\"WebPage\",\"ItemPage\"],\"@id\":\"https:\\\/\\\/radiolitoral.com\\\/2025\\\/05\\\/el-manises-cf-revalido-su-titulo-en-la-nostra-copa\\\/\",\"url\":\"https:\\\/\\\/radiolitoral.com\\\/2025\\\/05\\\/el-manises-cf-revalido-su-titulo-en-la-nostra-copa\\\/\",\"name\":\"El Manises CF revalid\u00f3 su t\u00edtulo en La Nostra Copa | R\u00e0dio Litoral\",\"isPartOf\":{\"@id\":\"https:\\\/\\\/radiolitoral.com\\\/#website\"},\"primaryImageOfPage\":{\"@id\":\"https:\\\/\\\/radiolitoral.com\\\/2025\\\/05\\\/el-manises-cf-revalido-su-titulo-en-la-nostra-copa\\\/#primaryimage\"},\"image\":{\"@id\":\"https:\\\/\\\/radiolitoral.com\\\/2025\\\/05\\\/el-manises-cf-revalido-su-titulo-en-la-nostra-copa\\\/#primaryimage\"},\"thumbnailUrl\":\"https:\\\/\\\/media.radiolitoral.com\\\/wp-content\\\/uploads\\\/2025\\\/05\\\/02095302\\\/IMG_6064-1024x683-1.jpg\",\"datePublished\":\"2025-05-02T08:02:07+00:00\",\"description\":\"En La Nostra Copa Valenta el triunfo correspondi\u00f3 a la UD Aldaia mientras que en alevines el campe\u00f3n fue el Valencia CFEn La Nostra Copa Valenta el triunfo correspondi\u00f3 a la UD Aldaia mientras que en alevines el campe\u00f3n fue el Valencia CF\",\"breadcrumb\":{\"@id\":\"https:\\\/\\\/radiolitoral.com\\\/2025\\\/05\\\/el-manises-cf-revalido-su-titulo-en-la-nostra-copa\\\/#breadcrumb\"},\"inLanguage\":\"ca\",\"potentialAction\":[{\"@type\":\"ReadAction\",\"target\":[\"https:\\\/\\\/radiolitoral.com\\\/2025\\\/05\\\/el-manises-cf-revalido-su-titulo-en-la-nostra-copa\\\/\"]}]},{\"@type\":\"ImageObject\",\"inLanguage\":\"ca\",\"@id\":\"https:\\\/\\\/radiolitoral.com\\\/2025\\\/05\\\/el-manises-cf-revalido-su-titulo-en-la-nostra-copa\\\/#primaryimage\",\"url\":\"https:\\\/\\\/media.radiolitoral.com\\\/wp-content\\\/uploads\\\/2025\\\/05\\\/02095302\\\/IMG_6064-1024x683-1.jpg\",\"contentUrl\":\"https:\\\/\\\/media.radiolitoral.com\\\/wp-content\\\/uploads\\\/2025\\\/05\\\/02095302\\\/IMG_6064-1024x683-1.jpg\",\"width\":1024,\"height\":683},{\"@type\":\"BreadcrumbList\",\"@id\":\"https:\\\/\\\/radiolitoral.com\\\/2025\\\/05\\\/el-manises-cf-revalido-su-titulo-en-la-nostra-copa\\\/#breadcrumb\",\"itemListElement\":[{\"@type\":\"ListItem\",\"position\":1,\"name\":\"Portada\",\"item\":\"https:\\\/\\\/radiolitoral.com\\\/\"},{\"@type\":\"ListItem\",\"position\":2,\"name\":\"El Manises CF revalid\u00f3 su t\u00edtulo en La Nostra Copa\"}]},{\"@type\":\"WebSite\",\"@id\":\"https:\\\/\\\/radiolitoral.com\\\/#website\",\"url\":\"https:\\\/\\\/radiolitoral.com\\\/\",\"name\":\"Radio Litoral\",\"description\":\"La radio local de la Marina Alta\",\"publisher\":{\"@id\":\"https:\\\/\\\/radiolitoral.com\\\/#organization\"},\"alternateName\":\"Litoral FM\",\"potentialAction\":[{\"@type\":\"SearchAction\",\"target\":{\"@type\":\"EntryPoint\",\"urlTemplate\":\"https:\\\/\\\/radiolitoral.com\\\/?s={search_term_string}\"},\"query-input\":{\"@type\":\"PropertyValueSpecification\",\"valueRequired\":true,\"valueName\":\"search_term_string\"}}],\"inLanguage\":\"ca\"},{\"@type\":\"Organization\",\"@id\":\"https:\\\/\\\/radiolitoral.com\\\/#organization\",\"name\":\"Radio Litoral\",\"url\":\"https:\\\/\\\/radiolitoral.com\\\/\",\"logo\":{\"@type\":\"ImageObject\",\"inLanguage\":\"ca\",\"@id\":\"https:\\\/\\\/radiolitoral.com\\\/#\\\/schema\\\/logo\\\/image\\\/\",\"url\":\"https:\\\/\\\/media.radiolitoral.com\\\/wp-content\\\/uploads\\\/2023\\\/02\\\/24143238\\\/CL-V-RadioLitoral696.png\",\"contentUrl\":\"https:\\\/\\\/media.radiolitoral.com\\\/wp-content\\\/uploads\\\/2023\\\/02\\\/24143238\\\/CL-V-RadioLitoral696.png\",\"width\":696,\"height\":696,\"caption\":\"Radio Litoral\"},\"image\":{\"@id\":\"https:\\\/\\\/radiolitoral.com\\\/#\\\/schema\\\/logo\\\/image\\\/\"},\"sameAs\":[\"https:\\\/\\\/www.facebook.com\\\/Laradiolitoral\\\/\"]},{\"@type\":\"Person\",\"@id\":\"https:\\\/\\\/radiolitoral.com\\\/#\\\/schema\\\/person\\\/7b1480b5caeb5acdd4ec6379caf62b22\",\"name\":\"Javier Zamora\",\"image\":{\"@type\":\"ImageObject\",\"inLanguage\":\"ca\",\"@id\":\"https:\\\/\\\/secure.gravatar.com\\\/avatar\\\/467a11f6918c7d619c4043fc6fa2d3853053107973f05b6e9c04ea6c4e3a7b3f?s=96&d=mm&r=g\",\"url\":\"https:\\\/\\\/secure.gravatar.com\\\/avatar\\\/467a11f6918c7d619c4043fc6fa2d3853053107973f05b6e9c04ea6c4e3a7b3f?s=96&d=mm&r=g\",\"contentUrl\":\"https:\\\/\\\/secure.gravatar.com\\\/avatar\\\/467a11f6918c7d619c4043fc6fa2d3853053107973f05b6e9c04ea6c4e3a7b3f?s=96&d=mm&r=g\",\"caption\":\"Javier Zamora\"},\"url\":\"https:\\\/\\\/radiolitoral.com\\\/ca\\\/author\\\/javier-zamora\\\/\"}]}<\/script>\n<!-- \/ Yoast SEO plugin. -->","yoast_head_json":{"title":"El Manises CF va revalidar el t\u00edtol a La Nostra Copa | R\u00e0dio Litoral","description":"A La Nostra Copa Valenta el triomf va correspondre a la UD Aldaia mentre que en alevins el campi\u00f3 va ser el Val\u00e8ncia CFEn La Nostra Copa Valenta el triomf va correspondre a la UD Aldaia mentre que en alevins el campi\u00f3 va ser el Val\u00e8ncia CF","robots":{"index":"index","follow":"follow","max-snippet":"max-snippet:-1","max-image-preview":"max-image-preview:large","max-video-preview":"max-video-preview:-1"},"canonical":"https:\/\/radiolitoral.com\/ca\/2025\/05\/el-manises-cf-revalid-el-seu-titol-a-la-nostra-copa\/","og_locale":"ca_ES","og_type":"article","og_title":"El Manises CF revalid\u00f3 su t\u00edtulo en La Nostra Copa | R\u00e0dio Litoral","og_description":"En La Nostra Copa Valenta el triunfo correspondi\u00f3 a la UD Aldaia mientras que en alevines el campe\u00f3n fue el Valencia CFEn La Nostra Copa Valenta el triunfo correspondi\u00f3 a la UD Aldaia mientras que en alevines el campe\u00f3n fue el Valencia CF","og_url":"https:\/\/radiolitoral.com\/ca\/2025\/05\/el-manises-cf-revalid-el-seu-titol-a-la-nostra-copa\/","og_site_name":"R\u00e0dio Litoral","article_publisher":"https:\/\/www.facebook.com\/Laradiolitoral\/","article_published_time":"2025-05-02T08:02:07+00:00","og_image":[{"width":1024,"height":683,"url":"https:\/\/media.radiolitoral.com\/wp-content\/uploads\/2025\/05\/02095302\/IMG_6064-1024x683-1.jpg","type":"image\/jpeg"}],"author":"Javier Zamora","twitter_card":"summary_large_image","twitter_misc":{"Escrit per":"Javier Zamora","Temps estimat de lectura":"3 minuts"},"schema":{"@context":"https:\/\/schema.org","@graph":[{"@type":"NewsArticle","@id":"https:\/\/radiolitoral.com\/2025\/05\/el-manises-cf-revalido-su-titulo-en-la-nostra-copa\/#article","isPartOf":{"@id":"https:\/\/radiolitoral.com\/2025\/05\/el-manises-cf-revalido-su-titulo-en-la-nostra-copa\/"},"author":{"name":"Javier Zamora","@id":"https:\/\/radiolitoral.com\/#\/schema\/person\/7b1480b5caeb5acdd4ec6379caf62b22"},"headline":"El Manises CF revalid\u00f3 su t\u00edtulo en La Nostra Copa","datePublished":"2025-05-02T08:02:07+00:00","mainEntityOfPage":{"@id":"https:\/\/radiolitoral.com\/2025\/05\/el-manises-cf-revalido-su-titulo-en-la-nostra-copa\/"},"wordCount":476,"commentCount":0,"publisher":{"@id":"https:\/\/radiolitoral.com\/#organization"},"image":{"@id":"https:\/\/radiolitoral.com\/2025\/05\/el-manises-cf-revalido-su-titulo-en-la-nostra-copa\/#primaryimage"},"thumbnailUrl":"https:\/\/media.radiolitoral.com\/wp-content\/uploads\/2025\/05\/02095302\/IMG_6064-1024x683-1.jpg","keywords":["campo Diego Mena","deportes","Elche CF","FFCV","La Nostra Copa","Manises CF","Paterna CF","Primera Divisi\u00f3n","UD Aldaia CF","UD Castellonense","Valencia CF"],"articleSection":["Deportes"],"inLanguage":"ca","potentialAction":[{"@type":"CommentAction","name":"Comment","target":["https:\/\/radiolitoral.com\/2025\/05\/el-manises-cf-revalido-su-titulo-en-la-nostra-copa\/#respond"]}]},{"@type":["WebPage","ItemPage"],"@id":"https:\/\/radiolitoral.com\/2025\/05\/el-manises-cf-revalido-su-titulo-en-la-nostra-copa\/","url":"https:\/\/radiolitoral.com\/2025\/05\/el-manises-cf-revalido-su-titulo-en-la-nostra-copa\/","name":"El Manises CF va revalidar el t\u00edtol a La Nostra Copa | R\u00e0dio Litoral","isPartOf":{"@id":"https:\/\/radiolitoral.com\/#website"},"primaryImageOfPage":{"@id":"https:\/\/radiolitoral.com\/2025\/05\/el-manises-cf-revalido-su-titulo-en-la-nostra-copa\/#primaryimage"},"image":{"@id":"https:\/\/radiolitoral.com\/2025\/05\/el-manises-cf-revalido-su-titulo-en-la-nostra-copa\/#primaryimage"},"thumbnailUrl":"https:\/\/media.radiolitoral.com\/wp-content\/uploads\/2025\/05\/02095302\/IMG_6064-1024x683-1.jpg","datePublished":"2025-05-02T08:02:07+00:00","description":"A La Nostra Copa Valenta el triomf va correspondre a la UD Aldaia mentre que en alevins el campi\u00f3 va ser el Val\u00e8ncia CFEn La Nostra Copa Valenta el triomf va correspondre a la UD Aldaia mentre que en alevins el campi\u00f3 va ser el Val\u00e8ncia CF","breadcrumb":{"@id":"https:\/\/radiolitoral.com\/2025\/05\/el-manises-cf-revalido-su-titulo-en-la-nostra-copa\/#breadcrumb"},"inLanguage":"ca","potentialAction":[{"@type":"ReadAction","target":["https:\/\/radiolitoral.com\/2025\/05\/el-manises-cf-revalido-su-titulo-en-la-nostra-copa\/"]}]},{"@type":"ImageObject","inLanguage":"ca","@id":"https:\/\/radiolitoral.com\/2025\/05\/el-manises-cf-revalido-su-titulo-en-la-nostra-copa\/#primaryimage","url":"https:\/\/media.radiolitoral.com\/wp-content\/uploads\/2025\/05\/02095302\/IMG_6064-1024x683-1.jpg","contentUrl":"https:\/\/media.radiolitoral.com\/wp-content\/uploads\/2025\/05\/02095302\/IMG_6064-1024x683-1.jpg","width":1024,"height":683},{"@type":"BreadcrumbList","@id":"https:\/\/radiolitoral.com\/2025\/05\/el-manises-cf-revalido-su-titulo-en-la-nostra-copa\/#breadcrumb","itemListElement":[{"@type":"ListItem","position":1,"name":"Portada","item":"https:\/\/radiolitoral.com\/"},{"@type":"ListItem","position":2,"name":"El Manises CF revalid\u00f3 su t\u00edtulo en La Nostra Copa"}]},{"@type":"WebSite","@id":"https:\/\/radiolitoral.com\/#website","url":"https:\/\/radiolitoral.com\/","name":"R\u00e0dio Litoral","description":"La r\u00e0dio local de la Marina Alta","publisher":{"@id":"https:\/\/radiolitoral.com\/#organization"},"alternateName":"Litoral FM","potentialAction":[{"@type":"SearchAction","target":{"@type":"EntryPoint","urlTemplate":"https:\/\/radiolitoral.com\/?s={search_term_string}"},"query-input":{"@type":"PropertyValueSpecification","valueRequired":true,"valueName":"search_term_string"}}],"inLanguage":"ca"},{"@type":"Organization","@id":"https:\/\/radiolitoral.com\/#organization","name":"R\u00e0dio Litoral","url":"https:\/\/radiolitoral.com\/","logo":{"@type":"ImageObject","inLanguage":"ca","@id":"https:\/\/radiolitoral.com\/#\/schema\/logo\/image\/","url":"https:\/\/media.radiolitoral.com\/wp-content\/uploads\/2023\/02\/24143238\/CL-V-RadioLitoral696.png","contentUrl":"https:\/\/media.radiolitoral.com\/wp-content\/uploads\/2023\/02\/24143238\/CL-V-RadioLitoral696.png","width":696,"height":696,"caption":"Radio Litoral"},"image":{"@id":"https:\/\/radiolitoral.com\/#\/schema\/logo\/image\/"},"sameAs":["https:\/\/www.facebook.com\/Laradiolitoral\/"]},{"@type":"Person","@id":"https:\/\/radiolitoral.com\/#\/schema\/person\/7b1480b5caeb5acdd4ec6379caf62b22","name":"Javier Zamora","image":{"@type":"ImageObject","inLanguage":"ca","@id":"https:\/\/secure.gravatar.com\/avatar\/467a11f6918c7d619c4043fc6fa2d3853053107973f05b6e9c04ea6c4e3a7b3f?s=96&d=mm&r=g","url":"https:\/\/secure.gravatar.com\/avatar\/467a11f6918c7d619c4043fc6fa2d3853053107973f05b6e9c04ea6c4e3a7b3f?s=96&d=mm&r=g","contentUrl":"https:\/\/secure.gravatar.com\/avatar\/467a11f6918c7d619c4043fc6fa2d3853053107973f05b6e9c04ea6c4e3a7b3f?s=96&d=mm&r=g","caption":"Javier Zamora"},"url":"https:\/\/radiolitoral.com\/ca\/author\/javier-zamora\/"}]}},"_links":{"self":[{"href":"https:\/\/radiolitoral.com\/ca\/wp-json\/wp\/v2\/posts\/16501","targetHints":{"allow":["GET"]}}],"collection":[{"href":"https:\/\/radiolitoral.com\/ca\/wp-json\/wp\/v2\/posts"}],"about":[{"href":"https:\/\/radiolitoral.com\/ca\/wp-json\/wp\/v2\/types\/post"}],"author":[{"embeddable":true,"href":"https:\/\/radiolitoral.com\/ca\/wp-json\/wp\/v2\/users\/12"}],"replies":[{"embeddable":true,"href":"https:\/\/radiolitoral.com\/ca\/wp-json\/wp\/v2\/comments?post=16501"}],"version-history":[{"count":2,"href":"https:\/\/radiolitoral.com\/ca\/wp-json\/wp\/v2\/posts\/16501\/revisions"}],"predecessor-version":[{"id":16508,"href":"https:\/\/radiolitoral.com\/ca\/wp-json\/wp\/v2\/posts\/16501\/revisions\/16508"}],"wp:featuredmedia":[{"embeddable":true,"href":"https:\/\/radiolitoral.com\/ca\/wp-json\/wp\/v2\/media\/16502"}],"wp:attachment":[{"href":"https:\/\/radiolitoral.com\/ca\/wp-json\/wp\/v2\/media?parent=16501"}],"wp:term":[{"taxonomy":"category","embeddable":true,"href":"https:\/\/radiolitoral.com\/ca\/wp-json\/wp\/v2\/categories?post=16501"},{"taxonomy":"post_tag","embeddable":true,"href":"https:\/\/radiolitoral.com\/ca\/wp-json\/wp\/v2\/tags?post=16501"}],"curies":[{"name":"wp","href":"https:\/\/api.w.org\/{rel}","templated":true}]}}