{"id":16462,"date":"2025-04-28T14:00:55","date_gmt":"2025-04-28T12:00:55","guid":{"rendered":"https:\/\/radiolitoral.com\/?p=16462"},"modified":"2025-04-28T18:55:17","modified_gmt":"2025-04-28T16:55:17","slug":"aixi-afecta-lapagon-a-la-marina-alta","status":"publish","type":"post","link":"https:\/\/radiolitoral.com\/ca\/2025\/04\/asi-afecta-el-apagon-a-la-marina-alta\/","title":{"rendered":"Aix\u00ed afecta l&#039;apagada a la Marina Alta"},"content":{"rendered":"<p><strong>Cap a les 12.30 hores<\/strong>, la Pen\u00ednsula Ib\u00e8rica, i per tant la Marina Alta, s&#039;ha quedat a les fosques, despr\u00e9s de patir un <strong>apagada massiva.\u00a0<\/strong>El mateix ha afectat Espanya i Portugal, <strong>a excepci\u00f3 de les Illes Balears i Can\u00e0ries<\/strong>; produint-se el tall de llum i dificultats a nivell de telecomunicacions.<\/p>\n<p>Una apagada generalitzada en el subministrament el\u00e8ctric que s&#039;ha produ\u00eft quan aquest dilluns, 28 d&#039;abril, \u00e9s festiva local a alguns municipis, com Benissa o Teulada, i en altres es mant\u00e9 la tradici\u00f3 de Sant Vicent.<\/p>\n<p>Des del <strong>Departament de Salut de D\u00e9nia<\/strong> han comunicat la <strong>continu\u00eftat de l&#039;activitat urgent amb grups electr\u00f2gens<\/strong>. Les cites de Consultes Externes i Cirurgies no Urgents s\u00f3n desprogramades per poder centrar els mitjans actuals en l&#039;atenci\u00f3 d&#039;urg\u00e8ncies.<\/p>\n<p>Des de l&#039;Ajuntament de D\u00e9nia s&#039;ha informat de retencions de tr\u00e0nsit a les principals vies de la ciutat, afectant l&#039;apagada a la xarxa de sem\u00e0fors, acudint els agents de la Policia Local a controlar el tr\u00e0nsit a diferents creus de la ciutat. Fonts municipals tamb\u00e9 han informat que personal del TRAM estava controlant les cru\u00eflles ferrovi\u00e0ries.<\/p>\n<p>El Centre de Coordinaci\u00f3 d&#039;Emerg\u00e8ncies de la Generalitat Valenciana, <strong>Cecopi<\/strong>, ha activat la<strong> situaci\u00f3 2 del Pla territorial d&#039;emerg\u00e8ncies de la Comunitat Valenciana. <\/strong>La situaci\u00f3 2 s&#039;activa quan s&#039;han produ\u00eft danys extensos i en qu\u00e8 per controlar-los \u00e9s l&#039;activaci\u00f3 necess\u00e0ria del present pla amb la constituci\u00f3 del Cecopi, el lloc de comandament avan\u00e7at i d&#039;un nombre determinat d&#039;unitats b\u00e0siques.<\/p>\n<p>Alhora, el Cecopi acorda la <strong>activaci\u00f3 de la<\/strong> <strong>Unitat Militar d&#039;Emerg\u00e8ncies, UME<\/strong>, per ajudar en les tasques de prove\u00efment i subministrament de combustible per a les zones sanit\u00e0ries, per si fos necessari.<\/p>\n<h2>Recomanacions<\/h2>\n<p>Des del <strong>Emerg\u00e8ncies 112CV<\/strong> es recomana<strong> limitar l&#039;\u00fas del tel\u00e8fon<\/strong> m\u00f2bil i fix, evitar despla\u00e7aments no necessaris;<strong> fonts oficials<\/strong>, evitant els bulls i <strong>no posar benzina si realment no cal.<\/strong><\/p>\n<h2>Actuacions de bombers<\/h2>\n<p>Des del Consorci Provincial de Bombers d&#039;Alacant s&#039;ha informat que han hagut d&#039;actuar a <strong>m\u00e9s de 50 intervencions, 13 a les dues Marines, Alta i Baixa.<\/strong><\/p>\n<p><strong>La majoria de les accions de salvament han estat en ascensors<\/strong>, on ve\u00efns s&#039;havien quedat atrapats just al moment del tall d&#039;energia. Des del consorci, es demana que s&#039;evitin els despla\u00e7aments innecessaris, trucar al 112 \u00fanicament en cas d&#039;emerg\u00e8ncia real i evitar durant aquestes properes hores ascensors o muntac\u00e0rregues.<\/p>","protected":false},"excerpt":{"rendered":"<p>Sobre las 12.30 horas, la Pen\u00ednsula Ib\u00e9rica, y por ende la Marina Alta, se ha quedado a oscuras, tras sufrir un apag\u00f3n masivo.\u00a0El mismo ha afectado a Espa\u00f1a y Portugal, a excepci\u00f3n de las Islas Baleares y Canarias; produci\u00e9ndose el corte de luz y dificultades a nivel de telecomunicaciones. Un apag\u00f3n generalizado en el suministro [&#8230;]<\/p>\n<p><a class=\"btn btn-secondary understrap-read-more-link\" href=\"https:\/\/radiolitoral.com\/ca\/2025\/04\/asi-afecta-el-apagon-a-la-marina-alta\/\">Continua llegint&#8230;<span class=\"screen-reader-text\"> from As\u00ed afecta el apag\u00f3n a la Marina Alta<\/span><\/a><\/p>\n","protected":false},"author":13,"featured_media":16463,"comment_status":"open","ping_status":"closed","sticky":false,"template":"","format":"standard","meta":{"_acf_changed":false,"inline_featured_image":false,"footnotes":""},"categories":[46],"tags":[4231,4232,4230,314,1160],"class_list":["post-16462","post","type-post","status-publish","format-standard","has-post-thumbnail","hentry","category-sociedad","tag-apagon-espana","tag-apagon-marina-alta","tag-apagon-masivo","tag-marina-alta","tag-sociedad","cobertura-marina-alta"],"acf":[],"yoast_head":"<!-- This site is optimized with the Yoast SEO plugin v27.5 - https:\/\/yoast.com\/product\/yoast-seo-wordpress\/ -->\n<title>As\u00ed afecta el apag\u00f3n a la Marina Alta | R\u00e0dio Litoral<\/title>\n<meta name=\"description\" content=\"El Cecopi ha activado la Situaci\u00f3n 2 del Plan Territorial de Emergencias en la Comunitat Valenciana La Generalitat Valenciana ha activado la Situaci\u00f3n 2 del Plan Territorial de Emergencias en la Comunitat\" \/>\n<meta name=\"robots\" content=\"index, follow, max-snippet:-1, max-image-preview:large, max-video-preview:-1\" \/>\n<link rel=\"canonical\" href=\"https:\/\/radiolitoral.com\/ca\/2025\/04\/aixi-afecta-lapagon-a-la-marina-alta\/\" \/>\n<meta property=\"og:locale\" content=\"ca_ES\" \/>\n<meta property=\"og:type\" content=\"article\" \/>\n<meta property=\"og:title\" content=\"As\u00ed afecta el apag\u00f3n a la Marina Alta | R\u00e0dio Litoral\" \/>\n<meta property=\"og:description\" content=\"El Cecopi ha activado la Situaci\u00f3n 2 del Plan Territorial de Emergencias en la Comunitat Valenciana La Generalitat Valenciana ha activado la Situaci\u00f3n 2 del Plan Territorial de Emergencias en la Comunitat\" \/>\n<meta property=\"og:url\" content=\"https:\/\/radiolitoral.com\/ca\/2025\/04\/aixi-afecta-lapagon-a-la-marina-alta\/\" \/>\n<meta property=\"og:site_name\" content=\"R\u00e0dio Litoral\" \/>\n<meta property=\"article:publisher\" content=\"https:\/\/www.facebook.com\/Laradiolitoral\/\" \/>\n<meta property=\"article:published_time\" content=\"2025-04-28T12:00:55+00:00\" \/>\n<meta property=\"article:modified_time\" content=\"2025-04-28T16:55:17+00:00\" \/>\n<meta property=\"og:image\" content=\"https:\/\/media.radiolitoral.com\/wp-content\/uploads\/2025\/04\/28183347\/Apagon-Denia.jpeg\" \/>\n\t<meta property=\"og:image:width\" content=\"1536\" \/>\n\t<meta property=\"og:image:height\" content=\"2040\" \/>\n\t<meta property=\"og:image:type\" content=\"image\/jpeg\" \/>\n<meta name=\"author\" content=\"Redacci\u00f3n\" \/>\n<meta name=\"twitter:card\" content=\"summary_large_image\" \/>\n<meta name=\"twitter:label1\" content=\"Escrit per\" \/>\n\t<meta name=\"twitter:data1\" content=\"Redacci\u00f3n\" \/>\n\t<meta name=\"twitter:label2\" content=\"Temps estimat de lectura\" \/>\n\t<meta name=\"twitter:data2\" content=\"3 minuts\" \/>\n<script type=\"application\/ld+json\" class=\"yoast-schema-graph\">{\"@context\":\"https:\\\/\\\/schema.org\",\"@graph\":[{\"@type\":\"NewsArticle\",\"@id\":\"https:\\\/\\\/radiolitoral.com\\\/2025\\\/04\\\/asi-afecta-el-apagon-a-la-marina-alta\\\/#article\",\"isPartOf\":{\"@id\":\"https:\\\/\\\/radiolitoral.com\\\/2025\\\/04\\\/asi-afecta-el-apagon-a-la-marina-alta\\\/\"},\"author\":{\"name\":\"Redacci\u00f3n\",\"@id\":\"https:\\\/\\\/radiolitoral.com\\\/#\\\/schema\\\/person\\\/f2b2343c49b5d721857cc1002bfdb151\"},\"headline\":\"As\u00ed afecta el apag\u00f3n a la Marina Alta\",\"datePublished\":\"2025-04-28T12:00:55+00:00\",\"dateModified\":\"2025-04-28T16:55:17+00:00\",\"mainEntityOfPage\":{\"@id\":\"https:\\\/\\\/radiolitoral.com\\\/2025\\\/04\\\/asi-afecta-el-apagon-a-la-marina-alta\\\/\"},\"wordCount\":465,\"commentCount\":0,\"publisher\":{\"@id\":\"https:\\\/\\\/radiolitoral.com\\\/#organization\"},\"image\":{\"@id\":\"https:\\\/\\\/radiolitoral.com\\\/2025\\\/04\\\/asi-afecta-el-apagon-a-la-marina-alta\\\/#primaryimage\"},\"thumbnailUrl\":\"https:\\\/\\\/media.radiolitoral.com\\\/wp-content\\\/uploads\\\/2025\\\/04\\\/28183347\\\/Apagon-Denia.jpeg\",\"keywords\":[\"apag\u00f3n Espa\u00f1a\",\"apag\u00f3n Marina Alta\",\"apag\u00f3n masivo\",\"Marina Alta\",\"sociedad\"],\"articleSection\":[\"Sociedad\"],\"inLanguage\":\"ca\",\"potentialAction\":[{\"@type\":\"CommentAction\",\"name\":\"Comment\",\"target\":[\"https:\\\/\\\/radiolitoral.com\\\/2025\\\/04\\\/asi-afecta-el-apagon-a-la-marina-alta\\\/#respond\"]}]},{\"@type\":[\"WebPage\",\"ItemPage\"],\"@id\":\"https:\\\/\\\/radiolitoral.com\\\/2025\\\/04\\\/asi-afecta-el-apagon-a-la-marina-alta\\\/\",\"url\":\"https:\\\/\\\/radiolitoral.com\\\/2025\\\/04\\\/asi-afecta-el-apagon-a-la-marina-alta\\\/\",\"name\":\"As\u00ed afecta el apag\u00f3n a la Marina Alta | R\u00e0dio Litoral\",\"isPartOf\":{\"@id\":\"https:\\\/\\\/radiolitoral.com\\\/#website\"},\"primaryImageOfPage\":{\"@id\":\"https:\\\/\\\/radiolitoral.com\\\/2025\\\/04\\\/asi-afecta-el-apagon-a-la-marina-alta\\\/#primaryimage\"},\"image\":{\"@id\":\"https:\\\/\\\/radiolitoral.com\\\/2025\\\/04\\\/asi-afecta-el-apagon-a-la-marina-alta\\\/#primaryimage\"},\"thumbnailUrl\":\"https:\\\/\\\/media.radiolitoral.com\\\/wp-content\\\/uploads\\\/2025\\\/04\\\/28183347\\\/Apagon-Denia.jpeg\",\"datePublished\":\"2025-04-28T12:00:55+00:00\",\"dateModified\":\"2025-04-28T16:55:17+00:00\",\"description\":\"El Cecopi ha activado la Situaci\u00f3n 2 del Plan Territorial de Emergencias en la Comunitat Valenciana La Generalitat Valenciana ha activado la Situaci\u00f3n 2 del Plan Territorial de Emergencias en la Comunitat\",\"breadcrumb\":{\"@id\":\"https:\\\/\\\/radiolitoral.com\\\/2025\\\/04\\\/asi-afecta-el-apagon-a-la-marina-alta\\\/#breadcrumb\"},\"inLanguage\":\"ca\",\"potentialAction\":[{\"@type\":\"ReadAction\",\"target\":[\"https:\\\/\\\/radiolitoral.com\\\/2025\\\/04\\\/asi-afecta-el-apagon-a-la-marina-alta\\\/\"]}]},{\"@type\":\"ImageObject\",\"inLanguage\":\"ca\",\"@id\":\"https:\\\/\\\/radiolitoral.com\\\/2025\\\/04\\\/asi-afecta-el-apagon-a-la-marina-alta\\\/#primaryimage\",\"url\":\"https:\\\/\\\/media.radiolitoral.com\\\/wp-content\\\/uploads\\\/2025\\\/04\\\/28183347\\\/Apagon-Denia.jpeg\",\"contentUrl\":\"https:\\\/\\\/media.radiolitoral.com\\\/wp-content\\\/uploads\\\/2025\\\/04\\\/28183347\\\/Apagon-Denia.jpeg\",\"width\":1536,\"height\":2040},{\"@type\":\"BreadcrumbList\",\"@id\":\"https:\\\/\\\/radiolitoral.com\\\/2025\\\/04\\\/asi-afecta-el-apagon-a-la-marina-alta\\\/#breadcrumb\",\"itemListElement\":[{\"@type\":\"ListItem\",\"position\":1,\"name\":\"Portada\",\"item\":\"https:\\\/\\\/radiolitoral.com\\\/\"},{\"@type\":\"ListItem\",\"position\":2,\"name\":\"As\u00ed afecta el apag\u00f3n a la Marina Alta\"}]},{\"@type\":\"WebSite\",\"@id\":\"https:\\\/\\\/radiolitoral.com\\\/#website\",\"url\":\"https:\\\/\\\/radiolitoral.com\\\/\",\"name\":\"Radio Litoral\",\"description\":\"La radio local de la Marina Alta\",\"publisher\":{\"@id\":\"https:\\\/\\\/radiolitoral.com\\\/#organization\"},\"alternateName\":\"Litoral FM\",\"potentialAction\":[{\"@type\":\"SearchAction\",\"target\":{\"@type\":\"EntryPoint\",\"urlTemplate\":\"https:\\\/\\\/radiolitoral.com\\\/?s={search_term_string}\"},\"query-input\":{\"@type\":\"PropertyValueSpecification\",\"valueRequired\":true,\"valueName\":\"search_term_string\"}}],\"inLanguage\":\"ca\"},{\"@type\":\"Organization\",\"@id\":\"https:\\\/\\\/radiolitoral.com\\\/#organization\",\"name\":\"Radio Litoral\",\"url\":\"https:\\\/\\\/radiolitoral.com\\\/\",\"logo\":{\"@type\":\"ImageObject\",\"inLanguage\":\"ca\",\"@id\":\"https:\\\/\\\/radiolitoral.com\\\/#\\\/schema\\\/logo\\\/image\\\/\",\"url\":\"https:\\\/\\\/media.radiolitoral.com\\\/wp-content\\\/uploads\\\/2023\\\/02\\\/24143238\\\/CL-V-RadioLitoral696.png\",\"contentUrl\":\"https:\\\/\\\/media.radiolitoral.com\\\/wp-content\\\/uploads\\\/2023\\\/02\\\/24143238\\\/CL-V-RadioLitoral696.png\",\"width\":696,\"height\":696,\"caption\":\"Radio Litoral\"},\"image\":{\"@id\":\"https:\\\/\\\/radiolitoral.com\\\/#\\\/schema\\\/logo\\\/image\\\/\"},\"sameAs\":[\"https:\\\/\\\/www.facebook.com\\\/Laradiolitoral\\\/\"]},{\"@type\":\"Person\",\"@id\":\"https:\\\/\\\/radiolitoral.com\\\/#\\\/schema\\\/person\\\/f2b2343c49b5d721857cc1002bfdb151\",\"name\":\"Redacci\u00f3n\",\"image\":{\"@type\":\"ImageObject\",\"inLanguage\":\"ca\",\"@id\":\"https:\\\/\\\/secure.gravatar.com\\\/avatar\\\/f771d896c203ad8b3382d7905cfcce5a5c9b008b84b3cd9114e9b9f4cb63f789?s=96&d=mm&r=g\",\"url\":\"https:\\\/\\\/secure.gravatar.com\\\/avatar\\\/f771d896c203ad8b3382d7905cfcce5a5c9b008b84b3cd9114e9b9f4cb63f789?s=96&d=mm&r=g\",\"contentUrl\":\"https:\\\/\\\/secure.gravatar.com\\\/avatar\\\/f771d896c203ad8b3382d7905cfcce5a5c9b008b84b3cd9114e9b9f4cb63f789?s=96&d=mm&r=g\",\"caption\":\"Redacci\u00f3n\"},\"url\":\"https:\\\/\\\/radiolitoral.com\\\/ca\\\/author\\\/miriam-pagan\\\/\"}]}<\/script>\n<!-- \/ Yoast SEO plugin. -->","yoast_head_json":{"title":"Aix\u00ed afecta l&#039;apagada a la Marina Alta | R\u00e0dio Litoral","description":"El Cecopi ha activat la situaci\u00f3 2 del Pla territorial d&#039;emerg\u00e8ncies a la Comunitat Valenciana La Generalitat Valenciana ha activat la situaci\u00f3 2 del Pla territorial d&#039;emerg\u00e8ncies a la Comunitat","robots":{"index":"index","follow":"follow","max-snippet":"max-snippet:-1","max-image-preview":"max-image-preview:large","max-video-preview":"max-video-preview:-1"},"canonical":"https:\/\/radiolitoral.com\/ca\/2025\/04\/aixi-afecta-lapagon-a-la-marina-alta\/","og_locale":"ca_ES","og_type":"article","og_title":"As\u00ed afecta el apag\u00f3n a la Marina Alta | R\u00e0dio Litoral","og_description":"El Cecopi ha activado la Situaci\u00f3n 2 del Plan Territorial de Emergencias en la Comunitat Valenciana La Generalitat Valenciana ha activado la Situaci\u00f3n 2 del Plan Territorial de Emergencias en la Comunitat","og_url":"https:\/\/radiolitoral.com\/ca\/2025\/04\/aixi-afecta-lapagon-a-la-marina-alta\/","og_site_name":"R\u00e0dio Litoral","article_publisher":"https:\/\/www.facebook.com\/Laradiolitoral\/","article_published_time":"2025-04-28T12:00:55+00:00","article_modified_time":"2025-04-28T16:55:17+00:00","og_image":[{"width":1536,"height":2040,"url":"https:\/\/media.radiolitoral.com\/wp-content\/uploads\/2025\/04\/28183347\/Apagon-Denia.jpeg","type":"image\/jpeg"}],"author":"Redacci\u00f3n","twitter_card":"summary_large_image","twitter_misc":{"Escrit per":"Redacci\u00f3n","Temps estimat de lectura":"3 minuts"},"schema":{"@context":"https:\/\/schema.org","@graph":[{"@type":"NewsArticle","@id":"https:\/\/radiolitoral.com\/2025\/04\/asi-afecta-el-apagon-a-la-marina-alta\/#article","isPartOf":{"@id":"https:\/\/radiolitoral.com\/2025\/04\/asi-afecta-el-apagon-a-la-marina-alta\/"},"author":{"name":"Redacci\u00f3n","@id":"https:\/\/radiolitoral.com\/#\/schema\/person\/f2b2343c49b5d721857cc1002bfdb151"},"headline":"As\u00ed afecta el apag\u00f3n a la Marina Alta","datePublished":"2025-04-28T12:00:55+00:00","dateModified":"2025-04-28T16:55:17+00:00","mainEntityOfPage":{"@id":"https:\/\/radiolitoral.com\/2025\/04\/asi-afecta-el-apagon-a-la-marina-alta\/"},"wordCount":465,"commentCount":0,"publisher":{"@id":"https:\/\/radiolitoral.com\/#organization"},"image":{"@id":"https:\/\/radiolitoral.com\/2025\/04\/asi-afecta-el-apagon-a-la-marina-alta\/#primaryimage"},"thumbnailUrl":"https:\/\/media.radiolitoral.com\/wp-content\/uploads\/2025\/04\/28183347\/Apagon-Denia.jpeg","keywords":["apag\u00f3n Espa\u00f1a","apag\u00f3n Marina Alta","apag\u00f3n masivo","Marina Alta","sociedad"],"articleSection":["Sociedad"],"inLanguage":"ca","potentialAction":[{"@type":"CommentAction","name":"Comment","target":["https:\/\/radiolitoral.com\/2025\/04\/asi-afecta-el-apagon-a-la-marina-alta\/#respond"]}]},{"@type":["WebPage","ItemPage"],"@id":"https:\/\/radiolitoral.com\/2025\/04\/asi-afecta-el-apagon-a-la-marina-alta\/","url":"https:\/\/radiolitoral.com\/2025\/04\/asi-afecta-el-apagon-a-la-marina-alta\/","name":"Aix\u00ed afecta l&#039;apagada a la Marina Alta | R\u00e0dio Litoral","isPartOf":{"@id":"https:\/\/radiolitoral.com\/#website"},"primaryImageOfPage":{"@id":"https:\/\/radiolitoral.com\/2025\/04\/asi-afecta-el-apagon-a-la-marina-alta\/#primaryimage"},"image":{"@id":"https:\/\/radiolitoral.com\/2025\/04\/asi-afecta-el-apagon-a-la-marina-alta\/#primaryimage"},"thumbnailUrl":"https:\/\/media.radiolitoral.com\/wp-content\/uploads\/2025\/04\/28183347\/Apagon-Denia.jpeg","datePublished":"2025-04-28T12:00:55+00:00","dateModified":"2025-04-28T16:55:17+00:00","description":"El Cecopi ha activat la situaci\u00f3 2 del Pla territorial d&#039;emerg\u00e8ncies a la Comunitat Valenciana La Generalitat Valenciana ha activat la situaci\u00f3 2 del Pla territorial d&#039;emerg\u00e8ncies a la Comunitat","breadcrumb":{"@id":"https:\/\/radiolitoral.com\/2025\/04\/asi-afecta-el-apagon-a-la-marina-alta\/#breadcrumb"},"inLanguage":"ca","potentialAction":[{"@type":"ReadAction","target":["https:\/\/radiolitoral.com\/2025\/04\/asi-afecta-el-apagon-a-la-marina-alta\/"]}]},{"@type":"ImageObject","inLanguage":"ca","@id":"https:\/\/radiolitoral.com\/2025\/04\/asi-afecta-el-apagon-a-la-marina-alta\/#primaryimage","url":"https:\/\/media.radiolitoral.com\/wp-content\/uploads\/2025\/04\/28183347\/Apagon-Denia.jpeg","contentUrl":"https:\/\/media.radiolitoral.com\/wp-content\/uploads\/2025\/04\/28183347\/Apagon-Denia.jpeg","width":1536,"height":2040},{"@type":"BreadcrumbList","@id":"https:\/\/radiolitoral.com\/2025\/04\/asi-afecta-el-apagon-a-la-marina-alta\/#breadcrumb","itemListElement":[{"@type":"ListItem","position":1,"name":"Portada","item":"https:\/\/radiolitoral.com\/"},{"@type":"ListItem","position":2,"name":"As\u00ed afecta el apag\u00f3n a la Marina Alta"}]},{"@type":"WebSite","@id":"https:\/\/radiolitoral.com\/#website","url":"https:\/\/radiolitoral.com\/","name":"R\u00e0dio Litoral","description":"La r\u00e0dio local de la Marina Alta","publisher":{"@id":"https:\/\/radiolitoral.com\/#organization"},"alternateName":"Litoral FM","potentialAction":[{"@type":"SearchAction","target":{"@type":"EntryPoint","urlTemplate":"https:\/\/radiolitoral.com\/?s={search_term_string}"},"query-input":{"@type":"PropertyValueSpecification","valueRequired":true,"valueName":"search_term_string"}}],"inLanguage":"ca"},{"@type":"Organization","@id":"https:\/\/radiolitoral.com\/#organization","name":"R\u00e0dio Litoral","url":"https:\/\/radiolitoral.com\/","logo":{"@type":"ImageObject","inLanguage":"ca","@id":"https:\/\/radiolitoral.com\/#\/schema\/logo\/image\/","url":"https:\/\/media.radiolitoral.com\/wp-content\/uploads\/2023\/02\/24143238\/CL-V-RadioLitoral696.png","contentUrl":"https:\/\/media.radiolitoral.com\/wp-content\/uploads\/2023\/02\/24143238\/CL-V-RadioLitoral696.png","width":696,"height":696,"caption":"Radio Litoral"},"image":{"@id":"https:\/\/radiolitoral.com\/#\/schema\/logo\/image\/"},"sameAs":["https:\/\/www.facebook.com\/Laradiolitoral\/"]},{"@type":"Person","@id":"https:\/\/radiolitoral.com\/#\/schema\/person\/f2b2343c49b5d721857cc1002bfdb151","name":"Redacci\u00f3","image":{"@type":"ImageObject","inLanguage":"ca","@id":"https:\/\/secure.gravatar.com\/avatar\/f771d896c203ad8b3382d7905cfcce5a5c9b008b84b3cd9114e9b9f4cb63f789?s=96&d=mm&r=g","url":"https:\/\/secure.gravatar.com\/avatar\/f771d896c203ad8b3382d7905cfcce5a5c9b008b84b3cd9114e9b9f4cb63f789?s=96&d=mm&r=g","contentUrl":"https:\/\/secure.gravatar.com\/avatar\/f771d896c203ad8b3382d7905cfcce5a5c9b008b84b3cd9114e9b9f4cb63f789?s=96&d=mm&r=g","caption":"Redacci\u00f3n"},"url":"https:\/\/radiolitoral.com\/ca\/author\/miriam-pagan\/"}]}},"_links":{"self":[{"href":"https:\/\/radiolitoral.com\/ca\/wp-json\/wp\/v2\/posts\/16462","targetHints":{"allow":["GET"]}}],"collection":[{"href":"https:\/\/radiolitoral.com\/ca\/wp-json\/wp\/v2\/posts"}],"about":[{"href":"https:\/\/radiolitoral.com\/ca\/wp-json\/wp\/v2\/types\/post"}],"author":[{"embeddable":true,"href":"https:\/\/radiolitoral.com\/ca\/wp-json\/wp\/v2\/users\/13"}],"replies":[{"embeddable":true,"href":"https:\/\/radiolitoral.com\/ca\/wp-json\/wp\/v2\/comments?post=16462"}],"version-history":[{"count":3,"href":"https:\/\/radiolitoral.com\/ca\/wp-json\/wp\/v2\/posts\/16462\/revisions"}],"predecessor-version":[{"id":16467,"href":"https:\/\/radiolitoral.com\/ca\/wp-json\/wp\/v2\/posts\/16462\/revisions\/16467"}],"wp:featuredmedia":[{"embeddable":true,"href":"https:\/\/radiolitoral.com\/ca\/wp-json\/wp\/v2\/media\/16463"}],"wp:attachment":[{"href":"https:\/\/radiolitoral.com\/ca\/wp-json\/wp\/v2\/media?parent=16462"}],"wp:term":[{"taxonomy":"category","embeddable":true,"href":"https:\/\/radiolitoral.com\/ca\/wp-json\/wp\/v2\/categories?post=16462"},{"taxonomy":"post_tag","embeddable":true,"href":"https:\/\/radiolitoral.com\/ca\/wp-json\/wp\/v2\/tags?post=16462"}],"curies":[{"name":"wp","href":"https:\/\/api.w.org\/{rel}","templated":true}]}}