{"id":16396,"date":"2025-04-25T10:59:30","date_gmt":"2025-04-25T08:59:30","guid":{"rendered":"https:\/\/radiolitoral.com\/?p=16396"},"modified":"2025-04-25T10:59:30","modified_gmt":"2025-04-25T08:59:30","slug":"la-ud-calp-aborda-la-seva-primera-final","status":"publish","type":"post","link":"https:\/\/radiolitoral.com\/ca\/2025\/04\/la-ud-calpe-aborda-su-primera-final\/","title":{"rendered":"La UD Calp aborda la seva primera final"},"content":{"rendered":"<p>La <strong>UD Calp<\/strong> juga, aquest dissabte, al <strong>camp Antonio Solana<\/strong>, a les <strong>17<\/strong> hores davant el <strong>Independent Alacant<\/strong>. Aquest partit tindr\u00e0 com a \u00e0rbitre el col\u00b7legiat <strong>Storemyr Grao<\/strong>.<\/p>\n<p>Els calpins tenen davant seu un repte dif\u00edcil ja que v\u00e8ncer un rival que segueix tenint opcions d&#039;estar en promoci\u00f3 d&#039;ascens \u00e9s una missi\u00f3 complicada. Tot i aix\u00ed, la plantilla que dirigeix <strong>Lauro Techeira<\/strong> assumeix el comprom\u00eds amb l?esperan\u00e7a d?aconseguir puntuar. L&#039;entrenador calp\u00ed afronta aquest duel important amb set baixes, algunes com la de <strong>Xaca<\/strong> per sanci\u00f3 s&#039;uneixen diversos lesionats i altres que per assumptes laborals no podran estar com s\u00f3n <strong>Pau Segu\u00ed<\/strong> o <strong>Pau Lluna<\/strong>.<\/p>\n<p>Al vestidor de la UD Calp t\u00e9 assumit que el millor \u00e9s intentar sorprendre el rival per abordar les dues \u00faltimes jornades de lliga sense nervis. El fet de jugar un dia abans que el <strong>CD D\u00e9nia<\/strong> i <strong>CD Eldense B<\/strong> suposa pressi\u00f3 per a aquests dos equips sempre que l&#039;expedici\u00f3 verd-i-negra no torni buida del seu despla\u00e7ament a Alacant.<\/p>\n<p><script src=\"chrome-extension:\/\/flbolonkboilcbnohjlchlfgdalomdpl\/iFrame.js\" type=\"text\/javascript\"><\/script><\/p>","protected":false},"excerpt":{"rendered":"<p>La UD Calpe juega, este s\u00e1bado, en el campo Antonio Solana, a las 17 horas ante el Independiente Alicante. Este partido tendr\u00e1 como \u00e1rbitro al colegiado Storemyr Grao. Los calpinos tiene ante s\u00ed un dif\u00edcil reto ya que vencer a un rival que sigue teniendo opciones de estar en promoci\u00f3n de ascenso es misi\u00f3n complicada. [&#8230;]<\/p>\n<p><a class=\"btn btn-secondary understrap-read-more-link\" href=\"https:\/\/radiolitoral.com\/ca\/2025\/04\/la-ud-calpe-aborda-su-primera-final\/\">Continua llegint&#8230;<span class=\"screen-reader-text\"> from La UD Calpe aborda su primera final<\/span><\/a><\/p>\n","protected":false},"author":12,"featured_media":16397,"comment_status":"open","ping_status":"closed","sticky":false,"template":"","format":"standard","meta":{"_acf_changed":false,"inline_featured_image":false,"footnotes":""},"categories":[5],"tags":[4224,893,1295,6,891,892,889],"class_list":["post-16396","post","type-post","status-publish","format-standard","has-post-thumbnail","hentry","category-deportes","tag-campo-antonio-solana","tag-cd-denia","tag-cd-eldense-b","tag-deportes","tag-independiente-alicante","tag-lauro-techeira","tag-ud-calpe","cobertura-calp"],"acf":[],"yoast_head":"<!-- This site is optimized with the Yoast SEO plugin v27.5 - https:\/\/yoast.com\/product\/yoast-seo-wordpress\/ -->\n<title>La UD Calpe aborda su primera final | R\u00e0dio Litoral<\/title>\n<meta name=\"description\" content=\"El equipo de Lauro Techeira se mide al Independiente Alicante con las bajas de siete jugadores y con la permanencia en juegoEl equipo de Lauro Techeira se mide al Independiente Alicante con las bajas de siete jugadores y con la permanencia en juego\" \/>\n<meta name=\"robots\" content=\"index, follow, max-snippet:-1, max-image-preview:large, max-video-preview:-1\" \/>\n<link rel=\"canonical\" href=\"https:\/\/radiolitoral.com\/ca\/2025\/04\/la-ud-calp-aborda-la-seva-primera-final\/\" \/>\n<meta property=\"og:locale\" content=\"ca_ES\" \/>\n<meta property=\"og:type\" content=\"article\" \/>\n<meta property=\"og:title\" content=\"La UD Calpe aborda su primera final | R\u00e0dio Litoral\" \/>\n<meta property=\"og:description\" content=\"El equipo de Lauro Techeira se mide al Independiente Alicante con las bajas de siete jugadores y con la permanencia en juegoEl equipo de Lauro Techeira se mide al Independiente Alicante con las bajas de siete jugadores y con la permanencia en juego\" \/>\n<meta property=\"og:url\" content=\"https:\/\/radiolitoral.com\/ca\/2025\/04\/la-ud-calp-aborda-la-seva-primera-final\/\" \/>\n<meta property=\"og:site_name\" content=\"R\u00e0dio Litoral\" \/>\n<meta property=\"article:publisher\" content=\"https:\/\/www.facebook.com\/Laradiolitoral\/\" \/>\n<meta property=\"article:published_time\" content=\"2025-04-25T08:59:30+00:00\" \/>\n<meta property=\"og:image\" content=\"https:\/\/media.radiolitoral.com\/wp-content\/uploads\/2025\/04\/25105604\/Pablo-Luna-saltando-a-por-el-balon-scaled.jpg\" \/>\n\t<meta property=\"og:image:width\" content=\"2560\" \/>\n\t<meta property=\"og:image:height\" content=\"1707\" \/>\n\t<meta property=\"og:image:type\" content=\"image\/jpeg\" \/>\n<meta name=\"author\" content=\"Javier Zamora\" \/>\n<meta name=\"twitter:card\" content=\"summary_large_image\" \/>\n<meta name=\"twitter:label1\" content=\"Escrit per\" \/>\n\t<meta name=\"twitter:data1\" content=\"Javier Zamora\" \/>\n\t<meta name=\"twitter:label2\" content=\"Temps estimat de lectura\" \/>\n\t<meta name=\"twitter:data2\" content=\"2 minuts\" \/>\n<script type=\"application\/ld+json\" class=\"yoast-schema-graph\">{\"@context\":\"https:\\\/\\\/schema.org\",\"@graph\":[{\"@type\":\"NewsArticle\",\"@id\":\"https:\\\/\\\/radiolitoral.com\\\/2025\\\/04\\\/la-ud-calpe-aborda-su-primera-final\\\/#article\",\"isPartOf\":{\"@id\":\"https:\\\/\\\/radiolitoral.com\\\/2025\\\/04\\\/la-ud-calpe-aborda-su-primera-final\\\/\"},\"author\":{\"name\":\"Javier Zamora\",\"@id\":\"https:\\\/\\\/radiolitoral.com\\\/#\\\/schema\\\/person\\\/7b1480b5caeb5acdd4ec6379caf62b22\"},\"headline\":\"La UD Calpe aborda su primera final\",\"datePublished\":\"2025-04-25T08:59:30+00:00\",\"mainEntityOfPage\":{\"@id\":\"https:\\\/\\\/radiolitoral.com\\\/2025\\\/04\\\/la-ud-calpe-aborda-su-primera-final\\\/\"},\"wordCount\":191,\"commentCount\":0,\"publisher\":{\"@id\":\"https:\\\/\\\/radiolitoral.com\\\/#organization\"},\"image\":{\"@id\":\"https:\\\/\\\/radiolitoral.com\\\/2025\\\/04\\\/la-ud-calpe-aborda-su-primera-final\\\/#primaryimage\"},\"thumbnailUrl\":\"https:\\\/\\\/media.radiolitoral.com\\\/wp-content\\\/uploads\\\/2025\\\/04\\\/25105604\\\/Pablo-Luna-saltando-a-por-el-balon-scaled.jpg\",\"keywords\":[\"campo Antonio Solana\",\"CD D\u00e9nia\",\"CD Eldense B\",\"deportes\",\"Independiente Alicante\",\"Lauro Techeira\",\"UD Calpe\"],\"articleSection\":[\"Deportes\"],\"inLanguage\":\"ca\",\"potentialAction\":[{\"@type\":\"CommentAction\",\"name\":\"Comment\",\"target\":[\"https:\\\/\\\/radiolitoral.com\\\/2025\\\/04\\\/la-ud-calpe-aborda-su-primera-final\\\/#respond\"]}]},{\"@type\":[\"WebPage\",\"ItemPage\"],\"@id\":\"https:\\\/\\\/radiolitoral.com\\\/2025\\\/04\\\/la-ud-calpe-aborda-su-primera-final\\\/\",\"url\":\"https:\\\/\\\/radiolitoral.com\\\/2025\\\/04\\\/la-ud-calpe-aborda-su-primera-final\\\/\",\"name\":\"La UD Calpe aborda su primera final | R\u00e0dio Litoral\",\"isPartOf\":{\"@id\":\"https:\\\/\\\/radiolitoral.com\\\/#website\"},\"primaryImageOfPage\":{\"@id\":\"https:\\\/\\\/radiolitoral.com\\\/2025\\\/04\\\/la-ud-calpe-aborda-su-primera-final\\\/#primaryimage\"},\"image\":{\"@id\":\"https:\\\/\\\/radiolitoral.com\\\/2025\\\/04\\\/la-ud-calpe-aborda-su-primera-final\\\/#primaryimage\"},\"thumbnailUrl\":\"https:\\\/\\\/media.radiolitoral.com\\\/wp-content\\\/uploads\\\/2025\\\/04\\\/25105604\\\/Pablo-Luna-saltando-a-por-el-balon-scaled.jpg\",\"datePublished\":\"2025-04-25T08:59:30+00:00\",\"description\":\"El equipo de Lauro Techeira se mide al Independiente Alicante con las bajas de siete jugadores y con la permanencia en juegoEl equipo de Lauro Techeira se mide al Independiente Alicante con las bajas de siete jugadores y con la permanencia en juego\",\"breadcrumb\":{\"@id\":\"https:\\\/\\\/radiolitoral.com\\\/2025\\\/04\\\/la-ud-calpe-aborda-su-primera-final\\\/#breadcrumb\"},\"inLanguage\":\"ca\",\"potentialAction\":[{\"@type\":\"ReadAction\",\"target\":[\"https:\\\/\\\/radiolitoral.com\\\/2025\\\/04\\\/la-ud-calpe-aborda-su-primera-final\\\/\"]}]},{\"@type\":\"ImageObject\",\"inLanguage\":\"ca\",\"@id\":\"https:\\\/\\\/radiolitoral.com\\\/2025\\\/04\\\/la-ud-calpe-aborda-su-primera-final\\\/#primaryimage\",\"url\":\"https:\\\/\\\/media.radiolitoral.com\\\/wp-content\\\/uploads\\\/2025\\\/04\\\/25105604\\\/Pablo-Luna-saltando-a-por-el-balon-scaled.jpg\",\"contentUrl\":\"https:\\\/\\\/media.radiolitoral.com\\\/wp-content\\\/uploads\\\/2025\\\/04\\\/25105604\\\/Pablo-Luna-saltando-a-por-el-balon-scaled.jpg\",\"width\":2560,\"height\":1707},{\"@type\":\"BreadcrumbList\",\"@id\":\"https:\\\/\\\/radiolitoral.com\\\/2025\\\/04\\\/la-ud-calpe-aborda-su-primera-final\\\/#breadcrumb\",\"itemListElement\":[{\"@type\":\"ListItem\",\"position\":1,\"name\":\"Portada\",\"item\":\"https:\\\/\\\/radiolitoral.com\\\/\"},{\"@type\":\"ListItem\",\"position\":2,\"name\":\"La UD Calpe aborda su primera final\"}]},{\"@type\":\"WebSite\",\"@id\":\"https:\\\/\\\/radiolitoral.com\\\/#website\",\"url\":\"https:\\\/\\\/radiolitoral.com\\\/\",\"name\":\"Radio Litoral\",\"description\":\"La radio local de la Marina Alta\",\"publisher\":{\"@id\":\"https:\\\/\\\/radiolitoral.com\\\/#organization\"},\"alternateName\":\"Litoral FM\",\"potentialAction\":[{\"@type\":\"SearchAction\",\"target\":{\"@type\":\"EntryPoint\",\"urlTemplate\":\"https:\\\/\\\/radiolitoral.com\\\/?s={search_term_string}\"},\"query-input\":{\"@type\":\"PropertyValueSpecification\",\"valueRequired\":true,\"valueName\":\"search_term_string\"}}],\"inLanguage\":\"ca\"},{\"@type\":\"Organization\",\"@id\":\"https:\\\/\\\/radiolitoral.com\\\/#organization\",\"name\":\"Radio Litoral\",\"url\":\"https:\\\/\\\/radiolitoral.com\\\/\",\"logo\":{\"@type\":\"ImageObject\",\"inLanguage\":\"ca\",\"@id\":\"https:\\\/\\\/radiolitoral.com\\\/#\\\/schema\\\/logo\\\/image\\\/\",\"url\":\"https:\\\/\\\/media.radiolitoral.com\\\/wp-content\\\/uploads\\\/2023\\\/02\\\/24143238\\\/CL-V-RadioLitoral696.png\",\"contentUrl\":\"https:\\\/\\\/media.radiolitoral.com\\\/wp-content\\\/uploads\\\/2023\\\/02\\\/24143238\\\/CL-V-RadioLitoral696.png\",\"width\":696,\"height\":696,\"caption\":\"Radio Litoral\"},\"image\":{\"@id\":\"https:\\\/\\\/radiolitoral.com\\\/#\\\/schema\\\/logo\\\/image\\\/\"},\"sameAs\":[\"https:\\\/\\\/www.facebook.com\\\/Laradiolitoral\\\/\"]},{\"@type\":\"Person\",\"@id\":\"https:\\\/\\\/radiolitoral.com\\\/#\\\/schema\\\/person\\\/7b1480b5caeb5acdd4ec6379caf62b22\",\"name\":\"Javier Zamora\",\"image\":{\"@type\":\"ImageObject\",\"inLanguage\":\"ca\",\"@id\":\"https:\\\/\\\/secure.gravatar.com\\\/avatar\\\/467a11f6918c7d619c4043fc6fa2d3853053107973f05b6e9c04ea6c4e3a7b3f?s=96&d=mm&r=g\",\"url\":\"https:\\\/\\\/secure.gravatar.com\\\/avatar\\\/467a11f6918c7d619c4043fc6fa2d3853053107973f05b6e9c04ea6c4e3a7b3f?s=96&d=mm&r=g\",\"contentUrl\":\"https:\\\/\\\/secure.gravatar.com\\\/avatar\\\/467a11f6918c7d619c4043fc6fa2d3853053107973f05b6e9c04ea6c4e3a7b3f?s=96&d=mm&r=g\",\"caption\":\"Javier Zamora\"},\"url\":\"https:\\\/\\\/radiolitoral.com\\\/ca\\\/author\\\/javier-zamora\\\/\"}]}<\/script>\n<!-- \/ Yoast SEO plugin. -->","yoast_head_json":{"title":"La UD Calp aborda la primera final | R\u00e0dio Litoral","description":"L&#039;equip de Lauro Techeira es mesura a l&#039;Independent Alacant amb les baixes de set jugadors i amb la perman\u00e8ncia en joc L&#039;equip de Lauro Techeira es mesura a l&#039;Independent Alacant amb les baixes de set jugadors i amb la perman\u00e8ncia en joc","robots":{"index":"index","follow":"follow","max-snippet":"max-snippet:-1","max-image-preview":"max-image-preview:large","max-video-preview":"max-video-preview:-1"},"canonical":"https:\/\/radiolitoral.com\/ca\/2025\/04\/la-ud-calp-aborda-la-seva-primera-final\/","og_locale":"ca_ES","og_type":"article","og_title":"La UD Calpe aborda su primera final | R\u00e0dio Litoral","og_description":"El equipo de Lauro Techeira se mide al Independiente Alicante con las bajas de siete jugadores y con la permanencia en juegoEl equipo de Lauro Techeira se mide al Independiente Alicante con las bajas de siete jugadores y con la permanencia en juego","og_url":"https:\/\/radiolitoral.com\/ca\/2025\/04\/la-ud-calp-aborda-la-seva-primera-final\/","og_site_name":"R\u00e0dio Litoral","article_publisher":"https:\/\/www.facebook.com\/Laradiolitoral\/","article_published_time":"2025-04-25T08:59:30+00:00","og_image":[{"width":2560,"height":1707,"url":"https:\/\/media.radiolitoral.com\/wp-content\/uploads\/2025\/04\/25105604\/Pablo-Luna-saltando-a-por-el-balon-scaled.jpg","type":"image\/jpeg"}],"author":"Javier Zamora","twitter_card":"summary_large_image","twitter_misc":{"Escrit per":"Javier Zamora","Temps estimat de lectura":"2 minuts"},"schema":{"@context":"https:\/\/schema.org","@graph":[{"@type":"NewsArticle","@id":"https:\/\/radiolitoral.com\/2025\/04\/la-ud-calpe-aborda-su-primera-final\/#article","isPartOf":{"@id":"https:\/\/radiolitoral.com\/2025\/04\/la-ud-calpe-aborda-su-primera-final\/"},"author":{"name":"Javier Zamora","@id":"https:\/\/radiolitoral.com\/#\/schema\/person\/7b1480b5caeb5acdd4ec6379caf62b22"},"headline":"La UD Calpe aborda su primera final","datePublished":"2025-04-25T08:59:30+00:00","mainEntityOfPage":{"@id":"https:\/\/radiolitoral.com\/2025\/04\/la-ud-calpe-aborda-su-primera-final\/"},"wordCount":191,"commentCount":0,"publisher":{"@id":"https:\/\/radiolitoral.com\/#organization"},"image":{"@id":"https:\/\/radiolitoral.com\/2025\/04\/la-ud-calpe-aborda-su-primera-final\/#primaryimage"},"thumbnailUrl":"https:\/\/media.radiolitoral.com\/wp-content\/uploads\/2025\/04\/25105604\/Pablo-Luna-saltando-a-por-el-balon-scaled.jpg","keywords":["campo Antonio Solana","CD D\u00e9nia","CD Eldense B","deportes","Independiente Alicante","Lauro Techeira","UD Calpe"],"articleSection":["Deportes"],"inLanguage":"ca","potentialAction":[{"@type":"CommentAction","name":"Comment","target":["https:\/\/radiolitoral.com\/2025\/04\/la-ud-calpe-aborda-su-primera-final\/#respond"]}]},{"@type":["WebPage","ItemPage"],"@id":"https:\/\/radiolitoral.com\/2025\/04\/la-ud-calpe-aborda-su-primera-final\/","url":"https:\/\/radiolitoral.com\/2025\/04\/la-ud-calpe-aborda-su-primera-final\/","name":"La UD Calp aborda la primera final | R\u00e0dio Litoral","isPartOf":{"@id":"https:\/\/radiolitoral.com\/#website"},"primaryImageOfPage":{"@id":"https:\/\/radiolitoral.com\/2025\/04\/la-ud-calpe-aborda-su-primera-final\/#primaryimage"},"image":{"@id":"https:\/\/radiolitoral.com\/2025\/04\/la-ud-calpe-aborda-su-primera-final\/#primaryimage"},"thumbnailUrl":"https:\/\/media.radiolitoral.com\/wp-content\/uploads\/2025\/04\/25105604\/Pablo-Luna-saltando-a-por-el-balon-scaled.jpg","datePublished":"2025-04-25T08:59:30+00:00","description":"L&#039;equip de Lauro Techeira es mesura a l&#039;Independent Alacant amb les baixes de set jugadors i amb la perman\u00e8ncia en joc L&#039;equip de Lauro Techeira es mesura a l&#039;Independent Alacant amb les baixes de set jugadors i amb la perman\u00e8ncia en joc","breadcrumb":{"@id":"https:\/\/radiolitoral.com\/2025\/04\/la-ud-calpe-aborda-su-primera-final\/#breadcrumb"},"inLanguage":"ca","potentialAction":[{"@type":"ReadAction","target":["https:\/\/radiolitoral.com\/2025\/04\/la-ud-calpe-aborda-su-primera-final\/"]}]},{"@type":"ImageObject","inLanguage":"ca","@id":"https:\/\/radiolitoral.com\/2025\/04\/la-ud-calpe-aborda-su-primera-final\/#primaryimage","url":"https:\/\/media.radiolitoral.com\/wp-content\/uploads\/2025\/04\/25105604\/Pablo-Luna-saltando-a-por-el-balon-scaled.jpg","contentUrl":"https:\/\/media.radiolitoral.com\/wp-content\/uploads\/2025\/04\/25105604\/Pablo-Luna-saltando-a-por-el-balon-scaled.jpg","width":2560,"height":1707},{"@type":"BreadcrumbList","@id":"https:\/\/radiolitoral.com\/2025\/04\/la-ud-calpe-aborda-su-primera-final\/#breadcrumb","itemListElement":[{"@type":"ListItem","position":1,"name":"Portada","item":"https:\/\/radiolitoral.com\/"},{"@type":"ListItem","position":2,"name":"La UD Calpe aborda su primera final"}]},{"@type":"WebSite","@id":"https:\/\/radiolitoral.com\/#website","url":"https:\/\/radiolitoral.com\/","name":"R\u00e0dio Litoral","description":"La r\u00e0dio local de la Marina Alta","publisher":{"@id":"https:\/\/radiolitoral.com\/#organization"},"alternateName":"Litoral FM","potentialAction":[{"@type":"SearchAction","target":{"@type":"EntryPoint","urlTemplate":"https:\/\/radiolitoral.com\/?s={search_term_string}"},"query-input":{"@type":"PropertyValueSpecification","valueRequired":true,"valueName":"search_term_string"}}],"inLanguage":"ca"},{"@type":"Organization","@id":"https:\/\/radiolitoral.com\/#organization","name":"R\u00e0dio Litoral","url":"https:\/\/radiolitoral.com\/","logo":{"@type":"ImageObject","inLanguage":"ca","@id":"https:\/\/radiolitoral.com\/#\/schema\/logo\/image\/","url":"https:\/\/media.radiolitoral.com\/wp-content\/uploads\/2023\/02\/24143238\/CL-V-RadioLitoral696.png","contentUrl":"https:\/\/media.radiolitoral.com\/wp-content\/uploads\/2023\/02\/24143238\/CL-V-RadioLitoral696.png","width":696,"height":696,"caption":"Radio Litoral"},"image":{"@id":"https:\/\/radiolitoral.com\/#\/schema\/logo\/image\/"},"sameAs":["https:\/\/www.facebook.com\/Laradiolitoral\/"]},{"@type":"Person","@id":"https:\/\/radiolitoral.com\/#\/schema\/person\/7b1480b5caeb5acdd4ec6379caf62b22","name":"Javier Zamora","image":{"@type":"ImageObject","inLanguage":"ca","@id":"https:\/\/secure.gravatar.com\/avatar\/467a11f6918c7d619c4043fc6fa2d3853053107973f05b6e9c04ea6c4e3a7b3f?s=96&d=mm&r=g","url":"https:\/\/secure.gravatar.com\/avatar\/467a11f6918c7d619c4043fc6fa2d3853053107973f05b6e9c04ea6c4e3a7b3f?s=96&d=mm&r=g","contentUrl":"https:\/\/secure.gravatar.com\/avatar\/467a11f6918c7d619c4043fc6fa2d3853053107973f05b6e9c04ea6c4e3a7b3f?s=96&d=mm&r=g","caption":"Javier Zamora"},"url":"https:\/\/radiolitoral.com\/ca\/author\/javier-zamora\/"}]}},"_links":{"self":[{"href":"https:\/\/radiolitoral.com\/ca\/wp-json\/wp\/v2\/posts\/16396","targetHints":{"allow":["GET"]}}],"collection":[{"href":"https:\/\/radiolitoral.com\/ca\/wp-json\/wp\/v2\/posts"}],"about":[{"href":"https:\/\/radiolitoral.com\/ca\/wp-json\/wp\/v2\/types\/post"}],"author":[{"embeddable":true,"href":"https:\/\/radiolitoral.com\/ca\/wp-json\/wp\/v2\/users\/12"}],"replies":[{"embeddable":true,"href":"https:\/\/radiolitoral.com\/ca\/wp-json\/wp\/v2\/comments?post=16396"}],"version-history":[{"count":2,"href":"https:\/\/radiolitoral.com\/ca\/wp-json\/wp\/v2\/posts\/16396\/revisions"}],"predecessor-version":[{"id":16399,"href":"https:\/\/radiolitoral.com\/ca\/wp-json\/wp\/v2\/posts\/16396\/revisions\/16399"}],"wp:featuredmedia":[{"embeddable":true,"href":"https:\/\/radiolitoral.com\/ca\/wp-json\/wp\/v2\/media\/16397"}],"wp:attachment":[{"href":"https:\/\/radiolitoral.com\/ca\/wp-json\/wp\/v2\/media?parent=16396"}],"wp:term":[{"taxonomy":"category","embeddable":true,"href":"https:\/\/radiolitoral.com\/ca\/wp-json\/wp\/v2\/categories?post=16396"},{"taxonomy":"post_tag","embeddable":true,"href":"https:\/\/radiolitoral.com\/ca\/wp-json\/wp\/v2\/tags?post=16396"}],"curies":[{"name":"wp","href":"https:\/\/api.w.org\/{rel}","templated":true}]}}