{"id":16381,"date":"2025-04-24T10:03:30","date_gmt":"2025-04-24T08:03:30","guid":{"rendered":"https:\/\/radiolitoral.com\/?p=16381"},"modified":"2025-04-24T10:03:30","modified_gmt":"2025-04-24T08:03:30","slug":"denia-seu-de-les-finals-de-la-nostra-copa","status":"publish","type":"post","link":"https:\/\/radiolitoral.com\/ca\/2025\/04\/denia-sede-de-las-finales-de-la-nostra-copa\/","title":{"rendered":"D\u00e9nia seu de les finals de La Nostra Copa"},"content":{"rendered":"<p>D\u00e9nia, es prepara per rebre el <strong>1 de maig de 2025<\/strong> un dels esdeveniments esportius m\u00e9s importants de la temporada. La <strong>Federaci\u00f3 de Futbol de la Comunitat Valenciana (FFCV)<\/strong> ha triat aquesta ciutat com a seu per albergar les <strong>finals de &#039;La Nostra Copa&#039;<\/strong>, que es disputaran al <strong>Poliesportiu Municipal de D\u00e9nia<\/strong> i el <strong>Camp de Futbol Diego Mena<\/strong>.<\/p>\n<p>La jornada reunir\u00e0 els millors equips de la regi\u00f3 en cinc emocionants finals que es desenvoluparan al llarg del dia. <strong>Poliesportiu Municipal de D\u00e9nia<\/strong>, amb el seu pavell\u00f3 cobert, i el <strong>Camp de Futbol Diego Mena<\/strong>, seran els escenaris principals d&#039;aquest esdeveniment hist\u00f2ric, oferint als aficionats un espectacle esportiu de primer nivell.<\/p>\n<h4><strong>Futbol Sala<\/strong><\/h4>\n<p>La jornada comen\u00e7ar\u00e0 al <strong>Pavell\u00f3 Municipal de D\u00e9nia<\/strong> a les <strong>11:00<\/strong>, amb la <strong>final Valenta<\/strong> de futbol sala, que enfrontar\u00e0 el <strong>Club Castell\u00f3 FS<\/strong> contra el guanyador de la semifinal entre <strong>Actiu CFS Castalla<\/strong> i <strong>CD Nou T\u00faria CFS<\/strong>, que es jugar\u00e0 pr\u00e8viament. A les <strong>13:00<\/strong>, ser\u00e0 el torn de la <strong>final masculina<\/strong> de futbol sala, on <strong>Club Tancaments Abatibles Futsal d&#039;Elx<\/strong> es mesurar\u00e0 a <strong>Mislata FS<\/strong> en una disputada tercera edici\u00f3 de la copa.<\/p>\n<h4><strong>Futbol<\/strong><\/h4>\n<p>Al <strong>Camp de Futbol Diego Mena<\/strong>, es decidiran els campions de les competicions de futbol en tres categories clau: <strong>Valenta<\/strong>, <strong>Alev\u00ed<\/strong>, i <strong>Masculina<\/strong>. L&#039;acci\u00f3 comen\u00e7ar\u00e0 a les <strong>12:00<\/strong>, amb la <strong>final Valenta<\/strong> entre <strong>UD Aldaia CF<\/strong> i <strong>UD Castellonenca<\/strong>, dos equips lluitant pel t\u00edtol de la tercera edici\u00f3 de la copa.<\/p>\n<p>A les <strong>17:00<\/strong>, ser\u00e0 el torn de la <strong>final Alev\u00ed<\/strong>, amb el <strong>representant de l&#039;Acad\u00e8mia Val\u00e8ncia CF<\/strong>, que s&#039;enfrontar\u00e0 al <strong>guanyador de la semifinal<\/strong> entre <strong>FBCD Catarroja<\/strong> i <strong>Elx CF<\/strong>, programada per avui a Catarroja. <strong>19:30<\/strong>, es disputar\u00e0 la <strong>final masculina<\/strong> de la IV edici\u00f3 de &#039;La Nostra Copa&#039;, on <strong>Manises CF<\/strong> i <strong>Paterna CF<\/strong> protagonitzaran un <strong>derbi apassionant<\/strong> entre equips de localitats ve\u00efnes.<\/p>\n<p>Aquest esdeveniment, que comptar\u00e0 amb el suport de les aficions locals i visitants, ser\u00e0 un reflex de l&#039;alt nivell competitiu i de la gran passi\u00f3 pel futbol i el futbol sala a la Comunitat Valenciana. La <strong>FFCV<\/strong> continua el seu esfor\u00e7 per apropar les competicions a tota la regi\u00f3, consolidant a <strong>D\u00e9nia<\/strong> com una seu privilegiada per a aquest tipus de trobades.<\/p>\n<p><script src=\"chrome-extension:\/\/flbolonkboilcbnohjlchlfgdalomdpl\/iFrame.js\" type=\"text\/javascript\"><\/script><\/p>","protected":false},"excerpt":{"rendered":"<p>D\u00e9nia, se prepara para recibir el 1 de mayo de 2025 uno de los eventos deportivos m\u00e1s importantes de la temporada. La Federaci\u00f3n de Futbol de la Comunitat Valenciana (FFCV) ha elegido esta ciudad como sede para albergar las finales de \u2018La Nostra Copa\u2019, que se disputar\u00e1n en el Polideportivo Municipal de D\u00e9nia y el [&#8230;]<\/p>\n<p><a class=\"btn btn-secondary understrap-read-more-link\" href=\"https:\/\/radiolitoral.com\/ca\/2025\/04\/denia-sede-de-las-finales-de-la-nostra-copa\/\">Continua llegint&#8230;<span class=\"screen-reader-text\"> from D\u00e9nia sede de las finales de La Nostra Copa<\/span><\/a><\/p>\n","protected":false},"author":12,"featured_media":16382,"comment_status":"open","ping_status":"closed","sticky":false,"template":"","format":"standard","meta":{"_acf_changed":false,"inline_featured_image":false,"footnotes":""},"categories":[5],"tags":[4218,4212,4210,4213,4211,4214,6,4220,4219,4208,2683,2000,4221,4215,1119,1761,4209,4216,4217],"class_list":["post-16381","post","type-post","status-publish","format-standard","has-post-thumbnail","hentry","category-deportes","tag-academia-valencia-cf","tag-actiu-cfs-castalla","tag-campo-de-futbol-diego-mena","tag-cd-nou-turia-cfs","tag-club-castellon-fs","tag-club-cerramientos-abatibles-futsal-de-elche","tag-deportes","tag-elche-cf","tag-fbcd-catarroja","tag-federacion-de-futbol-de-la-comunitat-valenciana","tag-ffcv","tag-la-nostra-copa","tag-manises-cf","tag-mislata-fs","tag-pabellon-municipal-de-denia","tag-paterna-cf","tag-polideportivo-municipal-de-denia","tag-ud-aldaia-cf","tag-ud-castellonense","cobertura-denia"],"acf":[],"yoast_head":"<!-- This site is optimized with the Yoast SEO plugin v27.5 - https:\/\/yoast.com\/product\/yoast-seo-wordpress\/ -->\n<title>D\u00e9nia sede de las finales de La Nostra Copa | R\u00e0dio Litoral<\/title>\n<meta name=\"description\" content=\"Ser\u00e1n el jueves 1 de mayo tanto en la modalidad de f\u00fatbol sala como de f\u00fatbol tanto masculino como femeninoSer\u00e1n el jueves 1 de mayo tanto en la modalidad de f\u00fatbol sala como de f\u00fatbol tanto masculino como femenino\" \/>\n<meta name=\"robots\" content=\"index, follow, max-snippet:-1, max-image-preview:large, max-video-preview:-1\" \/>\n<link rel=\"canonical\" href=\"https:\/\/radiolitoral.com\/ca\/2025\/04\/denia-seu-de-les-finals-de-la-nostra-copa\/\" \/>\n<meta property=\"og:locale\" content=\"ca_ES\" \/>\n<meta property=\"og:type\" content=\"article\" \/>\n<meta property=\"og:title\" content=\"D\u00e9nia sede de las finales de La Nostra Copa | R\u00e0dio Litoral\" \/>\n<meta property=\"og:description\" content=\"Ser\u00e1n el jueves 1 de mayo tanto en la modalidad de f\u00fatbol sala como de f\u00fatbol tanto masculino como femeninoSer\u00e1n el jueves 1 de mayo tanto en la modalidad de f\u00fatbol sala como de f\u00fatbol tanto masculino como femenino\" \/>\n<meta property=\"og:url\" content=\"https:\/\/radiolitoral.com\/ca\/2025\/04\/denia-seu-de-les-finals-de-la-nostra-copa\/\" \/>\n<meta property=\"og:site_name\" content=\"R\u00e0dio Litoral\" \/>\n<meta property=\"article:publisher\" content=\"https:\/\/www.facebook.com\/Laradiolitoral\/\" \/>\n<meta property=\"article:published_time\" content=\"2025-04-24T08:03:30+00:00\" \/>\n<meta property=\"og:image\" content=\"https:\/\/media.radiolitoral.com\/wp-content\/uploads\/2025\/04\/24100307\/campodiegomenadenia-U23167085410jqH-1920x1080%40Las-Provincias.webp\" \/>\n\t<meta property=\"og:image:width\" content=\"1920\" \/>\n\t<meta property=\"og:image:height\" content=\"1080\" \/>\n\t<meta property=\"og:image:type\" content=\"image\/webp\" \/>\n<meta name=\"author\" content=\"Javier Zamora\" \/>\n<meta name=\"twitter:card\" content=\"summary_large_image\" \/>\n<meta name=\"twitter:label1\" content=\"Escrit per\" \/>\n\t<meta name=\"twitter:data1\" content=\"Javier Zamora\" \/>\n\t<meta name=\"twitter:label2\" content=\"Temps estimat de lectura\" \/>\n\t<meta name=\"twitter:data2\" content=\"3 minuts\" \/>\n<script type=\"application\/ld+json\" class=\"yoast-schema-graph\">{\"@context\":\"https:\\\/\\\/schema.org\",\"@graph\":[{\"@type\":\"NewsArticle\",\"@id\":\"https:\\\/\\\/radiolitoral.com\\\/2025\\\/04\\\/denia-sede-de-las-finales-de-la-nostra-copa\\\/#article\",\"isPartOf\":{\"@id\":\"https:\\\/\\\/radiolitoral.com\\\/2025\\\/04\\\/denia-sede-de-las-finales-de-la-nostra-copa\\\/\"},\"author\":{\"name\":\"Javier Zamora\",\"@id\":\"https:\\\/\\\/radiolitoral.com\\\/#\\\/schema\\\/person\\\/7b1480b5caeb5acdd4ec6379caf62b22\"},\"headline\":\"D\u00e9nia sede de las finales de La Nostra Copa\",\"datePublished\":\"2025-04-24T08:03:30+00:00\",\"mainEntityOfPage\":{\"@id\":\"https:\\\/\\\/radiolitoral.com\\\/2025\\\/04\\\/denia-sede-de-las-finales-de-la-nostra-copa\\\/\"},\"wordCount\":426,\"commentCount\":0,\"publisher\":{\"@id\":\"https:\\\/\\\/radiolitoral.com\\\/#organization\"},\"image\":{\"@id\":\"https:\\\/\\\/radiolitoral.com\\\/2025\\\/04\\\/denia-sede-de-las-finales-de-la-nostra-copa\\\/#primaryimage\"},\"thumbnailUrl\":\"https:\\\/\\\/media.radiolitoral.com\\\/wp-content\\\/uploads\\\/2025\\\/04\\\/24100307\\\/campodiegomenadenia-U23167085410jqH-1920x1080%40Las-Provincias.webp\",\"keywords\":[\"Academia Valencia CF\",\"Actiu CFS Castalla\",\"Campo de F\u00fatbol Diego Mena\",\"CD Nou T\u00faria CFS\",\"Club Castell\u00f3n FS\",\"Club Cerramientos Abatibles Futsal de Elche\",\"deportes\",\"Elche CF\",\"FBCD Catarroja\",\"Federaci\u00f3n de Futbol de la Comunitat Valenciana\",\"FFCV\",\"La Nostra Copa\",\"Manises CF\",\"Mislata FS\",\"pabell\u00f3n municipal de D\u00e9nia\",\"Paterna CF\",\"Polideportivo Municipal de D\u00e9nia\",\"UD Aldaia CF\",\"UD Castellonense\"],\"articleSection\":[\"Deportes\"],\"inLanguage\":\"ca\",\"potentialAction\":[{\"@type\":\"CommentAction\",\"name\":\"Comment\",\"target\":[\"https:\\\/\\\/radiolitoral.com\\\/2025\\\/04\\\/denia-sede-de-las-finales-de-la-nostra-copa\\\/#respond\"]}]},{\"@type\":[\"WebPage\",\"ItemPage\"],\"@id\":\"https:\\\/\\\/radiolitoral.com\\\/2025\\\/04\\\/denia-sede-de-las-finales-de-la-nostra-copa\\\/\",\"url\":\"https:\\\/\\\/radiolitoral.com\\\/2025\\\/04\\\/denia-sede-de-las-finales-de-la-nostra-copa\\\/\",\"name\":\"D\u00e9nia sede de las finales de La Nostra Copa | R\u00e0dio Litoral\",\"isPartOf\":{\"@id\":\"https:\\\/\\\/radiolitoral.com\\\/#website\"},\"primaryImageOfPage\":{\"@id\":\"https:\\\/\\\/radiolitoral.com\\\/2025\\\/04\\\/denia-sede-de-las-finales-de-la-nostra-copa\\\/#primaryimage\"},\"image\":{\"@id\":\"https:\\\/\\\/radiolitoral.com\\\/2025\\\/04\\\/denia-sede-de-las-finales-de-la-nostra-copa\\\/#primaryimage\"},\"thumbnailUrl\":\"https:\\\/\\\/media.radiolitoral.com\\\/wp-content\\\/uploads\\\/2025\\\/04\\\/24100307\\\/campodiegomenadenia-U23167085410jqH-1920x1080%40Las-Provincias.webp\",\"datePublished\":\"2025-04-24T08:03:30+00:00\",\"description\":\"Ser\u00e1n el jueves 1 de mayo tanto en la modalidad de f\u00fatbol sala como de f\u00fatbol tanto masculino como femeninoSer\u00e1n el jueves 1 de mayo tanto en la modalidad de f\u00fatbol sala como de f\u00fatbol tanto masculino como femenino\",\"breadcrumb\":{\"@id\":\"https:\\\/\\\/radiolitoral.com\\\/2025\\\/04\\\/denia-sede-de-las-finales-de-la-nostra-copa\\\/#breadcrumb\"},\"inLanguage\":\"ca\",\"potentialAction\":[{\"@type\":\"ReadAction\",\"target\":[\"https:\\\/\\\/radiolitoral.com\\\/2025\\\/04\\\/denia-sede-de-las-finales-de-la-nostra-copa\\\/\"]}]},{\"@type\":\"ImageObject\",\"inLanguage\":\"ca\",\"@id\":\"https:\\\/\\\/radiolitoral.com\\\/2025\\\/04\\\/denia-sede-de-las-finales-de-la-nostra-copa\\\/#primaryimage\",\"url\":\"https:\\\/\\\/media.radiolitoral.com\\\/wp-content\\\/uploads\\\/2025\\\/04\\\/24100307\\\/campodiegomenadenia-U23167085410jqH-1920x1080%40Las-Provincias.webp\",\"contentUrl\":\"https:\\\/\\\/media.radiolitoral.com\\\/wp-content\\\/uploads\\\/2025\\\/04\\\/24100307\\\/campodiegomenadenia-U23167085410jqH-1920x1080%40Las-Provincias.webp\",\"width\":1920,\"height\":1080},{\"@type\":\"BreadcrumbList\",\"@id\":\"https:\\\/\\\/radiolitoral.com\\\/2025\\\/04\\\/denia-sede-de-las-finales-de-la-nostra-copa\\\/#breadcrumb\",\"itemListElement\":[{\"@type\":\"ListItem\",\"position\":1,\"name\":\"Portada\",\"item\":\"https:\\\/\\\/radiolitoral.com\\\/\"},{\"@type\":\"ListItem\",\"position\":2,\"name\":\"D\u00e9nia sede de las finales de La Nostra Copa\"}]},{\"@type\":\"WebSite\",\"@id\":\"https:\\\/\\\/radiolitoral.com\\\/#website\",\"url\":\"https:\\\/\\\/radiolitoral.com\\\/\",\"name\":\"Radio Litoral\",\"description\":\"La radio local de la Marina Alta\",\"publisher\":{\"@id\":\"https:\\\/\\\/radiolitoral.com\\\/#organization\"},\"alternateName\":\"Litoral FM\",\"potentialAction\":[{\"@type\":\"SearchAction\",\"target\":{\"@type\":\"EntryPoint\",\"urlTemplate\":\"https:\\\/\\\/radiolitoral.com\\\/?s={search_term_string}\"},\"query-input\":{\"@type\":\"PropertyValueSpecification\",\"valueRequired\":true,\"valueName\":\"search_term_string\"}}],\"inLanguage\":\"ca\"},{\"@type\":\"Organization\",\"@id\":\"https:\\\/\\\/radiolitoral.com\\\/#organization\",\"name\":\"Radio Litoral\",\"url\":\"https:\\\/\\\/radiolitoral.com\\\/\",\"logo\":{\"@type\":\"ImageObject\",\"inLanguage\":\"ca\",\"@id\":\"https:\\\/\\\/radiolitoral.com\\\/#\\\/schema\\\/logo\\\/image\\\/\",\"url\":\"https:\\\/\\\/media.radiolitoral.com\\\/wp-content\\\/uploads\\\/2023\\\/02\\\/24143238\\\/CL-V-RadioLitoral696.png\",\"contentUrl\":\"https:\\\/\\\/media.radiolitoral.com\\\/wp-content\\\/uploads\\\/2023\\\/02\\\/24143238\\\/CL-V-RadioLitoral696.png\",\"width\":696,\"height\":696,\"caption\":\"Radio Litoral\"},\"image\":{\"@id\":\"https:\\\/\\\/radiolitoral.com\\\/#\\\/schema\\\/logo\\\/image\\\/\"},\"sameAs\":[\"https:\\\/\\\/www.facebook.com\\\/Laradiolitoral\\\/\"]},{\"@type\":\"Person\",\"@id\":\"https:\\\/\\\/radiolitoral.com\\\/#\\\/schema\\\/person\\\/7b1480b5caeb5acdd4ec6379caf62b22\",\"name\":\"Javier Zamora\",\"image\":{\"@type\":\"ImageObject\",\"inLanguage\":\"ca\",\"@id\":\"https:\\\/\\\/secure.gravatar.com\\\/avatar\\\/467a11f6918c7d619c4043fc6fa2d3853053107973f05b6e9c04ea6c4e3a7b3f?s=96&d=mm&r=g\",\"url\":\"https:\\\/\\\/secure.gravatar.com\\\/avatar\\\/467a11f6918c7d619c4043fc6fa2d3853053107973f05b6e9c04ea6c4e3a7b3f?s=96&d=mm&r=g\",\"contentUrl\":\"https:\\\/\\\/secure.gravatar.com\\\/avatar\\\/467a11f6918c7d619c4043fc6fa2d3853053107973f05b6e9c04ea6c4e3a7b3f?s=96&d=mm&r=g\",\"caption\":\"Javier Zamora\"},\"url\":\"https:\\\/\\\/radiolitoral.com\\\/ca\\\/author\\\/javier-zamora\\\/\"}]}<\/script>\n<!-- \/ Yoast SEO plugin. -->","yoast_head_json":{"title":"D\u00e9nia seu de les finals de La Nostra Copa | R\u00e0dio Litoral","description":"Seran el dijous 1 de maig tant en la modalitat de futbol sala com de futbol tant mascul\u00ed com femen\u00edSeran el dijous 1 de maig tant en la modalitat de futbol sala com de futbol tant mascul\u00ed com femen\u00ed","robots":{"index":"index","follow":"follow","max-snippet":"max-snippet:-1","max-image-preview":"max-image-preview:large","max-video-preview":"max-video-preview:-1"},"canonical":"https:\/\/radiolitoral.com\/ca\/2025\/04\/denia-seu-de-les-finals-de-la-nostra-copa\/","og_locale":"ca_ES","og_type":"article","og_title":"D\u00e9nia sede de las finales de La Nostra Copa | R\u00e0dio Litoral","og_description":"Ser\u00e1n el jueves 1 de mayo tanto en la modalidad de f\u00fatbol sala como de f\u00fatbol tanto masculino como femeninoSer\u00e1n el jueves 1 de mayo tanto en la modalidad de f\u00fatbol sala como de f\u00fatbol tanto masculino como femenino","og_url":"https:\/\/radiolitoral.com\/ca\/2025\/04\/denia-seu-de-les-finals-de-la-nostra-copa\/","og_site_name":"R\u00e0dio Litoral","article_publisher":"https:\/\/www.facebook.com\/Laradiolitoral\/","article_published_time":"2025-04-24T08:03:30+00:00","og_image":[{"width":1920,"height":1080,"url":"https:\/\/media.radiolitoral.com\/wp-content\/uploads\/2025\/04\/24100307\/campodiegomenadenia-U23167085410jqH-1920x1080%40Las-Provincias.webp","type":"image\/webp"}],"author":"Javier Zamora","twitter_card":"summary_large_image","twitter_misc":{"Escrit per":"Javier Zamora","Temps estimat de lectura":"3 minuts"},"schema":{"@context":"https:\/\/schema.org","@graph":[{"@type":"NewsArticle","@id":"https:\/\/radiolitoral.com\/2025\/04\/denia-sede-de-las-finales-de-la-nostra-copa\/#article","isPartOf":{"@id":"https:\/\/radiolitoral.com\/2025\/04\/denia-sede-de-las-finales-de-la-nostra-copa\/"},"author":{"name":"Javier Zamora","@id":"https:\/\/radiolitoral.com\/#\/schema\/person\/7b1480b5caeb5acdd4ec6379caf62b22"},"headline":"D\u00e9nia sede de las finales de La Nostra Copa","datePublished":"2025-04-24T08:03:30+00:00","mainEntityOfPage":{"@id":"https:\/\/radiolitoral.com\/2025\/04\/denia-sede-de-las-finales-de-la-nostra-copa\/"},"wordCount":426,"commentCount":0,"publisher":{"@id":"https:\/\/radiolitoral.com\/#organization"},"image":{"@id":"https:\/\/radiolitoral.com\/2025\/04\/denia-sede-de-las-finales-de-la-nostra-copa\/#primaryimage"},"thumbnailUrl":"https:\/\/media.radiolitoral.com\/wp-content\/uploads\/2025\/04\/24100307\/campodiegomenadenia-U23167085410jqH-1920x1080%40Las-Provincias.webp","keywords":["Academia Valencia CF","Actiu CFS Castalla","Campo de F\u00fatbol Diego Mena","CD Nou T\u00faria CFS","Club Castell\u00f3n FS","Club Cerramientos Abatibles Futsal de Elche","deportes","Elche CF","FBCD Catarroja","Federaci\u00f3n de Futbol de la Comunitat Valenciana","FFCV","La Nostra Copa","Manises CF","Mislata FS","pabell\u00f3n municipal de D\u00e9nia","Paterna CF","Polideportivo Municipal de D\u00e9nia","UD Aldaia CF","UD Castellonense"],"articleSection":["Deportes"],"inLanguage":"ca","potentialAction":[{"@type":"CommentAction","name":"Comment","target":["https:\/\/radiolitoral.com\/2025\/04\/denia-sede-de-las-finales-de-la-nostra-copa\/#respond"]}]},{"@type":["WebPage","ItemPage"],"@id":"https:\/\/radiolitoral.com\/2025\/04\/denia-sede-de-las-finales-de-la-nostra-copa\/","url":"https:\/\/radiolitoral.com\/2025\/04\/denia-sede-de-las-finales-de-la-nostra-copa\/","name":"D\u00e9nia seu de les finals de La Nostra Copa | R\u00e0dio Litoral","isPartOf":{"@id":"https:\/\/radiolitoral.com\/#website"},"primaryImageOfPage":{"@id":"https:\/\/radiolitoral.com\/2025\/04\/denia-sede-de-las-finales-de-la-nostra-copa\/#primaryimage"},"image":{"@id":"https:\/\/radiolitoral.com\/2025\/04\/denia-sede-de-las-finales-de-la-nostra-copa\/#primaryimage"},"thumbnailUrl":"https:\/\/media.radiolitoral.com\/wp-content\/uploads\/2025\/04\/24100307\/campodiegomenadenia-U23167085410jqH-1920x1080%40Las-Provincias.webp","datePublished":"2025-04-24T08:03:30+00:00","description":"Seran el dijous 1 de maig tant en la modalitat de futbol sala com de futbol tant mascul\u00ed com femen\u00edSeran el dijous 1 de maig tant en la modalitat de futbol sala com de futbol tant mascul\u00ed com femen\u00ed","breadcrumb":{"@id":"https:\/\/radiolitoral.com\/2025\/04\/denia-sede-de-las-finales-de-la-nostra-copa\/#breadcrumb"},"inLanguage":"ca","potentialAction":[{"@type":"ReadAction","target":["https:\/\/radiolitoral.com\/2025\/04\/denia-sede-de-las-finales-de-la-nostra-copa\/"]}]},{"@type":"ImageObject","inLanguage":"ca","@id":"https:\/\/radiolitoral.com\/2025\/04\/denia-sede-de-las-finales-de-la-nostra-copa\/#primaryimage","url":"https:\/\/media.radiolitoral.com\/wp-content\/uploads\/2025\/04\/24100307\/campodiegomenadenia-U23167085410jqH-1920x1080%40Las-Provincias.webp","contentUrl":"https:\/\/media.radiolitoral.com\/wp-content\/uploads\/2025\/04\/24100307\/campodiegomenadenia-U23167085410jqH-1920x1080%40Las-Provincias.webp","width":1920,"height":1080},{"@type":"BreadcrumbList","@id":"https:\/\/radiolitoral.com\/2025\/04\/denia-sede-de-las-finales-de-la-nostra-copa\/#breadcrumb","itemListElement":[{"@type":"ListItem","position":1,"name":"Portada","item":"https:\/\/radiolitoral.com\/"},{"@type":"ListItem","position":2,"name":"D\u00e9nia sede de las finales de La Nostra Copa"}]},{"@type":"WebSite","@id":"https:\/\/radiolitoral.com\/#website","url":"https:\/\/radiolitoral.com\/","name":"R\u00e0dio Litoral","description":"La r\u00e0dio local de la Marina Alta","publisher":{"@id":"https:\/\/radiolitoral.com\/#organization"},"alternateName":"Litoral FM","potentialAction":[{"@type":"SearchAction","target":{"@type":"EntryPoint","urlTemplate":"https:\/\/radiolitoral.com\/?s={search_term_string}"},"query-input":{"@type":"PropertyValueSpecification","valueRequired":true,"valueName":"search_term_string"}}],"inLanguage":"ca"},{"@type":"Organization","@id":"https:\/\/radiolitoral.com\/#organization","name":"R\u00e0dio Litoral","url":"https:\/\/radiolitoral.com\/","logo":{"@type":"ImageObject","inLanguage":"ca","@id":"https:\/\/radiolitoral.com\/#\/schema\/logo\/image\/","url":"https:\/\/media.radiolitoral.com\/wp-content\/uploads\/2023\/02\/24143238\/CL-V-RadioLitoral696.png","contentUrl":"https:\/\/media.radiolitoral.com\/wp-content\/uploads\/2023\/02\/24143238\/CL-V-RadioLitoral696.png","width":696,"height":696,"caption":"Radio Litoral"},"image":{"@id":"https:\/\/radiolitoral.com\/#\/schema\/logo\/image\/"},"sameAs":["https:\/\/www.facebook.com\/Laradiolitoral\/"]},{"@type":"Person","@id":"https:\/\/radiolitoral.com\/#\/schema\/person\/7b1480b5caeb5acdd4ec6379caf62b22","name":"Javier Zamora","image":{"@type":"ImageObject","inLanguage":"ca","@id":"https:\/\/secure.gravatar.com\/avatar\/467a11f6918c7d619c4043fc6fa2d3853053107973f05b6e9c04ea6c4e3a7b3f?s=96&d=mm&r=g","url":"https:\/\/secure.gravatar.com\/avatar\/467a11f6918c7d619c4043fc6fa2d3853053107973f05b6e9c04ea6c4e3a7b3f?s=96&d=mm&r=g","contentUrl":"https:\/\/secure.gravatar.com\/avatar\/467a11f6918c7d619c4043fc6fa2d3853053107973f05b6e9c04ea6c4e3a7b3f?s=96&d=mm&r=g","caption":"Javier Zamora"},"url":"https:\/\/radiolitoral.com\/ca\/author\/javier-zamora\/"}]}},"_links":{"self":[{"href":"https:\/\/radiolitoral.com\/ca\/wp-json\/wp\/v2\/posts\/16381","targetHints":{"allow":["GET"]}}],"collection":[{"href":"https:\/\/radiolitoral.com\/ca\/wp-json\/wp\/v2\/posts"}],"about":[{"href":"https:\/\/radiolitoral.com\/ca\/wp-json\/wp\/v2\/types\/post"}],"author":[{"embeddable":true,"href":"https:\/\/radiolitoral.com\/ca\/wp-json\/wp\/v2\/users\/12"}],"replies":[{"embeddable":true,"href":"https:\/\/radiolitoral.com\/ca\/wp-json\/wp\/v2\/comments?post=16381"}],"version-history":[{"count":2,"href":"https:\/\/radiolitoral.com\/ca\/wp-json\/wp\/v2\/posts\/16381\/revisions"}],"predecessor-version":[{"id":16384,"href":"https:\/\/radiolitoral.com\/ca\/wp-json\/wp\/v2\/posts\/16381\/revisions\/16384"}],"wp:featuredmedia":[{"embeddable":true,"href":"https:\/\/radiolitoral.com\/ca\/wp-json\/wp\/v2\/media\/16382"}],"wp:attachment":[{"href":"https:\/\/radiolitoral.com\/ca\/wp-json\/wp\/v2\/media?parent=16381"}],"wp:term":[{"taxonomy":"category","embeddable":true,"href":"https:\/\/radiolitoral.com\/ca\/wp-json\/wp\/v2\/categories?post=16381"},{"taxonomy":"post_tag","embeddable":true,"href":"https:\/\/radiolitoral.com\/ca\/wp-json\/wp\/v2\/tags?post=16381"}],"curies":[{"name":"wp","href":"https:\/\/api.w.org\/{rel}","templated":true}]}}