{"id":16372,"date":"2025-04-23T18:03:33","date_gmt":"2025-04-23T16:03:33","guid":{"rendered":"https:\/\/radiolitoral.com\/?p=16372"},"modified":"2025-04-23T18:03:33","modified_gmt":"2025-04-23T16:03:33","slug":"benissa-aposta-per-la-geolocalitzacio-per-innovar-en-turisme-intel%c2%b7ligent","status":"publish","type":"post","link":"https:\/\/radiolitoral.com\/ca\/2025\/04\/benissa-apuesta-por-la-geolocalizacion-para-innovar-en-turismo-inteligente\/","title":{"rendered":"Benissa aposta per la geolocalitzaci\u00f3 per innovar en turisme intel\u00b7ligent"},"content":{"rendered":"<p class=\"\" data-start=\"170\" data-end=\"654\">En un pas decisiu cap a la modernitzaci\u00f3 del seu sector tur\u00edstic, <strong>Benissa<\/strong> ha posat en marxa un ambici\u00f3s projecte dins del <strong>Pla de Sostenibilitat Tur\u00edstica a Destinacions<\/strong> (PSTD), finan\u00e7at per la Uni\u00f3 Europea. Aquesta iniciativa t\u00e9 com a objectiu realitzar una an\u00e0lisi exhaustiva dels fluxos tur\u00edstics a la localitat, a trav\u00e9s de la recopilaci\u00f3 i el tractament de grans volums de dades procedents de diverses fonts digitals.<\/p>\n<p class=\"\" data-start=\"656\" data-end=\"1041\">El projecte permetr\u00e0 obtenir un<strong> diagn\u00f2stic detallat del model tur\u00edstic actual<\/strong>, proporcionant informaci\u00f3 sobre els comportaments i prefer\u00e8ncies dels visitants. Aquest enfocament basat en Big Data i Business Intelligence inclou eines com la geolocalitzaci\u00f3 i el Social Listening per captar dades de xarxes socials, portals de reserves i altres plataformes relacionades.<\/p>\n<h3 data-start=\"1043\" data-end=\"1571\"><strong data-start=\"1043\" data-end=\"1109\">Gesti\u00f3 de dades tur\u00edstiques<\/strong><\/h3>\n<p class=\"\" data-start=\"1043\" data-end=\"1571\">El resultat d&#039;aquesta an\u00e0lisi es presentar\u00e0 en una plataforma digital interactiva que permetr\u00e0 als responsables tur\u00edstics de Benissa visualitzar i analitzar de manera senzilla els indicadors clau del turisme al municipi. La plataforma oferir\u00e0 la possibilitat de fer seguiments als <strong>diferents tipus de turistes<\/strong> i avaluar el seu impacte econ\u00f2mic a la localitat, tot aix\u00f2 sense realitzar una an\u00e0lisi de dades a nivell individual, sin\u00f3 a nivell col\u00b7lectiu.<\/p>\n<p class=\"\" data-start=\"1573\" data-end=\"1931\">Virginia P\u00e9rez, regidora de Turisme de Benissa, va expressar la rellev\u00e0ncia d&#039;aquest projecte, destacant que \u00abamb aquestes dades podrem entendre millor els que ens visiten i millorar la seva experi\u00e8ncia, adaptant la nostra oferta tur\u00edstica a all\u00f2 que realment busca cada tipus de visitant. Aquesta eina \u00e9s fonamental per continuar creixent com a destinaci\u00f3 tur\u00edstica.\u00bb<\/p>\n<h3 data-start=\"1933\" data-end=\"2377\"><strong data-start=\"1933\" data-end=\"1979\">Un projecte que refor\u00e7a la sostenibilitat<\/strong><\/h3>\n<p class=\"\" data-start=\"1933\" data-end=\"2377\">La posada en marxa d&#039;aquest sistema forma part d&#039;una estrat\u00e8gia integral per posicionar Benissa com a destinaci\u00f3 sostenible i tecnol\u00f2gicament avan\u00e7ada.<\/p>\n<p class=\"\" data-start=\"2379\" data-end=\"2585\">La inversi\u00f3 total del projecte \u00e9s de 131.294,00\u20ac i s&#039;inclou dins del marc del Pla de Recuperaci\u00f3, Transformaci\u00f3 i Resili\u00e8ncia finan\u00e7at completament pels fons europeus NextGenerationEU.<\/p>\n<h3 data-start=\"2587\" data-end=\"3024\"><strong data-start=\"2587\" data-end=\"2637\">Un model tur\u00edstic intel\u00b7ligent<\/strong><\/h3>\n<p class=\"\" data-start=\"2587\" data-end=\"3024\">L&#039;alcalde de Benissa, Arturo Poquet, tamb\u00e9 va destacar que aquesta acci\u00f3 \u00e9s un pas fonamental cap a <strong>un turisme m\u00e9s informat i responsable<\/strong>: \u00abEl nostre comprom\u00eds amb un model tur\u00edstic basat en la sostenibilitat, la innovaci\u00f3 i la presa de decisions fonamentades ens permet liderar el futur del turisme a Benissa, amb un enfocament intel\u00b7ligent i adaptat a les necessitats actuals.\u00bb<\/p>\n<p class=\"\" data-start=\"3026\" data-end=\"3271\">A trav\u00e9s d&#039;aquest innovador projecte, Benissa es prepara per fer front als reptes del turisme del futur, basant-se en una an\u00e0lisi profunda de dades que permeti oferir una experi\u00e8ncia m\u00e9s personalitzada i alineada amb les demandes dels turistes.<\/p>","protected":false},"excerpt":{"rendered":"<p>En un paso decisivo hacia la modernizaci\u00f3n de su sector tur\u00edstico, Benissa ha puesto en marcha un ambicioso proyecto dentro del Plan de Sostenibilidad Tur\u00edstica en Destinos (PSTD), financiado por la Uni\u00f3n Europea. Esta iniciativa tiene como objetivo realizar un an\u00e1lisis exhaustivo de los flujos tur\u00edsticos en la localidad, a trav\u00e9s de la recopilaci\u00f3n y [&#8230;]<\/p>\n<p><a class=\"btn btn-secondary understrap-read-more-link\" href=\"https:\/\/radiolitoral.com\/ca\/2025\/04\/benissa-apuesta-por-la-geolocalizacion-para-innovar-en-turismo-inteligente\/\">Continua llegint&#8230;<span class=\"screen-reader-text\"> from Benissa apuesta por la geolocalizaci\u00f3n para innovar en turismo inteligente<\/span><\/a><\/p>\n","protected":false},"author":14,"featured_media":6390,"comment_status":"open","ping_status":"closed","sticky":false,"template":"","format":"standard","meta":{"_acf_changed":false,"inline_featured_image":false,"footnotes":""},"categories":[144],"tags":[4205,163,4204,4203],"class_list":["post-16372","post","type-post","status-publish","format-standard","has-post-thumbnail","hentry","category-turismo","tag-plan-de-sostenibilidad-turistica-en-destinos","tag-turismo","tag-turismo-benissa","tag-turismo-inteligente","cobertura-benissa"],"acf":[],"yoast_head":"<!-- This site is optimized with the Yoast SEO plugin v27.5 - https:\/\/yoast.com\/product\/yoast-seo-wordpress\/ -->\n<title>Benissa apuesta por la geolocalizaci\u00f3n para innovar en turismo inteligente | R\u00e0dio Litoral<\/title>\n<meta name=\"description\" content=\"El municipio avanza hacia un modelo m\u00e1s efectivo y sostenible gracias a la tecnolog\u00eda\" \/>\n<meta name=\"robots\" content=\"index, follow, max-snippet:-1, max-image-preview:large, max-video-preview:-1\" \/>\n<link rel=\"canonical\" href=\"https:\/\/radiolitoral.com\/ca\/2025\/04\/benissa-aposta-per-la-geolocalitzacio-per-innovar-en-turisme-intel\u00b7ligent\/\" \/>\n<meta property=\"og:locale\" content=\"ca_ES\" \/>\n<meta property=\"og:type\" content=\"article\" \/>\n<meta property=\"og:title\" content=\"Benissa apuesta por la geolocalizaci\u00f3n para innovar en turismo inteligente | R\u00e0dio Litoral\" \/>\n<meta property=\"og:description\" content=\"El municipio avanza hacia un modelo m\u00e1s efectivo y sostenible gracias a la tecnolog\u00eda\" \/>\n<meta property=\"og:url\" content=\"https:\/\/radiolitoral.com\/ca\/2025\/04\/benissa-aposta-per-la-geolocalitzacio-per-innovar-en-turisme-intel\u00b7ligent\/\" \/>\n<meta property=\"og:site_name\" content=\"R\u00e0dio Litoral\" \/>\n<meta property=\"article:publisher\" content=\"https:\/\/www.facebook.com\/Laradiolitoral\/\" \/>\n<meta property=\"article:published_time\" content=\"2025-04-23T16:03:33+00:00\" \/>\n<meta property=\"og:image\" content=\"https:\/\/media.radiolitoral.com\/wp-content\/uploads\/2024\/01\/17090813\/Benissa.-AP-7.jpg\" \/>\n\t<meta property=\"og:image:width\" content=\"949\" \/>\n\t<meta property=\"og:image:height\" content=\"767\" \/>\n\t<meta property=\"og:image:type\" content=\"image\/jpeg\" \/>\n<meta name=\"author\" content=\"Redacci\u00f3n\" \/>\n<meta name=\"twitter:card\" content=\"summary_large_image\" \/>\n<meta name=\"twitter:label1\" content=\"Escrit per\" \/>\n\t<meta name=\"twitter:data1\" content=\"Redacci\u00f3n\" \/>\n\t<meta name=\"twitter:label2\" content=\"Temps estimat de lectura\" \/>\n\t<meta name=\"twitter:data2\" content=\"3 minuts\" \/>\n<script type=\"application\/ld+json\" class=\"yoast-schema-graph\">{\"@context\":\"https:\\\/\\\/schema.org\",\"@graph\":[{\"@type\":\"NewsArticle\",\"@id\":\"https:\\\/\\\/radiolitoral.com\\\/2025\\\/04\\\/benissa-apuesta-por-la-geolocalizacion-para-innovar-en-turismo-inteligente\\\/#article\",\"isPartOf\":{\"@id\":\"https:\\\/\\\/radiolitoral.com\\\/2025\\\/04\\\/benissa-apuesta-por-la-geolocalizacion-para-innovar-en-turismo-inteligente\\\/\"},\"author\":{\"name\":\"Redacci\u00f3n\",\"@id\":\"https:\\\/\\\/radiolitoral.com\\\/#\\\/schema\\\/person\\\/96b739642eb3bedb532aac3812d23307\"},\"headline\":\"Benissa apuesta por la geolocalizaci\u00f3n para innovar en turismo inteligente\",\"datePublished\":\"2025-04-23T16:03:33+00:00\",\"mainEntityOfPage\":{\"@id\":\"https:\\\/\\\/radiolitoral.com\\\/2025\\\/04\\\/benissa-apuesta-por-la-geolocalizacion-para-innovar-en-turismo-inteligente\\\/\"},\"wordCount\":494,\"commentCount\":0,\"publisher\":{\"@id\":\"https:\\\/\\\/radiolitoral.com\\\/#organization\"},\"image\":{\"@id\":\"https:\\\/\\\/radiolitoral.com\\\/2025\\\/04\\\/benissa-apuesta-por-la-geolocalizacion-para-innovar-en-turismo-inteligente\\\/#primaryimage\"},\"thumbnailUrl\":\"https:\\\/\\\/media.radiolitoral.com\\\/wp-content\\\/uploads\\\/2024\\\/01\\\/17090813\\\/Benissa.-AP-7.jpg\",\"keywords\":[\"Plan de Sostenibilidad Tur\u00edstica en Destinos\",\"turismo\",\"turismo benissa\",\"turismo inteligente\"],\"articleSection\":[\"Turismo\"],\"inLanguage\":\"ca\",\"potentialAction\":[{\"@type\":\"CommentAction\",\"name\":\"Comment\",\"target\":[\"https:\\\/\\\/radiolitoral.com\\\/2025\\\/04\\\/benissa-apuesta-por-la-geolocalizacion-para-innovar-en-turismo-inteligente\\\/#respond\"]}]},{\"@type\":[\"WebPage\",\"ItemPage\"],\"@id\":\"https:\\\/\\\/radiolitoral.com\\\/2025\\\/04\\\/benissa-apuesta-por-la-geolocalizacion-para-innovar-en-turismo-inteligente\\\/\",\"url\":\"https:\\\/\\\/radiolitoral.com\\\/2025\\\/04\\\/benissa-apuesta-por-la-geolocalizacion-para-innovar-en-turismo-inteligente\\\/\",\"name\":\"Benissa apuesta por la geolocalizaci\u00f3n para innovar en turismo inteligente | R\u00e0dio Litoral\",\"isPartOf\":{\"@id\":\"https:\\\/\\\/radiolitoral.com\\\/#website\"},\"primaryImageOfPage\":{\"@id\":\"https:\\\/\\\/radiolitoral.com\\\/2025\\\/04\\\/benissa-apuesta-por-la-geolocalizacion-para-innovar-en-turismo-inteligente\\\/#primaryimage\"},\"image\":{\"@id\":\"https:\\\/\\\/radiolitoral.com\\\/2025\\\/04\\\/benissa-apuesta-por-la-geolocalizacion-para-innovar-en-turismo-inteligente\\\/#primaryimage\"},\"thumbnailUrl\":\"https:\\\/\\\/media.radiolitoral.com\\\/wp-content\\\/uploads\\\/2024\\\/01\\\/17090813\\\/Benissa.-AP-7.jpg\",\"datePublished\":\"2025-04-23T16:03:33+00:00\",\"description\":\"El municipio avanza hacia un modelo m\u00e1s efectivo y sostenible gracias a la tecnolog\u00eda\",\"breadcrumb\":{\"@id\":\"https:\\\/\\\/radiolitoral.com\\\/2025\\\/04\\\/benissa-apuesta-por-la-geolocalizacion-para-innovar-en-turismo-inteligente\\\/#breadcrumb\"},\"inLanguage\":\"ca\",\"potentialAction\":[{\"@type\":\"ReadAction\",\"target\":[\"https:\\\/\\\/radiolitoral.com\\\/2025\\\/04\\\/benissa-apuesta-por-la-geolocalizacion-para-innovar-en-turismo-inteligente\\\/\"]}]},{\"@type\":\"ImageObject\",\"inLanguage\":\"ca\",\"@id\":\"https:\\\/\\\/radiolitoral.com\\\/2025\\\/04\\\/benissa-apuesta-por-la-geolocalizacion-para-innovar-en-turismo-inteligente\\\/#primaryimage\",\"url\":\"https:\\\/\\\/media.radiolitoral.com\\\/wp-content\\\/uploads\\\/2024\\\/01\\\/17090813\\\/Benissa.-AP-7.jpg\",\"contentUrl\":\"https:\\\/\\\/media.radiolitoral.com\\\/wp-content\\\/uploads\\\/2024\\\/01\\\/17090813\\\/Benissa.-AP-7.jpg\",\"width\":949,\"height\":767},{\"@type\":\"BreadcrumbList\",\"@id\":\"https:\\\/\\\/radiolitoral.com\\\/2025\\\/04\\\/benissa-apuesta-por-la-geolocalizacion-para-innovar-en-turismo-inteligente\\\/#breadcrumb\",\"itemListElement\":[{\"@type\":\"ListItem\",\"position\":1,\"name\":\"Portada\",\"item\":\"https:\\\/\\\/radiolitoral.com\\\/\"},{\"@type\":\"ListItem\",\"position\":2,\"name\":\"Benissa apuesta por la geolocalizaci\u00f3n para innovar en turismo inteligente\"}]},{\"@type\":\"WebSite\",\"@id\":\"https:\\\/\\\/radiolitoral.com\\\/#website\",\"url\":\"https:\\\/\\\/radiolitoral.com\\\/\",\"name\":\"Radio Litoral\",\"description\":\"La radio local de la Marina Alta\",\"publisher\":{\"@id\":\"https:\\\/\\\/radiolitoral.com\\\/#organization\"},\"alternateName\":\"Litoral FM\",\"potentialAction\":[{\"@type\":\"SearchAction\",\"target\":{\"@type\":\"EntryPoint\",\"urlTemplate\":\"https:\\\/\\\/radiolitoral.com\\\/?s={search_term_string}\"},\"query-input\":{\"@type\":\"PropertyValueSpecification\",\"valueRequired\":true,\"valueName\":\"search_term_string\"}}],\"inLanguage\":\"ca\"},{\"@type\":\"Organization\",\"@id\":\"https:\\\/\\\/radiolitoral.com\\\/#organization\",\"name\":\"Radio Litoral\",\"url\":\"https:\\\/\\\/radiolitoral.com\\\/\",\"logo\":{\"@type\":\"ImageObject\",\"inLanguage\":\"ca\",\"@id\":\"https:\\\/\\\/radiolitoral.com\\\/#\\\/schema\\\/logo\\\/image\\\/\",\"url\":\"https:\\\/\\\/media.radiolitoral.com\\\/wp-content\\\/uploads\\\/2023\\\/02\\\/24143238\\\/CL-V-RadioLitoral696.png\",\"contentUrl\":\"https:\\\/\\\/media.radiolitoral.com\\\/wp-content\\\/uploads\\\/2023\\\/02\\\/24143238\\\/CL-V-RadioLitoral696.png\",\"width\":696,\"height\":696,\"caption\":\"Radio Litoral\"},\"image\":{\"@id\":\"https:\\\/\\\/radiolitoral.com\\\/#\\\/schema\\\/logo\\\/image\\\/\"},\"sameAs\":[\"https:\\\/\\\/www.facebook.com\\\/Laradiolitoral\\\/\"]},{\"@type\":\"Person\",\"@id\":\"https:\\\/\\\/radiolitoral.com\\\/#\\\/schema\\\/person\\\/96b739642eb3bedb532aac3812d23307\",\"name\":\"Redacci\u00f3n\",\"image\":{\"@type\":\"ImageObject\",\"inLanguage\":\"ca\",\"@id\":\"https:\\\/\\\/secure.gravatar.com\\\/avatar\\\/30cd06129ee90411dd9c7cbdcf17464181d1a3c7b072e92070ea75a25cf0097e?s=96&d=mm&r=g\",\"url\":\"https:\\\/\\\/secure.gravatar.com\\\/avatar\\\/30cd06129ee90411dd9c7cbdcf17464181d1a3c7b072e92070ea75a25cf0097e?s=96&d=mm&r=g\",\"contentUrl\":\"https:\\\/\\\/secure.gravatar.com\\\/avatar\\\/30cd06129ee90411dd9c7cbdcf17464181d1a3c7b072e92070ea75a25cf0097e?s=96&d=mm&r=g\",\"caption\":\"Redacci\u00f3n\"},\"url\":\"https:\\\/\\\/radiolitoral.com\\\/ca\\\/author\\\/kevin-carrio\\\/\"}]}<\/script>\n<!-- \/ Yoast SEO plugin. -->","yoast_head_json":{"title":"Benissa aposta per la geolocalitzaci\u00f3 per innovar en turisme intel\u00b7ligent | R\u00e0dio Litoral","description":"El municipi avan\u00e7a cap a un model m\u00e9s efectiu i sostenible gr\u00e0cies a la tecnologia","robots":{"index":"index","follow":"follow","max-snippet":"max-snippet:-1","max-image-preview":"max-image-preview:large","max-video-preview":"max-video-preview:-1"},"canonical":"https:\/\/radiolitoral.com\/ca\/2025\/04\/benissa-aposta-per-la-geolocalitzacio-per-innovar-en-turisme-intel\u00b7ligent\/","og_locale":"ca_ES","og_type":"article","og_title":"Benissa apuesta por la geolocalizaci\u00f3n para innovar en turismo inteligente | R\u00e0dio Litoral","og_description":"El municipio avanza hacia un modelo m\u00e1s efectivo y sostenible gracias a la tecnolog\u00eda","og_url":"https:\/\/radiolitoral.com\/ca\/2025\/04\/benissa-aposta-per-la-geolocalitzacio-per-innovar-en-turisme-intel\u00b7ligent\/","og_site_name":"R\u00e0dio Litoral","article_publisher":"https:\/\/www.facebook.com\/Laradiolitoral\/","article_published_time":"2025-04-23T16:03:33+00:00","og_image":[{"width":949,"height":767,"url":"https:\/\/media.radiolitoral.com\/wp-content\/uploads\/2024\/01\/17090813\/Benissa.-AP-7.jpg","type":"image\/jpeg"}],"author":"Redacci\u00f3n","twitter_card":"summary_large_image","twitter_misc":{"Escrit per":"Redacci\u00f3n","Temps estimat de lectura":"3 minuts"},"schema":{"@context":"https:\/\/schema.org","@graph":[{"@type":"NewsArticle","@id":"https:\/\/radiolitoral.com\/2025\/04\/benissa-apuesta-por-la-geolocalizacion-para-innovar-en-turismo-inteligente\/#article","isPartOf":{"@id":"https:\/\/radiolitoral.com\/2025\/04\/benissa-apuesta-por-la-geolocalizacion-para-innovar-en-turismo-inteligente\/"},"author":{"name":"Redacci\u00f3n","@id":"https:\/\/radiolitoral.com\/#\/schema\/person\/96b739642eb3bedb532aac3812d23307"},"headline":"Benissa apuesta por la geolocalizaci\u00f3n para innovar en turismo inteligente","datePublished":"2025-04-23T16:03:33+00:00","mainEntityOfPage":{"@id":"https:\/\/radiolitoral.com\/2025\/04\/benissa-apuesta-por-la-geolocalizacion-para-innovar-en-turismo-inteligente\/"},"wordCount":494,"commentCount":0,"publisher":{"@id":"https:\/\/radiolitoral.com\/#organization"},"image":{"@id":"https:\/\/radiolitoral.com\/2025\/04\/benissa-apuesta-por-la-geolocalizacion-para-innovar-en-turismo-inteligente\/#primaryimage"},"thumbnailUrl":"https:\/\/media.radiolitoral.com\/wp-content\/uploads\/2024\/01\/17090813\/Benissa.-AP-7.jpg","keywords":["Plan de Sostenibilidad Tur\u00edstica en Destinos","turismo","turismo benissa","turismo inteligente"],"articleSection":["Turismo"],"inLanguage":"ca","potentialAction":[{"@type":"CommentAction","name":"Comment","target":["https:\/\/radiolitoral.com\/2025\/04\/benissa-apuesta-por-la-geolocalizacion-para-innovar-en-turismo-inteligente\/#respond"]}]},{"@type":["WebPage","ItemPage"],"@id":"https:\/\/radiolitoral.com\/2025\/04\/benissa-apuesta-por-la-geolocalizacion-para-innovar-en-turismo-inteligente\/","url":"https:\/\/radiolitoral.com\/2025\/04\/benissa-apuesta-por-la-geolocalizacion-para-innovar-en-turismo-inteligente\/","name":"Benissa aposta per la geolocalitzaci\u00f3 per innovar en turisme intel\u00b7ligent | R\u00e0dio Litoral","isPartOf":{"@id":"https:\/\/radiolitoral.com\/#website"},"primaryImageOfPage":{"@id":"https:\/\/radiolitoral.com\/2025\/04\/benissa-apuesta-por-la-geolocalizacion-para-innovar-en-turismo-inteligente\/#primaryimage"},"image":{"@id":"https:\/\/radiolitoral.com\/2025\/04\/benissa-apuesta-por-la-geolocalizacion-para-innovar-en-turismo-inteligente\/#primaryimage"},"thumbnailUrl":"https:\/\/media.radiolitoral.com\/wp-content\/uploads\/2024\/01\/17090813\/Benissa.-AP-7.jpg","datePublished":"2025-04-23T16:03:33+00:00","description":"El municipi avan\u00e7a cap a un model m\u00e9s efectiu i sostenible gr\u00e0cies a la tecnologia","breadcrumb":{"@id":"https:\/\/radiolitoral.com\/2025\/04\/benissa-apuesta-por-la-geolocalizacion-para-innovar-en-turismo-inteligente\/#breadcrumb"},"inLanguage":"ca","potentialAction":[{"@type":"ReadAction","target":["https:\/\/radiolitoral.com\/2025\/04\/benissa-apuesta-por-la-geolocalizacion-para-innovar-en-turismo-inteligente\/"]}]},{"@type":"ImageObject","inLanguage":"ca","@id":"https:\/\/radiolitoral.com\/2025\/04\/benissa-apuesta-por-la-geolocalizacion-para-innovar-en-turismo-inteligente\/#primaryimage","url":"https:\/\/media.radiolitoral.com\/wp-content\/uploads\/2024\/01\/17090813\/Benissa.-AP-7.jpg","contentUrl":"https:\/\/media.radiolitoral.com\/wp-content\/uploads\/2024\/01\/17090813\/Benissa.-AP-7.jpg","width":949,"height":767},{"@type":"BreadcrumbList","@id":"https:\/\/radiolitoral.com\/2025\/04\/benissa-apuesta-por-la-geolocalizacion-para-innovar-en-turismo-inteligente\/#breadcrumb","itemListElement":[{"@type":"ListItem","position":1,"name":"Portada","item":"https:\/\/radiolitoral.com\/"},{"@type":"ListItem","position":2,"name":"Benissa apuesta por la geolocalizaci\u00f3n para innovar en turismo inteligente"}]},{"@type":"WebSite","@id":"https:\/\/radiolitoral.com\/#website","url":"https:\/\/radiolitoral.com\/","name":"R\u00e0dio Litoral","description":"La r\u00e0dio local de la Marina Alta","publisher":{"@id":"https:\/\/radiolitoral.com\/#organization"},"alternateName":"Litoral FM","potentialAction":[{"@type":"SearchAction","target":{"@type":"EntryPoint","urlTemplate":"https:\/\/radiolitoral.com\/?s={search_term_string}"},"query-input":{"@type":"PropertyValueSpecification","valueRequired":true,"valueName":"search_term_string"}}],"inLanguage":"ca"},{"@type":"Organization","@id":"https:\/\/radiolitoral.com\/#organization","name":"R\u00e0dio Litoral","url":"https:\/\/radiolitoral.com\/","logo":{"@type":"ImageObject","inLanguage":"ca","@id":"https:\/\/radiolitoral.com\/#\/schema\/logo\/image\/","url":"https:\/\/media.radiolitoral.com\/wp-content\/uploads\/2023\/02\/24143238\/CL-V-RadioLitoral696.png","contentUrl":"https:\/\/media.radiolitoral.com\/wp-content\/uploads\/2023\/02\/24143238\/CL-V-RadioLitoral696.png","width":696,"height":696,"caption":"Radio Litoral"},"image":{"@id":"https:\/\/radiolitoral.com\/#\/schema\/logo\/image\/"},"sameAs":["https:\/\/www.facebook.com\/Laradiolitoral\/"]},{"@type":"Person","@id":"https:\/\/radiolitoral.com\/#\/schema\/person\/96b739642eb3bedb532aac3812d23307","name":"Redacci\u00f3","image":{"@type":"ImageObject","inLanguage":"ca","@id":"https:\/\/secure.gravatar.com\/avatar\/30cd06129ee90411dd9c7cbdcf17464181d1a3c7b072e92070ea75a25cf0097e?s=96&d=mm&r=g","url":"https:\/\/secure.gravatar.com\/avatar\/30cd06129ee90411dd9c7cbdcf17464181d1a3c7b072e92070ea75a25cf0097e?s=96&d=mm&r=g","contentUrl":"https:\/\/secure.gravatar.com\/avatar\/30cd06129ee90411dd9c7cbdcf17464181d1a3c7b072e92070ea75a25cf0097e?s=96&d=mm&r=g","caption":"Redacci\u00f3n"},"url":"https:\/\/radiolitoral.com\/ca\/author\/kevin-carrio\/"}]}},"_links":{"self":[{"href":"https:\/\/radiolitoral.com\/ca\/wp-json\/wp\/v2\/posts\/16372","targetHints":{"allow":["GET"]}}],"collection":[{"href":"https:\/\/radiolitoral.com\/ca\/wp-json\/wp\/v2\/posts"}],"about":[{"href":"https:\/\/radiolitoral.com\/ca\/wp-json\/wp\/v2\/types\/post"}],"author":[{"embeddable":true,"href":"https:\/\/radiolitoral.com\/ca\/wp-json\/wp\/v2\/users\/14"}],"replies":[{"embeddable":true,"href":"https:\/\/radiolitoral.com\/ca\/wp-json\/wp\/v2\/comments?post=16372"}],"version-history":[{"count":1,"href":"https:\/\/radiolitoral.com\/ca\/wp-json\/wp\/v2\/posts\/16372\/revisions"}],"predecessor-version":[{"id":16373,"href":"https:\/\/radiolitoral.com\/ca\/wp-json\/wp\/v2\/posts\/16372\/revisions\/16373"}],"wp:featuredmedia":[{"embeddable":true,"href":"https:\/\/radiolitoral.com\/ca\/wp-json\/wp\/v2\/media\/6390"}],"wp:attachment":[{"href":"https:\/\/radiolitoral.com\/ca\/wp-json\/wp\/v2\/media?parent=16372"}],"wp:term":[{"taxonomy":"category","embeddable":true,"href":"https:\/\/radiolitoral.com\/ca\/wp-json\/wp\/v2\/categories?post=16372"},{"taxonomy":"post_tag","embeddable":true,"href":"https:\/\/radiolitoral.com\/ca\/wp-json\/wp\/v2\/tags?post=16372"}],"curies":[{"name":"wp","href":"https:\/\/api.w.org\/{rel}","templated":true}]}}