{"id":16332,"date":"2025-04-22T10:30:43","date_gmt":"2025-04-22T08:30:43","guid":{"rendered":"https:\/\/radiolitoral.com\/?p=16332"},"modified":"2025-04-22T10:30:43","modified_gmt":"2025-04-22T08:30:43","slug":"jaume-noguera-els-contes-que-es-refereixen-a-personatges-de-la-cultura-popular-estan-redactats-amb-la-idea-de-salvar-los","status":"publish","type":"post","link":"https:\/\/radiolitoral.com\/ca\/2025\/04\/jaume-noguera-los-cuentos-que-se-refieren-a-personajes-de-la-cultura-popular-estan-redactados-con-la-idea-de-salvarlos\/","title":{"rendered":"Jaume Noguera: \u201cEls contes que es refereixen a personatges de la cultura popular estan redactats amb la idea de salvar-los\u201d"},"content":{"rendered":"<p>Com el que s&#039;ha prom\u00e8s \u00e9s deute i en el nostre \u00faltim <strong>Primer Caf\u00e8<\/strong>, el del Dijous Sant, es va quedar sobre la taula un llibre i el comprom\u00eds de parlar-ne, aquest mat\u00ed, tenint en compte que s&#039;acosta el <strong>Dia Mundial del Llibre i dels Drets d&#039;Autor<\/strong>, hem tornat a conversar amb<strong> Jaume Noguera<\/strong>, <strong>cronista de Xal\u00f3 i escrit<\/strong>r, amb el que hem conegut<strong> \u201cL&#039;arxip\u00e8lag dels contes\u201d<\/strong>, el seu darrer llibre. Un recull de contes basats en fonts orals o escrites, que permet fer un recorregut literari per relats i personatges que formen part de les llegendes i faules del nostre territori i m\u00e9s enll\u00e0, publicat per Edicions del Sud.<\/p>\n<p>52 contes i hist\u00f2ries, que Noguera va comen\u00e7ar a recopilar i escriure a la d\u00e8cada dels 80, de diferents tem\u00e0tiques, de diferents \u00e8poques i protagonitzats per personatges tant reals com ficticis.<\/p>\n<p>Un llibre que ens apropa personatges de la tradici\u00f3 popular com el Ferrer de Benigembla, un home de car\u00e0cter desagradable i hostil, o el Pep Catxutxa, un nen entremaliat propens a ficar-se en embolics. O hist\u00f2ries basades en personatges reals, com Baldomera de Larra, una dona a qui se li adjudica la invenci\u00f3 de l&#039;estafa piramidal i Sant Hermenegild de Parcent, metge filantrop que va subvencionar els tractaments contra la lepra dels ve\u00efns de Parcent contagiats d&#039;aquesta malaltia infecciosa.<\/p>\n<p>Un compendi de contes que serveix per salvaguardar la tradici\u00f3 oral, i que posa de manifest la necessitat de preservar aquesta part de la nostra cultura i tradicions, que, com ha remarcat el nostre convidat, corre el risc de desapar\u00e8ixer.<\/p>\n<p>Podeu tornar a escoltar l&#039;entrevista completa aqu\u00ed.<\/p>\n<audio class=\"wp-audio-shortcode\" id=\"audio-16332-1\" preload=\"none\" style=\"width: 100%;\" controls=\"controls\"><source type=\"audio\/mpeg\" src=\"https:\/\/media.radiolitoral.com\/wp-content\/uploads\/2025\/04\/22102528\/Primer-Cafe-Arxipelag-dels-Contes.mp3?_=1\" \/><a href=\"https:\/\/media.radiolitoral.com\/wp-content\/uploads\/2025\/04\/22102528\/Primer-Cafe-Arxipelag-dels-Contes.mp3\">https:\/\/media.radiolitoral.com\/wp-content\/uploads\/2025\/04\/22102528\/Primer-Cafe-Arxipelag-dels-Contes.mp3<\/a><\/audio>","protected":false},"excerpt":{"rendered":"<p>Como lo prometido es deuda y en nuestro \u00faltimo Primer Caf\u00e9, el del Jueves Santo, se qued\u00f3 sobre la mesa un libro y el compromiso de hablar sobre \u00e9l, esta ma\u00f1ana, teniendo en cuenta que se acerca el D\u00eda Mundial del Libro y de los Derechos de Autor, hemos vuelto a conversar con Jaume Noguera, [&#8230;]<\/p>\n<p><a class=\"btn btn-secondary understrap-read-more-link\" href=\"https:\/\/radiolitoral.com\/ca\/2025\/04\/jaume-noguera-los-cuentos-que-se-refieren-a-personajes-de-la-cultura-popular-estan-redactados-con-la-idea-de-salvarlos\/\">Continua llegint&#8230;<span class=\"screen-reader-text\"> from Jaume Noguera: \u201cLos cuentos que se refieren a personajes de la cultura popular est\u00e1n redactados con la idea de salvarlos\u201d<\/span><\/a><\/p>\n","protected":false},"author":13,"featured_media":16334,"comment_status":"open","ping_status":"closed","sticky":false,"template":"","format":"standard","meta":{"_acf_changed":false,"inline_featured_image":false,"footnotes":""},"categories":[55,2753],"tags":[4184,2679,530,4183,3970,4186,2312,4185],"class_list":["post-16332","post","type-post","status-publish","format-standard","has-post-thumbnail","hentry","category-cultura","category-entrevistas","tag-cuentos","tag-cultura-popular","tag-jaume-noguera","tag-libros","tag-literatura","tag-personajes","tag-primer-cafe","tag-tradicion-oral","cobertura-benigembla","cobertura-denia","cobertura-marina-alta","cobertura-parcent","cobertura-xalo"],"acf":[],"yoast_head":"<!-- This site is optimized with the Yoast SEO plugin v27.5 - https:\/\/yoast.com\/product\/yoast-seo-wordpress\/ -->\n<title>Jaume Noguera: \u201cLos cuentos que se refieren a personajes de la cultura popular est\u00e1n redactados con la idea de salvarlos\u201d | R\u00e0dio Litoral<\/title>\n<meta name=\"description\" content=\"Jaume Noguera presenta \u201cL\u2019arxip\u00e8lag dels Contes\u201d, 52 historias que recuperan personajes de la cultura popular\" \/>\n<meta name=\"robots\" content=\"index, follow, max-snippet:-1, max-image-preview:large, max-video-preview:-1\" \/>\n<link rel=\"canonical\" href=\"https:\/\/radiolitoral.com\/ca\/2025\/04\/jaume-noguera-els-contes-que-es-refereixen-a-personatges-de-la-cultura-popular-estan-redactats-amb-la-idea-de-salvar-los\/\" \/>\n<meta property=\"og:locale\" content=\"ca_ES\" \/>\n<meta property=\"og:type\" content=\"article\" \/>\n<meta property=\"og:title\" content=\"Jaume Noguera: \u201cLos cuentos que se refieren a personajes de la cultura popular est\u00e1n redactados con la idea de salvarlos\u201d | R\u00e0dio Litoral\" \/>\n<meta property=\"og:description\" content=\"Jaume Noguera presenta \u201cL\u2019arxip\u00e8lag dels Contes\u201d, 52 historias que recuperan personajes de la cultura popular\" \/>\n<meta property=\"og:url\" content=\"https:\/\/radiolitoral.com\/ca\/2025\/04\/jaume-noguera-els-contes-que-es-refereixen-a-personatges-de-la-cultura-popular-estan-redactats-amb-la-idea-de-salvar-los\/\" \/>\n<meta property=\"og:site_name\" content=\"R\u00e0dio Litoral\" \/>\n<meta property=\"article:publisher\" content=\"https:\/\/www.facebook.com\/Laradiolitoral\/\" \/>\n<meta property=\"article:published_time\" content=\"2025-04-22T08:30:43+00:00\" \/>\n<meta property=\"og:image\" content=\"https:\/\/media.radiolitoral.com\/wp-content\/uploads\/2025\/04\/22102711\/Jaume-Noguera-Primer-Cafe-llibre.jpg\" \/>\n\t<meta property=\"og:image:width\" content=\"2000\" \/>\n\t<meta property=\"og:image:height\" content=\"1500\" \/>\n\t<meta property=\"og:image:type\" content=\"image\/jpeg\" \/>\n<meta name=\"author\" content=\"Redacci\u00f3n\" \/>\n<meta name=\"twitter:card\" content=\"summary_large_image\" \/>\n<meta name=\"twitter:label1\" content=\"Escrit per\" \/>\n\t<meta name=\"twitter:data1\" content=\"Redacci\u00f3n\" \/>\n\t<meta name=\"twitter:label2\" content=\"Temps estimat de lectura\" \/>\n\t<meta name=\"twitter:data2\" content=\"2 minuts\" \/>\n<script type=\"application\/ld+json\" class=\"yoast-schema-graph\">{\"@context\":\"https:\\\/\\\/schema.org\",\"@graph\":[{\"@type\":\"NewsArticle\",\"@id\":\"https:\\\/\\\/radiolitoral.com\\\/2025\\\/04\\\/jaume-noguera-los-cuentos-que-se-refieren-a-personajes-de-la-cultura-popular-estan-redactados-con-la-idea-de-salvarlos\\\/#article\",\"isPartOf\":{\"@id\":\"https:\\\/\\\/radiolitoral.com\\\/2025\\\/04\\\/jaume-noguera-los-cuentos-que-se-refieren-a-personajes-de-la-cultura-popular-estan-redactados-con-la-idea-de-salvarlos\\\/\"},\"author\":{\"name\":\"Redacci\u00f3n\",\"@id\":\"https:\\\/\\\/radiolitoral.com\\\/#\\\/schema\\\/person\\\/f2b2343c49b5d721857cc1002bfdb151\"},\"headline\":\"Jaume Noguera: \u201cLos cuentos que se refieren a personajes de la cultura popular est\u00e1n redactados con la idea de salvarlos\u201d\",\"datePublished\":\"2025-04-22T08:30:43+00:00\",\"mainEntityOfPage\":{\"@id\":\"https:\\\/\\\/radiolitoral.com\\\/2025\\\/04\\\/jaume-noguera-los-cuentos-que-se-refieren-a-personajes-de-la-cultura-popular-estan-redactados-con-la-idea-de-salvarlos\\\/\"},\"wordCount\":315,\"commentCount\":0,\"publisher\":{\"@id\":\"https:\\\/\\\/radiolitoral.com\\\/#organization\"},\"image\":{\"@id\":\"https:\\\/\\\/radiolitoral.com\\\/2025\\\/04\\\/jaume-noguera-los-cuentos-que-se-refieren-a-personajes-de-la-cultura-popular-estan-redactados-con-la-idea-de-salvarlos\\\/#primaryimage\"},\"thumbnailUrl\":\"https:\\\/\\\/media.radiolitoral.com\\\/wp-content\\\/uploads\\\/2025\\\/04\\\/22102711\\\/Jaume-Noguera-Primer-Cafe-llibre.jpg\",\"keywords\":[\"Cuentos\",\"Cultura popular\",\"Jaume Noguera\",\"Libros\",\"Literatura\",\"Personajes\",\"Primer Caf\u00e9\",\"Tradici\u00f3n oral\"],\"articleSection\":[\"Cultura\",\"Entrevistas\"],\"inLanguage\":\"ca\",\"potentialAction\":[{\"@type\":\"CommentAction\",\"name\":\"Comment\",\"target\":[\"https:\\\/\\\/radiolitoral.com\\\/2025\\\/04\\\/jaume-noguera-los-cuentos-que-se-refieren-a-personajes-de-la-cultura-popular-estan-redactados-con-la-idea-de-salvarlos\\\/#respond\"]}]},{\"@type\":[\"WebPage\",\"ItemPage\"],\"@id\":\"https:\\\/\\\/radiolitoral.com\\\/2025\\\/04\\\/jaume-noguera-los-cuentos-que-se-refieren-a-personajes-de-la-cultura-popular-estan-redactados-con-la-idea-de-salvarlos\\\/\",\"url\":\"https:\\\/\\\/radiolitoral.com\\\/2025\\\/04\\\/jaume-noguera-los-cuentos-que-se-refieren-a-personajes-de-la-cultura-popular-estan-redactados-con-la-idea-de-salvarlos\\\/\",\"name\":\"Jaume Noguera: \u201cLos cuentos que se refieren a personajes de la cultura popular est\u00e1n redactados con la idea de salvarlos\u201d | R\u00e0dio Litoral\",\"isPartOf\":{\"@id\":\"https:\\\/\\\/radiolitoral.com\\\/#website\"},\"primaryImageOfPage\":{\"@id\":\"https:\\\/\\\/radiolitoral.com\\\/2025\\\/04\\\/jaume-noguera-los-cuentos-que-se-refieren-a-personajes-de-la-cultura-popular-estan-redactados-con-la-idea-de-salvarlos\\\/#primaryimage\"},\"image\":{\"@id\":\"https:\\\/\\\/radiolitoral.com\\\/2025\\\/04\\\/jaume-noguera-los-cuentos-que-se-refieren-a-personajes-de-la-cultura-popular-estan-redactados-con-la-idea-de-salvarlos\\\/#primaryimage\"},\"thumbnailUrl\":\"https:\\\/\\\/media.radiolitoral.com\\\/wp-content\\\/uploads\\\/2025\\\/04\\\/22102711\\\/Jaume-Noguera-Primer-Cafe-llibre.jpg\",\"datePublished\":\"2025-04-22T08:30:43+00:00\",\"description\":\"Jaume Noguera presenta \u201cL\u2019arxip\u00e8lag dels Contes\u201d, 52 historias que recuperan personajes de la cultura popular\",\"breadcrumb\":{\"@id\":\"https:\\\/\\\/radiolitoral.com\\\/2025\\\/04\\\/jaume-noguera-los-cuentos-que-se-refieren-a-personajes-de-la-cultura-popular-estan-redactados-con-la-idea-de-salvarlos\\\/#breadcrumb\"},\"inLanguage\":\"ca\",\"potentialAction\":[{\"@type\":\"ReadAction\",\"target\":[\"https:\\\/\\\/radiolitoral.com\\\/2025\\\/04\\\/jaume-noguera-los-cuentos-que-se-refieren-a-personajes-de-la-cultura-popular-estan-redactados-con-la-idea-de-salvarlos\\\/\"]}]},{\"@type\":\"ImageObject\",\"inLanguage\":\"ca\",\"@id\":\"https:\\\/\\\/radiolitoral.com\\\/2025\\\/04\\\/jaume-noguera-los-cuentos-que-se-refieren-a-personajes-de-la-cultura-popular-estan-redactados-con-la-idea-de-salvarlos\\\/#primaryimage\",\"url\":\"https:\\\/\\\/media.radiolitoral.com\\\/wp-content\\\/uploads\\\/2025\\\/04\\\/22102711\\\/Jaume-Noguera-Primer-Cafe-llibre.jpg\",\"contentUrl\":\"https:\\\/\\\/media.radiolitoral.com\\\/wp-content\\\/uploads\\\/2025\\\/04\\\/22102711\\\/Jaume-Noguera-Primer-Cafe-llibre.jpg\",\"width\":2000,\"height\":1500},{\"@type\":\"BreadcrumbList\",\"@id\":\"https:\\\/\\\/radiolitoral.com\\\/2025\\\/04\\\/jaume-noguera-los-cuentos-que-se-refieren-a-personajes-de-la-cultura-popular-estan-redactados-con-la-idea-de-salvarlos\\\/#breadcrumb\",\"itemListElement\":[{\"@type\":\"ListItem\",\"position\":1,\"name\":\"Portada\",\"item\":\"https:\\\/\\\/radiolitoral.com\\\/\"},{\"@type\":\"ListItem\",\"position\":2,\"name\":\"Jaume Noguera: \u201cLos cuentos que se refieren a personajes de la cultura popular est\u00e1n redactados con la idea de salvarlos\u201d\"}]},{\"@type\":\"WebSite\",\"@id\":\"https:\\\/\\\/radiolitoral.com\\\/#website\",\"url\":\"https:\\\/\\\/radiolitoral.com\\\/\",\"name\":\"Radio Litoral\",\"description\":\"La radio local de la Marina Alta\",\"publisher\":{\"@id\":\"https:\\\/\\\/radiolitoral.com\\\/#organization\"},\"alternateName\":\"Litoral FM\",\"potentialAction\":[{\"@type\":\"SearchAction\",\"target\":{\"@type\":\"EntryPoint\",\"urlTemplate\":\"https:\\\/\\\/radiolitoral.com\\\/?s={search_term_string}\"},\"query-input\":{\"@type\":\"PropertyValueSpecification\",\"valueRequired\":true,\"valueName\":\"search_term_string\"}}],\"inLanguage\":\"ca\"},{\"@type\":\"Organization\",\"@id\":\"https:\\\/\\\/radiolitoral.com\\\/#organization\",\"name\":\"Radio Litoral\",\"url\":\"https:\\\/\\\/radiolitoral.com\\\/\",\"logo\":{\"@type\":\"ImageObject\",\"inLanguage\":\"ca\",\"@id\":\"https:\\\/\\\/radiolitoral.com\\\/#\\\/schema\\\/logo\\\/image\\\/\",\"url\":\"https:\\\/\\\/media.radiolitoral.com\\\/wp-content\\\/uploads\\\/2023\\\/02\\\/24143238\\\/CL-V-RadioLitoral696.png\",\"contentUrl\":\"https:\\\/\\\/media.radiolitoral.com\\\/wp-content\\\/uploads\\\/2023\\\/02\\\/24143238\\\/CL-V-RadioLitoral696.png\",\"width\":696,\"height\":696,\"caption\":\"Radio Litoral\"},\"image\":{\"@id\":\"https:\\\/\\\/radiolitoral.com\\\/#\\\/schema\\\/logo\\\/image\\\/\"},\"sameAs\":[\"https:\\\/\\\/www.facebook.com\\\/Laradiolitoral\\\/\"]},{\"@type\":\"Person\",\"@id\":\"https:\\\/\\\/radiolitoral.com\\\/#\\\/schema\\\/person\\\/f2b2343c49b5d721857cc1002bfdb151\",\"name\":\"Redacci\u00f3n\",\"image\":{\"@type\":\"ImageObject\",\"inLanguage\":\"ca\",\"@id\":\"https:\\\/\\\/secure.gravatar.com\\\/avatar\\\/f771d896c203ad8b3382d7905cfcce5a5c9b008b84b3cd9114e9b9f4cb63f789?s=96&d=mm&r=g\",\"url\":\"https:\\\/\\\/secure.gravatar.com\\\/avatar\\\/f771d896c203ad8b3382d7905cfcce5a5c9b008b84b3cd9114e9b9f4cb63f789?s=96&d=mm&r=g\",\"contentUrl\":\"https:\\\/\\\/secure.gravatar.com\\\/avatar\\\/f771d896c203ad8b3382d7905cfcce5a5c9b008b84b3cd9114e9b9f4cb63f789?s=96&d=mm&r=g\",\"caption\":\"Redacci\u00f3n\"},\"url\":\"https:\\\/\\\/radiolitoral.com\\\/ca\\\/author\\\/miriam-pagan\\\/\"}]}<\/script>\n<!-- \/ Yoast SEO plugin. -->","yoast_head_json":{"title":"Jaume Noguera: \u201cEls contes que fan refer\u00e8ncia a personatges de la cultura popular estan redactats amb la idea de salvar-los\u201d | R\u00e0dio Litoral","description":"Jaume Noguera presenta \u201cL&#039;arxip\u00e8lag dels Contes\u201d, 52 hist\u00f2ries que recuperen personatges de la cultura popular","robots":{"index":"index","follow":"follow","max-snippet":"max-snippet:-1","max-image-preview":"max-image-preview:large","max-video-preview":"max-video-preview:-1"},"canonical":"https:\/\/radiolitoral.com\/ca\/2025\/04\/jaume-noguera-els-contes-que-es-refereixen-a-personatges-de-la-cultura-popular-estan-redactats-amb-la-idea-de-salvar-los\/","og_locale":"ca_ES","og_type":"article","og_title":"Jaume Noguera: \u201cLos cuentos que se refieren a personajes de la cultura popular est\u00e1n redactados con la idea de salvarlos\u201d | R\u00e0dio Litoral","og_description":"Jaume Noguera presenta \u201cL\u2019arxip\u00e8lag dels Contes\u201d, 52 historias que recuperan personajes de la cultura popular","og_url":"https:\/\/radiolitoral.com\/ca\/2025\/04\/jaume-noguera-els-contes-que-es-refereixen-a-personatges-de-la-cultura-popular-estan-redactats-amb-la-idea-de-salvar-los\/","og_site_name":"R\u00e0dio Litoral","article_publisher":"https:\/\/www.facebook.com\/Laradiolitoral\/","article_published_time":"2025-04-22T08:30:43+00:00","og_image":[{"width":2000,"height":1500,"url":"https:\/\/media.radiolitoral.com\/wp-content\/uploads\/2025\/04\/22102711\/Jaume-Noguera-Primer-Cafe-llibre.jpg","type":"image\/jpeg"}],"author":"Redacci\u00f3n","twitter_card":"summary_large_image","twitter_misc":{"Escrit per":"Redacci\u00f3n","Temps estimat de lectura":"2 minuts"},"schema":{"@context":"https:\/\/schema.org","@graph":[{"@type":"NewsArticle","@id":"https:\/\/radiolitoral.com\/2025\/04\/jaume-noguera-los-cuentos-que-se-refieren-a-personajes-de-la-cultura-popular-estan-redactados-con-la-idea-de-salvarlos\/#article","isPartOf":{"@id":"https:\/\/radiolitoral.com\/2025\/04\/jaume-noguera-los-cuentos-que-se-refieren-a-personajes-de-la-cultura-popular-estan-redactados-con-la-idea-de-salvarlos\/"},"author":{"name":"Redacci\u00f3n","@id":"https:\/\/radiolitoral.com\/#\/schema\/person\/f2b2343c49b5d721857cc1002bfdb151"},"headline":"Jaume Noguera: \u201cLos cuentos que se refieren a personajes de la cultura popular est\u00e1n redactados con la idea de salvarlos\u201d","datePublished":"2025-04-22T08:30:43+00:00","mainEntityOfPage":{"@id":"https:\/\/radiolitoral.com\/2025\/04\/jaume-noguera-los-cuentos-que-se-refieren-a-personajes-de-la-cultura-popular-estan-redactados-con-la-idea-de-salvarlos\/"},"wordCount":315,"commentCount":0,"publisher":{"@id":"https:\/\/radiolitoral.com\/#organization"},"image":{"@id":"https:\/\/radiolitoral.com\/2025\/04\/jaume-noguera-los-cuentos-que-se-refieren-a-personajes-de-la-cultura-popular-estan-redactados-con-la-idea-de-salvarlos\/#primaryimage"},"thumbnailUrl":"https:\/\/media.radiolitoral.com\/wp-content\/uploads\/2025\/04\/22102711\/Jaume-Noguera-Primer-Cafe-llibre.jpg","keywords":["Cuentos","Cultura popular","Jaume Noguera","Libros","Literatura","Personajes","Primer Caf\u00e9","Tradici\u00f3n oral"],"articleSection":["Cultura","Entrevistas"],"inLanguage":"ca","potentialAction":[{"@type":"CommentAction","name":"Comment","target":["https:\/\/radiolitoral.com\/2025\/04\/jaume-noguera-los-cuentos-que-se-refieren-a-personajes-de-la-cultura-popular-estan-redactados-con-la-idea-de-salvarlos\/#respond"]}]},{"@type":["WebPage","ItemPage"],"@id":"https:\/\/radiolitoral.com\/2025\/04\/jaume-noguera-los-cuentos-que-se-refieren-a-personajes-de-la-cultura-popular-estan-redactados-con-la-idea-de-salvarlos\/","url":"https:\/\/radiolitoral.com\/2025\/04\/jaume-noguera-los-cuentos-que-se-refieren-a-personajes-de-la-cultura-popular-estan-redactados-con-la-idea-de-salvarlos\/","name":"Jaume Noguera: \u201cEls contes que fan refer\u00e8ncia a personatges de la cultura popular estan redactats amb la idea de salvar-los\u201d | R\u00e0dio Litoral","isPartOf":{"@id":"https:\/\/radiolitoral.com\/#website"},"primaryImageOfPage":{"@id":"https:\/\/radiolitoral.com\/2025\/04\/jaume-noguera-los-cuentos-que-se-refieren-a-personajes-de-la-cultura-popular-estan-redactados-con-la-idea-de-salvarlos\/#primaryimage"},"image":{"@id":"https:\/\/radiolitoral.com\/2025\/04\/jaume-noguera-los-cuentos-que-se-refieren-a-personajes-de-la-cultura-popular-estan-redactados-con-la-idea-de-salvarlos\/#primaryimage"},"thumbnailUrl":"https:\/\/media.radiolitoral.com\/wp-content\/uploads\/2025\/04\/22102711\/Jaume-Noguera-Primer-Cafe-llibre.jpg","datePublished":"2025-04-22T08:30:43+00:00","description":"Jaume Noguera presenta \u201cL&#039;arxip\u00e8lag dels Contes\u201d, 52 hist\u00f2ries que recuperen personatges de la cultura popular","breadcrumb":{"@id":"https:\/\/radiolitoral.com\/2025\/04\/jaume-noguera-los-cuentos-que-se-refieren-a-personajes-de-la-cultura-popular-estan-redactados-con-la-idea-de-salvarlos\/#breadcrumb"},"inLanguage":"ca","potentialAction":[{"@type":"ReadAction","target":["https:\/\/radiolitoral.com\/2025\/04\/jaume-noguera-los-cuentos-que-se-refieren-a-personajes-de-la-cultura-popular-estan-redactados-con-la-idea-de-salvarlos\/"]}]},{"@type":"ImageObject","inLanguage":"ca","@id":"https:\/\/radiolitoral.com\/2025\/04\/jaume-noguera-los-cuentos-que-se-refieren-a-personajes-de-la-cultura-popular-estan-redactados-con-la-idea-de-salvarlos\/#primaryimage","url":"https:\/\/media.radiolitoral.com\/wp-content\/uploads\/2025\/04\/22102711\/Jaume-Noguera-Primer-Cafe-llibre.jpg","contentUrl":"https:\/\/media.radiolitoral.com\/wp-content\/uploads\/2025\/04\/22102711\/Jaume-Noguera-Primer-Cafe-llibre.jpg","width":2000,"height":1500},{"@type":"BreadcrumbList","@id":"https:\/\/radiolitoral.com\/2025\/04\/jaume-noguera-los-cuentos-que-se-refieren-a-personajes-de-la-cultura-popular-estan-redactados-con-la-idea-de-salvarlos\/#breadcrumb","itemListElement":[{"@type":"ListItem","position":1,"name":"Portada","item":"https:\/\/radiolitoral.com\/"},{"@type":"ListItem","position":2,"name":"Jaume Noguera: \u201cLos cuentos que se refieren a personajes de la cultura popular est\u00e1n redactados con la idea de salvarlos\u201d"}]},{"@type":"WebSite","@id":"https:\/\/radiolitoral.com\/#website","url":"https:\/\/radiolitoral.com\/","name":"R\u00e0dio Litoral","description":"La r\u00e0dio local de la Marina Alta","publisher":{"@id":"https:\/\/radiolitoral.com\/#organization"},"alternateName":"Litoral FM","potentialAction":[{"@type":"SearchAction","target":{"@type":"EntryPoint","urlTemplate":"https:\/\/radiolitoral.com\/?s={search_term_string}"},"query-input":{"@type":"PropertyValueSpecification","valueRequired":true,"valueName":"search_term_string"}}],"inLanguage":"ca"},{"@type":"Organization","@id":"https:\/\/radiolitoral.com\/#organization","name":"R\u00e0dio Litoral","url":"https:\/\/radiolitoral.com\/","logo":{"@type":"ImageObject","inLanguage":"ca","@id":"https:\/\/radiolitoral.com\/#\/schema\/logo\/image\/","url":"https:\/\/media.radiolitoral.com\/wp-content\/uploads\/2023\/02\/24143238\/CL-V-RadioLitoral696.png","contentUrl":"https:\/\/media.radiolitoral.com\/wp-content\/uploads\/2023\/02\/24143238\/CL-V-RadioLitoral696.png","width":696,"height":696,"caption":"Radio Litoral"},"image":{"@id":"https:\/\/radiolitoral.com\/#\/schema\/logo\/image\/"},"sameAs":["https:\/\/www.facebook.com\/Laradiolitoral\/"]},{"@type":"Person","@id":"https:\/\/radiolitoral.com\/#\/schema\/person\/f2b2343c49b5d721857cc1002bfdb151","name":"Redacci\u00f3","image":{"@type":"ImageObject","inLanguage":"ca","@id":"https:\/\/secure.gravatar.com\/avatar\/f771d896c203ad8b3382d7905cfcce5a5c9b008b84b3cd9114e9b9f4cb63f789?s=96&d=mm&r=g","url":"https:\/\/secure.gravatar.com\/avatar\/f771d896c203ad8b3382d7905cfcce5a5c9b008b84b3cd9114e9b9f4cb63f789?s=96&d=mm&r=g","contentUrl":"https:\/\/secure.gravatar.com\/avatar\/f771d896c203ad8b3382d7905cfcce5a5c9b008b84b3cd9114e9b9f4cb63f789?s=96&d=mm&r=g","caption":"Redacci\u00f3n"},"url":"https:\/\/radiolitoral.com\/ca\/author\/miriam-pagan\/"}]}},"_links":{"self":[{"href":"https:\/\/radiolitoral.com\/ca\/wp-json\/wp\/v2\/posts\/16332","targetHints":{"allow":["GET"]}}],"collection":[{"href":"https:\/\/radiolitoral.com\/ca\/wp-json\/wp\/v2\/posts"}],"about":[{"href":"https:\/\/radiolitoral.com\/ca\/wp-json\/wp\/v2\/types\/post"}],"author":[{"embeddable":true,"href":"https:\/\/radiolitoral.com\/ca\/wp-json\/wp\/v2\/users\/13"}],"replies":[{"embeddable":true,"href":"https:\/\/radiolitoral.com\/ca\/wp-json\/wp\/v2\/comments?post=16332"}],"version-history":[{"count":2,"href":"https:\/\/radiolitoral.com\/ca\/wp-json\/wp\/v2\/posts\/16332\/revisions"}],"predecessor-version":[{"id":16336,"href":"https:\/\/radiolitoral.com\/ca\/wp-json\/wp\/v2\/posts\/16332\/revisions\/16336"}],"wp:featuredmedia":[{"embeddable":true,"href":"https:\/\/radiolitoral.com\/ca\/wp-json\/wp\/v2\/media\/16334"}],"wp:attachment":[{"href":"https:\/\/radiolitoral.com\/ca\/wp-json\/wp\/v2\/media?parent=16332"}],"wp:term":[{"taxonomy":"category","embeddable":true,"href":"https:\/\/radiolitoral.com\/ca\/wp-json\/wp\/v2\/categories?post=16332"},{"taxonomy":"post_tag","embeddable":true,"href":"https:\/\/radiolitoral.com\/ca\/wp-json\/wp\/v2\/tags?post=16332"}],"curies":[{"name":"wp","href":"https:\/\/api.w.org\/{rel}","templated":true}]}}