{"id":16309,"date":"2025-04-17T12:13:23","date_gmt":"2025-04-17T10:13:23","guid":{"rendered":"https:\/\/radiolitoral.com\/?p=16309"},"modified":"2025-04-17T12:13:23","modified_gmt":"2025-04-17T10:13:23","slug":"jaume-noguera-dues-teories-sobre-lorigen-de-la-mona-una-de-lepoca-arabe-un-tipus-darrendament-que-es-pagava-amb-munna","status":"publish","type":"post","link":"https:\/\/radiolitoral.com\/ca\/2025\/04\/jaume-noguera-dos-teorias-sobre-el-origen-de-la-mona-una-de-la-epoca-arabe-un-tipo-de-arrendamiento-que-se-pagaba-con-munna\/","title":{"rendered":"Jaume Noguera: Dues teories sobre l&#039;origen de la mona, una de l&#039;\u00e8poca \u00e0rab, un tipus d&#039;arrendament que es pagava amb monna"},"content":{"rendered":"<p>S&#039;acosten dies de menjar-se la mona, fer volar l&#039;estel, trencar l&#039;ou dur al front d&#039;un amic, saltar a la corda o preparar el t\u00edpic berenar pascora, <strong>tradicions<\/strong> que formen part de la <strong>cultura popular valenciana<\/strong>, que encara preservem i compartim amb les noves generacions quan arriben aquestes dates. Per\u00f2 tamb\u00e9 hi ha altres tradicions vinculades amb aquestes festes que el temps ha anat esborrant i queden desdibuixades a la mem\u00f2ria. De totes elles hem parlat aquest mat\u00ed al <strong>Primer Caf\u00e8 de R\u00e0dio Litoral<\/strong> amb <strong>Jaume Noguera, cronista de Xal\u00f3 i escriptor.<\/strong><\/p>\n<p>Amb el nostre convidat hem repassat els costums i tradicions m\u00e9s arrelades de la <strong>Pasqua de la Marina Alta<\/strong>Des dels or\u00edgens de la mona, remuntant-nos a l&#039;\u00e8poca musulmana, o fins i tot a temps de l&#039;Imperi Rom\u00e0.<\/p>\n<p>Per\u00f2 la mona no \u00e9s l&#039;\u00fanic producte de la gastronomia popular \u00edntimament lligat amb la celebraci\u00f3 de la Pasqua a la Marina Alta, amb Jaume Noguera tamb\u00e9 hem entrat a la cuina per con\u00e8ixer plats i guisats vinculats a aquestes dates. Hem repassat el refranyer popular, les can\u00e7ons m\u00e9s t\u00edpiques i els jocs que solien animar les tardes dels dies de Pasqua dels m\u00e9s joves.<\/p>\n<p>I entre les curiositats que ens ha compartit el nostre convidat, tamb\u00e9 destaca un succ\u00e9s esdevingut a Xal\u00f3 el Dia de Pasqua del 1875 i que consta a l&#039;arxiu municipal. Un expedient judicial que explica una gamberrada d&#039;un grup de nens d&#039;entre 8 i 12 anys, amb la multa corresponent.<\/p>\n<p>Si voleu saber-ne m\u00e9s, podeu tornar a escoltar l&#039;entrevista completa aqu\u00ed.<\/p>\n<audio class=\"wp-audio-shortcode\" id=\"audio-16309-1\" preload=\"none\" style=\"width: 100%;\" controls=\"controls\"><source type=\"audio\/mpeg\" src=\"https:\/\/media.radiolitoral.com\/wp-content\/uploads\/2025\/04\/17120453\/Primer-Cafe-Costums-Pasqua.mp3?_=1\" \/><a href=\"https:\/\/media.radiolitoral.com\/wp-content\/uploads\/2025\/04\/17120453\/Primer-Cafe-Costums-Pasqua.mp3\">https:\/\/media.radiolitoral.com\/wp-content\/uploads\/2025\/04\/17120453\/Primer-Cafe-Costums-Pasqua.mp3<\/a><\/audio>","protected":false},"excerpt":{"rendered":"<p>Se acercan d\u00edas de comerse la mona, hacer volar la cometa, romper el huevo duro en la frente de un amigo, saltar a la comba o preparar la t\u00edpica merienda pascuera, tradiciones que forman parte de la cultura popular valenciana, que aun preservamos y compartimos con las nuevas generaciones cuando llegan estas fechas. Pero tambi\u00e9n [&#8230;]<\/p>\n<p><a class=\"btn btn-secondary understrap-read-more-link\" href=\"https:\/\/radiolitoral.com\/ca\/2025\/04\/jaume-noguera-dos-teorias-sobre-el-origen-de-la-mona-una-de-la-epoca-arabe-un-tipo-de-arrendamiento-que-se-pagaba-con-munna\/\">Continua llegint&#8230;<span class=\"screen-reader-text\"> from Jaume Noguera: \u201cDos teor\u00edas sobre el origen de la mona, una de la \u00e9poca \u00e1rabe, un tipo de arrendamiento que se pagaba con \u201cmunna\u201d<\/span><\/a><\/p>\n","protected":false},"author":13,"featured_media":16311,"comment_status":"open","ping_status":"closed","sticky":false,"template":"","format":"standard","meta":{"_acf_changed":false,"inline_featured_image":false,"footnotes":""},"categories":[55,2753],"tags":[2679,530,4178,232,2312,2488],"class_list":["post-16309","post","type-post","status-publish","format-standard","has-post-thumbnail","hentry","category-cultura","category-entrevistas","tag-cultura-popular","tag-jaume-noguera","tag-mona-de-pascua","tag-pascua","tag-primer-cafe","tag-tradiciones","cobertura-marina-alta","cobertura-xalo"],"acf":[],"yoast_head":"<!-- This site is optimized with the Yoast SEO plugin v27.5 - https:\/\/yoast.com\/product\/yoast-seo-wordpress\/ -->\n<title>Jaume Noguera: \u201cDos teor\u00edas sobre el origen de la mona, una de la \u00e9poca \u00e1rabe, un tipo de arrendamiento que se pagaba con \u201cmunna\u201d | R\u00e0dio Litoral<\/title>\n<meta name=\"description\" content=\"Revisamos con el cronista de Xal\u00f3 las tradiciones vinculadas con la Pascua como, comer la mona, juegos al aire libre o el cancionero popular\" \/>\n<meta name=\"robots\" content=\"index, follow, max-snippet:-1, max-image-preview:large, max-video-preview:-1\" \/>\n<link rel=\"canonical\" href=\"https:\/\/radiolitoral.com\/ca\/2025\/04\/jaume-noguera-dues-teories-sobre-lorigen-de-la-mona-una-de-lepoca-arabe-un-tipus-darrendament-que-es-pagava-amb-munna\/\" \/>\n<meta property=\"og:locale\" content=\"ca_ES\" \/>\n<meta property=\"og:type\" content=\"article\" \/>\n<meta property=\"og:title\" content=\"Jaume Noguera: \u201cDos teor\u00edas sobre el origen de la mona, una de la \u00e9poca \u00e1rabe, un tipo de arrendamiento que se pagaba con \u201cmunna\u201d | R\u00e0dio Litoral\" \/>\n<meta property=\"og:description\" content=\"Revisamos con el cronista de Xal\u00f3 las tradiciones vinculadas con la Pascua como, comer la mona, juegos al aire libre o el cancionero popular\" \/>\n<meta property=\"og:url\" content=\"https:\/\/radiolitoral.com\/ca\/2025\/04\/jaume-noguera-dues-teories-sobre-lorigen-de-la-mona-una-de-lepoca-arabe-un-tipus-darrendament-que-es-pagava-amb-munna\/\" \/>\n<meta property=\"og:site_name\" content=\"R\u00e0dio Litoral\" \/>\n<meta property=\"article:publisher\" content=\"https:\/\/www.facebook.com\/Laradiolitoral\/\" \/>\n<meta property=\"article:published_time\" content=\"2025-04-17T10:13:23+00:00\" \/>\n<meta property=\"og:image\" content=\"https:\/\/media.radiolitoral.com\/wp-content\/uploads\/2025\/04\/17120819\/Jaume-Noguera-Primer-Cafe.jpg\" \/>\n\t<meta property=\"og:image:width\" content=\"2000\" \/>\n\t<meta property=\"og:image:height\" content=\"1500\" \/>\n\t<meta property=\"og:image:type\" content=\"image\/jpeg\" \/>\n<meta name=\"author\" content=\"Redacci\u00f3n\" \/>\n<meta name=\"twitter:card\" content=\"summary_large_image\" \/>\n<meta name=\"twitter:label1\" content=\"Escrit per\" \/>\n\t<meta name=\"twitter:data1\" content=\"Redacci\u00f3n\" \/>\n\t<meta name=\"twitter:label2\" content=\"Temps estimat de lectura\" \/>\n\t<meta name=\"twitter:data2\" content=\"2 minuts\" \/>\n<script type=\"application\/ld+json\" class=\"yoast-schema-graph\">{\"@context\":\"https:\\\/\\\/schema.org\",\"@graph\":[{\"@type\":\"NewsArticle\",\"@id\":\"https:\\\/\\\/radiolitoral.com\\\/2025\\\/04\\\/jaume-noguera-dos-teorias-sobre-el-origen-de-la-mona-una-de-la-epoca-arabe-un-tipo-de-arrendamiento-que-se-pagaba-con-munna\\\/#article\",\"isPartOf\":{\"@id\":\"https:\\\/\\\/radiolitoral.com\\\/2025\\\/04\\\/jaume-noguera-dos-teorias-sobre-el-origen-de-la-mona-una-de-la-epoca-arabe-un-tipo-de-arrendamiento-que-se-pagaba-con-munna\\\/\"},\"author\":{\"name\":\"Redacci\u00f3n\",\"@id\":\"https:\\\/\\\/radiolitoral.com\\\/#\\\/schema\\\/person\\\/f2b2343c49b5d721857cc1002bfdb151\"},\"headline\":\"Jaume Noguera: \u201cDos teor\u00edas sobre el origen de la mona, una de la \u00e9poca \u00e1rabe, un tipo de arrendamiento que se pagaba con \u201cmunna\u201d\",\"datePublished\":\"2025-04-17T10:13:23+00:00\",\"mainEntityOfPage\":{\"@id\":\"https:\\\/\\\/radiolitoral.com\\\/2025\\\/04\\\/jaume-noguera-dos-teorias-sobre-el-origen-de-la-mona-una-de-la-epoca-arabe-un-tipo-de-arrendamiento-que-se-pagaba-con-munna\\\/\"},\"wordCount\":355,\"commentCount\":0,\"publisher\":{\"@id\":\"https:\\\/\\\/radiolitoral.com\\\/#organization\"},\"image\":{\"@id\":\"https:\\\/\\\/radiolitoral.com\\\/2025\\\/04\\\/jaume-noguera-dos-teorias-sobre-el-origen-de-la-mona-una-de-la-epoca-arabe-un-tipo-de-arrendamiento-que-se-pagaba-con-munna\\\/#primaryimage\"},\"thumbnailUrl\":\"https:\\\/\\\/media.radiolitoral.com\\\/wp-content\\\/uploads\\\/2025\\\/04\\\/17120819\\\/Jaume-Noguera-Primer-Cafe.jpg\",\"keywords\":[\"Cultura popular\",\"Jaume Noguera\",\"Mona de Pascua\",\"Pascua\",\"Primer Caf\u00e9\",\"Tradiciones\"],\"articleSection\":[\"Cultura\",\"Entrevistas\"],\"inLanguage\":\"ca\",\"potentialAction\":[{\"@type\":\"CommentAction\",\"name\":\"Comment\",\"target\":[\"https:\\\/\\\/radiolitoral.com\\\/2025\\\/04\\\/jaume-noguera-dos-teorias-sobre-el-origen-de-la-mona-una-de-la-epoca-arabe-un-tipo-de-arrendamiento-que-se-pagaba-con-munna\\\/#respond\"]}]},{\"@type\":[\"WebPage\",\"ItemPage\"],\"@id\":\"https:\\\/\\\/radiolitoral.com\\\/2025\\\/04\\\/jaume-noguera-dos-teorias-sobre-el-origen-de-la-mona-una-de-la-epoca-arabe-un-tipo-de-arrendamiento-que-se-pagaba-con-munna\\\/\",\"url\":\"https:\\\/\\\/radiolitoral.com\\\/2025\\\/04\\\/jaume-noguera-dos-teorias-sobre-el-origen-de-la-mona-una-de-la-epoca-arabe-un-tipo-de-arrendamiento-que-se-pagaba-con-munna\\\/\",\"name\":\"Jaume Noguera: \u201cDos teor\u00edas sobre el origen de la mona, una de la \u00e9poca \u00e1rabe, un tipo de arrendamiento que se pagaba con \u201cmunna\u201d | R\u00e0dio Litoral\",\"isPartOf\":{\"@id\":\"https:\\\/\\\/radiolitoral.com\\\/#website\"},\"primaryImageOfPage\":{\"@id\":\"https:\\\/\\\/radiolitoral.com\\\/2025\\\/04\\\/jaume-noguera-dos-teorias-sobre-el-origen-de-la-mona-una-de-la-epoca-arabe-un-tipo-de-arrendamiento-que-se-pagaba-con-munna\\\/#primaryimage\"},\"image\":{\"@id\":\"https:\\\/\\\/radiolitoral.com\\\/2025\\\/04\\\/jaume-noguera-dos-teorias-sobre-el-origen-de-la-mona-una-de-la-epoca-arabe-un-tipo-de-arrendamiento-que-se-pagaba-con-munna\\\/#primaryimage\"},\"thumbnailUrl\":\"https:\\\/\\\/media.radiolitoral.com\\\/wp-content\\\/uploads\\\/2025\\\/04\\\/17120819\\\/Jaume-Noguera-Primer-Cafe.jpg\",\"datePublished\":\"2025-04-17T10:13:23+00:00\",\"description\":\"Revisamos con el cronista de Xal\u00f3 las tradiciones vinculadas con la Pascua como, comer la mona, juegos al aire libre o el cancionero popular\",\"breadcrumb\":{\"@id\":\"https:\\\/\\\/radiolitoral.com\\\/2025\\\/04\\\/jaume-noguera-dos-teorias-sobre-el-origen-de-la-mona-una-de-la-epoca-arabe-un-tipo-de-arrendamiento-que-se-pagaba-con-munna\\\/#breadcrumb\"},\"inLanguage\":\"ca\",\"potentialAction\":[{\"@type\":\"ReadAction\",\"target\":[\"https:\\\/\\\/radiolitoral.com\\\/2025\\\/04\\\/jaume-noguera-dos-teorias-sobre-el-origen-de-la-mona-una-de-la-epoca-arabe-un-tipo-de-arrendamiento-que-se-pagaba-con-munna\\\/\"]}]},{\"@type\":\"ImageObject\",\"inLanguage\":\"ca\",\"@id\":\"https:\\\/\\\/radiolitoral.com\\\/2025\\\/04\\\/jaume-noguera-dos-teorias-sobre-el-origen-de-la-mona-una-de-la-epoca-arabe-un-tipo-de-arrendamiento-que-se-pagaba-con-munna\\\/#primaryimage\",\"url\":\"https:\\\/\\\/media.radiolitoral.com\\\/wp-content\\\/uploads\\\/2025\\\/04\\\/17120819\\\/Jaume-Noguera-Primer-Cafe.jpg\",\"contentUrl\":\"https:\\\/\\\/media.radiolitoral.com\\\/wp-content\\\/uploads\\\/2025\\\/04\\\/17120819\\\/Jaume-Noguera-Primer-Cafe.jpg\",\"width\":2000,\"height\":1500},{\"@type\":\"BreadcrumbList\",\"@id\":\"https:\\\/\\\/radiolitoral.com\\\/2025\\\/04\\\/jaume-noguera-dos-teorias-sobre-el-origen-de-la-mona-una-de-la-epoca-arabe-un-tipo-de-arrendamiento-que-se-pagaba-con-munna\\\/#breadcrumb\",\"itemListElement\":[{\"@type\":\"ListItem\",\"position\":1,\"name\":\"Portada\",\"item\":\"https:\\\/\\\/radiolitoral.com\\\/\"},{\"@type\":\"ListItem\",\"position\":2,\"name\":\"Jaume Noguera: \u201cDos teor\u00edas sobre el origen de la mona, una de la \u00e9poca \u00e1rabe, un tipo de arrendamiento que se pagaba con \u201cmunna\u201d\"}]},{\"@type\":\"WebSite\",\"@id\":\"https:\\\/\\\/radiolitoral.com\\\/#website\",\"url\":\"https:\\\/\\\/radiolitoral.com\\\/\",\"name\":\"Radio Litoral\",\"description\":\"La radio local de la Marina Alta\",\"publisher\":{\"@id\":\"https:\\\/\\\/radiolitoral.com\\\/#organization\"},\"alternateName\":\"Litoral FM\",\"potentialAction\":[{\"@type\":\"SearchAction\",\"target\":{\"@type\":\"EntryPoint\",\"urlTemplate\":\"https:\\\/\\\/radiolitoral.com\\\/?s={search_term_string}\"},\"query-input\":{\"@type\":\"PropertyValueSpecification\",\"valueRequired\":true,\"valueName\":\"search_term_string\"}}],\"inLanguage\":\"ca\"},{\"@type\":\"Organization\",\"@id\":\"https:\\\/\\\/radiolitoral.com\\\/#organization\",\"name\":\"Radio Litoral\",\"url\":\"https:\\\/\\\/radiolitoral.com\\\/\",\"logo\":{\"@type\":\"ImageObject\",\"inLanguage\":\"ca\",\"@id\":\"https:\\\/\\\/radiolitoral.com\\\/#\\\/schema\\\/logo\\\/image\\\/\",\"url\":\"https:\\\/\\\/media.radiolitoral.com\\\/wp-content\\\/uploads\\\/2023\\\/02\\\/24143238\\\/CL-V-RadioLitoral696.png\",\"contentUrl\":\"https:\\\/\\\/media.radiolitoral.com\\\/wp-content\\\/uploads\\\/2023\\\/02\\\/24143238\\\/CL-V-RadioLitoral696.png\",\"width\":696,\"height\":696,\"caption\":\"Radio Litoral\"},\"image\":{\"@id\":\"https:\\\/\\\/radiolitoral.com\\\/#\\\/schema\\\/logo\\\/image\\\/\"},\"sameAs\":[\"https:\\\/\\\/www.facebook.com\\\/Laradiolitoral\\\/\"]},{\"@type\":\"Person\",\"@id\":\"https:\\\/\\\/radiolitoral.com\\\/#\\\/schema\\\/person\\\/f2b2343c49b5d721857cc1002bfdb151\",\"name\":\"Redacci\u00f3n\",\"image\":{\"@type\":\"ImageObject\",\"inLanguage\":\"ca\",\"@id\":\"https:\\\/\\\/secure.gravatar.com\\\/avatar\\\/f771d896c203ad8b3382d7905cfcce5a5c9b008b84b3cd9114e9b9f4cb63f789?s=96&d=mm&r=g\",\"url\":\"https:\\\/\\\/secure.gravatar.com\\\/avatar\\\/f771d896c203ad8b3382d7905cfcce5a5c9b008b84b3cd9114e9b9f4cb63f789?s=96&d=mm&r=g\",\"contentUrl\":\"https:\\\/\\\/secure.gravatar.com\\\/avatar\\\/f771d896c203ad8b3382d7905cfcce5a5c9b008b84b3cd9114e9b9f4cb63f789?s=96&d=mm&r=g\",\"caption\":\"Redacci\u00f3n\"},\"url\":\"https:\\\/\\\/radiolitoral.com\\\/ca\\\/author\\\/miriam-pagan\\\/\"}]}<\/script>\n<!-- \/ Yoast SEO plugin. -->","yoast_head_json":{"title":"Jaume Noguera: &quot;Dues teories sobre l&#039;origen de la mona, una de l&#039;\u00e8poca \u00e0rab, una mena d&#039;arrendament que es pagava amb &quot;munna&quot; | R\u00e0dio Litoral","description":"Revisem amb el cronista de Xal\u00f3 les tradicions vinculades amb la Pasqua com, menjar la mona, jocs a l&#039;aire lliure o el can\u00e7oner popular","robots":{"index":"index","follow":"follow","max-snippet":"max-snippet:-1","max-image-preview":"max-image-preview:large","max-video-preview":"max-video-preview:-1"},"canonical":"https:\/\/radiolitoral.com\/ca\/2025\/04\/jaume-noguera-dues-teories-sobre-lorigen-de-la-mona-una-de-lepoca-arabe-un-tipus-darrendament-que-es-pagava-amb-munna\/","og_locale":"ca_ES","og_type":"article","og_title":"Jaume Noguera: \u201cDos teor\u00edas sobre el origen de la mona, una de la \u00e9poca \u00e1rabe, un tipo de arrendamiento que se pagaba con \u201cmunna\u201d | R\u00e0dio Litoral","og_description":"Revisamos con el cronista de Xal\u00f3 las tradiciones vinculadas con la Pascua como, comer la mona, juegos al aire libre o el cancionero popular","og_url":"https:\/\/radiolitoral.com\/ca\/2025\/04\/jaume-noguera-dues-teories-sobre-lorigen-de-la-mona-una-de-lepoca-arabe-un-tipus-darrendament-que-es-pagava-amb-munna\/","og_site_name":"R\u00e0dio Litoral","article_publisher":"https:\/\/www.facebook.com\/Laradiolitoral\/","article_published_time":"2025-04-17T10:13:23+00:00","og_image":[{"width":2000,"height":1500,"url":"https:\/\/media.radiolitoral.com\/wp-content\/uploads\/2025\/04\/17120819\/Jaume-Noguera-Primer-Cafe.jpg","type":"image\/jpeg"}],"author":"Redacci\u00f3n","twitter_card":"summary_large_image","twitter_misc":{"Escrit per":"Redacci\u00f3n","Temps estimat de lectura":"2 minuts"},"schema":{"@context":"https:\/\/schema.org","@graph":[{"@type":"NewsArticle","@id":"https:\/\/radiolitoral.com\/2025\/04\/jaume-noguera-dos-teorias-sobre-el-origen-de-la-mona-una-de-la-epoca-arabe-un-tipo-de-arrendamiento-que-se-pagaba-con-munna\/#article","isPartOf":{"@id":"https:\/\/radiolitoral.com\/2025\/04\/jaume-noguera-dos-teorias-sobre-el-origen-de-la-mona-una-de-la-epoca-arabe-un-tipo-de-arrendamiento-que-se-pagaba-con-munna\/"},"author":{"name":"Redacci\u00f3n","@id":"https:\/\/radiolitoral.com\/#\/schema\/person\/f2b2343c49b5d721857cc1002bfdb151"},"headline":"Jaume Noguera: \u201cDos teor\u00edas sobre el origen de la mona, una de la \u00e9poca \u00e1rabe, un tipo de arrendamiento que se pagaba con \u201cmunna\u201d","datePublished":"2025-04-17T10:13:23+00:00","mainEntityOfPage":{"@id":"https:\/\/radiolitoral.com\/2025\/04\/jaume-noguera-dos-teorias-sobre-el-origen-de-la-mona-una-de-la-epoca-arabe-un-tipo-de-arrendamiento-que-se-pagaba-con-munna\/"},"wordCount":355,"commentCount":0,"publisher":{"@id":"https:\/\/radiolitoral.com\/#organization"},"image":{"@id":"https:\/\/radiolitoral.com\/2025\/04\/jaume-noguera-dos-teorias-sobre-el-origen-de-la-mona-una-de-la-epoca-arabe-un-tipo-de-arrendamiento-que-se-pagaba-con-munna\/#primaryimage"},"thumbnailUrl":"https:\/\/media.radiolitoral.com\/wp-content\/uploads\/2025\/04\/17120819\/Jaume-Noguera-Primer-Cafe.jpg","keywords":["Cultura popular","Jaume Noguera","Mona de Pascua","Pascua","Primer Caf\u00e9","Tradiciones"],"articleSection":["Cultura","Entrevistas"],"inLanguage":"ca","potentialAction":[{"@type":"CommentAction","name":"Comment","target":["https:\/\/radiolitoral.com\/2025\/04\/jaume-noguera-dos-teorias-sobre-el-origen-de-la-mona-una-de-la-epoca-arabe-un-tipo-de-arrendamiento-que-se-pagaba-con-munna\/#respond"]}]},{"@type":["WebPage","ItemPage"],"@id":"https:\/\/radiolitoral.com\/2025\/04\/jaume-noguera-dos-teorias-sobre-el-origen-de-la-mona-una-de-la-epoca-arabe-un-tipo-de-arrendamiento-que-se-pagaba-con-munna\/","url":"https:\/\/radiolitoral.com\/2025\/04\/jaume-noguera-dos-teorias-sobre-el-origen-de-la-mona-una-de-la-epoca-arabe-un-tipo-de-arrendamiento-que-se-pagaba-con-munna\/","name":"Jaume Noguera: &quot;Dues teories sobre l&#039;origen de la mona, una de l&#039;\u00e8poca \u00e0rab, una mena d&#039;arrendament que es pagava amb &quot;munna&quot; | R\u00e0dio Litoral","isPartOf":{"@id":"https:\/\/radiolitoral.com\/#website"},"primaryImageOfPage":{"@id":"https:\/\/radiolitoral.com\/2025\/04\/jaume-noguera-dos-teorias-sobre-el-origen-de-la-mona-una-de-la-epoca-arabe-un-tipo-de-arrendamiento-que-se-pagaba-con-munna\/#primaryimage"},"image":{"@id":"https:\/\/radiolitoral.com\/2025\/04\/jaume-noguera-dos-teorias-sobre-el-origen-de-la-mona-una-de-la-epoca-arabe-un-tipo-de-arrendamiento-que-se-pagaba-con-munna\/#primaryimage"},"thumbnailUrl":"https:\/\/media.radiolitoral.com\/wp-content\/uploads\/2025\/04\/17120819\/Jaume-Noguera-Primer-Cafe.jpg","datePublished":"2025-04-17T10:13:23+00:00","description":"Revisem amb el cronista de Xal\u00f3 les tradicions vinculades amb la Pasqua com, menjar la mona, jocs a l&#039;aire lliure o el can\u00e7oner popular","breadcrumb":{"@id":"https:\/\/radiolitoral.com\/2025\/04\/jaume-noguera-dos-teorias-sobre-el-origen-de-la-mona-una-de-la-epoca-arabe-un-tipo-de-arrendamiento-que-se-pagaba-con-munna\/#breadcrumb"},"inLanguage":"ca","potentialAction":[{"@type":"ReadAction","target":["https:\/\/radiolitoral.com\/2025\/04\/jaume-noguera-dos-teorias-sobre-el-origen-de-la-mona-una-de-la-epoca-arabe-un-tipo-de-arrendamiento-que-se-pagaba-con-munna\/"]}]},{"@type":"ImageObject","inLanguage":"ca","@id":"https:\/\/radiolitoral.com\/2025\/04\/jaume-noguera-dos-teorias-sobre-el-origen-de-la-mona-una-de-la-epoca-arabe-un-tipo-de-arrendamiento-que-se-pagaba-con-munna\/#primaryimage","url":"https:\/\/media.radiolitoral.com\/wp-content\/uploads\/2025\/04\/17120819\/Jaume-Noguera-Primer-Cafe.jpg","contentUrl":"https:\/\/media.radiolitoral.com\/wp-content\/uploads\/2025\/04\/17120819\/Jaume-Noguera-Primer-Cafe.jpg","width":2000,"height":1500},{"@type":"BreadcrumbList","@id":"https:\/\/radiolitoral.com\/2025\/04\/jaume-noguera-dos-teorias-sobre-el-origen-de-la-mona-una-de-la-epoca-arabe-un-tipo-de-arrendamiento-que-se-pagaba-con-munna\/#breadcrumb","itemListElement":[{"@type":"ListItem","position":1,"name":"Portada","item":"https:\/\/radiolitoral.com\/"},{"@type":"ListItem","position":2,"name":"Jaume Noguera: \u201cDos teor\u00edas sobre el origen de la mona, una de la \u00e9poca \u00e1rabe, un tipo de arrendamiento que se pagaba con \u201cmunna\u201d"}]},{"@type":"WebSite","@id":"https:\/\/radiolitoral.com\/#website","url":"https:\/\/radiolitoral.com\/","name":"R\u00e0dio Litoral","description":"La r\u00e0dio local de la Marina Alta","publisher":{"@id":"https:\/\/radiolitoral.com\/#organization"},"alternateName":"Litoral FM","potentialAction":[{"@type":"SearchAction","target":{"@type":"EntryPoint","urlTemplate":"https:\/\/radiolitoral.com\/?s={search_term_string}"},"query-input":{"@type":"PropertyValueSpecification","valueRequired":true,"valueName":"search_term_string"}}],"inLanguage":"ca"},{"@type":"Organization","@id":"https:\/\/radiolitoral.com\/#organization","name":"R\u00e0dio Litoral","url":"https:\/\/radiolitoral.com\/","logo":{"@type":"ImageObject","inLanguage":"ca","@id":"https:\/\/radiolitoral.com\/#\/schema\/logo\/image\/","url":"https:\/\/media.radiolitoral.com\/wp-content\/uploads\/2023\/02\/24143238\/CL-V-RadioLitoral696.png","contentUrl":"https:\/\/media.radiolitoral.com\/wp-content\/uploads\/2023\/02\/24143238\/CL-V-RadioLitoral696.png","width":696,"height":696,"caption":"Radio Litoral"},"image":{"@id":"https:\/\/radiolitoral.com\/#\/schema\/logo\/image\/"},"sameAs":["https:\/\/www.facebook.com\/Laradiolitoral\/"]},{"@type":"Person","@id":"https:\/\/radiolitoral.com\/#\/schema\/person\/f2b2343c49b5d721857cc1002bfdb151","name":"Redacci\u00f3","image":{"@type":"ImageObject","inLanguage":"ca","@id":"https:\/\/secure.gravatar.com\/avatar\/f771d896c203ad8b3382d7905cfcce5a5c9b008b84b3cd9114e9b9f4cb63f789?s=96&d=mm&r=g","url":"https:\/\/secure.gravatar.com\/avatar\/f771d896c203ad8b3382d7905cfcce5a5c9b008b84b3cd9114e9b9f4cb63f789?s=96&d=mm&r=g","contentUrl":"https:\/\/secure.gravatar.com\/avatar\/f771d896c203ad8b3382d7905cfcce5a5c9b008b84b3cd9114e9b9f4cb63f789?s=96&d=mm&r=g","caption":"Redacci\u00f3n"},"url":"https:\/\/radiolitoral.com\/ca\/author\/miriam-pagan\/"}]}},"_links":{"self":[{"href":"https:\/\/radiolitoral.com\/ca\/wp-json\/wp\/v2\/posts\/16309","targetHints":{"allow":["GET"]}}],"collection":[{"href":"https:\/\/radiolitoral.com\/ca\/wp-json\/wp\/v2\/posts"}],"about":[{"href":"https:\/\/radiolitoral.com\/ca\/wp-json\/wp\/v2\/types\/post"}],"author":[{"embeddable":true,"href":"https:\/\/radiolitoral.com\/ca\/wp-json\/wp\/v2\/users\/13"}],"replies":[{"embeddable":true,"href":"https:\/\/radiolitoral.com\/ca\/wp-json\/wp\/v2\/comments?post=16309"}],"version-history":[{"count":3,"href":"https:\/\/radiolitoral.com\/ca\/wp-json\/wp\/v2\/posts\/16309\/revisions"}],"predecessor-version":[{"id":16315,"href":"https:\/\/radiolitoral.com\/ca\/wp-json\/wp\/v2\/posts\/16309\/revisions\/16315"}],"wp:featuredmedia":[{"embeddable":true,"href":"https:\/\/radiolitoral.com\/ca\/wp-json\/wp\/v2\/media\/16311"}],"wp:attachment":[{"href":"https:\/\/radiolitoral.com\/ca\/wp-json\/wp\/v2\/media?parent=16309"}],"wp:term":[{"taxonomy":"category","embeddable":true,"href":"https:\/\/radiolitoral.com\/ca\/wp-json\/wp\/v2\/categories?post=16309"},{"taxonomy":"post_tag","embeddable":true,"href":"https:\/\/radiolitoral.com\/ca\/wp-json\/wp\/v2\/tags?post=16309"}],"curies":[{"name":"wp","href":"https:\/\/api.w.org\/{rel}","templated":true}]}}