{"id":16283,"date":"2025-04-16T10:57:52","date_gmt":"2025-04-16T08:57:52","guid":{"rendered":"https:\/\/radiolitoral.com\/?p=16283"},"modified":"2025-04-16T10:57:52","modified_gmt":"2025-04-16T08:57:52","slug":"veronika-voloshina-doble-campiona-despana","status":"publish","type":"post","link":"https:\/\/radiolitoral.com\/ca\/2025\/04\/veronika-voloshina-doble-campeona-de-espana\/","title":{"rendered":"Veronika Voloshina: Doble Campiona d&#039;Espanya"},"content":{"rendered":"<p>El <strong>Club Gimn\u00e0stica Calp<\/strong> va deixar una empremta inesborrable al <strong>Campionat d&#039;Espanya Individual Base 2025<\/strong>, celebrat a <strong>Guadalajara<\/strong>, en obtenir un impressionant balan\u00e7 de <strong>5 medalles<\/strong>: <strong>2 ors, 2 plates i 1 bronze<\/strong>. Aquest \u00e8xit \u00e9s el reflex de l&#039;esfor\u00e7, la passi\u00f3 i el treball de les gimnastes calpines, aix\u00ed com de l&#039;excel\u00b7lent treball dels seus entrenadors, <strong>Olga Albulova<\/strong>, <strong>Montse Soria<\/strong> i <strong>Xus Soria<\/strong>.<\/p>\n<p>A la categoria <strong>Prebenjam\u00ed<\/strong>, <strong>Veronika Voloshina<\/strong> va destacar enormement en aconseguir <strong>dues medalles d&#039;or<\/strong> en el primer <strong>Campionat d\u00b4Espanya individual<\/strong>. Va ser <strong>primera<\/strong> tant a la <strong>Classificaci\u00f3 General<\/strong> com a la <strong>Classificaci\u00f3 Open<\/strong>. Un inici espectacular per a Veronika que, amb aquesta brillant actuaci\u00f3, va demostrar el gran treball que realitza cada dia als entrenaments sota la direcci\u00f3 d&#039;Olga Albulova.<\/p>\n<p><strong>Nika Khurshudian<\/strong>, tamb\u00e9 a la categoria Prebenjam\u00ed, va sorprendre a tots amb un <strong>bronze a la classificaci\u00f3 general Open<\/strong> al seu primer Campionat d&#039;Espanya individual. Amb un esfor\u00e7 constant i una actitud de dedicaci\u00f3 i amor per la gimn\u00e0stica, Nika va aconseguir <strong>pujar al podi<\/strong> en el seu debut a nivell nacional, una fita que parla del gran futur que l&#039;espera.<\/p>\n<figure id=\"attachment_16285\" aria-describedby=\"caption-attachment-16285\" style=\"width: 897px\" class=\"wp-caption alignnone\"><img loading=\"lazy\" decoding=\"async\" class=\"wp-image-16285 size-full\" src=\"https:\/\/media.radiolitoral.com\/wp-content\/uploads\/2025\/04\/16105708\/Zoe-Noriega-con-sus-medallas.jpg\" alt=\"\" width=\"897\" height=\"849\" srcset=\"https:\/\/media.radiolitoral.com\/wp-content\/uploads\/2025\/04\/16105708\/Zoe-Noriega-con-sus-medallas.jpg 897w, https:\/\/media.radiolitoral.com\/wp-content\/uploads\/2025\/04\/16105708\/Zoe-Noriega-con-sus-medallas-300x284.jpg 300w, https:\/\/media.radiolitoral.com\/wp-content\/uploads\/2025\/04\/16105708\/Zoe-Noriega-con-sus-medallas-768x727.jpg 768w, https:\/\/media.radiolitoral.com\/wp-content\/uploads\/2025\/04\/16105708\/Zoe-Noriega-con-sus-medallas-13x12.jpg 13w, https:\/\/media.radiolitoral.com\/wp-content\/uploads\/2025\/04\/16105708\/Zoe-Noriega-con-sus-medallas-100x95.jpg 100w, https:\/\/media.radiolitoral.com\/wp-content\/uploads\/2025\/04\/16105708\/Zoe-Noriega-con-sus-medallas-200x189.jpg 200w\" sizes=\"auto, (max-width: 897px) 100vw, 897px\" \/><figcaption id=\"caption-attachment-16285\" class=\"wp-caption-text\">Zoe Noriega amb les medalles | CG Calp<\/figcaption><\/figure>\n<p>A la categoria <strong>Alev\u00ed<\/strong>, <strong>Zoe Noriega<\/strong> va aconseguir un <strong>impressionant segon lloc<\/strong> tant a la <strong>Classificaci\u00f3 General<\/strong> com a la <strong>Classificaci\u00f3 Open<\/strong>, convertint-se en <strong>doble subcampiona d&#039;Espanya<\/strong>Amb 155 gimnastes participant en la seva categoria, Zoe va mostrar un nivell excel\u00b7lent, destacant entre el millor de la gimn\u00e0stica espanyola.<\/p>\n<p>A la mateixa categoria, <strong>Varvara Kovalenko<\/strong> va finalitzar en una <strong>fant\u00e0stica novena posici\u00f3<\/strong> a la <strong>Classificaci\u00f3 General<\/strong>, quedant-se a tan sols <strong>0,1 punts<\/strong> d&#039;obtenir el diploma nacional. Encara que no va aconseguir medalla, el seu esfor\u00e7 i disciplina van ser evidents, i la seva projecci\u00f3 com a gimnasta continua sent molt prometedora.<\/p>\n<p>Finalment, a la categoria <strong>Juvenil<\/strong>, <strong>Yulia Gavrilova<\/strong> va ocupar la <strong>posici\u00f3 88<\/strong> entre 162 gimnastes despr\u00e9s d&#039;una fallada en l&#039;exercici. Encara que no va aconseguir el resultat esperat, aquesta experi\u00e8ncia us servir\u00e0 per cr\u00e9ixer i enfortir la seva mentalitat en futures competicions.<\/p>\n<p><script src=\"chrome-extension:\/\/flbolonkboilcbnohjlchlfgdalomdpl\/iFrame.js\" type=\"text\/javascript\"><\/script><\/p>","protected":false},"excerpt":{"rendered":"<p>El Club Gimnasia Calpe dej\u00f3 una huella imborrable en el Campeonato de Espa\u00f1a Individual Base 2025, celebrado en Guadalajara, al obtener un impresionante balance de 5 medallas: 2 oros, 2 platas y 1 bronce. Este logro es el reflejo del esfuerzo, la pasi\u00f3n y el trabajo de las gimnastas calpinas, as\u00ed como del excelente trabajo [&#8230;]<\/p>\n<p><a class=\"btn btn-secondary understrap-read-more-link\" href=\"https:\/\/radiolitoral.com\/ca\/2025\/04\/veronika-voloshina-doble-campeona-de-espana\/\">Continua llegint&#8230;<span class=\"screen-reader-text\"> from Veronika Voloshina: Doble Campeona de Espa\u00f1a<\/span><\/a><\/p>\n","protected":false},"author":12,"featured_media":16284,"comment_status":"open","ping_status":"closed","sticky":false,"template":"","format":"standard","meta":{"_acf_changed":false,"inline_featured_image":false,"footnotes":""},"categories":[5],"tags":[4171,1387,1401,3914,4172,3915,3913,1402,3916,1483],"class_list":["post-16283","post","type-post","status-publish","format-standard","has-post-thumbnail","hentry","category-deportes","tag-campeonato-de-espana-individual-base-2025","tag-club-gimnasia-calpe","tag-montse-soria","tag-nika-khurshudian","tag-olga-albulova","tag-varvara-kovalenko","tag-veronika-voloshina","tag-xus-soria","tag-yulia-gavrilova","tag-zoe-noriega","cobertura-calp"],"acf":[],"yoast_head":"<!-- This site is optimized with the Yoast SEO plugin v27.5 - https:\/\/yoast.com\/product\/yoast-seo-wordpress\/ -->\n<title>Veronika Voloshina: Doble Campeona de Espa\u00f1a | R\u00e0dio Litoral<\/title>\n<meta name=\"description\" content=\"El Club Gimnasia Calpe consigui\u00f3 unos excelentes resultados en el Campeonato de Espa\u00f1a Individual Base celebrado en GuadalajaraEl Club Gimnasia Calpe consigui\u00f3 unos excelentes resultados en el Campeonato de Espa\u00f1a Individual Base celebrado en Guadalajara\" \/>\n<meta name=\"robots\" content=\"index, follow, max-snippet:-1, max-image-preview:large, max-video-preview:-1\" \/>\n<link rel=\"canonical\" href=\"https:\/\/radiolitoral.com\/ca\/2025\/04\/veronika-voloshina-doble-campiona-despana\/\" \/>\n<meta property=\"og:locale\" content=\"ca_ES\" \/>\n<meta property=\"og:type\" content=\"article\" \/>\n<meta property=\"og:title\" content=\"Veronika Voloshina: Doble Campeona de Espa\u00f1a | R\u00e0dio Litoral\" \/>\n<meta property=\"og:description\" content=\"El Club Gimnasia Calpe consigui\u00f3 unos excelentes resultados en el Campeonato de Espa\u00f1a Individual Base celebrado en GuadalajaraEl Club Gimnasia Calpe consigui\u00f3 unos excelentes resultados en el Campeonato de Espa\u00f1a Individual Base celebrado en Guadalajara\" \/>\n<meta property=\"og:url\" content=\"https:\/\/radiolitoral.com\/ca\/2025\/04\/veronika-voloshina-doble-campiona-despana\/\" \/>\n<meta property=\"og:site_name\" content=\"R\u00e0dio Litoral\" \/>\n<meta property=\"article:publisher\" content=\"https:\/\/www.facebook.com\/Laradiolitoral\/\" \/>\n<meta property=\"article:published_time\" content=\"2025-04-16T08:57:52+00:00\" \/>\n<meta property=\"og:image\" content=\"https:\/\/media.radiolitoral.com\/wp-content\/uploads\/2025\/04\/16105514\/Veronika-Voloshina-con-su-diploma.jpg\" \/>\n\t<meta property=\"og:image:width\" content=\"900\" \/>\n\t<meta property=\"og:image:height\" content=\"660\" \/>\n\t<meta property=\"og:image:type\" content=\"image\/jpeg\" \/>\n<meta name=\"author\" content=\"Javier Zamora\" \/>\n<meta name=\"twitter:card\" content=\"summary_large_image\" \/>\n<meta name=\"twitter:label1\" content=\"Escrit per\" \/>\n\t<meta name=\"twitter:data1\" content=\"Javier Zamora\" \/>\n\t<meta name=\"twitter:label2\" content=\"Temps estimat de lectura\" \/>\n\t<meta name=\"twitter:data2\" content=\"3 minuts\" \/>\n<script type=\"application\/ld+json\" class=\"yoast-schema-graph\">{\"@context\":\"https:\\\/\\\/schema.org\",\"@graph\":[{\"@type\":\"NewsArticle\",\"@id\":\"https:\\\/\\\/radiolitoral.com\\\/2025\\\/04\\\/veronika-voloshina-doble-campeona-de-espana\\\/#article\",\"isPartOf\":{\"@id\":\"https:\\\/\\\/radiolitoral.com\\\/2025\\\/04\\\/veronika-voloshina-doble-campeona-de-espana\\\/\"},\"author\":{\"name\":\"Javier Zamora\",\"@id\":\"https:\\\/\\\/radiolitoral.com\\\/#\\\/schema\\\/person\\\/7b1480b5caeb5acdd4ec6379caf62b22\"},\"headline\":\"Veronika Voloshina: Doble Campeona de Espa\u00f1a\",\"datePublished\":\"2025-04-16T08:57:52+00:00\",\"mainEntityOfPage\":{\"@id\":\"https:\\\/\\\/radiolitoral.com\\\/2025\\\/04\\\/veronika-voloshina-doble-campeona-de-espana\\\/\"},\"wordCount\":379,\"commentCount\":0,\"publisher\":{\"@id\":\"https:\\\/\\\/radiolitoral.com\\\/#organization\"},\"image\":{\"@id\":\"https:\\\/\\\/radiolitoral.com\\\/2025\\\/04\\\/veronika-voloshina-doble-campeona-de-espana\\\/#primaryimage\"},\"thumbnailUrl\":\"https:\\\/\\\/media.radiolitoral.com\\\/wp-content\\\/uploads\\\/2025\\\/04\\\/16105514\\\/Veronika-Voloshina-con-su-diploma.jpg\",\"keywords\":[\"Campeonato de Espa\u00f1a Individual Base 2025\",\"Club Gimnasia Calpe\",\"Montse Soria\",\"Nika Khurshudian\",\"Olga Albulova\",\"Varvara Kovalenko\",\"Veronika Voloshina\",\"Xus Soria\",\"Yulia Gavrilova\",\"Zoe Noriega\"],\"articleSection\":[\"Deportes\"],\"inLanguage\":\"ca\",\"potentialAction\":[{\"@type\":\"CommentAction\",\"name\":\"Comment\",\"target\":[\"https:\\\/\\\/radiolitoral.com\\\/2025\\\/04\\\/veronika-voloshina-doble-campeona-de-espana\\\/#respond\"]}]},{\"@type\":[\"WebPage\",\"ItemPage\"],\"@id\":\"https:\\\/\\\/radiolitoral.com\\\/2025\\\/04\\\/veronika-voloshina-doble-campeona-de-espana\\\/\",\"url\":\"https:\\\/\\\/radiolitoral.com\\\/2025\\\/04\\\/veronika-voloshina-doble-campeona-de-espana\\\/\",\"name\":\"Veronika Voloshina: Doble Campeona de Espa\u00f1a | R\u00e0dio Litoral\",\"isPartOf\":{\"@id\":\"https:\\\/\\\/radiolitoral.com\\\/#website\"},\"primaryImageOfPage\":{\"@id\":\"https:\\\/\\\/radiolitoral.com\\\/2025\\\/04\\\/veronika-voloshina-doble-campeona-de-espana\\\/#primaryimage\"},\"image\":{\"@id\":\"https:\\\/\\\/radiolitoral.com\\\/2025\\\/04\\\/veronika-voloshina-doble-campeona-de-espana\\\/#primaryimage\"},\"thumbnailUrl\":\"https:\\\/\\\/media.radiolitoral.com\\\/wp-content\\\/uploads\\\/2025\\\/04\\\/16105514\\\/Veronika-Voloshina-con-su-diploma.jpg\",\"datePublished\":\"2025-04-16T08:57:52+00:00\",\"description\":\"El Club Gimnasia Calpe consigui\u00f3 unos excelentes resultados en el Campeonato de Espa\u00f1a Individual Base celebrado en GuadalajaraEl Club Gimnasia Calpe consigui\u00f3 unos excelentes resultados en el Campeonato de Espa\u00f1a Individual Base celebrado en Guadalajara\",\"breadcrumb\":{\"@id\":\"https:\\\/\\\/radiolitoral.com\\\/2025\\\/04\\\/veronika-voloshina-doble-campeona-de-espana\\\/#breadcrumb\"},\"inLanguage\":\"ca\",\"potentialAction\":[{\"@type\":\"ReadAction\",\"target\":[\"https:\\\/\\\/radiolitoral.com\\\/2025\\\/04\\\/veronika-voloshina-doble-campeona-de-espana\\\/\"]}]},{\"@type\":\"ImageObject\",\"inLanguage\":\"ca\",\"@id\":\"https:\\\/\\\/radiolitoral.com\\\/2025\\\/04\\\/veronika-voloshina-doble-campeona-de-espana\\\/#primaryimage\",\"url\":\"https:\\\/\\\/media.radiolitoral.com\\\/wp-content\\\/uploads\\\/2025\\\/04\\\/16105514\\\/Veronika-Voloshina-con-su-diploma.jpg\",\"contentUrl\":\"https:\\\/\\\/media.radiolitoral.com\\\/wp-content\\\/uploads\\\/2025\\\/04\\\/16105514\\\/Veronika-Voloshina-con-su-diploma.jpg\",\"width\":900,\"height\":660},{\"@type\":\"BreadcrumbList\",\"@id\":\"https:\\\/\\\/radiolitoral.com\\\/2025\\\/04\\\/veronika-voloshina-doble-campeona-de-espana\\\/#breadcrumb\",\"itemListElement\":[{\"@type\":\"ListItem\",\"position\":1,\"name\":\"Portada\",\"item\":\"https:\\\/\\\/radiolitoral.com\\\/\"},{\"@type\":\"ListItem\",\"position\":2,\"name\":\"Veronika Voloshina: Doble Campeona de Espa\u00f1a\"}]},{\"@type\":\"WebSite\",\"@id\":\"https:\\\/\\\/radiolitoral.com\\\/#website\",\"url\":\"https:\\\/\\\/radiolitoral.com\\\/\",\"name\":\"Radio Litoral\",\"description\":\"La radio local de la Marina Alta\",\"publisher\":{\"@id\":\"https:\\\/\\\/radiolitoral.com\\\/#organization\"},\"alternateName\":\"Litoral FM\",\"potentialAction\":[{\"@type\":\"SearchAction\",\"target\":{\"@type\":\"EntryPoint\",\"urlTemplate\":\"https:\\\/\\\/radiolitoral.com\\\/?s={search_term_string}\"},\"query-input\":{\"@type\":\"PropertyValueSpecification\",\"valueRequired\":true,\"valueName\":\"search_term_string\"}}],\"inLanguage\":\"ca\"},{\"@type\":\"Organization\",\"@id\":\"https:\\\/\\\/radiolitoral.com\\\/#organization\",\"name\":\"Radio Litoral\",\"url\":\"https:\\\/\\\/radiolitoral.com\\\/\",\"logo\":{\"@type\":\"ImageObject\",\"inLanguage\":\"ca\",\"@id\":\"https:\\\/\\\/radiolitoral.com\\\/#\\\/schema\\\/logo\\\/image\\\/\",\"url\":\"https:\\\/\\\/media.radiolitoral.com\\\/wp-content\\\/uploads\\\/2023\\\/02\\\/24143238\\\/CL-V-RadioLitoral696.png\",\"contentUrl\":\"https:\\\/\\\/media.radiolitoral.com\\\/wp-content\\\/uploads\\\/2023\\\/02\\\/24143238\\\/CL-V-RadioLitoral696.png\",\"width\":696,\"height\":696,\"caption\":\"Radio Litoral\"},\"image\":{\"@id\":\"https:\\\/\\\/radiolitoral.com\\\/#\\\/schema\\\/logo\\\/image\\\/\"},\"sameAs\":[\"https:\\\/\\\/www.facebook.com\\\/Laradiolitoral\\\/\"]},{\"@type\":\"Person\",\"@id\":\"https:\\\/\\\/radiolitoral.com\\\/#\\\/schema\\\/person\\\/7b1480b5caeb5acdd4ec6379caf62b22\",\"name\":\"Javier Zamora\",\"image\":{\"@type\":\"ImageObject\",\"inLanguage\":\"ca\",\"@id\":\"https:\\\/\\\/secure.gravatar.com\\\/avatar\\\/467a11f6918c7d619c4043fc6fa2d3853053107973f05b6e9c04ea6c4e3a7b3f?s=96&d=mm&r=g\",\"url\":\"https:\\\/\\\/secure.gravatar.com\\\/avatar\\\/467a11f6918c7d619c4043fc6fa2d3853053107973f05b6e9c04ea6c4e3a7b3f?s=96&d=mm&r=g\",\"contentUrl\":\"https:\\\/\\\/secure.gravatar.com\\\/avatar\\\/467a11f6918c7d619c4043fc6fa2d3853053107973f05b6e9c04ea6c4e3a7b3f?s=96&d=mm&r=g\",\"caption\":\"Javier Zamora\"},\"url\":\"https:\\\/\\\/radiolitoral.com\\\/ca\\\/author\\\/javier-zamora\\\/\"}]}<\/script>\n<!-- \/ Yoast SEO plugin. -->","yoast_head_json":{"title":"Veronika Voloshina: Doble Campiona d\u00b4Espanya | R\u00e0dio Litoral","description":"El Club Gimn\u00e0stica Calp va aconseguir uns excel\u00b7lents resultats al Campionat d&#039;Espanya Individual Base celebrat a GuadalajaraEl Club Gimn\u00e0stica Calp va aconseguir uns excel\u00b7lents resultats al Campionat d&#039;Espanya Individual Base celebrat a Guadalajara","robots":{"index":"index","follow":"follow","max-snippet":"max-snippet:-1","max-image-preview":"max-image-preview:large","max-video-preview":"max-video-preview:-1"},"canonical":"https:\/\/radiolitoral.com\/ca\/2025\/04\/veronika-voloshina-doble-campiona-despana\/","og_locale":"ca_ES","og_type":"article","og_title":"Veronika Voloshina: Doble Campeona de Espa\u00f1a | R\u00e0dio Litoral","og_description":"El Club Gimnasia Calpe consigui\u00f3 unos excelentes resultados en el Campeonato de Espa\u00f1a Individual Base celebrado en GuadalajaraEl Club Gimnasia Calpe consigui\u00f3 unos excelentes resultados en el Campeonato de Espa\u00f1a Individual Base celebrado en Guadalajara","og_url":"https:\/\/radiolitoral.com\/ca\/2025\/04\/veronika-voloshina-doble-campiona-despana\/","og_site_name":"R\u00e0dio Litoral","article_publisher":"https:\/\/www.facebook.com\/Laradiolitoral\/","article_published_time":"2025-04-16T08:57:52+00:00","og_image":[{"width":900,"height":660,"url":"https:\/\/media.radiolitoral.com\/wp-content\/uploads\/2025\/04\/16105514\/Veronika-Voloshina-con-su-diploma.jpg","type":"image\/jpeg"}],"author":"Javier Zamora","twitter_card":"summary_large_image","twitter_misc":{"Escrit per":"Javier Zamora","Temps estimat de lectura":"3 minuts"},"schema":{"@context":"https:\/\/schema.org","@graph":[{"@type":"NewsArticle","@id":"https:\/\/radiolitoral.com\/2025\/04\/veronika-voloshina-doble-campeona-de-espana\/#article","isPartOf":{"@id":"https:\/\/radiolitoral.com\/2025\/04\/veronika-voloshina-doble-campeona-de-espana\/"},"author":{"name":"Javier Zamora","@id":"https:\/\/radiolitoral.com\/#\/schema\/person\/7b1480b5caeb5acdd4ec6379caf62b22"},"headline":"Veronika Voloshina: Doble Campeona de Espa\u00f1a","datePublished":"2025-04-16T08:57:52+00:00","mainEntityOfPage":{"@id":"https:\/\/radiolitoral.com\/2025\/04\/veronika-voloshina-doble-campeona-de-espana\/"},"wordCount":379,"commentCount":0,"publisher":{"@id":"https:\/\/radiolitoral.com\/#organization"},"image":{"@id":"https:\/\/radiolitoral.com\/2025\/04\/veronika-voloshina-doble-campeona-de-espana\/#primaryimage"},"thumbnailUrl":"https:\/\/media.radiolitoral.com\/wp-content\/uploads\/2025\/04\/16105514\/Veronika-Voloshina-con-su-diploma.jpg","keywords":["Campeonato de Espa\u00f1a Individual Base 2025","Club Gimnasia Calpe","Montse Soria","Nika Khurshudian","Olga Albulova","Varvara Kovalenko","Veronika Voloshina","Xus Soria","Yulia Gavrilova","Zoe Noriega"],"articleSection":["Deportes"],"inLanguage":"ca","potentialAction":[{"@type":"CommentAction","name":"Comment","target":["https:\/\/radiolitoral.com\/2025\/04\/veronika-voloshina-doble-campeona-de-espana\/#respond"]}]},{"@type":["WebPage","ItemPage"],"@id":"https:\/\/radiolitoral.com\/2025\/04\/veronika-voloshina-doble-campeona-de-espana\/","url":"https:\/\/radiolitoral.com\/2025\/04\/veronika-voloshina-doble-campeona-de-espana\/","name":"Veronika Voloshina: Doble Campiona d\u00b4Espanya | R\u00e0dio Litoral","isPartOf":{"@id":"https:\/\/radiolitoral.com\/#website"},"primaryImageOfPage":{"@id":"https:\/\/radiolitoral.com\/2025\/04\/veronika-voloshina-doble-campeona-de-espana\/#primaryimage"},"image":{"@id":"https:\/\/radiolitoral.com\/2025\/04\/veronika-voloshina-doble-campeona-de-espana\/#primaryimage"},"thumbnailUrl":"https:\/\/media.radiolitoral.com\/wp-content\/uploads\/2025\/04\/16105514\/Veronika-Voloshina-con-su-diploma.jpg","datePublished":"2025-04-16T08:57:52+00:00","description":"El Club Gimn\u00e0stica Calp va aconseguir uns excel\u00b7lents resultats al Campionat d&#039;Espanya Individual Base celebrat a GuadalajaraEl Club Gimn\u00e0stica Calp va aconseguir uns excel\u00b7lents resultats al Campionat d&#039;Espanya Individual Base celebrat a Guadalajara","breadcrumb":{"@id":"https:\/\/radiolitoral.com\/2025\/04\/veronika-voloshina-doble-campeona-de-espana\/#breadcrumb"},"inLanguage":"ca","potentialAction":[{"@type":"ReadAction","target":["https:\/\/radiolitoral.com\/2025\/04\/veronika-voloshina-doble-campeona-de-espana\/"]}]},{"@type":"ImageObject","inLanguage":"ca","@id":"https:\/\/radiolitoral.com\/2025\/04\/veronika-voloshina-doble-campeona-de-espana\/#primaryimage","url":"https:\/\/media.radiolitoral.com\/wp-content\/uploads\/2025\/04\/16105514\/Veronika-Voloshina-con-su-diploma.jpg","contentUrl":"https:\/\/media.radiolitoral.com\/wp-content\/uploads\/2025\/04\/16105514\/Veronika-Voloshina-con-su-diploma.jpg","width":900,"height":660},{"@type":"BreadcrumbList","@id":"https:\/\/radiolitoral.com\/2025\/04\/veronika-voloshina-doble-campeona-de-espana\/#breadcrumb","itemListElement":[{"@type":"ListItem","position":1,"name":"Portada","item":"https:\/\/radiolitoral.com\/"},{"@type":"ListItem","position":2,"name":"Veronika Voloshina: Doble Campeona de Espa\u00f1a"}]},{"@type":"WebSite","@id":"https:\/\/radiolitoral.com\/#website","url":"https:\/\/radiolitoral.com\/","name":"R\u00e0dio Litoral","description":"La r\u00e0dio local de la Marina Alta","publisher":{"@id":"https:\/\/radiolitoral.com\/#organization"},"alternateName":"Litoral FM","potentialAction":[{"@type":"SearchAction","target":{"@type":"EntryPoint","urlTemplate":"https:\/\/radiolitoral.com\/?s={search_term_string}"},"query-input":{"@type":"PropertyValueSpecification","valueRequired":true,"valueName":"search_term_string"}}],"inLanguage":"ca"},{"@type":"Organization","@id":"https:\/\/radiolitoral.com\/#organization","name":"R\u00e0dio Litoral","url":"https:\/\/radiolitoral.com\/","logo":{"@type":"ImageObject","inLanguage":"ca","@id":"https:\/\/radiolitoral.com\/#\/schema\/logo\/image\/","url":"https:\/\/media.radiolitoral.com\/wp-content\/uploads\/2023\/02\/24143238\/CL-V-RadioLitoral696.png","contentUrl":"https:\/\/media.radiolitoral.com\/wp-content\/uploads\/2023\/02\/24143238\/CL-V-RadioLitoral696.png","width":696,"height":696,"caption":"Radio Litoral"},"image":{"@id":"https:\/\/radiolitoral.com\/#\/schema\/logo\/image\/"},"sameAs":["https:\/\/www.facebook.com\/Laradiolitoral\/"]},{"@type":"Person","@id":"https:\/\/radiolitoral.com\/#\/schema\/person\/7b1480b5caeb5acdd4ec6379caf62b22","name":"Javier Zamora","image":{"@type":"ImageObject","inLanguage":"ca","@id":"https:\/\/secure.gravatar.com\/avatar\/467a11f6918c7d619c4043fc6fa2d3853053107973f05b6e9c04ea6c4e3a7b3f?s=96&d=mm&r=g","url":"https:\/\/secure.gravatar.com\/avatar\/467a11f6918c7d619c4043fc6fa2d3853053107973f05b6e9c04ea6c4e3a7b3f?s=96&d=mm&r=g","contentUrl":"https:\/\/secure.gravatar.com\/avatar\/467a11f6918c7d619c4043fc6fa2d3853053107973f05b6e9c04ea6c4e3a7b3f?s=96&d=mm&r=g","caption":"Javier Zamora"},"url":"https:\/\/radiolitoral.com\/ca\/author\/javier-zamora\/"}]}},"_links":{"self":[{"href":"https:\/\/radiolitoral.com\/ca\/wp-json\/wp\/v2\/posts\/16283","targetHints":{"allow":["GET"]}}],"collection":[{"href":"https:\/\/radiolitoral.com\/ca\/wp-json\/wp\/v2\/posts"}],"about":[{"href":"https:\/\/radiolitoral.com\/ca\/wp-json\/wp\/v2\/types\/post"}],"author":[{"embeddable":true,"href":"https:\/\/radiolitoral.com\/ca\/wp-json\/wp\/v2\/users\/12"}],"replies":[{"embeddable":true,"href":"https:\/\/radiolitoral.com\/ca\/wp-json\/wp\/v2\/comments?post=16283"}],"version-history":[{"count":1,"href":"https:\/\/radiolitoral.com\/ca\/wp-json\/wp\/v2\/posts\/16283\/revisions"}],"predecessor-version":[{"id":16286,"href":"https:\/\/radiolitoral.com\/ca\/wp-json\/wp\/v2\/posts\/16283\/revisions\/16286"}],"wp:featuredmedia":[{"embeddable":true,"href":"https:\/\/radiolitoral.com\/ca\/wp-json\/wp\/v2\/media\/16284"}],"wp:attachment":[{"href":"https:\/\/radiolitoral.com\/ca\/wp-json\/wp\/v2\/media?parent=16283"}],"wp:term":[{"taxonomy":"category","embeddable":true,"href":"https:\/\/radiolitoral.com\/ca\/wp-json\/wp\/v2\/categories?post=16283"},{"taxonomy":"post_tag","embeddable":true,"href":"https:\/\/radiolitoral.com\/ca\/wp-json\/wp\/v2\/tags?post=16283"}],"curies":[{"name":"wp","href":"https:\/\/api.w.org\/{rel}","templated":true}]}}