{"id":1628,"date":"2023-03-24T15:56:02","date_gmt":"2023-03-24T14:56:02","guid":{"rendered":"https:\/\/radiolitoral.com\/?p=1628"},"modified":"2023-03-24T15:56:26","modified_gmt":"2023-03-24T14:56:26","slug":"mes-benitatxell-anuncies-el-seu-candidat-en-un-acte-que-coincideix-amb-la-inauguracio-de-la-seva-seu","status":"publish","type":"post","link":"https:\/\/radiolitoral.com\/ca\/2023\/03\/mes-benitatxell-anunciara-a-su-candidato-en-un-acto-que-coincide-con-la-inauguracion-de-su-sede\/","title":{"rendered":"M\u00e9s Benitatxell anunciar\u00e0 el candidat en un acte que coincideix amb la inauguraci\u00f3 de la seva seu"},"content":{"rendered":"<p>Dem\u00e0 dissabte, la formaci\u00f3 <strong>M\u00e9s Benitatxell<\/strong> anunciar\u00e0 el candidat a l&#039;alcaldia en un acte que es fa coincidir amb la inauguraci\u00f3 de la seva seu. Apuntar que M\u00e9s Benitatxell \u00e9s el partit que governa actualment al Poble Nou. La cita \u00e9s a les <strong>12 del migdia a l&#039;Avendia d&#039;Alacant n\u00fam. 50<\/strong>.<\/p>\n<p>Des de M\u00e9s Benitatxell s&#039;ha comunicat que es tracta d&#039;un \u201cacte senzill, on poder compartir una estona agradable de converses amb amics i ve\u00efns de la localitat i <strong>posar en valor el grup de persones que formen l&#039;equip<\/strong> de M\u00e9s Benitatxell. Un grup consolidat des de fa anys, que s&#039;ha mantingut unit i que demostra que M\u00e9s Benitatxell t\u00e9 un projecte clar de municipi i que, per tant, s\u00f3n presents per\u00f2 tamb\u00e9 futurs per a la pol\u00edtica del Poble Nou de Benitatxell.<\/p>\n<p>Des de M\u00e9s Benitatxell, a m\u00e9s, <strong>conviden tots els ve\u00efns<\/strong> i ve\u00efnes de Benitatxell a assistir-hi <strong>a la inauguraci\u00f3 de la seu<\/strong> on donaran a con\u00e8ixer de forma oficial el candidat\/aa l&#039;alcaldia de Bentiatxell de cara a les eleccions de Maig aix\u00ed com a sumar-se al projecte municipalista de M\u00e9s Benitatxell.<\/p>\n<p>&nbsp;<\/p>","protected":false},"excerpt":{"rendered":"<p>Ma\u00f1ana s\u00e1bado, la formaci\u00f3n M\u00e9s Benitatxell anunciar\u00e1 a su candidato a la alcald\u00eda en un acto que se hace coincidir con la inauguraci\u00f3n de su sede. Apuntar que M\u00e9s Benitatxell es el partido que gobierna actualmente en El Poble Nou. La cita es a las 12 del mediod\u00eda en la Avendia de Alicante n.\u00ba 50. [&#8230;]<\/p>\n<p><a class=\"btn btn-secondary understrap-read-more-link\" href=\"https:\/\/radiolitoral.com\/ca\/2023\/03\/mes-benitatxell-anunciara-a-su-candidato-en-un-acto-que-coincide-con-la-inauguracion-de-su-sede\/\">Continua llegint&#8230;<span class=\"screen-reader-text\"> from M\u00e9s Benitatxell anunciar\u00e1 a su candidato en un acto que coincide con la inauguraci\u00f3n de su sede<\/span><\/a><\/p>\n","protected":false},"author":21,"featured_media":1629,"comment_status":"open","ping_status":"closed","sticky":false,"template":"","format":"standard","meta":{"_acf_changed":false,"inline_featured_image":false,"footnotes":""},"categories":[13],"tags":[116,161,324],"class_list":["post-1628","post","type-post","status-publish","format-standard","has-post-thumbnail","hentry","category-politica","tag-benitaxell","tag-elecciones-2023","tag-mes-benitatxell","cobertura-poble-nou-de-benitatxell"],"acf":[],"yoast_head":"<!-- This site is optimized with the Yoast SEO plugin v27.5 - https:\/\/yoast.com\/product\/yoast-seo-wordpress\/ -->\n<title>M\u00e9s Benitatxell anunciar\u00e1 a su candidato en un acto que coincide con la inauguraci\u00f3n de su sede | R\u00e0dio Litoral<\/title>\n<meta name=\"description\" content=\"Ser\u00e1 ma\u00f1ana s\u00e1bado al mediod\u00eda\" \/>\n<meta name=\"robots\" content=\"index, follow, max-snippet:-1, max-image-preview:large, max-video-preview:-1\" \/>\n<link rel=\"canonical\" href=\"https:\/\/radiolitoral.com\/ca\/2023\/03\/mes-benitatxell-anuncies-el-seu-candidat-en-un-acte-que-coincideix-amb-la-inauguracio-de-la-seva-seu\/\" \/>\n<meta property=\"og:locale\" content=\"ca_ES\" \/>\n<meta property=\"og:type\" content=\"article\" \/>\n<meta property=\"og:title\" content=\"M\u00e9s Benitatxell anunciar\u00e1 a su candidato en un acto que coincide con la inauguraci\u00f3n de su sede | R\u00e0dio Litoral\" \/>\n<meta property=\"og:description\" content=\"Ser\u00e1 ma\u00f1ana s\u00e1bado al mediod\u00eda\" \/>\n<meta property=\"og:url\" content=\"https:\/\/radiolitoral.com\/ca\/2023\/03\/mes-benitatxell-anuncies-el-seu-candidat-en-un-acte-que-coincideix-amb-la-inauguracio-de-la-seva-seu\/\" \/>\n<meta property=\"og:site_name\" content=\"R\u00e0dio Litoral\" \/>\n<meta property=\"article:publisher\" content=\"https:\/\/www.facebook.com\/Laradiolitoral\/\" \/>\n<meta property=\"article:published_time\" content=\"2023-03-24T14:56:02+00:00\" \/>\n<meta property=\"article:modified_time\" content=\"2023-03-24T14:56:26+00:00\" \/>\n<meta property=\"og:image\" content=\"https:\/\/media.radiolitoral.com\/wp-content\/uploads\/2023\/03\/24155300\/271707115_288999386596707_2584133160347640212_n.jpg\" \/>\n\t<meta property=\"og:image:width\" content=\"960\" \/>\n\t<meta property=\"og:image:height\" content=\"483\" \/>\n\t<meta property=\"og:image:type\" content=\"image\/jpeg\" \/>\n<meta name=\"author\" content=\"Mel Pescuezo\" \/>\n<meta name=\"twitter:card\" content=\"summary_large_image\" \/>\n<meta name=\"twitter:label1\" content=\"Escrit per\" \/>\n\t<meta name=\"twitter:data1\" content=\"Mel Pescuezo\" \/>\n\t<meta name=\"twitter:label2\" content=\"Temps estimat de lectura\" \/>\n\t<meta name=\"twitter:data2\" content=\"1 minut\" \/>\n<script type=\"application\/ld+json\" class=\"yoast-schema-graph\">{\"@context\":\"https:\\\/\\\/schema.org\",\"@graph\":[{\"@type\":\"NewsArticle\",\"@id\":\"https:\\\/\\\/radiolitoral.com\\\/2023\\\/03\\\/mes-benitatxell-anunciara-a-su-candidato-en-un-acto-que-coincide-con-la-inauguracion-de-su-sede\\\/#article\",\"isPartOf\":{\"@id\":\"https:\\\/\\\/radiolitoral.com\\\/2023\\\/03\\\/mes-benitatxell-anunciara-a-su-candidato-en-un-acto-que-coincide-con-la-inauguracion-de-su-sede\\\/\"},\"author\":{\"name\":\"Mel Pescuezo\",\"@id\":\"https:\\\/\\\/radiolitoral.com\\\/#\\\/schema\\\/person\\\/aad4f72efa404f85b68e832d24cac059\"},\"headline\":\"M\u00e9s Benitatxell anunciar\u00e1 a su candidato en un acto que coincide con la inauguraci\u00f3n de su sede\",\"datePublished\":\"2023-03-24T14:56:02+00:00\",\"dateModified\":\"2023-03-24T14:56:26+00:00\",\"mainEntityOfPage\":{\"@id\":\"https:\\\/\\\/radiolitoral.com\\\/2023\\\/03\\\/mes-benitatxell-anunciara-a-su-candidato-en-un-acto-que-coincide-con-la-inauguracion-de-su-sede\\\/\"},\"wordCount\":230,\"commentCount\":0,\"publisher\":{\"@id\":\"https:\\\/\\\/radiolitoral.com\\\/#organization\"},\"image\":{\"@id\":\"https:\\\/\\\/radiolitoral.com\\\/2023\\\/03\\\/mes-benitatxell-anunciara-a-su-candidato-en-un-acto-que-coincide-con-la-inauguracion-de-su-sede\\\/#primaryimage\"},\"thumbnailUrl\":\"https:\\\/\\\/media.radiolitoral.com\\\/wp-content\\\/uploads\\\/2023\\\/03\\\/24155300\\\/271707115_288999386596707_2584133160347640212_n.jpg\",\"keywords\":[\"Benitaxell\",\"elecciones 2023\",\"M\u00e9s Benitatxell\"],\"articleSection\":[\"Pol\u00edtica\"],\"inLanguage\":\"ca\",\"potentialAction\":[{\"@type\":\"CommentAction\",\"name\":\"Comment\",\"target\":[\"https:\\\/\\\/radiolitoral.com\\\/2023\\\/03\\\/mes-benitatxell-anunciara-a-su-candidato-en-un-acto-que-coincide-con-la-inauguracion-de-su-sede\\\/#respond\"]}]},{\"@type\":[\"WebPage\",\"ItemPage\"],\"@id\":\"https:\\\/\\\/radiolitoral.com\\\/2023\\\/03\\\/mes-benitatxell-anunciara-a-su-candidato-en-un-acto-que-coincide-con-la-inauguracion-de-su-sede\\\/\",\"url\":\"https:\\\/\\\/radiolitoral.com\\\/2023\\\/03\\\/mes-benitatxell-anunciara-a-su-candidato-en-un-acto-que-coincide-con-la-inauguracion-de-su-sede\\\/\",\"name\":\"M\u00e9s Benitatxell anunciar\u00e1 a su candidato en un acto que coincide con la inauguraci\u00f3n de su sede | R\u00e0dio Litoral\",\"isPartOf\":{\"@id\":\"https:\\\/\\\/radiolitoral.com\\\/#website\"},\"primaryImageOfPage\":{\"@id\":\"https:\\\/\\\/radiolitoral.com\\\/2023\\\/03\\\/mes-benitatxell-anunciara-a-su-candidato-en-un-acto-que-coincide-con-la-inauguracion-de-su-sede\\\/#primaryimage\"},\"image\":{\"@id\":\"https:\\\/\\\/radiolitoral.com\\\/2023\\\/03\\\/mes-benitatxell-anunciara-a-su-candidato-en-un-acto-que-coincide-con-la-inauguracion-de-su-sede\\\/#primaryimage\"},\"thumbnailUrl\":\"https:\\\/\\\/media.radiolitoral.com\\\/wp-content\\\/uploads\\\/2023\\\/03\\\/24155300\\\/271707115_288999386596707_2584133160347640212_n.jpg\",\"datePublished\":\"2023-03-24T14:56:02+00:00\",\"dateModified\":\"2023-03-24T14:56:26+00:00\",\"description\":\"Ser\u00e1 ma\u00f1ana s\u00e1bado al mediod\u00eda\",\"breadcrumb\":{\"@id\":\"https:\\\/\\\/radiolitoral.com\\\/2023\\\/03\\\/mes-benitatxell-anunciara-a-su-candidato-en-un-acto-que-coincide-con-la-inauguracion-de-su-sede\\\/#breadcrumb\"},\"inLanguage\":\"ca\",\"potentialAction\":[{\"@type\":\"ReadAction\",\"target\":[\"https:\\\/\\\/radiolitoral.com\\\/2023\\\/03\\\/mes-benitatxell-anunciara-a-su-candidato-en-un-acto-que-coincide-con-la-inauguracion-de-su-sede\\\/\"]}]},{\"@type\":\"ImageObject\",\"inLanguage\":\"ca\",\"@id\":\"https:\\\/\\\/radiolitoral.com\\\/2023\\\/03\\\/mes-benitatxell-anunciara-a-su-candidato-en-un-acto-que-coincide-con-la-inauguracion-de-su-sede\\\/#primaryimage\",\"url\":\"https:\\\/\\\/media.radiolitoral.com\\\/wp-content\\\/uploads\\\/2023\\\/03\\\/24155300\\\/271707115_288999386596707_2584133160347640212_n.jpg\",\"contentUrl\":\"https:\\\/\\\/media.radiolitoral.com\\\/wp-content\\\/uploads\\\/2023\\\/03\\\/24155300\\\/271707115_288999386596707_2584133160347640212_n.jpg\",\"width\":960,\"height\":483},{\"@type\":\"BreadcrumbList\",\"@id\":\"https:\\\/\\\/radiolitoral.com\\\/2023\\\/03\\\/mes-benitatxell-anunciara-a-su-candidato-en-un-acto-que-coincide-con-la-inauguracion-de-su-sede\\\/#breadcrumb\",\"itemListElement\":[{\"@type\":\"ListItem\",\"position\":1,\"name\":\"Portada\",\"item\":\"https:\\\/\\\/radiolitoral.com\\\/\"},{\"@type\":\"ListItem\",\"position\":2,\"name\":\"M\u00e9s Benitatxell anunciar\u00e1 a su candidato en un acto que coincide con la inauguraci\u00f3n de su sede\"}]},{\"@type\":\"WebSite\",\"@id\":\"https:\\\/\\\/radiolitoral.com\\\/#website\",\"url\":\"https:\\\/\\\/radiolitoral.com\\\/\",\"name\":\"Radio Litoral\",\"description\":\"La radio local de la Marina Alta\",\"publisher\":{\"@id\":\"https:\\\/\\\/radiolitoral.com\\\/#organization\"},\"alternateName\":\"Litoral FM\",\"potentialAction\":[{\"@type\":\"SearchAction\",\"target\":{\"@type\":\"EntryPoint\",\"urlTemplate\":\"https:\\\/\\\/radiolitoral.com\\\/?s={search_term_string}\"},\"query-input\":{\"@type\":\"PropertyValueSpecification\",\"valueRequired\":true,\"valueName\":\"search_term_string\"}}],\"inLanguage\":\"ca\"},{\"@type\":\"Organization\",\"@id\":\"https:\\\/\\\/radiolitoral.com\\\/#organization\",\"name\":\"Radio Litoral\",\"url\":\"https:\\\/\\\/radiolitoral.com\\\/\",\"logo\":{\"@type\":\"ImageObject\",\"inLanguage\":\"ca\",\"@id\":\"https:\\\/\\\/radiolitoral.com\\\/#\\\/schema\\\/logo\\\/image\\\/\",\"url\":\"https:\\\/\\\/media.radiolitoral.com\\\/wp-content\\\/uploads\\\/2023\\\/02\\\/24143238\\\/CL-V-RadioLitoral696.png\",\"contentUrl\":\"https:\\\/\\\/media.radiolitoral.com\\\/wp-content\\\/uploads\\\/2023\\\/02\\\/24143238\\\/CL-V-RadioLitoral696.png\",\"width\":696,\"height\":696,\"caption\":\"Radio Litoral\"},\"image\":{\"@id\":\"https:\\\/\\\/radiolitoral.com\\\/#\\\/schema\\\/logo\\\/image\\\/\"},\"sameAs\":[\"https:\\\/\\\/www.facebook.com\\\/Laradiolitoral\\\/\"]},{\"@type\":\"Person\",\"@id\":\"https:\\\/\\\/radiolitoral.com\\\/#\\\/schema\\\/person\\\/aad4f72efa404f85b68e832d24cac059\",\"name\":\"Mel Pescuezo\",\"image\":{\"@type\":\"ImageObject\",\"inLanguage\":\"ca\",\"@id\":\"https:\\\/\\\/secure.gravatar.com\\\/avatar\\\/993975ae489c70cb0dd9bfa9413a082f0bd276582dac13661af7b33f161e7eea?s=96&d=mm&r=g\",\"url\":\"https:\\\/\\\/secure.gravatar.com\\\/avatar\\\/993975ae489c70cb0dd9bfa9413a082f0bd276582dac13661af7b33f161e7eea?s=96&d=mm&r=g\",\"contentUrl\":\"https:\\\/\\\/secure.gravatar.com\\\/avatar\\\/993975ae489c70cb0dd9bfa9413a082f0bd276582dac13661af7b33f161e7eea?s=96&d=mm&r=g\",\"caption\":\"Mel Pescuezo\"},\"url\":\"https:\\\/\\\/radiolitoral.com\\\/ca\\\/author\\\/serviciospararadios\\\/\"}]}<\/script>\n<!-- \/ Yoast SEO plugin. -->","yoast_head_json":{"title":"M\u00e9s Benitatxell anunciar\u00e0 el candidat en un acte que coincideix amb la inauguraci\u00f3 de la seva seu | R\u00e0dio Litoral","description":"Ser\u00e0 dem\u00e0 dissabte al migdia","robots":{"index":"index","follow":"follow","max-snippet":"max-snippet:-1","max-image-preview":"max-image-preview:large","max-video-preview":"max-video-preview:-1"},"canonical":"https:\/\/radiolitoral.com\/ca\/2023\/03\/mes-benitatxell-anuncies-el-seu-candidat-en-un-acte-que-coincideix-amb-la-inauguracio-de-la-seva-seu\/","og_locale":"ca_ES","og_type":"article","og_title":"M\u00e9s Benitatxell anunciar\u00e1 a su candidato en un acto que coincide con la inauguraci\u00f3n de su sede | R\u00e0dio Litoral","og_description":"Ser\u00e1 ma\u00f1ana s\u00e1bado al mediod\u00eda","og_url":"https:\/\/radiolitoral.com\/ca\/2023\/03\/mes-benitatxell-anuncies-el-seu-candidat-en-un-acte-que-coincideix-amb-la-inauguracio-de-la-seva-seu\/","og_site_name":"R\u00e0dio Litoral","article_publisher":"https:\/\/www.facebook.com\/Laradiolitoral\/","article_published_time":"2023-03-24T14:56:02+00:00","article_modified_time":"2023-03-24T14:56:26+00:00","og_image":[{"width":960,"height":483,"url":"https:\/\/media.radiolitoral.com\/wp-content\/uploads\/2023\/03\/24155300\/271707115_288999386596707_2584133160347640212_n.jpg","type":"image\/jpeg"}],"author":"Mel Pescuezo","twitter_card":"summary_large_image","twitter_misc":{"Escrit per":"Mel Pescuezo","Temps estimat de lectura":"1 minut"},"schema":{"@context":"https:\/\/schema.org","@graph":[{"@type":"NewsArticle","@id":"https:\/\/radiolitoral.com\/2023\/03\/mes-benitatxell-anunciara-a-su-candidato-en-un-acto-que-coincide-con-la-inauguracion-de-su-sede\/#article","isPartOf":{"@id":"https:\/\/radiolitoral.com\/2023\/03\/mes-benitatxell-anunciara-a-su-candidato-en-un-acto-que-coincide-con-la-inauguracion-de-su-sede\/"},"author":{"name":"Mel Pescuezo","@id":"https:\/\/radiolitoral.com\/#\/schema\/person\/aad4f72efa404f85b68e832d24cac059"},"headline":"M\u00e9s Benitatxell anunciar\u00e1 a su candidato en un acto que coincide con la inauguraci\u00f3n de su sede","datePublished":"2023-03-24T14:56:02+00:00","dateModified":"2023-03-24T14:56:26+00:00","mainEntityOfPage":{"@id":"https:\/\/radiolitoral.com\/2023\/03\/mes-benitatxell-anunciara-a-su-candidato-en-un-acto-que-coincide-con-la-inauguracion-de-su-sede\/"},"wordCount":230,"commentCount":0,"publisher":{"@id":"https:\/\/radiolitoral.com\/#organization"},"image":{"@id":"https:\/\/radiolitoral.com\/2023\/03\/mes-benitatxell-anunciara-a-su-candidato-en-un-acto-que-coincide-con-la-inauguracion-de-su-sede\/#primaryimage"},"thumbnailUrl":"https:\/\/media.radiolitoral.com\/wp-content\/uploads\/2023\/03\/24155300\/271707115_288999386596707_2584133160347640212_n.jpg","keywords":["Benitaxell","elecciones 2023","M\u00e9s Benitatxell"],"articleSection":["Pol\u00edtica"],"inLanguage":"ca","potentialAction":[{"@type":"CommentAction","name":"Comment","target":["https:\/\/radiolitoral.com\/2023\/03\/mes-benitatxell-anunciara-a-su-candidato-en-un-acto-que-coincide-con-la-inauguracion-de-su-sede\/#respond"]}]},{"@type":["WebPage","ItemPage"],"@id":"https:\/\/radiolitoral.com\/2023\/03\/mes-benitatxell-anunciara-a-su-candidato-en-un-acto-que-coincide-con-la-inauguracion-de-su-sede\/","url":"https:\/\/radiolitoral.com\/2023\/03\/mes-benitatxell-anunciara-a-su-candidato-en-un-acto-que-coincide-con-la-inauguracion-de-su-sede\/","name":"M\u00e9s Benitatxell anunciar\u00e0 el candidat en un acte que coincideix amb la inauguraci\u00f3 de la seva seu | R\u00e0dio Litoral","isPartOf":{"@id":"https:\/\/radiolitoral.com\/#website"},"primaryImageOfPage":{"@id":"https:\/\/radiolitoral.com\/2023\/03\/mes-benitatxell-anunciara-a-su-candidato-en-un-acto-que-coincide-con-la-inauguracion-de-su-sede\/#primaryimage"},"image":{"@id":"https:\/\/radiolitoral.com\/2023\/03\/mes-benitatxell-anunciara-a-su-candidato-en-un-acto-que-coincide-con-la-inauguracion-de-su-sede\/#primaryimage"},"thumbnailUrl":"https:\/\/media.radiolitoral.com\/wp-content\/uploads\/2023\/03\/24155300\/271707115_288999386596707_2584133160347640212_n.jpg","datePublished":"2023-03-24T14:56:02+00:00","dateModified":"2023-03-24T14:56:26+00:00","description":"Ser\u00e0 dem\u00e0 dissabte al migdia","breadcrumb":{"@id":"https:\/\/radiolitoral.com\/2023\/03\/mes-benitatxell-anunciara-a-su-candidato-en-un-acto-que-coincide-con-la-inauguracion-de-su-sede\/#breadcrumb"},"inLanguage":"ca","potentialAction":[{"@type":"ReadAction","target":["https:\/\/radiolitoral.com\/2023\/03\/mes-benitatxell-anunciara-a-su-candidato-en-un-acto-que-coincide-con-la-inauguracion-de-su-sede\/"]}]},{"@type":"ImageObject","inLanguage":"ca","@id":"https:\/\/radiolitoral.com\/2023\/03\/mes-benitatxell-anunciara-a-su-candidato-en-un-acto-que-coincide-con-la-inauguracion-de-su-sede\/#primaryimage","url":"https:\/\/media.radiolitoral.com\/wp-content\/uploads\/2023\/03\/24155300\/271707115_288999386596707_2584133160347640212_n.jpg","contentUrl":"https:\/\/media.radiolitoral.com\/wp-content\/uploads\/2023\/03\/24155300\/271707115_288999386596707_2584133160347640212_n.jpg","width":960,"height":483},{"@type":"BreadcrumbList","@id":"https:\/\/radiolitoral.com\/2023\/03\/mes-benitatxell-anunciara-a-su-candidato-en-un-acto-que-coincide-con-la-inauguracion-de-su-sede\/#breadcrumb","itemListElement":[{"@type":"ListItem","position":1,"name":"Portada","item":"https:\/\/radiolitoral.com\/"},{"@type":"ListItem","position":2,"name":"M\u00e9s Benitatxell anunciar\u00e1 a su candidato en un acto que coincide con la inauguraci\u00f3n de su sede"}]},{"@type":"WebSite","@id":"https:\/\/radiolitoral.com\/#website","url":"https:\/\/radiolitoral.com\/","name":"R\u00e0dio Litoral","description":"La r\u00e0dio local de la Marina Alta","publisher":{"@id":"https:\/\/radiolitoral.com\/#organization"},"alternateName":"Litoral FM","potentialAction":[{"@type":"SearchAction","target":{"@type":"EntryPoint","urlTemplate":"https:\/\/radiolitoral.com\/?s={search_term_string}"},"query-input":{"@type":"PropertyValueSpecification","valueRequired":true,"valueName":"search_term_string"}}],"inLanguage":"ca"},{"@type":"Organization","@id":"https:\/\/radiolitoral.com\/#organization","name":"R\u00e0dio Litoral","url":"https:\/\/radiolitoral.com\/","logo":{"@type":"ImageObject","inLanguage":"ca","@id":"https:\/\/radiolitoral.com\/#\/schema\/logo\/image\/","url":"https:\/\/media.radiolitoral.com\/wp-content\/uploads\/2023\/02\/24143238\/CL-V-RadioLitoral696.png","contentUrl":"https:\/\/media.radiolitoral.com\/wp-content\/uploads\/2023\/02\/24143238\/CL-V-RadioLitoral696.png","width":696,"height":696,"caption":"Radio Litoral"},"image":{"@id":"https:\/\/radiolitoral.com\/#\/schema\/logo\/image\/"},"sameAs":["https:\/\/www.facebook.com\/Laradiolitoral\/"]},{"@type":"Person","@id":"https:\/\/radiolitoral.com\/#\/schema\/person\/aad4f72efa404f85b68e832d24cac059","name":"Mel Pescuezo","image":{"@type":"ImageObject","inLanguage":"ca","@id":"https:\/\/secure.gravatar.com\/avatar\/993975ae489c70cb0dd9bfa9413a082f0bd276582dac13661af7b33f161e7eea?s=96&d=mm&r=g","url":"https:\/\/secure.gravatar.com\/avatar\/993975ae489c70cb0dd9bfa9413a082f0bd276582dac13661af7b33f161e7eea?s=96&d=mm&r=g","contentUrl":"https:\/\/secure.gravatar.com\/avatar\/993975ae489c70cb0dd9bfa9413a082f0bd276582dac13661af7b33f161e7eea?s=96&d=mm&r=g","caption":"Mel Pescuezo"},"url":"https:\/\/radiolitoral.com\/ca\/author\/serviciospararadios\/"}]}},"_links":{"self":[{"href":"https:\/\/radiolitoral.com\/ca\/wp-json\/wp\/v2\/posts\/1628","targetHints":{"allow":["GET"]}}],"collection":[{"href":"https:\/\/radiolitoral.com\/ca\/wp-json\/wp\/v2\/posts"}],"about":[{"href":"https:\/\/radiolitoral.com\/ca\/wp-json\/wp\/v2\/types\/post"}],"author":[{"embeddable":true,"href":"https:\/\/radiolitoral.com\/ca\/wp-json\/wp\/v2\/users\/21"}],"replies":[{"embeddable":true,"href":"https:\/\/radiolitoral.com\/ca\/wp-json\/wp\/v2\/comments?post=1628"}],"version-history":[{"count":1,"href":"https:\/\/radiolitoral.com\/ca\/wp-json\/wp\/v2\/posts\/1628\/revisions"}],"predecessor-version":[{"id":1630,"href":"https:\/\/radiolitoral.com\/ca\/wp-json\/wp\/v2\/posts\/1628\/revisions\/1630"}],"wp:featuredmedia":[{"embeddable":true,"href":"https:\/\/radiolitoral.com\/ca\/wp-json\/wp\/v2\/media\/1629"}],"wp:attachment":[{"href":"https:\/\/radiolitoral.com\/ca\/wp-json\/wp\/v2\/media?parent=1628"}],"wp:term":[{"taxonomy":"category","embeddable":true,"href":"https:\/\/radiolitoral.com\/ca\/wp-json\/wp\/v2\/categories?post=1628"},{"taxonomy":"post_tag","embeddable":true,"href":"https:\/\/radiolitoral.com\/ca\/wp-json\/wp\/v2\/tags?post=1628"}],"curies":[{"name":"wp","href":"https:\/\/api.w.org\/{rel}","templated":true}]}}