{"id":16271,"date":"2025-04-16T10:23:49","date_gmt":"2025-04-16T08:23:49","guid":{"rendered":"https:\/\/radiolitoral.com\/?p=16271"},"modified":"2025-04-16T10:23:49","modified_gmt":"2025-04-16T08:23:49","slug":"arresten-una-parella-per-un-robatori-violent-al-centre-de-calp","status":"publish","type":"post","link":"https:\/\/radiolitoral.com\/ca\/2025\/04\/arrestan-a-una-pareja-por-un-robo-violento-en-pleno-centro-de-calp\/","title":{"rendered":"Aturen una parella per un robatori violent al centre de Calp"},"content":{"rendered":"<p class=\"\" data-start=\"147\" data-end=\"732\">La nit del 2 d&#039;abril, un jove va ser v\u00edctima d&#039;un <strong>robatori amb viol\u00e8ncia i intimidaci\u00f3<\/strong> mentre caminava cap al seu domicili al centre de <strong data-start=\"333\" data-end=\"342\">Calp<\/strong>. La v\u00edctima va ser seguida per una parella que, aprofitant la tranquil\u00b7litat de la zona, el va abordar al mig del carrer. Segons la seva den\u00fancia, l&#039;home que formava part dels atacants el va immobilitzar pel coll i el va amena\u00e7ar de manera agressiva, amb frases com \u00abdoneu-m&#039;ho tot o et llevo\u00bb. Durant l&#039;assalt, els delinq\u00fcents van aconseguir sostreure-li un tel\u00e8fon m\u00f2bil i una motxilla amb objectes personals.<\/p>\n<p class=\"\" data-start=\"147\" data-end=\"732\">Despr\u00e9s de rebre la den\u00fancia, el <strong data-start=\"810\" data-end=\"835\">\u00c0rea de Recerca<\/strong> del Lloc Principal de la Gu\u00e0rdia Civil de <strong data-start=\"880\" data-end=\"889\">Calp<\/strong> va comen\u00e7ar a treballar en el cas. Mitjan\u00e7ant una reconstrucci\u00f3 detallada dels fets i l&#039;an\u00e0lisi de les c\u00e0meres de videovigil\u00e0ncia de la zona, els investigadors van identificar els presumptes responsables del robatori. Es tractava d&#039;un home de 32 anys i resident a <strong data-start=\"1187\" data-end=\"1201\" data-is-only-node=\"\">Torrevella<\/strong>, i una dona de 35 anys, origin\u00e0ria de <strong data-start=\"1272\" data-end=\"1297\">Ciempozuelos (Madrid)<\/strong>, els qui estaven a <strong data-start=\"1318\" data-end=\"1327\">Calp<\/strong>\u00a0de visita.<\/p>\n<h2 data-start=\"1340\" data-end=\"1679\"><strong data-start=\"1340\" data-end=\"1376\">Detenci\u00f3 i antecedents penals<\/strong><\/h2>\n<p class=\"\" data-start=\"1340\" data-end=\"1679\">La parella va ser localitzada i detinguda el 8 d&#039;abril en un parc proper al centre de <strong data-start=\"1463\" data-end=\"1472\">Calp<\/strong>.Despr\u00e9s de la seva identificaci\u00f3, es va descobrir que tots dos detinguts tenien antecedents per delictes similars.<\/p>\n<p class=\"\" data-start=\"1340\" data-end=\"1679\">Els arrestats van ser posats a disposici\u00f3 del <strong data-start=\"1777\" data-end=\"1823\">Jutjat d&#039;Instrucci\u00f3 de Gu\u00e0rdia de D\u00e9nia<\/strong>, que va decretar la seva llibertat provisional sota mesures cautelars.<\/p>\n<p class=\"\" data-start=\"1887\" data-end=\"2295\">Davant de fets com aquest, la Gu\u00e0rdia Civil ha recordat a la ciutadania la import\u00e0ncia d&#039;estar alerta i prendre precaucions per evitar ser v\u00edctima de delictes. Entre les seves recomanacions destaquen no exhibir objectes de valor a la via p\u00fablica, desconfiar de persones que mostrin comportaments sospitosos i evitar caminar per carrers deserts o mal il\u00b7luminats.<\/p>","protected":false},"excerpt":{"rendered":"<p>En la noche del 2 de abril, un joven fue v\u00edctima de un robo con violencia e intimidaci\u00f3n mientras caminaba hacia su domicilio en el centro de Calp. La v\u00edctima fue seguida por una pareja que, aprovechando la tranquilidad de la zona, lo abord\u00f3 en plena calle. Seg\u00fan su denuncia, el hombre que formaba parte [&#8230;]<\/p>\n<p><a class=\"btn btn-secondary understrap-read-more-link\" href=\"https:\/\/radiolitoral.com\/ca\/2025\/04\/arrestan-a-una-pareja-por-un-robo-violento-en-pleno-centro-de-calp\/\">Continua llegint&#8230;<span class=\"screen-reader-text\"> from Arrestan a una pareja por un robo violento en pleno centro de Calp<\/span><\/a><\/p>\n","protected":false},"author":14,"featured_media":16272,"comment_status":"open","ping_status":"closed","sticky":false,"template":"","format":"standard","meta":{"_acf_changed":false,"inline_featured_image":false,"footnotes":""},"categories":[8],"tags":[3825,662,1023],"class_list":["post-16271","post","type-post","status-publish","format-standard","has-post-thumbnail","hentry","category-sucesos","tag-detenidos-calp","tag-robo-calp","tag-sucesos","cobertura-calp"],"acf":[],"yoast_head":"<!-- This site is optimized with the Yoast SEO plugin v27.5 - https:\/\/yoast.com\/product\/yoast-seo-wordpress\/ -->\n<title>Arrestan a una pareja por un robo violento en pleno centro de Calp | R\u00e0dio Litoral<\/title>\n<meta name=\"description\" content=\"La Guardia Civil detiene a los presuntos responsables tras una investigaci\u00f3n que incluy\u00f3 el an\u00e1lisis de c\u00e1maras de seguridad\" \/>\n<meta name=\"robots\" content=\"index, follow, max-snippet:-1, max-image-preview:large, max-video-preview:-1\" \/>\n<link rel=\"canonical\" href=\"https:\/\/radiolitoral.com\/ca\/2025\/04\/arresten-una-parella-per-un-robatori-violent-al-centre-de-calp\/\" \/>\n<meta property=\"og:locale\" content=\"ca_ES\" \/>\n<meta property=\"og:type\" content=\"article\" \/>\n<meta property=\"og:title\" content=\"Arrestan a una pareja por un robo violento en pleno centro de Calp | R\u00e0dio Litoral\" \/>\n<meta property=\"og:description\" content=\"La Guardia Civil detiene a los presuntos responsables tras una investigaci\u00f3n que incluy\u00f3 el an\u00e1lisis de c\u00e1maras de seguridad\" \/>\n<meta property=\"og:url\" content=\"https:\/\/radiolitoral.com\/ca\/2025\/04\/arresten-una-parella-per-un-robatori-violent-al-centre-de-calp\/\" \/>\n<meta property=\"og:site_name\" content=\"R\u00e0dio Litoral\" \/>\n<meta property=\"article:publisher\" content=\"https:\/\/www.facebook.com\/Laradiolitoral\/\" \/>\n<meta property=\"article:published_time\" content=\"2025-04-16T08:23:49+00:00\" \/>\n<meta property=\"og:image\" content=\"https:\/\/media.radiolitoral.com\/wp-content\/uploads\/2025\/04\/16102328\/edit-01-detenidos-CALPE.jpg\" \/>\n\t<meta property=\"og:image:width\" content=\"960\" \/>\n\t<meta property=\"og:image:height\" content=\"720\" \/>\n\t<meta property=\"og:image:type\" content=\"image\/jpeg\" \/>\n<meta name=\"author\" content=\"Redacci\u00f3n\" \/>\n<meta name=\"twitter:card\" content=\"summary_large_image\" \/>\n<meta name=\"twitter:label1\" content=\"Escrit per\" \/>\n\t<meta name=\"twitter:data1\" content=\"Redacci\u00f3n\" \/>\n\t<meta name=\"twitter:label2\" content=\"Temps estimat de lectura\" \/>\n\t<meta name=\"twitter:data2\" content=\"2 minuts\" \/>\n<script type=\"application\/ld+json\" class=\"yoast-schema-graph\">{\"@context\":\"https:\\\/\\\/schema.org\",\"@graph\":[{\"@type\":\"NewsArticle\",\"@id\":\"https:\\\/\\\/radiolitoral.com\\\/2025\\\/04\\\/arrestan-a-una-pareja-por-un-robo-violento-en-pleno-centro-de-calp\\\/#article\",\"isPartOf\":{\"@id\":\"https:\\\/\\\/radiolitoral.com\\\/2025\\\/04\\\/arrestan-a-una-pareja-por-un-robo-violento-en-pleno-centro-de-calp\\\/\"},\"author\":{\"name\":\"Redacci\u00f3n\",\"@id\":\"https:\\\/\\\/radiolitoral.com\\\/#\\\/schema\\\/person\\\/96b739642eb3bedb532aac3812d23307\"},\"headline\":\"Arrestan a una pareja por un robo violento en pleno centro de Calp\",\"datePublished\":\"2025-04-16T08:23:49+00:00\",\"mainEntityOfPage\":{\"@id\":\"https:\\\/\\\/radiolitoral.com\\\/2025\\\/04\\\/arrestan-a-una-pareja-por-un-robo-violento-en-pleno-centro-de-calp\\\/\"},\"wordCount\":330,\"commentCount\":0,\"publisher\":{\"@id\":\"https:\\\/\\\/radiolitoral.com\\\/#organization\"},\"image\":{\"@id\":\"https:\\\/\\\/radiolitoral.com\\\/2025\\\/04\\\/arrestan-a-una-pareja-por-un-robo-violento-en-pleno-centro-de-calp\\\/#primaryimage\"},\"thumbnailUrl\":\"https:\\\/\\\/media.radiolitoral.com\\\/wp-content\\\/uploads\\\/2025\\\/04\\\/16102328\\\/edit-01-detenidos-CALPE.jpg\",\"keywords\":[\"detenidos Calp\",\"robo Calp\",\"sucesos\"],\"articleSection\":[\"Sucesos\"],\"inLanguage\":\"ca\",\"potentialAction\":[{\"@type\":\"CommentAction\",\"name\":\"Comment\",\"target\":[\"https:\\\/\\\/radiolitoral.com\\\/2025\\\/04\\\/arrestan-a-una-pareja-por-un-robo-violento-en-pleno-centro-de-calp\\\/#respond\"]}]},{\"@type\":[\"WebPage\",\"ItemPage\"],\"@id\":\"https:\\\/\\\/radiolitoral.com\\\/2025\\\/04\\\/arrestan-a-una-pareja-por-un-robo-violento-en-pleno-centro-de-calp\\\/\",\"url\":\"https:\\\/\\\/radiolitoral.com\\\/2025\\\/04\\\/arrestan-a-una-pareja-por-un-robo-violento-en-pleno-centro-de-calp\\\/\",\"name\":\"Arrestan a una pareja por un robo violento en pleno centro de Calp | R\u00e0dio Litoral\",\"isPartOf\":{\"@id\":\"https:\\\/\\\/radiolitoral.com\\\/#website\"},\"primaryImageOfPage\":{\"@id\":\"https:\\\/\\\/radiolitoral.com\\\/2025\\\/04\\\/arrestan-a-una-pareja-por-un-robo-violento-en-pleno-centro-de-calp\\\/#primaryimage\"},\"image\":{\"@id\":\"https:\\\/\\\/radiolitoral.com\\\/2025\\\/04\\\/arrestan-a-una-pareja-por-un-robo-violento-en-pleno-centro-de-calp\\\/#primaryimage\"},\"thumbnailUrl\":\"https:\\\/\\\/media.radiolitoral.com\\\/wp-content\\\/uploads\\\/2025\\\/04\\\/16102328\\\/edit-01-detenidos-CALPE.jpg\",\"datePublished\":\"2025-04-16T08:23:49+00:00\",\"description\":\"La Guardia Civil detiene a los presuntos responsables tras una investigaci\u00f3n que incluy\u00f3 el an\u00e1lisis de c\u00e1maras de seguridad\",\"breadcrumb\":{\"@id\":\"https:\\\/\\\/radiolitoral.com\\\/2025\\\/04\\\/arrestan-a-una-pareja-por-un-robo-violento-en-pleno-centro-de-calp\\\/#breadcrumb\"},\"inLanguage\":\"ca\",\"potentialAction\":[{\"@type\":\"ReadAction\",\"target\":[\"https:\\\/\\\/radiolitoral.com\\\/2025\\\/04\\\/arrestan-a-una-pareja-por-un-robo-violento-en-pleno-centro-de-calp\\\/\"]}]},{\"@type\":\"ImageObject\",\"inLanguage\":\"ca\",\"@id\":\"https:\\\/\\\/radiolitoral.com\\\/2025\\\/04\\\/arrestan-a-una-pareja-por-un-robo-violento-en-pleno-centro-de-calp\\\/#primaryimage\",\"url\":\"https:\\\/\\\/media.radiolitoral.com\\\/wp-content\\\/uploads\\\/2025\\\/04\\\/16102328\\\/edit-01-detenidos-CALPE.jpg\",\"contentUrl\":\"https:\\\/\\\/media.radiolitoral.com\\\/wp-content\\\/uploads\\\/2025\\\/04\\\/16102328\\\/edit-01-detenidos-CALPE.jpg\",\"width\":960,\"height\":720},{\"@type\":\"BreadcrumbList\",\"@id\":\"https:\\\/\\\/radiolitoral.com\\\/2025\\\/04\\\/arrestan-a-una-pareja-por-un-robo-violento-en-pleno-centro-de-calp\\\/#breadcrumb\",\"itemListElement\":[{\"@type\":\"ListItem\",\"position\":1,\"name\":\"Portada\",\"item\":\"https:\\\/\\\/radiolitoral.com\\\/\"},{\"@type\":\"ListItem\",\"position\":2,\"name\":\"Arrestan a una pareja por un robo violento en pleno centro de Calp\"}]},{\"@type\":\"WebSite\",\"@id\":\"https:\\\/\\\/radiolitoral.com\\\/#website\",\"url\":\"https:\\\/\\\/radiolitoral.com\\\/\",\"name\":\"Radio Litoral\",\"description\":\"La radio local de la Marina Alta\",\"publisher\":{\"@id\":\"https:\\\/\\\/radiolitoral.com\\\/#organization\"},\"alternateName\":\"Litoral FM\",\"potentialAction\":[{\"@type\":\"SearchAction\",\"target\":{\"@type\":\"EntryPoint\",\"urlTemplate\":\"https:\\\/\\\/radiolitoral.com\\\/?s={search_term_string}\"},\"query-input\":{\"@type\":\"PropertyValueSpecification\",\"valueRequired\":true,\"valueName\":\"search_term_string\"}}],\"inLanguage\":\"ca\"},{\"@type\":\"Organization\",\"@id\":\"https:\\\/\\\/radiolitoral.com\\\/#organization\",\"name\":\"Radio Litoral\",\"url\":\"https:\\\/\\\/radiolitoral.com\\\/\",\"logo\":{\"@type\":\"ImageObject\",\"inLanguage\":\"ca\",\"@id\":\"https:\\\/\\\/radiolitoral.com\\\/#\\\/schema\\\/logo\\\/image\\\/\",\"url\":\"https:\\\/\\\/media.radiolitoral.com\\\/wp-content\\\/uploads\\\/2023\\\/02\\\/24143238\\\/CL-V-RadioLitoral696.png\",\"contentUrl\":\"https:\\\/\\\/media.radiolitoral.com\\\/wp-content\\\/uploads\\\/2023\\\/02\\\/24143238\\\/CL-V-RadioLitoral696.png\",\"width\":696,\"height\":696,\"caption\":\"Radio Litoral\"},\"image\":{\"@id\":\"https:\\\/\\\/radiolitoral.com\\\/#\\\/schema\\\/logo\\\/image\\\/\"},\"sameAs\":[\"https:\\\/\\\/www.facebook.com\\\/Laradiolitoral\\\/\"]},{\"@type\":\"Person\",\"@id\":\"https:\\\/\\\/radiolitoral.com\\\/#\\\/schema\\\/person\\\/96b739642eb3bedb532aac3812d23307\",\"name\":\"Redacci\u00f3n\",\"image\":{\"@type\":\"ImageObject\",\"inLanguage\":\"ca\",\"@id\":\"https:\\\/\\\/secure.gravatar.com\\\/avatar\\\/30cd06129ee90411dd9c7cbdcf17464181d1a3c7b072e92070ea75a25cf0097e?s=96&d=mm&r=g\",\"url\":\"https:\\\/\\\/secure.gravatar.com\\\/avatar\\\/30cd06129ee90411dd9c7cbdcf17464181d1a3c7b072e92070ea75a25cf0097e?s=96&d=mm&r=g\",\"contentUrl\":\"https:\\\/\\\/secure.gravatar.com\\\/avatar\\\/30cd06129ee90411dd9c7cbdcf17464181d1a3c7b072e92070ea75a25cf0097e?s=96&d=mm&r=g\",\"caption\":\"Redacci\u00f3n\"},\"url\":\"https:\\\/\\\/radiolitoral.com\\\/ca\\\/author\\\/kevin-carrio\\\/\"}]}<\/script>\n<!-- \/ Yoast SEO plugin. -->","yoast_head_json":{"title":"Aturen una parella per un robatori violent al centre de Calp | R\u00e0dio Litoral","description":"La Gu\u00e0rdia Civil det\u00e9 els presumptes responsables despr\u00e9s d&#039;una investigaci\u00f3 que va incloure l&#039;an\u00e0lisi de c\u00e0meres de seguretat","robots":{"index":"index","follow":"follow","max-snippet":"max-snippet:-1","max-image-preview":"max-image-preview:large","max-video-preview":"max-video-preview:-1"},"canonical":"https:\/\/radiolitoral.com\/ca\/2025\/04\/arresten-una-parella-per-un-robatori-violent-al-centre-de-calp\/","og_locale":"ca_ES","og_type":"article","og_title":"Arrestan a una pareja por un robo violento en pleno centro de Calp | R\u00e0dio Litoral","og_description":"La Guardia Civil detiene a los presuntos responsables tras una investigaci\u00f3n que incluy\u00f3 el an\u00e1lisis de c\u00e1maras de seguridad","og_url":"https:\/\/radiolitoral.com\/ca\/2025\/04\/arresten-una-parella-per-un-robatori-violent-al-centre-de-calp\/","og_site_name":"R\u00e0dio Litoral","article_publisher":"https:\/\/www.facebook.com\/Laradiolitoral\/","article_published_time":"2025-04-16T08:23:49+00:00","og_image":[{"width":960,"height":720,"url":"https:\/\/media.radiolitoral.com\/wp-content\/uploads\/2025\/04\/16102328\/edit-01-detenidos-CALPE.jpg","type":"image\/jpeg"}],"author":"Redacci\u00f3n","twitter_card":"summary_large_image","twitter_misc":{"Escrit per":"Redacci\u00f3n","Temps estimat de lectura":"2 minuts"},"schema":{"@context":"https:\/\/schema.org","@graph":[{"@type":"NewsArticle","@id":"https:\/\/radiolitoral.com\/2025\/04\/arrestan-a-una-pareja-por-un-robo-violento-en-pleno-centro-de-calp\/#article","isPartOf":{"@id":"https:\/\/radiolitoral.com\/2025\/04\/arrestan-a-una-pareja-por-un-robo-violento-en-pleno-centro-de-calp\/"},"author":{"name":"Redacci\u00f3n","@id":"https:\/\/radiolitoral.com\/#\/schema\/person\/96b739642eb3bedb532aac3812d23307"},"headline":"Arrestan a una pareja por un robo violento en pleno centro de Calp","datePublished":"2025-04-16T08:23:49+00:00","mainEntityOfPage":{"@id":"https:\/\/radiolitoral.com\/2025\/04\/arrestan-a-una-pareja-por-un-robo-violento-en-pleno-centro-de-calp\/"},"wordCount":330,"commentCount":0,"publisher":{"@id":"https:\/\/radiolitoral.com\/#organization"},"image":{"@id":"https:\/\/radiolitoral.com\/2025\/04\/arrestan-a-una-pareja-por-un-robo-violento-en-pleno-centro-de-calp\/#primaryimage"},"thumbnailUrl":"https:\/\/media.radiolitoral.com\/wp-content\/uploads\/2025\/04\/16102328\/edit-01-detenidos-CALPE.jpg","keywords":["detenidos Calp","robo Calp","sucesos"],"articleSection":["Sucesos"],"inLanguage":"ca","potentialAction":[{"@type":"CommentAction","name":"Comment","target":["https:\/\/radiolitoral.com\/2025\/04\/arrestan-a-una-pareja-por-un-robo-violento-en-pleno-centro-de-calp\/#respond"]}]},{"@type":["WebPage","ItemPage"],"@id":"https:\/\/radiolitoral.com\/2025\/04\/arrestan-a-una-pareja-por-un-robo-violento-en-pleno-centro-de-calp\/","url":"https:\/\/radiolitoral.com\/2025\/04\/arrestan-a-una-pareja-por-un-robo-violento-en-pleno-centro-de-calp\/","name":"Aturen una parella per un robatori violent al centre de Calp | R\u00e0dio Litoral","isPartOf":{"@id":"https:\/\/radiolitoral.com\/#website"},"primaryImageOfPage":{"@id":"https:\/\/radiolitoral.com\/2025\/04\/arrestan-a-una-pareja-por-un-robo-violento-en-pleno-centro-de-calp\/#primaryimage"},"image":{"@id":"https:\/\/radiolitoral.com\/2025\/04\/arrestan-a-una-pareja-por-un-robo-violento-en-pleno-centro-de-calp\/#primaryimage"},"thumbnailUrl":"https:\/\/media.radiolitoral.com\/wp-content\/uploads\/2025\/04\/16102328\/edit-01-detenidos-CALPE.jpg","datePublished":"2025-04-16T08:23:49+00:00","description":"La Gu\u00e0rdia Civil det\u00e9 els presumptes responsables despr\u00e9s d&#039;una investigaci\u00f3 que va incloure l&#039;an\u00e0lisi de c\u00e0meres de seguretat","breadcrumb":{"@id":"https:\/\/radiolitoral.com\/2025\/04\/arrestan-a-una-pareja-por-un-robo-violento-en-pleno-centro-de-calp\/#breadcrumb"},"inLanguage":"ca","potentialAction":[{"@type":"ReadAction","target":["https:\/\/radiolitoral.com\/2025\/04\/arrestan-a-una-pareja-por-un-robo-violento-en-pleno-centro-de-calp\/"]}]},{"@type":"ImageObject","inLanguage":"ca","@id":"https:\/\/radiolitoral.com\/2025\/04\/arrestan-a-una-pareja-por-un-robo-violento-en-pleno-centro-de-calp\/#primaryimage","url":"https:\/\/media.radiolitoral.com\/wp-content\/uploads\/2025\/04\/16102328\/edit-01-detenidos-CALPE.jpg","contentUrl":"https:\/\/media.radiolitoral.com\/wp-content\/uploads\/2025\/04\/16102328\/edit-01-detenidos-CALPE.jpg","width":960,"height":720},{"@type":"BreadcrumbList","@id":"https:\/\/radiolitoral.com\/2025\/04\/arrestan-a-una-pareja-por-un-robo-violento-en-pleno-centro-de-calp\/#breadcrumb","itemListElement":[{"@type":"ListItem","position":1,"name":"Portada","item":"https:\/\/radiolitoral.com\/"},{"@type":"ListItem","position":2,"name":"Arrestan a una pareja por un robo violento en pleno centro de Calp"}]},{"@type":"WebSite","@id":"https:\/\/radiolitoral.com\/#website","url":"https:\/\/radiolitoral.com\/","name":"R\u00e0dio Litoral","description":"La r\u00e0dio local de la Marina Alta","publisher":{"@id":"https:\/\/radiolitoral.com\/#organization"},"alternateName":"Litoral FM","potentialAction":[{"@type":"SearchAction","target":{"@type":"EntryPoint","urlTemplate":"https:\/\/radiolitoral.com\/?s={search_term_string}"},"query-input":{"@type":"PropertyValueSpecification","valueRequired":true,"valueName":"search_term_string"}}],"inLanguage":"ca"},{"@type":"Organization","@id":"https:\/\/radiolitoral.com\/#organization","name":"R\u00e0dio Litoral","url":"https:\/\/radiolitoral.com\/","logo":{"@type":"ImageObject","inLanguage":"ca","@id":"https:\/\/radiolitoral.com\/#\/schema\/logo\/image\/","url":"https:\/\/media.radiolitoral.com\/wp-content\/uploads\/2023\/02\/24143238\/CL-V-RadioLitoral696.png","contentUrl":"https:\/\/media.radiolitoral.com\/wp-content\/uploads\/2023\/02\/24143238\/CL-V-RadioLitoral696.png","width":696,"height":696,"caption":"Radio Litoral"},"image":{"@id":"https:\/\/radiolitoral.com\/#\/schema\/logo\/image\/"},"sameAs":["https:\/\/www.facebook.com\/Laradiolitoral\/"]},{"@type":"Person","@id":"https:\/\/radiolitoral.com\/#\/schema\/person\/96b739642eb3bedb532aac3812d23307","name":"Redacci\u00f3","image":{"@type":"ImageObject","inLanguage":"ca","@id":"https:\/\/secure.gravatar.com\/avatar\/30cd06129ee90411dd9c7cbdcf17464181d1a3c7b072e92070ea75a25cf0097e?s=96&d=mm&r=g","url":"https:\/\/secure.gravatar.com\/avatar\/30cd06129ee90411dd9c7cbdcf17464181d1a3c7b072e92070ea75a25cf0097e?s=96&d=mm&r=g","contentUrl":"https:\/\/secure.gravatar.com\/avatar\/30cd06129ee90411dd9c7cbdcf17464181d1a3c7b072e92070ea75a25cf0097e?s=96&d=mm&r=g","caption":"Redacci\u00f3n"},"url":"https:\/\/radiolitoral.com\/ca\/author\/kevin-carrio\/"}]}},"_links":{"self":[{"href":"https:\/\/radiolitoral.com\/ca\/wp-json\/wp\/v2\/posts\/16271","targetHints":{"allow":["GET"]}}],"collection":[{"href":"https:\/\/radiolitoral.com\/ca\/wp-json\/wp\/v2\/posts"}],"about":[{"href":"https:\/\/radiolitoral.com\/ca\/wp-json\/wp\/v2\/types\/post"}],"author":[{"embeddable":true,"href":"https:\/\/radiolitoral.com\/ca\/wp-json\/wp\/v2\/users\/14"}],"replies":[{"embeddable":true,"href":"https:\/\/radiolitoral.com\/ca\/wp-json\/wp\/v2\/comments?post=16271"}],"version-history":[{"count":1,"href":"https:\/\/radiolitoral.com\/ca\/wp-json\/wp\/v2\/posts\/16271\/revisions"}],"predecessor-version":[{"id":16273,"href":"https:\/\/radiolitoral.com\/ca\/wp-json\/wp\/v2\/posts\/16271\/revisions\/16273"}],"wp:featuredmedia":[{"embeddable":true,"href":"https:\/\/radiolitoral.com\/ca\/wp-json\/wp\/v2\/media\/16272"}],"wp:attachment":[{"href":"https:\/\/radiolitoral.com\/ca\/wp-json\/wp\/v2\/media?parent=16271"}],"wp:term":[{"taxonomy":"category","embeddable":true,"href":"https:\/\/radiolitoral.com\/ca\/wp-json\/wp\/v2\/categories?post=16271"},{"taxonomy":"post_tag","embeddable":true,"href":"https:\/\/radiolitoral.com\/ca\/wp-json\/wp\/v2\/tags?post=16271"}],"curies":[{"name":"wp","href":"https:\/\/api.w.org\/{rel}","templated":true}]}}