{"id":16256,"date":"2025-04-16T10:19:03","date_gmt":"2025-04-16T08:19:03","guid":{"rendered":"https:\/\/radiolitoral.com\/?p=16256"},"modified":"2025-04-16T11:20:39","modified_gmt":"2025-04-16T09:20:39","slug":"sophie-oreilly-doble-bronze-a-infantils","status":"publish","type":"post","link":"https:\/\/radiolitoral.com\/ca\/2025\/04\/sophie-oreilly-doble-bronce-en-infantiles\/","title":{"rendered":"Sophie O&#039;Reilly doble bronze a infantils"},"content":{"rendered":"<p>La gimnasta<strong> Sophie O&#039;Reilly<\/strong> del <strong>Club Gimn\u00e0stica Les Marines<\/strong> va aconseguir una destacada actuaci\u00f3 al <strong>Campionat d&#039;Espanya Individual Base 2025<\/strong>, celebrat al pavell\u00f3 d&#039;esports de <strong>Guadalajara<\/strong>, on es va al\u00e7ar amb <strong>dues medalles de bronze<\/strong> a la categoria infantil 2012. Al llarg de l&#039;extensa jornada, Sophie es va mostrar imparable, pujant al podi en dues ocasions i consolidant-se com una de les grans promeses de la gimn\u00e0stica espanyola.<\/p>\n<p>La jornada va ser llarga i exigent, per\u00f2 Sophie va demostrar una gran capacitat de concentraci\u00f3 i resist\u00e8ncia, mantenint-se ferm en la lluita pels metalls. En una categoria molt competitiva, va ser impossible desbancar-la del <strong>tercer lloc<\/strong> del podi, on es va posicionar amb solidesa, obtenint <strong>dues medalles de bronze<\/strong> que evidencien el nivell de preparaci\u00f3 i esfor\u00e7 de la jove gimnasta calpina.<\/p>\n<p><strong>Tatiana Crimi<\/strong> va brillar amb un <strong>meritori nov\u00e8 lloc<\/strong> a la classificaci\u00f3 general, sent la vuitena millor nota per un empat a la setena pla\u00e7a.<\/p>\n<figure id=\"attachment_16258\" aria-describedby=\"caption-attachment-16258\" style=\"width: 1080px\" class=\"wp-caption alignnone\"><img loading=\"lazy\" decoding=\"async\" class=\"wp-image-16258 size-full\" src=\"https:\/\/media.radiolitoral.com\/wp-content\/uploads\/2025\/04\/15122515\/Sophie-junto-a-sus-companeras.jpg\" alt=\"\" width=\"1080\" height=\"813\" srcset=\"https:\/\/media.radiolitoral.com\/wp-content\/uploads\/2025\/04\/15122515\/Sophie-junto-a-sus-companeras.jpg 1080w, https:\/\/media.radiolitoral.com\/wp-content\/uploads\/2025\/04\/15122515\/Sophie-junto-a-sus-companeras-300x226.jpg 300w, https:\/\/media.radiolitoral.com\/wp-content\/uploads\/2025\/04\/15122515\/Sophie-junto-a-sus-companeras-1024x771.jpg 1024w, https:\/\/media.radiolitoral.com\/wp-content\/uploads\/2025\/04\/15122515\/Sophie-junto-a-sus-companeras-768x578.jpg 768w, https:\/\/media.radiolitoral.com\/wp-content\/uploads\/2025\/04\/15122515\/Sophie-junto-a-sus-companeras-16x12.jpg 16w, https:\/\/media.radiolitoral.com\/wp-content\/uploads\/2025\/04\/15122515\/Sophie-junto-a-sus-companeras-1000x753.jpg 1000w, https:\/\/media.radiolitoral.com\/wp-content\/uploads\/2025\/04\/15122515\/Sophie-junto-a-sus-companeras-100x75.jpg 100w, https:\/\/media.radiolitoral.com\/wp-content\/uploads\/2025\/04\/15122515\/Sophie-junto-a-sus-companeras-200x151.jpg 200w\" sizes=\"auto, (max-width: 1080px) 100vw, 1080px\" \/><figcaption id=\"caption-attachment-16258\" class=\"wp-caption-text\">Expedici\u00f3 calpina a Guadalajara | CG Les Marines<\/figcaption><\/figure>\n<h2><strong>Debut i sorpreses al Campionat Nacional<\/strong><\/h2>\n<p><strong>Alessia Diaconescu<\/strong>, qui amb un exercici din\u00e0mic i sense errors, va aconseguir ser <strong>la 33a classificada<\/strong> entre <strong>155 gimnastes<\/strong> a la categoria alev\u00ed. <strong>Alessia Diaconescu<\/strong>, qui en el seu primer nacional individual es va classificar <strong>a la 46a posici\u00f3<\/strong> entre <strong>123 gimnastes<\/strong> a la categoria benjam\u00ed.<\/p>\n<p><strong>Naiara Fern\u00e1ndez<\/strong>, qui va completar un <strong>exercici perfecte<\/strong>, situant-se a la <strong>38a posici\u00f3<\/strong> de <strong>140 gimnastes<\/strong> en una categoria extremadament competitiva.<\/p>\n<p>La competici\u00f3 tamb\u00e9 va ser una excel\u00b7lent plataforma per a les altres representants del Club Gimn\u00e0stica Les Marines. <strong>Ania Devko, va aconseguir un excel\u00b7lent 16\u00e8 lloc a la classificaci\u00f3 Open.\u00a0<\/strong> <strong>Isabella Guzm\u00e1n<\/strong>,va quedar a la <strong>44a posici\u00f3<\/strong> de <strong>70 gimnastes prebenjamins<\/strong>. <strong>Eva Gencheva<\/strong>, es va col\u00b7locar al lloc <strong>18\u00e8<\/strong>, va sumar valuosa experi\u00e8ncia en aquesta competici\u00f3, deixant clar el seu potencial per a futurs campionats.<\/p>\n<p>El club felicita les seves entrenadores, <strong>Saray<\/strong> i <strong>Mariona<\/strong>, pel seu excel\u00b7lent treball, aix\u00ed com a tot l&#039;equip t\u00e8cnic i directiu que ha donat suport a aquestes joves esportistes en aquest gran \u00e8xit. Aquest resultat \u00e9s un testimoni del talent, l&#039;esfor\u00e7 i la dedicaci\u00f3 de les gimnastes i de tot l&#039;equip que les d\u00f3na suport.<\/p>\n<h2><strong>Jocs Esportius<\/strong><\/h2>\n<p>Dissabte, el club calp\u00ed tamb\u00e9 va participar a la <strong>Fase Auton\u00f2mica dels Jocs Esportius<\/strong>, on diverses gimnastes van demostrar el seu talent.<\/p>\n<figure id=\"attachment_16259\" aria-describedby=\"caption-attachment-16259\" style=\"width: 1080px\" class=\"wp-caption alignnone\"><img loading=\"lazy\" decoding=\"async\" class=\"wp-image-16259 size-full\" src=\"https:\/\/media.radiolitoral.com\/wp-content\/uploads\/2025\/04\/15122553\/Daniela-Yeva-y-Katya.jpg\" alt=\"\" width=\"1080\" height=\"1350\" srcset=\"https:\/\/media.radiolitoral.com\/wp-content\/uploads\/2025\/04\/15122553\/Daniela-Yeva-y-Katya.jpg 1080w, https:\/\/media.radiolitoral.com\/wp-content\/uploads\/2025\/04\/15122553\/Daniela-Yeva-y-Katya-240x300.jpg 240w, https:\/\/media.radiolitoral.com\/wp-content\/uploads\/2025\/04\/15122553\/Daniela-Yeva-y-Katya-819x1024.jpg 819w, https:\/\/media.radiolitoral.com\/wp-content\/uploads\/2025\/04\/15122553\/Daniela-Yeva-y-Katya-768x960.jpg 768w, https:\/\/media.radiolitoral.com\/wp-content\/uploads\/2025\/04\/15122553\/Daniela-Yeva-y-Katya-10x12.jpg 10w, https:\/\/media.radiolitoral.com\/wp-content\/uploads\/2025\/04\/15122553\/Daniela-Yeva-y-Katya-800x1000.jpg 800w, https:\/\/media.radiolitoral.com\/wp-content\/uploads\/2025\/04\/15122553\/Daniela-Yeva-y-Katya-80x100.jpg 80w, https:\/\/media.radiolitoral.com\/wp-content\/uploads\/2025\/04\/15122553\/Daniela-Yeva-y-Katya-160x200.jpg 160w\" sizes=\"auto, (max-width: 1080px) 100vw, 1080px\" \/><figcaption id=\"caption-attachment-16259\" class=\"wp-caption-text\">Daniela, Yeva i Katya | CG Les Marines<\/figcaption><\/figure>\n<ul>\n<li><strong>Daniela Avell\u00e1<\/strong> va ocupar la <strong>desena pla\u00e7a<\/strong> a l&#039;aparell de corda.<\/li>\n<li><strong>Yeva Taranenko<\/strong> va aconseguir la <strong>sisena pla\u00e7a<\/strong> a l&#039;aparell de cinta.<\/li>\n<li><strong>Katya Trukhacheva <\/strong>, a m\u00e9s de ser <strong>subcampiona auton\u00f2mica cadet en pilota<\/strong>, va ser <strong>setena<\/strong> a l&#039;aparell de c\u00e8rcol.<\/li>\n<\/ul>\n<p><script src=\"chrome-extension:\/\/flbolonkboilcbnohjlchlfgdalomdpl\/iFrame.js\" type=\"text\/javascript\"><\/script><\/p>\n<p><script src=\"chrome-extension:\/\/flbolonkboilcbnohjlchlfgdalomdpl\/iFrame.js\" type=\"text\/javascript\"><\/script><\/p>\n<p><script src=\"chrome-extension:\/\/flbolonkboilcbnohjlchlfgdalomdpl\/iFrame.js\" type=\"text\/javascript\"><\/script><\/p>\n<p><script src=\"chrome-extension:\/\/flbolonkboilcbnohjlchlfgdalomdpl\/iFrame.js\" type=\"text\/javascript\"><\/script><\/p>\n<p><script src=\"chrome-extension:\/\/flbolonkboilcbnohjlchlfgdalomdpl\/iFrame.js\" type=\"text\/javascript\"><\/script><\/p>\n<p><script src=\"chrome-extension:\/\/flbolonkboilcbnohjlchlfgdalomdpl\/iFrame.js\" type=\"text\/javascript\"><\/script><\/p>","protected":false},"excerpt":{"rendered":"<p>La gimnasta Sophie O&#8217;Reilly del Club Gimnasia Les Marines logr\u00f3 una destacada actuaci\u00f3n en el Campeonato de Espa\u00f1a Individual Base 2025, celebrado en el pabell\u00f3n de deportes de Guadalajara, donde se alz\u00f3 con dos medallas de bronce en la categor\u00eda infantil 2012. A lo largo de la extensa jornada, Sophie se mostr\u00f3 imparable, subiendo al [&#8230;]<\/p>\n<p><a class=\"btn btn-secondary understrap-read-more-link\" href=\"https:\/\/radiolitoral.com\/ca\/2025\/04\/sophie-oreilly-doble-bronce-en-infantiles\/\">Continua llegint&#8230;<span class=\"screen-reader-text\"> from Sophie O\u2019Reilly doble bronce en infantiles<\/span><\/a><\/p>\n","protected":false},"author":12,"featured_media":16257,"comment_status":"open","ping_status":"closed","sticky":false,"template":"","format":"standard","meta":{"_acf_changed":false,"inline_featured_image":false,"footnotes":""},"categories":[5],"tags":[998,1368,992,880,6,1367,1365,1323,3861,3865,994,1412],"class_list":["post-16256","post","type-post","status-publish","format-standard","has-post-thumbnail","hentry","category-deportes","tag-alessia-diaconescu","tag-ania-devko","tag-club-gimnasia-les-marines","tag-daniela-avella","tag-deportes","tag-eva-gencheva","tag-isabella-guzman","tag-katya-trukhacheva","tag-naiara-fernandez","tag-sophie-oreilly","tag-tatiana-crimi","tag-yeva-taranenko","cobertura-calp"],"acf":[],"yoast_head":"<!-- This site is optimized with the Yoast SEO plugin v27.5 - https:\/\/yoast.com\/product\/yoast-seo-wordpress\/ -->\n<title>Sophie O\u2019Reilly doble bronce en infantiles | R\u00e0dio Litoral<\/title>\n<meta name=\"description\" content=\"La gimnasta del Club Gimnasia Les Marines deslumbr\u00f3 con sus actuaciones en el Campeonato Nacional Individual Base La gimnasta del Club Gimnasia Les Marines deslumbr\u00f3 con sus actuaciones en el Campeonato Nacional Individual Base\" \/>\n<meta name=\"robots\" content=\"index, follow, max-snippet:-1, max-image-preview:large, max-video-preview:-1\" \/>\n<link rel=\"canonical\" href=\"https:\/\/radiolitoral.com\/ca\/2025\/04\/sophie-oreilly-doble-bronze-a-infantils\/\" \/>\n<meta property=\"og:locale\" content=\"ca_ES\" \/>\n<meta property=\"og:type\" content=\"article\" \/>\n<meta property=\"og:title\" content=\"Sophie O\u2019Reilly doble bronce en infantiles | R\u00e0dio Litoral\" \/>\n<meta property=\"og:description\" content=\"La gimnasta del Club Gimnasia Les Marines deslumbr\u00f3 con sus actuaciones en el Campeonato Nacional Individual Base La gimnasta del Club Gimnasia Les Marines deslumbr\u00f3 con sus actuaciones en el Campeonato Nacional Individual Base\" \/>\n<meta property=\"og:url\" content=\"https:\/\/radiolitoral.com\/ca\/2025\/04\/sophie-oreilly-doble-bronze-a-infantils\/\" \/>\n<meta property=\"og:site_name\" content=\"R\u00e0dio Litoral\" \/>\n<meta property=\"article:publisher\" content=\"https:\/\/www.facebook.com\/Laradiolitoral\/\" \/>\n<meta property=\"article:published_time\" content=\"2025-04-16T08:19:03+00:00\" \/>\n<meta property=\"article:modified_time\" content=\"2025-04-16T09:20:39+00:00\" \/>\n<meta property=\"og:image\" content=\"https:\/\/media.radiolitoral.com\/wp-content\/uploads\/2025\/04\/15122445\/Sophie-contenta.jpg\" \/>\n\t<meta property=\"og:image:width\" content=\"1024\" \/>\n\t<meta property=\"og:image:height\" content=\"639\" \/>\n\t<meta property=\"og:image:type\" content=\"image\/jpeg\" \/>\n<meta name=\"author\" content=\"Javier Zamora\" \/>\n<meta name=\"twitter:card\" content=\"summary_large_image\" \/>\n<meta name=\"twitter:label1\" content=\"Escrit per\" \/>\n\t<meta name=\"twitter:data1\" content=\"Javier Zamora\" \/>\n\t<meta name=\"twitter:label2\" content=\"Temps estimat de lectura\" \/>\n\t<meta name=\"twitter:data2\" content=\"3 minuts\" \/>\n<script type=\"application\/ld+json\" class=\"yoast-schema-graph\">{\"@context\":\"https:\\\/\\\/schema.org\",\"@graph\":[{\"@type\":\"NewsArticle\",\"@id\":\"https:\\\/\\\/radiolitoral.com\\\/2025\\\/04\\\/sophie-oreilly-doble-bronce-en-infantiles\\\/#article\",\"isPartOf\":{\"@id\":\"https:\\\/\\\/radiolitoral.com\\\/2025\\\/04\\\/sophie-oreilly-doble-bronce-en-infantiles\\\/\"},\"author\":{\"name\":\"Javier Zamora\",\"@id\":\"https:\\\/\\\/radiolitoral.com\\\/#\\\/schema\\\/person\\\/7b1480b5caeb5acdd4ec6379caf62b22\"},\"headline\":\"Sophie O\u2019Reilly doble bronce en infantiles\",\"datePublished\":\"2025-04-16T08:19:03+00:00\",\"dateModified\":\"2025-04-16T09:20:39+00:00\",\"mainEntityOfPage\":{\"@id\":\"https:\\\/\\\/radiolitoral.com\\\/2025\\\/04\\\/sophie-oreilly-doble-bronce-en-infantiles\\\/\"},\"wordCount\":463,\"commentCount\":0,\"publisher\":{\"@id\":\"https:\\\/\\\/radiolitoral.com\\\/#organization\"},\"image\":{\"@id\":\"https:\\\/\\\/radiolitoral.com\\\/2025\\\/04\\\/sophie-oreilly-doble-bronce-en-infantiles\\\/#primaryimage\"},\"thumbnailUrl\":\"https:\\\/\\\/media.radiolitoral.com\\\/wp-content\\\/uploads\\\/2025\\\/04\\\/15122445\\\/Sophie-contenta.jpg\",\"keywords\":[\"Alessia Diaconescu\",\"Ania Devko\",\"Club Gimnasia Les Marines\",\"Daniela Avell\u00e1\",\"deportes\",\"Eva Gencheva\",\"Isabella Guzm\u00e1n\",\"Katya Trukhacheva\",\"Naiara Fern\u00e1ndez\",\"Sophie O\u2019reilly\",\"Tatiana Crimi\",\"Yeva Taranenko\"],\"articleSection\":[\"Deportes\"],\"inLanguage\":\"ca\",\"potentialAction\":[{\"@type\":\"CommentAction\",\"name\":\"Comment\",\"target\":[\"https:\\\/\\\/radiolitoral.com\\\/2025\\\/04\\\/sophie-oreilly-doble-bronce-en-infantiles\\\/#respond\"]}]},{\"@type\":[\"WebPage\",\"ItemPage\"],\"@id\":\"https:\\\/\\\/radiolitoral.com\\\/2025\\\/04\\\/sophie-oreilly-doble-bronce-en-infantiles\\\/\",\"url\":\"https:\\\/\\\/radiolitoral.com\\\/2025\\\/04\\\/sophie-oreilly-doble-bronce-en-infantiles\\\/\",\"name\":\"Sophie O\u2019Reilly doble bronce en infantiles | R\u00e0dio Litoral\",\"isPartOf\":{\"@id\":\"https:\\\/\\\/radiolitoral.com\\\/#website\"},\"primaryImageOfPage\":{\"@id\":\"https:\\\/\\\/radiolitoral.com\\\/2025\\\/04\\\/sophie-oreilly-doble-bronce-en-infantiles\\\/#primaryimage\"},\"image\":{\"@id\":\"https:\\\/\\\/radiolitoral.com\\\/2025\\\/04\\\/sophie-oreilly-doble-bronce-en-infantiles\\\/#primaryimage\"},\"thumbnailUrl\":\"https:\\\/\\\/media.radiolitoral.com\\\/wp-content\\\/uploads\\\/2025\\\/04\\\/15122445\\\/Sophie-contenta.jpg\",\"datePublished\":\"2025-04-16T08:19:03+00:00\",\"dateModified\":\"2025-04-16T09:20:39+00:00\",\"description\":\"La gimnasta del Club Gimnasia Les Marines deslumbr\u00f3 con sus actuaciones en el Campeonato Nacional Individual Base La gimnasta del Club Gimnasia Les Marines deslumbr\u00f3 con sus actuaciones en el Campeonato Nacional Individual Base\",\"breadcrumb\":{\"@id\":\"https:\\\/\\\/radiolitoral.com\\\/2025\\\/04\\\/sophie-oreilly-doble-bronce-en-infantiles\\\/#breadcrumb\"},\"inLanguage\":\"ca\",\"potentialAction\":[{\"@type\":\"ReadAction\",\"target\":[\"https:\\\/\\\/radiolitoral.com\\\/2025\\\/04\\\/sophie-oreilly-doble-bronce-en-infantiles\\\/\"]}]},{\"@type\":\"ImageObject\",\"inLanguage\":\"ca\",\"@id\":\"https:\\\/\\\/radiolitoral.com\\\/2025\\\/04\\\/sophie-oreilly-doble-bronce-en-infantiles\\\/#primaryimage\",\"url\":\"https:\\\/\\\/media.radiolitoral.com\\\/wp-content\\\/uploads\\\/2025\\\/04\\\/15122445\\\/Sophie-contenta.jpg\",\"contentUrl\":\"https:\\\/\\\/media.radiolitoral.com\\\/wp-content\\\/uploads\\\/2025\\\/04\\\/15122445\\\/Sophie-contenta.jpg\",\"width\":1024,\"height\":639},{\"@type\":\"BreadcrumbList\",\"@id\":\"https:\\\/\\\/radiolitoral.com\\\/2025\\\/04\\\/sophie-oreilly-doble-bronce-en-infantiles\\\/#breadcrumb\",\"itemListElement\":[{\"@type\":\"ListItem\",\"position\":1,\"name\":\"Portada\",\"item\":\"https:\\\/\\\/radiolitoral.com\\\/\"},{\"@type\":\"ListItem\",\"position\":2,\"name\":\"Sophie O\u2019Reilly doble bronce en infantiles\"}]},{\"@type\":\"WebSite\",\"@id\":\"https:\\\/\\\/radiolitoral.com\\\/#website\",\"url\":\"https:\\\/\\\/radiolitoral.com\\\/\",\"name\":\"Radio Litoral\",\"description\":\"La radio local de la Marina Alta\",\"publisher\":{\"@id\":\"https:\\\/\\\/radiolitoral.com\\\/#organization\"},\"alternateName\":\"Litoral FM\",\"potentialAction\":[{\"@type\":\"SearchAction\",\"target\":{\"@type\":\"EntryPoint\",\"urlTemplate\":\"https:\\\/\\\/radiolitoral.com\\\/?s={search_term_string}\"},\"query-input\":{\"@type\":\"PropertyValueSpecification\",\"valueRequired\":true,\"valueName\":\"search_term_string\"}}],\"inLanguage\":\"ca\"},{\"@type\":\"Organization\",\"@id\":\"https:\\\/\\\/radiolitoral.com\\\/#organization\",\"name\":\"Radio Litoral\",\"url\":\"https:\\\/\\\/radiolitoral.com\\\/\",\"logo\":{\"@type\":\"ImageObject\",\"inLanguage\":\"ca\",\"@id\":\"https:\\\/\\\/radiolitoral.com\\\/#\\\/schema\\\/logo\\\/image\\\/\",\"url\":\"https:\\\/\\\/media.radiolitoral.com\\\/wp-content\\\/uploads\\\/2023\\\/02\\\/24143238\\\/CL-V-RadioLitoral696.png\",\"contentUrl\":\"https:\\\/\\\/media.radiolitoral.com\\\/wp-content\\\/uploads\\\/2023\\\/02\\\/24143238\\\/CL-V-RadioLitoral696.png\",\"width\":696,\"height\":696,\"caption\":\"Radio Litoral\"},\"image\":{\"@id\":\"https:\\\/\\\/radiolitoral.com\\\/#\\\/schema\\\/logo\\\/image\\\/\"},\"sameAs\":[\"https:\\\/\\\/www.facebook.com\\\/Laradiolitoral\\\/\"]},{\"@type\":\"Person\",\"@id\":\"https:\\\/\\\/radiolitoral.com\\\/#\\\/schema\\\/person\\\/7b1480b5caeb5acdd4ec6379caf62b22\",\"name\":\"Javier Zamora\",\"image\":{\"@type\":\"ImageObject\",\"inLanguage\":\"ca\",\"@id\":\"https:\\\/\\\/secure.gravatar.com\\\/avatar\\\/467a11f6918c7d619c4043fc6fa2d3853053107973f05b6e9c04ea6c4e3a7b3f?s=96&d=mm&r=g\",\"url\":\"https:\\\/\\\/secure.gravatar.com\\\/avatar\\\/467a11f6918c7d619c4043fc6fa2d3853053107973f05b6e9c04ea6c4e3a7b3f?s=96&d=mm&r=g\",\"contentUrl\":\"https:\\\/\\\/secure.gravatar.com\\\/avatar\\\/467a11f6918c7d619c4043fc6fa2d3853053107973f05b6e9c04ea6c4e3a7b3f?s=96&d=mm&r=g\",\"caption\":\"Javier Zamora\"},\"url\":\"https:\\\/\\\/radiolitoral.com\\\/ca\\\/author\\\/javier-zamora\\\/\"}]}<\/script>\n<!-- \/ Yoast SEO plugin. -->","yoast_head_json":{"title":"Sophie O&#039;Reilly doble bronze a infantils | R\u00e0dio Litoral","description":"La gimnasta del Club Gimn\u00e0stica Les Marines va enlluernar amb les seves actuacions al Campionat Nacional Individual Base La gimnasta del Club Gimn\u00e0stica Les Marines va enlluernar amb les seves actuacions al Campionat Nacional Individual Base","robots":{"index":"index","follow":"follow","max-snippet":"max-snippet:-1","max-image-preview":"max-image-preview:large","max-video-preview":"max-video-preview:-1"},"canonical":"https:\/\/radiolitoral.com\/ca\/2025\/04\/sophie-oreilly-doble-bronze-a-infantils\/","og_locale":"ca_ES","og_type":"article","og_title":"Sophie O\u2019Reilly doble bronce en infantiles | R\u00e0dio Litoral","og_description":"La gimnasta del Club Gimnasia Les Marines deslumbr\u00f3 con sus actuaciones en el Campeonato Nacional Individual Base La gimnasta del Club Gimnasia Les Marines deslumbr\u00f3 con sus actuaciones en el Campeonato Nacional Individual Base","og_url":"https:\/\/radiolitoral.com\/ca\/2025\/04\/sophie-oreilly-doble-bronze-a-infantils\/","og_site_name":"R\u00e0dio Litoral","article_publisher":"https:\/\/www.facebook.com\/Laradiolitoral\/","article_published_time":"2025-04-16T08:19:03+00:00","article_modified_time":"2025-04-16T09:20:39+00:00","og_image":[{"width":1024,"height":639,"url":"https:\/\/media.radiolitoral.com\/wp-content\/uploads\/2025\/04\/15122445\/Sophie-contenta.jpg","type":"image\/jpeg"}],"author":"Javier Zamora","twitter_card":"summary_large_image","twitter_misc":{"Escrit per":"Javier Zamora","Temps estimat de lectura":"3 minuts"},"schema":{"@context":"https:\/\/schema.org","@graph":[{"@type":"NewsArticle","@id":"https:\/\/radiolitoral.com\/2025\/04\/sophie-oreilly-doble-bronce-en-infantiles\/#article","isPartOf":{"@id":"https:\/\/radiolitoral.com\/2025\/04\/sophie-oreilly-doble-bronce-en-infantiles\/"},"author":{"name":"Javier Zamora","@id":"https:\/\/radiolitoral.com\/#\/schema\/person\/7b1480b5caeb5acdd4ec6379caf62b22"},"headline":"Sophie O\u2019Reilly doble bronce en infantiles","datePublished":"2025-04-16T08:19:03+00:00","dateModified":"2025-04-16T09:20:39+00:00","mainEntityOfPage":{"@id":"https:\/\/radiolitoral.com\/2025\/04\/sophie-oreilly-doble-bronce-en-infantiles\/"},"wordCount":463,"commentCount":0,"publisher":{"@id":"https:\/\/radiolitoral.com\/#organization"},"image":{"@id":"https:\/\/radiolitoral.com\/2025\/04\/sophie-oreilly-doble-bronce-en-infantiles\/#primaryimage"},"thumbnailUrl":"https:\/\/media.radiolitoral.com\/wp-content\/uploads\/2025\/04\/15122445\/Sophie-contenta.jpg","keywords":["Alessia Diaconescu","Ania Devko","Club Gimnasia Les Marines","Daniela Avell\u00e1","deportes","Eva Gencheva","Isabella Guzm\u00e1n","Katya Trukhacheva","Naiara Fern\u00e1ndez","Sophie O\u2019reilly","Tatiana Crimi","Yeva Taranenko"],"articleSection":["Deportes"],"inLanguage":"ca","potentialAction":[{"@type":"CommentAction","name":"Comment","target":["https:\/\/radiolitoral.com\/2025\/04\/sophie-oreilly-doble-bronce-en-infantiles\/#respond"]}]},{"@type":["WebPage","ItemPage"],"@id":"https:\/\/radiolitoral.com\/2025\/04\/sophie-oreilly-doble-bronce-en-infantiles\/","url":"https:\/\/radiolitoral.com\/2025\/04\/sophie-oreilly-doble-bronce-en-infantiles\/","name":"Sophie O&#039;Reilly doble bronze a infantils | R\u00e0dio Litoral","isPartOf":{"@id":"https:\/\/radiolitoral.com\/#website"},"primaryImageOfPage":{"@id":"https:\/\/radiolitoral.com\/2025\/04\/sophie-oreilly-doble-bronce-en-infantiles\/#primaryimage"},"image":{"@id":"https:\/\/radiolitoral.com\/2025\/04\/sophie-oreilly-doble-bronce-en-infantiles\/#primaryimage"},"thumbnailUrl":"https:\/\/media.radiolitoral.com\/wp-content\/uploads\/2025\/04\/15122445\/Sophie-contenta.jpg","datePublished":"2025-04-16T08:19:03+00:00","dateModified":"2025-04-16T09:20:39+00:00","description":"La gimnasta del Club Gimn\u00e0stica Les Marines va enlluernar amb les seves actuacions al Campionat Nacional Individual Base La gimnasta del Club Gimn\u00e0stica Les Marines va enlluernar amb les seves actuacions al Campionat Nacional Individual Base","breadcrumb":{"@id":"https:\/\/radiolitoral.com\/2025\/04\/sophie-oreilly-doble-bronce-en-infantiles\/#breadcrumb"},"inLanguage":"ca","potentialAction":[{"@type":"ReadAction","target":["https:\/\/radiolitoral.com\/2025\/04\/sophie-oreilly-doble-bronce-en-infantiles\/"]}]},{"@type":"ImageObject","inLanguage":"ca","@id":"https:\/\/radiolitoral.com\/2025\/04\/sophie-oreilly-doble-bronce-en-infantiles\/#primaryimage","url":"https:\/\/media.radiolitoral.com\/wp-content\/uploads\/2025\/04\/15122445\/Sophie-contenta.jpg","contentUrl":"https:\/\/media.radiolitoral.com\/wp-content\/uploads\/2025\/04\/15122445\/Sophie-contenta.jpg","width":1024,"height":639},{"@type":"BreadcrumbList","@id":"https:\/\/radiolitoral.com\/2025\/04\/sophie-oreilly-doble-bronce-en-infantiles\/#breadcrumb","itemListElement":[{"@type":"ListItem","position":1,"name":"Portada","item":"https:\/\/radiolitoral.com\/"},{"@type":"ListItem","position":2,"name":"Sophie O\u2019Reilly doble bronce en infantiles"}]},{"@type":"WebSite","@id":"https:\/\/radiolitoral.com\/#website","url":"https:\/\/radiolitoral.com\/","name":"R\u00e0dio Litoral","description":"La r\u00e0dio local de la Marina Alta","publisher":{"@id":"https:\/\/radiolitoral.com\/#organization"},"alternateName":"Litoral FM","potentialAction":[{"@type":"SearchAction","target":{"@type":"EntryPoint","urlTemplate":"https:\/\/radiolitoral.com\/?s={search_term_string}"},"query-input":{"@type":"PropertyValueSpecification","valueRequired":true,"valueName":"search_term_string"}}],"inLanguage":"ca"},{"@type":"Organization","@id":"https:\/\/radiolitoral.com\/#organization","name":"R\u00e0dio Litoral","url":"https:\/\/radiolitoral.com\/","logo":{"@type":"ImageObject","inLanguage":"ca","@id":"https:\/\/radiolitoral.com\/#\/schema\/logo\/image\/","url":"https:\/\/media.radiolitoral.com\/wp-content\/uploads\/2023\/02\/24143238\/CL-V-RadioLitoral696.png","contentUrl":"https:\/\/media.radiolitoral.com\/wp-content\/uploads\/2023\/02\/24143238\/CL-V-RadioLitoral696.png","width":696,"height":696,"caption":"Radio Litoral"},"image":{"@id":"https:\/\/radiolitoral.com\/#\/schema\/logo\/image\/"},"sameAs":["https:\/\/www.facebook.com\/Laradiolitoral\/"]},{"@type":"Person","@id":"https:\/\/radiolitoral.com\/#\/schema\/person\/7b1480b5caeb5acdd4ec6379caf62b22","name":"Javier Zamora","image":{"@type":"ImageObject","inLanguage":"ca","@id":"https:\/\/secure.gravatar.com\/avatar\/467a11f6918c7d619c4043fc6fa2d3853053107973f05b6e9c04ea6c4e3a7b3f?s=96&d=mm&r=g","url":"https:\/\/secure.gravatar.com\/avatar\/467a11f6918c7d619c4043fc6fa2d3853053107973f05b6e9c04ea6c4e3a7b3f?s=96&d=mm&r=g","contentUrl":"https:\/\/secure.gravatar.com\/avatar\/467a11f6918c7d619c4043fc6fa2d3853053107973f05b6e9c04ea6c4e3a7b3f?s=96&d=mm&r=g","caption":"Javier Zamora"},"url":"https:\/\/radiolitoral.com\/ca\/author\/javier-zamora\/"}]}},"_links":{"self":[{"href":"https:\/\/radiolitoral.com\/ca\/wp-json\/wp\/v2\/posts\/16256","targetHints":{"allow":["GET"]}}],"collection":[{"href":"https:\/\/radiolitoral.com\/ca\/wp-json\/wp\/v2\/posts"}],"about":[{"href":"https:\/\/radiolitoral.com\/ca\/wp-json\/wp\/v2\/types\/post"}],"author":[{"embeddable":true,"href":"https:\/\/radiolitoral.com\/ca\/wp-json\/wp\/v2\/users\/12"}],"replies":[{"embeddable":true,"href":"https:\/\/radiolitoral.com\/ca\/wp-json\/wp\/v2\/comments?post=16256"}],"version-history":[{"count":8,"href":"https:\/\/radiolitoral.com\/ca\/wp-json\/wp\/v2\/posts\/16256\/revisions"}],"predecessor-version":[{"id":16295,"href":"https:\/\/radiolitoral.com\/ca\/wp-json\/wp\/v2\/posts\/16256\/revisions\/16295"}],"wp:featuredmedia":[{"embeddable":true,"href":"https:\/\/radiolitoral.com\/ca\/wp-json\/wp\/v2\/media\/16257"}],"wp:attachment":[{"href":"https:\/\/radiolitoral.com\/ca\/wp-json\/wp\/v2\/media?parent=16256"}],"wp:term":[{"taxonomy":"category","embeddable":true,"href":"https:\/\/radiolitoral.com\/ca\/wp-json\/wp\/v2\/categories?post=16256"},{"taxonomy":"post_tag","embeddable":true,"href":"https:\/\/radiolitoral.com\/ca\/wp-json\/wp\/v2\/tags?post=16256"}],"curies":[{"name":"wp","href":"https:\/\/api.w.org\/{rel}","templated":true}]}}