{"id":16243,"date":"2025-04-15T10:14:22","date_gmt":"2025-04-15T08:14:22","guid":{"rendered":"https:\/\/radiolitoral.com\/?p=16243"},"modified":"2025-04-15T10:14:22","modified_gmt":"2025-04-15T08:14:22","slug":"el-cb-ifach-sacosta-al-liderat","status":"publish","type":"post","link":"https:\/\/radiolitoral.com\/ca\/2025\/04\/el-cb-ifach-se-acerca-al-liderato\/","title":{"rendered":"El CB Ifach s&#039;acosta al liderat"},"content":{"rendered":"<p>El <strong>Pavell\u00f3 Domingo Crespo<\/strong> va viure una nit de b\u00e0squet d&#039;alt nivell amb un partid\u00e0s entre <strong>CB Ifach Calp<\/strong> i <strong>CB<\/strong> <strong>Tavernes Blanques<\/strong>. Els visitants, amb un nivell alt\u00edssim, van ser una aut\u00e8ntica amena\u00e7a durant tot el matx, per\u00f2 l&#039;equip local va aconseguir una vict\u00f2ria crucial en temps extra, <strong>85-74<\/strong>, que refor\u00e7a la seva posici\u00f3 de cara a les \u00faltimes jornades.<\/p>\n<p>El primer quart no va ser el millor per als de Calp. Amb molts errors i un baix percentatge des del triple, els visitants es van emportar el parcial amb comoditat, 23-30. No obstant, al segon quart, els de <strong>Kike Valle<\/strong> van ajustar la seva defensa i van millorar en atac, cosa que els va permetre capgirar el marcador i marxar al descans per davant, 45-40.<\/p>\n<p>La segona part va estar marcada per la serietat defensiva dels visitants, que van continuar dominant el rebot i aprofitant cada error del CB Ifach Calpe. Quan faltaven cinc minuts, els calpins es van veure a set punts avall. Va ser aleshores quan l&#039;equip local va mostrar el seu car\u00e0cter, amb defenses clau i atacs m\u00e9s estructurats, aconseguint igualar el marcador. Amb nom\u00e9s 24 segons per jugar, el Calp va tenir dos trets per guanyar, per\u00f2 els triples, igual que durant tota la nit, no hi van entrar.<\/p>\n<h2><strong>Pr\u00f2rroga dominada pels locals<\/strong><\/h2>\n<p>Amb tot per decidir, el partit se&#039;n va anar a pr\u00f2rroga i va ser all\u00e0 on el CB Ifach Calpe va mostrar la seva superioritat. Un parcial de 15-6 va ser suficient per deixar sense opcions el seu rival, segellant una vict\u00f2ria important\u00edssima per mantenir la seva lluita pel liderat i assegurar-se la tercera pla\u00e7a quan faltaven tres jornades.<\/p>\n<p>Ara, el CB Ifach Calpe t\u00e9 al davant uns dies per descansar i recarregar energies a la Setmana Santa, abans d&#039;enfrontar un duel clau a la pista de <strong>Montemar<\/strong>, un dels grans equips de la categoria. El cam\u00ed cap al lideratge continua obert!<\/p>\n<p><script src=\"chrome-extension:\/\/flbolonkboilcbnohjlchlfgdalomdpl\/iFrame.js\" type=\"text\/javascript\"><\/script><\/p>","protected":false},"excerpt":{"rendered":"<p>El Pabell\u00f3n Domingo Crespo vivi\u00f3 una noche de baloncesto de alto nivel con un partidazo entre CB Ifach Calpe y CB Tabernes Blanques. Los visitantes, con un nivel alt\u00edsimo, fueron una aut\u00e9ntica amenaza durante todo el encuentro, pero el equipo local logr\u00f3 una victoria crucial en tiempo extra, 85-74, que refuerza su posici\u00f3n de cara [&#8230;]<\/p>\n<p><a class=\"btn btn-secondary understrap-read-more-link\" href=\"https:\/\/radiolitoral.com\/ca\/2025\/04\/el-cb-ifach-se-acerca-al-liderato\/\">Continua llegint&#8230;<span class=\"screen-reader-text\"> from El CB Ifach se acerca al liderato<\/span><\/a><\/p>\n","protected":false},"author":12,"featured_media":16244,"comment_status":"open","ping_status":"closed","sticky":false,"template":"","format":"standard","meta":{"_acf_changed":false,"inline_featured_image":false,"footnotes":""},"categories":[5],"tags":[952,4160,6,2406,4161],"class_list":["post-16243","post","type-post","status-publish","format-standard","has-post-thumbnail","hentry","category-deportes","tag-cb-ifach-calpe","tag-cb-tabernes-blanques","tag-deportes","tag-kike-valle","tag-montemar","cobertura-calp"],"acf":[],"yoast_head":"<!-- This site is optimized with the Yoast SEO plugin v27.5 - https:\/\/yoast.com\/product\/yoast-seo-wordpress\/ -->\n<title>El CB Ifach se acerca al liderato | R\u00e0dio Litoral<\/title>\n<meta name=\"description\" content=\"El equipo que entrena Kike Valle derrot\u00f3 al CB Tabernes Blanques por 95 a 86 tras disputar una pr\u00f3rrogaEl equipo que entrena Kike Valle derrot\u00f3 al CB Tabernes Blanques por 95 a 86 tras disputar una pr\u00f3rroga\" \/>\n<meta name=\"robots\" content=\"index, follow, max-snippet:-1, max-image-preview:large, max-video-preview:-1\" \/>\n<link rel=\"canonical\" href=\"https:\/\/radiolitoral.com\/ca\/2025\/04\/el-cb-ifach-sacosta-al-liderat\/\" \/>\n<meta property=\"og:locale\" content=\"ca_ES\" \/>\n<meta property=\"og:type\" content=\"article\" \/>\n<meta property=\"og:title\" content=\"El CB Ifach se acerca al liderato | R\u00e0dio Litoral\" \/>\n<meta property=\"og:description\" content=\"El equipo que entrena Kike Valle derrot\u00f3 al CB Tabernes Blanques por 95 a 86 tras disputar una pr\u00f3rrogaEl equipo que entrena Kike Valle derrot\u00f3 al CB Tabernes Blanques por 95 a 86 tras disputar una pr\u00f3rroga\" \/>\n<meta property=\"og:url\" content=\"https:\/\/radiolitoral.com\/ca\/2025\/04\/el-cb-ifach-sacosta-al-liderat\/\" \/>\n<meta property=\"og:site_name\" content=\"R\u00e0dio Litoral\" \/>\n<meta property=\"article:publisher\" content=\"https:\/\/www.facebook.com\/Laradiolitoral\/\" \/>\n<meta property=\"article:published_time\" content=\"2025-04-15T08:14:22+00:00\" \/>\n<meta property=\"og:image\" content=\"https:\/\/media.radiolitoral.com\/wp-content\/uploads\/2025\/04\/15101037\/CB-Ifach-Calpe-tras-ganar-al-CB-Tabernes.jpg\" \/>\n\t<meta property=\"og:image:width\" content=\"1348\" \/>\n\t<meta property=\"og:image:height\" content=\"899\" \/>\n\t<meta property=\"og:image:type\" content=\"image\/jpeg\" \/>\n<meta name=\"author\" content=\"Javier Zamora\" \/>\n<meta name=\"twitter:card\" content=\"summary_large_image\" \/>\n<meta name=\"twitter:label1\" content=\"Escrit per\" \/>\n\t<meta name=\"twitter:data1\" content=\"Javier Zamora\" \/>\n\t<meta name=\"twitter:label2\" content=\"Temps estimat de lectura\" \/>\n\t<meta name=\"twitter:data2\" content=\"2 minuts\" \/>\n<script type=\"application\/ld+json\" class=\"yoast-schema-graph\">{\"@context\":\"https:\\\/\\\/schema.org\",\"@graph\":[{\"@type\":\"NewsArticle\",\"@id\":\"https:\\\/\\\/radiolitoral.com\\\/2025\\\/04\\\/el-cb-ifach-se-acerca-al-liderato\\\/#article\",\"isPartOf\":{\"@id\":\"https:\\\/\\\/radiolitoral.com\\\/2025\\\/04\\\/el-cb-ifach-se-acerca-al-liderato\\\/\"},\"author\":{\"name\":\"Javier Zamora\",\"@id\":\"https:\\\/\\\/radiolitoral.com\\\/#\\\/schema\\\/person\\\/7b1480b5caeb5acdd4ec6379caf62b22\"},\"headline\":\"El CB Ifach se acerca al liderato\",\"datePublished\":\"2025-04-15T08:14:22+00:00\",\"mainEntityOfPage\":{\"@id\":\"https:\\\/\\\/radiolitoral.com\\\/2025\\\/04\\\/el-cb-ifach-se-acerca-al-liderato\\\/\"},\"wordCount\":328,\"commentCount\":0,\"publisher\":{\"@id\":\"https:\\\/\\\/radiolitoral.com\\\/#organization\"},\"image\":{\"@id\":\"https:\\\/\\\/radiolitoral.com\\\/2025\\\/04\\\/el-cb-ifach-se-acerca-al-liderato\\\/#primaryimage\"},\"thumbnailUrl\":\"https:\\\/\\\/media.radiolitoral.com\\\/wp-content\\\/uploads\\\/2025\\\/04\\\/15101037\\\/CB-Ifach-Calpe-tras-ganar-al-CB-Tabernes.jpg\",\"keywords\":[\"CB Ifach Calpe\",\"CB Tabernes Blanques\",\"deportes\",\"Kike\u00a0Valle\",\"Montemar\"],\"articleSection\":[\"Deportes\"],\"inLanguage\":\"ca\",\"potentialAction\":[{\"@type\":\"CommentAction\",\"name\":\"Comment\",\"target\":[\"https:\\\/\\\/radiolitoral.com\\\/2025\\\/04\\\/el-cb-ifach-se-acerca-al-liderato\\\/#respond\"]}]},{\"@type\":[\"WebPage\",\"ItemPage\"],\"@id\":\"https:\\\/\\\/radiolitoral.com\\\/2025\\\/04\\\/el-cb-ifach-se-acerca-al-liderato\\\/\",\"url\":\"https:\\\/\\\/radiolitoral.com\\\/2025\\\/04\\\/el-cb-ifach-se-acerca-al-liderato\\\/\",\"name\":\"El CB Ifach se acerca al liderato | R\u00e0dio Litoral\",\"isPartOf\":{\"@id\":\"https:\\\/\\\/radiolitoral.com\\\/#website\"},\"primaryImageOfPage\":{\"@id\":\"https:\\\/\\\/radiolitoral.com\\\/2025\\\/04\\\/el-cb-ifach-se-acerca-al-liderato\\\/#primaryimage\"},\"image\":{\"@id\":\"https:\\\/\\\/radiolitoral.com\\\/2025\\\/04\\\/el-cb-ifach-se-acerca-al-liderato\\\/#primaryimage\"},\"thumbnailUrl\":\"https:\\\/\\\/media.radiolitoral.com\\\/wp-content\\\/uploads\\\/2025\\\/04\\\/15101037\\\/CB-Ifach-Calpe-tras-ganar-al-CB-Tabernes.jpg\",\"datePublished\":\"2025-04-15T08:14:22+00:00\",\"description\":\"El equipo que entrena Kike Valle derrot\u00f3 al CB Tabernes Blanques por 95 a 86 tras disputar una pr\u00f3rrogaEl equipo que entrena Kike Valle derrot\u00f3 al CB Tabernes Blanques por 95 a 86 tras disputar una pr\u00f3rroga\",\"breadcrumb\":{\"@id\":\"https:\\\/\\\/radiolitoral.com\\\/2025\\\/04\\\/el-cb-ifach-se-acerca-al-liderato\\\/#breadcrumb\"},\"inLanguage\":\"ca\",\"potentialAction\":[{\"@type\":\"ReadAction\",\"target\":[\"https:\\\/\\\/radiolitoral.com\\\/2025\\\/04\\\/el-cb-ifach-se-acerca-al-liderato\\\/\"]}]},{\"@type\":\"ImageObject\",\"inLanguage\":\"ca\",\"@id\":\"https:\\\/\\\/radiolitoral.com\\\/2025\\\/04\\\/el-cb-ifach-se-acerca-al-liderato\\\/#primaryimage\",\"url\":\"https:\\\/\\\/media.radiolitoral.com\\\/wp-content\\\/uploads\\\/2025\\\/04\\\/15101037\\\/CB-Ifach-Calpe-tras-ganar-al-CB-Tabernes.jpg\",\"contentUrl\":\"https:\\\/\\\/media.radiolitoral.com\\\/wp-content\\\/uploads\\\/2025\\\/04\\\/15101037\\\/CB-Ifach-Calpe-tras-ganar-al-CB-Tabernes.jpg\",\"width\":1348,\"height\":899},{\"@type\":\"BreadcrumbList\",\"@id\":\"https:\\\/\\\/radiolitoral.com\\\/2025\\\/04\\\/el-cb-ifach-se-acerca-al-liderato\\\/#breadcrumb\",\"itemListElement\":[{\"@type\":\"ListItem\",\"position\":1,\"name\":\"Portada\",\"item\":\"https:\\\/\\\/radiolitoral.com\\\/\"},{\"@type\":\"ListItem\",\"position\":2,\"name\":\"El CB Ifach se acerca al liderato\"}]},{\"@type\":\"WebSite\",\"@id\":\"https:\\\/\\\/radiolitoral.com\\\/#website\",\"url\":\"https:\\\/\\\/radiolitoral.com\\\/\",\"name\":\"Radio Litoral\",\"description\":\"La radio local de la Marina Alta\",\"publisher\":{\"@id\":\"https:\\\/\\\/radiolitoral.com\\\/#organization\"},\"alternateName\":\"Litoral FM\",\"potentialAction\":[{\"@type\":\"SearchAction\",\"target\":{\"@type\":\"EntryPoint\",\"urlTemplate\":\"https:\\\/\\\/radiolitoral.com\\\/?s={search_term_string}\"},\"query-input\":{\"@type\":\"PropertyValueSpecification\",\"valueRequired\":true,\"valueName\":\"search_term_string\"}}],\"inLanguage\":\"ca\"},{\"@type\":\"Organization\",\"@id\":\"https:\\\/\\\/radiolitoral.com\\\/#organization\",\"name\":\"Radio Litoral\",\"url\":\"https:\\\/\\\/radiolitoral.com\\\/\",\"logo\":{\"@type\":\"ImageObject\",\"inLanguage\":\"ca\",\"@id\":\"https:\\\/\\\/radiolitoral.com\\\/#\\\/schema\\\/logo\\\/image\\\/\",\"url\":\"https:\\\/\\\/media.radiolitoral.com\\\/wp-content\\\/uploads\\\/2023\\\/02\\\/24143238\\\/CL-V-RadioLitoral696.png\",\"contentUrl\":\"https:\\\/\\\/media.radiolitoral.com\\\/wp-content\\\/uploads\\\/2023\\\/02\\\/24143238\\\/CL-V-RadioLitoral696.png\",\"width\":696,\"height\":696,\"caption\":\"Radio Litoral\"},\"image\":{\"@id\":\"https:\\\/\\\/radiolitoral.com\\\/#\\\/schema\\\/logo\\\/image\\\/\"},\"sameAs\":[\"https:\\\/\\\/www.facebook.com\\\/Laradiolitoral\\\/\"]},{\"@type\":\"Person\",\"@id\":\"https:\\\/\\\/radiolitoral.com\\\/#\\\/schema\\\/person\\\/7b1480b5caeb5acdd4ec6379caf62b22\",\"name\":\"Javier Zamora\",\"image\":{\"@type\":\"ImageObject\",\"inLanguage\":\"ca\",\"@id\":\"https:\\\/\\\/secure.gravatar.com\\\/avatar\\\/467a11f6918c7d619c4043fc6fa2d3853053107973f05b6e9c04ea6c4e3a7b3f?s=96&d=mm&r=g\",\"url\":\"https:\\\/\\\/secure.gravatar.com\\\/avatar\\\/467a11f6918c7d619c4043fc6fa2d3853053107973f05b6e9c04ea6c4e3a7b3f?s=96&d=mm&r=g\",\"contentUrl\":\"https:\\\/\\\/secure.gravatar.com\\\/avatar\\\/467a11f6918c7d619c4043fc6fa2d3853053107973f05b6e9c04ea6c4e3a7b3f?s=96&d=mm&r=g\",\"caption\":\"Javier Zamora\"},\"url\":\"https:\\\/\\\/radiolitoral.com\\\/ca\\\/author\\\/javier-zamora\\\/\"}]}<\/script>\n<!-- \/ Yoast SEO plugin. -->","yoast_head_json":{"title":"El CB Ifach s&#039;acosta al lideratge | R\u00e0dio Litoral","description":"L&#039;equip que entrena Kike Valle va derrotar el CB Tabernes Blanques per 95 a 86 despr\u00e9s de disputar una pr\u00f2rroga L&#039;equip que entrena Kike Valle va derrotar el CB Tabernes Blanques per 95 a 86 despr\u00e9s de disputar una pr\u00f2rroga","robots":{"index":"index","follow":"follow","max-snippet":"max-snippet:-1","max-image-preview":"max-image-preview:large","max-video-preview":"max-video-preview:-1"},"canonical":"https:\/\/radiolitoral.com\/ca\/2025\/04\/el-cb-ifach-sacosta-al-liderat\/","og_locale":"ca_ES","og_type":"article","og_title":"El CB Ifach se acerca al liderato | R\u00e0dio Litoral","og_description":"El equipo que entrena Kike Valle derrot\u00f3 al CB Tabernes Blanques por 95 a 86 tras disputar una pr\u00f3rrogaEl equipo que entrena Kike Valle derrot\u00f3 al CB Tabernes Blanques por 95 a 86 tras disputar una pr\u00f3rroga","og_url":"https:\/\/radiolitoral.com\/ca\/2025\/04\/el-cb-ifach-sacosta-al-liderat\/","og_site_name":"R\u00e0dio Litoral","article_publisher":"https:\/\/www.facebook.com\/Laradiolitoral\/","article_published_time":"2025-04-15T08:14:22+00:00","og_image":[{"width":1348,"height":899,"url":"https:\/\/media.radiolitoral.com\/wp-content\/uploads\/2025\/04\/15101037\/CB-Ifach-Calpe-tras-ganar-al-CB-Tabernes.jpg","type":"image\/jpeg"}],"author":"Javier Zamora","twitter_card":"summary_large_image","twitter_misc":{"Escrit per":"Javier Zamora","Temps estimat de lectura":"2 minuts"},"schema":{"@context":"https:\/\/schema.org","@graph":[{"@type":"NewsArticle","@id":"https:\/\/radiolitoral.com\/2025\/04\/el-cb-ifach-se-acerca-al-liderato\/#article","isPartOf":{"@id":"https:\/\/radiolitoral.com\/2025\/04\/el-cb-ifach-se-acerca-al-liderato\/"},"author":{"name":"Javier Zamora","@id":"https:\/\/radiolitoral.com\/#\/schema\/person\/7b1480b5caeb5acdd4ec6379caf62b22"},"headline":"El CB Ifach se acerca al liderato","datePublished":"2025-04-15T08:14:22+00:00","mainEntityOfPage":{"@id":"https:\/\/radiolitoral.com\/2025\/04\/el-cb-ifach-se-acerca-al-liderato\/"},"wordCount":328,"commentCount":0,"publisher":{"@id":"https:\/\/radiolitoral.com\/#organization"},"image":{"@id":"https:\/\/radiolitoral.com\/2025\/04\/el-cb-ifach-se-acerca-al-liderato\/#primaryimage"},"thumbnailUrl":"https:\/\/media.radiolitoral.com\/wp-content\/uploads\/2025\/04\/15101037\/CB-Ifach-Calpe-tras-ganar-al-CB-Tabernes.jpg","keywords":["CB Ifach Calpe","CB Tabernes Blanques","deportes","Kike\u00a0Valle","Montemar"],"articleSection":["Deportes"],"inLanguage":"ca","potentialAction":[{"@type":"CommentAction","name":"Comment","target":["https:\/\/radiolitoral.com\/2025\/04\/el-cb-ifach-se-acerca-al-liderato\/#respond"]}]},{"@type":["WebPage","ItemPage"],"@id":"https:\/\/radiolitoral.com\/2025\/04\/el-cb-ifach-se-acerca-al-liderato\/","url":"https:\/\/radiolitoral.com\/2025\/04\/el-cb-ifach-se-acerca-al-liderato\/","name":"El CB Ifach s&#039;acosta al lideratge | R\u00e0dio Litoral","isPartOf":{"@id":"https:\/\/radiolitoral.com\/#website"},"primaryImageOfPage":{"@id":"https:\/\/radiolitoral.com\/2025\/04\/el-cb-ifach-se-acerca-al-liderato\/#primaryimage"},"image":{"@id":"https:\/\/radiolitoral.com\/2025\/04\/el-cb-ifach-se-acerca-al-liderato\/#primaryimage"},"thumbnailUrl":"https:\/\/media.radiolitoral.com\/wp-content\/uploads\/2025\/04\/15101037\/CB-Ifach-Calpe-tras-ganar-al-CB-Tabernes.jpg","datePublished":"2025-04-15T08:14:22+00:00","description":"L&#039;equip que entrena Kike Valle va derrotar el CB Tabernes Blanques per 95 a 86 despr\u00e9s de disputar una pr\u00f2rroga L&#039;equip que entrena Kike Valle va derrotar el CB Tabernes Blanques per 95 a 86 despr\u00e9s de disputar una pr\u00f2rroga","breadcrumb":{"@id":"https:\/\/radiolitoral.com\/2025\/04\/el-cb-ifach-se-acerca-al-liderato\/#breadcrumb"},"inLanguage":"ca","potentialAction":[{"@type":"ReadAction","target":["https:\/\/radiolitoral.com\/2025\/04\/el-cb-ifach-se-acerca-al-liderato\/"]}]},{"@type":"ImageObject","inLanguage":"ca","@id":"https:\/\/radiolitoral.com\/2025\/04\/el-cb-ifach-se-acerca-al-liderato\/#primaryimage","url":"https:\/\/media.radiolitoral.com\/wp-content\/uploads\/2025\/04\/15101037\/CB-Ifach-Calpe-tras-ganar-al-CB-Tabernes.jpg","contentUrl":"https:\/\/media.radiolitoral.com\/wp-content\/uploads\/2025\/04\/15101037\/CB-Ifach-Calpe-tras-ganar-al-CB-Tabernes.jpg","width":1348,"height":899},{"@type":"BreadcrumbList","@id":"https:\/\/radiolitoral.com\/2025\/04\/el-cb-ifach-se-acerca-al-liderato\/#breadcrumb","itemListElement":[{"@type":"ListItem","position":1,"name":"Portada","item":"https:\/\/radiolitoral.com\/"},{"@type":"ListItem","position":2,"name":"El CB Ifach se acerca al liderato"}]},{"@type":"WebSite","@id":"https:\/\/radiolitoral.com\/#website","url":"https:\/\/radiolitoral.com\/","name":"R\u00e0dio Litoral","description":"La r\u00e0dio local de la Marina Alta","publisher":{"@id":"https:\/\/radiolitoral.com\/#organization"},"alternateName":"Litoral FM","potentialAction":[{"@type":"SearchAction","target":{"@type":"EntryPoint","urlTemplate":"https:\/\/radiolitoral.com\/?s={search_term_string}"},"query-input":{"@type":"PropertyValueSpecification","valueRequired":true,"valueName":"search_term_string"}}],"inLanguage":"ca"},{"@type":"Organization","@id":"https:\/\/radiolitoral.com\/#organization","name":"R\u00e0dio Litoral","url":"https:\/\/radiolitoral.com\/","logo":{"@type":"ImageObject","inLanguage":"ca","@id":"https:\/\/radiolitoral.com\/#\/schema\/logo\/image\/","url":"https:\/\/media.radiolitoral.com\/wp-content\/uploads\/2023\/02\/24143238\/CL-V-RadioLitoral696.png","contentUrl":"https:\/\/media.radiolitoral.com\/wp-content\/uploads\/2023\/02\/24143238\/CL-V-RadioLitoral696.png","width":696,"height":696,"caption":"Radio Litoral"},"image":{"@id":"https:\/\/radiolitoral.com\/#\/schema\/logo\/image\/"},"sameAs":["https:\/\/www.facebook.com\/Laradiolitoral\/"]},{"@type":"Person","@id":"https:\/\/radiolitoral.com\/#\/schema\/person\/7b1480b5caeb5acdd4ec6379caf62b22","name":"Javier Zamora","image":{"@type":"ImageObject","inLanguage":"ca","@id":"https:\/\/secure.gravatar.com\/avatar\/467a11f6918c7d619c4043fc6fa2d3853053107973f05b6e9c04ea6c4e3a7b3f?s=96&d=mm&r=g","url":"https:\/\/secure.gravatar.com\/avatar\/467a11f6918c7d619c4043fc6fa2d3853053107973f05b6e9c04ea6c4e3a7b3f?s=96&d=mm&r=g","contentUrl":"https:\/\/secure.gravatar.com\/avatar\/467a11f6918c7d619c4043fc6fa2d3853053107973f05b6e9c04ea6c4e3a7b3f?s=96&d=mm&r=g","caption":"Javier Zamora"},"url":"https:\/\/radiolitoral.com\/ca\/author\/javier-zamora\/"}]}},"_links":{"self":[{"href":"https:\/\/radiolitoral.com\/ca\/wp-json\/wp\/v2\/posts\/16243","targetHints":{"allow":["GET"]}}],"collection":[{"href":"https:\/\/radiolitoral.com\/ca\/wp-json\/wp\/v2\/posts"}],"about":[{"href":"https:\/\/radiolitoral.com\/ca\/wp-json\/wp\/v2\/types\/post"}],"author":[{"embeddable":true,"href":"https:\/\/radiolitoral.com\/ca\/wp-json\/wp\/v2\/users\/12"}],"replies":[{"embeddable":true,"href":"https:\/\/radiolitoral.com\/ca\/wp-json\/wp\/v2\/comments?post=16243"}],"version-history":[{"count":3,"href":"https:\/\/radiolitoral.com\/ca\/wp-json\/wp\/v2\/posts\/16243\/revisions"}],"predecessor-version":[{"id":16247,"href":"https:\/\/radiolitoral.com\/ca\/wp-json\/wp\/v2\/posts\/16243\/revisions\/16247"}],"wp:featuredmedia":[{"embeddable":true,"href":"https:\/\/radiolitoral.com\/ca\/wp-json\/wp\/v2\/media\/16244"}],"wp:attachment":[{"href":"https:\/\/radiolitoral.com\/ca\/wp-json\/wp\/v2\/media?parent=16243"}],"wp:term":[{"taxonomy":"category","embeddable":true,"href":"https:\/\/radiolitoral.com\/ca\/wp-json\/wp\/v2\/categories?post=16243"},{"taxonomy":"post_tag","embeddable":true,"href":"https:\/\/radiolitoral.com\/ca\/wp-json\/wp\/v2\/tags?post=16243"}],"curies":[{"name":"wp","href":"https:\/\/api.w.org\/{rel}","templated":true}]}}