{"id":1623,"date":"2023-03-24T15:46:54","date_gmt":"2023-03-24T14:46:54","guid":{"rendered":"https:\/\/radiolitoral.com\/?p=1623"},"modified":"2023-03-24T15:47:17","modified_gmt":"2023-03-24T14:47:17","slug":"insostenible-i-perillosa-per-als-ciutadans-es-la-situacio-que-viu-la-policia-de-calp","status":"publish","type":"post","link":"https:\/\/radiolitoral.com\/ca\/2023\/03\/insostenible-y-peligrosa-para-los-ciudadanos-es-la-situacion-que-vive-la-policia-de-calp\/","title":{"rendered":"\u201cInsostenible i perillosa per als ciutadans\u201d \u00e9s la situaci\u00f3 que viu la Policia de Calp"},"content":{"rendered":"<p>El <strong>PSOE de Calp, despr\u00e9s de reunir-se amb els sindicats majoritaris de la Policia Local, ent\u00e9n com a necess\u00e0ries les exig\u00e8ncies dels agents i se suma a les seves demandes<\/strong>. \u00c9s per aix\u00f2, que l&#039;equip de campanya dels socialistes, assegura que integrar\u00e0 gran part de les <strong>peticions dels sindicats al seu programa electoral<\/strong>.<\/p>\n<p>Per\u00f2, a m\u00e9s, els socialistes denuncien la inacci\u00f3 continuada de l&#039;actual executiu local, PP i C&#039;s, i com aquesta manera de procedir ha portat les forces de l&#039;ordre a Calp a un estat tan precari com el que pateix la Policia Local en aquests moments.<\/p>\n<p>Des del PSOE posen de manifest que la <strong>manca de dotaci\u00f3 pressupost\u00e0ria, la desorganitzaci\u00f3 de la plantilla d&#039;efectius, el constant deteriorament de les instal\u00b7lacions i els equips de treball ha condu\u00eft que els sindicats cataloguin aquesta situaci\u00f3 com a \u201cinsostenible i perillosa per als ciutadans\u201d<\/strong>. Aix\u00ed ho expressa el <strong>alcaldable socialista, Guillermo Sendra:<\/strong><\/p>\n<audio class=\"wp-audio-shortcode\" id=\"audio-1623-1\" preload=\"none\" style=\"width: 100%;\" controls=\"controls\"><source type=\"audio\/mpeg\" src=\"https:\/\/media.radiolitoral.com\/wp-content\/uploads\/2023\/03\/24153750\/Guillermo-Sendra.mp3?_=1\" \/><a href=\"https:\/\/media.radiolitoral.com\/wp-content\/uploads\/2023\/03\/24153750\/Guillermo-Sendra.mp3\">https:\/\/media.radiolitoral.com\/wp-content\/uploads\/2023\/03\/24153750\/Guillermo-Sendra.mp3<\/a><\/audio>","protected":false},"excerpt":{"rendered":"<p>El PSOE de Calp, despu\u00e9s de reunirse con los sindicatos mayoritarios de la Polic\u00eda Local, entiende como necesarias las exigencias de los agentes y se suma a sus demandas. Es por esto, que el equipo de campa\u00f1a de los socialistas, asegura que integrar\u00e1 gran parte de las peticiones de los sindicatos en su programa electoral. [&#8230;]<\/p>\n<p><a class=\"btn btn-secondary understrap-read-more-link\" href=\"https:\/\/radiolitoral.com\/ca\/2023\/03\/insostenible-y-peligrosa-para-los-ciudadanos-es-la-situacion-que-vive-la-policia-de-calp\/\">Continua llegint&#8230;<span class=\"screen-reader-text\"> from \u00abInsostenible y peligrosa para los ciudadanos\u201d es la situaci\u00f3n que vive la Polic\u00eda de Calp<\/span><\/a><\/p>\n","protected":false},"author":13,"featured_media":1625,"comment_status":"open","ping_status":"closed","sticky":false,"template":"","format":"standard","meta":{"_acf_changed":false,"inline_featured_image":false,"footnotes":""},"categories":[85],"tags":[122,53,256,323],"class_list":["post-1623","post","type-post","status-publish","format-standard","has-post-thumbnail","hentry","category-servicios-publicos","tag-calp","tag-policia","tag-policia-calp","tag-policia-local","cobertura-calp"],"acf":[],"yoast_head":"<!-- This site is optimized with the Yoast SEO plugin v27.5 - https:\/\/yoast.com\/product\/yoast-seo-wordpress\/ -->\n<title>&quot;Insostenible y peligrosa para los ciudadanos\u201d es la situaci\u00f3n que vive la Polic\u00eda de Calp | R\u00e0dio Litoral<\/title>\n<meta name=\"description\" content=\"Los socialistas denuncian la desorganizaci\u00f3n de la plantilla, el deterioro de las instalaciones y los equipos de trabajo\" \/>\n<meta name=\"robots\" content=\"index, follow, max-snippet:-1, max-image-preview:large, max-video-preview:-1\" \/>\n<link rel=\"canonical\" href=\"https:\/\/radiolitoral.com\/ca\/2023\/03\/insostenible-i-perillosa-per-als-ciutadans-es-la-situacio-que-viu-la-policia-de-calp\/\" \/>\n<meta property=\"og:locale\" content=\"ca_ES\" \/>\n<meta property=\"og:type\" content=\"article\" \/>\n<meta property=\"og:title\" content=\"&quot;Insostenible y peligrosa para los ciudadanos\u201d es la situaci\u00f3n que vive la Polic\u00eda de Calp | R\u00e0dio Litoral\" \/>\n<meta property=\"og:description\" content=\"Los socialistas denuncian la desorganizaci\u00f3n de la plantilla, el deterioro de las instalaciones y los equipos de trabajo\" \/>\n<meta property=\"og:url\" content=\"https:\/\/radiolitoral.com\/ca\/2023\/03\/insostenible-i-perillosa-per-als-ciutadans-es-la-situacio-que-viu-la-policia-de-calp\/\" \/>\n<meta property=\"og:site_name\" content=\"R\u00e0dio Litoral\" \/>\n<meta property=\"article:publisher\" content=\"https:\/\/www.facebook.com\/Laradiolitoral\/\" \/>\n<meta property=\"article:published_time\" content=\"2023-03-24T14:46:54+00:00\" \/>\n<meta property=\"article:modified_time\" content=\"2023-03-24T14:47:17+00:00\" \/>\n<meta property=\"og:image\" content=\"https:\/\/media.radiolitoral.com\/wp-content\/uploads\/2023\/03\/24154645\/calpe-2.jpg\" \/>\n\t<meta property=\"og:image:width\" content=\"738\" \/>\n\t<meta property=\"og:image:height\" content=\"675\" \/>\n\t<meta property=\"og:image:type\" content=\"image\/jpeg\" \/>\n<meta name=\"author\" content=\"Redacci\u00f3n\" \/>\n<meta name=\"twitter:card\" content=\"summary_large_image\" \/>\n<meta name=\"twitter:label1\" content=\"Escrit per\" \/>\n\t<meta name=\"twitter:data1\" content=\"Redacci\u00f3n\" \/>\n\t<meta name=\"twitter:label2\" content=\"Temps estimat de lectura\" \/>\n\t<meta name=\"twitter:data2\" content=\"1 minut\" \/>\n<script type=\"application\/ld+json\" class=\"yoast-schema-graph\">{\"@context\":\"https:\\\/\\\/schema.org\",\"@graph\":[{\"@type\":\"NewsArticle\",\"@id\":\"https:\\\/\\\/radiolitoral.com\\\/2023\\\/03\\\/insostenible-y-peligrosa-para-los-ciudadanos-es-la-situacion-que-vive-la-policia-de-calp\\\/#article\",\"isPartOf\":{\"@id\":\"https:\\\/\\\/radiolitoral.com\\\/2023\\\/03\\\/insostenible-y-peligrosa-para-los-ciudadanos-es-la-situacion-que-vive-la-policia-de-calp\\\/\"},\"author\":{\"name\":\"Redacci\u00f3n\",\"@id\":\"https:\\\/\\\/radiolitoral.com\\\/#\\\/schema\\\/person\\\/f2b2343c49b5d721857cc1002bfdb151\"},\"headline\":\"\u00abInsostenible y peligrosa para los ciudadanos\u201d es la situaci\u00f3n que vive la Polic\u00eda de Calp\",\"datePublished\":\"2023-03-24T14:46:54+00:00\",\"dateModified\":\"2023-03-24T14:47:17+00:00\",\"mainEntityOfPage\":{\"@id\":\"https:\\\/\\\/radiolitoral.com\\\/2023\\\/03\\\/insostenible-y-peligrosa-para-los-ciudadanos-es-la-situacion-que-vive-la-policia-de-calp\\\/\"},\"wordCount\":190,\"commentCount\":0,\"publisher\":{\"@id\":\"https:\\\/\\\/radiolitoral.com\\\/#organization\"},\"image\":{\"@id\":\"https:\\\/\\\/radiolitoral.com\\\/2023\\\/03\\\/insostenible-y-peligrosa-para-los-ciudadanos-es-la-situacion-que-vive-la-policia-de-calp\\\/#primaryimage\"},\"thumbnailUrl\":\"https:\\\/\\\/media.radiolitoral.com\\\/wp-content\\\/uploads\\\/2023\\\/03\\\/24154645\\\/calpe-2.jpg\",\"keywords\":[\"Calp\",\"Polic\u00eda\",\"Polic\u00eda Calp\",\"Polic\u00eda Local\"],\"articleSection\":[\"Servicios P\u00fablicos\"],\"inLanguage\":\"ca\",\"potentialAction\":[{\"@type\":\"CommentAction\",\"name\":\"Comment\",\"target\":[\"https:\\\/\\\/radiolitoral.com\\\/2023\\\/03\\\/insostenible-y-peligrosa-para-los-ciudadanos-es-la-situacion-que-vive-la-policia-de-calp\\\/#respond\"]}]},{\"@type\":[\"WebPage\",\"ItemPage\"],\"@id\":\"https:\\\/\\\/radiolitoral.com\\\/2023\\\/03\\\/insostenible-y-peligrosa-para-los-ciudadanos-es-la-situacion-que-vive-la-policia-de-calp\\\/\",\"url\":\"https:\\\/\\\/radiolitoral.com\\\/2023\\\/03\\\/insostenible-y-peligrosa-para-los-ciudadanos-es-la-situacion-que-vive-la-policia-de-calp\\\/\",\"name\":\"\\\"Insostenible y peligrosa para los ciudadanos\u201d es la situaci\u00f3n que vive la Polic\u00eda de Calp | R\u00e0dio Litoral\",\"isPartOf\":{\"@id\":\"https:\\\/\\\/radiolitoral.com\\\/#website\"},\"primaryImageOfPage\":{\"@id\":\"https:\\\/\\\/radiolitoral.com\\\/2023\\\/03\\\/insostenible-y-peligrosa-para-los-ciudadanos-es-la-situacion-que-vive-la-policia-de-calp\\\/#primaryimage\"},\"image\":{\"@id\":\"https:\\\/\\\/radiolitoral.com\\\/2023\\\/03\\\/insostenible-y-peligrosa-para-los-ciudadanos-es-la-situacion-que-vive-la-policia-de-calp\\\/#primaryimage\"},\"thumbnailUrl\":\"https:\\\/\\\/media.radiolitoral.com\\\/wp-content\\\/uploads\\\/2023\\\/03\\\/24154645\\\/calpe-2.jpg\",\"datePublished\":\"2023-03-24T14:46:54+00:00\",\"dateModified\":\"2023-03-24T14:47:17+00:00\",\"description\":\"Los socialistas denuncian la desorganizaci\u00f3n de la plantilla, el deterioro de las instalaciones y los equipos de trabajo\",\"breadcrumb\":{\"@id\":\"https:\\\/\\\/radiolitoral.com\\\/2023\\\/03\\\/insostenible-y-peligrosa-para-los-ciudadanos-es-la-situacion-que-vive-la-policia-de-calp\\\/#breadcrumb\"},\"inLanguage\":\"ca\",\"potentialAction\":[{\"@type\":\"ReadAction\",\"target\":[\"https:\\\/\\\/radiolitoral.com\\\/2023\\\/03\\\/insostenible-y-peligrosa-para-los-ciudadanos-es-la-situacion-que-vive-la-policia-de-calp\\\/\"]}]},{\"@type\":\"ImageObject\",\"inLanguage\":\"ca\",\"@id\":\"https:\\\/\\\/radiolitoral.com\\\/2023\\\/03\\\/insostenible-y-peligrosa-para-los-ciudadanos-es-la-situacion-que-vive-la-policia-de-calp\\\/#primaryimage\",\"url\":\"https:\\\/\\\/media.radiolitoral.com\\\/wp-content\\\/uploads\\\/2023\\\/03\\\/24154645\\\/calpe-2.jpg\",\"contentUrl\":\"https:\\\/\\\/media.radiolitoral.com\\\/wp-content\\\/uploads\\\/2023\\\/03\\\/24154645\\\/calpe-2.jpg\",\"width\":738,\"height\":675},{\"@type\":\"BreadcrumbList\",\"@id\":\"https:\\\/\\\/radiolitoral.com\\\/2023\\\/03\\\/insostenible-y-peligrosa-para-los-ciudadanos-es-la-situacion-que-vive-la-policia-de-calp\\\/#breadcrumb\",\"itemListElement\":[{\"@type\":\"ListItem\",\"position\":1,\"name\":\"Portada\",\"item\":\"https:\\\/\\\/radiolitoral.com\\\/\"},{\"@type\":\"ListItem\",\"position\":2,\"name\":\"\u00abInsostenible y peligrosa para los ciudadanos\u201d es la situaci\u00f3n que vive la Polic\u00eda de Calp\"}]},{\"@type\":\"WebSite\",\"@id\":\"https:\\\/\\\/radiolitoral.com\\\/#website\",\"url\":\"https:\\\/\\\/radiolitoral.com\\\/\",\"name\":\"Radio Litoral\",\"description\":\"La radio local de la Marina Alta\",\"publisher\":{\"@id\":\"https:\\\/\\\/radiolitoral.com\\\/#organization\"},\"alternateName\":\"Litoral FM\",\"potentialAction\":[{\"@type\":\"SearchAction\",\"target\":{\"@type\":\"EntryPoint\",\"urlTemplate\":\"https:\\\/\\\/radiolitoral.com\\\/?s={search_term_string}\"},\"query-input\":{\"@type\":\"PropertyValueSpecification\",\"valueRequired\":true,\"valueName\":\"search_term_string\"}}],\"inLanguage\":\"ca\"},{\"@type\":\"Organization\",\"@id\":\"https:\\\/\\\/radiolitoral.com\\\/#organization\",\"name\":\"Radio Litoral\",\"url\":\"https:\\\/\\\/radiolitoral.com\\\/\",\"logo\":{\"@type\":\"ImageObject\",\"inLanguage\":\"ca\",\"@id\":\"https:\\\/\\\/radiolitoral.com\\\/#\\\/schema\\\/logo\\\/image\\\/\",\"url\":\"https:\\\/\\\/media.radiolitoral.com\\\/wp-content\\\/uploads\\\/2023\\\/02\\\/24143238\\\/CL-V-RadioLitoral696.png\",\"contentUrl\":\"https:\\\/\\\/media.radiolitoral.com\\\/wp-content\\\/uploads\\\/2023\\\/02\\\/24143238\\\/CL-V-RadioLitoral696.png\",\"width\":696,\"height\":696,\"caption\":\"Radio Litoral\"},\"image\":{\"@id\":\"https:\\\/\\\/radiolitoral.com\\\/#\\\/schema\\\/logo\\\/image\\\/\"},\"sameAs\":[\"https:\\\/\\\/www.facebook.com\\\/Laradiolitoral\\\/\"]},{\"@type\":\"Person\",\"@id\":\"https:\\\/\\\/radiolitoral.com\\\/#\\\/schema\\\/person\\\/f2b2343c49b5d721857cc1002bfdb151\",\"name\":\"Redacci\u00f3n\",\"image\":{\"@type\":\"ImageObject\",\"inLanguage\":\"ca\",\"@id\":\"https:\\\/\\\/secure.gravatar.com\\\/avatar\\\/f771d896c203ad8b3382d7905cfcce5a5c9b008b84b3cd9114e9b9f4cb63f789?s=96&d=mm&r=g\",\"url\":\"https:\\\/\\\/secure.gravatar.com\\\/avatar\\\/f771d896c203ad8b3382d7905cfcce5a5c9b008b84b3cd9114e9b9f4cb63f789?s=96&d=mm&r=g\",\"contentUrl\":\"https:\\\/\\\/secure.gravatar.com\\\/avatar\\\/f771d896c203ad8b3382d7905cfcce5a5c9b008b84b3cd9114e9b9f4cb63f789?s=96&d=mm&r=g\",\"caption\":\"Redacci\u00f3n\"},\"url\":\"https:\\\/\\\/radiolitoral.com\\\/ca\\\/author\\\/miriam-pagan\\\/\"}]}<\/script>\n<!-- \/ Yoast SEO plugin. -->","yoast_head_json":{"title":"&quot;Insostenible i perillosa per als ciutadans\u201d \u00e9s la situaci\u00f3 que viu la Policia de Calp | R\u00e0dio Litoral","description":"Els socialistes denuncien la desorganitzaci\u00f3 de la plantilla, el deteriorament de les instal\u00b7lacions i els equips de treball","robots":{"index":"index","follow":"follow","max-snippet":"max-snippet:-1","max-image-preview":"max-image-preview:large","max-video-preview":"max-video-preview:-1"},"canonical":"https:\/\/radiolitoral.com\/ca\/2023\/03\/insostenible-i-perillosa-per-als-ciutadans-es-la-situacio-que-viu-la-policia-de-calp\/","og_locale":"ca_ES","og_type":"article","og_title":"\"Insostenible y peligrosa para los ciudadanos\u201d es la situaci\u00f3n que vive la Polic\u00eda de Calp | R\u00e0dio Litoral","og_description":"Los socialistas denuncian la desorganizaci\u00f3n de la plantilla, el deterioro de las instalaciones y los equipos de trabajo","og_url":"https:\/\/radiolitoral.com\/ca\/2023\/03\/insostenible-i-perillosa-per-als-ciutadans-es-la-situacio-que-viu-la-policia-de-calp\/","og_site_name":"R\u00e0dio Litoral","article_publisher":"https:\/\/www.facebook.com\/Laradiolitoral\/","article_published_time":"2023-03-24T14:46:54+00:00","article_modified_time":"2023-03-24T14:47:17+00:00","og_image":[{"width":738,"height":675,"url":"https:\/\/media.radiolitoral.com\/wp-content\/uploads\/2023\/03\/24154645\/calpe-2.jpg","type":"image\/jpeg"}],"author":"Redacci\u00f3n","twitter_card":"summary_large_image","twitter_misc":{"Escrit per":"Redacci\u00f3n","Temps estimat de lectura":"1 minut"},"schema":{"@context":"https:\/\/schema.org","@graph":[{"@type":"NewsArticle","@id":"https:\/\/radiolitoral.com\/2023\/03\/insostenible-y-peligrosa-para-los-ciudadanos-es-la-situacion-que-vive-la-policia-de-calp\/#article","isPartOf":{"@id":"https:\/\/radiolitoral.com\/2023\/03\/insostenible-y-peligrosa-para-los-ciudadanos-es-la-situacion-que-vive-la-policia-de-calp\/"},"author":{"name":"Redacci\u00f3n","@id":"https:\/\/radiolitoral.com\/#\/schema\/person\/f2b2343c49b5d721857cc1002bfdb151"},"headline":"\u00abInsostenible y peligrosa para los ciudadanos\u201d es la situaci\u00f3n que vive la Polic\u00eda de Calp","datePublished":"2023-03-24T14:46:54+00:00","dateModified":"2023-03-24T14:47:17+00:00","mainEntityOfPage":{"@id":"https:\/\/radiolitoral.com\/2023\/03\/insostenible-y-peligrosa-para-los-ciudadanos-es-la-situacion-que-vive-la-policia-de-calp\/"},"wordCount":190,"commentCount":0,"publisher":{"@id":"https:\/\/radiolitoral.com\/#organization"},"image":{"@id":"https:\/\/radiolitoral.com\/2023\/03\/insostenible-y-peligrosa-para-los-ciudadanos-es-la-situacion-que-vive-la-policia-de-calp\/#primaryimage"},"thumbnailUrl":"https:\/\/media.radiolitoral.com\/wp-content\/uploads\/2023\/03\/24154645\/calpe-2.jpg","keywords":["Calp","Polic\u00eda","Polic\u00eda Calp","Polic\u00eda Local"],"articleSection":["Servicios P\u00fablicos"],"inLanguage":"ca","potentialAction":[{"@type":"CommentAction","name":"Comment","target":["https:\/\/radiolitoral.com\/2023\/03\/insostenible-y-peligrosa-para-los-ciudadanos-es-la-situacion-que-vive-la-policia-de-calp\/#respond"]}]},{"@type":["WebPage","ItemPage"],"@id":"https:\/\/radiolitoral.com\/2023\/03\/insostenible-y-peligrosa-para-los-ciudadanos-es-la-situacion-que-vive-la-policia-de-calp\/","url":"https:\/\/radiolitoral.com\/2023\/03\/insostenible-y-peligrosa-para-los-ciudadanos-es-la-situacion-que-vive-la-policia-de-calp\/","name":"&quot;Insostenible i perillosa per als ciutadans\u201d \u00e9s la situaci\u00f3 que viu la Policia de Calp | R\u00e0dio Litoral","isPartOf":{"@id":"https:\/\/radiolitoral.com\/#website"},"primaryImageOfPage":{"@id":"https:\/\/radiolitoral.com\/2023\/03\/insostenible-y-peligrosa-para-los-ciudadanos-es-la-situacion-que-vive-la-policia-de-calp\/#primaryimage"},"image":{"@id":"https:\/\/radiolitoral.com\/2023\/03\/insostenible-y-peligrosa-para-los-ciudadanos-es-la-situacion-que-vive-la-policia-de-calp\/#primaryimage"},"thumbnailUrl":"https:\/\/media.radiolitoral.com\/wp-content\/uploads\/2023\/03\/24154645\/calpe-2.jpg","datePublished":"2023-03-24T14:46:54+00:00","dateModified":"2023-03-24T14:47:17+00:00","description":"Els socialistes denuncien la desorganitzaci\u00f3 de la plantilla, el deteriorament de les instal\u00b7lacions i els equips de treball","breadcrumb":{"@id":"https:\/\/radiolitoral.com\/2023\/03\/insostenible-y-peligrosa-para-los-ciudadanos-es-la-situacion-que-vive-la-policia-de-calp\/#breadcrumb"},"inLanguage":"ca","potentialAction":[{"@type":"ReadAction","target":["https:\/\/radiolitoral.com\/2023\/03\/insostenible-y-peligrosa-para-los-ciudadanos-es-la-situacion-que-vive-la-policia-de-calp\/"]}]},{"@type":"ImageObject","inLanguage":"ca","@id":"https:\/\/radiolitoral.com\/2023\/03\/insostenible-y-peligrosa-para-los-ciudadanos-es-la-situacion-que-vive-la-policia-de-calp\/#primaryimage","url":"https:\/\/media.radiolitoral.com\/wp-content\/uploads\/2023\/03\/24154645\/calpe-2.jpg","contentUrl":"https:\/\/media.radiolitoral.com\/wp-content\/uploads\/2023\/03\/24154645\/calpe-2.jpg","width":738,"height":675},{"@type":"BreadcrumbList","@id":"https:\/\/radiolitoral.com\/2023\/03\/insostenible-y-peligrosa-para-los-ciudadanos-es-la-situacion-que-vive-la-policia-de-calp\/#breadcrumb","itemListElement":[{"@type":"ListItem","position":1,"name":"Portada","item":"https:\/\/radiolitoral.com\/"},{"@type":"ListItem","position":2,"name":"\u00abInsostenible y peligrosa para los ciudadanos\u201d es la situaci\u00f3n que vive la Polic\u00eda de Calp"}]},{"@type":"WebSite","@id":"https:\/\/radiolitoral.com\/#website","url":"https:\/\/radiolitoral.com\/","name":"R\u00e0dio Litoral","description":"La r\u00e0dio local de la Marina Alta","publisher":{"@id":"https:\/\/radiolitoral.com\/#organization"},"alternateName":"Litoral FM","potentialAction":[{"@type":"SearchAction","target":{"@type":"EntryPoint","urlTemplate":"https:\/\/radiolitoral.com\/?s={search_term_string}"},"query-input":{"@type":"PropertyValueSpecification","valueRequired":true,"valueName":"search_term_string"}}],"inLanguage":"ca"},{"@type":"Organization","@id":"https:\/\/radiolitoral.com\/#organization","name":"R\u00e0dio Litoral","url":"https:\/\/radiolitoral.com\/","logo":{"@type":"ImageObject","inLanguage":"ca","@id":"https:\/\/radiolitoral.com\/#\/schema\/logo\/image\/","url":"https:\/\/media.radiolitoral.com\/wp-content\/uploads\/2023\/02\/24143238\/CL-V-RadioLitoral696.png","contentUrl":"https:\/\/media.radiolitoral.com\/wp-content\/uploads\/2023\/02\/24143238\/CL-V-RadioLitoral696.png","width":696,"height":696,"caption":"Radio Litoral"},"image":{"@id":"https:\/\/radiolitoral.com\/#\/schema\/logo\/image\/"},"sameAs":["https:\/\/www.facebook.com\/Laradiolitoral\/"]},{"@type":"Person","@id":"https:\/\/radiolitoral.com\/#\/schema\/person\/f2b2343c49b5d721857cc1002bfdb151","name":"Redacci\u00f3","image":{"@type":"ImageObject","inLanguage":"ca","@id":"https:\/\/secure.gravatar.com\/avatar\/f771d896c203ad8b3382d7905cfcce5a5c9b008b84b3cd9114e9b9f4cb63f789?s=96&d=mm&r=g","url":"https:\/\/secure.gravatar.com\/avatar\/f771d896c203ad8b3382d7905cfcce5a5c9b008b84b3cd9114e9b9f4cb63f789?s=96&d=mm&r=g","contentUrl":"https:\/\/secure.gravatar.com\/avatar\/f771d896c203ad8b3382d7905cfcce5a5c9b008b84b3cd9114e9b9f4cb63f789?s=96&d=mm&r=g","caption":"Redacci\u00f3n"},"url":"https:\/\/radiolitoral.com\/ca\/author\/miriam-pagan\/"}]}},"_links":{"self":[{"href":"https:\/\/radiolitoral.com\/ca\/wp-json\/wp\/v2\/posts\/1623","targetHints":{"allow":["GET"]}}],"collection":[{"href":"https:\/\/radiolitoral.com\/ca\/wp-json\/wp\/v2\/posts"}],"about":[{"href":"https:\/\/radiolitoral.com\/ca\/wp-json\/wp\/v2\/types\/post"}],"author":[{"embeddable":true,"href":"https:\/\/radiolitoral.com\/ca\/wp-json\/wp\/v2\/users\/13"}],"replies":[{"embeddable":true,"href":"https:\/\/radiolitoral.com\/ca\/wp-json\/wp\/v2\/comments?post=1623"}],"version-history":[{"count":1,"href":"https:\/\/radiolitoral.com\/ca\/wp-json\/wp\/v2\/posts\/1623\/revisions"}],"predecessor-version":[{"id":1626,"href":"https:\/\/radiolitoral.com\/ca\/wp-json\/wp\/v2\/posts\/1623\/revisions\/1626"}],"wp:featuredmedia":[{"embeddable":true,"href":"https:\/\/radiolitoral.com\/ca\/wp-json\/wp\/v2\/media\/1625"}],"wp:attachment":[{"href":"https:\/\/radiolitoral.com\/ca\/wp-json\/wp\/v2\/media?parent=1623"}],"wp:term":[{"taxonomy":"category","embeddable":true,"href":"https:\/\/radiolitoral.com\/ca\/wp-json\/wp\/v2\/categories?post=1623"},{"taxonomy":"post_tag","embeddable":true,"href":"https:\/\/radiolitoral.com\/ca\/wp-json\/wp\/v2\/tags?post=1623"}],"curies":[{"name":"wp","href":"https:\/\/api.w.org\/{rel}","templated":true}]}}