{"id":16213,"date":"2025-04-14T10:00:17","date_gmt":"2025-04-14T08:00:17","guid":{"rendered":"https:\/\/radiolitoral.com\/?p=16213"},"modified":"2025-04-14T10:04:03","modified_gmt":"2025-04-14T08:04:03","slug":"cessar-lopez-i-ma-isabel-ferrer-guanyadors-de-la-volta-a-peu-a-denia","status":"publish","type":"post","link":"https:\/\/radiolitoral.com\/ca\/2025\/04\/cesar-lopez-y-ma-isabel-ferrer-ganadores-de-la-volta-a-peu-a-denia\/","title":{"rendered":"C\u00e9sar L\u00f3pez i M\u00aa Isabel Ferrer guanyadors de la Volta a Peu a D\u00e9nia"},"content":{"rendered":"<p>La <strong>Volta a Peu de D\u00e9nia<\/strong>, un dels esdeveniments esportius m\u00e9s esperats de la ciutat, es va celebrar amb un \u00e8xit rotund el passat cap de setmana, reunint a <strong>1.500 corredors<\/strong> en una prova vibrant plena desfor\u00e7, emoci\u00f3 i camaraderia. La cita no va ser nom\u00e9s un desafiament f\u00edsic, sin\u00f3 tamb\u00e9 una celebraci\u00f3 de la comunitat local, amb la ciutat de D\u00e9nia com a escenari d&#039;una aut\u00e8ntica festa de l&#039;esport.<\/p>\n<p>La <strong>prova reina<\/strong> va deixar els atletes amb la pell de gallina, amb <strong>C\u00e8sar L\u00f3pez<\/strong>, del <strong>CE La Vespa de Novetl\u00e8<\/strong>, destacant en la categoria masculina en aconseguir la vict\u00f2ria amb un temps oficial de <strong>31:34<\/strong>. A la categoria femenina, la guanyadora va ser<strong> Maria<\/strong> <strong>Isabel Ferrer<\/strong>, del <strong>CE<\/strong> <strong>Llebeig X\u00e0bia<\/strong>, qui va tornar a demostrar el seu domini a la prova, creuant la meta amb un temps de <strong>35:27<\/strong>.<\/p>\n<figure id=\"attachment_16217\" aria-describedby=\"caption-attachment-16217\" style=\"width: 2560px\" class=\"wp-caption alignnone\"><img loading=\"lazy\" decoding=\"async\" class=\"wp-image-16217 size-full\" src=\"https:\/\/media.radiolitoral.com\/wp-content\/uploads\/2025\/04\/14100141\/DSC_0143-scaled.jpg\" alt=\"\" width=\"2560\" height=\"1707\" srcset=\"https:\/\/media.radiolitoral.com\/wp-content\/uploads\/2025\/04\/14100141\/DSC_0143-scaled.jpg 2560w, https:\/\/media.radiolitoral.com\/wp-content\/uploads\/2025\/04\/14100141\/DSC_0143-300x200.jpg 300w, https:\/\/media.radiolitoral.com\/wp-content\/uploads\/2025\/04\/14100141\/DSC_0143-1024x683.jpg 1024w, https:\/\/media.radiolitoral.com\/wp-content\/uploads\/2025\/04\/14100141\/DSC_0143-768x512.jpg 768w, https:\/\/media.radiolitoral.com\/wp-content\/uploads\/2025\/04\/14100141\/DSC_0143-1536x1024.jpg 1536w, https:\/\/media.radiolitoral.com\/wp-content\/uploads\/2025\/04\/14100141\/DSC_0143-2048x1365.jpg 2048w, https:\/\/media.radiolitoral.com\/wp-content\/uploads\/2025\/04\/14100141\/DSC_0143-18x12.jpg 18w, https:\/\/media.radiolitoral.com\/wp-content\/uploads\/2025\/04\/14100141\/DSC_0143-1000x667.jpg 1000w, https:\/\/media.radiolitoral.com\/wp-content\/uploads\/2025\/04\/14100141\/DSC_0143-100x67.jpg 100w, https:\/\/media.radiolitoral.com\/wp-content\/uploads\/2025\/04\/14100141\/DSC_0143-200x133.jpg 200w\" sizes=\"auto, (max-width: 2560px) 100vw, 2560px\" \/><figcaption id=\"caption-attachment-16217\" class=\"wp-caption-text\">Els millors absoluts | J. Zamora<\/figcaption><\/figure>\n<h2><strong>Podi mascul\u00ed<\/strong><\/h2>\n<p>El segon lloc mascul\u00ed va ser per <strong>Jorge Mateu<\/strong>, del <strong>CA Marathon Crevillent<\/strong>, qui va completar la carrera amb gran determinaci\u00f3, mentre que <strong>Moha Rida Younes<\/strong>, del CE Llebeig X\u00e0bia, es va emportar el tercer lloc, tancant un podi molt competitiu i ple de qualitat.<\/p>\n<h2><strong>Podi femen\u00ed<\/strong><\/h2>\n<p>A la categoria femenina, el segon lloc va ser per <strong>Andrea Abad<\/strong>, del <strong>CA Publidom<\/strong>, qui va donar el millor de si mateixa durant tota la carrera. <strong>Irina Lumanova<\/strong>, del <strong>CA Altea<\/strong>, va ocupar la tercera pla\u00e7a, demostrant una vegada m\u00e9s la seva habilitat i resist\u00e8ncia en les competicions de fons.<\/p>\n<figure id=\"attachment_16218\" aria-describedby=\"caption-attachment-16218\" style=\"width: 2560px\" class=\"wp-caption alignnone\"><img loading=\"lazy\" decoding=\"async\" class=\"wp-image-16218 size-full\" src=\"https:\/\/media.radiolitoral.com\/wp-content\/uploads\/2025\/04\/14100243\/DSC_0153-scaled.jpg\" alt=\"\" width=\"2560\" height=\"1707\" srcset=\"https:\/\/media.radiolitoral.com\/wp-content\/uploads\/2025\/04\/14100243\/DSC_0153-scaled.jpg 2560w, https:\/\/media.radiolitoral.com\/wp-content\/uploads\/2025\/04\/14100243\/DSC_0153-300x200.jpg 300w, https:\/\/media.radiolitoral.com\/wp-content\/uploads\/2025\/04\/14100243\/DSC_0153-1024x683.jpg 1024w, https:\/\/media.radiolitoral.com\/wp-content\/uploads\/2025\/04\/14100243\/DSC_0153-768x512.jpg 768w, https:\/\/media.radiolitoral.com\/wp-content\/uploads\/2025\/04\/14100243\/DSC_0153-1536x1024.jpg 1536w, https:\/\/media.radiolitoral.com\/wp-content\/uploads\/2025\/04\/14100243\/DSC_0153-2048x1365.jpg 2048w, https:\/\/media.radiolitoral.com\/wp-content\/uploads\/2025\/04\/14100243\/DSC_0153-18x12.jpg 18w, https:\/\/media.radiolitoral.com\/wp-content\/uploads\/2025\/04\/14100243\/DSC_0153-1000x667.jpg 1000w, https:\/\/media.radiolitoral.com\/wp-content\/uploads\/2025\/04\/14100243\/DSC_0153-100x67.jpg 100w, https:\/\/media.radiolitoral.com\/wp-content\/uploads\/2025\/04\/14100243\/DSC_0153-200x133.jpg 200w\" sizes=\"auto, (max-width: 2560px) 100vw, 2560px\" \/><figcaption id=\"caption-attachment-16218\" class=\"wp-caption-text\">M\u00aa Isabel Ferrer guanyadora | J.Zamora<\/figcaption><\/figure>\n<p>M\u00e9s enll\u00e0 dels resultats esportius, la Volta a Peu a D\u00e9nia es va consolidar com un esdeveniment que va m\u00e9s enll\u00e0 de l&#039;atletisme. La prova no nom\u00e9s va ser un desafiament f\u00edsic per als corredors, sin\u00f3 que es va convertir en un <strong>esdeveniment social<\/strong> que va involucrar tota la comunitat local. Durant el recorregut, els participants van anar acompanyats pels animosos aplaudiments dels ve\u00efns, que van sortir als carrers per animar els corredors, creant un ambient \u00fanic i ple d&#039;energia.<\/p>\n<p>El pas dels corredors pels principals punts de la ciutat va permetre que la cursa emboliqu\u00e9s tota la ciutat de D\u00e9nia, sent un esdeveniment que ja forma part del calendari esportiu i social de la localitat.<\/p>\n<p>La <strong>Volta a Peu<\/strong> es va consolidar com un dels esdeveniments m\u00e9s importants per a la comunitat esportiva de D\u00e9nia, a m\u00e9s de servir com a plataforma per a l&#039;esport inclusiu i el foment de l&#039;activitat f\u00edsica entre totes les edats.<\/p>\n<p><script src=\"chrome-extension:\/\/flbolonkboilcbnohjlchlfgdalomdpl\/iFrame.js\" type=\"text\/javascript\"><\/script><\/p>\n<p><script src=\"chrome-extension:\/\/flbolonkboilcbnohjlchlfgdalomdpl\/iFrame.js\" type=\"text\/javascript\"><\/script><\/p>","protected":false},"excerpt":{"rendered":"<p>La Volta a Peu de D\u00e9nia, uno de los eventos deportivos m\u00e1s esperados de la ciudad, se celebr\u00f3 con un \u00e9xito rotundo el pasado fin de semana, reuniendo a 1.500 corredores en una prueba vibrante llena de esfuerzo, emoci\u00f3n y camarader\u00eda. La cita no solo fue un desaf\u00edo f\u00edsico, sino tambi\u00e9n una celebraci\u00f3n de la [&#8230;]<\/p>\n<p><a class=\"btn btn-secondary understrap-read-more-link\" href=\"https:\/\/radiolitoral.com\/ca\/2025\/04\/cesar-lopez-y-ma-isabel-ferrer-ganadores-de-la-volta-a-peu-a-denia\/\">Continua llegint&#8230;<span class=\"screen-reader-text\"> from C\u00e9sar L\u00f3pez y M\u00aa Isabel Ferrer ganadores de la Volta a Peu a D\u00e9nia<\/span><\/a><\/p>\n","protected":false},"author":12,"featured_media":16215,"comment_status":"open","ping_status":"closed","sticky":false,"template":"","format":"standard","meta":{"_acf_changed":false,"inline_featured_image":false,"footnotes":""},"categories":[5],"tags":[1261,4150,6,3835,4151,1043,1039,1250],"class_list":["post-16213","post","type-post","status-publish","format-standard","has-post-thumbnail","hentry","category-deportes","tag-andrea-abad","tag-cesar-lopez","tag-deportes","tag-irina-lumanova","tag-jorge-mateu","tag-maria-isabel-ferrer","tag-moha-rida","tag-volta-a-peu-a-denia","cobertura-denia"],"acf":[],"yoast_head":"<!-- This site is optimized with the Yoast SEO plugin v27.5 - https:\/\/yoast.com\/product\/yoast-seo-wordpress\/ -->\n<title>C\u00e9sar L\u00f3pez y M\u00aa Isabel Ferrer ganadores de la Volta a Peu a D\u00e9nia | R\u00e0dio Litoral<\/title>\n<meta name=\"description\" content=\"La carrera del Circuit a Peu Marina Alta congreg\u00f3 a m\u00e1s de 1.500 atletas y a un p\u00fablico que disfrut\u00f3 del espect\u00e1culo animando a los atletas La carrera del Circuit a Peu Marina Alta congreg\u00f3 a m\u00e1s de 1.500 atletas y a un p\u00fablico que disfrut\u00f3 del espect\u00e1culo animando a los atletas\" \/>\n<meta name=\"robots\" content=\"index, follow, max-snippet:-1, max-image-preview:large, max-video-preview:-1\" \/>\n<link rel=\"canonical\" href=\"https:\/\/radiolitoral.com\/ca\/2025\/04\/cessar-lopez-i-ma-isabel-ferrer-guanyadors-de-la-volta-a-peu-a-denia\/\" \/>\n<meta property=\"og:locale\" content=\"ca_ES\" \/>\n<meta property=\"og:type\" content=\"article\" \/>\n<meta property=\"og:title\" content=\"C\u00e9sar L\u00f3pez y M\u00aa Isabel Ferrer ganadores de la Volta a Peu a D\u00e9nia | R\u00e0dio Litoral\" \/>\n<meta property=\"og:description\" content=\"La carrera del Circuit a Peu Marina Alta congreg\u00f3 a m\u00e1s de 1.500 atletas y a un p\u00fablico que disfrut\u00f3 del espect\u00e1culo animando a los atletas La carrera del Circuit a Peu Marina Alta congreg\u00f3 a m\u00e1s de 1.500 atletas y a un p\u00fablico que disfrut\u00f3 del espect\u00e1culo animando a los atletas\" \/>\n<meta property=\"og:url\" content=\"https:\/\/radiolitoral.com\/ca\/2025\/04\/cessar-lopez-i-ma-isabel-ferrer-guanyadors-de-la-volta-a-peu-a-denia\/\" \/>\n<meta property=\"og:site_name\" content=\"R\u00e0dio Litoral\" \/>\n<meta property=\"article:publisher\" content=\"https:\/\/www.facebook.com\/Laradiolitoral\/\" \/>\n<meta property=\"article:published_time\" content=\"2025-04-14T08:00:17+00:00\" \/>\n<meta property=\"article:modified_time\" content=\"2025-04-14T08:04:03+00:00\" \/>\n<meta property=\"og:image\" content=\"https:\/\/media.radiolitoral.com\/wp-content\/uploads\/2025\/04\/14100114\/DSC_0131-scaled.jpg\" \/>\n\t<meta property=\"og:image:width\" content=\"2560\" \/>\n\t<meta property=\"og:image:height\" content=\"1707\" \/>\n\t<meta property=\"og:image:type\" content=\"image\/jpeg\" \/>\n<meta name=\"author\" content=\"Javier Zamora\" \/>\n<meta name=\"twitter:card\" content=\"summary_large_image\" \/>\n<meta name=\"twitter:label1\" content=\"Escrit per\" \/>\n\t<meta name=\"twitter:data1\" content=\"Javier Zamora\" \/>\n\t<meta name=\"twitter:label2\" content=\"Temps estimat de lectura\" \/>\n\t<meta name=\"twitter:data2\" content=\"3 minuts\" \/>\n<script type=\"application\/ld+json\" class=\"yoast-schema-graph\">{\"@context\":\"https:\\\/\\\/schema.org\",\"@graph\":[{\"@type\":\"NewsArticle\",\"@id\":\"https:\\\/\\\/radiolitoral.com\\\/2025\\\/04\\\/cesar-lopez-y-ma-isabel-ferrer-ganadores-de-la-volta-a-peu-a-denia\\\/#article\",\"isPartOf\":{\"@id\":\"https:\\\/\\\/radiolitoral.com\\\/2025\\\/04\\\/cesar-lopez-y-ma-isabel-ferrer-ganadores-de-la-volta-a-peu-a-denia\\\/\"},\"author\":{\"name\":\"Javier Zamora\",\"@id\":\"https:\\\/\\\/radiolitoral.com\\\/#\\\/schema\\\/person\\\/7b1480b5caeb5acdd4ec6379caf62b22\"},\"headline\":\"C\u00e9sar L\u00f3pez y M\u00aa Isabel Ferrer ganadores de la Volta a Peu a D\u00e9nia\",\"datePublished\":\"2025-04-14T08:00:17+00:00\",\"dateModified\":\"2025-04-14T08:04:03+00:00\",\"mainEntityOfPage\":{\"@id\":\"https:\\\/\\\/radiolitoral.com\\\/2025\\\/04\\\/cesar-lopez-y-ma-isabel-ferrer-ganadores-de-la-volta-a-peu-a-denia\\\/\"},\"wordCount\":459,\"commentCount\":0,\"publisher\":{\"@id\":\"https:\\\/\\\/radiolitoral.com\\\/#organization\"},\"image\":{\"@id\":\"https:\\\/\\\/radiolitoral.com\\\/2025\\\/04\\\/cesar-lopez-y-ma-isabel-ferrer-ganadores-de-la-volta-a-peu-a-denia\\\/#primaryimage\"},\"thumbnailUrl\":\"https:\\\/\\\/media.radiolitoral.com\\\/wp-content\\\/uploads\\\/2025\\\/04\\\/14100114\\\/DSC_0131-scaled.jpg\",\"keywords\":[\"Andrea Abad\",\"C\u00e9sar L\u00f3pez\",\"deportes\",\"Irina Lumanova\",\"Jorge Mateu\",\"Mar\u00eda Isabel Ferrer\",\"Moha Rida\",\"Volta a Peu a D\u00e9nia\"],\"articleSection\":[\"Deportes\"],\"inLanguage\":\"ca\",\"potentialAction\":[{\"@type\":\"CommentAction\",\"name\":\"Comment\",\"target\":[\"https:\\\/\\\/radiolitoral.com\\\/2025\\\/04\\\/cesar-lopez-y-ma-isabel-ferrer-ganadores-de-la-volta-a-peu-a-denia\\\/#respond\"]}]},{\"@type\":[\"WebPage\",\"ItemPage\"],\"@id\":\"https:\\\/\\\/radiolitoral.com\\\/2025\\\/04\\\/cesar-lopez-y-ma-isabel-ferrer-ganadores-de-la-volta-a-peu-a-denia\\\/\",\"url\":\"https:\\\/\\\/radiolitoral.com\\\/2025\\\/04\\\/cesar-lopez-y-ma-isabel-ferrer-ganadores-de-la-volta-a-peu-a-denia\\\/\",\"name\":\"C\u00e9sar L\u00f3pez y M\u00aa Isabel Ferrer ganadores de la Volta a Peu a D\u00e9nia | R\u00e0dio Litoral\",\"isPartOf\":{\"@id\":\"https:\\\/\\\/radiolitoral.com\\\/#website\"},\"primaryImageOfPage\":{\"@id\":\"https:\\\/\\\/radiolitoral.com\\\/2025\\\/04\\\/cesar-lopez-y-ma-isabel-ferrer-ganadores-de-la-volta-a-peu-a-denia\\\/#primaryimage\"},\"image\":{\"@id\":\"https:\\\/\\\/radiolitoral.com\\\/2025\\\/04\\\/cesar-lopez-y-ma-isabel-ferrer-ganadores-de-la-volta-a-peu-a-denia\\\/#primaryimage\"},\"thumbnailUrl\":\"https:\\\/\\\/media.radiolitoral.com\\\/wp-content\\\/uploads\\\/2025\\\/04\\\/14100114\\\/DSC_0131-scaled.jpg\",\"datePublished\":\"2025-04-14T08:00:17+00:00\",\"dateModified\":\"2025-04-14T08:04:03+00:00\",\"description\":\"La carrera del Circuit a Peu Marina Alta congreg\u00f3 a m\u00e1s de 1.500 atletas y a un p\u00fablico que disfrut\u00f3 del espect\u00e1culo animando a los atletas La carrera del Circuit a Peu Marina Alta congreg\u00f3 a m\u00e1s de 1.500 atletas y a un p\u00fablico que disfrut\u00f3 del espect\u00e1culo animando a los atletas\",\"breadcrumb\":{\"@id\":\"https:\\\/\\\/radiolitoral.com\\\/2025\\\/04\\\/cesar-lopez-y-ma-isabel-ferrer-ganadores-de-la-volta-a-peu-a-denia\\\/#breadcrumb\"},\"inLanguage\":\"ca\",\"potentialAction\":[{\"@type\":\"ReadAction\",\"target\":[\"https:\\\/\\\/radiolitoral.com\\\/2025\\\/04\\\/cesar-lopez-y-ma-isabel-ferrer-ganadores-de-la-volta-a-peu-a-denia\\\/\"]}]},{\"@type\":\"ImageObject\",\"inLanguage\":\"ca\",\"@id\":\"https:\\\/\\\/radiolitoral.com\\\/2025\\\/04\\\/cesar-lopez-y-ma-isabel-ferrer-ganadores-de-la-volta-a-peu-a-denia\\\/#primaryimage\",\"url\":\"https:\\\/\\\/media.radiolitoral.com\\\/wp-content\\\/uploads\\\/2025\\\/04\\\/14100114\\\/DSC_0131-scaled.jpg\",\"contentUrl\":\"https:\\\/\\\/media.radiolitoral.com\\\/wp-content\\\/uploads\\\/2025\\\/04\\\/14100114\\\/DSC_0131-scaled.jpg\",\"width\":2560,\"height\":1707},{\"@type\":\"BreadcrumbList\",\"@id\":\"https:\\\/\\\/radiolitoral.com\\\/2025\\\/04\\\/cesar-lopez-y-ma-isabel-ferrer-ganadores-de-la-volta-a-peu-a-denia\\\/#breadcrumb\",\"itemListElement\":[{\"@type\":\"ListItem\",\"position\":1,\"name\":\"Portada\",\"item\":\"https:\\\/\\\/radiolitoral.com\\\/\"},{\"@type\":\"ListItem\",\"position\":2,\"name\":\"C\u00e9sar L\u00f3pez y M\u00aa Isabel Ferrer ganadores de la Volta a Peu a D\u00e9nia\"}]},{\"@type\":\"WebSite\",\"@id\":\"https:\\\/\\\/radiolitoral.com\\\/#website\",\"url\":\"https:\\\/\\\/radiolitoral.com\\\/\",\"name\":\"Radio Litoral\",\"description\":\"La radio local de la Marina Alta\",\"publisher\":{\"@id\":\"https:\\\/\\\/radiolitoral.com\\\/#organization\"},\"alternateName\":\"Litoral FM\",\"potentialAction\":[{\"@type\":\"SearchAction\",\"target\":{\"@type\":\"EntryPoint\",\"urlTemplate\":\"https:\\\/\\\/radiolitoral.com\\\/?s={search_term_string}\"},\"query-input\":{\"@type\":\"PropertyValueSpecification\",\"valueRequired\":true,\"valueName\":\"search_term_string\"}}],\"inLanguage\":\"ca\"},{\"@type\":\"Organization\",\"@id\":\"https:\\\/\\\/radiolitoral.com\\\/#organization\",\"name\":\"Radio Litoral\",\"url\":\"https:\\\/\\\/radiolitoral.com\\\/\",\"logo\":{\"@type\":\"ImageObject\",\"inLanguage\":\"ca\",\"@id\":\"https:\\\/\\\/radiolitoral.com\\\/#\\\/schema\\\/logo\\\/image\\\/\",\"url\":\"https:\\\/\\\/media.radiolitoral.com\\\/wp-content\\\/uploads\\\/2023\\\/02\\\/24143238\\\/CL-V-RadioLitoral696.png\",\"contentUrl\":\"https:\\\/\\\/media.radiolitoral.com\\\/wp-content\\\/uploads\\\/2023\\\/02\\\/24143238\\\/CL-V-RadioLitoral696.png\",\"width\":696,\"height\":696,\"caption\":\"Radio Litoral\"},\"image\":{\"@id\":\"https:\\\/\\\/radiolitoral.com\\\/#\\\/schema\\\/logo\\\/image\\\/\"},\"sameAs\":[\"https:\\\/\\\/www.facebook.com\\\/Laradiolitoral\\\/\"]},{\"@type\":\"Person\",\"@id\":\"https:\\\/\\\/radiolitoral.com\\\/#\\\/schema\\\/person\\\/7b1480b5caeb5acdd4ec6379caf62b22\",\"name\":\"Javier Zamora\",\"image\":{\"@type\":\"ImageObject\",\"inLanguage\":\"ca\",\"@id\":\"https:\\\/\\\/secure.gravatar.com\\\/avatar\\\/467a11f6918c7d619c4043fc6fa2d3853053107973f05b6e9c04ea6c4e3a7b3f?s=96&d=mm&r=g\",\"url\":\"https:\\\/\\\/secure.gravatar.com\\\/avatar\\\/467a11f6918c7d619c4043fc6fa2d3853053107973f05b6e9c04ea6c4e3a7b3f?s=96&d=mm&r=g\",\"contentUrl\":\"https:\\\/\\\/secure.gravatar.com\\\/avatar\\\/467a11f6918c7d619c4043fc6fa2d3853053107973f05b6e9c04ea6c4e3a7b3f?s=96&d=mm&r=g\",\"caption\":\"Javier Zamora\"},\"url\":\"https:\\\/\\\/radiolitoral.com\\\/ca\\\/author\\\/javier-zamora\\\/\"}]}<\/script>\n<!-- \/ Yoast SEO plugin. -->","yoast_head_json":{"title":"C\u00e9sar L\u00f3pez i M\u00aa Isabel Ferrer guanyadors de la Volta a Peu a D\u00e9nia | R\u00e0dio Litoral","description":"La cursa del Circuit a Peu Marina Alta va congregar m\u00e9s de 1.500 atletes i un p\u00fablic que va gaudir de l&#039;espectacle animant els atletes La cursa del Circuit a Peu Marina Alta va congregar m\u00e9s de 1.500 atletes i un p\u00fablic que va gaudir de l&#039;espectacle animant els atletes","robots":{"index":"index","follow":"follow","max-snippet":"max-snippet:-1","max-image-preview":"max-image-preview:large","max-video-preview":"max-video-preview:-1"},"canonical":"https:\/\/radiolitoral.com\/ca\/2025\/04\/cessar-lopez-i-ma-isabel-ferrer-guanyadors-de-la-volta-a-peu-a-denia\/","og_locale":"ca_ES","og_type":"article","og_title":"C\u00e9sar L\u00f3pez y M\u00aa Isabel Ferrer ganadores de la Volta a Peu a D\u00e9nia | R\u00e0dio Litoral","og_description":"La carrera del Circuit a Peu Marina Alta congreg\u00f3 a m\u00e1s de 1.500 atletas y a un p\u00fablico que disfrut\u00f3 del espect\u00e1culo animando a los atletas La carrera del Circuit a Peu Marina Alta congreg\u00f3 a m\u00e1s de 1.500 atletas y a un p\u00fablico que disfrut\u00f3 del espect\u00e1culo animando a los atletas","og_url":"https:\/\/radiolitoral.com\/ca\/2025\/04\/cessar-lopez-i-ma-isabel-ferrer-guanyadors-de-la-volta-a-peu-a-denia\/","og_site_name":"R\u00e0dio Litoral","article_publisher":"https:\/\/www.facebook.com\/Laradiolitoral\/","article_published_time":"2025-04-14T08:00:17+00:00","article_modified_time":"2025-04-14T08:04:03+00:00","og_image":[{"width":2560,"height":1707,"url":"https:\/\/media.radiolitoral.com\/wp-content\/uploads\/2025\/04\/14100114\/DSC_0131-scaled.jpg","type":"image\/jpeg"}],"author":"Javier Zamora","twitter_card":"summary_large_image","twitter_misc":{"Escrit per":"Javier Zamora","Temps estimat de lectura":"3 minuts"},"schema":{"@context":"https:\/\/schema.org","@graph":[{"@type":"NewsArticle","@id":"https:\/\/radiolitoral.com\/2025\/04\/cesar-lopez-y-ma-isabel-ferrer-ganadores-de-la-volta-a-peu-a-denia\/#article","isPartOf":{"@id":"https:\/\/radiolitoral.com\/2025\/04\/cesar-lopez-y-ma-isabel-ferrer-ganadores-de-la-volta-a-peu-a-denia\/"},"author":{"name":"Javier Zamora","@id":"https:\/\/radiolitoral.com\/#\/schema\/person\/7b1480b5caeb5acdd4ec6379caf62b22"},"headline":"C\u00e9sar L\u00f3pez y M\u00aa Isabel Ferrer ganadores de la Volta a Peu a D\u00e9nia","datePublished":"2025-04-14T08:00:17+00:00","dateModified":"2025-04-14T08:04:03+00:00","mainEntityOfPage":{"@id":"https:\/\/radiolitoral.com\/2025\/04\/cesar-lopez-y-ma-isabel-ferrer-ganadores-de-la-volta-a-peu-a-denia\/"},"wordCount":459,"commentCount":0,"publisher":{"@id":"https:\/\/radiolitoral.com\/#organization"},"image":{"@id":"https:\/\/radiolitoral.com\/2025\/04\/cesar-lopez-y-ma-isabel-ferrer-ganadores-de-la-volta-a-peu-a-denia\/#primaryimage"},"thumbnailUrl":"https:\/\/media.radiolitoral.com\/wp-content\/uploads\/2025\/04\/14100114\/DSC_0131-scaled.jpg","keywords":["Andrea Abad","C\u00e9sar L\u00f3pez","deportes","Irina Lumanova","Jorge Mateu","Mar\u00eda Isabel Ferrer","Moha Rida","Volta a Peu a D\u00e9nia"],"articleSection":["Deportes"],"inLanguage":"ca","potentialAction":[{"@type":"CommentAction","name":"Comment","target":["https:\/\/radiolitoral.com\/2025\/04\/cesar-lopez-y-ma-isabel-ferrer-ganadores-de-la-volta-a-peu-a-denia\/#respond"]}]},{"@type":["WebPage","ItemPage"],"@id":"https:\/\/radiolitoral.com\/2025\/04\/cesar-lopez-y-ma-isabel-ferrer-ganadores-de-la-volta-a-peu-a-denia\/","url":"https:\/\/radiolitoral.com\/2025\/04\/cesar-lopez-y-ma-isabel-ferrer-ganadores-de-la-volta-a-peu-a-denia\/","name":"C\u00e9sar L\u00f3pez i M\u00aa Isabel Ferrer guanyadors de la Volta a Peu a D\u00e9nia | R\u00e0dio Litoral","isPartOf":{"@id":"https:\/\/radiolitoral.com\/#website"},"primaryImageOfPage":{"@id":"https:\/\/radiolitoral.com\/2025\/04\/cesar-lopez-y-ma-isabel-ferrer-ganadores-de-la-volta-a-peu-a-denia\/#primaryimage"},"image":{"@id":"https:\/\/radiolitoral.com\/2025\/04\/cesar-lopez-y-ma-isabel-ferrer-ganadores-de-la-volta-a-peu-a-denia\/#primaryimage"},"thumbnailUrl":"https:\/\/media.radiolitoral.com\/wp-content\/uploads\/2025\/04\/14100114\/DSC_0131-scaled.jpg","datePublished":"2025-04-14T08:00:17+00:00","dateModified":"2025-04-14T08:04:03+00:00","description":"La cursa del Circuit a Peu Marina Alta va congregar m\u00e9s de 1.500 atletes i un p\u00fablic que va gaudir de l&#039;espectacle animant els atletes La cursa del Circuit a Peu Marina Alta va congregar m\u00e9s de 1.500 atletes i un p\u00fablic que va gaudir de l&#039;espectacle animant els atletes","breadcrumb":{"@id":"https:\/\/radiolitoral.com\/2025\/04\/cesar-lopez-y-ma-isabel-ferrer-ganadores-de-la-volta-a-peu-a-denia\/#breadcrumb"},"inLanguage":"ca","potentialAction":[{"@type":"ReadAction","target":["https:\/\/radiolitoral.com\/2025\/04\/cesar-lopez-y-ma-isabel-ferrer-ganadores-de-la-volta-a-peu-a-denia\/"]}]},{"@type":"ImageObject","inLanguage":"ca","@id":"https:\/\/radiolitoral.com\/2025\/04\/cesar-lopez-y-ma-isabel-ferrer-ganadores-de-la-volta-a-peu-a-denia\/#primaryimage","url":"https:\/\/media.radiolitoral.com\/wp-content\/uploads\/2025\/04\/14100114\/DSC_0131-scaled.jpg","contentUrl":"https:\/\/media.radiolitoral.com\/wp-content\/uploads\/2025\/04\/14100114\/DSC_0131-scaled.jpg","width":2560,"height":1707},{"@type":"BreadcrumbList","@id":"https:\/\/radiolitoral.com\/2025\/04\/cesar-lopez-y-ma-isabel-ferrer-ganadores-de-la-volta-a-peu-a-denia\/#breadcrumb","itemListElement":[{"@type":"ListItem","position":1,"name":"Portada","item":"https:\/\/radiolitoral.com\/"},{"@type":"ListItem","position":2,"name":"C\u00e9sar L\u00f3pez y M\u00aa Isabel Ferrer ganadores de la Volta a Peu a D\u00e9nia"}]},{"@type":"WebSite","@id":"https:\/\/radiolitoral.com\/#website","url":"https:\/\/radiolitoral.com\/","name":"R\u00e0dio Litoral","description":"La r\u00e0dio local de la Marina Alta","publisher":{"@id":"https:\/\/radiolitoral.com\/#organization"},"alternateName":"Litoral FM","potentialAction":[{"@type":"SearchAction","target":{"@type":"EntryPoint","urlTemplate":"https:\/\/radiolitoral.com\/?s={search_term_string}"},"query-input":{"@type":"PropertyValueSpecification","valueRequired":true,"valueName":"search_term_string"}}],"inLanguage":"ca"},{"@type":"Organization","@id":"https:\/\/radiolitoral.com\/#organization","name":"R\u00e0dio Litoral","url":"https:\/\/radiolitoral.com\/","logo":{"@type":"ImageObject","inLanguage":"ca","@id":"https:\/\/radiolitoral.com\/#\/schema\/logo\/image\/","url":"https:\/\/media.radiolitoral.com\/wp-content\/uploads\/2023\/02\/24143238\/CL-V-RadioLitoral696.png","contentUrl":"https:\/\/media.radiolitoral.com\/wp-content\/uploads\/2023\/02\/24143238\/CL-V-RadioLitoral696.png","width":696,"height":696,"caption":"Radio Litoral"},"image":{"@id":"https:\/\/radiolitoral.com\/#\/schema\/logo\/image\/"},"sameAs":["https:\/\/www.facebook.com\/Laradiolitoral\/"]},{"@type":"Person","@id":"https:\/\/radiolitoral.com\/#\/schema\/person\/7b1480b5caeb5acdd4ec6379caf62b22","name":"Javier Zamora","image":{"@type":"ImageObject","inLanguage":"ca","@id":"https:\/\/secure.gravatar.com\/avatar\/467a11f6918c7d619c4043fc6fa2d3853053107973f05b6e9c04ea6c4e3a7b3f?s=96&d=mm&r=g","url":"https:\/\/secure.gravatar.com\/avatar\/467a11f6918c7d619c4043fc6fa2d3853053107973f05b6e9c04ea6c4e3a7b3f?s=96&d=mm&r=g","contentUrl":"https:\/\/secure.gravatar.com\/avatar\/467a11f6918c7d619c4043fc6fa2d3853053107973f05b6e9c04ea6c4e3a7b3f?s=96&d=mm&r=g","caption":"Javier Zamora"},"url":"https:\/\/radiolitoral.com\/ca\/author\/javier-zamora\/"}]}},"_links":{"self":[{"href":"https:\/\/radiolitoral.com\/ca\/wp-json\/wp\/v2\/posts\/16213","targetHints":{"allow":["GET"]}}],"collection":[{"href":"https:\/\/radiolitoral.com\/ca\/wp-json\/wp\/v2\/posts"}],"about":[{"href":"https:\/\/radiolitoral.com\/ca\/wp-json\/wp\/v2\/types\/post"}],"author":[{"embeddable":true,"href":"https:\/\/radiolitoral.com\/ca\/wp-json\/wp\/v2\/users\/12"}],"replies":[{"embeddable":true,"href":"https:\/\/radiolitoral.com\/ca\/wp-json\/wp\/v2\/comments?post=16213"}],"version-history":[{"count":3,"href":"https:\/\/radiolitoral.com\/ca\/wp-json\/wp\/v2\/posts\/16213\/revisions"}],"predecessor-version":[{"id":16219,"href":"https:\/\/radiolitoral.com\/ca\/wp-json\/wp\/v2\/posts\/16213\/revisions\/16219"}],"wp:featuredmedia":[{"embeddable":true,"href":"https:\/\/radiolitoral.com\/ca\/wp-json\/wp\/v2\/media\/16215"}],"wp:attachment":[{"href":"https:\/\/radiolitoral.com\/ca\/wp-json\/wp\/v2\/media?parent=16213"}],"wp:term":[{"taxonomy":"category","embeddable":true,"href":"https:\/\/radiolitoral.com\/ca\/wp-json\/wp\/v2\/categories?post=16213"},{"taxonomy":"post_tag","embeddable":true,"href":"https:\/\/radiolitoral.com\/ca\/wp-json\/wp\/v2\/tags?post=16213"}],"curies":[{"name":"wp","href":"https:\/\/api.w.org\/{rel}","templated":true}]}}