{"id":16191,"date":"2025-04-11T19:01:49","date_gmt":"2025-04-11T17:01:49","guid":{"rendered":"https:\/\/radiolitoral.com\/?p=16191"},"modified":"2025-04-11T19:07:34","modified_gmt":"2025-04-11T17:07:34","slug":"festes-de-sant-vicent-ferrer-de-teulada-2025","status":"publish","type":"post","link":"https:\/\/radiolitoral.com\/ca\/2025\/04\/fiestas-de-sant-vicent-ferrer-de-teulada-2025\/","title":{"rendered":"Arrenquen les Festes de Sant Vicent Ferrer de Teulada 2025"},"content":{"rendered":"<p><strong>Teulada<\/strong> es prepara per viure amb intensitat i emoci\u00f3 les seves tradicionals festes en honor a <strong>Sant Vicent Ferrer 2025<\/strong>. Dem\u00e0, dissabte, comen\u00e7aran oficialment amb dos actes destacats: l&#039;espectacle <em>El Bategar<\/em>, dirigit per Ra\u00fal Mart\u00ednez, i l&#039;esperat preg\u00f3 de festes, que aquest any anir\u00e0 a c\u00e0rrec de Paco Buigues.<\/p>\n<p>El compte enrere ja ha comen\u00e7at, i aquest mat\u00ed al programa El Primer Caf\u00e8 de R\u00e0dio Litoral, han estat presents tres dels protagonistes de l&#039;organitzaci\u00f3 festera: <strong>Juanjo<\/strong> <strong>Buigues<\/strong>, president de la Comissi\u00f3 de Festes 2025; <strong>Joana<\/strong> <strong>Vius<\/strong>, secret\u00e0ria; i <strong>Mari<\/strong> <strong>Va cantar<\/strong>, tresorera. Durant l&#039;entrevista, han compartit detalls sobre la feina intensa que ha suposat preparar aquesta edici\u00f3, la il\u00b7lusi\u00f3 que es respira al municipi i la programaci\u00f3 d&#039;uns dies que prometen ser inoblidables.<\/p>\n<p><a href=\"https:\/\/media.radiolitoral.com\/wp-content\/uploads\/2025\/04\/11185723\/WhatsApp-Image-2025-04-11-at-18.56.28.jpeg\"><img loading=\"lazy\" decoding=\"async\" class=\"size-full wp-image-16192 aligncenter\" src=\"https:\/\/media.radiolitoral.com\/wp-content\/uploads\/2025\/04\/11185723\/WhatsApp-Image-2025-04-11-at-18.56.28.jpeg\" alt=\"\" width=\"2048\" height=\"1536\" srcset=\"https:\/\/media.radiolitoral.com\/wp-content\/uploads\/2025\/04\/11185723\/WhatsApp-Image-2025-04-11-at-18.56.28.jpeg 2048w, https:\/\/media.radiolitoral.com\/wp-content\/uploads\/2025\/04\/11185723\/WhatsApp-Image-2025-04-11-at-18.56.28-300x225.jpeg 300w, https:\/\/media.radiolitoral.com\/wp-content\/uploads\/2025\/04\/11185723\/WhatsApp-Image-2025-04-11-at-18.56.28-1024x768.jpeg 1024w, https:\/\/media.radiolitoral.com\/wp-content\/uploads\/2025\/04\/11185723\/WhatsApp-Image-2025-04-11-at-18.56.28-768x576.jpeg 768w, https:\/\/media.radiolitoral.com\/wp-content\/uploads\/2025\/04\/11185723\/WhatsApp-Image-2025-04-11-at-18.56.28-1536x1152.jpeg 1536w, https:\/\/media.radiolitoral.com\/wp-content\/uploads\/2025\/04\/11185723\/WhatsApp-Image-2025-04-11-at-18.56.28-16x12.jpeg 16w, https:\/\/media.radiolitoral.com\/wp-content\/uploads\/2025\/04\/11185723\/WhatsApp-Image-2025-04-11-at-18.56.28-1000x750.jpeg 1000w, https:\/\/media.radiolitoral.com\/wp-content\/uploads\/2025\/04\/11185723\/WhatsApp-Image-2025-04-11-at-18.56.28-100x75.jpeg 100w, https:\/\/media.radiolitoral.com\/wp-content\/uploads\/2025\/04\/11185723\/WhatsApp-Image-2025-04-11-at-18.56.28-200x150.jpeg 200w\" sizes=\"auto, (max-width: 2048px) 100vw, 2048px\" \/><\/a><\/p>\n<p>&nbsp;<\/p>\n<p>Tot est\u00e0 llest per donar el tret de sortida a unes festes que cada any reuneixen ve\u00efns i visitants al voltant de la tradici\u00f3, la m\u00fasica, la p\u00f3lvora i, sobretot, el sentiment compartit per Sant Vicent.<\/p>\n<audio class=\"wp-audio-shortcode\" id=\"audio-16191-1\" preload=\"none\" style=\"width: 100%;\" controls=\"controls\"><source type=\"audio\/mpeg\" src=\"https:\/\/media.radiolitoral.com\/wp-content\/uploads\/2025\/04\/11185732\/PRIMER-CAFE_mezcla-1.mp3?_=1\" \/><a href=\"https:\/\/media.radiolitoral.com\/wp-content\/uploads\/2025\/04\/11185732\/PRIMER-CAFE_mezcla-1.mp3\">https:\/\/media.radiolitoral.com\/wp-content\/uploads\/2025\/04\/11185732\/PRIMER-CAFE_mezcla-1.mp3<\/a><\/audio>","protected":false},"excerpt":{"rendered":"<p>Teulada se prepara para vivir con intensidad y emoci\u00f3n sus tradicionales fiestas en honor a Sant Vicent Ferrer 2025. Ma\u00f1ana, s\u00e1bado, dar\u00e1n comienzo oficialmente con dos actos destacados: el espect\u00e1culo El Bategar, dirigido por Ra\u00fal Mart\u00ednez, y el esperado preg\u00f3n de fiestas, que este a\u00f1o correr\u00e1 a cargo de Paco Buigues. La cuenta atr\u00e1s ya [&#8230;]<\/p>\n<p><a class=\"btn btn-secondary understrap-read-more-link\" href=\"https:\/\/radiolitoral.com\/ca\/2025\/04\/fiestas-de-sant-vicent-ferrer-de-teulada-2025\/\">Continua llegint&#8230;<span class=\"screen-reader-text\"> from Arrancan las Fiestas de Sant Vicent Ferrer de Teulada 2025<\/span><\/a><\/p>\n","protected":false},"author":14,"featured_media":16196,"comment_status":"open","ping_status":"closed","sticky":false,"template":"","format":"standard","meta":{"_acf_changed":false,"inline_featured_image":false,"footnotes":""},"categories":[2753,276],"tags":[533,2795,195],"class_list":["post-16191","post","type-post","status-publish","format-standard","has-post-thumbnail","hentry","category-entrevistas","category-fiestas","tag-fiestas-sant-vicent-ferrer-de-teulada","tag-sant-vicent-ferrer","tag-teulada-moraira","cobertura-teulada-moraira"],"acf":[],"yoast_head":"<!-- This site is optimized with the Yoast SEO plugin v27.5 - https:\/\/yoast.com\/product\/yoast-seo-wordpress\/ -->\n<title>Arrancan las Fiestas de Sant Vicent Ferrer de Teulada 2025 | R\u00e0dio Litoral<\/title>\n<meta name=\"description\" content=\"El espect\u00e1culo El Bategar y el preg\u00f3n a cargo de Paco Buigues abren la programaci\u00f3n\" \/>\n<meta name=\"robots\" content=\"index, follow, max-snippet:-1, max-image-preview:large, max-video-preview:-1\" \/>\n<link rel=\"canonical\" href=\"https:\/\/radiolitoral.com\/ca\/2025\/04\/festes-de-sant-vicent-ferrer-de-teulada-2025\/\" \/>\n<meta property=\"og:locale\" content=\"ca_ES\" \/>\n<meta property=\"og:type\" content=\"article\" \/>\n<meta property=\"og:title\" content=\"Arrancan las Fiestas de Sant Vicent Ferrer de Teulada 2025 | R\u00e0dio Litoral\" \/>\n<meta property=\"og:description\" content=\"El espect\u00e1culo El Bategar y el preg\u00f3n a cargo de Paco Buigues abren la programaci\u00f3n\" \/>\n<meta property=\"og:url\" content=\"https:\/\/radiolitoral.com\/ca\/2025\/04\/festes-de-sant-vicent-ferrer-de-teulada-2025\/\" \/>\n<meta property=\"og:site_name\" content=\"R\u00e0dio Litoral\" \/>\n<meta property=\"article:publisher\" content=\"https:\/\/www.facebook.com\/Laradiolitoral\/\" \/>\n<meta property=\"article:published_time\" content=\"2025-04-11T17:01:49+00:00\" \/>\n<meta property=\"article:modified_time\" content=\"2025-04-11T17:07:34+00:00\" \/>\n<meta property=\"og:image\" content=\"https:\/\/media.radiolitoral.com\/wp-content\/uploads\/2025\/04\/11190304\/DESTACADA-WEB-DIFUMINADO-37-1024x583.png\" \/>\n\t<meta property=\"og:image:width\" content=\"1024\" \/>\n\t<meta property=\"og:image:height\" content=\"583\" \/>\n\t<meta property=\"og:image:type\" content=\"image\/png\" \/>\n<meta name=\"author\" content=\"Redacci\u00f3n\" \/>\n<meta name=\"twitter:card\" content=\"summary_large_image\" \/>\n<meta name=\"twitter:label1\" content=\"Escrit per\" \/>\n\t<meta name=\"twitter:data1\" content=\"Redacci\u00f3n\" \/>\n\t<meta name=\"twitter:label2\" content=\"Temps estimat de lectura\" \/>\n\t<meta name=\"twitter:data2\" content=\"2 minuts\" \/>\n<script type=\"application\/ld+json\" class=\"yoast-schema-graph\">{\"@context\":\"https:\\\/\\\/schema.org\",\"@graph\":[{\"@type\":\"NewsArticle\",\"@id\":\"https:\\\/\\\/radiolitoral.com\\\/2025\\\/04\\\/fiestas-de-sant-vicent-ferrer-de-teulada-2025\\\/#article\",\"isPartOf\":{\"@id\":\"https:\\\/\\\/radiolitoral.com\\\/2025\\\/04\\\/fiestas-de-sant-vicent-ferrer-de-teulada-2025\\\/\"},\"author\":{\"name\":\"Redacci\u00f3n\",\"@id\":\"https:\\\/\\\/radiolitoral.com\\\/#\\\/schema\\\/person\\\/96b739642eb3bedb532aac3812d23307\"},\"headline\":\"Arrancan las Fiestas de Sant Vicent Ferrer de Teulada 2025\",\"datePublished\":\"2025-04-11T17:01:49+00:00\",\"dateModified\":\"2025-04-11T17:07:34+00:00\",\"mainEntityOfPage\":{\"@id\":\"https:\\\/\\\/radiolitoral.com\\\/2025\\\/04\\\/fiestas-de-sant-vicent-ferrer-de-teulada-2025\\\/\"},\"wordCount\":210,\"commentCount\":0,\"publisher\":{\"@id\":\"https:\\\/\\\/radiolitoral.com\\\/#organization\"},\"image\":{\"@id\":\"https:\\\/\\\/radiolitoral.com\\\/2025\\\/04\\\/fiestas-de-sant-vicent-ferrer-de-teulada-2025\\\/#primaryimage\"},\"thumbnailUrl\":\"https:\\\/\\\/media.radiolitoral.com\\\/wp-content\\\/uploads\\\/2025\\\/04\\\/11190304\\\/DESTACADA-WEB-DIFUMINADO-37.png\",\"keywords\":[\"Fiestas sant Vicent Ferrer de Teulada\",\"Sant Vicent Ferrer\",\"Teulada-Moraira\"],\"articleSection\":[\"Entrevistas\",\"Fiestas\"],\"inLanguage\":\"ca\",\"potentialAction\":[{\"@type\":\"CommentAction\",\"name\":\"Comment\",\"target\":[\"https:\\\/\\\/radiolitoral.com\\\/2025\\\/04\\\/fiestas-de-sant-vicent-ferrer-de-teulada-2025\\\/#respond\"]}]},{\"@type\":[\"WebPage\",\"ItemPage\"],\"@id\":\"https:\\\/\\\/radiolitoral.com\\\/2025\\\/04\\\/fiestas-de-sant-vicent-ferrer-de-teulada-2025\\\/\",\"url\":\"https:\\\/\\\/radiolitoral.com\\\/2025\\\/04\\\/fiestas-de-sant-vicent-ferrer-de-teulada-2025\\\/\",\"name\":\"Arrancan las Fiestas de Sant Vicent Ferrer de Teulada 2025 | R\u00e0dio Litoral\",\"isPartOf\":{\"@id\":\"https:\\\/\\\/radiolitoral.com\\\/#website\"},\"primaryImageOfPage\":{\"@id\":\"https:\\\/\\\/radiolitoral.com\\\/2025\\\/04\\\/fiestas-de-sant-vicent-ferrer-de-teulada-2025\\\/#primaryimage\"},\"image\":{\"@id\":\"https:\\\/\\\/radiolitoral.com\\\/2025\\\/04\\\/fiestas-de-sant-vicent-ferrer-de-teulada-2025\\\/#primaryimage\"},\"thumbnailUrl\":\"https:\\\/\\\/media.radiolitoral.com\\\/wp-content\\\/uploads\\\/2025\\\/04\\\/11190304\\\/DESTACADA-WEB-DIFUMINADO-37.png\",\"datePublished\":\"2025-04-11T17:01:49+00:00\",\"dateModified\":\"2025-04-11T17:07:34+00:00\",\"description\":\"El espect\u00e1culo El Bategar y el preg\u00f3n a cargo de Paco Buigues abren la programaci\u00f3n\",\"breadcrumb\":{\"@id\":\"https:\\\/\\\/radiolitoral.com\\\/2025\\\/04\\\/fiestas-de-sant-vicent-ferrer-de-teulada-2025\\\/#breadcrumb\"},\"inLanguage\":\"ca\",\"potentialAction\":[{\"@type\":\"ReadAction\",\"target\":[\"https:\\\/\\\/radiolitoral.com\\\/2025\\\/04\\\/fiestas-de-sant-vicent-ferrer-de-teulada-2025\\\/\"]}]},{\"@type\":\"ImageObject\",\"inLanguage\":\"ca\",\"@id\":\"https:\\\/\\\/radiolitoral.com\\\/2025\\\/04\\\/fiestas-de-sant-vicent-ferrer-de-teulada-2025\\\/#primaryimage\",\"url\":\"https:\\\/\\\/media.radiolitoral.com\\\/wp-content\\\/uploads\\\/2025\\\/04\\\/11190304\\\/DESTACADA-WEB-DIFUMINADO-37.png\",\"contentUrl\":\"https:\\\/\\\/media.radiolitoral.com\\\/wp-content\\\/uploads\\\/2025\\\/04\\\/11190304\\\/DESTACADA-WEB-DIFUMINADO-37.png\",\"width\":2048,\"height\":1166},{\"@type\":\"BreadcrumbList\",\"@id\":\"https:\\\/\\\/radiolitoral.com\\\/2025\\\/04\\\/fiestas-de-sant-vicent-ferrer-de-teulada-2025\\\/#breadcrumb\",\"itemListElement\":[{\"@type\":\"ListItem\",\"position\":1,\"name\":\"Portada\",\"item\":\"https:\\\/\\\/radiolitoral.com\\\/\"},{\"@type\":\"ListItem\",\"position\":2,\"name\":\"Arrancan las Fiestas de Sant Vicent Ferrer de Teulada 2025\"}]},{\"@type\":\"WebSite\",\"@id\":\"https:\\\/\\\/radiolitoral.com\\\/#website\",\"url\":\"https:\\\/\\\/radiolitoral.com\\\/\",\"name\":\"Radio Litoral\",\"description\":\"La radio local de la Marina Alta\",\"publisher\":{\"@id\":\"https:\\\/\\\/radiolitoral.com\\\/#organization\"},\"alternateName\":\"Litoral FM\",\"potentialAction\":[{\"@type\":\"SearchAction\",\"target\":{\"@type\":\"EntryPoint\",\"urlTemplate\":\"https:\\\/\\\/radiolitoral.com\\\/?s={search_term_string}\"},\"query-input\":{\"@type\":\"PropertyValueSpecification\",\"valueRequired\":true,\"valueName\":\"search_term_string\"}}],\"inLanguage\":\"ca\"},{\"@type\":\"Organization\",\"@id\":\"https:\\\/\\\/radiolitoral.com\\\/#organization\",\"name\":\"Radio Litoral\",\"url\":\"https:\\\/\\\/radiolitoral.com\\\/\",\"logo\":{\"@type\":\"ImageObject\",\"inLanguage\":\"ca\",\"@id\":\"https:\\\/\\\/radiolitoral.com\\\/#\\\/schema\\\/logo\\\/image\\\/\",\"url\":\"https:\\\/\\\/media.radiolitoral.com\\\/wp-content\\\/uploads\\\/2023\\\/02\\\/24143238\\\/CL-V-RadioLitoral696.png\",\"contentUrl\":\"https:\\\/\\\/media.radiolitoral.com\\\/wp-content\\\/uploads\\\/2023\\\/02\\\/24143238\\\/CL-V-RadioLitoral696.png\",\"width\":696,\"height\":696,\"caption\":\"Radio Litoral\"},\"image\":{\"@id\":\"https:\\\/\\\/radiolitoral.com\\\/#\\\/schema\\\/logo\\\/image\\\/\"},\"sameAs\":[\"https:\\\/\\\/www.facebook.com\\\/Laradiolitoral\\\/\"]},{\"@type\":\"Person\",\"@id\":\"https:\\\/\\\/radiolitoral.com\\\/#\\\/schema\\\/person\\\/96b739642eb3bedb532aac3812d23307\",\"name\":\"Redacci\u00f3n\",\"image\":{\"@type\":\"ImageObject\",\"inLanguage\":\"ca\",\"@id\":\"https:\\\/\\\/secure.gravatar.com\\\/avatar\\\/30cd06129ee90411dd9c7cbdcf17464181d1a3c7b072e92070ea75a25cf0097e?s=96&d=mm&r=g\",\"url\":\"https:\\\/\\\/secure.gravatar.com\\\/avatar\\\/30cd06129ee90411dd9c7cbdcf17464181d1a3c7b072e92070ea75a25cf0097e?s=96&d=mm&r=g\",\"contentUrl\":\"https:\\\/\\\/secure.gravatar.com\\\/avatar\\\/30cd06129ee90411dd9c7cbdcf17464181d1a3c7b072e92070ea75a25cf0097e?s=96&d=mm&r=g\",\"caption\":\"Redacci\u00f3n\"},\"url\":\"https:\\\/\\\/radiolitoral.com\\\/ca\\\/author\\\/kevin-carrio\\\/\"}]}<\/script>\n<!-- \/ Yoast SEO plugin. -->","yoast_head_json":{"title":"Arrenquen les Festes de Sant Vicent Ferrer de Teulada 2025 | R\u00e0dio Litoral","description":"L&#039;espectacle El Bategar i el preg\u00f3 a c\u00e0rrec de Paco Buigues obren la programaci\u00f3","robots":{"index":"index","follow":"follow","max-snippet":"max-snippet:-1","max-image-preview":"max-image-preview:large","max-video-preview":"max-video-preview:-1"},"canonical":"https:\/\/radiolitoral.com\/ca\/2025\/04\/festes-de-sant-vicent-ferrer-de-teulada-2025\/","og_locale":"ca_ES","og_type":"article","og_title":"Arrancan las Fiestas de Sant Vicent Ferrer de Teulada 2025 | R\u00e0dio Litoral","og_description":"El espect\u00e1culo El Bategar y el preg\u00f3n a cargo de Paco Buigues abren la programaci\u00f3n","og_url":"https:\/\/radiolitoral.com\/ca\/2025\/04\/festes-de-sant-vicent-ferrer-de-teulada-2025\/","og_site_name":"R\u00e0dio Litoral","article_publisher":"https:\/\/www.facebook.com\/Laradiolitoral\/","article_published_time":"2025-04-11T17:01:49+00:00","article_modified_time":"2025-04-11T17:07:34+00:00","og_image":[{"width":1024,"height":583,"url":"https:\/\/media.radiolitoral.com\/wp-content\/uploads\/2025\/04\/11190304\/DESTACADA-WEB-DIFUMINADO-37-1024x583.png","type":"image\/png"}],"author":"Redacci\u00f3n","twitter_card":"summary_large_image","twitter_misc":{"Escrit per":"Redacci\u00f3n","Temps estimat de lectura":"2 minuts"},"schema":{"@context":"https:\/\/schema.org","@graph":[{"@type":"NewsArticle","@id":"https:\/\/radiolitoral.com\/2025\/04\/fiestas-de-sant-vicent-ferrer-de-teulada-2025\/#article","isPartOf":{"@id":"https:\/\/radiolitoral.com\/2025\/04\/fiestas-de-sant-vicent-ferrer-de-teulada-2025\/"},"author":{"name":"Redacci\u00f3n","@id":"https:\/\/radiolitoral.com\/#\/schema\/person\/96b739642eb3bedb532aac3812d23307"},"headline":"Arrancan las Fiestas de Sant Vicent Ferrer de Teulada 2025","datePublished":"2025-04-11T17:01:49+00:00","dateModified":"2025-04-11T17:07:34+00:00","mainEntityOfPage":{"@id":"https:\/\/radiolitoral.com\/2025\/04\/fiestas-de-sant-vicent-ferrer-de-teulada-2025\/"},"wordCount":210,"commentCount":0,"publisher":{"@id":"https:\/\/radiolitoral.com\/#organization"},"image":{"@id":"https:\/\/radiolitoral.com\/2025\/04\/fiestas-de-sant-vicent-ferrer-de-teulada-2025\/#primaryimage"},"thumbnailUrl":"https:\/\/media.radiolitoral.com\/wp-content\/uploads\/2025\/04\/11190304\/DESTACADA-WEB-DIFUMINADO-37.png","keywords":["Fiestas sant Vicent Ferrer de Teulada","Sant Vicent Ferrer","Teulada-Moraira"],"articleSection":["Entrevistas","Fiestas"],"inLanguage":"ca","potentialAction":[{"@type":"CommentAction","name":"Comment","target":["https:\/\/radiolitoral.com\/2025\/04\/fiestas-de-sant-vicent-ferrer-de-teulada-2025\/#respond"]}]},{"@type":["WebPage","ItemPage"],"@id":"https:\/\/radiolitoral.com\/2025\/04\/fiestas-de-sant-vicent-ferrer-de-teulada-2025\/","url":"https:\/\/radiolitoral.com\/2025\/04\/fiestas-de-sant-vicent-ferrer-de-teulada-2025\/","name":"Arrenquen les Festes de Sant Vicent Ferrer de Teulada 2025 | R\u00e0dio Litoral","isPartOf":{"@id":"https:\/\/radiolitoral.com\/#website"},"primaryImageOfPage":{"@id":"https:\/\/radiolitoral.com\/2025\/04\/fiestas-de-sant-vicent-ferrer-de-teulada-2025\/#primaryimage"},"image":{"@id":"https:\/\/radiolitoral.com\/2025\/04\/fiestas-de-sant-vicent-ferrer-de-teulada-2025\/#primaryimage"},"thumbnailUrl":"https:\/\/media.radiolitoral.com\/wp-content\/uploads\/2025\/04\/11190304\/DESTACADA-WEB-DIFUMINADO-37.png","datePublished":"2025-04-11T17:01:49+00:00","dateModified":"2025-04-11T17:07:34+00:00","description":"L&#039;espectacle El Bategar i el preg\u00f3 a c\u00e0rrec de Paco Buigues obren la programaci\u00f3","breadcrumb":{"@id":"https:\/\/radiolitoral.com\/2025\/04\/fiestas-de-sant-vicent-ferrer-de-teulada-2025\/#breadcrumb"},"inLanguage":"ca","potentialAction":[{"@type":"ReadAction","target":["https:\/\/radiolitoral.com\/2025\/04\/fiestas-de-sant-vicent-ferrer-de-teulada-2025\/"]}]},{"@type":"ImageObject","inLanguage":"ca","@id":"https:\/\/radiolitoral.com\/2025\/04\/fiestas-de-sant-vicent-ferrer-de-teulada-2025\/#primaryimage","url":"https:\/\/media.radiolitoral.com\/wp-content\/uploads\/2025\/04\/11190304\/DESTACADA-WEB-DIFUMINADO-37.png","contentUrl":"https:\/\/media.radiolitoral.com\/wp-content\/uploads\/2025\/04\/11190304\/DESTACADA-WEB-DIFUMINADO-37.png","width":2048,"height":1166},{"@type":"BreadcrumbList","@id":"https:\/\/radiolitoral.com\/2025\/04\/fiestas-de-sant-vicent-ferrer-de-teulada-2025\/#breadcrumb","itemListElement":[{"@type":"ListItem","position":1,"name":"Portada","item":"https:\/\/radiolitoral.com\/"},{"@type":"ListItem","position":2,"name":"Arrancan las Fiestas de Sant Vicent Ferrer de Teulada 2025"}]},{"@type":"WebSite","@id":"https:\/\/radiolitoral.com\/#website","url":"https:\/\/radiolitoral.com\/","name":"R\u00e0dio Litoral","description":"La r\u00e0dio local de la Marina Alta","publisher":{"@id":"https:\/\/radiolitoral.com\/#organization"},"alternateName":"Litoral FM","potentialAction":[{"@type":"SearchAction","target":{"@type":"EntryPoint","urlTemplate":"https:\/\/radiolitoral.com\/?s={search_term_string}"},"query-input":{"@type":"PropertyValueSpecification","valueRequired":true,"valueName":"search_term_string"}}],"inLanguage":"ca"},{"@type":"Organization","@id":"https:\/\/radiolitoral.com\/#organization","name":"R\u00e0dio Litoral","url":"https:\/\/radiolitoral.com\/","logo":{"@type":"ImageObject","inLanguage":"ca","@id":"https:\/\/radiolitoral.com\/#\/schema\/logo\/image\/","url":"https:\/\/media.radiolitoral.com\/wp-content\/uploads\/2023\/02\/24143238\/CL-V-RadioLitoral696.png","contentUrl":"https:\/\/media.radiolitoral.com\/wp-content\/uploads\/2023\/02\/24143238\/CL-V-RadioLitoral696.png","width":696,"height":696,"caption":"Radio Litoral"},"image":{"@id":"https:\/\/radiolitoral.com\/#\/schema\/logo\/image\/"},"sameAs":["https:\/\/www.facebook.com\/Laradiolitoral\/"]},{"@type":"Person","@id":"https:\/\/radiolitoral.com\/#\/schema\/person\/96b739642eb3bedb532aac3812d23307","name":"Redacci\u00f3","image":{"@type":"ImageObject","inLanguage":"ca","@id":"https:\/\/secure.gravatar.com\/avatar\/30cd06129ee90411dd9c7cbdcf17464181d1a3c7b072e92070ea75a25cf0097e?s=96&d=mm&r=g","url":"https:\/\/secure.gravatar.com\/avatar\/30cd06129ee90411dd9c7cbdcf17464181d1a3c7b072e92070ea75a25cf0097e?s=96&d=mm&r=g","contentUrl":"https:\/\/secure.gravatar.com\/avatar\/30cd06129ee90411dd9c7cbdcf17464181d1a3c7b072e92070ea75a25cf0097e?s=96&d=mm&r=g","caption":"Redacci\u00f3n"},"url":"https:\/\/radiolitoral.com\/ca\/author\/kevin-carrio\/"}]}},"_links":{"self":[{"href":"https:\/\/radiolitoral.com\/ca\/wp-json\/wp\/v2\/posts\/16191","targetHints":{"allow":["GET"]}}],"collection":[{"href":"https:\/\/radiolitoral.com\/ca\/wp-json\/wp\/v2\/posts"}],"about":[{"href":"https:\/\/radiolitoral.com\/ca\/wp-json\/wp\/v2\/types\/post"}],"author":[{"embeddable":true,"href":"https:\/\/radiolitoral.com\/ca\/wp-json\/wp\/v2\/users\/14"}],"replies":[{"embeddable":true,"href":"https:\/\/radiolitoral.com\/ca\/wp-json\/wp\/v2\/comments?post=16191"}],"version-history":[{"count":4,"href":"https:\/\/radiolitoral.com\/ca\/wp-json\/wp\/v2\/posts\/16191\/revisions"}],"predecessor-version":[{"id":16198,"href":"https:\/\/radiolitoral.com\/ca\/wp-json\/wp\/v2\/posts\/16191\/revisions\/16198"}],"wp:featuredmedia":[{"embeddable":true,"href":"https:\/\/radiolitoral.com\/ca\/wp-json\/wp\/v2\/media\/16196"}],"wp:attachment":[{"href":"https:\/\/radiolitoral.com\/ca\/wp-json\/wp\/v2\/media?parent=16191"}],"wp:term":[{"taxonomy":"category","embeddable":true,"href":"https:\/\/radiolitoral.com\/ca\/wp-json\/wp\/v2\/categories?post=16191"},{"taxonomy":"post_tag","embeddable":true,"href":"https:\/\/radiolitoral.com\/ca\/wp-json\/wp\/v2\/tags?post=16191"}],"curies":[{"name":"wp","href":"https:\/\/api.w.org\/{rel}","templated":true}]}}