{"id":16182,"date":"2025-04-11T09:20:53","date_gmt":"2025-04-11T07:20:53","guid":{"rendered":"https:\/\/radiolitoral.com\/?p=16182"},"modified":"2025-04-11T09:20:53","modified_gmt":"2025-04-11T07:20:53","slug":"lalcaldessa-dalcalali-recula-la-normativa-de-guals-despres-de-lonada-dal%c2%b7legacions-veinals","status":"publish","type":"post","link":"https:\/\/radiolitoral.com\/ca\/2025\/04\/la-alcaldesa-de-alcalali-recula-la-normativa-de-vados-tras-la-oleada-de-alegaciones-vecinales\/","title":{"rendered":"L&#039;alcaldessa d&#039;Alcalal\u00ed recula la normativa de guals despr\u00e9s de l&#039;onada d&#039;al\u00b7legacions ve\u00efnals"},"content":{"rendered":"<p data-pm-slice=\"1 1 []\">El passat 14 de mar\u00e7, el ple de l&#039;Ajuntament de <strong>Alcalal\u00ed<\/strong> va aprovar inicialment una <strong>ordenan\u00e7a municipal<\/strong> que imposava <strong>noves taxes<\/strong> per a l&#039;acc\u00e9s a parcel\u00b7les i locals destinats a garatges o cotxeres. La proposta va tirar endavant amb els \u00fanics vots favorables dels quatre regidors de Comprom\u00eds, que governen en minoria.<\/p>\n<p>L&#039;aprovaci\u00f3 va sorprendre bona part del ve\u00efnat i els regidors de l&#039;oposici\u00f3, que van denunciar haver tingut coneixement de l&#039;ordenan\u00e7a tot just tres dies abans del ple, convocat a una hora que els impedia assistir-hi. A m\u00e9s, van q\u00fcestionar els tr\u00e0mits de publicitat de l&#039;expedient, ja que en un poble petit com Alcalal\u00ed \u00abning\u00fa al poble no se&#039;n va assabentar\u00bb de l&#039;exist\u00e8ncia d&#039;aquesta mesura.<\/p>\n<p><strong>Retards i manca d&#039;informaci\u00f3<\/strong><\/p>\n<p>La pol\u00e8mica va cr\u00e9ixer en con\u00e8ixer-se que el v\u00eddeo del ple, element essencial per informar els ciutadans, no va ser publicat al canal de YouTube de l&#039;Ajuntament fins gaireb\u00e9 dues setmanes despr\u00e9s de la seva celebraci\u00f3.<\/p>\n<p>Davant d&#039;aquesta situaci\u00f3, els regidors del Partit Popular van preparar un document d&#039;al\u00b7legacions i el van difondre \u00e0mpliament a trav\u00e9s de xarxes socials, grups de WhatsApp i c\u00f2pies impreses, per facilitar que els ve\u00efns poguessin presentar les seves objeccions dins el termini legal de 30 dies h\u00e0bils despr\u00e9s de la publicaci\u00f3 de l&#039;ordenan\u00e7a al Butllet\u00ed Oficial de la Prov\u00edncia.<\/p>\n<p><strong>Una resposta massiva<\/strong><\/p>\n<p>La iniciativa va tenir un \u00e8xit notable. Durant uns quants dies, les oficines municipals van registrar un flux constant de ciutadans presentant al\u00b7legacions contra la mesura. La resposta va ser transversal, amb participaci\u00f3 de residents de diferents nacionalitats i sensibilitats pol\u00edtiques.<\/p>\n<p>Finalment, la pressi\u00f3 ve\u00efnal va fer efecte. El 9 d&#039;abril passat, l&#039;alcaldessa d&#039;Alcalal\u00ed va emetre un comunicat en qu\u00e8 confirmava que \u00abel seu equip de govern <strong>no aprovar\u00e0 l&#039;Ordenan\u00e7a<\/strong>\u00bb que ells mateixos havien impulsat setmanes enrere.<\/p>","protected":false},"excerpt":{"rendered":"<p>El pasado 14 de marzo, el pleno del Ayuntamiento de Alcalal\u00ed aprob\u00f3 inicialmente una ordenanza municipal que impon\u00eda nuevas tasas para el acceso a parcelas y locales destinados a garajes o cocheras. La propuesta sali\u00f3 adelante con los \u00fanicos votos favorables de los cuatro concejales de Comprom\u00eds, que gobiernan en minor\u00eda. La aprobaci\u00f3n sorprendi\u00f3 a [&#8230;]<\/p>\n<p><a class=\"btn btn-secondary understrap-read-more-link\" href=\"https:\/\/radiolitoral.com\/ca\/2025\/04\/la-alcaldesa-de-alcalali-recula-la-normativa-de-vados-tras-la-oleada-de-alegaciones-vecinales\/\">Continua llegint&#8230;<span class=\"screen-reader-text\"> from La alcaldesa de Alcalal\u00ed recula la normativa de vados tras la oleada de alegaciones vecinales<\/span><\/a><\/p>\n","protected":false},"author":14,"featured_media":16183,"comment_status":"open","ping_status":"closed","sticky":false,"template":"","format":"standard","meta":{"_acf_changed":false,"inline_featured_image":false,"footnotes":""},"categories":[13],"tags":[785,4146,784,4145,2738],"class_list":["post-16182","post","type-post","status-publish","format-standard","has-post-thumbnail","hentry","category-politica","tag-alcalali","tag-cocheras","tag-compromis-alcalali","tag-pp-alcalali","tag-vados","cobertura-alcalali"],"acf":[],"yoast_head":"<!-- This site is optimized with the Yoast SEO plugin v27.5 - https:\/\/yoast.com\/product\/yoast-seo-wordpress\/ -->\n<title>La alcaldesa de Alcalal\u00ed recula la normativa de vados tras la oleada de alegaciones vecinales | R\u00e0dio Litoral<\/title>\n<meta name=\"description\" content=\"Una pol\u00e9mica ordenanza sobre accesos a cocheras y garajes queda anulada por la presi\u00f3n social\" \/>\n<meta name=\"robots\" content=\"index, follow, max-snippet:-1, max-image-preview:large, max-video-preview:-1\" \/>\n<link rel=\"canonical\" href=\"https:\/\/radiolitoral.com\/ca\/2025\/04\/lalcaldessa-dalcalali-recula-la-normativa-de-guals-despres-de-lonada-dal\u00b7legacions-veinals\/\" \/>\n<meta property=\"og:locale\" content=\"ca_ES\" \/>\n<meta property=\"og:type\" content=\"article\" \/>\n<meta property=\"og:title\" content=\"La alcaldesa de Alcalal\u00ed recula la normativa de vados tras la oleada de alegaciones vecinales | R\u00e0dio Litoral\" \/>\n<meta property=\"og:description\" content=\"Una pol\u00e9mica ordenanza sobre accesos a cocheras y garajes queda anulada por la presi\u00f3n social\" \/>\n<meta property=\"og:url\" content=\"https:\/\/radiolitoral.com\/ca\/2025\/04\/lalcaldessa-dalcalali-recula-la-normativa-de-guals-despres-de-lonada-dal\u00b7legacions-veinals\/\" \/>\n<meta property=\"og:site_name\" content=\"R\u00e0dio Litoral\" \/>\n<meta property=\"article:publisher\" content=\"https:\/\/www.facebook.com\/Laradiolitoral\/\" \/>\n<meta property=\"article:published_time\" content=\"2025-04-11T07:20:53+00:00\" \/>\n<meta property=\"og:image\" content=\"https:\/\/media.radiolitoral.com\/wp-content\/uploads\/2025\/04\/11092013\/alcalali.jpg\" \/>\n\t<meta property=\"og:image:width\" content=\"2560\" \/>\n\t<meta property=\"og:image:height\" content=\"1709\" \/>\n\t<meta property=\"og:image:type\" content=\"image\/jpeg\" \/>\n<meta name=\"author\" content=\"Redacci\u00f3n\" \/>\n<meta name=\"twitter:card\" content=\"summary_large_image\" \/>\n<meta name=\"twitter:label1\" content=\"Escrit per\" \/>\n\t<meta name=\"twitter:data1\" content=\"Redacci\u00f3n\" \/>\n\t<meta name=\"twitter:label2\" content=\"Temps estimat de lectura\" \/>\n\t<meta name=\"twitter:data2\" content=\"2 minuts\" \/>\n<script type=\"application\/ld+json\" class=\"yoast-schema-graph\">{\"@context\":\"https:\\\/\\\/schema.org\",\"@graph\":[{\"@type\":\"NewsArticle\",\"@id\":\"https:\\\/\\\/radiolitoral.com\\\/2025\\\/04\\\/la-alcaldesa-de-alcalali-recula-la-normativa-de-vados-tras-la-oleada-de-alegaciones-vecinales\\\/#article\",\"isPartOf\":{\"@id\":\"https:\\\/\\\/radiolitoral.com\\\/2025\\\/04\\\/la-alcaldesa-de-alcalali-recula-la-normativa-de-vados-tras-la-oleada-de-alegaciones-vecinales\\\/\"},\"author\":{\"name\":\"Redacci\u00f3n\",\"@id\":\"https:\\\/\\\/radiolitoral.com\\\/#\\\/schema\\\/person\\\/96b739642eb3bedb532aac3812d23307\"},\"headline\":\"La alcaldesa de Alcalal\u00ed recula la normativa de vados tras la oleada de alegaciones vecinales\",\"datePublished\":\"2025-04-11T07:20:53+00:00\",\"mainEntityOfPage\":{\"@id\":\"https:\\\/\\\/radiolitoral.com\\\/2025\\\/04\\\/la-alcaldesa-de-alcalali-recula-la-normativa-de-vados-tras-la-oleada-de-alegaciones-vecinales\\\/\"},\"wordCount\":333,\"commentCount\":0,\"publisher\":{\"@id\":\"https:\\\/\\\/radiolitoral.com\\\/#organization\"},\"image\":{\"@id\":\"https:\\\/\\\/radiolitoral.com\\\/2025\\\/04\\\/la-alcaldesa-de-alcalali-recula-la-normativa-de-vados-tras-la-oleada-de-alegaciones-vecinales\\\/#primaryimage\"},\"thumbnailUrl\":\"https:\\\/\\\/media.radiolitoral.com\\\/wp-content\\\/uploads\\\/2025\\\/04\\\/11092013\\\/alcalali.jpg\",\"keywords\":[\"Alcalal\u00ed\",\"cocheras\",\"Comprom\u00eds Alcalal\u00ed\",\"PP Alcalal\u00ed\",\"vados\"],\"articleSection\":[\"Pol\u00edtica\"],\"inLanguage\":\"ca\",\"potentialAction\":[{\"@type\":\"CommentAction\",\"name\":\"Comment\",\"target\":[\"https:\\\/\\\/radiolitoral.com\\\/2025\\\/04\\\/la-alcaldesa-de-alcalali-recula-la-normativa-de-vados-tras-la-oleada-de-alegaciones-vecinales\\\/#respond\"]}]},{\"@type\":[\"WebPage\",\"ItemPage\"],\"@id\":\"https:\\\/\\\/radiolitoral.com\\\/2025\\\/04\\\/la-alcaldesa-de-alcalali-recula-la-normativa-de-vados-tras-la-oleada-de-alegaciones-vecinales\\\/\",\"url\":\"https:\\\/\\\/radiolitoral.com\\\/2025\\\/04\\\/la-alcaldesa-de-alcalali-recula-la-normativa-de-vados-tras-la-oleada-de-alegaciones-vecinales\\\/\",\"name\":\"La alcaldesa de Alcalal\u00ed recula la normativa de vados tras la oleada de alegaciones vecinales | R\u00e0dio Litoral\",\"isPartOf\":{\"@id\":\"https:\\\/\\\/radiolitoral.com\\\/#website\"},\"primaryImageOfPage\":{\"@id\":\"https:\\\/\\\/radiolitoral.com\\\/2025\\\/04\\\/la-alcaldesa-de-alcalali-recula-la-normativa-de-vados-tras-la-oleada-de-alegaciones-vecinales\\\/#primaryimage\"},\"image\":{\"@id\":\"https:\\\/\\\/radiolitoral.com\\\/2025\\\/04\\\/la-alcaldesa-de-alcalali-recula-la-normativa-de-vados-tras-la-oleada-de-alegaciones-vecinales\\\/#primaryimage\"},\"thumbnailUrl\":\"https:\\\/\\\/media.radiolitoral.com\\\/wp-content\\\/uploads\\\/2025\\\/04\\\/11092013\\\/alcalali.jpg\",\"datePublished\":\"2025-04-11T07:20:53+00:00\",\"description\":\"Una pol\u00e9mica ordenanza sobre accesos a cocheras y garajes queda anulada por la presi\u00f3n social\",\"breadcrumb\":{\"@id\":\"https:\\\/\\\/radiolitoral.com\\\/2025\\\/04\\\/la-alcaldesa-de-alcalali-recula-la-normativa-de-vados-tras-la-oleada-de-alegaciones-vecinales\\\/#breadcrumb\"},\"inLanguage\":\"ca\",\"potentialAction\":[{\"@type\":\"ReadAction\",\"target\":[\"https:\\\/\\\/radiolitoral.com\\\/2025\\\/04\\\/la-alcaldesa-de-alcalali-recula-la-normativa-de-vados-tras-la-oleada-de-alegaciones-vecinales\\\/\"]}]},{\"@type\":\"ImageObject\",\"inLanguage\":\"ca\",\"@id\":\"https:\\\/\\\/radiolitoral.com\\\/2025\\\/04\\\/la-alcaldesa-de-alcalali-recula-la-normativa-de-vados-tras-la-oleada-de-alegaciones-vecinales\\\/#primaryimage\",\"url\":\"https:\\\/\\\/media.radiolitoral.com\\\/wp-content\\\/uploads\\\/2025\\\/04\\\/11092013\\\/alcalali.jpg\",\"contentUrl\":\"https:\\\/\\\/media.radiolitoral.com\\\/wp-content\\\/uploads\\\/2025\\\/04\\\/11092013\\\/alcalali.jpg\",\"width\":2560,\"height\":1709},{\"@type\":\"BreadcrumbList\",\"@id\":\"https:\\\/\\\/radiolitoral.com\\\/2025\\\/04\\\/la-alcaldesa-de-alcalali-recula-la-normativa-de-vados-tras-la-oleada-de-alegaciones-vecinales\\\/#breadcrumb\",\"itemListElement\":[{\"@type\":\"ListItem\",\"position\":1,\"name\":\"Portada\",\"item\":\"https:\\\/\\\/radiolitoral.com\\\/\"},{\"@type\":\"ListItem\",\"position\":2,\"name\":\"La alcaldesa de Alcalal\u00ed recula la normativa de vados tras la oleada de alegaciones vecinales\"}]},{\"@type\":\"WebSite\",\"@id\":\"https:\\\/\\\/radiolitoral.com\\\/#website\",\"url\":\"https:\\\/\\\/radiolitoral.com\\\/\",\"name\":\"Radio Litoral\",\"description\":\"La radio local de la Marina Alta\",\"publisher\":{\"@id\":\"https:\\\/\\\/radiolitoral.com\\\/#organization\"},\"alternateName\":\"Litoral FM\",\"potentialAction\":[{\"@type\":\"SearchAction\",\"target\":{\"@type\":\"EntryPoint\",\"urlTemplate\":\"https:\\\/\\\/radiolitoral.com\\\/?s={search_term_string}\"},\"query-input\":{\"@type\":\"PropertyValueSpecification\",\"valueRequired\":true,\"valueName\":\"search_term_string\"}}],\"inLanguage\":\"ca\"},{\"@type\":\"Organization\",\"@id\":\"https:\\\/\\\/radiolitoral.com\\\/#organization\",\"name\":\"Radio Litoral\",\"url\":\"https:\\\/\\\/radiolitoral.com\\\/\",\"logo\":{\"@type\":\"ImageObject\",\"inLanguage\":\"ca\",\"@id\":\"https:\\\/\\\/radiolitoral.com\\\/#\\\/schema\\\/logo\\\/image\\\/\",\"url\":\"https:\\\/\\\/media.radiolitoral.com\\\/wp-content\\\/uploads\\\/2023\\\/02\\\/24143238\\\/CL-V-RadioLitoral696.png\",\"contentUrl\":\"https:\\\/\\\/media.radiolitoral.com\\\/wp-content\\\/uploads\\\/2023\\\/02\\\/24143238\\\/CL-V-RadioLitoral696.png\",\"width\":696,\"height\":696,\"caption\":\"Radio Litoral\"},\"image\":{\"@id\":\"https:\\\/\\\/radiolitoral.com\\\/#\\\/schema\\\/logo\\\/image\\\/\"},\"sameAs\":[\"https:\\\/\\\/www.facebook.com\\\/Laradiolitoral\\\/\"]},{\"@type\":\"Person\",\"@id\":\"https:\\\/\\\/radiolitoral.com\\\/#\\\/schema\\\/person\\\/96b739642eb3bedb532aac3812d23307\",\"name\":\"Redacci\u00f3n\",\"image\":{\"@type\":\"ImageObject\",\"inLanguage\":\"ca\",\"@id\":\"https:\\\/\\\/secure.gravatar.com\\\/avatar\\\/30cd06129ee90411dd9c7cbdcf17464181d1a3c7b072e92070ea75a25cf0097e?s=96&d=mm&r=g\",\"url\":\"https:\\\/\\\/secure.gravatar.com\\\/avatar\\\/30cd06129ee90411dd9c7cbdcf17464181d1a3c7b072e92070ea75a25cf0097e?s=96&d=mm&r=g\",\"contentUrl\":\"https:\\\/\\\/secure.gravatar.com\\\/avatar\\\/30cd06129ee90411dd9c7cbdcf17464181d1a3c7b072e92070ea75a25cf0097e?s=96&d=mm&r=g\",\"caption\":\"Redacci\u00f3n\"},\"url\":\"https:\\\/\\\/radiolitoral.com\\\/ca\\\/author\\\/kevin-carrio\\\/\"}]}<\/script>\n<!-- \/ Yoast SEO plugin. -->","yoast_head_json":{"title":"L\u00b4alcaldessa d\u00b4Alcalal\u00ed recula la normativa de guals despr\u00e9s de l\u00b4onada d\u00b4al\u00b7legacions ve\u00efnals | R\u00e0dio Litoral","description":"Una pol\u00e8mica ordenan\u00e7a sobre accessos a cotxeres i garatges queda anul\u00b7lada per la pressi\u00f3 social","robots":{"index":"index","follow":"follow","max-snippet":"max-snippet:-1","max-image-preview":"max-image-preview:large","max-video-preview":"max-video-preview:-1"},"canonical":"https:\/\/radiolitoral.com\/ca\/2025\/04\/lalcaldessa-dalcalali-recula-la-normativa-de-guals-despres-de-lonada-dal\u00b7legacions-veinals\/","og_locale":"ca_ES","og_type":"article","og_title":"La alcaldesa de Alcalal\u00ed recula la normativa de vados tras la oleada de alegaciones vecinales | R\u00e0dio Litoral","og_description":"Una pol\u00e9mica ordenanza sobre accesos a cocheras y garajes queda anulada por la presi\u00f3n social","og_url":"https:\/\/radiolitoral.com\/ca\/2025\/04\/lalcaldessa-dalcalali-recula-la-normativa-de-guals-despres-de-lonada-dal\u00b7legacions-veinals\/","og_site_name":"R\u00e0dio Litoral","article_publisher":"https:\/\/www.facebook.com\/Laradiolitoral\/","article_published_time":"2025-04-11T07:20:53+00:00","og_image":[{"width":2560,"height":1709,"url":"https:\/\/media.radiolitoral.com\/wp-content\/uploads\/2025\/04\/11092013\/alcalali.jpg","type":"image\/jpeg"}],"author":"Redacci\u00f3n","twitter_card":"summary_large_image","twitter_misc":{"Escrit per":"Redacci\u00f3n","Temps estimat de lectura":"2 minuts"},"schema":{"@context":"https:\/\/schema.org","@graph":[{"@type":"NewsArticle","@id":"https:\/\/radiolitoral.com\/2025\/04\/la-alcaldesa-de-alcalali-recula-la-normativa-de-vados-tras-la-oleada-de-alegaciones-vecinales\/#article","isPartOf":{"@id":"https:\/\/radiolitoral.com\/2025\/04\/la-alcaldesa-de-alcalali-recula-la-normativa-de-vados-tras-la-oleada-de-alegaciones-vecinales\/"},"author":{"name":"Redacci\u00f3n","@id":"https:\/\/radiolitoral.com\/#\/schema\/person\/96b739642eb3bedb532aac3812d23307"},"headline":"La alcaldesa de Alcalal\u00ed recula la normativa de vados tras la oleada de alegaciones vecinales","datePublished":"2025-04-11T07:20:53+00:00","mainEntityOfPage":{"@id":"https:\/\/radiolitoral.com\/2025\/04\/la-alcaldesa-de-alcalali-recula-la-normativa-de-vados-tras-la-oleada-de-alegaciones-vecinales\/"},"wordCount":333,"commentCount":0,"publisher":{"@id":"https:\/\/radiolitoral.com\/#organization"},"image":{"@id":"https:\/\/radiolitoral.com\/2025\/04\/la-alcaldesa-de-alcalali-recula-la-normativa-de-vados-tras-la-oleada-de-alegaciones-vecinales\/#primaryimage"},"thumbnailUrl":"https:\/\/media.radiolitoral.com\/wp-content\/uploads\/2025\/04\/11092013\/alcalali.jpg","keywords":["Alcalal\u00ed","cocheras","Comprom\u00eds Alcalal\u00ed","PP Alcalal\u00ed","vados"],"articleSection":["Pol\u00edtica"],"inLanguage":"ca","potentialAction":[{"@type":"CommentAction","name":"Comment","target":["https:\/\/radiolitoral.com\/2025\/04\/la-alcaldesa-de-alcalali-recula-la-normativa-de-vados-tras-la-oleada-de-alegaciones-vecinales\/#respond"]}]},{"@type":["WebPage","ItemPage"],"@id":"https:\/\/radiolitoral.com\/2025\/04\/la-alcaldesa-de-alcalali-recula-la-normativa-de-vados-tras-la-oleada-de-alegaciones-vecinales\/","url":"https:\/\/radiolitoral.com\/2025\/04\/la-alcaldesa-de-alcalali-recula-la-normativa-de-vados-tras-la-oleada-de-alegaciones-vecinales\/","name":"L\u00b4alcaldessa d\u00b4Alcalal\u00ed recula la normativa de guals despr\u00e9s de l\u00b4onada d\u00b4al\u00b7legacions ve\u00efnals | R\u00e0dio Litoral","isPartOf":{"@id":"https:\/\/radiolitoral.com\/#website"},"primaryImageOfPage":{"@id":"https:\/\/radiolitoral.com\/2025\/04\/la-alcaldesa-de-alcalali-recula-la-normativa-de-vados-tras-la-oleada-de-alegaciones-vecinales\/#primaryimage"},"image":{"@id":"https:\/\/radiolitoral.com\/2025\/04\/la-alcaldesa-de-alcalali-recula-la-normativa-de-vados-tras-la-oleada-de-alegaciones-vecinales\/#primaryimage"},"thumbnailUrl":"https:\/\/media.radiolitoral.com\/wp-content\/uploads\/2025\/04\/11092013\/alcalali.jpg","datePublished":"2025-04-11T07:20:53+00:00","description":"Una pol\u00e8mica ordenan\u00e7a sobre accessos a cotxeres i garatges queda anul\u00b7lada per la pressi\u00f3 social","breadcrumb":{"@id":"https:\/\/radiolitoral.com\/2025\/04\/la-alcaldesa-de-alcalali-recula-la-normativa-de-vados-tras-la-oleada-de-alegaciones-vecinales\/#breadcrumb"},"inLanguage":"ca","potentialAction":[{"@type":"ReadAction","target":["https:\/\/radiolitoral.com\/2025\/04\/la-alcaldesa-de-alcalali-recula-la-normativa-de-vados-tras-la-oleada-de-alegaciones-vecinales\/"]}]},{"@type":"ImageObject","inLanguage":"ca","@id":"https:\/\/radiolitoral.com\/2025\/04\/la-alcaldesa-de-alcalali-recula-la-normativa-de-vados-tras-la-oleada-de-alegaciones-vecinales\/#primaryimage","url":"https:\/\/media.radiolitoral.com\/wp-content\/uploads\/2025\/04\/11092013\/alcalali.jpg","contentUrl":"https:\/\/media.radiolitoral.com\/wp-content\/uploads\/2025\/04\/11092013\/alcalali.jpg","width":2560,"height":1709},{"@type":"BreadcrumbList","@id":"https:\/\/radiolitoral.com\/2025\/04\/la-alcaldesa-de-alcalali-recula-la-normativa-de-vados-tras-la-oleada-de-alegaciones-vecinales\/#breadcrumb","itemListElement":[{"@type":"ListItem","position":1,"name":"Portada","item":"https:\/\/radiolitoral.com\/"},{"@type":"ListItem","position":2,"name":"La alcaldesa de Alcalal\u00ed recula la normativa de vados tras la oleada de alegaciones vecinales"}]},{"@type":"WebSite","@id":"https:\/\/radiolitoral.com\/#website","url":"https:\/\/radiolitoral.com\/","name":"R\u00e0dio Litoral","description":"La r\u00e0dio local de la Marina Alta","publisher":{"@id":"https:\/\/radiolitoral.com\/#organization"},"alternateName":"Litoral FM","potentialAction":[{"@type":"SearchAction","target":{"@type":"EntryPoint","urlTemplate":"https:\/\/radiolitoral.com\/?s={search_term_string}"},"query-input":{"@type":"PropertyValueSpecification","valueRequired":true,"valueName":"search_term_string"}}],"inLanguage":"ca"},{"@type":"Organization","@id":"https:\/\/radiolitoral.com\/#organization","name":"R\u00e0dio Litoral","url":"https:\/\/radiolitoral.com\/","logo":{"@type":"ImageObject","inLanguage":"ca","@id":"https:\/\/radiolitoral.com\/#\/schema\/logo\/image\/","url":"https:\/\/media.radiolitoral.com\/wp-content\/uploads\/2023\/02\/24143238\/CL-V-RadioLitoral696.png","contentUrl":"https:\/\/media.radiolitoral.com\/wp-content\/uploads\/2023\/02\/24143238\/CL-V-RadioLitoral696.png","width":696,"height":696,"caption":"Radio Litoral"},"image":{"@id":"https:\/\/radiolitoral.com\/#\/schema\/logo\/image\/"},"sameAs":["https:\/\/www.facebook.com\/Laradiolitoral\/"]},{"@type":"Person","@id":"https:\/\/radiolitoral.com\/#\/schema\/person\/96b739642eb3bedb532aac3812d23307","name":"Redacci\u00f3","image":{"@type":"ImageObject","inLanguage":"ca","@id":"https:\/\/secure.gravatar.com\/avatar\/30cd06129ee90411dd9c7cbdcf17464181d1a3c7b072e92070ea75a25cf0097e?s=96&d=mm&r=g","url":"https:\/\/secure.gravatar.com\/avatar\/30cd06129ee90411dd9c7cbdcf17464181d1a3c7b072e92070ea75a25cf0097e?s=96&d=mm&r=g","contentUrl":"https:\/\/secure.gravatar.com\/avatar\/30cd06129ee90411dd9c7cbdcf17464181d1a3c7b072e92070ea75a25cf0097e?s=96&d=mm&r=g","caption":"Redacci\u00f3n"},"url":"https:\/\/radiolitoral.com\/ca\/author\/kevin-carrio\/"}]}},"_links":{"self":[{"href":"https:\/\/radiolitoral.com\/ca\/wp-json\/wp\/v2\/posts\/16182","targetHints":{"allow":["GET"]}}],"collection":[{"href":"https:\/\/radiolitoral.com\/ca\/wp-json\/wp\/v2\/posts"}],"about":[{"href":"https:\/\/radiolitoral.com\/ca\/wp-json\/wp\/v2\/types\/post"}],"author":[{"embeddable":true,"href":"https:\/\/radiolitoral.com\/ca\/wp-json\/wp\/v2\/users\/14"}],"replies":[{"embeddable":true,"href":"https:\/\/radiolitoral.com\/ca\/wp-json\/wp\/v2\/comments?post=16182"}],"version-history":[{"count":1,"href":"https:\/\/radiolitoral.com\/ca\/wp-json\/wp\/v2\/posts\/16182\/revisions"}],"predecessor-version":[{"id":16184,"href":"https:\/\/radiolitoral.com\/ca\/wp-json\/wp\/v2\/posts\/16182\/revisions\/16184"}],"wp:featuredmedia":[{"embeddable":true,"href":"https:\/\/radiolitoral.com\/ca\/wp-json\/wp\/v2\/media\/16183"}],"wp:attachment":[{"href":"https:\/\/radiolitoral.com\/ca\/wp-json\/wp\/v2\/media?parent=16182"}],"wp:term":[{"taxonomy":"category","embeddable":true,"href":"https:\/\/radiolitoral.com\/ca\/wp-json\/wp\/v2\/categories?post=16182"},{"taxonomy":"post_tag","embeddable":true,"href":"https:\/\/radiolitoral.com\/ca\/wp-json\/wp\/v2\/tags?post=16182"}],"curies":[{"name":"wp","href":"https:\/\/api.w.org\/{rel}","templated":true}]}}