{"id":16176,"date":"2025-04-11T00:01:37","date_gmt":"2025-04-10T22:01:37","guid":{"rendered":"https:\/\/radiolitoral.com\/?p=16176"},"modified":"2025-04-11T00:01:37","modified_gmt":"2025-04-10T22:01:37","slug":"el-circuit-a-peu-arriba-a-denia","status":"publish","type":"post","link":"https:\/\/radiolitoral.com\/ca\/2025\/04\/el-circuit-a-peu-llega-a-denia\/","title":{"rendered":"El Circuit a Peu arriba a D\u00e9nia"},"content":{"rendered":"<p><strong>D\u00e9nia<\/strong> viur\u00e0 una de les seves jornades m\u00e9s esperades amb la celebraci\u00f3 de la<strong> Volta a Peu<\/strong>, una prova puntuable per al <strong>Circuit a Peu Marina Alta<\/strong>, que ha esdevingut un cl\u00e0ssic per als aficionats a l&#039;atletisme de la localitat. En aquesta edici\u00f3, la cursa presenta una novetat: la modificaci\u00f3 a la ubicaci\u00f3 de la sortida i la meta. L&#039;esdeveniment arrencar\u00e0 a <strong>l<\/strong>al carrer La Via, mantenint un recorregut similar al d&#039;anys anteriors, amb un tra\u00e7at de <strong>10 quil\u00f2metres<\/strong>, el que permetr\u00e0 als corredors gaudir duna experi\u00e8ncia \u00fanica.<\/p>\n<p>Els participants recorreran zones emblem\u00e0tiques del municipi, incloent-hi la fa\u00e7ana mar\u00edtima, la ronda de muralles, el passeig del Saladar i el carrer La Via, tot aix\u00f2 al centre urb\u00e0 de la ciutat. A m\u00e9s, l&#039;organitzaci\u00f3 ha disposat diversos punts d&#039;animaci\u00f3 musical al llarg del recorregut, cosa que donar\u00e0 un toc especial a la cursa i motivar\u00e0 encara m\u00e9s els atletes.<\/p>\n<h2><strong>Aparcament i tr\u00e0nsit<\/strong><\/h2>\n<p>Amb el recorregut desenvolupant-se pel centre de la ciutat, es procedir\u00e0 al tancament al tr\u00e0nsit de la zona centre, per la qual cosa es recomana als participants que aparquin als p\u00e0rquings situats als afores de la ciutat. Tamb\u00e9 es demana als ve\u00efns de la localitat que tinguin paci\u00e8ncia i gaudeixin de la cursa, animant els corredors, que s\u00f3n els aut\u00e8ntics<\/p>\n<h2><strong>Trofeus d&#039;Aprosdeco<\/strong><\/h2>\n<p>Un dels aspectes m\u00e9s caracter\u00edstics de la Volta a Peu de D\u00e9nia s\u00f3n els seus trofeus, els quals es lliuren als guanyadors i han estat dissenyats pels membres de <strong>Aprosdeco<\/strong>, una col\u00b7laboraci\u00f3 que porta anys en marxa entre el club organitzador i aquesta entitat. A m\u00e9s, en aquesta edici\u00f3, el cartell de la cursa presenta un dibuix realitzat per una nena de 7 anys, estudiant del <strong>col\u00b7legi<\/strong> <strong>Llebeig<\/strong>, el que fa encara m\u00e9s especial aquesta edici\u00f3.<\/p>\n<h2><strong>Retirada de dorsals<\/strong><\/h2>\n<p>Per facilitar la recollida de dorsals, els membres del <strong>CA D\u00e9nia Corre<\/strong> estaran presents a les instal\u00b7lacions de <strong>Hyundai Autoalmenar<\/strong> a Partida Madrigueras, avui de <strong>18 a 20 hores<\/strong> i dem\u00e0 de <strong>10 a 12:30 hores<\/strong>. Aquesta \u00e9s una oportunitat perfecta perqu\u00e8 els participants puguin recollir els dorsals amb antelaci\u00f3 i evitar inconvenients el dia de la cursa.<\/p>\n<p>La Volta a Peu de D\u00e9nia es perfila com una festa esportiva per a tota la ciutat, amb una gran participaci\u00f3 de corredors que gaudiran del recorregut i l&#039;ambient festiu que caracteritza aquesta tradicional prova. Ens veiem a la l\u00ednia de sortida!<\/p>\n<p>&nbsp;<\/p>\n<p>&nbsp;<\/p>\n<p><script src=\"chrome-extension:\/\/flbolonkboilcbnohjlchlfgdalomdpl\/iFrame.js\" type=\"text\/javascript\"><\/script><\/p>\n<p><script src=\"chrome-extension:\/\/flbolonkboilcbnohjlchlfgdalomdpl\/iFrame.js\" type=\"text\/javascript\"><\/script><\/p>","protected":false},"excerpt":{"rendered":"<p>D\u00e9nia vivir\u00e1 una de sus jornadas m\u00e1s esperadas con la celebraci\u00f3n de la Volta a Peu, una prueba puntuable para el Circuit a Peu Marina Alta, que se ha convertido en un cl\u00e1sico para los aficionados al atletismo de la localidad. En esta edici\u00f3n, la carrera presenta una novedad: la modificaci\u00f3n en la ubicaci\u00f3n de [&#8230;]<\/p>\n<p><a class=\"btn btn-secondary understrap-read-more-link\" href=\"https:\/\/radiolitoral.com\/ca\/2025\/04\/el-circuit-a-peu-llega-a-denia\/\">Continua llegint&#8230;<span class=\"screen-reader-text\"> from El Circuit a Peu llega a D\u00e9nia<\/span><\/a><\/p>\n","protected":false},"author":12,"featured_media":16177,"comment_status":"open","ping_status":"closed","sticky":false,"template":"","format":"standard","meta":{"_acf_changed":false,"inline_featured_image":false,"footnotes":""},"categories":[5],"tags":[279,1251,922,4144,6,892,1250],"class_list":["post-16176","post","type-post","status-publish","format-standard","has-post-thumbnail","hentry","category-deportes","tag-aprosdeco","tag-ca-denia-corre","tag-circuit-a-peu-marina-alta","tag-colegio-llebeig","tag-deportes","tag-lauro-techeira","tag-volta-a-peu-a-denia","cobertura-denia"],"acf":[],"yoast_head":"<!-- This site is optimized with the Yoast SEO plugin v27.5 - https:\/\/yoast.com\/product\/yoast-seo-wordpress\/ -->\n<title>El Circuit a Peu llega a D\u00e9nia | R\u00e0dio Litoral<\/title>\n<meta name=\"description\" content=\"La Volta a Peu es la primera prueba que se celebrar\u00e1 la tarde del s\u00e1bado y tiene un trazado de 10 kil\u00f3metros La Volta a Peu es la primera prueba que se celebrar\u00e1 la tarde del s\u00e1bado y tiene un trazado de 10 kil\u00f3metros\" \/>\n<meta name=\"robots\" content=\"index, follow, max-snippet:-1, max-image-preview:large, max-video-preview:-1\" \/>\n<link rel=\"canonical\" href=\"https:\/\/radiolitoral.com\/ca\/2025\/04\/el-circuit-a-peu-arriba-a-denia\/\" \/>\n<meta property=\"og:locale\" content=\"ca_ES\" \/>\n<meta property=\"og:type\" content=\"article\" \/>\n<meta property=\"og:title\" content=\"El Circuit a Peu llega a D\u00e9nia | R\u00e0dio Litoral\" \/>\n<meta property=\"og:description\" content=\"La Volta a Peu es la primera prueba que se celebrar\u00e1 la tarde del s\u00e1bado y tiene un trazado de 10 kil\u00f3metros La Volta a Peu es la primera prueba que se celebrar\u00e1 la tarde del s\u00e1bado y tiene un trazado de 10 kil\u00f3metros\" \/>\n<meta property=\"og:url\" content=\"https:\/\/radiolitoral.com\/ca\/2025\/04\/el-circuit-a-peu-arriba-a-denia\/\" \/>\n<meta property=\"og:site_name\" content=\"R\u00e0dio Litoral\" \/>\n<meta property=\"article:publisher\" content=\"https:\/\/www.facebook.com\/Laradiolitoral\/\" \/>\n<meta property=\"article:published_time\" content=\"2025-04-10T22:01:37+00:00\" \/>\n<meta property=\"og:image\" content=\"https:\/\/media.radiolitoral.com\/wp-content\/uploads\/2025\/04\/10194050\/La-Mar.jpg\" \/>\n\t<meta property=\"og:image:width\" content=\"2048\" \/>\n\t<meta property=\"og:image:height\" content=\"1365\" \/>\n\t<meta property=\"og:image:type\" content=\"image\/jpeg\" \/>\n<meta name=\"author\" content=\"Javier Zamora\" \/>\n<meta name=\"twitter:card\" content=\"summary_large_image\" \/>\n<meta name=\"twitter:label1\" content=\"Escrit per\" \/>\n\t<meta name=\"twitter:data1\" content=\"Javier Zamora\" \/>\n\t<meta name=\"twitter:label2\" content=\"Temps estimat de lectura\" \/>\n\t<meta name=\"twitter:data2\" content=\"3 minuts\" \/>\n<script type=\"application\/ld+json\" class=\"yoast-schema-graph\">{\"@context\":\"https:\\\/\\\/schema.org\",\"@graph\":[{\"@type\":\"NewsArticle\",\"@id\":\"https:\\\/\\\/radiolitoral.com\\\/2025\\\/04\\\/el-circuit-a-peu-llega-a-denia\\\/#article\",\"isPartOf\":{\"@id\":\"https:\\\/\\\/radiolitoral.com\\\/2025\\\/04\\\/el-circuit-a-peu-llega-a-denia\\\/\"},\"author\":{\"name\":\"Javier Zamora\",\"@id\":\"https:\\\/\\\/radiolitoral.com\\\/#\\\/schema\\\/person\\\/7b1480b5caeb5acdd4ec6379caf62b22\"},\"headline\":\"El Circuit a Peu llega a D\u00e9nia\",\"datePublished\":\"2025-04-10T22:01:37+00:00\",\"mainEntityOfPage\":{\"@id\":\"https:\\\/\\\/radiolitoral.com\\\/2025\\\/04\\\/el-circuit-a-peu-llega-a-denia\\\/\"},\"wordCount\":462,\"commentCount\":0,\"publisher\":{\"@id\":\"https:\\\/\\\/radiolitoral.com\\\/#organization\"},\"image\":{\"@id\":\"https:\\\/\\\/radiolitoral.com\\\/2025\\\/04\\\/el-circuit-a-peu-llega-a-denia\\\/#primaryimage\"},\"thumbnailUrl\":\"https:\\\/\\\/media.radiolitoral.com\\\/wp-content\\\/uploads\\\/2025\\\/04\\\/10194050\\\/La-Mar.jpg\",\"keywords\":[\"Aprosdeco\",\"CA D\u00e9nia Corre\",\"Circuit a Peu Marina Alta\",\"colegio Llebeig\",\"deportes\",\"Lauro Techeira\",\"Volta a Peu a D\u00e9nia\"],\"articleSection\":[\"Deportes\"],\"inLanguage\":\"ca\",\"potentialAction\":[{\"@type\":\"CommentAction\",\"name\":\"Comment\",\"target\":[\"https:\\\/\\\/radiolitoral.com\\\/2025\\\/04\\\/el-circuit-a-peu-llega-a-denia\\\/#respond\"]}]},{\"@type\":[\"WebPage\",\"ItemPage\"],\"@id\":\"https:\\\/\\\/radiolitoral.com\\\/2025\\\/04\\\/el-circuit-a-peu-llega-a-denia\\\/\",\"url\":\"https:\\\/\\\/radiolitoral.com\\\/2025\\\/04\\\/el-circuit-a-peu-llega-a-denia\\\/\",\"name\":\"El Circuit a Peu llega a D\u00e9nia | R\u00e0dio Litoral\",\"isPartOf\":{\"@id\":\"https:\\\/\\\/radiolitoral.com\\\/#website\"},\"primaryImageOfPage\":{\"@id\":\"https:\\\/\\\/radiolitoral.com\\\/2025\\\/04\\\/el-circuit-a-peu-llega-a-denia\\\/#primaryimage\"},\"image\":{\"@id\":\"https:\\\/\\\/radiolitoral.com\\\/2025\\\/04\\\/el-circuit-a-peu-llega-a-denia\\\/#primaryimage\"},\"thumbnailUrl\":\"https:\\\/\\\/media.radiolitoral.com\\\/wp-content\\\/uploads\\\/2025\\\/04\\\/10194050\\\/La-Mar.jpg\",\"datePublished\":\"2025-04-10T22:01:37+00:00\",\"description\":\"La Volta a Peu es la primera prueba que se celebrar\u00e1 la tarde del s\u00e1bado y tiene un trazado de 10 kil\u00f3metros La Volta a Peu es la primera prueba que se celebrar\u00e1 la tarde del s\u00e1bado y tiene un trazado de 10 kil\u00f3metros\",\"breadcrumb\":{\"@id\":\"https:\\\/\\\/radiolitoral.com\\\/2025\\\/04\\\/el-circuit-a-peu-llega-a-denia\\\/#breadcrumb\"},\"inLanguage\":\"ca\",\"potentialAction\":[{\"@type\":\"ReadAction\",\"target\":[\"https:\\\/\\\/radiolitoral.com\\\/2025\\\/04\\\/el-circuit-a-peu-llega-a-denia\\\/\"]}]},{\"@type\":\"ImageObject\",\"inLanguage\":\"ca\",\"@id\":\"https:\\\/\\\/radiolitoral.com\\\/2025\\\/04\\\/el-circuit-a-peu-llega-a-denia\\\/#primaryimage\",\"url\":\"https:\\\/\\\/media.radiolitoral.com\\\/wp-content\\\/uploads\\\/2025\\\/04\\\/10194050\\\/La-Mar.jpg\",\"contentUrl\":\"https:\\\/\\\/media.radiolitoral.com\\\/wp-content\\\/uploads\\\/2025\\\/04\\\/10194050\\\/La-Mar.jpg\",\"width\":2048,\"height\":1365},{\"@type\":\"BreadcrumbList\",\"@id\":\"https:\\\/\\\/radiolitoral.com\\\/2025\\\/04\\\/el-circuit-a-peu-llega-a-denia\\\/#breadcrumb\",\"itemListElement\":[{\"@type\":\"ListItem\",\"position\":1,\"name\":\"Portada\",\"item\":\"https:\\\/\\\/radiolitoral.com\\\/\"},{\"@type\":\"ListItem\",\"position\":2,\"name\":\"El Circuit a Peu llega a D\u00e9nia\"}]},{\"@type\":\"WebSite\",\"@id\":\"https:\\\/\\\/radiolitoral.com\\\/#website\",\"url\":\"https:\\\/\\\/radiolitoral.com\\\/\",\"name\":\"Radio Litoral\",\"description\":\"La radio local de la Marina Alta\",\"publisher\":{\"@id\":\"https:\\\/\\\/radiolitoral.com\\\/#organization\"},\"alternateName\":\"Litoral FM\",\"potentialAction\":[{\"@type\":\"SearchAction\",\"target\":{\"@type\":\"EntryPoint\",\"urlTemplate\":\"https:\\\/\\\/radiolitoral.com\\\/?s={search_term_string}\"},\"query-input\":{\"@type\":\"PropertyValueSpecification\",\"valueRequired\":true,\"valueName\":\"search_term_string\"}}],\"inLanguage\":\"ca\"},{\"@type\":\"Organization\",\"@id\":\"https:\\\/\\\/radiolitoral.com\\\/#organization\",\"name\":\"Radio Litoral\",\"url\":\"https:\\\/\\\/radiolitoral.com\\\/\",\"logo\":{\"@type\":\"ImageObject\",\"inLanguage\":\"ca\",\"@id\":\"https:\\\/\\\/radiolitoral.com\\\/#\\\/schema\\\/logo\\\/image\\\/\",\"url\":\"https:\\\/\\\/media.radiolitoral.com\\\/wp-content\\\/uploads\\\/2023\\\/02\\\/24143238\\\/CL-V-RadioLitoral696.png\",\"contentUrl\":\"https:\\\/\\\/media.radiolitoral.com\\\/wp-content\\\/uploads\\\/2023\\\/02\\\/24143238\\\/CL-V-RadioLitoral696.png\",\"width\":696,\"height\":696,\"caption\":\"Radio Litoral\"},\"image\":{\"@id\":\"https:\\\/\\\/radiolitoral.com\\\/#\\\/schema\\\/logo\\\/image\\\/\"},\"sameAs\":[\"https:\\\/\\\/www.facebook.com\\\/Laradiolitoral\\\/\"]},{\"@type\":\"Person\",\"@id\":\"https:\\\/\\\/radiolitoral.com\\\/#\\\/schema\\\/person\\\/7b1480b5caeb5acdd4ec6379caf62b22\",\"name\":\"Javier Zamora\",\"image\":{\"@type\":\"ImageObject\",\"inLanguage\":\"ca\",\"@id\":\"https:\\\/\\\/secure.gravatar.com\\\/avatar\\\/467a11f6918c7d619c4043fc6fa2d3853053107973f05b6e9c04ea6c4e3a7b3f?s=96&d=mm&r=g\",\"url\":\"https:\\\/\\\/secure.gravatar.com\\\/avatar\\\/467a11f6918c7d619c4043fc6fa2d3853053107973f05b6e9c04ea6c4e3a7b3f?s=96&d=mm&r=g\",\"contentUrl\":\"https:\\\/\\\/secure.gravatar.com\\\/avatar\\\/467a11f6918c7d619c4043fc6fa2d3853053107973f05b6e9c04ea6c4e3a7b3f?s=96&d=mm&r=g\",\"caption\":\"Javier Zamora\"},\"url\":\"https:\\\/\\\/radiolitoral.com\\\/ca\\\/author\\\/javier-zamora\\\/\"}]}<\/script>\n<!-- \/ Yoast SEO plugin. -->","yoast_head_json":{"title":"El Circuit a Peu arriba a D\u00e9nia | R\u00e0dio Litoral","description":"La Volta a Peu \u00e9s la primera prova que se celebrar\u00e0 dissabte a la tarda i t\u00e9 un tra\u00e7at de 10 quil\u00f2metres La Volta a Peu \u00e9s la primera prova que se celebrar\u00e0 dissabte a la tarda i t\u00e9 un tra\u00e7at de 10 quil\u00f2metres","robots":{"index":"index","follow":"follow","max-snippet":"max-snippet:-1","max-image-preview":"max-image-preview:large","max-video-preview":"max-video-preview:-1"},"canonical":"https:\/\/radiolitoral.com\/ca\/2025\/04\/el-circuit-a-peu-arriba-a-denia\/","og_locale":"ca_ES","og_type":"article","og_title":"El Circuit a Peu llega a D\u00e9nia | R\u00e0dio Litoral","og_description":"La Volta a Peu es la primera prueba que se celebrar\u00e1 la tarde del s\u00e1bado y tiene un trazado de 10 kil\u00f3metros La Volta a Peu es la primera prueba que se celebrar\u00e1 la tarde del s\u00e1bado y tiene un trazado de 10 kil\u00f3metros","og_url":"https:\/\/radiolitoral.com\/ca\/2025\/04\/el-circuit-a-peu-arriba-a-denia\/","og_site_name":"R\u00e0dio Litoral","article_publisher":"https:\/\/www.facebook.com\/Laradiolitoral\/","article_published_time":"2025-04-10T22:01:37+00:00","og_image":[{"width":2048,"height":1365,"url":"https:\/\/media.radiolitoral.com\/wp-content\/uploads\/2025\/04\/10194050\/La-Mar.jpg","type":"image\/jpeg"}],"author":"Javier Zamora","twitter_card":"summary_large_image","twitter_misc":{"Escrit per":"Javier Zamora","Temps estimat de lectura":"3 minuts"},"schema":{"@context":"https:\/\/schema.org","@graph":[{"@type":"NewsArticle","@id":"https:\/\/radiolitoral.com\/2025\/04\/el-circuit-a-peu-llega-a-denia\/#article","isPartOf":{"@id":"https:\/\/radiolitoral.com\/2025\/04\/el-circuit-a-peu-llega-a-denia\/"},"author":{"name":"Javier Zamora","@id":"https:\/\/radiolitoral.com\/#\/schema\/person\/7b1480b5caeb5acdd4ec6379caf62b22"},"headline":"El Circuit a Peu llega a D\u00e9nia","datePublished":"2025-04-10T22:01:37+00:00","mainEntityOfPage":{"@id":"https:\/\/radiolitoral.com\/2025\/04\/el-circuit-a-peu-llega-a-denia\/"},"wordCount":462,"commentCount":0,"publisher":{"@id":"https:\/\/radiolitoral.com\/#organization"},"image":{"@id":"https:\/\/radiolitoral.com\/2025\/04\/el-circuit-a-peu-llega-a-denia\/#primaryimage"},"thumbnailUrl":"https:\/\/media.radiolitoral.com\/wp-content\/uploads\/2025\/04\/10194050\/La-Mar.jpg","keywords":["Aprosdeco","CA D\u00e9nia Corre","Circuit a Peu Marina Alta","colegio Llebeig","deportes","Lauro Techeira","Volta a Peu a D\u00e9nia"],"articleSection":["Deportes"],"inLanguage":"ca","potentialAction":[{"@type":"CommentAction","name":"Comment","target":["https:\/\/radiolitoral.com\/2025\/04\/el-circuit-a-peu-llega-a-denia\/#respond"]}]},{"@type":["WebPage","ItemPage"],"@id":"https:\/\/radiolitoral.com\/2025\/04\/el-circuit-a-peu-llega-a-denia\/","url":"https:\/\/radiolitoral.com\/2025\/04\/el-circuit-a-peu-llega-a-denia\/","name":"El Circuit a Peu arriba a D\u00e9nia | R\u00e0dio Litoral","isPartOf":{"@id":"https:\/\/radiolitoral.com\/#website"},"primaryImageOfPage":{"@id":"https:\/\/radiolitoral.com\/2025\/04\/el-circuit-a-peu-llega-a-denia\/#primaryimage"},"image":{"@id":"https:\/\/radiolitoral.com\/2025\/04\/el-circuit-a-peu-llega-a-denia\/#primaryimage"},"thumbnailUrl":"https:\/\/media.radiolitoral.com\/wp-content\/uploads\/2025\/04\/10194050\/La-Mar.jpg","datePublished":"2025-04-10T22:01:37+00:00","description":"La Volta a Peu \u00e9s la primera prova que se celebrar\u00e0 dissabte a la tarda i t\u00e9 un tra\u00e7at de 10 quil\u00f2metres La Volta a Peu \u00e9s la primera prova que se celebrar\u00e0 dissabte a la tarda i t\u00e9 un tra\u00e7at de 10 quil\u00f2metres","breadcrumb":{"@id":"https:\/\/radiolitoral.com\/2025\/04\/el-circuit-a-peu-llega-a-denia\/#breadcrumb"},"inLanguage":"ca","potentialAction":[{"@type":"ReadAction","target":["https:\/\/radiolitoral.com\/2025\/04\/el-circuit-a-peu-llega-a-denia\/"]}]},{"@type":"ImageObject","inLanguage":"ca","@id":"https:\/\/radiolitoral.com\/2025\/04\/el-circuit-a-peu-llega-a-denia\/#primaryimage","url":"https:\/\/media.radiolitoral.com\/wp-content\/uploads\/2025\/04\/10194050\/La-Mar.jpg","contentUrl":"https:\/\/media.radiolitoral.com\/wp-content\/uploads\/2025\/04\/10194050\/La-Mar.jpg","width":2048,"height":1365},{"@type":"BreadcrumbList","@id":"https:\/\/radiolitoral.com\/2025\/04\/el-circuit-a-peu-llega-a-denia\/#breadcrumb","itemListElement":[{"@type":"ListItem","position":1,"name":"Portada","item":"https:\/\/radiolitoral.com\/"},{"@type":"ListItem","position":2,"name":"El Circuit a Peu llega a D\u00e9nia"}]},{"@type":"WebSite","@id":"https:\/\/radiolitoral.com\/#website","url":"https:\/\/radiolitoral.com\/","name":"R\u00e0dio Litoral","description":"La r\u00e0dio local de la Marina Alta","publisher":{"@id":"https:\/\/radiolitoral.com\/#organization"},"alternateName":"Litoral FM","potentialAction":[{"@type":"SearchAction","target":{"@type":"EntryPoint","urlTemplate":"https:\/\/radiolitoral.com\/?s={search_term_string}"},"query-input":{"@type":"PropertyValueSpecification","valueRequired":true,"valueName":"search_term_string"}}],"inLanguage":"ca"},{"@type":"Organization","@id":"https:\/\/radiolitoral.com\/#organization","name":"R\u00e0dio Litoral","url":"https:\/\/radiolitoral.com\/","logo":{"@type":"ImageObject","inLanguage":"ca","@id":"https:\/\/radiolitoral.com\/#\/schema\/logo\/image\/","url":"https:\/\/media.radiolitoral.com\/wp-content\/uploads\/2023\/02\/24143238\/CL-V-RadioLitoral696.png","contentUrl":"https:\/\/media.radiolitoral.com\/wp-content\/uploads\/2023\/02\/24143238\/CL-V-RadioLitoral696.png","width":696,"height":696,"caption":"Radio Litoral"},"image":{"@id":"https:\/\/radiolitoral.com\/#\/schema\/logo\/image\/"},"sameAs":["https:\/\/www.facebook.com\/Laradiolitoral\/"]},{"@type":"Person","@id":"https:\/\/radiolitoral.com\/#\/schema\/person\/7b1480b5caeb5acdd4ec6379caf62b22","name":"Javier Zamora","image":{"@type":"ImageObject","inLanguage":"ca","@id":"https:\/\/secure.gravatar.com\/avatar\/467a11f6918c7d619c4043fc6fa2d3853053107973f05b6e9c04ea6c4e3a7b3f?s=96&d=mm&r=g","url":"https:\/\/secure.gravatar.com\/avatar\/467a11f6918c7d619c4043fc6fa2d3853053107973f05b6e9c04ea6c4e3a7b3f?s=96&d=mm&r=g","contentUrl":"https:\/\/secure.gravatar.com\/avatar\/467a11f6918c7d619c4043fc6fa2d3853053107973f05b6e9c04ea6c4e3a7b3f?s=96&d=mm&r=g","caption":"Javier Zamora"},"url":"https:\/\/radiolitoral.com\/ca\/author\/javier-zamora\/"}]}},"_links":{"self":[{"href":"https:\/\/radiolitoral.com\/ca\/wp-json\/wp\/v2\/posts\/16176","targetHints":{"allow":["GET"]}}],"collection":[{"href":"https:\/\/radiolitoral.com\/ca\/wp-json\/wp\/v2\/posts"}],"about":[{"href":"https:\/\/radiolitoral.com\/ca\/wp-json\/wp\/v2\/types\/post"}],"author":[{"embeddable":true,"href":"https:\/\/radiolitoral.com\/ca\/wp-json\/wp\/v2\/users\/12"}],"replies":[{"embeddable":true,"href":"https:\/\/radiolitoral.com\/ca\/wp-json\/wp\/v2\/comments?post=16176"}],"version-history":[{"count":3,"href":"https:\/\/radiolitoral.com\/ca\/wp-json\/wp\/v2\/posts\/16176\/revisions"}],"predecessor-version":[{"id":16180,"href":"https:\/\/radiolitoral.com\/ca\/wp-json\/wp\/v2\/posts\/16176\/revisions\/16180"}],"wp:featuredmedia":[{"embeddable":true,"href":"https:\/\/radiolitoral.com\/ca\/wp-json\/wp\/v2\/media\/16177"}],"wp:attachment":[{"href":"https:\/\/radiolitoral.com\/ca\/wp-json\/wp\/v2\/media?parent=16176"}],"wp:term":[{"taxonomy":"category","embeddable":true,"href":"https:\/\/radiolitoral.com\/ca\/wp-json\/wp\/v2\/categories?post=16176"},{"taxonomy":"post_tag","embeddable":true,"href":"https:\/\/radiolitoral.com\/ca\/wp-json\/wp\/v2\/tags?post=16176"}],"curies":[{"name":"wp","href":"https:\/\/api.w.org\/{rel}","templated":true}]}}