{"id":1616,"date":"2023-03-24T15:32:30","date_gmt":"2023-03-24T14:32:30","guid":{"rendered":"https:\/\/radiolitoral.com\/?p=1616"},"modified":"2023-03-24T15:34:07","modified_gmt":"2023-03-24T14:34:07","slug":"jornada-de-portes-obertes-del-nou-col%c2%b7legi-institut-serra-de-bernia-de-xalo","status":"publish","type":"post","link":"https:\/\/radiolitoral.com\/ca\/2023\/03\/jornada-de-puertas-abiertas-del-nuevo-colegio-instituto-serra-de-bernia-de-xalo\/","title":{"rendered":"Jornada de portes obertes del nou col\u00b7legi institut Serra de B\u00e8rnia de Xal\u00f3"},"content":{"rendered":"<p><strong>L&#039;ajuntament de Xal\u00f3<\/strong> ha programat per a aquest cap de setmana, per al diumenge, una<strong> jornada de portes obertes del nou col\u00b7legi institut Serra de B\u00e8rnia<\/strong> de la localitat. Acte previ a l&#039;obertura oficial prevista per a la setmana que ve, que a m\u00e9s comptar\u00e0 amb una actuaci\u00f3 infantil, pensant en els alumnes que molt aviat ocuparan les aules d&#039;aquest esperat centre educatiu.<\/p>\n<p>La jornada de portes obertes tindr\u00e0 un horari <strong>de 10.30 a 13.30 hores<\/strong> ia ella poden acudir tots els interessats. Recordeu que el centre est\u00e0 ubicat en una parcel\u00b7la municipal 10.377 m\u00b2 entre el cam\u00ed de l&#039;Institut i el cam\u00ed del Cementiri on en part hi ha el col\u00b7legi actual. Les noves depend\u00e8ncies estan adaptades per <strong>allotjar 560 places escolars des d&#039;Infantil de 2 anys fins a 4t d&#039;ESO<\/strong>.<\/p>\n<p>L&#039;escola actual s&#039;enderrocar\u00e0 i sobre aquest terreny es construiran el <strong>gimn\u00e0s<\/strong> i les noves <strong>pistes esportives<\/strong>. El nou centre tamb\u00e9 disposar\u00e0 de <strong>menjador escolar amb cuina pr\u00f2pia amb capacitat per a 360 comensals<\/strong> en tres torns. Tot l&#039;edifici est\u00e0 climatitzat i, a m\u00e9s, a la zona d&#039;Infantil la instal\u00b7laci\u00f3 de la calefacci\u00f3 es fa mitjan\u00e7ant un sistema de terra radiant.<\/p>","protected":false},"excerpt":{"rendered":"<p>El ayuntamiento de Xal\u00f3 ha programado para este fin de semana, para el domingo, una jornada de puertas abiertas del nuevo colegio instituto Serra de B\u00e8rnia de la localidad. Acto previo a la apertura oficial prevista para la pr\u00f3xima semana, que adem\u00e1s contar\u00e1 con una actuaci\u00f3n infantil, pensando en los alumnos que muy pronto ocupar\u00e1n [&#8230;]<\/p>\n<p><a class=\"btn btn-secondary understrap-read-more-link\" href=\"https:\/\/radiolitoral.com\/ca\/2023\/03\/jornada-de-puertas-abiertas-del-nuevo-colegio-instituto-serra-de-bernia-de-xalo\/\">Continua llegint&#8230;<span class=\"screen-reader-text\"> from Jornada de puertas abiertas del nuevo colegio instituto Serra de B\u00e8rnia de Xal\u00f3<\/span><\/a><\/p>\n","protected":false},"author":13,"featured_media":1619,"comment_status":"open","ping_status":"closed","sticky":false,"template":"","format":"standard","meta":{"_acf_changed":false,"inline_featured_image":false,"footnotes":""},"categories":[130],"tags":[320,322,321,133],"class_list":["post-1616","post","type-post","status-publish","format-standard","has-post-thumbnail","hentry","category-educacion","tag-colegio-xalo","tag-educacion-xalo","tag-jornada-puertas-abiertas-xalo","tag-xalo","cobertura-xalo"],"acf":[],"yoast_head":"<!-- This site is optimized with the Yoast SEO plugin v27.5 - https:\/\/yoast.com\/product\/yoast-seo-wordpress\/ -->\n<title>Jornada de puertas abiertas del nuevo colegio instituto Serra de B\u00e8rnia de Xal\u00f3 | R\u00e0dio Litoral<\/title>\n<meta name=\"description\" content=\"Ser\u00e1 este domingo; es el acto previo a la apertura oficial prevista para la pr\u00f3xima semana\" \/>\n<meta name=\"robots\" content=\"index, follow, max-snippet:-1, max-image-preview:large, max-video-preview:-1\" \/>\n<link rel=\"canonical\" href=\"https:\/\/radiolitoral.com\/ca\/2023\/03\/jornada-de-portes-obertes-del-nou-col\u00b7legi-institut-serra-de-bernia-de-xalo\/\" \/>\n<meta property=\"og:locale\" content=\"ca_ES\" \/>\n<meta property=\"og:type\" content=\"article\" \/>\n<meta property=\"og:title\" content=\"Jornada de puertas abiertas del nuevo colegio instituto Serra de B\u00e8rnia de Xal\u00f3 | R\u00e0dio Litoral\" \/>\n<meta property=\"og:description\" content=\"Ser\u00e1 este domingo; es el acto previo a la apertura oficial prevista para la pr\u00f3xima semana\" \/>\n<meta property=\"og:url\" content=\"https:\/\/radiolitoral.com\/ca\/2023\/03\/jornada-de-portes-obertes-del-nou-col\u00b7legi-institut-serra-de-bernia-de-xalo\/\" \/>\n<meta property=\"og:site_name\" content=\"R\u00e0dio Litoral\" \/>\n<meta property=\"article:publisher\" content=\"https:\/\/www.facebook.com\/Laradiolitoral\/\" \/>\n<meta property=\"article:published_time\" content=\"2023-03-24T14:32:30+00:00\" \/>\n<meta property=\"article:modified_time\" content=\"2023-03-24T14:34:07+00:00\" \/>\n<meta property=\"og:image\" content=\"https:\/\/media.radiolitoral.com\/wp-content\/uploads\/2023\/03\/24153023\/WhatsApp-Image-2023-03-22-at-08.26.53-980x689-1.jpeg\" \/>\n\t<meta property=\"og:image:width\" content=\"980\" \/>\n\t<meta property=\"og:image:height\" content=\"689\" \/>\n\t<meta property=\"og:image:type\" content=\"image\/jpeg\" \/>\n<meta name=\"author\" content=\"Redacci\u00f3n\" \/>\n<meta name=\"twitter:card\" content=\"summary_large_image\" \/>\n<meta name=\"twitter:label1\" content=\"Escrit per\" \/>\n\t<meta name=\"twitter:data1\" content=\"Redacci\u00f3n\" \/>\n\t<meta name=\"twitter:label2\" content=\"Temps estimat de lectura\" \/>\n\t<meta name=\"twitter:data2\" content=\"1 minut\" \/>\n<script type=\"application\/ld+json\" class=\"yoast-schema-graph\">{\"@context\":\"https:\\\/\\\/schema.org\",\"@graph\":[{\"@type\":\"NewsArticle\",\"@id\":\"https:\\\/\\\/radiolitoral.com\\\/2023\\\/03\\\/jornada-de-puertas-abiertas-del-nuevo-colegio-instituto-serra-de-bernia-de-xalo\\\/#article\",\"isPartOf\":{\"@id\":\"https:\\\/\\\/radiolitoral.com\\\/2023\\\/03\\\/jornada-de-puertas-abiertas-del-nuevo-colegio-instituto-serra-de-bernia-de-xalo\\\/\"},\"author\":{\"name\":\"Redacci\u00f3n\",\"@id\":\"https:\\\/\\\/radiolitoral.com\\\/#\\\/schema\\\/person\\\/f2b2343c49b5d721857cc1002bfdb151\"},\"headline\":\"Jornada de puertas abiertas del nuevo colegio instituto Serra de B\u00e8rnia de Xal\u00f3\",\"datePublished\":\"2023-03-24T14:32:30+00:00\",\"dateModified\":\"2023-03-24T14:34:07+00:00\",\"mainEntityOfPage\":{\"@id\":\"https:\\\/\\\/radiolitoral.com\\\/2023\\\/03\\\/jornada-de-puertas-abiertas-del-nuevo-colegio-instituto-serra-de-bernia-de-xalo\\\/\"},\"wordCount\":212,\"commentCount\":0,\"publisher\":{\"@id\":\"https:\\\/\\\/radiolitoral.com\\\/#organization\"},\"image\":{\"@id\":\"https:\\\/\\\/radiolitoral.com\\\/2023\\\/03\\\/jornada-de-puertas-abiertas-del-nuevo-colegio-instituto-serra-de-bernia-de-xalo\\\/#primaryimage\"},\"thumbnailUrl\":\"https:\\\/\\\/media.radiolitoral.com\\\/wp-content\\\/uploads\\\/2023\\\/03\\\/24153023\\\/WhatsApp-Image-2023-03-22-at-08.26.53-980x689-1.jpeg\",\"keywords\":[\"colegio Xal\u00f3\",\"educaci\u00f3n Xal\u00f3\",\"jornada puertas abiertas Xal\u00f3\",\"Xal\u00f3\"],\"articleSection\":[\"Educaci\u00f3n\"],\"inLanguage\":\"ca\",\"potentialAction\":[{\"@type\":\"CommentAction\",\"name\":\"Comment\",\"target\":[\"https:\\\/\\\/radiolitoral.com\\\/2023\\\/03\\\/jornada-de-puertas-abiertas-del-nuevo-colegio-instituto-serra-de-bernia-de-xalo\\\/#respond\"]}]},{\"@type\":[\"WebPage\",\"ItemPage\"],\"@id\":\"https:\\\/\\\/radiolitoral.com\\\/2023\\\/03\\\/jornada-de-puertas-abiertas-del-nuevo-colegio-instituto-serra-de-bernia-de-xalo\\\/\",\"url\":\"https:\\\/\\\/radiolitoral.com\\\/2023\\\/03\\\/jornada-de-puertas-abiertas-del-nuevo-colegio-instituto-serra-de-bernia-de-xalo\\\/\",\"name\":\"Jornada de puertas abiertas del nuevo colegio instituto Serra de B\u00e8rnia de Xal\u00f3 | R\u00e0dio Litoral\",\"isPartOf\":{\"@id\":\"https:\\\/\\\/radiolitoral.com\\\/#website\"},\"primaryImageOfPage\":{\"@id\":\"https:\\\/\\\/radiolitoral.com\\\/2023\\\/03\\\/jornada-de-puertas-abiertas-del-nuevo-colegio-instituto-serra-de-bernia-de-xalo\\\/#primaryimage\"},\"image\":{\"@id\":\"https:\\\/\\\/radiolitoral.com\\\/2023\\\/03\\\/jornada-de-puertas-abiertas-del-nuevo-colegio-instituto-serra-de-bernia-de-xalo\\\/#primaryimage\"},\"thumbnailUrl\":\"https:\\\/\\\/media.radiolitoral.com\\\/wp-content\\\/uploads\\\/2023\\\/03\\\/24153023\\\/WhatsApp-Image-2023-03-22-at-08.26.53-980x689-1.jpeg\",\"datePublished\":\"2023-03-24T14:32:30+00:00\",\"dateModified\":\"2023-03-24T14:34:07+00:00\",\"description\":\"Ser\u00e1 este domingo; es el acto previo a la apertura oficial prevista para la pr\u00f3xima semana\",\"breadcrumb\":{\"@id\":\"https:\\\/\\\/radiolitoral.com\\\/2023\\\/03\\\/jornada-de-puertas-abiertas-del-nuevo-colegio-instituto-serra-de-bernia-de-xalo\\\/#breadcrumb\"},\"inLanguage\":\"ca\",\"potentialAction\":[{\"@type\":\"ReadAction\",\"target\":[\"https:\\\/\\\/radiolitoral.com\\\/2023\\\/03\\\/jornada-de-puertas-abiertas-del-nuevo-colegio-instituto-serra-de-bernia-de-xalo\\\/\"]}]},{\"@type\":\"ImageObject\",\"inLanguage\":\"ca\",\"@id\":\"https:\\\/\\\/radiolitoral.com\\\/2023\\\/03\\\/jornada-de-puertas-abiertas-del-nuevo-colegio-instituto-serra-de-bernia-de-xalo\\\/#primaryimage\",\"url\":\"https:\\\/\\\/media.radiolitoral.com\\\/wp-content\\\/uploads\\\/2023\\\/03\\\/24153023\\\/WhatsApp-Image-2023-03-22-at-08.26.53-980x689-1.jpeg\",\"contentUrl\":\"https:\\\/\\\/media.radiolitoral.com\\\/wp-content\\\/uploads\\\/2023\\\/03\\\/24153023\\\/WhatsApp-Image-2023-03-22-at-08.26.53-980x689-1.jpeg\",\"width\":980,\"height\":689},{\"@type\":\"BreadcrumbList\",\"@id\":\"https:\\\/\\\/radiolitoral.com\\\/2023\\\/03\\\/jornada-de-puertas-abiertas-del-nuevo-colegio-instituto-serra-de-bernia-de-xalo\\\/#breadcrumb\",\"itemListElement\":[{\"@type\":\"ListItem\",\"position\":1,\"name\":\"Portada\",\"item\":\"https:\\\/\\\/radiolitoral.com\\\/\"},{\"@type\":\"ListItem\",\"position\":2,\"name\":\"Jornada de puertas abiertas del nuevo colegio instituto Serra de B\u00e8rnia de Xal\u00f3\"}]},{\"@type\":\"WebSite\",\"@id\":\"https:\\\/\\\/radiolitoral.com\\\/#website\",\"url\":\"https:\\\/\\\/radiolitoral.com\\\/\",\"name\":\"Radio Litoral\",\"description\":\"La radio local de la Marina Alta\",\"publisher\":{\"@id\":\"https:\\\/\\\/radiolitoral.com\\\/#organization\"},\"alternateName\":\"Litoral FM\",\"potentialAction\":[{\"@type\":\"SearchAction\",\"target\":{\"@type\":\"EntryPoint\",\"urlTemplate\":\"https:\\\/\\\/radiolitoral.com\\\/?s={search_term_string}\"},\"query-input\":{\"@type\":\"PropertyValueSpecification\",\"valueRequired\":true,\"valueName\":\"search_term_string\"}}],\"inLanguage\":\"ca\"},{\"@type\":\"Organization\",\"@id\":\"https:\\\/\\\/radiolitoral.com\\\/#organization\",\"name\":\"Radio Litoral\",\"url\":\"https:\\\/\\\/radiolitoral.com\\\/\",\"logo\":{\"@type\":\"ImageObject\",\"inLanguage\":\"ca\",\"@id\":\"https:\\\/\\\/radiolitoral.com\\\/#\\\/schema\\\/logo\\\/image\\\/\",\"url\":\"https:\\\/\\\/media.radiolitoral.com\\\/wp-content\\\/uploads\\\/2023\\\/02\\\/24143238\\\/CL-V-RadioLitoral696.png\",\"contentUrl\":\"https:\\\/\\\/media.radiolitoral.com\\\/wp-content\\\/uploads\\\/2023\\\/02\\\/24143238\\\/CL-V-RadioLitoral696.png\",\"width\":696,\"height\":696,\"caption\":\"Radio Litoral\"},\"image\":{\"@id\":\"https:\\\/\\\/radiolitoral.com\\\/#\\\/schema\\\/logo\\\/image\\\/\"},\"sameAs\":[\"https:\\\/\\\/www.facebook.com\\\/Laradiolitoral\\\/\"]},{\"@type\":\"Person\",\"@id\":\"https:\\\/\\\/radiolitoral.com\\\/#\\\/schema\\\/person\\\/f2b2343c49b5d721857cc1002bfdb151\",\"name\":\"Redacci\u00f3n\",\"image\":{\"@type\":\"ImageObject\",\"inLanguage\":\"ca\",\"@id\":\"https:\\\/\\\/secure.gravatar.com\\\/avatar\\\/f771d896c203ad8b3382d7905cfcce5a5c9b008b84b3cd9114e9b9f4cb63f789?s=96&d=mm&r=g\",\"url\":\"https:\\\/\\\/secure.gravatar.com\\\/avatar\\\/f771d896c203ad8b3382d7905cfcce5a5c9b008b84b3cd9114e9b9f4cb63f789?s=96&d=mm&r=g\",\"contentUrl\":\"https:\\\/\\\/secure.gravatar.com\\\/avatar\\\/f771d896c203ad8b3382d7905cfcce5a5c9b008b84b3cd9114e9b9f4cb63f789?s=96&d=mm&r=g\",\"caption\":\"Redacci\u00f3n\"},\"url\":\"https:\\\/\\\/radiolitoral.com\\\/ca\\\/author\\\/miriam-pagan\\\/\"}]}<\/script>\n<!-- \/ Yoast SEO plugin. -->","yoast_head_json":{"title":"Jornada de portes obertes del nou col\u00b7legi institut Serra de B\u00e8rnia de Xal\u00f3 | R\u00e0dio Litoral","description":"Ser\u00e0 aquest diumenge; \u00e9s l&#039;acte previ a l&#039;obertura oficial prevista per a la setmana vinent","robots":{"index":"index","follow":"follow","max-snippet":"max-snippet:-1","max-image-preview":"max-image-preview:large","max-video-preview":"max-video-preview:-1"},"canonical":"https:\/\/radiolitoral.com\/ca\/2023\/03\/jornada-de-portes-obertes-del-nou-col\u00b7legi-institut-serra-de-bernia-de-xalo\/","og_locale":"ca_ES","og_type":"article","og_title":"Jornada de puertas abiertas del nuevo colegio instituto Serra de B\u00e8rnia de Xal\u00f3 | R\u00e0dio Litoral","og_description":"Ser\u00e1 este domingo; es el acto previo a la apertura oficial prevista para la pr\u00f3xima semana","og_url":"https:\/\/radiolitoral.com\/ca\/2023\/03\/jornada-de-portes-obertes-del-nou-col\u00b7legi-institut-serra-de-bernia-de-xalo\/","og_site_name":"R\u00e0dio Litoral","article_publisher":"https:\/\/www.facebook.com\/Laradiolitoral\/","article_published_time":"2023-03-24T14:32:30+00:00","article_modified_time":"2023-03-24T14:34:07+00:00","og_image":[{"width":980,"height":689,"url":"https:\/\/media.radiolitoral.com\/wp-content\/uploads\/2023\/03\/24153023\/WhatsApp-Image-2023-03-22-at-08.26.53-980x689-1.jpeg","type":"image\/jpeg"}],"author":"Redacci\u00f3n","twitter_card":"summary_large_image","twitter_misc":{"Escrit per":"Redacci\u00f3n","Temps estimat de lectura":"1 minut"},"schema":{"@context":"https:\/\/schema.org","@graph":[{"@type":"NewsArticle","@id":"https:\/\/radiolitoral.com\/2023\/03\/jornada-de-puertas-abiertas-del-nuevo-colegio-instituto-serra-de-bernia-de-xalo\/#article","isPartOf":{"@id":"https:\/\/radiolitoral.com\/2023\/03\/jornada-de-puertas-abiertas-del-nuevo-colegio-instituto-serra-de-bernia-de-xalo\/"},"author":{"name":"Redacci\u00f3n","@id":"https:\/\/radiolitoral.com\/#\/schema\/person\/f2b2343c49b5d721857cc1002bfdb151"},"headline":"Jornada de puertas abiertas del nuevo colegio instituto Serra de B\u00e8rnia de Xal\u00f3","datePublished":"2023-03-24T14:32:30+00:00","dateModified":"2023-03-24T14:34:07+00:00","mainEntityOfPage":{"@id":"https:\/\/radiolitoral.com\/2023\/03\/jornada-de-puertas-abiertas-del-nuevo-colegio-instituto-serra-de-bernia-de-xalo\/"},"wordCount":212,"commentCount":0,"publisher":{"@id":"https:\/\/radiolitoral.com\/#organization"},"image":{"@id":"https:\/\/radiolitoral.com\/2023\/03\/jornada-de-puertas-abiertas-del-nuevo-colegio-instituto-serra-de-bernia-de-xalo\/#primaryimage"},"thumbnailUrl":"https:\/\/media.radiolitoral.com\/wp-content\/uploads\/2023\/03\/24153023\/WhatsApp-Image-2023-03-22-at-08.26.53-980x689-1.jpeg","keywords":["colegio Xal\u00f3","educaci\u00f3n Xal\u00f3","jornada puertas abiertas Xal\u00f3","Xal\u00f3"],"articleSection":["Educaci\u00f3n"],"inLanguage":"ca","potentialAction":[{"@type":"CommentAction","name":"Comment","target":["https:\/\/radiolitoral.com\/2023\/03\/jornada-de-puertas-abiertas-del-nuevo-colegio-instituto-serra-de-bernia-de-xalo\/#respond"]}]},{"@type":["WebPage","ItemPage"],"@id":"https:\/\/radiolitoral.com\/2023\/03\/jornada-de-puertas-abiertas-del-nuevo-colegio-instituto-serra-de-bernia-de-xalo\/","url":"https:\/\/radiolitoral.com\/2023\/03\/jornada-de-puertas-abiertas-del-nuevo-colegio-instituto-serra-de-bernia-de-xalo\/","name":"Jornada de portes obertes del nou col\u00b7legi institut Serra de B\u00e8rnia de Xal\u00f3 | R\u00e0dio Litoral","isPartOf":{"@id":"https:\/\/radiolitoral.com\/#website"},"primaryImageOfPage":{"@id":"https:\/\/radiolitoral.com\/2023\/03\/jornada-de-puertas-abiertas-del-nuevo-colegio-instituto-serra-de-bernia-de-xalo\/#primaryimage"},"image":{"@id":"https:\/\/radiolitoral.com\/2023\/03\/jornada-de-puertas-abiertas-del-nuevo-colegio-instituto-serra-de-bernia-de-xalo\/#primaryimage"},"thumbnailUrl":"https:\/\/media.radiolitoral.com\/wp-content\/uploads\/2023\/03\/24153023\/WhatsApp-Image-2023-03-22-at-08.26.53-980x689-1.jpeg","datePublished":"2023-03-24T14:32:30+00:00","dateModified":"2023-03-24T14:34:07+00:00","description":"Ser\u00e0 aquest diumenge; \u00e9s l&#039;acte previ a l&#039;obertura oficial prevista per a la setmana vinent","breadcrumb":{"@id":"https:\/\/radiolitoral.com\/2023\/03\/jornada-de-puertas-abiertas-del-nuevo-colegio-instituto-serra-de-bernia-de-xalo\/#breadcrumb"},"inLanguage":"ca","potentialAction":[{"@type":"ReadAction","target":["https:\/\/radiolitoral.com\/2023\/03\/jornada-de-puertas-abiertas-del-nuevo-colegio-instituto-serra-de-bernia-de-xalo\/"]}]},{"@type":"ImageObject","inLanguage":"ca","@id":"https:\/\/radiolitoral.com\/2023\/03\/jornada-de-puertas-abiertas-del-nuevo-colegio-instituto-serra-de-bernia-de-xalo\/#primaryimage","url":"https:\/\/media.radiolitoral.com\/wp-content\/uploads\/2023\/03\/24153023\/WhatsApp-Image-2023-03-22-at-08.26.53-980x689-1.jpeg","contentUrl":"https:\/\/media.radiolitoral.com\/wp-content\/uploads\/2023\/03\/24153023\/WhatsApp-Image-2023-03-22-at-08.26.53-980x689-1.jpeg","width":980,"height":689},{"@type":"BreadcrumbList","@id":"https:\/\/radiolitoral.com\/2023\/03\/jornada-de-puertas-abiertas-del-nuevo-colegio-instituto-serra-de-bernia-de-xalo\/#breadcrumb","itemListElement":[{"@type":"ListItem","position":1,"name":"Portada","item":"https:\/\/radiolitoral.com\/"},{"@type":"ListItem","position":2,"name":"Jornada de puertas abiertas del nuevo colegio instituto Serra de B\u00e8rnia de Xal\u00f3"}]},{"@type":"WebSite","@id":"https:\/\/radiolitoral.com\/#website","url":"https:\/\/radiolitoral.com\/","name":"R\u00e0dio Litoral","description":"La r\u00e0dio local de la Marina Alta","publisher":{"@id":"https:\/\/radiolitoral.com\/#organization"},"alternateName":"Litoral FM","potentialAction":[{"@type":"SearchAction","target":{"@type":"EntryPoint","urlTemplate":"https:\/\/radiolitoral.com\/?s={search_term_string}"},"query-input":{"@type":"PropertyValueSpecification","valueRequired":true,"valueName":"search_term_string"}}],"inLanguage":"ca"},{"@type":"Organization","@id":"https:\/\/radiolitoral.com\/#organization","name":"R\u00e0dio Litoral","url":"https:\/\/radiolitoral.com\/","logo":{"@type":"ImageObject","inLanguage":"ca","@id":"https:\/\/radiolitoral.com\/#\/schema\/logo\/image\/","url":"https:\/\/media.radiolitoral.com\/wp-content\/uploads\/2023\/02\/24143238\/CL-V-RadioLitoral696.png","contentUrl":"https:\/\/media.radiolitoral.com\/wp-content\/uploads\/2023\/02\/24143238\/CL-V-RadioLitoral696.png","width":696,"height":696,"caption":"Radio Litoral"},"image":{"@id":"https:\/\/radiolitoral.com\/#\/schema\/logo\/image\/"},"sameAs":["https:\/\/www.facebook.com\/Laradiolitoral\/"]},{"@type":"Person","@id":"https:\/\/radiolitoral.com\/#\/schema\/person\/f2b2343c49b5d721857cc1002bfdb151","name":"Redacci\u00f3","image":{"@type":"ImageObject","inLanguage":"ca","@id":"https:\/\/secure.gravatar.com\/avatar\/f771d896c203ad8b3382d7905cfcce5a5c9b008b84b3cd9114e9b9f4cb63f789?s=96&d=mm&r=g","url":"https:\/\/secure.gravatar.com\/avatar\/f771d896c203ad8b3382d7905cfcce5a5c9b008b84b3cd9114e9b9f4cb63f789?s=96&d=mm&r=g","contentUrl":"https:\/\/secure.gravatar.com\/avatar\/f771d896c203ad8b3382d7905cfcce5a5c9b008b84b3cd9114e9b9f4cb63f789?s=96&d=mm&r=g","caption":"Redacci\u00f3n"},"url":"https:\/\/radiolitoral.com\/ca\/author\/miriam-pagan\/"}]}},"_links":{"self":[{"href":"https:\/\/radiolitoral.com\/ca\/wp-json\/wp\/v2\/posts\/1616","targetHints":{"allow":["GET"]}}],"collection":[{"href":"https:\/\/radiolitoral.com\/ca\/wp-json\/wp\/v2\/posts"}],"about":[{"href":"https:\/\/radiolitoral.com\/ca\/wp-json\/wp\/v2\/types\/post"}],"author":[{"embeddable":true,"href":"https:\/\/radiolitoral.com\/ca\/wp-json\/wp\/v2\/users\/13"}],"replies":[{"embeddable":true,"href":"https:\/\/radiolitoral.com\/ca\/wp-json\/wp\/v2\/comments?post=1616"}],"version-history":[{"count":2,"href":"https:\/\/radiolitoral.com\/ca\/wp-json\/wp\/v2\/posts\/1616\/revisions"}],"predecessor-version":[{"id":1622,"href":"https:\/\/radiolitoral.com\/ca\/wp-json\/wp\/v2\/posts\/1616\/revisions\/1622"}],"wp:featuredmedia":[{"embeddable":true,"href":"https:\/\/radiolitoral.com\/ca\/wp-json\/wp\/v2\/media\/1619"}],"wp:attachment":[{"href":"https:\/\/radiolitoral.com\/ca\/wp-json\/wp\/v2\/media?parent=1616"}],"wp:term":[{"taxonomy":"category","embeddable":true,"href":"https:\/\/radiolitoral.com\/ca\/wp-json\/wp\/v2\/categories?post=1616"},{"taxonomy":"post_tag","embeddable":true,"href":"https:\/\/radiolitoral.com\/ca\/wp-json\/wp\/v2\/tags?post=1616"}],"curies":[{"name":"wp","href":"https:\/\/api.w.org\/{rel}","templated":true}]}}