{"id":16128,"date":"2025-04-09T10:43:20","date_gmt":"2025-04-09T08:43:20","guid":{"rendered":"https:\/\/radiolitoral.com\/?p=16128"},"modified":"2025-04-09T10:43:20","modified_gmt":"2025-04-09T08:43:20","slug":"marina-marhuenda-qui-no-conegui-laguar-ha-de-venir-ha-de-veurel-ha-de-viurel","status":"publish","type":"post","link":"https:\/\/radiolitoral.com\/ca\/2025\/04\/marina-marhuenda-quien-no-conozca-laguar-tiene-que-venir-tiene-que-verlo-tiene-que-vivirlo\/","title":{"rendered":"Marina Marhuenda: \u201cQui no conegui Laguar, ha de venir, ha de veure-ho, ha de viure-ho\u201d"},"content":{"rendered":"<p><strong>El Primer Caf\u00e8<\/strong> d&#039;avui ens ha servit per con\u00e8ixer un <strong>nou sender recuperat a la Vall de Laguar, el Sender de Les Atzavares<\/strong>. Un cam\u00ed que uneix la Vall de Laguar i Orba, i recorre paisatges plens de bellesa i hist\u00f2ria, incloses les ru\u00efnes d&#039;un castell morisc. Una proposta molt aconsellable per a les imminents vacances de Setmana Santa. Ens ho han explicat els regidors de l&#039;Ajuntament de Laguar, <strong>Marina Marhuenda i Vicent Arbona<\/strong>. Amb ells, a m\u00e9s, hem repassat les propostes que s&#039;han organitzat a la localitat amb motiu de les vacances de Pasqua, dies propicis per visitar l&#039;interior de la Marina Alta i gaudir dels paisatges, la gastronomia i les propostes l\u00fadiques i culturals.<\/p>\n<p>El Sender de Les Atzavares t\u00e9 una longitud d&#039;uns 9 quil\u00f2metres i es pot fer en unes 4 hores. Inclou una zona amb grapes de metall i cadenes, com a via ferrada i la seva recuperaci\u00f3 \u00e9s una manera de posar en valor i preservar el patrimoni local. Aquest sender se suma a una \u00e0mplia llista de rutes que recorren el paisatge muntany\u00f3s de la Vall de Laguar, des del conegut Barranc de l&#039;Infern, a la Serra del Pe\u00f1\u00f3, o la que recorre el Collao de Garga i arriba fins a Castell de Castells.<\/p>\n<p>Cal destacar que dins aquest programa s&#039;hi inclouen tres rutes que han format part d&#039;un projecte escolar, a trav\u00e9s del qual els alumnes del CEIP Cavall Verd han creat uns QR que expliquen les peculiaritats d&#039;aquests senders.<\/p>\n<p>Per\u00f2 la Vall de Laguar no \u00e9s nom\u00e9s muntanya, rutes i paisatges espectaculars. Des de l&#039;Ajuntament ha elaborat un variat programa l\u00fadic i cultural per a les vacances de Pasqua que inclouen des d&#039;una fira de productes artesanals i aut\u00f2ctons, passant per presentacions liter\u00e0ries i partides de Pilota Valenciana fins a actuacions musicals o teatre.<\/p>\n<p>Podeu tornar a escoltar l&#039;entrevista aqu\u00ed.<\/p>\n<audio class=\"wp-audio-shortcode\" id=\"audio-16128-1\" preload=\"none\" style=\"width: 100%;\" controls=\"controls\"><source type=\"audio\/mpeg\" src=\"https:\/\/media.radiolitoral.com\/wp-content\/uploads\/2025\/04\/09103558\/Primer-Cafe-Pasqua-a-Laguar.mp3?_=1\" \/><a href=\"https:\/\/media.radiolitoral.com\/wp-content\/uploads\/2025\/04\/09103558\/Primer-Cafe-Pasqua-a-Laguar.mp3\">https:\/\/media.radiolitoral.com\/wp-content\/uploads\/2025\/04\/09103558\/Primer-Cafe-Pasqua-a-Laguar.mp3<\/a><\/audio>","protected":false},"excerpt":{"rendered":"<p>El Primer Caf\u00e9 de hoy nos ha servido para conocer un nuevo sendero recuperado en La Vall de Laguar, el Sender de Les Atzavares. Un camino que une la Vall de Laguar y Orba, y que recorre paisajes llenos de belleza e historia, incluidas las ruinas de un castillo morisco. Una propuesta muy aconsejable para [&#8230;]<\/p>\n<p><a class=\"btn btn-secondary understrap-read-more-link\" href=\"https:\/\/radiolitoral.com\/ca\/2025\/04\/marina-marhuenda-quien-no-conozca-laguar-tiene-que-venir-tiene-que-verlo-tiene-que-vivirlo\/\">Continua llegint&#8230;<span class=\"screen-reader-text\"> from Marina Marhuenda: \u201cQuien no conozca Laguar, tiene que venir, tiene que verlo, tiene que vivirlo\u201d<\/span><\/a><\/p>\n","protected":false},"author":13,"featured_media":16130,"comment_status":"open","ping_status":"closed","sticky":false,"template":"","format":"standard","meta":{"_acf_changed":false,"inline_featured_image":false,"footnotes":""},"categories":[2753,325],"tags":[63,4135,4134,232,4133,2312,4038,299,4136],"class_list":["post-16128","post","type-post","status-publish","format-standard","has-post-thumbnail","hentry","category-entrevistas","category-medioambiente","tag-agenda","tag-marina-marhuenda","tag-paisaje","tag-pascua","tag-patrimonio","tag-primer-cafe","tag-rutas","tag-senderismo","tag-vicent-arbona","cobertura-marina-alta","cobertura-vall-de-laguar"],"acf":[],"yoast_head":"<!-- This site is optimized with the Yoast SEO plugin v27.5 - https:\/\/yoast.com\/product\/yoast-seo-wordpress\/ -->\n<title>Marina Marhuenda: \u201cQuien no conozca Laguar, tiene que venir, tiene que verlo, tiene que vivirlo\u201d | R\u00e0dio Litoral<\/title>\n<meta name=\"description\" content=\"La Vall de Laguar recupera el Sender de Les Atzavares, una nueva ruta que pone en valor el paisaje y la historia local\" \/>\n<meta name=\"robots\" content=\"index, follow, max-snippet:-1, max-image-preview:large, max-video-preview:-1\" \/>\n<link rel=\"canonical\" href=\"https:\/\/radiolitoral.com\/ca\/2025\/04\/marina-marhuenda-qui-no-conegui-laguar-ha-de-venir-ha-de-veurel-ha-de-viurel\/\" \/>\n<meta property=\"og:locale\" content=\"ca_ES\" \/>\n<meta property=\"og:type\" content=\"article\" \/>\n<meta property=\"og:title\" content=\"Marina Marhuenda: \u201cQuien no conozca Laguar, tiene que venir, tiene que verlo, tiene que vivirlo\u201d | R\u00e0dio Litoral\" \/>\n<meta property=\"og:description\" content=\"La Vall de Laguar recupera el Sender de Les Atzavares, una nueva ruta que pone en valor el paisaje y la historia local\" \/>\n<meta property=\"og:url\" content=\"https:\/\/radiolitoral.com\/ca\/2025\/04\/marina-marhuenda-qui-no-conegui-laguar-ha-de-venir-ha-de-veurel-ha-de-viurel\/\" \/>\n<meta property=\"og:site_name\" content=\"R\u00e0dio Litoral\" \/>\n<meta property=\"article:publisher\" content=\"https:\/\/www.facebook.com\/Laradiolitoral\/\" \/>\n<meta property=\"article:published_time\" content=\"2025-04-09T08:43:20+00:00\" \/>\n<meta property=\"og:image\" content=\"https:\/\/media.radiolitoral.com\/wp-content\/uploads\/2025\/04\/09103907\/Marina-Marhuenda-y-Vicent-Arbona.jpg\" \/>\n\t<meta property=\"og:image:width\" content=\"2000\" \/>\n\t<meta property=\"og:image:height\" content=\"1500\" \/>\n\t<meta property=\"og:image:type\" content=\"image\/jpeg\" \/>\n<meta name=\"author\" content=\"Redacci\u00f3n\" \/>\n<meta name=\"twitter:card\" content=\"summary_large_image\" \/>\n<meta name=\"twitter:label1\" content=\"Escrit per\" \/>\n\t<meta name=\"twitter:data1\" content=\"Redacci\u00f3n\" \/>\n\t<meta name=\"twitter:label2\" content=\"Temps estimat de lectura\" \/>\n\t<meta name=\"twitter:data2\" content=\"2 minuts\" \/>\n<script type=\"application\/ld+json\" class=\"yoast-schema-graph\">{\"@context\":\"https:\\\/\\\/schema.org\",\"@graph\":[{\"@type\":\"NewsArticle\",\"@id\":\"https:\\\/\\\/radiolitoral.com\\\/2025\\\/04\\\/marina-marhuenda-quien-no-conozca-laguar-tiene-que-venir-tiene-que-verlo-tiene-que-vivirlo\\\/#article\",\"isPartOf\":{\"@id\":\"https:\\\/\\\/radiolitoral.com\\\/2025\\\/04\\\/marina-marhuenda-quien-no-conozca-laguar-tiene-que-venir-tiene-que-verlo-tiene-que-vivirlo\\\/\"},\"author\":{\"name\":\"Redacci\u00f3n\",\"@id\":\"https:\\\/\\\/radiolitoral.com\\\/#\\\/schema\\\/person\\\/f2b2343c49b5d721857cc1002bfdb151\"},\"headline\":\"Marina Marhuenda: \u201cQuien no conozca Laguar, tiene que venir, tiene que verlo, tiene que vivirlo\u201d\",\"datePublished\":\"2025-04-09T08:43:20+00:00\",\"mainEntityOfPage\":{\"@id\":\"https:\\\/\\\/radiolitoral.com\\\/2025\\\/04\\\/marina-marhuenda-quien-no-conozca-laguar-tiene-que-venir-tiene-que-verlo-tiene-que-vivirlo\\\/\"},\"wordCount\":347,\"commentCount\":0,\"publisher\":{\"@id\":\"https:\\\/\\\/radiolitoral.com\\\/#organization\"},\"image\":{\"@id\":\"https:\\\/\\\/radiolitoral.com\\\/2025\\\/04\\\/marina-marhuenda-quien-no-conozca-laguar-tiene-que-venir-tiene-que-verlo-tiene-que-vivirlo\\\/#primaryimage\"},\"thumbnailUrl\":\"https:\\\/\\\/media.radiolitoral.com\\\/wp-content\\\/uploads\\\/2025\\\/04\\\/09103907\\\/Marina-Marhuenda-y-Vicent-Arbona.jpg\",\"keywords\":[\"Agenda\",\"Marina Marhuenda\",\"Paisaje\",\"Pascua\",\"Patrimonio\",\"Primer Caf\u00e9\",\"Rutas\",\"senderismo\",\"Vicent Arbona\"],\"articleSection\":[\"Entrevistas\",\"Medioambiente\"],\"inLanguage\":\"ca\",\"potentialAction\":[{\"@type\":\"CommentAction\",\"name\":\"Comment\",\"target\":[\"https:\\\/\\\/radiolitoral.com\\\/2025\\\/04\\\/marina-marhuenda-quien-no-conozca-laguar-tiene-que-venir-tiene-que-verlo-tiene-que-vivirlo\\\/#respond\"]}]},{\"@type\":[\"WebPage\",\"ItemPage\"],\"@id\":\"https:\\\/\\\/radiolitoral.com\\\/2025\\\/04\\\/marina-marhuenda-quien-no-conozca-laguar-tiene-que-venir-tiene-que-verlo-tiene-que-vivirlo\\\/\",\"url\":\"https:\\\/\\\/radiolitoral.com\\\/2025\\\/04\\\/marina-marhuenda-quien-no-conozca-laguar-tiene-que-venir-tiene-que-verlo-tiene-que-vivirlo\\\/\",\"name\":\"Marina Marhuenda: \u201cQuien no conozca Laguar, tiene que venir, tiene que verlo, tiene que vivirlo\u201d | R\u00e0dio Litoral\",\"isPartOf\":{\"@id\":\"https:\\\/\\\/radiolitoral.com\\\/#website\"},\"primaryImageOfPage\":{\"@id\":\"https:\\\/\\\/radiolitoral.com\\\/2025\\\/04\\\/marina-marhuenda-quien-no-conozca-laguar-tiene-que-venir-tiene-que-verlo-tiene-que-vivirlo\\\/#primaryimage\"},\"image\":{\"@id\":\"https:\\\/\\\/radiolitoral.com\\\/2025\\\/04\\\/marina-marhuenda-quien-no-conozca-laguar-tiene-que-venir-tiene-que-verlo-tiene-que-vivirlo\\\/#primaryimage\"},\"thumbnailUrl\":\"https:\\\/\\\/media.radiolitoral.com\\\/wp-content\\\/uploads\\\/2025\\\/04\\\/09103907\\\/Marina-Marhuenda-y-Vicent-Arbona.jpg\",\"datePublished\":\"2025-04-09T08:43:20+00:00\",\"description\":\"La Vall de Laguar recupera el Sender de Les Atzavares, una nueva ruta que pone en valor el paisaje y la historia local\",\"breadcrumb\":{\"@id\":\"https:\\\/\\\/radiolitoral.com\\\/2025\\\/04\\\/marina-marhuenda-quien-no-conozca-laguar-tiene-que-venir-tiene-que-verlo-tiene-que-vivirlo\\\/#breadcrumb\"},\"inLanguage\":\"ca\",\"potentialAction\":[{\"@type\":\"ReadAction\",\"target\":[\"https:\\\/\\\/radiolitoral.com\\\/2025\\\/04\\\/marina-marhuenda-quien-no-conozca-laguar-tiene-que-venir-tiene-que-verlo-tiene-que-vivirlo\\\/\"]}]},{\"@type\":\"ImageObject\",\"inLanguage\":\"ca\",\"@id\":\"https:\\\/\\\/radiolitoral.com\\\/2025\\\/04\\\/marina-marhuenda-quien-no-conozca-laguar-tiene-que-venir-tiene-que-verlo-tiene-que-vivirlo\\\/#primaryimage\",\"url\":\"https:\\\/\\\/media.radiolitoral.com\\\/wp-content\\\/uploads\\\/2025\\\/04\\\/09103907\\\/Marina-Marhuenda-y-Vicent-Arbona.jpg\",\"contentUrl\":\"https:\\\/\\\/media.radiolitoral.com\\\/wp-content\\\/uploads\\\/2025\\\/04\\\/09103907\\\/Marina-Marhuenda-y-Vicent-Arbona.jpg\",\"width\":2000,\"height\":1500},{\"@type\":\"BreadcrumbList\",\"@id\":\"https:\\\/\\\/radiolitoral.com\\\/2025\\\/04\\\/marina-marhuenda-quien-no-conozca-laguar-tiene-que-venir-tiene-que-verlo-tiene-que-vivirlo\\\/#breadcrumb\",\"itemListElement\":[{\"@type\":\"ListItem\",\"position\":1,\"name\":\"Portada\",\"item\":\"https:\\\/\\\/radiolitoral.com\\\/\"},{\"@type\":\"ListItem\",\"position\":2,\"name\":\"Marina Marhuenda: \u201cQuien no conozca Laguar, tiene que venir, tiene que verlo, tiene que vivirlo\u201d\"}]},{\"@type\":\"WebSite\",\"@id\":\"https:\\\/\\\/radiolitoral.com\\\/#website\",\"url\":\"https:\\\/\\\/radiolitoral.com\\\/\",\"name\":\"Radio Litoral\",\"description\":\"La radio local de la Marina Alta\",\"publisher\":{\"@id\":\"https:\\\/\\\/radiolitoral.com\\\/#organization\"},\"alternateName\":\"Litoral FM\",\"potentialAction\":[{\"@type\":\"SearchAction\",\"target\":{\"@type\":\"EntryPoint\",\"urlTemplate\":\"https:\\\/\\\/radiolitoral.com\\\/?s={search_term_string}\"},\"query-input\":{\"@type\":\"PropertyValueSpecification\",\"valueRequired\":true,\"valueName\":\"search_term_string\"}}],\"inLanguage\":\"ca\"},{\"@type\":\"Organization\",\"@id\":\"https:\\\/\\\/radiolitoral.com\\\/#organization\",\"name\":\"Radio Litoral\",\"url\":\"https:\\\/\\\/radiolitoral.com\\\/\",\"logo\":{\"@type\":\"ImageObject\",\"inLanguage\":\"ca\",\"@id\":\"https:\\\/\\\/radiolitoral.com\\\/#\\\/schema\\\/logo\\\/image\\\/\",\"url\":\"https:\\\/\\\/media.radiolitoral.com\\\/wp-content\\\/uploads\\\/2023\\\/02\\\/24143238\\\/CL-V-RadioLitoral696.png\",\"contentUrl\":\"https:\\\/\\\/media.radiolitoral.com\\\/wp-content\\\/uploads\\\/2023\\\/02\\\/24143238\\\/CL-V-RadioLitoral696.png\",\"width\":696,\"height\":696,\"caption\":\"Radio Litoral\"},\"image\":{\"@id\":\"https:\\\/\\\/radiolitoral.com\\\/#\\\/schema\\\/logo\\\/image\\\/\"},\"sameAs\":[\"https:\\\/\\\/www.facebook.com\\\/Laradiolitoral\\\/\"]},{\"@type\":\"Person\",\"@id\":\"https:\\\/\\\/radiolitoral.com\\\/#\\\/schema\\\/person\\\/f2b2343c49b5d721857cc1002bfdb151\",\"name\":\"Redacci\u00f3n\",\"image\":{\"@type\":\"ImageObject\",\"inLanguage\":\"ca\",\"@id\":\"https:\\\/\\\/secure.gravatar.com\\\/avatar\\\/f771d896c203ad8b3382d7905cfcce5a5c9b008b84b3cd9114e9b9f4cb63f789?s=96&d=mm&r=g\",\"url\":\"https:\\\/\\\/secure.gravatar.com\\\/avatar\\\/f771d896c203ad8b3382d7905cfcce5a5c9b008b84b3cd9114e9b9f4cb63f789?s=96&d=mm&r=g\",\"contentUrl\":\"https:\\\/\\\/secure.gravatar.com\\\/avatar\\\/f771d896c203ad8b3382d7905cfcce5a5c9b008b84b3cd9114e9b9f4cb63f789?s=96&d=mm&r=g\",\"caption\":\"Redacci\u00f3n\"},\"url\":\"https:\\\/\\\/radiolitoral.com\\\/ca\\\/author\\\/miriam-pagan\\\/\"}]}<\/script>\n<!-- \/ Yoast SEO plugin. -->","yoast_head_json":{"title":"Marina Marhuenda: &quot;Qui no conegui Laguar, ha de venir, ha de veure&#039;l, ha de viure&#039;l&quot; | R\u00e0dio Litoral","description":"La Vall de Laguar recupera el Sender de Les Atzavares, una nova ruta que posa en valor el paisatge i la hist\u00f2ria local","robots":{"index":"index","follow":"follow","max-snippet":"max-snippet:-1","max-image-preview":"max-image-preview:large","max-video-preview":"max-video-preview:-1"},"canonical":"https:\/\/radiolitoral.com\/ca\/2025\/04\/marina-marhuenda-qui-no-conegui-laguar-ha-de-venir-ha-de-veurel-ha-de-viurel\/","og_locale":"ca_ES","og_type":"article","og_title":"Marina Marhuenda: \u201cQuien no conozca Laguar, tiene que venir, tiene que verlo, tiene que vivirlo\u201d | R\u00e0dio Litoral","og_description":"La Vall de Laguar recupera el Sender de Les Atzavares, una nueva ruta que pone en valor el paisaje y la historia local","og_url":"https:\/\/radiolitoral.com\/ca\/2025\/04\/marina-marhuenda-qui-no-conegui-laguar-ha-de-venir-ha-de-veurel-ha-de-viurel\/","og_site_name":"R\u00e0dio Litoral","article_publisher":"https:\/\/www.facebook.com\/Laradiolitoral\/","article_published_time":"2025-04-09T08:43:20+00:00","og_image":[{"width":2000,"height":1500,"url":"https:\/\/media.radiolitoral.com\/wp-content\/uploads\/2025\/04\/09103907\/Marina-Marhuenda-y-Vicent-Arbona.jpg","type":"image\/jpeg"}],"author":"Redacci\u00f3n","twitter_card":"summary_large_image","twitter_misc":{"Escrit per":"Redacci\u00f3n","Temps estimat de lectura":"2 minuts"},"schema":{"@context":"https:\/\/schema.org","@graph":[{"@type":"NewsArticle","@id":"https:\/\/radiolitoral.com\/2025\/04\/marina-marhuenda-quien-no-conozca-laguar-tiene-que-venir-tiene-que-verlo-tiene-que-vivirlo\/#article","isPartOf":{"@id":"https:\/\/radiolitoral.com\/2025\/04\/marina-marhuenda-quien-no-conozca-laguar-tiene-que-venir-tiene-que-verlo-tiene-que-vivirlo\/"},"author":{"name":"Redacci\u00f3n","@id":"https:\/\/radiolitoral.com\/#\/schema\/person\/f2b2343c49b5d721857cc1002bfdb151"},"headline":"Marina Marhuenda: \u201cQuien no conozca Laguar, tiene que venir, tiene que verlo, tiene que vivirlo\u201d","datePublished":"2025-04-09T08:43:20+00:00","mainEntityOfPage":{"@id":"https:\/\/radiolitoral.com\/2025\/04\/marina-marhuenda-quien-no-conozca-laguar-tiene-que-venir-tiene-que-verlo-tiene-que-vivirlo\/"},"wordCount":347,"commentCount":0,"publisher":{"@id":"https:\/\/radiolitoral.com\/#organization"},"image":{"@id":"https:\/\/radiolitoral.com\/2025\/04\/marina-marhuenda-quien-no-conozca-laguar-tiene-que-venir-tiene-que-verlo-tiene-que-vivirlo\/#primaryimage"},"thumbnailUrl":"https:\/\/media.radiolitoral.com\/wp-content\/uploads\/2025\/04\/09103907\/Marina-Marhuenda-y-Vicent-Arbona.jpg","keywords":["Agenda","Marina Marhuenda","Paisaje","Pascua","Patrimonio","Primer Caf\u00e9","Rutas","senderismo","Vicent Arbona"],"articleSection":["Entrevistas","Medioambiente"],"inLanguage":"ca","potentialAction":[{"@type":"CommentAction","name":"Comment","target":["https:\/\/radiolitoral.com\/2025\/04\/marina-marhuenda-quien-no-conozca-laguar-tiene-que-venir-tiene-que-verlo-tiene-que-vivirlo\/#respond"]}]},{"@type":["WebPage","ItemPage"],"@id":"https:\/\/radiolitoral.com\/2025\/04\/marina-marhuenda-quien-no-conozca-laguar-tiene-que-venir-tiene-que-verlo-tiene-que-vivirlo\/","url":"https:\/\/radiolitoral.com\/2025\/04\/marina-marhuenda-quien-no-conozca-laguar-tiene-que-venir-tiene-que-verlo-tiene-que-vivirlo\/","name":"Marina Marhuenda: &quot;Qui no conegui Laguar, ha de venir, ha de veure&#039;l, ha de viure&#039;l&quot; | R\u00e0dio Litoral","isPartOf":{"@id":"https:\/\/radiolitoral.com\/#website"},"primaryImageOfPage":{"@id":"https:\/\/radiolitoral.com\/2025\/04\/marina-marhuenda-quien-no-conozca-laguar-tiene-que-venir-tiene-que-verlo-tiene-que-vivirlo\/#primaryimage"},"image":{"@id":"https:\/\/radiolitoral.com\/2025\/04\/marina-marhuenda-quien-no-conozca-laguar-tiene-que-venir-tiene-que-verlo-tiene-que-vivirlo\/#primaryimage"},"thumbnailUrl":"https:\/\/media.radiolitoral.com\/wp-content\/uploads\/2025\/04\/09103907\/Marina-Marhuenda-y-Vicent-Arbona.jpg","datePublished":"2025-04-09T08:43:20+00:00","description":"La Vall de Laguar recupera el Sender de Les Atzavares, una nova ruta que posa en valor el paisatge i la hist\u00f2ria local","breadcrumb":{"@id":"https:\/\/radiolitoral.com\/2025\/04\/marina-marhuenda-quien-no-conozca-laguar-tiene-que-venir-tiene-que-verlo-tiene-que-vivirlo\/#breadcrumb"},"inLanguage":"ca","potentialAction":[{"@type":"ReadAction","target":["https:\/\/radiolitoral.com\/2025\/04\/marina-marhuenda-quien-no-conozca-laguar-tiene-que-venir-tiene-que-verlo-tiene-que-vivirlo\/"]}]},{"@type":"ImageObject","inLanguage":"ca","@id":"https:\/\/radiolitoral.com\/2025\/04\/marina-marhuenda-quien-no-conozca-laguar-tiene-que-venir-tiene-que-verlo-tiene-que-vivirlo\/#primaryimage","url":"https:\/\/media.radiolitoral.com\/wp-content\/uploads\/2025\/04\/09103907\/Marina-Marhuenda-y-Vicent-Arbona.jpg","contentUrl":"https:\/\/media.radiolitoral.com\/wp-content\/uploads\/2025\/04\/09103907\/Marina-Marhuenda-y-Vicent-Arbona.jpg","width":2000,"height":1500},{"@type":"BreadcrumbList","@id":"https:\/\/radiolitoral.com\/2025\/04\/marina-marhuenda-quien-no-conozca-laguar-tiene-que-venir-tiene-que-verlo-tiene-que-vivirlo\/#breadcrumb","itemListElement":[{"@type":"ListItem","position":1,"name":"Portada","item":"https:\/\/radiolitoral.com\/"},{"@type":"ListItem","position":2,"name":"Marina Marhuenda: \u201cQuien no conozca Laguar, tiene que venir, tiene que verlo, tiene que vivirlo\u201d"}]},{"@type":"WebSite","@id":"https:\/\/radiolitoral.com\/#website","url":"https:\/\/radiolitoral.com\/","name":"R\u00e0dio Litoral","description":"La r\u00e0dio local de la Marina Alta","publisher":{"@id":"https:\/\/radiolitoral.com\/#organization"},"alternateName":"Litoral FM","potentialAction":[{"@type":"SearchAction","target":{"@type":"EntryPoint","urlTemplate":"https:\/\/radiolitoral.com\/?s={search_term_string}"},"query-input":{"@type":"PropertyValueSpecification","valueRequired":true,"valueName":"search_term_string"}}],"inLanguage":"ca"},{"@type":"Organization","@id":"https:\/\/radiolitoral.com\/#organization","name":"R\u00e0dio Litoral","url":"https:\/\/radiolitoral.com\/","logo":{"@type":"ImageObject","inLanguage":"ca","@id":"https:\/\/radiolitoral.com\/#\/schema\/logo\/image\/","url":"https:\/\/media.radiolitoral.com\/wp-content\/uploads\/2023\/02\/24143238\/CL-V-RadioLitoral696.png","contentUrl":"https:\/\/media.radiolitoral.com\/wp-content\/uploads\/2023\/02\/24143238\/CL-V-RadioLitoral696.png","width":696,"height":696,"caption":"Radio Litoral"},"image":{"@id":"https:\/\/radiolitoral.com\/#\/schema\/logo\/image\/"},"sameAs":["https:\/\/www.facebook.com\/Laradiolitoral\/"]},{"@type":"Person","@id":"https:\/\/radiolitoral.com\/#\/schema\/person\/f2b2343c49b5d721857cc1002bfdb151","name":"Redacci\u00f3","image":{"@type":"ImageObject","inLanguage":"ca","@id":"https:\/\/secure.gravatar.com\/avatar\/f771d896c203ad8b3382d7905cfcce5a5c9b008b84b3cd9114e9b9f4cb63f789?s=96&d=mm&r=g","url":"https:\/\/secure.gravatar.com\/avatar\/f771d896c203ad8b3382d7905cfcce5a5c9b008b84b3cd9114e9b9f4cb63f789?s=96&d=mm&r=g","contentUrl":"https:\/\/secure.gravatar.com\/avatar\/f771d896c203ad8b3382d7905cfcce5a5c9b008b84b3cd9114e9b9f4cb63f789?s=96&d=mm&r=g","caption":"Redacci\u00f3n"},"url":"https:\/\/radiolitoral.com\/ca\/author\/miriam-pagan\/"}]}},"_links":{"self":[{"href":"https:\/\/radiolitoral.com\/ca\/wp-json\/wp\/v2\/posts\/16128","targetHints":{"allow":["GET"]}}],"collection":[{"href":"https:\/\/radiolitoral.com\/ca\/wp-json\/wp\/v2\/posts"}],"about":[{"href":"https:\/\/radiolitoral.com\/ca\/wp-json\/wp\/v2\/types\/post"}],"author":[{"embeddable":true,"href":"https:\/\/radiolitoral.com\/ca\/wp-json\/wp\/v2\/users\/13"}],"replies":[{"embeddable":true,"href":"https:\/\/radiolitoral.com\/ca\/wp-json\/wp\/v2\/comments?post=16128"}],"version-history":[{"count":2,"href":"https:\/\/radiolitoral.com\/ca\/wp-json\/wp\/v2\/posts\/16128\/revisions"}],"predecessor-version":[{"id":16132,"href":"https:\/\/radiolitoral.com\/ca\/wp-json\/wp\/v2\/posts\/16128\/revisions\/16132"}],"wp:featuredmedia":[{"embeddable":true,"href":"https:\/\/radiolitoral.com\/ca\/wp-json\/wp\/v2\/media\/16130"}],"wp:attachment":[{"href":"https:\/\/radiolitoral.com\/ca\/wp-json\/wp\/v2\/media?parent=16128"}],"wp:term":[{"taxonomy":"category","embeddable":true,"href":"https:\/\/radiolitoral.com\/ca\/wp-json\/wp\/v2\/categories?post=16128"},{"taxonomy":"post_tag","embeddable":true,"href":"https:\/\/radiolitoral.com\/ca\/wp-json\/wp\/v2\/tags?post=16128"}],"curies":[{"name":"wp","href":"https:\/\/api.w.org\/{rel}","templated":true}]}}