{"id":16114,"date":"2025-04-09T09:59:47","date_gmt":"2025-04-09T07:59:47","guid":{"rendered":"https:\/\/radiolitoral.com\/?p=16114"},"modified":"2025-04-09T09:59:47","modified_gmt":"2025-04-09T07:59:47","slug":"el-cb-ifach-calp-derrotat-a-alcoi","status":"publish","type":"post","link":"https:\/\/radiolitoral.com\/ca\/2025\/04\/el-cb-ifach-calpe-derrotado-en-alcoy\/","title":{"rendered":"El CB Ifach Calp derrotat a Alcoi"},"content":{"rendered":"<p>El <strong>CB Ifach Calp<\/strong> va sortir derrotat de la seva visita a la pista del <strong>NB Alcoi<\/strong> per<strong> 92 a 81<\/strong> despr\u00e9s de jugar una pr\u00f2rroga en qu\u00e8 certes decisions arbitrals van treure de polleguera la banqueta visitant.<\/p>\n<p>L&#039;arrencada del xoc va ser de molt de respecte per les dues formacions. Els locals amb una pressi\u00f3 intensa van saber frenar l?atac calp\u00ed. Al segon quart les forces es van anivellar encara que el poder rebotador alcoi\u00e0 els va permetre anar al descans amb un desavantatge de 6 punts (38-32).<\/p>\n<p>Despr\u00e9s del descans, els jugadors que dirigeix <strong>Kike Valle<\/strong> van sortir decidits a canviar el gui\u00f3. Amb un espectacular parcial de 15-27 al tercer quart, va agafar el control del partit i va mostrar la seva millor cara ofensiva. La flu\u00efdesa en atac i la presa de bones decisions van permetre als visitants arribar al darrer quart amb avantatge.<\/p>\n<p>Va ser en aquest tram on\u00a0<strong>l&#039;actuaci\u00f3 arbitral va comen\u00e7ar a generar un malestar clar<\/strong>\u00a0a la banqueta visitant i entre els aficionats despla\u00e7ats. Les decisions van ser \u00e0mpliament discutides, amb un\u00a0<strong>criteri desigual en el contacte f\u00edsic<\/strong>, que es va reflectir en el nombre de faltes assenyalades (32 per a Calp per nom\u00e9s 22 a Alcoi), aix\u00ed com en la desproporci\u00f3 en els tirs lliures (41 llan\u00e7aments per als locals per 25 per als visitants).<\/p>\n<p>Al temps afegit, l&#039;NB Alcoi es va mostrar m\u00e9s sencer, resolutiu i va tenir el domini absolut del rebot ofensiu, van tancar el partit amb un parcial de <strong>15-4<\/strong>, segellant una vict\u00f2ria que els permet seguir somiant amb el m\u00e9s alt.<\/p>\n<p>Tot i la derrota, el CB Ifach Calpe\u00a0<strong>mant\u00e9 l&#039;average directe<\/strong>\u00a0i segueix depenent de si mateix per acabar primer de grup. Aquesta setmana ser\u00e0 clau, amb dos partits exigents:<\/p>\n<p>La formaci\u00f3 de Kike Valle visita avui la pista del <strong>CB Burjassot<\/strong> per jugar a les <strong>21:30 hores<\/strong> un partit important. El dissabte rebr\u00e0 a casa al <strong>CB Tavernes<\/strong>, aquests dos partits cal guanyar-los com sigui.<\/p>\n<p>&nbsp;<\/p>\n<p><script src=\"chrome-extension:\/\/flbolonkboilcbnohjlchlfgdalomdpl\/iFrame.js\" type=\"text\/javascript\"><\/script><\/p>\n<p><script src=\"chrome-extension:\/\/flbolonkboilcbnohjlchlfgdalomdpl\/iFrame.js\" type=\"text\/javascript\"><\/script><\/p>\n<p><script src=\"chrome-extension:\/\/flbolonkboilcbnohjlchlfgdalomdpl\/iFrame.js\" type=\"text\/javascript\"><\/script><\/p>","protected":false},"excerpt":{"rendered":"<p>El CB Ifach Calpe sali\u00f3 derrotado de su visita a la pista del NB Alcoi por 92 a 81 tras jugar una pr\u00f3rroga en la que ciertas decisiones arbitrales sacaron de quicio al banquillo visitante. El arranque del choque fue de mucho respeto por ambas formaciones. Los locales con una presi\u00f3n intensa supieron frenar el [&#8230;]<\/p>\n<p><a class=\"btn btn-secondary understrap-read-more-link\" href=\"https:\/\/radiolitoral.com\/ca\/2025\/04\/el-cb-ifach-calpe-derrotado-en-alcoy\/\">Continua llegint&#8230;<span class=\"screen-reader-text\"> from El CB Ifach Calpe derrotado en Alcoy<\/span><\/a><\/p>\n","protected":false},"author":12,"featured_media":16118,"comment_status":"open","ping_status":"closed","sticky":false,"template":"","format":"standard","meta":{"_acf_changed":false,"inline_featured_image":false,"footnotes":""},"categories":[5],"tags":[4132,952,954,6,2406,2414],"class_list":["post-16114","post","type-post","status-publish","format-standard","has-post-thumbnail","hentry","category-deportes","tag-cb-burjassot","tag-cb-ifach-calpe","tag-cb-tavernes","tag-deportes","tag-kike-valle","tag-nb-alcoi","cobertura-calp"],"acf":[],"yoast_head":"<!-- This site is optimized with the Yoast SEO plugin v27.5 - https:\/\/yoast.com\/product\/yoast-seo-wordpress\/ -->\n<title>El CB Ifach Calpe derrotado en Alcoy | R\u00e0dio Litoral<\/title>\n<meta name=\"description\" content=\"Los calpinos cayeron por 92 a 81 tras jugar una pr\u00f3rroga donde las decisiones arbitrales decidieron Los calpinos cayeron por 92 a 81 tras jugar una pr\u00f3rroga donde las decisiones arbitrales decidieron\" \/>\n<meta name=\"robots\" content=\"index, follow, max-snippet:-1, max-image-preview:large, max-video-preview:-1\" \/>\n<link rel=\"canonical\" href=\"https:\/\/radiolitoral.com\/ca\/2025\/04\/el-cb-ifach-calp-derrotat-a-alcoi\/\" \/>\n<meta property=\"og:locale\" content=\"ca_ES\" \/>\n<meta property=\"og:type\" content=\"article\" \/>\n<meta property=\"og:title\" content=\"El CB Ifach Calpe derrotado en Alcoy | R\u00e0dio Litoral\" \/>\n<meta property=\"og:description\" content=\"Los calpinos cayeron por 92 a 81 tras jugar una pr\u00f3rroga donde las decisiones arbitrales decidieron Los calpinos cayeron por 92 a 81 tras jugar una pr\u00f3rroga donde las decisiones arbitrales decidieron\" \/>\n<meta property=\"og:url\" content=\"https:\/\/radiolitoral.com\/ca\/2025\/04\/el-cb-ifach-calp-derrotat-a-alcoi\/\" \/>\n<meta property=\"og:site_name\" content=\"R\u00e0dio Litoral\" \/>\n<meta property=\"article:publisher\" content=\"https:\/\/www.facebook.com\/Laradiolitoral\/\" \/>\n<meta property=\"article:published_time\" content=\"2025-04-09T07:59:47+00:00\" \/>\n<meta property=\"og:image\" content=\"https:\/\/media.radiolitoral.com\/wp-content\/uploads\/2025\/04\/08171149\/Momento-del-partido.jpg\" \/>\n\t<meta property=\"og:image:width\" content=\"1172\" \/>\n\t<meta property=\"og:image:height\" content=\"795\" \/>\n\t<meta property=\"og:image:type\" content=\"image\/jpeg\" \/>\n<meta name=\"author\" content=\"Javier Zamora\" \/>\n<meta name=\"twitter:card\" content=\"summary_large_image\" \/>\n<meta name=\"twitter:label1\" content=\"Escrit per\" \/>\n\t<meta name=\"twitter:data1\" content=\"Javier Zamora\" \/>\n\t<meta name=\"twitter:label2\" content=\"Temps estimat de lectura\" \/>\n\t<meta name=\"twitter:data2\" content=\"2 minuts\" \/>\n<script type=\"application\/ld+json\" class=\"yoast-schema-graph\">{\"@context\":\"https:\\\/\\\/schema.org\",\"@graph\":[{\"@type\":\"NewsArticle\",\"@id\":\"https:\\\/\\\/radiolitoral.com\\\/2025\\\/04\\\/el-cb-ifach-calpe-derrotado-en-alcoy\\\/#article\",\"isPartOf\":{\"@id\":\"https:\\\/\\\/radiolitoral.com\\\/2025\\\/04\\\/el-cb-ifach-calpe-derrotado-en-alcoy\\\/\"},\"author\":{\"name\":\"Javier Zamora\",\"@id\":\"https:\\\/\\\/radiolitoral.com\\\/#\\\/schema\\\/person\\\/7b1480b5caeb5acdd4ec6379caf62b22\"},\"headline\":\"El CB Ifach Calpe derrotado en Alcoy\",\"datePublished\":\"2025-04-09T07:59:47+00:00\",\"mainEntityOfPage\":{\"@id\":\"https:\\\/\\\/radiolitoral.com\\\/2025\\\/04\\\/el-cb-ifach-calpe-derrotado-en-alcoy\\\/\"},\"wordCount\":332,\"commentCount\":0,\"publisher\":{\"@id\":\"https:\\\/\\\/radiolitoral.com\\\/#organization\"},\"image\":{\"@id\":\"https:\\\/\\\/radiolitoral.com\\\/2025\\\/04\\\/el-cb-ifach-calpe-derrotado-en-alcoy\\\/#primaryimage\"},\"thumbnailUrl\":\"https:\\\/\\\/media.radiolitoral.com\\\/wp-content\\\/uploads\\\/2025\\\/04\\\/08171149\\\/Momento-del-partido.jpg\",\"keywords\":[\"CB Burjassot\",\"CB Ifach Calpe\",\"CB Tavernes\",\"deportes\",\"Kike\u00a0Valle\",\"NB\u00a0Alcoi\"],\"articleSection\":[\"Deportes\"],\"inLanguage\":\"ca\",\"potentialAction\":[{\"@type\":\"CommentAction\",\"name\":\"Comment\",\"target\":[\"https:\\\/\\\/radiolitoral.com\\\/2025\\\/04\\\/el-cb-ifach-calpe-derrotado-en-alcoy\\\/#respond\"]}]},{\"@type\":[\"WebPage\",\"ItemPage\"],\"@id\":\"https:\\\/\\\/radiolitoral.com\\\/2025\\\/04\\\/el-cb-ifach-calpe-derrotado-en-alcoy\\\/\",\"url\":\"https:\\\/\\\/radiolitoral.com\\\/2025\\\/04\\\/el-cb-ifach-calpe-derrotado-en-alcoy\\\/\",\"name\":\"El CB Ifach Calpe derrotado en Alcoy | R\u00e0dio Litoral\",\"isPartOf\":{\"@id\":\"https:\\\/\\\/radiolitoral.com\\\/#website\"},\"primaryImageOfPage\":{\"@id\":\"https:\\\/\\\/radiolitoral.com\\\/2025\\\/04\\\/el-cb-ifach-calpe-derrotado-en-alcoy\\\/#primaryimage\"},\"image\":{\"@id\":\"https:\\\/\\\/radiolitoral.com\\\/2025\\\/04\\\/el-cb-ifach-calpe-derrotado-en-alcoy\\\/#primaryimage\"},\"thumbnailUrl\":\"https:\\\/\\\/media.radiolitoral.com\\\/wp-content\\\/uploads\\\/2025\\\/04\\\/08171149\\\/Momento-del-partido.jpg\",\"datePublished\":\"2025-04-09T07:59:47+00:00\",\"description\":\"Los calpinos cayeron por 92 a 81 tras jugar una pr\u00f3rroga donde las decisiones arbitrales decidieron Los calpinos cayeron por 92 a 81 tras jugar una pr\u00f3rroga donde las decisiones arbitrales decidieron\",\"breadcrumb\":{\"@id\":\"https:\\\/\\\/radiolitoral.com\\\/2025\\\/04\\\/el-cb-ifach-calpe-derrotado-en-alcoy\\\/#breadcrumb\"},\"inLanguage\":\"ca\",\"potentialAction\":[{\"@type\":\"ReadAction\",\"target\":[\"https:\\\/\\\/radiolitoral.com\\\/2025\\\/04\\\/el-cb-ifach-calpe-derrotado-en-alcoy\\\/\"]}]},{\"@type\":\"ImageObject\",\"inLanguage\":\"ca\",\"@id\":\"https:\\\/\\\/radiolitoral.com\\\/2025\\\/04\\\/el-cb-ifach-calpe-derrotado-en-alcoy\\\/#primaryimage\",\"url\":\"https:\\\/\\\/media.radiolitoral.com\\\/wp-content\\\/uploads\\\/2025\\\/04\\\/08171149\\\/Momento-del-partido.jpg\",\"contentUrl\":\"https:\\\/\\\/media.radiolitoral.com\\\/wp-content\\\/uploads\\\/2025\\\/04\\\/08171149\\\/Momento-del-partido.jpg\",\"width\":1172,\"height\":795},{\"@type\":\"BreadcrumbList\",\"@id\":\"https:\\\/\\\/radiolitoral.com\\\/2025\\\/04\\\/el-cb-ifach-calpe-derrotado-en-alcoy\\\/#breadcrumb\",\"itemListElement\":[{\"@type\":\"ListItem\",\"position\":1,\"name\":\"Portada\",\"item\":\"https:\\\/\\\/radiolitoral.com\\\/\"},{\"@type\":\"ListItem\",\"position\":2,\"name\":\"El CB Ifach Calpe derrotado en Alcoy\"}]},{\"@type\":\"WebSite\",\"@id\":\"https:\\\/\\\/radiolitoral.com\\\/#website\",\"url\":\"https:\\\/\\\/radiolitoral.com\\\/\",\"name\":\"Radio Litoral\",\"description\":\"La radio local de la Marina Alta\",\"publisher\":{\"@id\":\"https:\\\/\\\/radiolitoral.com\\\/#organization\"},\"alternateName\":\"Litoral FM\",\"potentialAction\":[{\"@type\":\"SearchAction\",\"target\":{\"@type\":\"EntryPoint\",\"urlTemplate\":\"https:\\\/\\\/radiolitoral.com\\\/?s={search_term_string}\"},\"query-input\":{\"@type\":\"PropertyValueSpecification\",\"valueRequired\":true,\"valueName\":\"search_term_string\"}}],\"inLanguage\":\"ca\"},{\"@type\":\"Organization\",\"@id\":\"https:\\\/\\\/radiolitoral.com\\\/#organization\",\"name\":\"Radio Litoral\",\"url\":\"https:\\\/\\\/radiolitoral.com\\\/\",\"logo\":{\"@type\":\"ImageObject\",\"inLanguage\":\"ca\",\"@id\":\"https:\\\/\\\/radiolitoral.com\\\/#\\\/schema\\\/logo\\\/image\\\/\",\"url\":\"https:\\\/\\\/media.radiolitoral.com\\\/wp-content\\\/uploads\\\/2023\\\/02\\\/24143238\\\/CL-V-RadioLitoral696.png\",\"contentUrl\":\"https:\\\/\\\/media.radiolitoral.com\\\/wp-content\\\/uploads\\\/2023\\\/02\\\/24143238\\\/CL-V-RadioLitoral696.png\",\"width\":696,\"height\":696,\"caption\":\"Radio Litoral\"},\"image\":{\"@id\":\"https:\\\/\\\/radiolitoral.com\\\/#\\\/schema\\\/logo\\\/image\\\/\"},\"sameAs\":[\"https:\\\/\\\/www.facebook.com\\\/Laradiolitoral\\\/\"]},{\"@type\":\"Person\",\"@id\":\"https:\\\/\\\/radiolitoral.com\\\/#\\\/schema\\\/person\\\/7b1480b5caeb5acdd4ec6379caf62b22\",\"name\":\"Javier Zamora\",\"image\":{\"@type\":\"ImageObject\",\"inLanguage\":\"ca\",\"@id\":\"https:\\\/\\\/secure.gravatar.com\\\/avatar\\\/467a11f6918c7d619c4043fc6fa2d3853053107973f05b6e9c04ea6c4e3a7b3f?s=96&d=mm&r=g\",\"url\":\"https:\\\/\\\/secure.gravatar.com\\\/avatar\\\/467a11f6918c7d619c4043fc6fa2d3853053107973f05b6e9c04ea6c4e3a7b3f?s=96&d=mm&r=g\",\"contentUrl\":\"https:\\\/\\\/secure.gravatar.com\\\/avatar\\\/467a11f6918c7d619c4043fc6fa2d3853053107973f05b6e9c04ea6c4e3a7b3f?s=96&d=mm&r=g\",\"caption\":\"Javier Zamora\"},\"url\":\"https:\\\/\\\/radiolitoral.com\\\/ca\\\/author\\\/javier-zamora\\\/\"}]}<\/script>\n<!-- \/ Yoast SEO plugin. -->","yoast_head_json":{"title":"El CB Ifach Calp derrotat a Alcoi | R\u00e0dio Litoral","description":"Els calpins van caure per 92 a 81 despr\u00e9s de jugar una pr\u00f2rroga on les decisions arbitrals van decidir Els calpins van caure per 92 a 81 despr\u00e9s de jugar una pr\u00f2rroga on les decisions arbitrals van decidir","robots":{"index":"index","follow":"follow","max-snippet":"max-snippet:-1","max-image-preview":"max-image-preview:large","max-video-preview":"max-video-preview:-1"},"canonical":"https:\/\/radiolitoral.com\/ca\/2025\/04\/el-cb-ifach-calp-derrotat-a-alcoi\/","og_locale":"ca_ES","og_type":"article","og_title":"El CB Ifach Calpe derrotado en Alcoy | R\u00e0dio Litoral","og_description":"Los calpinos cayeron por 92 a 81 tras jugar una pr\u00f3rroga donde las decisiones arbitrales decidieron Los calpinos cayeron por 92 a 81 tras jugar una pr\u00f3rroga donde las decisiones arbitrales decidieron","og_url":"https:\/\/radiolitoral.com\/ca\/2025\/04\/el-cb-ifach-calp-derrotat-a-alcoi\/","og_site_name":"R\u00e0dio Litoral","article_publisher":"https:\/\/www.facebook.com\/Laradiolitoral\/","article_published_time":"2025-04-09T07:59:47+00:00","og_image":[{"width":1172,"height":795,"url":"https:\/\/media.radiolitoral.com\/wp-content\/uploads\/2025\/04\/08171149\/Momento-del-partido.jpg","type":"image\/jpeg"}],"author":"Javier Zamora","twitter_card":"summary_large_image","twitter_misc":{"Escrit per":"Javier Zamora","Temps estimat de lectura":"2 minuts"},"schema":{"@context":"https:\/\/schema.org","@graph":[{"@type":"NewsArticle","@id":"https:\/\/radiolitoral.com\/2025\/04\/el-cb-ifach-calpe-derrotado-en-alcoy\/#article","isPartOf":{"@id":"https:\/\/radiolitoral.com\/2025\/04\/el-cb-ifach-calpe-derrotado-en-alcoy\/"},"author":{"name":"Javier Zamora","@id":"https:\/\/radiolitoral.com\/#\/schema\/person\/7b1480b5caeb5acdd4ec6379caf62b22"},"headline":"El CB Ifach Calpe derrotado en Alcoy","datePublished":"2025-04-09T07:59:47+00:00","mainEntityOfPage":{"@id":"https:\/\/radiolitoral.com\/2025\/04\/el-cb-ifach-calpe-derrotado-en-alcoy\/"},"wordCount":332,"commentCount":0,"publisher":{"@id":"https:\/\/radiolitoral.com\/#organization"},"image":{"@id":"https:\/\/radiolitoral.com\/2025\/04\/el-cb-ifach-calpe-derrotado-en-alcoy\/#primaryimage"},"thumbnailUrl":"https:\/\/media.radiolitoral.com\/wp-content\/uploads\/2025\/04\/08171149\/Momento-del-partido.jpg","keywords":["CB Burjassot","CB Ifach Calpe","CB Tavernes","deportes","Kike\u00a0Valle","NB\u00a0Alcoi"],"articleSection":["Deportes"],"inLanguage":"ca","potentialAction":[{"@type":"CommentAction","name":"Comment","target":["https:\/\/radiolitoral.com\/2025\/04\/el-cb-ifach-calpe-derrotado-en-alcoy\/#respond"]}]},{"@type":["WebPage","ItemPage"],"@id":"https:\/\/radiolitoral.com\/2025\/04\/el-cb-ifach-calpe-derrotado-en-alcoy\/","url":"https:\/\/radiolitoral.com\/2025\/04\/el-cb-ifach-calpe-derrotado-en-alcoy\/","name":"El CB Ifach Calp derrotat a Alcoi | R\u00e0dio Litoral","isPartOf":{"@id":"https:\/\/radiolitoral.com\/#website"},"primaryImageOfPage":{"@id":"https:\/\/radiolitoral.com\/2025\/04\/el-cb-ifach-calpe-derrotado-en-alcoy\/#primaryimage"},"image":{"@id":"https:\/\/radiolitoral.com\/2025\/04\/el-cb-ifach-calpe-derrotado-en-alcoy\/#primaryimage"},"thumbnailUrl":"https:\/\/media.radiolitoral.com\/wp-content\/uploads\/2025\/04\/08171149\/Momento-del-partido.jpg","datePublished":"2025-04-09T07:59:47+00:00","description":"Els calpins van caure per 92 a 81 despr\u00e9s de jugar una pr\u00f2rroga on les decisions arbitrals van decidir Els calpins van caure per 92 a 81 despr\u00e9s de jugar una pr\u00f2rroga on les decisions arbitrals van decidir","breadcrumb":{"@id":"https:\/\/radiolitoral.com\/2025\/04\/el-cb-ifach-calpe-derrotado-en-alcoy\/#breadcrumb"},"inLanguage":"ca","potentialAction":[{"@type":"ReadAction","target":["https:\/\/radiolitoral.com\/2025\/04\/el-cb-ifach-calpe-derrotado-en-alcoy\/"]}]},{"@type":"ImageObject","inLanguage":"ca","@id":"https:\/\/radiolitoral.com\/2025\/04\/el-cb-ifach-calpe-derrotado-en-alcoy\/#primaryimage","url":"https:\/\/media.radiolitoral.com\/wp-content\/uploads\/2025\/04\/08171149\/Momento-del-partido.jpg","contentUrl":"https:\/\/media.radiolitoral.com\/wp-content\/uploads\/2025\/04\/08171149\/Momento-del-partido.jpg","width":1172,"height":795},{"@type":"BreadcrumbList","@id":"https:\/\/radiolitoral.com\/2025\/04\/el-cb-ifach-calpe-derrotado-en-alcoy\/#breadcrumb","itemListElement":[{"@type":"ListItem","position":1,"name":"Portada","item":"https:\/\/radiolitoral.com\/"},{"@type":"ListItem","position":2,"name":"El CB Ifach Calpe derrotado en Alcoy"}]},{"@type":"WebSite","@id":"https:\/\/radiolitoral.com\/#website","url":"https:\/\/radiolitoral.com\/","name":"R\u00e0dio Litoral","description":"La r\u00e0dio local de la Marina Alta","publisher":{"@id":"https:\/\/radiolitoral.com\/#organization"},"alternateName":"Litoral FM","potentialAction":[{"@type":"SearchAction","target":{"@type":"EntryPoint","urlTemplate":"https:\/\/radiolitoral.com\/?s={search_term_string}"},"query-input":{"@type":"PropertyValueSpecification","valueRequired":true,"valueName":"search_term_string"}}],"inLanguage":"ca"},{"@type":"Organization","@id":"https:\/\/radiolitoral.com\/#organization","name":"R\u00e0dio Litoral","url":"https:\/\/radiolitoral.com\/","logo":{"@type":"ImageObject","inLanguage":"ca","@id":"https:\/\/radiolitoral.com\/#\/schema\/logo\/image\/","url":"https:\/\/media.radiolitoral.com\/wp-content\/uploads\/2023\/02\/24143238\/CL-V-RadioLitoral696.png","contentUrl":"https:\/\/media.radiolitoral.com\/wp-content\/uploads\/2023\/02\/24143238\/CL-V-RadioLitoral696.png","width":696,"height":696,"caption":"Radio Litoral"},"image":{"@id":"https:\/\/radiolitoral.com\/#\/schema\/logo\/image\/"},"sameAs":["https:\/\/www.facebook.com\/Laradiolitoral\/"]},{"@type":"Person","@id":"https:\/\/radiolitoral.com\/#\/schema\/person\/7b1480b5caeb5acdd4ec6379caf62b22","name":"Javier Zamora","image":{"@type":"ImageObject","inLanguage":"ca","@id":"https:\/\/secure.gravatar.com\/avatar\/467a11f6918c7d619c4043fc6fa2d3853053107973f05b6e9c04ea6c4e3a7b3f?s=96&d=mm&r=g","url":"https:\/\/secure.gravatar.com\/avatar\/467a11f6918c7d619c4043fc6fa2d3853053107973f05b6e9c04ea6c4e3a7b3f?s=96&d=mm&r=g","contentUrl":"https:\/\/secure.gravatar.com\/avatar\/467a11f6918c7d619c4043fc6fa2d3853053107973f05b6e9c04ea6c4e3a7b3f?s=96&d=mm&r=g","caption":"Javier Zamora"},"url":"https:\/\/radiolitoral.com\/ca\/author\/javier-zamora\/"}]}},"_links":{"self":[{"href":"https:\/\/radiolitoral.com\/ca\/wp-json\/wp\/v2\/posts\/16114","targetHints":{"allow":["GET"]}}],"collection":[{"href":"https:\/\/radiolitoral.com\/ca\/wp-json\/wp\/v2\/posts"}],"about":[{"href":"https:\/\/radiolitoral.com\/ca\/wp-json\/wp\/v2\/types\/post"}],"author":[{"embeddable":true,"href":"https:\/\/radiolitoral.com\/ca\/wp-json\/wp\/v2\/users\/12"}],"replies":[{"embeddable":true,"href":"https:\/\/radiolitoral.com\/ca\/wp-json\/wp\/v2\/comments?post=16114"}],"version-history":[{"count":5,"href":"https:\/\/radiolitoral.com\/ca\/wp-json\/wp\/v2\/posts\/16114\/revisions"}],"predecessor-version":[{"id":16121,"href":"https:\/\/radiolitoral.com\/ca\/wp-json\/wp\/v2\/posts\/16114\/revisions\/16121"}],"wp:featuredmedia":[{"embeddable":true,"href":"https:\/\/radiolitoral.com\/ca\/wp-json\/wp\/v2\/media\/16118"}],"wp:attachment":[{"href":"https:\/\/radiolitoral.com\/ca\/wp-json\/wp\/v2\/media?parent=16114"}],"wp:term":[{"taxonomy":"category","embeddable":true,"href":"https:\/\/radiolitoral.com\/ca\/wp-json\/wp\/v2\/categories?post=16114"},{"taxonomy":"post_tag","embeddable":true,"href":"https:\/\/radiolitoral.com\/ca\/wp-json\/wp\/v2\/tags?post=16114"}],"curies":[{"name":"wp","href":"https:\/\/api.w.org\/{rel}","templated":true}]}}