{"id":16099,"date":"2025-04-08T10:42:00","date_gmt":"2025-04-08T08:42:00","guid":{"rendered":"https:\/\/radiolitoral.com\/?p=16099"},"modified":"2025-04-08T10:42:00","modified_gmt":"2025-04-08T08:42:00","slug":"joel-camarena-va-guanyar-la-volta-al-cc-portal-de-la-marina","status":"publish","type":"post","link":"https:\/\/radiolitoral.com\/ca\/2025\/04\/joel-camarena-gano-la-volta-al-cc-portal-de-la-marina\/","title":{"rendered":"Joel Camarena va guanyar la Volta al CC Portal de la Marina"},"content":{"rendered":"<p class=\"\" data-start=\"244\" data-end=\"768\">El <strong>CC Portal de la Marina<\/strong> va ser l&#039;escenari de la segona edici\u00f3 de la seva esperada <strong>Volta a Peu<\/strong>, que va reunir m\u00e9s de <strong>1.000 atletes<\/strong> en un esdeveniment esportiu vibrant. El tra\u00e7at de 8 quil\u00f2metres va posar a prova la velocitat i resist\u00e8ncia dels participants, sent <strong>Joel Camarena<\/strong> el gran protagonista en emportar-se el primer lloc amb un temps impressionant de <strong>24 minuts i 58 segons<\/strong>. L&#039;atleta del <strong>Vicky Foods<\/strong> es va mostrar intractable, liderant la carrera des del principi i mantenint un ritme imparable.<\/p>\n<p class=\"\" data-start=\"770\" data-end=\"1013\">El seu company de club, <strong>Marcs Reina<\/strong>, no li va perdre la pista i va finalitzar en segon lloc amb un temps de 2<strong>5:33<\/strong>. El podi mascul\u00ed el va completar <strong>Jos\u00e9 Manuel Garc\u00eda Barrag\u00e1n<\/strong> del <strong>CE Llebeig X\u00e0bia<\/strong>, qui va creuar la l\u00ednia de meta amb un temps de <strong>25:47<\/strong>.<\/p>\n<p class=\"\" data-start=\"770\" data-end=\"1013\">A la categoria femenina, la vict\u00f2ria va ser per a l&#039;habitual guanyadora, <strong>Maria Isabel Ferrer<\/strong>, qui va tornar a demostrar el seu domini al circuit amb un crono de <strong>28:32<\/strong>. Amb un ritme de 3:31 per quil\u00f2metre, l&#039;atleta del CE Llebeig X\u00e0bia va volar cap a la meta i va deixar enrere les seves competidores. <strong>Cristina Rosell\u00f3<\/strong> del <strong>CA Publidom<\/strong> va ocupar la segona posici\u00f3 amb un temps de <strong>30:19<\/strong>, mentre que la seva companya d&#039;equip, <strong>Gemma Ann Selby<\/strong>, va completar el podi amb una marca de <strong>32:09<\/strong>.<\/p>\n<figure id=\"attachment_16104\" aria-describedby=\"caption-attachment-16104\" style=\"width: 2048px\" class=\"wp-caption alignnone\"><img loading=\"lazy\" decoding=\"async\" class=\"wp-image-16104 size-full\" src=\"https:\/\/media.radiolitoral.com\/wp-content\/uploads\/2025\/04\/08104121\/Podio-Absoluto-Femenino.jpg\" alt=\"\" width=\"2048\" height=\"1365\" srcset=\"https:\/\/media.radiolitoral.com\/wp-content\/uploads\/2025\/04\/08104121\/Podio-Absoluto-Femenino.jpg 2048w, https:\/\/media.radiolitoral.com\/wp-content\/uploads\/2025\/04\/08104121\/Podio-Absoluto-Femenino-300x200.jpg 300w, https:\/\/media.radiolitoral.com\/wp-content\/uploads\/2025\/04\/08104121\/Podio-Absoluto-Femenino-1024x683.jpg 1024w, https:\/\/media.radiolitoral.com\/wp-content\/uploads\/2025\/04\/08104121\/Podio-Absoluto-Femenino-768x512.jpg 768w, https:\/\/media.radiolitoral.com\/wp-content\/uploads\/2025\/04\/08104121\/Podio-Absoluto-Femenino-1536x1024.jpg 1536w, https:\/\/media.radiolitoral.com\/wp-content\/uploads\/2025\/04\/08104121\/Podio-Absoluto-Femenino-18x12.jpg 18w, https:\/\/media.radiolitoral.com\/wp-content\/uploads\/2025\/04\/08104121\/Podio-Absoluto-Femenino-1000x667.jpg 1000w, https:\/\/media.radiolitoral.com\/wp-content\/uploads\/2025\/04\/08104121\/Podio-Absoluto-Femenino-100x67.jpg 100w, https:\/\/media.radiolitoral.com\/wp-content\/uploads\/2025\/04\/08104121\/Podio-Absoluto-Femenino-200x133.jpg 200w\" sizes=\"auto, (max-width: 2048px) 100vw, 2048px\" \/><figcaption id=\"caption-attachment-16104\" class=\"wp-caption-text\">podi absolut femen\u00ed | K. Aracil<\/figcaption><\/figure>\n<h2 data-start=\"770\" data-end=\"1013\"><strong data-start=\"2080\" data-end=\"2151\">AMADEM rep el xec de la recaptaci\u00f3<\/strong><\/h2>\n<p class=\"\" data-start=\"770\" data-end=\"1013\">Un dels moments destacats de la jornada va ser el lliurament del xec solidari a la <strong>Associaci\u00f3 AMADEM<\/strong>, que va rebre una recaptaci\u00f3 de <strong>2.160\u20ac<\/strong>, producte de la col\u00b7laboraci\u00f3 dels assistents a l&#039;esdeveniment. Despr\u00e9s de les \u00faltimes proves infantils, els membres d&#039;AMADEM van celebrar la seva carrera particular, recorrent 50 metres, i van ser rebuts amb gran entusiasme.<\/p>\n<p data-start=\"770\" data-end=\"1013\">La propera cita per als corredors ser\u00e0 la <strong>Volta a Peu D\u00e9nia 2025<\/strong>, que marcar\u00e0 l&#039;inici de les curses vespertines dels dissabtes. Les proves infantils comen\u00e7aran a les 16:00h, mentres que la prova reina arrancar\u00e0 a les 18:30h. Les inscripcions estan obertes fins divendres 11 d&#039;abril a la web de <a href=\"https:\/\/www.somesport.com\/\">Somesport<\/a>.<\/p>\n<p><script src=\"chrome-extension:\/\/flbolonkboilcbnohjlchlfgdalomdpl\/iFrame.js\" type=\"text\/javascript\"><\/script><\/p>","protected":false},"excerpt":{"rendered":"<p>El CC Portal de la Marina fue el escenario de la segunda edici\u00f3n de su esperada Volta a Peu, que reuni\u00f3 a m\u00e1s de 1.000 atletas en un evento deportivo vibrante. El trazado de 8 kil\u00f3metros puso a prueba la velocidad y resistencia de los participantes, siendo Joel Camarena el gran protagonista al llevarse el [&#8230;]<\/p>\n<p><a class=\"btn btn-secondary understrap-read-more-link\" href=\"https:\/\/radiolitoral.com\/ca\/2025\/04\/joel-camarena-gano-la-volta-al-cc-portal-de-la-marina\/\">Continua llegint&#8230;<span class=\"screen-reader-text\"> from Joel Camarena gan\u00f3 la Volta al CC Portal de la Marina<\/span><\/a><\/p>\n","protected":false},"author":12,"featured_media":16102,"comment_status":"open","ping_status":"closed","sticky":false,"template":"","format":"standard","meta":{"_acf_changed":false,"inline_featured_image":false,"footnotes":""},"categories":[5],"tags":[4082,1292,4083,1213,1045,6,4130,4128,1407,4129,1043,4131],"class_list":["post-16099","post","type-post","status-publish","format-standard","has-post-thumbnail","hentry","category-deportes","tag-asociacion-amadem","tag-ca-publidom","tag-cc-portal-de-la-marina","tag-ce-llebeig-xabia","tag-cristina-rosello","tag-deportes","tag-gemma-ann-selby","tag-joel-camarena","tag-jose-manuel-garcia-barragan","tag-marcos-reina","tag-maria-isabel-ferrer","tag-volta-a-peu-denia-2025","cobertura-ondara"],"acf":[],"yoast_head":"<!-- This site is optimized with the Yoast SEO plugin v27.5 - https:\/\/yoast.com\/product\/yoast-seo-wordpress\/ -->\n<title>Joel Camarena gan\u00f3 la Volta al CC Portal de la Marina | R\u00e0dio Litoral<\/title>\n<meta name=\"description\" content=\"En mujeres Mar\u00eda Isabel Ferrer vol\u00f3 consiguiendo una gran marca y demostrando ser la m\u00e1s potente del Circuit a Peu Marina AltaEn mujeres Mar\u00eda Isabel Ferrer vol\u00f3 consiguiendo una gran marca y demostrando ser la m\u00e1s potente del Circuit a Peu Marina Alta\" \/>\n<meta name=\"robots\" content=\"index, follow, max-snippet:-1, max-image-preview:large, max-video-preview:-1\" \/>\n<link rel=\"canonical\" href=\"https:\/\/radiolitoral.com\/ca\/2025\/04\/joel-camarena-va-guanyar-la-volta-al-cc-portal-de-la-marina\/\" \/>\n<meta property=\"og:locale\" content=\"ca_ES\" \/>\n<meta property=\"og:type\" content=\"article\" \/>\n<meta property=\"og:title\" content=\"Joel Camarena gan\u00f3 la Volta al CC Portal de la Marina | R\u00e0dio Litoral\" \/>\n<meta property=\"og:description\" content=\"En mujeres Mar\u00eda Isabel Ferrer vol\u00f3 consiguiendo una gran marca y demostrando ser la m\u00e1s potente del Circuit a Peu Marina AltaEn mujeres Mar\u00eda Isabel Ferrer vol\u00f3 consiguiendo una gran marca y demostrando ser la m\u00e1s potente del Circuit a Peu Marina Alta\" \/>\n<meta property=\"og:url\" content=\"https:\/\/radiolitoral.com\/ca\/2025\/04\/joel-camarena-va-guanyar-la-volta-al-cc-portal-de-la-marina\/\" \/>\n<meta property=\"og:site_name\" content=\"R\u00e0dio Litoral\" \/>\n<meta property=\"article:publisher\" content=\"https:\/\/www.facebook.com\/Laradiolitoral\/\" \/>\n<meta property=\"article:published_time\" content=\"2025-04-08T08:42:00+00:00\" \/>\n<meta property=\"og:image\" content=\"https:\/\/media.radiolitoral.com\/wp-content\/uploads\/2025\/04\/08104036\/Podio-absoluto-masculino.jpg\" \/>\n\t<meta property=\"og:image:width\" content=\"2048\" \/>\n\t<meta property=\"og:image:height\" content=\"1365\" \/>\n\t<meta property=\"og:image:type\" content=\"image\/jpeg\" \/>\n<meta name=\"author\" content=\"Javier Zamora\" \/>\n<meta name=\"twitter:card\" content=\"summary_large_image\" \/>\n<meta name=\"twitter:label1\" content=\"Escrit per\" \/>\n\t<meta name=\"twitter:data1\" content=\"Javier Zamora\" \/>\n\t<meta name=\"twitter:label2\" content=\"Temps estimat de lectura\" \/>\n\t<meta name=\"twitter:data2\" content=\"3 minuts\" \/>\n<script type=\"application\/ld+json\" class=\"yoast-schema-graph\">{\"@context\":\"https:\\\/\\\/schema.org\",\"@graph\":[{\"@type\":\"NewsArticle\",\"@id\":\"https:\\\/\\\/radiolitoral.com\\\/2025\\\/04\\\/joel-camarena-gano-la-volta-al-cc-portal-de-la-marina\\\/#article\",\"isPartOf\":{\"@id\":\"https:\\\/\\\/radiolitoral.com\\\/2025\\\/04\\\/joel-camarena-gano-la-volta-al-cc-portal-de-la-marina\\\/\"},\"author\":{\"name\":\"Javier Zamora\",\"@id\":\"https:\\\/\\\/radiolitoral.com\\\/#\\\/schema\\\/person\\\/7b1480b5caeb5acdd4ec6379caf62b22\"},\"headline\":\"Joel Camarena gan\u00f3 la Volta al CC Portal de la Marina\",\"datePublished\":\"2025-04-08T08:42:00+00:00\",\"mainEntityOfPage\":{\"@id\":\"https:\\\/\\\/radiolitoral.com\\\/2025\\\/04\\\/joel-camarena-gano-la-volta-al-cc-portal-de-la-marina\\\/\"},\"wordCount\":362,\"commentCount\":0,\"publisher\":{\"@id\":\"https:\\\/\\\/radiolitoral.com\\\/#organization\"},\"image\":{\"@id\":\"https:\\\/\\\/radiolitoral.com\\\/2025\\\/04\\\/joel-camarena-gano-la-volta-al-cc-portal-de-la-marina\\\/#primaryimage\"},\"thumbnailUrl\":\"https:\\\/\\\/media.radiolitoral.com\\\/wp-content\\\/uploads\\\/2025\\\/04\\\/08104036\\\/Podio-absoluto-masculino.jpg\",\"keywords\":[\"Asociaci\u00f3n AMADEM\",\"CA Publidom\",\"CC Portal de La Marina\",\"CE Llebeig X\u00e1bia\",\"Cristina Rosell\u00f3\",\"deportes\",\"Gemma Ann Selby\",\"Joel Camarena\",\"Jos\u00e9 Manuel Garc\u00eda Barrag\u00e1n\",\"Marcos Reina\",\"Mar\u00eda Isabel Ferrer\",\"Volta a Peu D\u00e9nia 2025\"],\"articleSection\":[\"Deportes\"],\"inLanguage\":\"ca\",\"potentialAction\":[{\"@type\":\"CommentAction\",\"name\":\"Comment\",\"target\":[\"https:\\\/\\\/radiolitoral.com\\\/2025\\\/04\\\/joel-camarena-gano-la-volta-al-cc-portal-de-la-marina\\\/#respond\"]}]},{\"@type\":[\"WebPage\",\"ItemPage\"],\"@id\":\"https:\\\/\\\/radiolitoral.com\\\/2025\\\/04\\\/joel-camarena-gano-la-volta-al-cc-portal-de-la-marina\\\/\",\"url\":\"https:\\\/\\\/radiolitoral.com\\\/2025\\\/04\\\/joel-camarena-gano-la-volta-al-cc-portal-de-la-marina\\\/\",\"name\":\"Joel Camarena gan\u00f3 la Volta al CC Portal de la Marina | R\u00e0dio Litoral\",\"isPartOf\":{\"@id\":\"https:\\\/\\\/radiolitoral.com\\\/#website\"},\"primaryImageOfPage\":{\"@id\":\"https:\\\/\\\/radiolitoral.com\\\/2025\\\/04\\\/joel-camarena-gano-la-volta-al-cc-portal-de-la-marina\\\/#primaryimage\"},\"image\":{\"@id\":\"https:\\\/\\\/radiolitoral.com\\\/2025\\\/04\\\/joel-camarena-gano-la-volta-al-cc-portal-de-la-marina\\\/#primaryimage\"},\"thumbnailUrl\":\"https:\\\/\\\/media.radiolitoral.com\\\/wp-content\\\/uploads\\\/2025\\\/04\\\/08104036\\\/Podio-absoluto-masculino.jpg\",\"datePublished\":\"2025-04-08T08:42:00+00:00\",\"description\":\"En mujeres Mar\u00eda Isabel Ferrer vol\u00f3 consiguiendo una gran marca y demostrando ser la m\u00e1s potente del Circuit a Peu Marina AltaEn mujeres Mar\u00eda Isabel Ferrer vol\u00f3 consiguiendo una gran marca y demostrando ser la m\u00e1s potente del Circuit a Peu Marina Alta\",\"breadcrumb\":{\"@id\":\"https:\\\/\\\/radiolitoral.com\\\/2025\\\/04\\\/joel-camarena-gano-la-volta-al-cc-portal-de-la-marina\\\/#breadcrumb\"},\"inLanguage\":\"ca\",\"potentialAction\":[{\"@type\":\"ReadAction\",\"target\":[\"https:\\\/\\\/radiolitoral.com\\\/2025\\\/04\\\/joel-camarena-gano-la-volta-al-cc-portal-de-la-marina\\\/\"]}]},{\"@type\":\"ImageObject\",\"inLanguage\":\"ca\",\"@id\":\"https:\\\/\\\/radiolitoral.com\\\/2025\\\/04\\\/joel-camarena-gano-la-volta-al-cc-portal-de-la-marina\\\/#primaryimage\",\"url\":\"https:\\\/\\\/media.radiolitoral.com\\\/wp-content\\\/uploads\\\/2025\\\/04\\\/08104036\\\/Podio-absoluto-masculino.jpg\",\"contentUrl\":\"https:\\\/\\\/media.radiolitoral.com\\\/wp-content\\\/uploads\\\/2025\\\/04\\\/08104036\\\/Podio-absoluto-masculino.jpg\",\"width\":2048,\"height\":1365},{\"@type\":\"BreadcrumbList\",\"@id\":\"https:\\\/\\\/radiolitoral.com\\\/2025\\\/04\\\/joel-camarena-gano-la-volta-al-cc-portal-de-la-marina\\\/#breadcrumb\",\"itemListElement\":[{\"@type\":\"ListItem\",\"position\":1,\"name\":\"Portada\",\"item\":\"https:\\\/\\\/radiolitoral.com\\\/\"},{\"@type\":\"ListItem\",\"position\":2,\"name\":\"Joel Camarena gan\u00f3 la Volta al CC Portal de la Marina\"}]},{\"@type\":\"WebSite\",\"@id\":\"https:\\\/\\\/radiolitoral.com\\\/#website\",\"url\":\"https:\\\/\\\/radiolitoral.com\\\/\",\"name\":\"Radio Litoral\",\"description\":\"La radio local de la Marina Alta\",\"publisher\":{\"@id\":\"https:\\\/\\\/radiolitoral.com\\\/#organization\"},\"alternateName\":\"Litoral FM\",\"potentialAction\":[{\"@type\":\"SearchAction\",\"target\":{\"@type\":\"EntryPoint\",\"urlTemplate\":\"https:\\\/\\\/radiolitoral.com\\\/?s={search_term_string}\"},\"query-input\":{\"@type\":\"PropertyValueSpecification\",\"valueRequired\":true,\"valueName\":\"search_term_string\"}}],\"inLanguage\":\"ca\"},{\"@type\":\"Organization\",\"@id\":\"https:\\\/\\\/radiolitoral.com\\\/#organization\",\"name\":\"Radio Litoral\",\"url\":\"https:\\\/\\\/radiolitoral.com\\\/\",\"logo\":{\"@type\":\"ImageObject\",\"inLanguage\":\"ca\",\"@id\":\"https:\\\/\\\/radiolitoral.com\\\/#\\\/schema\\\/logo\\\/image\\\/\",\"url\":\"https:\\\/\\\/media.radiolitoral.com\\\/wp-content\\\/uploads\\\/2023\\\/02\\\/24143238\\\/CL-V-RadioLitoral696.png\",\"contentUrl\":\"https:\\\/\\\/media.radiolitoral.com\\\/wp-content\\\/uploads\\\/2023\\\/02\\\/24143238\\\/CL-V-RadioLitoral696.png\",\"width\":696,\"height\":696,\"caption\":\"Radio Litoral\"},\"image\":{\"@id\":\"https:\\\/\\\/radiolitoral.com\\\/#\\\/schema\\\/logo\\\/image\\\/\"},\"sameAs\":[\"https:\\\/\\\/www.facebook.com\\\/Laradiolitoral\\\/\"]},{\"@type\":\"Person\",\"@id\":\"https:\\\/\\\/radiolitoral.com\\\/#\\\/schema\\\/person\\\/7b1480b5caeb5acdd4ec6379caf62b22\",\"name\":\"Javier Zamora\",\"image\":{\"@type\":\"ImageObject\",\"inLanguage\":\"ca\",\"@id\":\"https:\\\/\\\/secure.gravatar.com\\\/avatar\\\/467a11f6918c7d619c4043fc6fa2d3853053107973f05b6e9c04ea6c4e3a7b3f?s=96&d=mm&r=g\",\"url\":\"https:\\\/\\\/secure.gravatar.com\\\/avatar\\\/467a11f6918c7d619c4043fc6fa2d3853053107973f05b6e9c04ea6c4e3a7b3f?s=96&d=mm&r=g\",\"contentUrl\":\"https:\\\/\\\/secure.gravatar.com\\\/avatar\\\/467a11f6918c7d619c4043fc6fa2d3853053107973f05b6e9c04ea6c4e3a7b3f?s=96&d=mm&r=g\",\"caption\":\"Javier Zamora\"},\"url\":\"https:\\\/\\\/radiolitoral.com\\\/ca\\\/author\\\/javier-zamora\\\/\"}]}<\/script>\n<!-- \/ Yoast SEO plugin. -->","yoast_head_json":{"title":"Joel Camarena va guanyar la Volta al CC Portal de la Marina | R\u00e0dio Litoral","description":"En dones Maria Isabel Ferrer va volar aconseguint una gran marca i demostrant ser la m\u00e9s potent del Circuit a Peu Marina AltaEn dones Mar\u00eda Isabel Ferrer va volar aconseguint una gran marca i demostrant ser la m\u00e9s potent del Circuit a Peu Marina Alta","robots":{"index":"index","follow":"follow","max-snippet":"max-snippet:-1","max-image-preview":"max-image-preview:large","max-video-preview":"max-video-preview:-1"},"canonical":"https:\/\/radiolitoral.com\/ca\/2025\/04\/joel-camarena-va-guanyar-la-volta-al-cc-portal-de-la-marina\/","og_locale":"ca_ES","og_type":"article","og_title":"Joel Camarena gan\u00f3 la Volta al CC Portal de la Marina | R\u00e0dio Litoral","og_description":"En mujeres Mar\u00eda Isabel Ferrer vol\u00f3 consiguiendo una gran marca y demostrando ser la m\u00e1s potente del Circuit a Peu Marina AltaEn mujeres Mar\u00eda Isabel Ferrer vol\u00f3 consiguiendo una gran marca y demostrando ser la m\u00e1s potente del Circuit a Peu Marina Alta","og_url":"https:\/\/radiolitoral.com\/ca\/2025\/04\/joel-camarena-va-guanyar-la-volta-al-cc-portal-de-la-marina\/","og_site_name":"R\u00e0dio Litoral","article_publisher":"https:\/\/www.facebook.com\/Laradiolitoral\/","article_published_time":"2025-04-08T08:42:00+00:00","og_image":[{"width":2048,"height":1365,"url":"https:\/\/media.radiolitoral.com\/wp-content\/uploads\/2025\/04\/08104036\/Podio-absoluto-masculino.jpg","type":"image\/jpeg"}],"author":"Javier Zamora","twitter_card":"summary_large_image","twitter_misc":{"Escrit per":"Javier Zamora","Temps estimat de lectura":"3 minuts"},"schema":{"@context":"https:\/\/schema.org","@graph":[{"@type":"NewsArticle","@id":"https:\/\/radiolitoral.com\/2025\/04\/joel-camarena-gano-la-volta-al-cc-portal-de-la-marina\/#article","isPartOf":{"@id":"https:\/\/radiolitoral.com\/2025\/04\/joel-camarena-gano-la-volta-al-cc-portal-de-la-marina\/"},"author":{"name":"Javier Zamora","@id":"https:\/\/radiolitoral.com\/#\/schema\/person\/7b1480b5caeb5acdd4ec6379caf62b22"},"headline":"Joel Camarena gan\u00f3 la Volta al CC Portal de la Marina","datePublished":"2025-04-08T08:42:00+00:00","mainEntityOfPage":{"@id":"https:\/\/radiolitoral.com\/2025\/04\/joel-camarena-gano-la-volta-al-cc-portal-de-la-marina\/"},"wordCount":362,"commentCount":0,"publisher":{"@id":"https:\/\/radiolitoral.com\/#organization"},"image":{"@id":"https:\/\/radiolitoral.com\/2025\/04\/joel-camarena-gano-la-volta-al-cc-portal-de-la-marina\/#primaryimage"},"thumbnailUrl":"https:\/\/media.radiolitoral.com\/wp-content\/uploads\/2025\/04\/08104036\/Podio-absoluto-masculino.jpg","keywords":["Asociaci\u00f3n AMADEM","CA Publidom","CC Portal de La Marina","CE Llebeig X\u00e1bia","Cristina Rosell\u00f3","deportes","Gemma Ann Selby","Joel Camarena","Jos\u00e9 Manuel Garc\u00eda Barrag\u00e1n","Marcos Reina","Mar\u00eda Isabel Ferrer","Volta a Peu D\u00e9nia 2025"],"articleSection":["Deportes"],"inLanguage":"ca","potentialAction":[{"@type":"CommentAction","name":"Comment","target":["https:\/\/radiolitoral.com\/2025\/04\/joel-camarena-gano-la-volta-al-cc-portal-de-la-marina\/#respond"]}]},{"@type":["WebPage","ItemPage"],"@id":"https:\/\/radiolitoral.com\/2025\/04\/joel-camarena-gano-la-volta-al-cc-portal-de-la-marina\/","url":"https:\/\/radiolitoral.com\/2025\/04\/joel-camarena-gano-la-volta-al-cc-portal-de-la-marina\/","name":"Joel Camarena va guanyar la Volta al CC Portal de la Marina | R\u00e0dio Litoral","isPartOf":{"@id":"https:\/\/radiolitoral.com\/#website"},"primaryImageOfPage":{"@id":"https:\/\/radiolitoral.com\/2025\/04\/joel-camarena-gano-la-volta-al-cc-portal-de-la-marina\/#primaryimage"},"image":{"@id":"https:\/\/radiolitoral.com\/2025\/04\/joel-camarena-gano-la-volta-al-cc-portal-de-la-marina\/#primaryimage"},"thumbnailUrl":"https:\/\/media.radiolitoral.com\/wp-content\/uploads\/2025\/04\/08104036\/Podio-absoluto-masculino.jpg","datePublished":"2025-04-08T08:42:00+00:00","description":"En dones Maria Isabel Ferrer va volar aconseguint una gran marca i demostrant ser la m\u00e9s potent del Circuit a Peu Marina AltaEn dones Mar\u00eda Isabel Ferrer va volar aconseguint una gran marca i demostrant ser la m\u00e9s potent del Circuit a Peu Marina Alta","breadcrumb":{"@id":"https:\/\/radiolitoral.com\/2025\/04\/joel-camarena-gano-la-volta-al-cc-portal-de-la-marina\/#breadcrumb"},"inLanguage":"ca","potentialAction":[{"@type":"ReadAction","target":["https:\/\/radiolitoral.com\/2025\/04\/joel-camarena-gano-la-volta-al-cc-portal-de-la-marina\/"]}]},{"@type":"ImageObject","inLanguage":"ca","@id":"https:\/\/radiolitoral.com\/2025\/04\/joel-camarena-gano-la-volta-al-cc-portal-de-la-marina\/#primaryimage","url":"https:\/\/media.radiolitoral.com\/wp-content\/uploads\/2025\/04\/08104036\/Podio-absoluto-masculino.jpg","contentUrl":"https:\/\/media.radiolitoral.com\/wp-content\/uploads\/2025\/04\/08104036\/Podio-absoluto-masculino.jpg","width":2048,"height":1365},{"@type":"BreadcrumbList","@id":"https:\/\/radiolitoral.com\/2025\/04\/joel-camarena-gano-la-volta-al-cc-portal-de-la-marina\/#breadcrumb","itemListElement":[{"@type":"ListItem","position":1,"name":"Portada","item":"https:\/\/radiolitoral.com\/"},{"@type":"ListItem","position":2,"name":"Joel Camarena gan\u00f3 la Volta al CC Portal de la Marina"}]},{"@type":"WebSite","@id":"https:\/\/radiolitoral.com\/#website","url":"https:\/\/radiolitoral.com\/","name":"R\u00e0dio Litoral","description":"La r\u00e0dio local de la Marina Alta","publisher":{"@id":"https:\/\/radiolitoral.com\/#organization"},"alternateName":"Litoral FM","potentialAction":[{"@type":"SearchAction","target":{"@type":"EntryPoint","urlTemplate":"https:\/\/radiolitoral.com\/?s={search_term_string}"},"query-input":{"@type":"PropertyValueSpecification","valueRequired":true,"valueName":"search_term_string"}}],"inLanguage":"ca"},{"@type":"Organization","@id":"https:\/\/radiolitoral.com\/#organization","name":"R\u00e0dio Litoral","url":"https:\/\/radiolitoral.com\/","logo":{"@type":"ImageObject","inLanguage":"ca","@id":"https:\/\/radiolitoral.com\/#\/schema\/logo\/image\/","url":"https:\/\/media.radiolitoral.com\/wp-content\/uploads\/2023\/02\/24143238\/CL-V-RadioLitoral696.png","contentUrl":"https:\/\/media.radiolitoral.com\/wp-content\/uploads\/2023\/02\/24143238\/CL-V-RadioLitoral696.png","width":696,"height":696,"caption":"Radio Litoral"},"image":{"@id":"https:\/\/radiolitoral.com\/#\/schema\/logo\/image\/"},"sameAs":["https:\/\/www.facebook.com\/Laradiolitoral\/"]},{"@type":"Person","@id":"https:\/\/radiolitoral.com\/#\/schema\/person\/7b1480b5caeb5acdd4ec6379caf62b22","name":"Javier Zamora","image":{"@type":"ImageObject","inLanguage":"ca","@id":"https:\/\/secure.gravatar.com\/avatar\/467a11f6918c7d619c4043fc6fa2d3853053107973f05b6e9c04ea6c4e3a7b3f?s=96&d=mm&r=g","url":"https:\/\/secure.gravatar.com\/avatar\/467a11f6918c7d619c4043fc6fa2d3853053107973f05b6e9c04ea6c4e3a7b3f?s=96&d=mm&r=g","contentUrl":"https:\/\/secure.gravatar.com\/avatar\/467a11f6918c7d619c4043fc6fa2d3853053107973f05b6e9c04ea6c4e3a7b3f?s=96&d=mm&r=g","caption":"Javier Zamora"},"url":"https:\/\/radiolitoral.com\/ca\/author\/javier-zamora\/"}]}},"_links":{"self":[{"href":"https:\/\/radiolitoral.com\/ca\/wp-json\/wp\/v2\/posts\/16099","targetHints":{"allow":["GET"]}}],"collection":[{"href":"https:\/\/radiolitoral.com\/ca\/wp-json\/wp\/v2\/posts"}],"about":[{"href":"https:\/\/radiolitoral.com\/ca\/wp-json\/wp\/v2\/types\/post"}],"author":[{"embeddable":true,"href":"https:\/\/radiolitoral.com\/ca\/wp-json\/wp\/v2\/users\/12"}],"replies":[{"embeddable":true,"href":"https:\/\/radiolitoral.com\/ca\/wp-json\/wp\/v2\/comments?post=16099"}],"version-history":[{"count":1,"href":"https:\/\/radiolitoral.com\/ca\/wp-json\/wp\/v2\/posts\/16099\/revisions"}],"predecessor-version":[{"id":16106,"href":"https:\/\/radiolitoral.com\/ca\/wp-json\/wp\/v2\/posts\/16099\/revisions\/16106"}],"wp:featuredmedia":[{"embeddable":true,"href":"https:\/\/radiolitoral.com\/ca\/wp-json\/wp\/v2\/media\/16102"}],"wp:attachment":[{"href":"https:\/\/radiolitoral.com\/ca\/wp-json\/wp\/v2\/media?parent=16099"}],"wp:term":[{"taxonomy":"category","embeddable":true,"href":"https:\/\/radiolitoral.com\/ca\/wp-json\/wp\/v2\/categories?post=16099"},{"taxonomy":"post_tag","embeddable":true,"href":"https:\/\/radiolitoral.com\/ca\/wp-json\/wp\/v2\/tags?post=16099"}],"curies":[{"name":"wp","href":"https:\/\/api.w.org\/{rel}","templated":true}]}}