{"id":16025,"date":"2025-04-07T09:54:14","date_gmt":"2025-04-07T07:54:14","guid":{"rendered":"https:\/\/radiolitoral.com\/?p=16025"},"modified":"2025-04-07T09:54:14","modified_gmt":"2025-04-07T07:54:14","slug":"el-beniganim-supero-a-la-ut-calp","status":"publish","type":"post","link":"https:\/\/radiolitoral.com\/ca\/2025\/04\/el-beniganim-supero-a-la-ud-calpe\/","title":{"rendered":"El Benig\u00e0nim va superar la UD Calp"},"content":{"rendered":"<p>La <strong>UD Calp<\/strong> va tornar amb una derrota dolorosa del camp del Benig\u00e0nim, en caure per <strong>1-0<\/strong> en una trobada on els de <strong>Lauro Techeira<\/strong> no van aconseguir tenir el control del joc en cap moment. Els locals, ferms en el plantejament defensiu, van impedir que els calpins juguessin c\u00f2modes i van limitar la seva capacitat ofensiva, deixant poques idees per generar perill a l&#039;\u00e0rea rival.<\/p>\n<p>L&#039;\u00fanic gol del partit va arribar quan faltaven 20 minuts per al final, un cop dur per als calpins que van veure com s&#039;escapava la possibilitat de puntuar. A partir d&#039;aquest gol, l&#039;equip local es va encarregar de gestionar el seu avantatge, mentre que la UD Calpe, sense reacci\u00f3, va ser incapa\u00e7 de generar opcions clares de gol per igualar el marcador.<\/p>\n<p>La derrota a Benig\u00e0nim complica la situaci\u00f3 de l&#039;equip calp\u00ed, que ha d&#039;estr\u00e8nyer les dents a les jornades que resten de la temporada per evitar caure a la zona de perill i mantenir la tranquil\u00b7litat en la lluita per la perman\u00e8ncia. Els nervis comencen a aflorar a la plantilla, i ara ser\u00e0 crucial recuperar l&#039;equilibri i la intensitat per afrontar amb garanties les darreres dates de la lliga.<\/p>\n<p><script src=\"chrome-extension:\/\/flbolonkboilcbnohjlchlfgdalomdpl\/iFrame.js\" type=\"text\/javascript\"><\/script><\/p>","protected":false},"excerpt":{"rendered":"<p>La UD Calpe regres\u00f3 con una derrota dolorosa del campo del Benig\u00e0nim, al caer por 1-0 en un encuentro donde los de Lauro Techeira no lograron tener el control del juego en ning\u00fan momento. Los locales, firmes en su planteamiento defensivo, impidieron que los calpinos jugaran c\u00f3modos y limitaron su capacidad ofensiva, dejando pocas ideas [&#8230;]<\/p>\n<p><a class=\"btn btn-secondary understrap-read-more-link\" href=\"https:\/\/radiolitoral.com\/ca\/2025\/04\/el-beniganim-supero-a-la-ud-calpe\/\">Continua llegint&#8230;<span class=\"screen-reader-text\"> from El Benig\u00e0nim super\u00f3 a la UD Calpe<\/span><\/a><\/p>\n","protected":false},"author":12,"featured_media":16026,"comment_status":"open","ping_status":"closed","sticky":false,"template":"","format":"standard","meta":{"_acf_changed":false,"inline_featured_image":false,"footnotes":""},"categories":[5],"tags":[1584,6,892],"class_list":["post-16025","post","type-post","status-publish","format-standard","has-post-thumbnail","hentry","category-deportes","tag-beniganim-cf","tag-deportes","tag-lauro-techeira","cobertura-calp"],"acf":[],"yoast_head":"<!-- This site is optimized with the Yoast SEO plugin v27.5 - https:\/\/yoast.com\/product\/yoast-seo-wordpress\/ -->\n<title>El Benig\u00e0nim super\u00f3 a la UD Calpe | R\u00e0dio Litoral<\/title>\n<meta name=\"description\" content=\"Los calpinos perdieron por 1 a 0 ante un rival motivado en un partido donde su actuaci\u00f3n no fue buenaLos calpinos perdieron por 1 a 0 ante un rival motivado en un partido donde su actuaci\u00f3n no fue buena\" \/>\n<meta name=\"robots\" content=\"index, follow, max-snippet:-1, max-image-preview:large, max-video-preview:-1\" \/>\n<link rel=\"canonical\" href=\"https:\/\/radiolitoral.com\/ca\/2025\/04\/el-beniganim-supero-a-la-ut-calp\/\" \/>\n<meta property=\"og:locale\" content=\"ca_ES\" \/>\n<meta property=\"og:type\" content=\"article\" \/>\n<meta property=\"og:title\" content=\"El Benig\u00e0nim super\u00f3 a la UD Calpe | R\u00e0dio Litoral\" \/>\n<meta property=\"og:description\" content=\"Los calpinos perdieron por 1 a 0 ante un rival motivado en un partido donde su actuaci\u00f3n no fue buenaLos calpinos perdieron por 1 a 0 ante un rival motivado en un partido donde su actuaci\u00f3n no fue buena\" \/>\n<meta property=\"og:url\" content=\"https:\/\/radiolitoral.com\/ca\/2025\/04\/el-beniganim-supero-a-la-ut-calp\/\" \/>\n<meta property=\"og:site_name\" content=\"R\u00e0dio Litoral\" \/>\n<meta property=\"article:publisher\" content=\"https:\/\/www.facebook.com\/Laradiolitoral\/\" \/>\n<meta property=\"article:published_time\" content=\"2025-04-07T07:54:14+00:00\" \/>\n<meta property=\"og:image\" content=\"https:\/\/media.radiolitoral.com\/wp-content\/uploads\/2025\/04\/07095339\/DSC_1186-scaled.jpg\" \/>\n\t<meta property=\"og:image:width\" content=\"2560\" \/>\n\t<meta property=\"og:image:height\" content=\"1707\" \/>\n\t<meta property=\"og:image:type\" content=\"image\/jpeg\" \/>\n<meta name=\"author\" content=\"Javier Zamora\" \/>\n<meta name=\"twitter:card\" content=\"summary_large_image\" \/>\n<meta name=\"twitter:label1\" content=\"Escrit per\" \/>\n\t<meta name=\"twitter:data1\" content=\"Javier Zamora\" \/>\n\t<meta name=\"twitter:label2\" content=\"Temps estimat de lectura\" \/>\n\t<meta name=\"twitter:data2\" content=\"2 minuts\" \/>\n<script type=\"application\/ld+json\" class=\"yoast-schema-graph\">{\"@context\":\"https:\\\/\\\/schema.org\",\"@graph\":[{\"@type\":\"NewsArticle\",\"@id\":\"https:\\\/\\\/radiolitoral.com\\\/2025\\\/04\\\/el-beniganim-supero-a-la-ud-calpe\\\/#article\",\"isPartOf\":{\"@id\":\"https:\\\/\\\/radiolitoral.com\\\/2025\\\/04\\\/el-beniganim-supero-a-la-ud-calpe\\\/\"},\"author\":{\"name\":\"Javier Zamora\",\"@id\":\"https:\\\/\\\/radiolitoral.com\\\/#\\\/schema\\\/person\\\/7b1480b5caeb5acdd4ec6379caf62b22\"},\"headline\":\"El Benig\u00e0nim super\u00f3 a la UD Calpe\",\"datePublished\":\"2025-04-07T07:54:14+00:00\",\"mainEntityOfPage\":{\"@id\":\"https:\\\/\\\/radiolitoral.com\\\/2025\\\/04\\\/el-beniganim-supero-a-la-ud-calpe\\\/\"},\"wordCount\":208,\"commentCount\":0,\"publisher\":{\"@id\":\"https:\\\/\\\/radiolitoral.com\\\/#organization\"},\"image\":{\"@id\":\"https:\\\/\\\/radiolitoral.com\\\/2025\\\/04\\\/el-beniganim-supero-a-la-ud-calpe\\\/#primaryimage\"},\"thumbnailUrl\":\"https:\\\/\\\/media.radiolitoral.com\\\/wp-content\\\/uploads\\\/2025\\\/04\\\/07095339\\\/DSC_1186-scaled.jpg\",\"keywords\":[\"Beniganim\u00a0CF\",\"deportes\",\"Lauro Techeira\"],\"articleSection\":[\"Deportes\"],\"inLanguage\":\"ca\",\"potentialAction\":[{\"@type\":\"CommentAction\",\"name\":\"Comment\",\"target\":[\"https:\\\/\\\/radiolitoral.com\\\/2025\\\/04\\\/el-beniganim-supero-a-la-ud-calpe\\\/#respond\"]}]},{\"@type\":[\"WebPage\",\"ItemPage\"],\"@id\":\"https:\\\/\\\/radiolitoral.com\\\/2025\\\/04\\\/el-beniganim-supero-a-la-ud-calpe\\\/\",\"url\":\"https:\\\/\\\/radiolitoral.com\\\/2025\\\/04\\\/el-beniganim-supero-a-la-ud-calpe\\\/\",\"name\":\"El Benig\u00e0nim super\u00f3 a la UD Calpe | R\u00e0dio Litoral\",\"isPartOf\":{\"@id\":\"https:\\\/\\\/radiolitoral.com\\\/#website\"},\"primaryImageOfPage\":{\"@id\":\"https:\\\/\\\/radiolitoral.com\\\/2025\\\/04\\\/el-beniganim-supero-a-la-ud-calpe\\\/#primaryimage\"},\"image\":{\"@id\":\"https:\\\/\\\/radiolitoral.com\\\/2025\\\/04\\\/el-beniganim-supero-a-la-ud-calpe\\\/#primaryimage\"},\"thumbnailUrl\":\"https:\\\/\\\/media.radiolitoral.com\\\/wp-content\\\/uploads\\\/2025\\\/04\\\/07095339\\\/DSC_1186-scaled.jpg\",\"datePublished\":\"2025-04-07T07:54:14+00:00\",\"description\":\"Los calpinos perdieron por 1 a 0 ante un rival motivado en un partido donde su actuaci\u00f3n no fue buenaLos calpinos perdieron por 1 a 0 ante un rival motivado en un partido donde su actuaci\u00f3n no fue buena\",\"breadcrumb\":{\"@id\":\"https:\\\/\\\/radiolitoral.com\\\/2025\\\/04\\\/el-beniganim-supero-a-la-ud-calpe\\\/#breadcrumb\"},\"inLanguage\":\"ca\",\"potentialAction\":[{\"@type\":\"ReadAction\",\"target\":[\"https:\\\/\\\/radiolitoral.com\\\/2025\\\/04\\\/el-beniganim-supero-a-la-ud-calpe\\\/\"]}]},{\"@type\":\"ImageObject\",\"inLanguage\":\"ca\",\"@id\":\"https:\\\/\\\/radiolitoral.com\\\/2025\\\/04\\\/el-beniganim-supero-a-la-ud-calpe\\\/#primaryimage\",\"url\":\"https:\\\/\\\/media.radiolitoral.com\\\/wp-content\\\/uploads\\\/2025\\\/04\\\/07095339\\\/DSC_1186-scaled.jpg\",\"contentUrl\":\"https:\\\/\\\/media.radiolitoral.com\\\/wp-content\\\/uploads\\\/2025\\\/04\\\/07095339\\\/DSC_1186-scaled.jpg\",\"width\":2560,\"height\":1707},{\"@type\":\"BreadcrumbList\",\"@id\":\"https:\\\/\\\/radiolitoral.com\\\/2025\\\/04\\\/el-beniganim-supero-a-la-ud-calpe\\\/#breadcrumb\",\"itemListElement\":[{\"@type\":\"ListItem\",\"position\":1,\"name\":\"Portada\",\"item\":\"https:\\\/\\\/radiolitoral.com\\\/\"},{\"@type\":\"ListItem\",\"position\":2,\"name\":\"El Benig\u00e0nim super\u00f3 a la UD Calpe\"}]},{\"@type\":\"WebSite\",\"@id\":\"https:\\\/\\\/radiolitoral.com\\\/#website\",\"url\":\"https:\\\/\\\/radiolitoral.com\\\/\",\"name\":\"Radio Litoral\",\"description\":\"La radio local de la Marina Alta\",\"publisher\":{\"@id\":\"https:\\\/\\\/radiolitoral.com\\\/#organization\"},\"alternateName\":\"Litoral FM\",\"potentialAction\":[{\"@type\":\"SearchAction\",\"target\":{\"@type\":\"EntryPoint\",\"urlTemplate\":\"https:\\\/\\\/radiolitoral.com\\\/?s={search_term_string}\"},\"query-input\":{\"@type\":\"PropertyValueSpecification\",\"valueRequired\":true,\"valueName\":\"search_term_string\"}}],\"inLanguage\":\"ca\"},{\"@type\":\"Organization\",\"@id\":\"https:\\\/\\\/radiolitoral.com\\\/#organization\",\"name\":\"Radio Litoral\",\"url\":\"https:\\\/\\\/radiolitoral.com\\\/\",\"logo\":{\"@type\":\"ImageObject\",\"inLanguage\":\"ca\",\"@id\":\"https:\\\/\\\/radiolitoral.com\\\/#\\\/schema\\\/logo\\\/image\\\/\",\"url\":\"https:\\\/\\\/media.radiolitoral.com\\\/wp-content\\\/uploads\\\/2023\\\/02\\\/24143238\\\/CL-V-RadioLitoral696.png\",\"contentUrl\":\"https:\\\/\\\/media.radiolitoral.com\\\/wp-content\\\/uploads\\\/2023\\\/02\\\/24143238\\\/CL-V-RadioLitoral696.png\",\"width\":696,\"height\":696,\"caption\":\"Radio Litoral\"},\"image\":{\"@id\":\"https:\\\/\\\/radiolitoral.com\\\/#\\\/schema\\\/logo\\\/image\\\/\"},\"sameAs\":[\"https:\\\/\\\/www.facebook.com\\\/Laradiolitoral\\\/\"]},{\"@type\":\"Person\",\"@id\":\"https:\\\/\\\/radiolitoral.com\\\/#\\\/schema\\\/person\\\/7b1480b5caeb5acdd4ec6379caf62b22\",\"name\":\"Javier Zamora\",\"image\":{\"@type\":\"ImageObject\",\"inLanguage\":\"ca\",\"@id\":\"https:\\\/\\\/secure.gravatar.com\\\/avatar\\\/467a11f6918c7d619c4043fc6fa2d3853053107973f05b6e9c04ea6c4e3a7b3f?s=96&d=mm&r=g\",\"url\":\"https:\\\/\\\/secure.gravatar.com\\\/avatar\\\/467a11f6918c7d619c4043fc6fa2d3853053107973f05b6e9c04ea6c4e3a7b3f?s=96&d=mm&r=g\",\"contentUrl\":\"https:\\\/\\\/secure.gravatar.com\\\/avatar\\\/467a11f6918c7d619c4043fc6fa2d3853053107973f05b6e9c04ea6c4e3a7b3f?s=96&d=mm&r=g\",\"caption\":\"Javier Zamora\"},\"url\":\"https:\\\/\\\/radiolitoral.com\\\/ca\\\/author\\\/javier-zamora\\\/\"}]}<\/script>\n<!-- \/ Yoast SEO plugin. -->","yoast_head_json":{"title":"El Benig\u00e0nim va superar la UD Calp | R\u00e0dio Litoral","description":"Els calpins van perdre per 1 a 0 davant un rival motivat en un partit on la seva actuaci\u00f3 no va ser bona Els calpins van perdre per 1 a 0 davant un rival motivat en un partit on la seva actuaci\u00f3 no va ser bona","robots":{"index":"index","follow":"follow","max-snippet":"max-snippet:-1","max-image-preview":"max-image-preview:large","max-video-preview":"max-video-preview:-1"},"canonical":"https:\/\/radiolitoral.com\/ca\/2025\/04\/el-beniganim-supero-a-la-ut-calp\/","og_locale":"ca_ES","og_type":"article","og_title":"El Benig\u00e0nim super\u00f3 a la UD Calpe | R\u00e0dio Litoral","og_description":"Los calpinos perdieron por 1 a 0 ante un rival motivado en un partido donde su actuaci\u00f3n no fue buenaLos calpinos perdieron por 1 a 0 ante un rival motivado en un partido donde su actuaci\u00f3n no fue buena","og_url":"https:\/\/radiolitoral.com\/ca\/2025\/04\/el-beniganim-supero-a-la-ut-calp\/","og_site_name":"R\u00e0dio Litoral","article_publisher":"https:\/\/www.facebook.com\/Laradiolitoral\/","article_published_time":"2025-04-07T07:54:14+00:00","og_image":[{"width":2560,"height":1707,"url":"https:\/\/media.radiolitoral.com\/wp-content\/uploads\/2025\/04\/07095339\/DSC_1186-scaled.jpg","type":"image\/jpeg"}],"author":"Javier Zamora","twitter_card":"summary_large_image","twitter_misc":{"Escrit per":"Javier Zamora","Temps estimat de lectura":"2 minuts"},"schema":{"@context":"https:\/\/schema.org","@graph":[{"@type":"NewsArticle","@id":"https:\/\/radiolitoral.com\/2025\/04\/el-beniganim-supero-a-la-ud-calpe\/#article","isPartOf":{"@id":"https:\/\/radiolitoral.com\/2025\/04\/el-beniganim-supero-a-la-ud-calpe\/"},"author":{"name":"Javier Zamora","@id":"https:\/\/radiolitoral.com\/#\/schema\/person\/7b1480b5caeb5acdd4ec6379caf62b22"},"headline":"El Benig\u00e0nim super\u00f3 a la UD Calpe","datePublished":"2025-04-07T07:54:14+00:00","mainEntityOfPage":{"@id":"https:\/\/radiolitoral.com\/2025\/04\/el-beniganim-supero-a-la-ud-calpe\/"},"wordCount":208,"commentCount":0,"publisher":{"@id":"https:\/\/radiolitoral.com\/#organization"},"image":{"@id":"https:\/\/radiolitoral.com\/2025\/04\/el-beniganim-supero-a-la-ud-calpe\/#primaryimage"},"thumbnailUrl":"https:\/\/media.radiolitoral.com\/wp-content\/uploads\/2025\/04\/07095339\/DSC_1186-scaled.jpg","keywords":["Beniganim\u00a0CF","deportes","Lauro Techeira"],"articleSection":["Deportes"],"inLanguage":"ca","potentialAction":[{"@type":"CommentAction","name":"Comment","target":["https:\/\/radiolitoral.com\/2025\/04\/el-beniganim-supero-a-la-ud-calpe\/#respond"]}]},{"@type":["WebPage","ItemPage"],"@id":"https:\/\/radiolitoral.com\/2025\/04\/el-beniganim-supero-a-la-ud-calpe\/","url":"https:\/\/radiolitoral.com\/2025\/04\/el-beniganim-supero-a-la-ud-calpe\/","name":"El Benig\u00e0nim va superar la UD Calp | R\u00e0dio Litoral","isPartOf":{"@id":"https:\/\/radiolitoral.com\/#website"},"primaryImageOfPage":{"@id":"https:\/\/radiolitoral.com\/2025\/04\/el-beniganim-supero-a-la-ud-calpe\/#primaryimage"},"image":{"@id":"https:\/\/radiolitoral.com\/2025\/04\/el-beniganim-supero-a-la-ud-calpe\/#primaryimage"},"thumbnailUrl":"https:\/\/media.radiolitoral.com\/wp-content\/uploads\/2025\/04\/07095339\/DSC_1186-scaled.jpg","datePublished":"2025-04-07T07:54:14+00:00","description":"Els calpins van perdre per 1 a 0 davant un rival motivat en un partit on la seva actuaci\u00f3 no va ser bona Els calpins van perdre per 1 a 0 davant un rival motivat en un partit on la seva actuaci\u00f3 no va ser bona","breadcrumb":{"@id":"https:\/\/radiolitoral.com\/2025\/04\/el-beniganim-supero-a-la-ud-calpe\/#breadcrumb"},"inLanguage":"ca","potentialAction":[{"@type":"ReadAction","target":["https:\/\/radiolitoral.com\/2025\/04\/el-beniganim-supero-a-la-ud-calpe\/"]}]},{"@type":"ImageObject","inLanguage":"ca","@id":"https:\/\/radiolitoral.com\/2025\/04\/el-beniganim-supero-a-la-ud-calpe\/#primaryimage","url":"https:\/\/media.radiolitoral.com\/wp-content\/uploads\/2025\/04\/07095339\/DSC_1186-scaled.jpg","contentUrl":"https:\/\/media.radiolitoral.com\/wp-content\/uploads\/2025\/04\/07095339\/DSC_1186-scaled.jpg","width":2560,"height":1707},{"@type":"BreadcrumbList","@id":"https:\/\/radiolitoral.com\/2025\/04\/el-beniganim-supero-a-la-ud-calpe\/#breadcrumb","itemListElement":[{"@type":"ListItem","position":1,"name":"Portada","item":"https:\/\/radiolitoral.com\/"},{"@type":"ListItem","position":2,"name":"El Benig\u00e0nim super\u00f3 a la UD Calpe"}]},{"@type":"WebSite","@id":"https:\/\/radiolitoral.com\/#website","url":"https:\/\/radiolitoral.com\/","name":"R\u00e0dio Litoral","description":"La r\u00e0dio local de la Marina Alta","publisher":{"@id":"https:\/\/radiolitoral.com\/#organization"},"alternateName":"Litoral FM","potentialAction":[{"@type":"SearchAction","target":{"@type":"EntryPoint","urlTemplate":"https:\/\/radiolitoral.com\/?s={search_term_string}"},"query-input":{"@type":"PropertyValueSpecification","valueRequired":true,"valueName":"search_term_string"}}],"inLanguage":"ca"},{"@type":"Organization","@id":"https:\/\/radiolitoral.com\/#organization","name":"R\u00e0dio Litoral","url":"https:\/\/radiolitoral.com\/","logo":{"@type":"ImageObject","inLanguage":"ca","@id":"https:\/\/radiolitoral.com\/#\/schema\/logo\/image\/","url":"https:\/\/media.radiolitoral.com\/wp-content\/uploads\/2023\/02\/24143238\/CL-V-RadioLitoral696.png","contentUrl":"https:\/\/media.radiolitoral.com\/wp-content\/uploads\/2023\/02\/24143238\/CL-V-RadioLitoral696.png","width":696,"height":696,"caption":"Radio Litoral"},"image":{"@id":"https:\/\/radiolitoral.com\/#\/schema\/logo\/image\/"},"sameAs":["https:\/\/www.facebook.com\/Laradiolitoral\/"]},{"@type":"Person","@id":"https:\/\/radiolitoral.com\/#\/schema\/person\/7b1480b5caeb5acdd4ec6379caf62b22","name":"Javier Zamora","image":{"@type":"ImageObject","inLanguage":"ca","@id":"https:\/\/secure.gravatar.com\/avatar\/467a11f6918c7d619c4043fc6fa2d3853053107973f05b6e9c04ea6c4e3a7b3f?s=96&d=mm&r=g","url":"https:\/\/secure.gravatar.com\/avatar\/467a11f6918c7d619c4043fc6fa2d3853053107973f05b6e9c04ea6c4e3a7b3f?s=96&d=mm&r=g","contentUrl":"https:\/\/secure.gravatar.com\/avatar\/467a11f6918c7d619c4043fc6fa2d3853053107973f05b6e9c04ea6c4e3a7b3f?s=96&d=mm&r=g","caption":"Javier Zamora"},"url":"https:\/\/radiolitoral.com\/ca\/author\/javier-zamora\/"}]}},"_links":{"self":[{"href":"https:\/\/radiolitoral.com\/ca\/wp-json\/wp\/v2\/posts\/16025","targetHints":{"allow":["GET"]}}],"collection":[{"href":"https:\/\/radiolitoral.com\/ca\/wp-json\/wp\/v2\/posts"}],"about":[{"href":"https:\/\/radiolitoral.com\/ca\/wp-json\/wp\/v2\/types\/post"}],"author":[{"embeddable":true,"href":"https:\/\/radiolitoral.com\/ca\/wp-json\/wp\/v2\/users\/12"}],"replies":[{"embeddable":true,"href":"https:\/\/radiolitoral.com\/ca\/wp-json\/wp\/v2\/comments?post=16025"}],"version-history":[{"count":2,"href":"https:\/\/radiolitoral.com\/ca\/wp-json\/wp\/v2\/posts\/16025\/revisions"}],"predecessor-version":[{"id":16028,"href":"https:\/\/radiolitoral.com\/ca\/wp-json\/wp\/v2\/posts\/16025\/revisions\/16028"}],"wp:featuredmedia":[{"embeddable":true,"href":"https:\/\/radiolitoral.com\/ca\/wp-json\/wp\/v2\/media\/16026"}],"wp:attachment":[{"href":"https:\/\/radiolitoral.com\/ca\/wp-json\/wp\/v2\/media?parent=16025"}],"wp:term":[{"taxonomy":"category","embeddable":true,"href":"https:\/\/radiolitoral.com\/ca\/wp-json\/wp\/v2\/categories?post=16025"},{"taxonomy":"post_tag","embeddable":true,"href":"https:\/\/radiolitoral.com\/ca\/wp-json\/wp\/v2\/tags?post=16025"}],"curies":[{"name":"wp","href":"https:\/\/api.w.org\/{rel}","templated":true}]}}