{"id":15996,"date":"2025-04-05T09:33:36","date_gmt":"2025-04-05T07:33:36","guid":{"rendered":"https:\/\/radiolitoral.com\/?p=15996"},"modified":"2025-04-05T09:33:36","modified_gmt":"2025-04-05T07:33:36","slug":"excel%c2%b7lents-resultats-del-cg-les-marines-calp","status":"publish","type":"post","link":"https:\/\/radiolitoral.com\/ca\/2025\/04\/excelentes-resultados-del-cg-les-marines-calpe\/","title":{"rendered":"Excel\u00b7lents resultats del CG Les Marines Calpe"},"content":{"rendered":"<div class=\"@thread-xl\/thread:pt-header-height mt-1.5 flex flex-col text-sm\">\n<article class=\"text-token-text-primary w-full\" dir=\"auto\" data-testid=\"conversation-turn-34\" data-scroll-anchor=\"false\">\n<div class=\"text-base my-auto mx-auto py-5 px-6\">\n<div class=\"mx-auto flex flex-1 text-base gap-4 md:gap-5 lg:gap-6 md:max-w-3xl lg:max-w-[40rem] xl:max-w-[48rem] group\/turn-messages focus-visible:outline-hidden\" tabindex=\"-1\">\n<div class=\"group\/conversation-turn relative flex w-full min-w-0 flex-col agent-turn @xs\/thread:px-0 @sm\/thread:px-1.5 @md\/thread:px-4\">\n<div class=\"relative flex-col gap-1 md:gap-3\">\n<div class=\"flex max-w-full flex-col grow\">\n<div class=\"min-h-8 text-message relative flex w-full flex-col items-end gap-2 text-start break-words whitespace-normal [.text-message+&amp;]:mt-5\" dir=\"auto\" data-message-author-role=\"assistant\" data-message-id=\"283d812b-9af6-4fbe-a574-d0dccbc482cc\" data-message-model-slug=\"gpt-4o-mini\">\n<div class=\"flex w-full flex-col gap-1 empty:hidden first:pt-[3px]\">\n<div class=\"markdown prose dark:prose-invert w-full break-words light\">\n<p class=\"\" data-start=\"284\" data-end=\"785\">El pasado fin de semana fue un evento de gran importancia para el <strong data-start=\"345\" data-end=\"365\">CG Les Marines Calpe<\/strong>, que particip\u00f3 en dos citas clave del calendario gimn\u00e1stico: la <strong data-start=\"430\" data-end=\"448\">liga Iberdrola<\/strong> en <strong data-start=\"452\" data-end=\"471\">Arganda del Rey<\/strong> el viernes y el <strong data-start=\"488\" data-end=\"525\">Provincial de Conjuntos Copa Base<\/strong> en <strong data-start=\"529\" data-end=\"540\">Sagunto<\/strong> el s\u00e1bado. Las gimnastas de Les Marines lograron destacarse en ambas competiciones, con <strong data-start=\"629\" data-end=\"650\">Katya Trukhacheva<\/strong> logrando la medalla de plata en la liga Iberdrola, y tres medallas para los conjuntos en el provincial, un oro, una plata y un bronce.<\/p>\n<h4 data-start=\"284\" data-end=\"785\"><strong data-start=\"787\" data-end=\"883\">Gran debut de Sophie O&#8217;Reilly y medalla de plata para Katya Trukhacheva en la Liga Iberdrola<\/strong><\/h4>\n<p class=\"\" data-start=\"284\" data-end=\"785\">El viernes comenz\u00f3 con el <strong data-start=\"911\" data-end=\"939\">debut de Sophie O&#8217;Reilly<\/strong> en la <strong data-start=\"946\" data-end=\"964\">liga Iberdrola<\/strong>. Sophie realiz\u00f3 un impresionante ejercicio de manos libres, lo que permiti\u00f3 al club calpino\u00a0sumar los primeros puntos en la competici\u00f3n. Posteriormente, <strong data-start=\"1120\" data-end=\"1141\">Katya Trukhacheva<\/strong> fue la siguiente en competir, destacando con su ejecuci\u00f3n en los ejercicios de cuerda, aro y pelota. Fue en el ejercicio de pelota donde Katya alcanz\u00f3 la <strong data-start=\"1296\" data-end=\"1316\">medalla de plata<\/strong>, subiendo al podio como subcampeona de su categor\u00eda.<\/p>\n<p class=\"\" data-start=\"1372\" data-end=\"1748\">Adem\u00e1s, <strong data-start=\"1380\" data-end=\"1396\">Marta Alacid<\/strong>, gimnasta cedida por el <strong>Club Kayma<\/strong>, destac\u00f3 con una <strong data-start=\"1453\" data-end=\"1472\">quinta posici\u00f3n<\/strong> en mazas, completando una gran actuaci\u00f3n en sus ejercicios. Gracias al esfuerzo de todas las gimnastas, <strong>CG<\/strong> <strong data-start=\"1577\" data-end=\"1592\">Les Marines<\/strong> termin\u00f3 en una destacada <strong data-start=\"1618\" data-end=\"1638\">s\u00e9ptima posici\u00f3n<\/strong> en esta primera fase, lo que les permite encarar la segunda fase del campeonato con <strong data-start=\"1723\" data-end=\"1747\">grandes expectativas<\/strong>.<\/p>\n<h4 data-start=\"1372\" data-end=\"1748\"><strong data-start=\"1750\" data-end=\"1830\">Resultados sobresalientes en el Provincial de Conjuntos Copa Base en Sagunto<\/strong><\/h4>\n<p class=\"\" data-start=\"1372\" data-end=\"1748\">El s\u00e1bado, los conjuntos <strong data-start=\"1857\" data-end=\"1872\">prebenjam\u00edn<\/strong>, <strong data-start=\"1874\" data-end=\"1886\">benjam\u00edn<\/strong> e <strong data-start=\"1889\" data-end=\"1901\">infantil<\/strong> se enfrentaron a la dura tarea de clasificarse para el <strong data-start=\"1957\" data-end=\"1982\">campeonato auton\u00f3mico<\/strong>. Las <strong data-start=\"1988\" data-end=\"2002\">infantiles<\/strong>, con <strong data-start=\"2008\" data-end=\"2027\">Sophie O&#8217;Reilly<\/strong>, <strong data-start=\"2029\" data-end=\"2049\">Paulina Koeberle<\/strong>, <strong data-start=\"2051\" data-end=\"2070\">Mandana Jankouk<\/strong>, <strong data-start=\"2072\" data-end=\"2091\">Anastasia Devko<\/strong> y <strong data-start=\"2094\" data-end=\"2110\">Sof\u00eda Bacanu<\/strong>, demostraron gran nivel y a pesar de algunos fallos, se coronaron <strong data-start=\"2177\" data-end=\"2206\">subcampeonas provinciales<\/strong>, con un ejercicio de alto nivel y dificultad.<\/p>\n<p class=\"\" data-start=\"2254\" data-end=\"2499\">El conjunto <strong data-start=\"2266\" data-end=\"2278\">benjam\u00edn<\/strong> formado por <strong data-start=\"2291\" data-end=\"2310\">Isabella Guzm\u00e1n<\/strong>, <strong data-start=\"2312\" data-end=\"2328\">Sara S\u00e1nchez<\/strong>, <strong data-start=\"2330\" data-end=\"2344\">Anna Devko<\/strong>, <strong data-start=\"2346\" data-end=\"2362\">Ainara Mille<\/strong> y <strong data-start=\"2365\" data-end=\"2386\">Milana Leporskaia<\/strong> realiz\u00f3 una brillante actuaci\u00f3n, llev\u00e1ndose el<strong data-start=\"2435\" data-end=\"2456\"> oro provincial<\/strong> y asegurando su pase a la fase auton\u00f3mica.<\/p>\n<p class=\"\" data-start=\"2501\" data-end=\"2780\">Por su parte, el conjunto <strong data-start=\"2527\" data-end=\"2542\">prebenjam\u00edn<\/strong>, compuesto por <strong data-start=\"2558\" data-end=\"2572\">Emma Soria<\/strong>, <strong data-start=\"2574\" data-end=\"2592\">Luc\u00eda Espinosa<\/strong>, <strong data-start=\"2594\" data-end=\"2611\">Lamar Lahniki<\/strong>, <strong data-start=\"2613\" data-end=\"2633\">Rebecca Alagarda<\/strong> y <strong data-start=\"2636\" data-end=\"2654\">Valentina Roig<\/strong>, consigui\u00f3 una gran actuaci\u00f3n que les permiti\u00f3 hacerse con el <strong data-start=\"2721\" data-end=\"2742\">bronce provincial<\/strong> y asegurar su plaza en el auton\u00f3mico.<\/p>\n<figure id=\"attachment_15997\" aria-describedby=\"caption-attachment-15997\" style=\"width: 1512px\" class=\"wp-caption alignnone\"><img loading=\"lazy\" decoding=\"async\" class=\"wp-image-15997 size-full\" src=\"https:\/\/media.radiolitoral.com\/wp-content\/uploads\/2025\/04\/04170546\/IMG-20250404-WA0050.jpg\" alt=\"\" width=\"1512\" height=\"1167\" srcset=\"https:\/\/media.radiolitoral.com\/wp-content\/uploads\/2025\/04\/04170546\/IMG-20250404-WA0050.jpg 1512w, https:\/\/media.radiolitoral.com\/wp-content\/uploads\/2025\/04\/04170546\/IMG-20250404-WA0050-300x232.jpg 300w, https:\/\/media.radiolitoral.com\/wp-content\/uploads\/2025\/04\/04170546\/IMG-20250404-WA0050-1024x790.jpg 1024w, https:\/\/media.radiolitoral.com\/wp-content\/uploads\/2025\/04\/04170546\/IMG-20250404-WA0050-768x593.jpg 768w, https:\/\/media.radiolitoral.com\/wp-content\/uploads\/2025\/04\/04170546\/IMG-20250404-WA0050-16x12.jpg 16w, https:\/\/media.radiolitoral.com\/wp-content\/uploads\/2025\/04\/04170546\/IMG-20250404-WA0050-1000x772.jpg 1000w, https:\/\/media.radiolitoral.com\/wp-content\/uploads\/2025\/04\/04170546\/IMG-20250404-WA0050-100x77.jpg 100w, https:\/\/media.radiolitoral.com\/wp-content\/uploads\/2025\/04\/04170546\/IMG-20250404-WA0050-200x154.jpg 200w\" sizes=\"auto, (max-width: 1512px) 100vw, 1512px\" \/><figcaption id=\"caption-attachment-15997\" class=\"wp-caption-text\">Gimnastas y entrenadoras del CG Les Marines |CG Les Marines<\/figcaption><\/figure>\n<h4 data-start=\"2782\" data-end=\"2829\"><strong data-start=\"2782\" data-end=\"2829\">Preparados para el auton\u00f3mico y el nacional<\/strong><\/h4>\n<p class=\"\" data-start=\"2782\" data-end=\"2829\">Con estos <strong data-start=\"2841\" data-end=\"2863\">grandes resultados<\/strong>, los tres conjuntos del CG Les Marines se clasifican para la fase auton\u00f3mica que se celebrar\u00e1 el pr\u00f3ximo fin de semana, donde luchar\u00e1n por uno de los cinco puestos disponibles en cada categor\u00eda para el campeonato nacional que se celebrar\u00e1 en Granada en mayo.<\/p>\n<p class=\"\" data-start=\"3136\" data-end=\"3462\">El <strong data-start=\"3139\" data-end=\"3159\">CG Les Marines<\/strong> agradece el esfuerzo de t\u00e9cnicos, gimnastas y padres que han contribuido al \u00e9xito de este fin de semana tan intenso.<\/p>\n<\/div>\n<\/div>\n<\/div>\n<\/div>\n<div class=\"flex justify-start\">\n<div class=\"touch:-me-2 touch:-ms-3.5 -ms-2.5 -me-1 flex items-center p-1 select-none -mt-1 duration-[1.5s] focus-within:transition-none hover:transition-none pointer-events-none [mask-image:linear-gradient(to_right,black_33%,transparent_66%)] [mask-position:100%_0%] [mask-size:300%_100%] motion-safe:transition-[mask-position] group-hover\/turn-messages:pointer-events-auto group-hover\/turn-messages:[mask-position:0_0] group-focus-within\/turn-messages:pointer-events-auto group-focus-within\/turn-messages:[mask-position:0_0] has-data-[state=open]:pointer-events-auto has-data-[state=open]:[mask-position:0_0]\">\n<div class=\"flex items-center pb-0\"><\/div>\n<\/div>\n<\/div>\n<div class=\"mt-3 w-full empty:hidden\">\n<div class=\"text-center\"><\/div>\n<\/div>\n<\/div>\n<div class=\"absolute\">\n<div class=\"flex items-center justify-center\"><\/div>\n<\/div>\n<\/div>\n<\/div>\n<\/div>\n<\/article>\n<\/div>\n<div class=\"pointer-events-none w-px _threadGutter_1y3t0_22 min-h-[max(var(--gutter-min-height,0px),var(--gutter-remaining-height,0px))] md:[--gutter-min-height:2.25rem] group-data-stream-active\/thread:h-(--thread-end-gutter-active-height)\"><\/div>\n<p><script src=\"chrome-extension:\/\/flbolonkboilcbnohjlchlfgdalomdpl\/iFrame.js\" type=\"text\/javascript\"><\/script><\/p>\n<p><script src=\"chrome-extension:\/\/flbolonkboilcbnohjlchlfgdalomdpl\/iFrame.js\" type=\"text\/javascript\"><\/script><\/p>\n","protected":false},"excerpt":{"rendered":"<p>El pasado fin de semana fue un evento de gran importancia para el CG Les Marines Calpe, que particip\u00f3 en dos citas clave del calendario gimn\u00e1stico: la liga Iberdrola en Arganda del Rey el viernes y el Provincial de Conjuntos Copa Base en Sagunto el s\u00e1bado. Las gimnastas de Les Marines lograron destacarse en ambas [&#8230;]<\/p>\n<p><a class=\"btn btn-secondary understrap-read-more-link\" href=\"https:\/\/radiolitoral.com\/ca\/2025\/04\/excelentes-resultados-del-cg-les-marines-calpe\/\">Continua llegint&#8230;<span class=\"screen-reader-text\"> from Excelentes resultados del CG Les Marines Calpe<\/span><\/a><\/p>\n","protected":false},"author":12,"featured_media":15998,"comment_status":"open","ping_status":"closed","sticky":false,"template":"","format":"standard","meta":{"_acf_changed":false,"inline_featured_image":false,"footnotes":""},"categories":[5],"tags":[1366,3961,3862,4094,4097,6,1364,1365,1323,3963,4095,3962,3960,4096,3864,3959,3964,3863,881,3865,3965],"class_list":["post-15996","post","type-post","status-publish","format-standard","has-post-thumbnail","hentry","category-deportes","tag-ainara-mille","tag-anastasia-devko","tag-anna-devko","tag-cg-les-marines-calpe","tag-club-kayma","tag-deportes","tag-emma-soria","tag-isabella-guzman","tag-katya-trukhacheva","tag-lamar-lahniki","tag-liga-iberdrola","tag-lucia-espinosa","tag-mandana-jankouk","tag-marta-alacid","tag-milana-leporskaia","tag-paulina-koeberle","tag-rebecca-alagarda","tag-sara-sanchez","tag-sofia-bacanu","tag-sophie-oreilly","tag-valentina-roig","cobertura-calp"],"acf":[],"yoast_head":"<!-- This site is optimized with the Yoast SEO plugin v27.5 - https:\/\/yoast.com\/product\/yoast-seo-wordpress\/ -->\n<title>Excelentes resultados del CG Les Marines Calpe | R\u00e0dio Litoral<\/title>\n<meta name=\"description\" content=\"El club calpino consigui\u00f3 una medalla de plata y destac\u00f3 en el Provincial de Conjuntos Copa Base con oro, plata y bronce El club calpino consigui\u00f3 una medalla de plata y destac\u00f3 en el Provincial de Conjuntos Copa Base con oro, plata y bronce\" \/>\n<meta name=\"robots\" content=\"index, follow, max-snippet:-1, max-image-preview:large, max-video-preview:-1\" \/>\n<link rel=\"canonical\" href=\"https:\/\/radiolitoral.com\/ca\/2025\/04\/excel\u00b7lents-resultats-del-cg-les-marines-calp\/\" \/>\n<meta property=\"og:locale\" content=\"ca_ES\" \/>\n<meta property=\"og:type\" content=\"article\" \/>\n<meta property=\"og:title\" content=\"Excelentes resultados del CG Les Marines Calpe | R\u00e0dio Litoral\" \/>\n<meta property=\"og:description\" content=\"El club calpino consigui\u00f3 una medalla de plata y destac\u00f3 en el Provincial de Conjuntos Copa Base con oro, plata y bronce El club calpino consigui\u00f3 una medalla de plata y destac\u00f3 en el Provincial de Conjuntos Copa Base con oro, plata y bronce\" \/>\n<meta property=\"og:url\" content=\"https:\/\/radiolitoral.com\/ca\/2025\/04\/excel\u00b7lents-resultats-del-cg-les-marines-calp\/\" \/>\n<meta property=\"og:site_name\" content=\"R\u00e0dio Litoral\" \/>\n<meta property=\"article:publisher\" content=\"https:\/\/www.facebook.com\/Laradiolitoral\/\" \/>\n<meta property=\"article:published_time\" content=\"2025-04-05T07:33:36+00:00\" \/>\n<meta property=\"og:image\" content=\"https:\/\/media.radiolitoral.com\/wp-content\/uploads\/2025\/04\/04170615\/7cb2dcff-c27e-4b6c-9c32-cd1be59b3cd0.jpg\" \/>\n\t<meta property=\"og:image:width\" content=\"1512\" \/>\n\t<meta property=\"og:image:height\" content=\"908\" \/>\n\t<meta property=\"og:image:type\" content=\"image\/jpeg\" \/>\n<meta name=\"author\" content=\"Javier Zamora\" \/>\n<meta name=\"twitter:card\" content=\"summary_large_image\" \/>\n<meta name=\"twitter:label1\" content=\"Escrit per\" \/>\n\t<meta name=\"twitter:data1\" content=\"Javier Zamora\" \/>\n\t<meta name=\"twitter:label2\" content=\"Temps estimat de lectura\" \/>\n\t<meta name=\"twitter:data2\" content=\"3 minuts\" \/>\n<script type=\"application\/ld+json\" class=\"yoast-schema-graph\">{\"@context\":\"https:\\\/\\\/schema.org\",\"@graph\":[{\"@type\":\"NewsArticle\",\"@id\":\"https:\\\/\\\/radiolitoral.com\\\/2025\\\/04\\\/excelentes-resultados-del-cg-les-marines-calpe\\\/#article\",\"isPartOf\":{\"@id\":\"https:\\\/\\\/radiolitoral.com\\\/2025\\\/04\\\/excelentes-resultados-del-cg-les-marines-calpe\\\/\"},\"author\":{\"name\":\"Javier Zamora\",\"@id\":\"https:\\\/\\\/radiolitoral.com\\\/#\\\/schema\\\/person\\\/7b1480b5caeb5acdd4ec6379caf62b22\"},\"headline\":\"Excelentes resultados del CG Les Marines Calpe\",\"datePublished\":\"2025-04-05T07:33:36+00:00\",\"mainEntityOfPage\":{\"@id\":\"https:\\\/\\\/radiolitoral.com\\\/2025\\\/04\\\/excelentes-resultados-del-cg-les-marines-calpe\\\/\"},\"wordCount\":504,\"commentCount\":0,\"publisher\":{\"@id\":\"https:\\\/\\\/radiolitoral.com\\\/#organization\"},\"image\":{\"@id\":\"https:\\\/\\\/radiolitoral.com\\\/2025\\\/04\\\/excelentes-resultados-del-cg-les-marines-calpe\\\/#primaryimage\"},\"thumbnailUrl\":\"https:\\\/\\\/media.radiolitoral.com\\\/wp-content\\\/uploads\\\/2025\\\/04\\\/04170615\\\/7cb2dcff-c27e-4b6c-9c32-cd1be59b3cd0.jpg\",\"keywords\":[\"Ainara Mille\",\"Anastasia Devko\",\"Anna Devko\",\"CG Les Marines Calpe\",\"Club Kayma\",\"deportes\",\"Emma Soria\",\"Isabella Guzm\u00e1n\",\"Katya Trukhacheva\",\"Lamar Lahniki\",\"liga Iberdrola\",\"Luc\u00eda Espinosa\",\"Mandana Jankouk\",\"Marta Alacid\",\"Milana Leporskaia\",\"Paulina Koeberle\",\"Rebecca Alagarda\",\"Sara S\u00e1nchez\",\"Sofia Bacanu\",\"Sophie O\u2019reilly\",\"Valentina Roig\"],\"articleSection\":[\"Deportes\"],\"inLanguage\":\"ca\",\"potentialAction\":[{\"@type\":\"CommentAction\",\"name\":\"Comment\",\"target\":[\"https:\\\/\\\/radiolitoral.com\\\/2025\\\/04\\\/excelentes-resultados-del-cg-les-marines-calpe\\\/#respond\"]}]},{\"@type\":[\"WebPage\",\"ItemPage\"],\"@id\":\"https:\\\/\\\/radiolitoral.com\\\/2025\\\/04\\\/excelentes-resultados-del-cg-les-marines-calpe\\\/\",\"url\":\"https:\\\/\\\/radiolitoral.com\\\/2025\\\/04\\\/excelentes-resultados-del-cg-les-marines-calpe\\\/\",\"name\":\"Excelentes resultados del CG Les Marines Calpe | R\u00e0dio Litoral\",\"isPartOf\":{\"@id\":\"https:\\\/\\\/radiolitoral.com\\\/#website\"},\"primaryImageOfPage\":{\"@id\":\"https:\\\/\\\/radiolitoral.com\\\/2025\\\/04\\\/excelentes-resultados-del-cg-les-marines-calpe\\\/#primaryimage\"},\"image\":{\"@id\":\"https:\\\/\\\/radiolitoral.com\\\/2025\\\/04\\\/excelentes-resultados-del-cg-les-marines-calpe\\\/#primaryimage\"},\"thumbnailUrl\":\"https:\\\/\\\/media.radiolitoral.com\\\/wp-content\\\/uploads\\\/2025\\\/04\\\/04170615\\\/7cb2dcff-c27e-4b6c-9c32-cd1be59b3cd0.jpg\",\"datePublished\":\"2025-04-05T07:33:36+00:00\",\"description\":\"El club calpino consigui\u00f3 una medalla de plata y destac\u00f3 en el Provincial de Conjuntos Copa Base con oro, plata y bronce El club calpino consigui\u00f3 una medalla de plata y destac\u00f3 en el Provincial de Conjuntos Copa Base con oro, plata y bronce\",\"breadcrumb\":{\"@id\":\"https:\\\/\\\/radiolitoral.com\\\/2025\\\/04\\\/excelentes-resultados-del-cg-les-marines-calpe\\\/#breadcrumb\"},\"inLanguage\":\"ca\",\"potentialAction\":[{\"@type\":\"ReadAction\",\"target\":[\"https:\\\/\\\/radiolitoral.com\\\/2025\\\/04\\\/excelentes-resultados-del-cg-les-marines-calpe\\\/\"]}]},{\"@type\":\"ImageObject\",\"inLanguage\":\"ca\",\"@id\":\"https:\\\/\\\/radiolitoral.com\\\/2025\\\/04\\\/excelentes-resultados-del-cg-les-marines-calpe\\\/#primaryimage\",\"url\":\"https:\\\/\\\/media.radiolitoral.com\\\/wp-content\\\/uploads\\\/2025\\\/04\\\/04170615\\\/7cb2dcff-c27e-4b6c-9c32-cd1be59b3cd0.jpg\",\"contentUrl\":\"https:\\\/\\\/media.radiolitoral.com\\\/wp-content\\\/uploads\\\/2025\\\/04\\\/04170615\\\/7cb2dcff-c27e-4b6c-9c32-cd1be59b3cd0.jpg\",\"width\":1512,\"height\":908},{\"@type\":\"BreadcrumbList\",\"@id\":\"https:\\\/\\\/radiolitoral.com\\\/2025\\\/04\\\/excelentes-resultados-del-cg-les-marines-calpe\\\/#breadcrumb\",\"itemListElement\":[{\"@type\":\"ListItem\",\"position\":1,\"name\":\"Portada\",\"item\":\"https:\\\/\\\/radiolitoral.com\\\/\"},{\"@type\":\"ListItem\",\"position\":2,\"name\":\"Excelentes resultados del CG Les Marines Calpe\"}]},{\"@type\":\"WebSite\",\"@id\":\"https:\\\/\\\/radiolitoral.com\\\/#website\",\"url\":\"https:\\\/\\\/radiolitoral.com\\\/\",\"name\":\"Radio Litoral\",\"description\":\"La radio local de la Marina Alta\",\"publisher\":{\"@id\":\"https:\\\/\\\/radiolitoral.com\\\/#organization\"},\"alternateName\":\"Litoral FM\",\"potentialAction\":[{\"@type\":\"SearchAction\",\"target\":{\"@type\":\"EntryPoint\",\"urlTemplate\":\"https:\\\/\\\/radiolitoral.com\\\/?s={search_term_string}\"},\"query-input\":{\"@type\":\"PropertyValueSpecification\",\"valueRequired\":true,\"valueName\":\"search_term_string\"}}],\"inLanguage\":\"ca\"},{\"@type\":\"Organization\",\"@id\":\"https:\\\/\\\/radiolitoral.com\\\/#organization\",\"name\":\"Radio Litoral\",\"url\":\"https:\\\/\\\/radiolitoral.com\\\/\",\"logo\":{\"@type\":\"ImageObject\",\"inLanguage\":\"ca\",\"@id\":\"https:\\\/\\\/radiolitoral.com\\\/#\\\/schema\\\/logo\\\/image\\\/\",\"url\":\"https:\\\/\\\/media.radiolitoral.com\\\/wp-content\\\/uploads\\\/2023\\\/02\\\/24143238\\\/CL-V-RadioLitoral696.png\",\"contentUrl\":\"https:\\\/\\\/media.radiolitoral.com\\\/wp-content\\\/uploads\\\/2023\\\/02\\\/24143238\\\/CL-V-RadioLitoral696.png\",\"width\":696,\"height\":696,\"caption\":\"Radio Litoral\"},\"image\":{\"@id\":\"https:\\\/\\\/radiolitoral.com\\\/#\\\/schema\\\/logo\\\/image\\\/\"},\"sameAs\":[\"https:\\\/\\\/www.facebook.com\\\/Laradiolitoral\\\/\"]},{\"@type\":\"Person\",\"@id\":\"https:\\\/\\\/radiolitoral.com\\\/#\\\/schema\\\/person\\\/7b1480b5caeb5acdd4ec6379caf62b22\",\"name\":\"Javier Zamora\",\"image\":{\"@type\":\"ImageObject\",\"inLanguage\":\"ca\",\"@id\":\"https:\\\/\\\/secure.gravatar.com\\\/avatar\\\/467a11f6918c7d619c4043fc6fa2d3853053107973f05b6e9c04ea6c4e3a7b3f?s=96&d=mm&r=g\",\"url\":\"https:\\\/\\\/secure.gravatar.com\\\/avatar\\\/467a11f6918c7d619c4043fc6fa2d3853053107973f05b6e9c04ea6c4e3a7b3f?s=96&d=mm&r=g\",\"contentUrl\":\"https:\\\/\\\/secure.gravatar.com\\\/avatar\\\/467a11f6918c7d619c4043fc6fa2d3853053107973f05b6e9c04ea6c4e3a7b3f?s=96&d=mm&r=g\",\"caption\":\"Javier Zamora\"},\"url\":\"https:\\\/\\\/radiolitoral.com\\\/ca\\\/author\\\/javier-zamora\\\/\"}]}<\/script>\n<!-- \/ Yoast SEO plugin. -->","yoast_head_json":{"title":"Excel\u00b7lents resultats del CG Les Marines Calpe | R\u00e0dio Litoral","description":"El club calp\u00ed va aconseguir una medalla de plata i va destacar al Provincial de Conjunts Copa Base amb or, plata i bronze El club calp\u00ed va aconseguir una medalla de plata i va destacar al Provincial de Conjunts Copa Base amb or, plata i bronze","robots":{"index":"index","follow":"follow","max-snippet":"max-snippet:-1","max-image-preview":"max-image-preview:large","max-video-preview":"max-video-preview:-1"},"canonical":"https:\/\/radiolitoral.com\/ca\/2025\/04\/excel\u00b7lents-resultats-del-cg-les-marines-calp\/","og_locale":"ca_ES","og_type":"article","og_title":"Excelentes resultados del CG Les Marines Calpe | R\u00e0dio Litoral","og_description":"El club calpino consigui\u00f3 una medalla de plata y destac\u00f3 en el Provincial de Conjuntos Copa Base con oro, plata y bronce El club calpino consigui\u00f3 una medalla de plata y destac\u00f3 en el Provincial de Conjuntos Copa Base con oro, plata y bronce","og_url":"https:\/\/radiolitoral.com\/ca\/2025\/04\/excel\u00b7lents-resultats-del-cg-les-marines-calp\/","og_site_name":"R\u00e0dio Litoral","article_publisher":"https:\/\/www.facebook.com\/Laradiolitoral\/","article_published_time":"2025-04-05T07:33:36+00:00","og_image":[{"width":1512,"height":908,"url":"https:\/\/media.radiolitoral.com\/wp-content\/uploads\/2025\/04\/04170615\/7cb2dcff-c27e-4b6c-9c32-cd1be59b3cd0.jpg","type":"image\/jpeg"}],"author":"Javier Zamora","twitter_card":"summary_large_image","twitter_misc":{"Escrit per":"Javier Zamora","Temps estimat de lectura":"3 minuts"},"schema":{"@context":"https:\/\/schema.org","@graph":[{"@type":"NewsArticle","@id":"https:\/\/radiolitoral.com\/2025\/04\/excelentes-resultados-del-cg-les-marines-calpe\/#article","isPartOf":{"@id":"https:\/\/radiolitoral.com\/2025\/04\/excelentes-resultados-del-cg-les-marines-calpe\/"},"author":{"name":"Javier Zamora","@id":"https:\/\/radiolitoral.com\/#\/schema\/person\/7b1480b5caeb5acdd4ec6379caf62b22"},"headline":"Excelentes resultados del CG Les Marines Calpe","datePublished":"2025-04-05T07:33:36+00:00","mainEntityOfPage":{"@id":"https:\/\/radiolitoral.com\/2025\/04\/excelentes-resultados-del-cg-les-marines-calpe\/"},"wordCount":504,"commentCount":0,"publisher":{"@id":"https:\/\/radiolitoral.com\/#organization"},"image":{"@id":"https:\/\/radiolitoral.com\/2025\/04\/excelentes-resultados-del-cg-les-marines-calpe\/#primaryimage"},"thumbnailUrl":"https:\/\/media.radiolitoral.com\/wp-content\/uploads\/2025\/04\/04170615\/7cb2dcff-c27e-4b6c-9c32-cd1be59b3cd0.jpg","keywords":["Ainara Mille","Anastasia Devko","Anna Devko","CG Les Marines Calpe","Club Kayma","deportes","Emma Soria","Isabella Guzm\u00e1n","Katya Trukhacheva","Lamar Lahniki","liga Iberdrola","Luc\u00eda Espinosa","Mandana Jankouk","Marta Alacid","Milana Leporskaia","Paulina Koeberle","Rebecca Alagarda","Sara S\u00e1nchez","Sofia Bacanu","Sophie O\u2019reilly","Valentina Roig"],"articleSection":["Deportes"],"inLanguage":"ca","potentialAction":[{"@type":"CommentAction","name":"Comment","target":["https:\/\/radiolitoral.com\/2025\/04\/excelentes-resultados-del-cg-les-marines-calpe\/#respond"]}]},{"@type":["WebPage","ItemPage"],"@id":"https:\/\/radiolitoral.com\/2025\/04\/excelentes-resultados-del-cg-les-marines-calpe\/","url":"https:\/\/radiolitoral.com\/2025\/04\/excelentes-resultados-del-cg-les-marines-calpe\/","name":"Excel\u00b7lents resultats del CG Les Marines Calpe | R\u00e0dio Litoral","isPartOf":{"@id":"https:\/\/radiolitoral.com\/#website"},"primaryImageOfPage":{"@id":"https:\/\/radiolitoral.com\/2025\/04\/excelentes-resultados-del-cg-les-marines-calpe\/#primaryimage"},"image":{"@id":"https:\/\/radiolitoral.com\/2025\/04\/excelentes-resultados-del-cg-les-marines-calpe\/#primaryimage"},"thumbnailUrl":"https:\/\/media.radiolitoral.com\/wp-content\/uploads\/2025\/04\/04170615\/7cb2dcff-c27e-4b6c-9c32-cd1be59b3cd0.jpg","datePublished":"2025-04-05T07:33:36+00:00","description":"El club calp\u00ed va aconseguir una medalla de plata i va destacar al Provincial de Conjunts Copa Base amb or, plata i bronze El club calp\u00ed va aconseguir una medalla de plata i va destacar al Provincial de Conjunts Copa Base amb or, plata i bronze","breadcrumb":{"@id":"https:\/\/radiolitoral.com\/2025\/04\/excelentes-resultados-del-cg-les-marines-calpe\/#breadcrumb"},"inLanguage":"ca","potentialAction":[{"@type":"ReadAction","target":["https:\/\/radiolitoral.com\/2025\/04\/excelentes-resultados-del-cg-les-marines-calpe\/"]}]},{"@type":"ImageObject","inLanguage":"ca","@id":"https:\/\/radiolitoral.com\/2025\/04\/excelentes-resultados-del-cg-les-marines-calpe\/#primaryimage","url":"https:\/\/media.radiolitoral.com\/wp-content\/uploads\/2025\/04\/04170615\/7cb2dcff-c27e-4b6c-9c32-cd1be59b3cd0.jpg","contentUrl":"https:\/\/media.radiolitoral.com\/wp-content\/uploads\/2025\/04\/04170615\/7cb2dcff-c27e-4b6c-9c32-cd1be59b3cd0.jpg","width":1512,"height":908},{"@type":"BreadcrumbList","@id":"https:\/\/radiolitoral.com\/2025\/04\/excelentes-resultados-del-cg-les-marines-calpe\/#breadcrumb","itemListElement":[{"@type":"ListItem","position":1,"name":"Portada","item":"https:\/\/radiolitoral.com\/"},{"@type":"ListItem","position":2,"name":"Excelentes resultados del CG Les Marines Calpe"}]},{"@type":"WebSite","@id":"https:\/\/radiolitoral.com\/#website","url":"https:\/\/radiolitoral.com\/","name":"R\u00e0dio Litoral","description":"La r\u00e0dio local de la Marina Alta","publisher":{"@id":"https:\/\/radiolitoral.com\/#organization"},"alternateName":"Litoral FM","potentialAction":[{"@type":"SearchAction","target":{"@type":"EntryPoint","urlTemplate":"https:\/\/radiolitoral.com\/?s={search_term_string}"},"query-input":{"@type":"PropertyValueSpecification","valueRequired":true,"valueName":"search_term_string"}}],"inLanguage":"ca"},{"@type":"Organization","@id":"https:\/\/radiolitoral.com\/#organization","name":"R\u00e0dio Litoral","url":"https:\/\/radiolitoral.com\/","logo":{"@type":"ImageObject","inLanguage":"ca","@id":"https:\/\/radiolitoral.com\/#\/schema\/logo\/image\/","url":"https:\/\/media.radiolitoral.com\/wp-content\/uploads\/2023\/02\/24143238\/CL-V-RadioLitoral696.png","contentUrl":"https:\/\/media.radiolitoral.com\/wp-content\/uploads\/2023\/02\/24143238\/CL-V-RadioLitoral696.png","width":696,"height":696,"caption":"Radio Litoral"},"image":{"@id":"https:\/\/radiolitoral.com\/#\/schema\/logo\/image\/"},"sameAs":["https:\/\/www.facebook.com\/Laradiolitoral\/"]},{"@type":"Person","@id":"https:\/\/radiolitoral.com\/#\/schema\/person\/7b1480b5caeb5acdd4ec6379caf62b22","name":"Javier Zamora","image":{"@type":"ImageObject","inLanguage":"ca","@id":"https:\/\/secure.gravatar.com\/avatar\/467a11f6918c7d619c4043fc6fa2d3853053107973f05b6e9c04ea6c4e3a7b3f?s=96&d=mm&r=g","url":"https:\/\/secure.gravatar.com\/avatar\/467a11f6918c7d619c4043fc6fa2d3853053107973f05b6e9c04ea6c4e3a7b3f?s=96&d=mm&r=g","contentUrl":"https:\/\/secure.gravatar.com\/avatar\/467a11f6918c7d619c4043fc6fa2d3853053107973f05b6e9c04ea6c4e3a7b3f?s=96&d=mm&r=g","caption":"Javier Zamora"},"url":"https:\/\/radiolitoral.com\/ca\/author\/javier-zamora\/"}]}},"_links":{"self":[{"href":"https:\/\/radiolitoral.com\/ca\/wp-json\/wp\/v2\/posts\/15996","targetHints":{"allow":["GET"]}}],"collection":[{"href":"https:\/\/radiolitoral.com\/ca\/wp-json\/wp\/v2\/posts"}],"about":[{"href":"https:\/\/radiolitoral.com\/ca\/wp-json\/wp\/v2\/types\/post"}],"author":[{"embeddable":true,"href":"https:\/\/radiolitoral.com\/ca\/wp-json\/wp\/v2\/users\/12"}],"replies":[{"embeddable":true,"href":"https:\/\/radiolitoral.com\/ca\/wp-json\/wp\/v2\/comments?post=15996"}],"version-history":[{"count":4,"href":"https:\/\/radiolitoral.com\/ca\/wp-json\/wp\/v2\/posts\/15996\/revisions"}],"predecessor-version":[{"id":16007,"href":"https:\/\/radiolitoral.com\/ca\/wp-json\/wp\/v2\/posts\/15996\/revisions\/16007"}],"wp:featuredmedia":[{"embeddable":true,"href":"https:\/\/radiolitoral.com\/ca\/wp-json\/wp\/v2\/media\/15998"}],"wp:attachment":[{"href":"https:\/\/radiolitoral.com\/ca\/wp-json\/wp\/v2\/media?parent=15996"}],"wp:term":[{"taxonomy":"category","embeddable":true,"href":"https:\/\/radiolitoral.com\/ca\/wp-json\/wp\/v2\/categories?post=15996"},{"taxonomy":"post_tag","embeddable":true,"href":"https:\/\/radiolitoral.com\/ca\/wp-json\/wp\/v2\/tags?post=15996"}],"curies":[{"name":"wp","href":"https:\/\/api.w.org\/{rel}","templated":true}]}}