{"id":15992,"date":"2025-04-04T12:07:11","date_gmt":"2025-04-04T10:07:11","guid":{"rendered":"https:\/\/radiolitoral.com\/?p=15992"},"modified":"2025-04-04T12:07:11","modified_gmt":"2025-04-04T10:07:11","slug":"teulada-moraira-impulsa-a-bilbao-el-seu-turisme-fora-de-temporada","status":"publish","type":"post","link":"https:\/\/radiolitoral.com\/ca\/2025\/04\/teulada-moraira-impulsa-en-bilbao-su-turismo-fuera-de-temporada\/","title":{"rendered":"Teulada Moraira impulsa a Bilbao el seu turisme fora de temporada"},"content":{"rendered":"<p data-pm-slice=\"1 1 []\">Amb la intenci\u00f3 de <strong>promoure un model tur\u00edstic sostenible<\/strong> i atractiu durant tot l&#039;any, <strong>Teulada Moraira<\/strong> va organitzar recentment a <strong>Bilbao<\/strong> el tercer workshop dirigit a ag\u00e8ncies de viatges i professionals tur\u00edstics. La iniciativa de l&#039;Ajuntament cerca captar visitants m\u00e9s enll\u00e0 dels mesos estivals tradicionals.<\/p>\n<p>Durant l&#039;esdeveniment, se&#039;n van oferir diverses<strong> opcions tur\u00edstiques<\/strong> que ressalten aspectes culturals, gastron\u00f2mics i naturals propis de Teulada Moraira, generant una resposta favorable entre els assistents.<\/p>\n<h3><strong>Col\u00b7laboraci\u00f3 publicoprivada<\/strong><\/h3>\n<p>Aquesta trobada va comptar amb la pres\u00e8ncia activa d&#039;empreses locals com l&#039;Hotel Los Limoneros i l&#039;ag\u00e8ncia de lloguers tur\u00edstics Solidays, els representants dels quals van presentar propostes espec\u00edfiques per potenciar l&#039;arribada de turistes durant tot l&#039;any. La participaci\u00f3 del sector privat va ser determinant per a l\u00e8xit de lesdeveniment.<\/p>\n<p>L&#039;\u00e8xit obtingut a Bilbao d\u00f3na suport a l&#039;estrat\u00e8gia municipal per posicionar Teulada Moraira com a destinaci\u00f3 tur\u00edstica destacada a nivell nacional, especialment en temporades tradicionalment menys visitades. <strong>Valladolid<\/strong> amb una altra trobada destinada a refor\u00e7ar l&#039;aposta pel turisme sostenible i de qualitat.<\/p>\n<h3><strong>Comprom\u00eds amb la sostenibilitat tur\u00edstica<\/strong><\/h3>\n<p>L&#039;alcalde, Ra\u00fal Llobell, va destacar la import\u00e0ncia d&#039;aquests esdeveniments per a Teulada Moraira: \u00abEl nostre objectiu \u00e9s que Teulada Moraira segueixi guanyant pres\u00e8ncia com una destinaci\u00f3 atractiva a qualsevol \u00e8poca de l&#039;any. Apostem per un turisme sostenible que posi en valor la nostra identitat, les nostres tradicions i l?entorn natural privilegiat que ens envolta\u00bb.<\/p>\n<p>D&#039;aquesta manera, el municipi consolida la seva imatge i en refor\u00e7a l&#039;oferta tur\u00edstica, generant expectatives positives en futures col\u00b7laboracions amb el sector tur\u00edstic nacional.<\/p>","protected":false},"excerpt":{"rendered":"<p>Con la intenci\u00f3n de promover un modelo tur\u00edstico sostenible y atractivo durante todo el a\u00f1o, Teulada Moraira organiz\u00f3 recientemente en Bilbao su tercer workshop dirigido a agencias de viajes y profesionales tur\u00edsticos. La iniciativa del Ayuntamiento busca captar visitantes m\u00e1s all\u00e1 de los meses estivales tradicionales. Durante el evento, se ofrecieron diversas opciones tur\u00edsticas que [&#8230;]<\/p>\n<p><a class=\"btn btn-secondary understrap-read-more-link\" href=\"https:\/\/radiolitoral.com\/ca\/2025\/04\/teulada-moraira-impulsa-en-bilbao-su-turismo-fuera-de-temporada\/\">Continua llegint&#8230;<span class=\"screen-reader-text\"> from Teulada Moraira impulsa en Bilbao su turismo fuera de temporada<\/span><\/a><\/p>\n","protected":false},"author":14,"featured_media":15993,"comment_status":"open","ping_status":"closed","sticky":false,"template":"","format":"standard","meta":{"_acf_changed":false,"inline_featured_image":false,"footnotes":""},"categories":[144],"tags":[4092,195,163,4093],"class_list":["post-15992","post","type-post","status-publish","format-standard","has-post-thumbnail","hentry","category-turismo","tag-bilbao","tag-teulada-moraira","tag-turismo","tag-workshop","cobertura-teulada-moraira"],"acf":[],"yoast_head":"<!-- This site is optimized with the Yoast SEO plugin v27.5 - https:\/\/yoast.com\/product\/yoast-seo-wordpress\/ -->\n<title>Teulada Moraira impulsa en Bilbao su turismo fuera de temporada | R\u00e0dio Litoral<\/title>\n<meta name=\"description\" content=\"Profesionales del turismo del Pa\u00eds Vasco conocen las propuestas del municipio alicantino\" \/>\n<meta name=\"robots\" content=\"index, follow, max-snippet:-1, max-image-preview:large, max-video-preview:-1\" \/>\n<link rel=\"canonical\" href=\"https:\/\/radiolitoral.com\/ca\/2025\/04\/teulada-moraira-impulsa-a-bilbao-el-seu-turisme-fora-de-temporada\/\" \/>\n<meta property=\"og:locale\" content=\"ca_ES\" \/>\n<meta property=\"og:type\" content=\"article\" \/>\n<meta property=\"og:title\" content=\"Teulada Moraira impulsa en Bilbao su turismo fuera de temporada | R\u00e0dio Litoral\" \/>\n<meta property=\"og:description\" content=\"Profesionales del turismo del Pa\u00eds Vasco conocen las propuestas del municipio alicantino\" \/>\n<meta property=\"og:url\" content=\"https:\/\/radiolitoral.com\/ca\/2025\/04\/teulada-moraira-impulsa-a-bilbao-el-seu-turisme-fora-de-temporada\/\" \/>\n<meta property=\"og:site_name\" content=\"R\u00e0dio Litoral\" \/>\n<meta property=\"article:publisher\" content=\"https:\/\/www.facebook.com\/Laradiolitoral\/\" \/>\n<meta property=\"article:published_time\" content=\"2025-04-04T10:07:11+00:00\" \/>\n<meta property=\"og:image\" content=\"https:\/\/media.radiolitoral.com\/wp-content\/uploads\/2025\/04\/04120559\/NOTA-DE-PRENSA-Teulada-Moraira-afianza-su-oferta-turistica-en-Bilbao-con-su-tercer-workshop-scaled.jpeg\" \/>\n\t<meta property=\"og:image:width\" content=\"2560\" \/>\n\t<meta property=\"og:image:height\" content=\"1920\" \/>\n\t<meta property=\"og:image:type\" content=\"image\/jpeg\" \/>\n<meta name=\"author\" content=\"Redacci\u00f3n\" \/>\n<meta name=\"twitter:card\" content=\"summary_large_image\" \/>\n<meta name=\"twitter:label1\" content=\"Escrit per\" \/>\n\t<meta name=\"twitter:data1\" content=\"Redacci\u00f3n\" \/>\n\t<meta name=\"twitter:label2\" content=\"Temps estimat de lectura\" \/>\n\t<meta name=\"twitter:data2\" content=\"2 minuts\" \/>\n<script type=\"application\/ld+json\" class=\"yoast-schema-graph\">{\"@context\":\"https:\\\/\\\/schema.org\",\"@graph\":[{\"@type\":\"NewsArticle\",\"@id\":\"https:\\\/\\\/radiolitoral.com\\\/2025\\\/04\\\/teulada-moraira-impulsa-en-bilbao-su-turismo-fuera-de-temporada\\\/#article\",\"isPartOf\":{\"@id\":\"https:\\\/\\\/radiolitoral.com\\\/2025\\\/04\\\/teulada-moraira-impulsa-en-bilbao-su-turismo-fuera-de-temporada\\\/\"},\"author\":{\"name\":\"Redacci\u00f3n\",\"@id\":\"https:\\\/\\\/radiolitoral.com\\\/#\\\/schema\\\/person\\\/96b739642eb3bedb532aac3812d23307\"},\"headline\":\"Teulada Moraira impulsa en Bilbao su turismo fuera de temporada\",\"datePublished\":\"2025-04-04T10:07:11+00:00\",\"mainEntityOfPage\":{\"@id\":\"https:\\\/\\\/radiolitoral.com\\\/2025\\\/04\\\/teulada-moraira-impulsa-en-bilbao-su-turismo-fuera-de-temporada\\\/\"},\"wordCount\":281,\"commentCount\":0,\"publisher\":{\"@id\":\"https:\\\/\\\/radiolitoral.com\\\/#organization\"},\"image\":{\"@id\":\"https:\\\/\\\/radiolitoral.com\\\/2025\\\/04\\\/teulada-moraira-impulsa-en-bilbao-su-turismo-fuera-de-temporada\\\/#primaryimage\"},\"thumbnailUrl\":\"https:\\\/\\\/media.radiolitoral.com\\\/wp-content\\\/uploads\\\/2025\\\/04\\\/04120559\\\/NOTA-DE-PRENSA-Teulada-Moraira-afianza-su-oferta-turistica-en-Bilbao-con-su-tercer-workshop-scaled.jpeg\",\"keywords\":[\"Bilbao\",\"Teulada-Moraira\",\"turismo\",\"workshop\"],\"articleSection\":[\"Turismo\"],\"inLanguage\":\"ca\",\"potentialAction\":[{\"@type\":\"CommentAction\",\"name\":\"Comment\",\"target\":[\"https:\\\/\\\/radiolitoral.com\\\/2025\\\/04\\\/teulada-moraira-impulsa-en-bilbao-su-turismo-fuera-de-temporada\\\/#respond\"]}]},{\"@type\":[\"WebPage\",\"ItemPage\"],\"@id\":\"https:\\\/\\\/radiolitoral.com\\\/2025\\\/04\\\/teulada-moraira-impulsa-en-bilbao-su-turismo-fuera-de-temporada\\\/\",\"url\":\"https:\\\/\\\/radiolitoral.com\\\/2025\\\/04\\\/teulada-moraira-impulsa-en-bilbao-su-turismo-fuera-de-temporada\\\/\",\"name\":\"Teulada Moraira impulsa en Bilbao su turismo fuera de temporada | R\u00e0dio Litoral\",\"isPartOf\":{\"@id\":\"https:\\\/\\\/radiolitoral.com\\\/#website\"},\"primaryImageOfPage\":{\"@id\":\"https:\\\/\\\/radiolitoral.com\\\/2025\\\/04\\\/teulada-moraira-impulsa-en-bilbao-su-turismo-fuera-de-temporada\\\/#primaryimage\"},\"image\":{\"@id\":\"https:\\\/\\\/radiolitoral.com\\\/2025\\\/04\\\/teulada-moraira-impulsa-en-bilbao-su-turismo-fuera-de-temporada\\\/#primaryimage\"},\"thumbnailUrl\":\"https:\\\/\\\/media.radiolitoral.com\\\/wp-content\\\/uploads\\\/2025\\\/04\\\/04120559\\\/NOTA-DE-PRENSA-Teulada-Moraira-afianza-su-oferta-turistica-en-Bilbao-con-su-tercer-workshop-scaled.jpeg\",\"datePublished\":\"2025-04-04T10:07:11+00:00\",\"description\":\"Profesionales del turismo del Pa\u00eds Vasco conocen las propuestas del municipio alicantino\",\"breadcrumb\":{\"@id\":\"https:\\\/\\\/radiolitoral.com\\\/2025\\\/04\\\/teulada-moraira-impulsa-en-bilbao-su-turismo-fuera-de-temporada\\\/#breadcrumb\"},\"inLanguage\":\"ca\",\"potentialAction\":[{\"@type\":\"ReadAction\",\"target\":[\"https:\\\/\\\/radiolitoral.com\\\/2025\\\/04\\\/teulada-moraira-impulsa-en-bilbao-su-turismo-fuera-de-temporada\\\/\"]}]},{\"@type\":\"ImageObject\",\"inLanguage\":\"ca\",\"@id\":\"https:\\\/\\\/radiolitoral.com\\\/2025\\\/04\\\/teulada-moraira-impulsa-en-bilbao-su-turismo-fuera-de-temporada\\\/#primaryimage\",\"url\":\"https:\\\/\\\/media.radiolitoral.com\\\/wp-content\\\/uploads\\\/2025\\\/04\\\/04120559\\\/NOTA-DE-PRENSA-Teulada-Moraira-afianza-su-oferta-turistica-en-Bilbao-con-su-tercer-workshop-scaled.jpeg\",\"contentUrl\":\"https:\\\/\\\/media.radiolitoral.com\\\/wp-content\\\/uploads\\\/2025\\\/04\\\/04120559\\\/NOTA-DE-PRENSA-Teulada-Moraira-afianza-su-oferta-turistica-en-Bilbao-con-su-tercer-workshop-scaled.jpeg\",\"width\":2560,\"height\":1920},{\"@type\":\"BreadcrumbList\",\"@id\":\"https:\\\/\\\/radiolitoral.com\\\/2025\\\/04\\\/teulada-moraira-impulsa-en-bilbao-su-turismo-fuera-de-temporada\\\/#breadcrumb\",\"itemListElement\":[{\"@type\":\"ListItem\",\"position\":1,\"name\":\"Portada\",\"item\":\"https:\\\/\\\/radiolitoral.com\\\/\"},{\"@type\":\"ListItem\",\"position\":2,\"name\":\"Teulada Moraira impulsa en Bilbao su turismo fuera de temporada\"}]},{\"@type\":\"WebSite\",\"@id\":\"https:\\\/\\\/radiolitoral.com\\\/#website\",\"url\":\"https:\\\/\\\/radiolitoral.com\\\/\",\"name\":\"Radio Litoral\",\"description\":\"La radio local de la Marina Alta\",\"publisher\":{\"@id\":\"https:\\\/\\\/radiolitoral.com\\\/#organization\"},\"alternateName\":\"Litoral FM\",\"potentialAction\":[{\"@type\":\"SearchAction\",\"target\":{\"@type\":\"EntryPoint\",\"urlTemplate\":\"https:\\\/\\\/radiolitoral.com\\\/?s={search_term_string}\"},\"query-input\":{\"@type\":\"PropertyValueSpecification\",\"valueRequired\":true,\"valueName\":\"search_term_string\"}}],\"inLanguage\":\"ca\"},{\"@type\":\"Organization\",\"@id\":\"https:\\\/\\\/radiolitoral.com\\\/#organization\",\"name\":\"Radio Litoral\",\"url\":\"https:\\\/\\\/radiolitoral.com\\\/\",\"logo\":{\"@type\":\"ImageObject\",\"inLanguage\":\"ca\",\"@id\":\"https:\\\/\\\/radiolitoral.com\\\/#\\\/schema\\\/logo\\\/image\\\/\",\"url\":\"https:\\\/\\\/media.radiolitoral.com\\\/wp-content\\\/uploads\\\/2023\\\/02\\\/24143238\\\/CL-V-RadioLitoral696.png\",\"contentUrl\":\"https:\\\/\\\/media.radiolitoral.com\\\/wp-content\\\/uploads\\\/2023\\\/02\\\/24143238\\\/CL-V-RadioLitoral696.png\",\"width\":696,\"height\":696,\"caption\":\"Radio Litoral\"},\"image\":{\"@id\":\"https:\\\/\\\/radiolitoral.com\\\/#\\\/schema\\\/logo\\\/image\\\/\"},\"sameAs\":[\"https:\\\/\\\/www.facebook.com\\\/Laradiolitoral\\\/\"]},{\"@type\":\"Person\",\"@id\":\"https:\\\/\\\/radiolitoral.com\\\/#\\\/schema\\\/person\\\/96b739642eb3bedb532aac3812d23307\",\"name\":\"Redacci\u00f3n\",\"image\":{\"@type\":\"ImageObject\",\"inLanguage\":\"ca\",\"@id\":\"https:\\\/\\\/secure.gravatar.com\\\/avatar\\\/30cd06129ee90411dd9c7cbdcf17464181d1a3c7b072e92070ea75a25cf0097e?s=96&d=mm&r=g\",\"url\":\"https:\\\/\\\/secure.gravatar.com\\\/avatar\\\/30cd06129ee90411dd9c7cbdcf17464181d1a3c7b072e92070ea75a25cf0097e?s=96&d=mm&r=g\",\"contentUrl\":\"https:\\\/\\\/secure.gravatar.com\\\/avatar\\\/30cd06129ee90411dd9c7cbdcf17464181d1a3c7b072e92070ea75a25cf0097e?s=96&d=mm&r=g\",\"caption\":\"Redacci\u00f3n\"},\"url\":\"https:\\\/\\\/radiolitoral.com\\\/ca\\\/author\\\/kevin-carrio\\\/\"}]}<\/script>\n<!-- \/ Yoast SEO plugin. -->","yoast_head_json":{"title":"Teulada Moraira impulsa a Bilbao el turisme fora de temporada | R\u00e0dio Litoral","description":"Professionals del turisme del Pa\u00eds Basc coneixen les propostes del municipi alacant\u00ed","robots":{"index":"index","follow":"follow","max-snippet":"max-snippet:-1","max-image-preview":"max-image-preview:large","max-video-preview":"max-video-preview:-1"},"canonical":"https:\/\/radiolitoral.com\/ca\/2025\/04\/teulada-moraira-impulsa-a-bilbao-el-seu-turisme-fora-de-temporada\/","og_locale":"ca_ES","og_type":"article","og_title":"Teulada Moraira impulsa en Bilbao su turismo fuera de temporada | R\u00e0dio Litoral","og_description":"Profesionales del turismo del Pa\u00eds Vasco conocen las propuestas del municipio alicantino","og_url":"https:\/\/radiolitoral.com\/ca\/2025\/04\/teulada-moraira-impulsa-a-bilbao-el-seu-turisme-fora-de-temporada\/","og_site_name":"R\u00e0dio Litoral","article_publisher":"https:\/\/www.facebook.com\/Laradiolitoral\/","article_published_time":"2025-04-04T10:07:11+00:00","og_image":[{"width":2560,"height":1920,"url":"https:\/\/media.radiolitoral.com\/wp-content\/uploads\/2025\/04\/04120559\/NOTA-DE-PRENSA-Teulada-Moraira-afianza-su-oferta-turistica-en-Bilbao-con-su-tercer-workshop-scaled.jpeg","type":"image\/jpeg"}],"author":"Redacci\u00f3n","twitter_card":"summary_large_image","twitter_misc":{"Escrit per":"Redacci\u00f3n","Temps estimat de lectura":"2 minuts"},"schema":{"@context":"https:\/\/schema.org","@graph":[{"@type":"NewsArticle","@id":"https:\/\/radiolitoral.com\/2025\/04\/teulada-moraira-impulsa-en-bilbao-su-turismo-fuera-de-temporada\/#article","isPartOf":{"@id":"https:\/\/radiolitoral.com\/2025\/04\/teulada-moraira-impulsa-en-bilbao-su-turismo-fuera-de-temporada\/"},"author":{"name":"Redacci\u00f3n","@id":"https:\/\/radiolitoral.com\/#\/schema\/person\/96b739642eb3bedb532aac3812d23307"},"headline":"Teulada Moraira impulsa en Bilbao su turismo fuera de temporada","datePublished":"2025-04-04T10:07:11+00:00","mainEntityOfPage":{"@id":"https:\/\/radiolitoral.com\/2025\/04\/teulada-moraira-impulsa-en-bilbao-su-turismo-fuera-de-temporada\/"},"wordCount":281,"commentCount":0,"publisher":{"@id":"https:\/\/radiolitoral.com\/#organization"},"image":{"@id":"https:\/\/radiolitoral.com\/2025\/04\/teulada-moraira-impulsa-en-bilbao-su-turismo-fuera-de-temporada\/#primaryimage"},"thumbnailUrl":"https:\/\/media.radiolitoral.com\/wp-content\/uploads\/2025\/04\/04120559\/NOTA-DE-PRENSA-Teulada-Moraira-afianza-su-oferta-turistica-en-Bilbao-con-su-tercer-workshop-scaled.jpeg","keywords":["Bilbao","Teulada-Moraira","turismo","workshop"],"articleSection":["Turismo"],"inLanguage":"ca","potentialAction":[{"@type":"CommentAction","name":"Comment","target":["https:\/\/radiolitoral.com\/2025\/04\/teulada-moraira-impulsa-en-bilbao-su-turismo-fuera-de-temporada\/#respond"]}]},{"@type":["WebPage","ItemPage"],"@id":"https:\/\/radiolitoral.com\/2025\/04\/teulada-moraira-impulsa-en-bilbao-su-turismo-fuera-de-temporada\/","url":"https:\/\/radiolitoral.com\/2025\/04\/teulada-moraira-impulsa-en-bilbao-su-turismo-fuera-de-temporada\/","name":"Teulada Moraira impulsa a Bilbao el turisme fora de temporada | R\u00e0dio Litoral","isPartOf":{"@id":"https:\/\/radiolitoral.com\/#website"},"primaryImageOfPage":{"@id":"https:\/\/radiolitoral.com\/2025\/04\/teulada-moraira-impulsa-en-bilbao-su-turismo-fuera-de-temporada\/#primaryimage"},"image":{"@id":"https:\/\/radiolitoral.com\/2025\/04\/teulada-moraira-impulsa-en-bilbao-su-turismo-fuera-de-temporada\/#primaryimage"},"thumbnailUrl":"https:\/\/media.radiolitoral.com\/wp-content\/uploads\/2025\/04\/04120559\/NOTA-DE-PRENSA-Teulada-Moraira-afianza-su-oferta-turistica-en-Bilbao-con-su-tercer-workshop-scaled.jpeg","datePublished":"2025-04-04T10:07:11+00:00","description":"Professionals del turisme del Pa\u00eds Basc coneixen les propostes del municipi alacant\u00ed","breadcrumb":{"@id":"https:\/\/radiolitoral.com\/2025\/04\/teulada-moraira-impulsa-en-bilbao-su-turismo-fuera-de-temporada\/#breadcrumb"},"inLanguage":"ca","potentialAction":[{"@type":"ReadAction","target":["https:\/\/radiolitoral.com\/2025\/04\/teulada-moraira-impulsa-en-bilbao-su-turismo-fuera-de-temporada\/"]}]},{"@type":"ImageObject","inLanguage":"ca","@id":"https:\/\/radiolitoral.com\/2025\/04\/teulada-moraira-impulsa-en-bilbao-su-turismo-fuera-de-temporada\/#primaryimage","url":"https:\/\/media.radiolitoral.com\/wp-content\/uploads\/2025\/04\/04120559\/NOTA-DE-PRENSA-Teulada-Moraira-afianza-su-oferta-turistica-en-Bilbao-con-su-tercer-workshop-scaled.jpeg","contentUrl":"https:\/\/media.radiolitoral.com\/wp-content\/uploads\/2025\/04\/04120559\/NOTA-DE-PRENSA-Teulada-Moraira-afianza-su-oferta-turistica-en-Bilbao-con-su-tercer-workshop-scaled.jpeg","width":2560,"height":1920},{"@type":"BreadcrumbList","@id":"https:\/\/radiolitoral.com\/2025\/04\/teulada-moraira-impulsa-en-bilbao-su-turismo-fuera-de-temporada\/#breadcrumb","itemListElement":[{"@type":"ListItem","position":1,"name":"Portada","item":"https:\/\/radiolitoral.com\/"},{"@type":"ListItem","position":2,"name":"Teulada Moraira impulsa en Bilbao su turismo fuera de temporada"}]},{"@type":"WebSite","@id":"https:\/\/radiolitoral.com\/#website","url":"https:\/\/radiolitoral.com\/","name":"R\u00e0dio Litoral","description":"La r\u00e0dio local de la Marina Alta","publisher":{"@id":"https:\/\/radiolitoral.com\/#organization"},"alternateName":"Litoral FM","potentialAction":[{"@type":"SearchAction","target":{"@type":"EntryPoint","urlTemplate":"https:\/\/radiolitoral.com\/?s={search_term_string}"},"query-input":{"@type":"PropertyValueSpecification","valueRequired":true,"valueName":"search_term_string"}}],"inLanguage":"ca"},{"@type":"Organization","@id":"https:\/\/radiolitoral.com\/#organization","name":"R\u00e0dio Litoral","url":"https:\/\/radiolitoral.com\/","logo":{"@type":"ImageObject","inLanguage":"ca","@id":"https:\/\/radiolitoral.com\/#\/schema\/logo\/image\/","url":"https:\/\/media.radiolitoral.com\/wp-content\/uploads\/2023\/02\/24143238\/CL-V-RadioLitoral696.png","contentUrl":"https:\/\/media.radiolitoral.com\/wp-content\/uploads\/2023\/02\/24143238\/CL-V-RadioLitoral696.png","width":696,"height":696,"caption":"Radio Litoral"},"image":{"@id":"https:\/\/radiolitoral.com\/#\/schema\/logo\/image\/"},"sameAs":["https:\/\/www.facebook.com\/Laradiolitoral\/"]},{"@type":"Person","@id":"https:\/\/radiolitoral.com\/#\/schema\/person\/96b739642eb3bedb532aac3812d23307","name":"Redacci\u00f3","image":{"@type":"ImageObject","inLanguage":"ca","@id":"https:\/\/secure.gravatar.com\/avatar\/30cd06129ee90411dd9c7cbdcf17464181d1a3c7b072e92070ea75a25cf0097e?s=96&d=mm&r=g","url":"https:\/\/secure.gravatar.com\/avatar\/30cd06129ee90411dd9c7cbdcf17464181d1a3c7b072e92070ea75a25cf0097e?s=96&d=mm&r=g","contentUrl":"https:\/\/secure.gravatar.com\/avatar\/30cd06129ee90411dd9c7cbdcf17464181d1a3c7b072e92070ea75a25cf0097e?s=96&d=mm&r=g","caption":"Redacci\u00f3n"},"url":"https:\/\/radiolitoral.com\/ca\/author\/kevin-carrio\/"}]}},"_links":{"self":[{"href":"https:\/\/radiolitoral.com\/ca\/wp-json\/wp\/v2\/posts\/15992","targetHints":{"allow":["GET"]}}],"collection":[{"href":"https:\/\/radiolitoral.com\/ca\/wp-json\/wp\/v2\/posts"}],"about":[{"href":"https:\/\/radiolitoral.com\/ca\/wp-json\/wp\/v2\/types\/post"}],"author":[{"embeddable":true,"href":"https:\/\/radiolitoral.com\/ca\/wp-json\/wp\/v2\/users\/14"}],"replies":[{"embeddable":true,"href":"https:\/\/radiolitoral.com\/ca\/wp-json\/wp\/v2\/comments?post=15992"}],"version-history":[{"count":1,"href":"https:\/\/radiolitoral.com\/ca\/wp-json\/wp\/v2\/posts\/15992\/revisions"}],"predecessor-version":[{"id":15994,"href":"https:\/\/radiolitoral.com\/ca\/wp-json\/wp\/v2\/posts\/15992\/revisions\/15994"}],"wp:featuredmedia":[{"embeddable":true,"href":"https:\/\/radiolitoral.com\/ca\/wp-json\/wp\/v2\/media\/15993"}],"wp:attachment":[{"href":"https:\/\/radiolitoral.com\/ca\/wp-json\/wp\/v2\/media?parent=15992"}],"wp:term":[{"taxonomy":"category","embeddable":true,"href":"https:\/\/radiolitoral.com\/ca\/wp-json\/wp\/v2\/categories?post=15992"},{"taxonomy":"post_tag","embeddable":true,"href":"https:\/\/radiolitoral.com\/ca\/wp-json\/wp\/v2\/tags?post=15992"}],"curies":[{"name":"wp","href":"https:\/\/api.w.org\/{rel}","templated":true}]}}