{"id":15980,"date":"2025-04-04T09:01:45","date_gmt":"2025-04-04T07:01:45","guid":{"rendered":"https:\/\/radiolitoral.com\/?p=15980"},"modified":"2025-04-04T09:01:45","modified_gmt":"2025-04-04T07:01:45","slug":"teulada-moraira-enforteix-la-participacio-veinal-amb-dos-nous-consells-municipals","status":"publish","type":"post","link":"https:\/\/radiolitoral.com\/ca\/2025\/04\/teulada-moraira-fortalece-la-participacion-vecinal-con-dos-nuevos-consejos-municipales\/","title":{"rendered":"Teulada Moraira enforteix la participaci\u00f3 ve\u00efnal amb dos nous consells municipals"},"content":{"rendered":"<p data-pm-slice=\"1 1 []\">L&#039;Ajuntament de Teulada Moraira ha constitu\u00eft recentment els <strong>Consells Municipals de Turisme i Foment i de Cultura i Festes<\/strong>, \u00f2rgans dissenyats especialment per impulsar la participaci\u00f3 activa de la ciutadania en assumptes clau per al municipi.<\/p>\n<p>Durant la setmana passada es van fer les primeres reunions constitutives, integrades per representants d&#039;associacions locals dels diferents \u00e0mbits implicats, regidors responsables de cada \u00e0rea, representants pol\u00edtics municipals i presidits per l&#039;alcalde Ra\u00fal Llobell.<\/p>\n<p><strong>Calendari anual definit<\/strong><\/p>\n<p>Tots dos consells mantindran <strong>reunions ordin\u00e0ries al mar\u00e7 i octubre<\/strong> de cada any, encara que tamb\u00e9 es podran celebrar trobades extraordin\u00e0ries quan aix\u00ed ho requereixin assumptes puntuals o de car\u00e0cter urgent.<\/p>\n<p>Ra\u00fal Llobell va subratllar la import\u00e0ncia d&#039;aquests consells com a espais clau per abordar conjuntament temes d&#039;inter\u00e8s com\u00fa, analitzar iniciatives presentades per les associacions locals i decidir sobre esdeveniments i activitats en benefici del municipi.<\/p>\n<p>Aquesta iniciativa s\u201femmarca en l\u201festrat\u00e8gia de l\u201fAjuntament de Teulada Moraira de consolidar una gesti\u00f3 m\u00e9s oberta i participativa, considerant sempre les aportacions dels col\u00b7lectius locals per millorar la qualitat de vida en \u00e0rees essencials com el turisme, el comer\u00e7, la cultura il\u201forganitzaci\u00f3 festiva.<\/p>\n<p>&nbsp;<\/p>","protected":false},"excerpt":{"rendered":"<p>El Ayuntamiento de Teulada Moraira ha constituido recientemente los Consejos Municipales de Turismo y Fomento y de Cultura y Fiestas, \u00f3rganos dise\u00f1ados especialmente para impulsar la participaci\u00f3n activa de la ciudadan\u00eda en asuntos clave para el municipio. Durante la semana pasada se celebraron las primeras reuniones constitutivas, integradas por representantes de asociaciones locales de los [&#8230;]<\/p>\n<p><a class=\"btn btn-secondary understrap-read-more-link\" href=\"https:\/\/radiolitoral.com\/ca\/2025\/04\/teulada-moraira-fortalece-la-participacion-vecinal-con-dos-nuevos-consejos-municipales\/\">Continua llegint&#8230;<span class=\"screen-reader-text\"> from Teulada Moraira fortalece la participaci\u00f3n vecinal con dos nuevos consejos municipales<\/span><\/a><\/p>\n","protected":false},"author":14,"featured_media":15981,"comment_status":"open","ping_status":"closed","sticky":false,"template":"","format":"standard","meta":{"_acf_changed":false,"inline_featured_image":false,"footnotes":""},"categories":[13],"tags":[455,4087,708,195,163],"class_list":["post-15980","post","type-post","status-publish","format-standard","has-post-thumbnail","hentry","category-politica","tag-comercio","tag-consejo-municipal","tag-politica","tag-teulada-moraira","tag-turismo","cobertura-teulada-moraira"],"acf":[],"yoast_head":"<!-- This site is optimized with the Yoast SEO plugin v27.5 - https:\/\/yoast.com\/product\/yoast-seo-wordpress\/ -->\n<title>Teulada Moraira fortalece la participaci\u00f3n vecinal con dos nuevos consejos municipales | R\u00e0dio Litoral<\/title>\n<meta name=\"description\" content=\"Se crean espacios espec\u00edficos para abordar Turismo, Comercio, Cultura y Fiestas en el municipio\" \/>\n<meta name=\"robots\" content=\"index, follow, max-snippet:-1, max-image-preview:large, max-video-preview:-1\" \/>\n<link rel=\"canonical\" href=\"https:\/\/radiolitoral.com\/ca\/2025\/04\/teulada-moraira-enforteix-la-participacio-veinal-amb-dos-nous-consells-municipals\/\" \/>\n<meta property=\"og:locale\" content=\"ca_ES\" \/>\n<meta property=\"og:type\" content=\"article\" \/>\n<meta property=\"og:title\" content=\"Teulada Moraira fortalece la participaci\u00f3n vecinal con dos nuevos consejos municipales | R\u00e0dio Litoral\" \/>\n<meta property=\"og:description\" content=\"Se crean espacios espec\u00edficos para abordar Turismo, Comercio, Cultura y Fiestas en el municipio\" \/>\n<meta property=\"og:url\" content=\"https:\/\/radiolitoral.com\/ca\/2025\/04\/teulada-moraira-enforteix-la-participacio-veinal-amb-dos-nous-consells-municipals\/\" \/>\n<meta property=\"og:site_name\" content=\"R\u00e0dio Litoral\" \/>\n<meta property=\"article:publisher\" content=\"https:\/\/www.facebook.com\/Laradiolitoral\/\" \/>\n<meta property=\"article:published_time\" content=\"2025-04-04T07:01:45+00:00\" \/>\n<meta property=\"og:image\" content=\"https:\/\/media.radiolitoral.com\/wp-content\/uploads\/2025\/04\/04090111\/NOTA-DE-PRENSA-El-Ayuntamiento-de-Teulada-constituye-los-consejos-de-Turismo-y-Fomento-y-de-Cultura-y-Fiestas.jpeg\" \/>\n\t<meta property=\"og:image:width\" content=\"2048\" \/>\n\t<meta property=\"og:image:height\" content=\"1536\" \/>\n\t<meta property=\"og:image:type\" content=\"image\/jpeg\" \/>\n<meta name=\"author\" content=\"Redacci\u00f3n\" \/>\n<meta name=\"twitter:card\" content=\"summary_large_image\" \/>\n<meta name=\"twitter:label1\" content=\"Escrit per\" \/>\n\t<meta name=\"twitter:data1\" content=\"Redacci\u00f3n\" \/>\n\t<meta name=\"twitter:label2\" content=\"Temps estimat de lectura\" \/>\n\t<meta name=\"twitter:data2\" content=\"2 minuts\" \/>\n<script type=\"application\/ld+json\" class=\"yoast-schema-graph\">{\"@context\":\"https:\\\/\\\/schema.org\",\"@graph\":[{\"@type\":\"NewsArticle\",\"@id\":\"https:\\\/\\\/radiolitoral.com\\\/2025\\\/04\\\/teulada-moraira-fortalece-la-participacion-vecinal-con-dos-nuevos-consejos-municipales\\\/#article\",\"isPartOf\":{\"@id\":\"https:\\\/\\\/radiolitoral.com\\\/2025\\\/04\\\/teulada-moraira-fortalece-la-participacion-vecinal-con-dos-nuevos-consejos-municipales\\\/\"},\"author\":{\"name\":\"Redacci\u00f3n\",\"@id\":\"https:\\\/\\\/radiolitoral.com\\\/#\\\/schema\\\/person\\\/96b739642eb3bedb532aac3812d23307\"},\"headline\":\"Teulada Moraira fortalece la participaci\u00f3n vecinal con dos nuevos consejos municipales\",\"datePublished\":\"2025-04-04T07:01:45+00:00\",\"mainEntityOfPage\":{\"@id\":\"https:\\\/\\\/radiolitoral.com\\\/2025\\\/04\\\/teulada-moraira-fortalece-la-participacion-vecinal-con-dos-nuevos-consejos-municipales\\\/\"},\"wordCount\":216,\"commentCount\":0,\"publisher\":{\"@id\":\"https:\\\/\\\/radiolitoral.com\\\/#organization\"},\"image\":{\"@id\":\"https:\\\/\\\/radiolitoral.com\\\/2025\\\/04\\\/teulada-moraira-fortalece-la-participacion-vecinal-con-dos-nuevos-consejos-municipales\\\/#primaryimage\"},\"thumbnailUrl\":\"https:\\\/\\\/media.radiolitoral.com\\\/wp-content\\\/uploads\\\/2025\\\/04\\\/04090111\\\/NOTA-DE-PRENSA-El-Ayuntamiento-de-Teulada-constituye-los-consejos-de-Turismo-y-Fomento-y-de-Cultura-y-Fiestas.jpeg\",\"keywords\":[\"comercio\",\"Consejo Municipal\",\"pol\u00edtica\",\"Teulada-Moraira\",\"turismo\"],\"articleSection\":[\"Pol\u00edtica\"],\"inLanguage\":\"ca\",\"potentialAction\":[{\"@type\":\"CommentAction\",\"name\":\"Comment\",\"target\":[\"https:\\\/\\\/radiolitoral.com\\\/2025\\\/04\\\/teulada-moraira-fortalece-la-participacion-vecinal-con-dos-nuevos-consejos-municipales\\\/#respond\"]}]},{\"@type\":[\"WebPage\",\"ItemPage\"],\"@id\":\"https:\\\/\\\/radiolitoral.com\\\/2025\\\/04\\\/teulada-moraira-fortalece-la-participacion-vecinal-con-dos-nuevos-consejos-municipales\\\/\",\"url\":\"https:\\\/\\\/radiolitoral.com\\\/2025\\\/04\\\/teulada-moraira-fortalece-la-participacion-vecinal-con-dos-nuevos-consejos-municipales\\\/\",\"name\":\"Teulada Moraira fortalece la participaci\u00f3n vecinal con dos nuevos consejos municipales | R\u00e0dio Litoral\",\"isPartOf\":{\"@id\":\"https:\\\/\\\/radiolitoral.com\\\/#website\"},\"primaryImageOfPage\":{\"@id\":\"https:\\\/\\\/radiolitoral.com\\\/2025\\\/04\\\/teulada-moraira-fortalece-la-participacion-vecinal-con-dos-nuevos-consejos-municipales\\\/#primaryimage\"},\"image\":{\"@id\":\"https:\\\/\\\/radiolitoral.com\\\/2025\\\/04\\\/teulada-moraira-fortalece-la-participacion-vecinal-con-dos-nuevos-consejos-municipales\\\/#primaryimage\"},\"thumbnailUrl\":\"https:\\\/\\\/media.radiolitoral.com\\\/wp-content\\\/uploads\\\/2025\\\/04\\\/04090111\\\/NOTA-DE-PRENSA-El-Ayuntamiento-de-Teulada-constituye-los-consejos-de-Turismo-y-Fomento-y-de-Cultura-y-Fiestas.jpeg\",\"datePublished\":\"2025-04-04T07:01:45+00:00\",\"description\":\"Se crean espacios espec\u00edficos para abordar Turismo, Comercio, Cultura y Fiestas en el municipio\",\"breadcrumb\":{\"@id\":\"https:\\\/\\\/radiolitoral.com\\\/2025\\\/04\\\/teulada-moraira-fortalece-la-participacion-vecinal-con-dos-nuevos-consejos-municipales\\\/#breadcrumb\"},\"inLanguage\":\"ca\",\"potentialAction\":[{\"@type\":\"ReadAction\",\"target\":[\"https:\\\/\\\/radiolitoral.com\\\/2025\\\/04\\\/teulada-moraira-fortalece-la-participacion-vecinal-con-dos-nuevos-consejos-municipales\\\/\"]}]},{\"@type\":\"ImageObject\",\"inLanguage\":\"ca\",\"@id\":\"https:\\\/\\\/radiolitoral.com\\\/2025\\\/04\\\/teulada-moraira-fortalece-la-participacion-vecinal-con-dos-nuevos-consejos-municipales\\\/#primaryimage\",\"url\":\"https:\\\/\\\/media.radiolitoral.com\\\/wp-content\\\/uploads\\\/2025\\\/04\\\/04090111\\\/NOTA-DE-PRENSA-El-Ayuntamiento-de-Teulada-constituye-los-consejos-de-Turismo-y-Fomento-y-de-Cultura-y-Fiestas.jpeg\",\"contentUrl\":\"https:\\\/\\\/media.radiolitoral.com\\\/wp-content\\\/uploads\\\/2025\\\/04\\\/04090111\\\/NOTA-DE-PRENSA-El-Ayuntamiento-de-Teulada-constituye-los-consejos-de-Turismo-y-Fomento-y-de-Cultura-y-Fiestas.jpeg\",\"width\":2048,\"height\":1536},{\"@type\":\"BreadcrumbList\",\"@id\":\"https:\\\/\\\/radiolitoral.com\\\/2025\\\/04\\\/teulada-moraira-fortalece-la-participacion-vecinal-con-dos-nuevos-consejos-municipales\\\/#breadcrumb\",\"itemListElement\":[{\"@type\":\"ListItem\",\"position\":1,\"name\":\"Portada\",\"item\":\"https:\\\/\\\/radiolitoral.com\\\/\"},{\"@type\":\"ListItem\",\"position\":2,\"name\":\"Teulada Moraira fortalece la participaci\u00f3n vecinal con dos nuevos consejos municipales\"}]},{\"@type\":\"WebSite\",\"@id\":\"https:\\\/\\\/radiolitoral.com\\\/#website\",\"url\":\"https:\\\/\\\/radiolitoral.com\\\/\",\"name\":\"Radio Litoral\",\"description\":\"La radio local de la Marina Alta\",\"publisher\":{\"@id\":\"https:\\\/\\\/radiolitoral.com\\\/#organization\"},\"alternateName\":\"Litoral FM\",\"potentialAction\":[{\"@type\":\"SearchAction\",\"target\":{\"@type\":\"EntryPoint\",\"urlTemplate\":\"https:\\\/\\\/radiolitoral.com\\\/?s={search_term_string}\"},\"query-input\":{\"@type\":\"PropertyValueSpecification\",\"valueRequired\":true,\"valueName\":\"search_term_string\"}}],\"inLanguage\":\"ca\"},{\"@type\":\"Organization\",\"@id\":\"https:\\\/\\\/radiolitoral.com\\\/#organization\",\"name\":\"Radio Litoral\",\"url\":\"https:\\\/\\\/radiolitoral.com\\\/\",\"logo\":{\"@type\":\"ImageObject\",\"inLanguage\":\"ca\",\"@id\":\"https:\\\/\\\/radiolitoral.com\\\/#\\\/schema\\\/logo\\\/image\\\/\",\"url\":\"https:\\\/\\\/media.radiolitoral.com\\\/wp-content\\\/uploads\\\/2023\\\/02\\\/24143238\\\/CL-V-RadioLitoral696.png\",\"contentUrl\":\"https:\\\/\\\/media.radiolitoral.com\\\/wp-content\\\/uploads\\\/2023\\\/02\\\/24143238\\\/CL-V-RadioLitoral696.png\",\"width\":696,\"height\":696,\"caption\":\"Radio Litoral\"},\"image\":{\"@id\":\"https:\\\/\\\/radiolitoral.com\\\/#\\\/schema\\\/logo\\\/image\\\/\"},\"sameAs\":[\"https:\\\/\\\/www.facebook.com\\\/Laradiolitoral\\\/\"]},{\"@type\":\"Person\",\"@id\":\"https:\\\/\\\/radiolitoral.com\\\/#\\\/schema\\\/person\\\/96b739642eb3bedb532aac3812d23307\",\"name\":\"Redacci\u00f3n\",\"image\":{\"@type\":\"ImageObject\",\"inLanguage\":\"ca\",\"@id\":\"https:\\\/\\\/secure.gravatar.com\\\/avatar\\\/30cd06129ee90411dd9c7cbdcf17464181d1a3c7b072e92070ea75a25cf0097e?s=96&d=mm&r=g\",\"url\":\"https:\\\/\\\/secure.gravatar.com\\\/avatar\\\/30cd06129ee90411dd9c7cbdcf17464181d1a3c7b072e92070ea75a25cf0097e?s=96&d=mm&r=g\",\"contentUrl\":\"https:\\\/\\\/secure.gravatar.com\\\/avatar\\\/30cd06129ee90411dd9c7cbdcf17464181d1a3c7b072e92070ea75a25cf0097e?s=96&d=mm&r=g\",\"caption\":\"Redacci\u00f3n\"},\"url\":\"https:\\\/\\\/radiolitoral.com\\\/ca\\\/author\\\/kevin-carrio\\\/\"}]}<\/script>\n<!-- \/ Yoast SEO plugin. -->","yoast_head_json":{"title":"Teulada Moraira enforteix la participaci\u00f3 ve\u00efnal amb dos nous consells municipals | R\u00e0dio Litoral","description":"Es creen espais espec\u00edfics per abordar Turisme, Comer\u00e7, Cultura i Festes al municipi","robots":{"index":"index","follow":"follow","max-snippet":"max-snippet:-1","max-image-preview":"max-image-preview:large","max-video-preview":"max-video-preview:-1"},"canonical":"https:\/\/radiolitoral.com\/ca\/2025\/04\/teulada-moraira-enforteix-la-participacio-veinal-amb-dos-nous-consells-municipals\/","og_locale":"ca_ES","og_type":"article","og_title":"Teulada Moraira fortalece la participaci\u00f3n vecinal con dos nuevos consejos municipales | R\u00e0dio Litoral","og_description":"Se crean espacios espec\u00edficos para abordar Turismo, Comercio, Cultura y Fiestas en el municipio","og_url":"https:\/\/radiolitoral.com\/ca\/2025\/04\/teulada-moraira-enforteix-la-participacio-veinal-amb-dos-nous-consells-municipals\/","og_site_name":"R\u00e0dio Litoral","article_publisher":"https:\/\/www.facebook.com\/Laradiolitoral\/","article_published_time":"2025-04-04T07:01:45+00:00","og_image":[{"width":2048,"height":1536,"url":"https:\/\/media.radiolitoral.com\/wp-content\/uploads\/2025\/04\/04090111\/NOTA-DE-PRENSA-El-Ayuntamiento-de-Teulada-constituye-los-consejos-de-Turismo-y-Fomento-y-de-Cultura-y-Fiestas.jpeg","type":"image\/jpeg"}],"author":"Redacci\u00f3n","twitter_card":"summary_large_image","twitter_misc":{"Escrit per":"Redacci\u00f3n","Temps estimat de lectura":"2 minuts"},"schema":{"@context":"https:\/\/schema.org","@graph":[{"@type":"NewsArticle","@id":"https:\/\/radiolitoral.com\/2025\/04\/teulada-moraira-fortalece-la-participacion-vecinal-con-dos-nuevos-consejos-municipales\/#article","isPartOf":{"@id":"https:\/\/radiolitoral.com\/2025\/04\/teulada-moraira-fortalece-la-participacion-vecinal-con-dos-nuevos-consejos-municipales\/"},"author":{"name":"Redacci\u00f3n","@id":"https:\/\/radiolitoral.com\/#\/schema\/person\/96b739642eb3bedb532aac3812d23307"},"headline":"Teulada Moraira fortalece la participaci\u00f3n vecinal con dos nuevos consejos municipales","datePublished":"2025-04-04T07:01:45+00:00","mainEntityOfPage":{"@id":"https:\/\/radiolitoral.com\/2025\/04\/teulada-moraira-fortalece-la-participacion-vecinal-con-dos-nuevos-consejos-municipales\/"},"wordCount":216,"commentCount":0,"publisher":{"@id":"https:\/\/radiolitoral.com\/#organization"},"image":{"@id":"https:\/\/radiolitoral.com\/2025\/04\/teulada-moraira-fortalece-la-participacion-vecinal-con-dos-nuevos-consejos-municipales\/#primaryimage"},"thumbnailUrl":"https:\/\/media.radiolitoral.com\/wp-content\/uploads\/2025\/04\/04090111\/NOTA-DE-PRENSA-El-Ayuntamiento-de-Teulada-constituye-los-consejos-de-Turismo-y-Fomento-y-de-Cultura-y-Fiestas.jpeg","keywords":["comercio","Consejo Municipal","pol\u00edtica","Teulada-Moraira","turismo"],"articleSection":["Pol\u00edtica"],"inLanguage":"ca","potentialAction":[{"@type":"CommentAction","name":"Comment","target":["https:\/\/radiolitoral.com\/2025\/04\/teulada-moraira-fortalece-la-participacion-vecinal-con-dos-nuevos-consejos-municipales\/#respond"]}]},{"@type":["WebPage","ItemPage"],"@id":"https:\/\/radiolitoral.com\/2025\/04\/teulada-moraira-fortalece-la-participacion-vecinal-con-dos-nuevos-consejos-municipales\/","url":"https:\/\/radiolitoral.com\/2025\/04\/teulada-moraira-fortalece-la-participacion-vecinal-con-dos-nuevos-consejos-municipales\/","name":"Teulada Moraira enforteix la participaci\u00f3 ve\u00efnal amb dos nous consells municipals | R\u00e0dio Litoral","isPartOf":{"@id":"https:\/\/radiolitoral.com\/#website"},"primaryImageOfPage":{"@id":"https:\/\/radiolitoral.com\/2025\/04\/teulada-moraira-fortalece-la-participacion-vecinal-con-dos-nuevos-consejos-municipales\/#primaryimage"},"image":{"@id":"https:\/\/radiolitoral.com\/2025\/04\/teulada-moraira-fortalece-la-participacion-vecinal-con-dos-nuevos-consejos-municipales\/#primaryimage"},"thumbnailUrl":"https:\/\/media.radiolitoral.com\/wp-content\/uploads\/2025\/04\/04090111\/NOTA-DE-PRENSA-El-Ayuntamiento-de-Teulada-constituye-los-consejos-de-Turismo-y-Fomento-y-de-Cultura-y-Fiestas.jpeg","datePublished":"2025-04-04T07:01:45+00:00","description":"Es creen espais espec\u00edfics per abordar Turisme, Comer\u00e7, Cultura i Festes al municipi","breadcrumb":{"@id":"https:\/\/radiolitoral.com\/2025\/04\/teulada-moraira-fortalece-la-participacion-vecinal-con-dos-nuevos-consejos-municipales\/#breadcrumb"},"inLanguage":"ca","potentialAction":[{"@type":"ReadAction","target":["https:\/\/radiolitoral.com\/2025\/04\/teulada-moraira-fortalece-la-participacion-vecinal-con-dos-nuevos-consejos-municipales\/"]}]},{"@type":"ImageObject","inLanguage":"ca","@id":"https:\/\/radiolitoral.com\/2025\/04\/teulada-moraira-fortalece-la-participacion-vecinal-con-dos-nuevos-consejos-municipales\/#primaryimage","url":"https:\/\/media.radiolitoral.com\/wp-content\/uploads\/2025\/04\/04090111\/NOTA-DE-PRENSA-El-Ayuntamiento-de-Teulada-constituye-los-consejos-de-Turismo-y-Fomento-y-de-Cultura-y-Fiestas.jpeg","contentUrl":"https:\/\/media.radiolitoral.com\/wp-content\/uploads\/2025\/04\/04090111\/NOTA-DE-PRENSA-El-Ayuntamiento-de-Teulada-constituye-los-consejos-de-Turismo-y-Fomento-y-de-Cultura-y-Fiestas.jpeg","width":2048,"height":1536},{"@type":"BreadcrumbList","@id":"https:\/\/radiolitoral.com\/2025\/04\/teulada-moraira-fortalece-la-participacion-vecinal-con-dos-nuevos-consejos-municipales\/#breadcrumb","itemListElement":[{"@type":"ListItem","position":1,"name":"Portada","item":"https:\/\/radiolitoral.com\/"},{"@type":"ListItem","position":2,"name":"Teulada Moraira fortalece la participaci\u00f3n vecinal con dos nuevos consejos municipales"}]},{"@type":"WebSite","@id":"https:\/\/radiolitoral.com\/#website","url":"https:\/\/radiolitoral.com\/","name":"R\u00e0dio Litoral","description":"La r\u00e0dio local de la Marina Alta","publisher":{"@id":"https:\/\/radiolitoral.com\/#organization"},"alternateName":"Litoral FM","potentialAction":[{"@type":"SearchAction","target":{"@type":"EntryPoint","urlTemplate":"https:\/\/radiolitoral.com\/?s={search_term_string}"},"query-input":{"@type":"PropertyValueSpecification","valueRequired":true,"valueName":"search_term_string"}}],"inLanguage":"ca"},{"@type":"Organization","@id":"https:\/\/radiolitoral.com\/#organization","name":"R\u00e0dio Litoral","url":"https:\/\/radiolitoral.com\/","logo":{"@type":"ImageObject","inLanguage":"ca","@id":"https:\/\/radiolitoral.com\/#\/schema\/logo\/image\/","url":"https:\/\/media.radiolitoral.com\/wp-content\/uploads\/2023\/02\/24143238\/CL-V-RadioLitoral696.png","contentUrl":"https:\/\/media.radiolitoral.com\/wp-content\/uploads\/2023\/02\/24143238\/CL-V-RadioLitoral696.png","width":696,"height":696,"caption":"Radio Litoral"},"image":{"@id":"https:\/\/radiolitoral.com\/#\/schema\/logo\/image\/"},"sameAs":["https:\/\/www.facebook.com\/Laradiolitoral\/"]},{"@type":"Person","@id":"https:\/\/radiolitoral.com\/#\/schema\/person\/96b739642eb3bedb532aac3812d23307","name":"Redacci\u00f3","image":{"@type":"ImageObject","inLanguage":"ca","@id":"https:\/\/secure.gravatar.com\/avatar\/30cd06129ee90411dd9c7cbdcf17464181d1a3c7b072e92070ea75a25cf0097e?s=96&d=mm&r=g","url":"https:\/\/secure.gravatar.com\/avatar\/30cd06129ee90411dd9c7cbdcf17464181d1a3c7b072e92070ea75a25cf0097e?s=96&d=mm&r=g","contentUrl":"https:\/\/secure.gravatar.com\/avatar\/30cd06129ee90411dd9c7cbdcf17464181d1a3c7b072e92070ea75a25cf0097e?s=96&d=mm&r=g","caption":"Redacci\u00f3n"},"url":"https:\/\/radiolitoral.com\/ca\/author\/kevin-carrio\/"}]}},"_links":{"self":[{"href":"https:\/\/radiolitoral.com\/ca\/wp-json\/wp\/v2\/posts\/15980","targetHints":{"allow":["GET"]}}],"collection":[{"href":"https:\/\/radiolitoral.com\/ca\/wp-json\/wp\/v2\/posts"}],"about":[{"href":"https:\/\/radiolitoral.com\/ca\/wp-json\/wp\/v2\/types\/post"}],"author":[{"embeddable":true,"href":"https:\/\/radiolitoral.com\/ca\/wp-json\/wp\/v2\/users\/14"}],"replies":[{"embeddable":true,"href":"https:\/\/radiolitoral.com\/ca\/wp-json\/wp\/v2\/comments?post=15980"}],"version-history":[{"count":1,"href":"https:\/\/radiolitoral.com\/ca\/wp-json\/wp\/v2\/posts\/15980\/revisions"}],"predecessor-version":[{"id":15982,"href":"https:\/\/radiolitoral.com\/ca\/wp-json\/wp\/v2\/posts\/15980\/revisions\/15982"}],"wp:featuredmedia":[{"embeddable":true,"href":"https:\/\/radiolitoral.com\/ca\/wp-json\/wp\/v2\/media\/15981"}],"wp:attachment":[{"href":"https:\/\/radiolitoral.com\/ca\/wp-json\/wp\/v2\/media?parent=15980"}],"wp:term":[{"taxonomy":"category","embeddable":true,"href":"https:\/\/radiolitoral.com\/ca\/wp-json\/wp\/v2\/categories?post=15980"},{"taxonomy":"post_tag","embeddable":true,"href":"https:\/\/radiolitoral.com\/ca\/wp-json\/wp\/v2\/tags?post=15980"}],"curies":[{"name":"wp","href":"https:\/\/api.w.org\/{rel}","templated":true}]}}