{"id":15972,"date":"2025-04-04T09:51:23","date_gmt":"2025-04-04T07:51:23","guid":{"rendered":"https:\/\/radiolitoral.com\/?p=15972"},"modified":"2025-04-04T09:51:23","modified_gmt":"2025-04-04T07:51:23","slug":"la-volta-a-peu-portal-de-la-marina-te-caracter-solidari","status":"publish","type":"post","link":"https:\/\/radiolitoral.com\/ca\/2025\/04\/la-volta-a-peu-portal-de-la-marina-tiene-caracter-solidario\/","title":{"rendered":"La Volta a Peu Portal de la Marina t\u00e9 car\u00e0cter solidari"},"content":{"rendered":"<p>Els atletes populars tenen una cita el diumenge amb la disputa de la <strong>II Volta a Peu Portal de la Marina<\/strong>, puntuable per al <strong>Circuit a Peu Marina Alta<\/strong>. Al davant els participants hauran de rec\u00f3rrer un tra\u00e7at de 8 quil\u00f2metres, en una prova que t\u00e9 car\u00e0cter solidari, tota la recaptaci\u00f3 d&#039;inscripcions es destinar\u00e0 a la <strong>Associaci\u00f3 AMADEM<\/strong>, que treballa per millorar la qualitat de vida de les persones amb problemes de salut mental i les seves fam\u00edlies.<\/p>\n<p>La cursa, organitzada pel Circuit a Peu i el propi <strong>CC Portal de la Marina<\/strong>, compta amb la col\u00b7laboraci\u00f3 dels dotze clubs que formen part del circuit, els quals contribuiran amb m\u00e9s de <strong>80 voluntaris<\/strong> per garantir l\u00e8xit de la prova. <strong>Policia Local d&#039;Ondara<\/strong> i <strong>Protecci\u00f3 Civil<\/strong> brindaran el vostre suport per vetllar per la seguretat dels participants.<\/p>\n<p>La sortida a la prova per a les categories m\u00e9s grans ser\u00e0 a les 9 hores des del mateix centre comercial. La l\u00ednia de meta s&#039;ha ubicat en aquest mateix punt. El recorregut, completament pla, travessar\u00e0 diversos carrers i camins d&#039;Ondara, com ara <strong>partida Marjals<\/strong>, <strong>Beniarbeig<\/strong>, <strong>Barranc de l&#039;Alberca<\/strong> i <strong>Barranc de Llosa<\/strong>, proporcionant als participants un recorregut agradable i accessible per a corredors de tots els nivells.<\/p>\n<p>En paral\u00b7lel, se celebraran <strong>curses infantils<\/strong> per als m\u00e9s petits, amb dist\u00e0ncies que van des dels <strong>100 metres<\/strong> per als m\u00e9s petits (barrufets) fins als <strong>3.200 metres<\/strong> per als juvenils. Les curses infantils comen\u00e7aran a les <strong>11:00h<\/strong> i estaran acompanyades d&#039;una <strong>entrega de trofeus<\/strong> a les <strong>12:00h<\/strong>.<\/p>\n<p>L\u00b4esdeveniment tamb\u00e9 destacar\u00e0 als corredors m\u00e9s r\u00e0pids amb generosos premis. Els tres primers classificats, tant masculins com femenins, en rebran una <strong>targeta regal de 100\u20ac<\/strong>, com a part d&#039;un reconeixement al seu esfor\u00e7 i dedicaci\u00f3. <strong>10:15h<\/strong>, despr\u00e9s de la finalitzaci\u00f3 de la carrera principal.<\/p>\n<h4>Retirada Dorsals<\/h4>\n<p>Els dorsals dels nous inscrits podran ser recollits el <strong>dissabte 5 d&#039;abril<\/strong> entre les <strong>16:00h<\/strong> i <strong>20:00h<\/strong> o el mateix dia de la prova, el <strong>diumenge 6 d&#039;abril<\/strong>, en l&#039;horari de la cursa corresponent.<\/p>\n<p>L&#039;esdeveniment comptar\u00e0 amb una <strong>zona de guarda-roba<\/strong>, ubicada prop de l&#039;arc de sortida i arribada, aix\u00ed com amb un servei de <strong>dutxes<\/strong> al <strong>Poliesportiu Municipal \u201cVicente Zaragoza\u201d<\/strong> d&#039;Ondara.<\/p>\n<p>La <strong>II Volta a Peu Portal de la Marina<\/strong> promet ser una jornada d&#039;esport, solidaritat i comunitat, amb un impacte positiu tant a la salut f\u00edsica dels participants com al suport a la salut mental a la regi\u00f3.<\/p>\n<p><script src=\"chrome-extension:\/\/flbolonkboilcbnohjlchlfgdalomdpl\/iFrame.js\" type=\"text\/javascript\"><\/script><\/p>\n<p><script src=\"chrome-extension:\/\/flbolonkboilcbnohjlchlfgdalomdpl\/iFrame.js\" type=\"text\/javascript\"><\/script><\/p>","protected":false},"excerpt":{"rendered":"<p>Los atletas populares tienen una cita el domingo con la disputa de la II Volta a Peu Portal de la Marina, puntuable para el Circuit a Peu Marina Alta. Por delante los participantes tendr\u00e1n que recorrer un trazado de 8 kil\u00f3metros, en una prueba que tiene car\u00e1cter solidario, toda la recaudaci\u00f3n de inscripciones se destinar\u00e1 [&#8230;]<\/p>\n<p><a class=\"btn btn-secondary understrap-read-more-link\" href=\"https:\/\/radiolitoral.com\/ca\/2025\/04\/la-volta-a-peu-portal-de-la-marina-tiene-caracter-solidario\/\">Continua llegint&#8230;<span class=\"screen-reader-text\"> from La Volta a Peu Portal de la Marina tiene car\u00e1cter solidario<\/span><\/a><\/p>\n","protected":false},"author":12,"featured_media":15973,"comment_status":"open","ping_status":"closed","sticky":false,"template":"","format":"standard","meta":{"_acf_changed":false,"inline_featured_image":false,"footnotes":""},"categories":[5],"tags":[4082,4083,922,6,4081,4084,4086,4085],"class_list":["post-15972","post","type-post","status-publish","format-standard","has-post-thumbnail","hentry","category-deportes","tag-asociacion-amadem","tag-cc-portal-de-la-marina","tag-circuit-a-peu-marina-alta","tag-deportes","tag-ii-volta-a-peu-portal-de-la-marina","tag-policia-local-de-ondara","tag-polideportivo-municipal-vicente-zaragoza","tag-proteccion-civil-de-ondara","cobertura-ondara"],"acf":[],"yoast_head":"<!-- This site is optimized with the Yoast SEO plugin v27.5 - https:\/\/yoast.com\/product\/yoast-seo-wordpress\/ -->\n<title>La Volta a Peu Portal de la Marina tiene car\u00e1cter solidario | R\u00e0dio Litoral<\/title>\n<meta name=\"description\" content=\"La carrera puntuable para el Circuit a Peu Marina Alta repartir\u00e1 la recaudaci\u00f3n de las inscripciones a la Asociaci\u00f3n AMADEM La carrera puntuable para el Circuit a Peu Marina Alta repartir\u00e1 la recaudaci\u00f3n de las inscripciones a la Asociaci\u00f3n AMADEM\" \/>\n<meta name=\"robots\" content=\"index, follow, max-snippet:-1, max-image-preview:large, max-video-preview:-1\" \/>\n<link rel=\"canonical\" href=\"https:\/\/radiolitoral.com\/ca\/2025\/04\/la-volta-a-peu-portal-de-la-marina-te-caracter-solidari\/\" \/>\n<meta property=\"og:locale\" content=\"ca_ES\" \/>\n<meta property=\"og:type\" content=\"article\" \/>\n<meta property=\"og:title\" content=\"La Volta a Peu Portal de la Marina tiene car\u00e1cter solidario | R\u00e0dio Litoral\" \/>\n<meta property=\"og:description\" content=\"La carrera puntuable para el Circuit a Peu Marina Alta repartir\u00e1 la recaudaci\u00f3n de las inscripciones a la Asociaci\u00f3n AMADEM La carrera puntuable para el Circuit a Peu Marina Alta repartir\u00e1 la recaudaci\u00f3n de las inscripciones a la Asociaci\u00f3n AMADEM\" \/>\n<meta property=\"og:url\" content=\"https:\/\/radiolitoral.com\/ca\/2025\/04\/la-volta-a-peu-portal-de-la-marina-te-caracter-solidari\/\" \/>\n<meta property=\"og:site_name\" content=\"R\u00e0dio Litoral\" \/>\n<meta property=\"article:publisher\" content=\"https:\/\/www.facebook.com\/Laradiolitoral\/\" \/>\n<meta property=\"article:published_time\" content=\"2025-04-04T07:51:23+00:00\" \/>\n<meta property=\"og:image\" content=\"https:\/\/media.radiolitoral.com\/wp-content\/uploads\/2025\/04\/03124258\/SAVE_20250403_104301-1024x683.jpg\" \/>\n\t<meta property=\"og:image:width\" content=\"1024\" \/>\n\t<meta property=\"og:image:height\" content=\"683\" \/>\n\t<meta property=\"og:image:type\" content=\"image\/jpeg\" \/>\n<meta name=\"author\" content=\"Javier Zamora\" \/>\n<meta name=\"twitter:card\" content=\"summary_large_image\" \/>\n<meta name=\"twitter:label1\" content=\"Escrit per\" \/>\n\t<meta name=\"twitter:data1\" content=\"Javier Zamora\" \/>\n\t<meta name=\"twitter:label2\" content=\"Temps estimat de lectura\" \/>\n\t<meta name=\"twitter:data2\" content=\"3 minuts\" \/>\n<script type=\"application\/ld+json\" class=\"yoast-schema-graph\">{\"@context\":\"https:\\\/\\\/schema.org\",\"@graph\":[{\"@type\":\"NewsArticle\",\"@id\":\"https:\\\/\\\/radiolitoral.com\\\/2025\\\/04\\\/la-volta-a-peu-portal-de-la-marina-tiene-caracter-solidario\\\/#article\",\"isPartOf\":{\"@id\":\"https:\\\/\\\/radiolitoral.com\\\/2025\\\/04\\\/la-volta-a-peu-portal-de-la-marina-tiene-caracter-solidario\\\/\"},\"author\":{\"name\":\"Javier Zamora\",\"@id\":\"https:\\\/\\\/radiolitoral.com\\\/#\\\/schema\\\/person\\\/7b1480b5caeb5acdd4ec6379caf62b22\"},\"headline\":\"La Volta a Peu Portal de la Marina tiene car\u00e1cter solidario\",\"datePublished\":\"2025-04-04T07:51:23+00:00\",\"mainEntityOfPage\":{\"@id\":\"https:\\\/\\\/radiolitoral.com\\\/2025\\\/04\\\/la-volta-a-peu-portal-de-la-marina-tiene-caracter-solidario\\\/\"},\"wordCount\":461,\"commentCount\":0,\"publisher\":{\"@id\":\"https:\\\/\\\/radiolitoral.com\\\/#organization\"},\"image\":{\"@id\":\"https:\\\/\\\/radiolitoral.com\\\/2025\\\/04\\\/la-volta-a-peu-portal-de-la-marina-tiene-caracter-solidario\\\/#primaryimage\"},\"thumbnailUrl\":\"https:\\\/\\\/media.radiolitoral.com\\\/wp-content\\\/uploads\\\/2025\\\/04\\\/03124258\\\/SAVE_20250403_104301.jpg\",\"keywords\":[\"Asociaci\u00f3n AMADEM\",\"CC Portal de La Marina\",\"Circuit a Peu Marina Alta\",\"deportes\",\"II Volta a Peu Portal de la Marina\",\"Polic\u00eda Local de Ondara\",\"Polideportivo Municipal \u201cVicente Zaragoza\u201d\",\"Protecci\u00f3n Civil de Ondara\"],\"articleSection\":[\"Deportes\"],\"inLanguage\":\"ca\",\"potentialAction\":[{\"@type\":\"CommentAction\",\"name\":\"Comment\",\"target\":[\"https:\\\/\\\/radiolitoral.com\\\/2025\\\/04\\\/la-volta-a-peu-portal-de-la-marina-tiene-caracter-solidario\\\/#respond\"]}]},{\"@type\":[\"WebPage\",\"ItemPage\"],\"@id\":\"https:\\\/\\\/radiolitoral.com\\\/2025\\\/04\\\/la-volta-a-peu-portal-de-la-marina-tiene-caracter-solidario\\\/\",\"url\":\"https:\\\/\\\/radiolitoral.com\\\/2025\\\/04\\\/la-volta-a-peu-portal-de-la-marina-tiene-caracter-solidario\\\/\",\"name\":\"La Volta a Peu Portal de la Marina tiene car\u00e1cter solidario | R\u00e0dio Litoral\",\"isPartOf\":{\"@id\":\"https:\\\/\\\/radiolitoral.com\\\/#website\"},\"primaryImageOfPage\":{\"@id\":\"https:\\\/\\\/radiolitoral.com\\\/2025\\\/04\\\/la-volta-a-peu-portal-de-la-marina-tiene-caracter-solidario\\\/#primaryimage\"},\"image\":{\"@id\":\"https:\\\/\\\/radiolitoral.com\\\/2025\\\/04\\\/la-volta-a-peu-portal-de-la-marina-tiene-caracter-solidario\\\/#primaryimage\"},\"thumbnailUrl\":\"https:\\\/\\\/media.radiolitoral.com\\\/wp-content\\\/uploads\\\/2025\\\/04\\\/03124258\\\/SAVE_20250403_104301.jpg\",\"datePublished\":\"2025-04-04T07:51:23+00:00\",\"description\":\"La carrera puntuable para el Circuit a Peu Marina Alta repartir\u00e1 la recaudaci\u00f3n de las inscripciones a la Asociaci\u00f3n AMADEM La carrera puntuable para el Circuit a Peu Marina Alta repartir\u00e1 la recaudaci\u00f3n de las inscripciones a la Asociaci\u00f3n AMADEM\",\"breadcrumb\":{\"@id\":\"https:\\\/\\\/radiolitoral.com\\\/2025\\\/04\\\/la-volta-a-peu-portal-de-la-marina-tiene-caracter-solidario\\\/#breadcrumb\"},\"inLanguage\":\"ca\",\"potentialAction\":[{\"@type\":\"ReadAction\",\"target\":[\"https:\\\/\\\/radiolitoral.com\\\/2025\\\/04\\\/la-volta-a-peu-portal-de-la-marina-tiene-caracter-solidario\\\/\"]}]},{\"@type\":\"ImageObject\",\"inLanguage\":\"ca\",\"@id\":\"https:\\\/\\\/radiolitoral.com\\\/2025\\\/04\\\/la-volta-a-peu-portal-de-la-marina-tiene-caracter-solidario\\\/#primaryimage\",\"url\":\"https:\\\/\\\/media.radiolitoral.com\\\/wp-content\\\/uploads\\\/2025\\\/04\\\/03124258\\\/SAVE_20250403_104301.jpg\",\"contentUrl\":\"https:\\\/\\\/media.radiolitoral.com\\\/wp-content\\\/uploads\\\/2025\\\/04\\\/03124258\\\/SAVE_20250403_104301.jpg\",\"width\":2048,\"height\":1365},{\"@type\":\"BreadcrumbList\",\"@id\":\"https:\\\/\\\/radiolitoral.com\\\/2025\\\/04\\\/la-volta-a-peu-portal-de-la-marina-tiene-caracter-solidario\\\/#breadcrumb\",\"itemListElement\":[{\"@type\":\"ListItem\",\"position\":1,\"name\":\"Portada\",\"item\":\"https:\\\/\\\/radiolitoral.com\\\/\"},{\"@type\":\"ListItem\",\"position\":2,\"name\":\"La Volta a Peu Portal de la Marina tiene car\u00e1cter solidario\"}]},{\"@type\":\"WebSite\",\"@id\":\"https:\\\/\\\/radiolitoral.com\\\/#website\",\"url\":\"https:\\\/\\\/radiolitoral.com\\\/\",\"name\":\"Radio Litoral\",\"description\":\"La radio local de la Marina Alta\",\"publisher\":{\"@id\":\"https:\\\/\\\/radiolitoral.com\\\/#organization\"},\"alternateName\":\"Litoral FM\",\"potentialAction\":[{\"@type\":\"SearchAction\",\"target\":{\"@type\":\"EntryPoint\",\"urlTemplate\":\"https:\\\/\\\/radiolitoral.com\\\/?s={search_term_string}\"},\"query-input\":{\"@type\":\"PropertyValueSpecification\",\"valueRequired\":true,\"valueName\":\"search_term_string\"}}],\"inLanguage\":\"ca\"},{\"@type\":\"Organization\",\"@id\":\"https:\\\/\\\/radiolitoral.com\\\/#organization\",\"name\":\"Radio Litoral\",\"url\":\"https:\\\/\\\/radiolitoral.com\\\/\",\"logo\":{\"@type\":\"ImageObject\",\"inLanguage\":\"ca\",\"@id\":\"https:\\\/\\\/radiolitoral.com\\\/#\\\/schema\\\/logo\\\/image\\\/\",\"url\":\"https:\\\/\\\/media.radiolitoral.com\\\/wp-content\\\/uploads\\\/2023\\\/02\\\/24143238\\\/CL-V-RadioLitoral696.png\",\"contentUrl\":\"https:\\\/\\\/media.radiolitoral.com\\\/wp-content\\\/uploads\\\/2023\\\/02\\\/24143238\\\/CL-V-RadioLitoral696.png\",\"width\":696,\"height\":696,\"caption\":\"Radio Litoral\"},\"image\":{\"@id\":\"https:\\\/\\\/radiolitoral.com\\\/#\\\/schema\\\/logo\\\/image\\\/\"},\"sameAs\":[\"https:\\\/\\\/www.facebook.com\\\/Laradiolitoral\\\/\"]},{\"@type\":\"Person\",\"@id\":\"https:\\\/\\\/radiolitoral.com\\\/#\\\/schema\\\/person\\\/7b1480b5caeb5acdd4ec6379caf62b22\",\"name\":\"Javier Zamora\",\"image\":{\"@type\":\"ImageObject\",\"inLanguage\":\"ca\",\"@id\":\"https:\\\/\\\/secure.gravatar.com\\\/avatar\\\/467a11f6918c7d619c4043fc6fa2d3853053107973f05b6e9c04ea6c4e3a7b3f?s=96&d=mm&r=g\",\"url\":\"https:\\\/\\\/secure.gravatar.com\\\/avatar\\\/467a11f6918c7d619c4043fc6fa2d3853053107973f05b6e9c04ea6c4e3a7b3f?s=96&d=mm&r=g\",\"contentUrl\":\"https:\\\/\\\/secure.gravatar.com\\\/avatar\\\/467a11f6918c7d619c4043fc6fa2d3853053107973f05b6e9c04ea6c4e3a7b3f?s=96&d=mm&r=g\",\"caption\":\"Javier Zamora\"},\"url\":\"https:\\\/\\\/radiolitoral.com\\\/ca\\\/author\\\/javier-zamora\\\/\"}]}<\/script>\n<!-- \/ Yoast SEO plugin. -->","yoast_head_json":{"title":"La Volta a Peu Portal de la Marina t\u00e9 car\u00e0cter solidari |","description":"La cursa puntuable per al Circuit a Peu Marina Alta repartir\u00e0 la recaptaci\u00f3 de les inscripcions a l&#039;Associaci\u00f3 AMADEM La cursa puntuable pel Circuit a Peu Marina Alta repartir\u00e0 la recaptaci\u00f3 de les inscripcions a l&#039;Associaci\u00f3 AMADEM","robots":{"index":"index","follow":"follow","max-snippet":"max-snippet:-1","max-image-preview":"max-image-preview:large","max-video-preview":"max-video-preview:-1"},"canonical":"https:\/\/radiolitoral.com\/ca\/2025\/04\/la-volta-a-peu-portal-de-la-marina-te-caracter-solidari\/","og_locale":"ca_ES","og_type":"article","og_title":"La Volta a Peu Portal de la Marina tiene car\u00e1cter solidario | R\u00e0dio Litoral","og_description":"La carrera puntuable para el Circuit a Peu Marina Alta repartir\u00e1 la recaudaci\u00f3n de las inscripciones a la Asociaci\u00f3n AMADEM La carrera puntuable para el Circuit a Peu Marina Alta repartir\u00e1 la recaudaci\u00f3n de las inscripciones a la Asociaci\u00f3n AMADEM","og_url":"https:\/\/radiolitoral.com\/ca\/2025\/04\/la-volta-a-peu-portal-de-la-marina-te-caracter-solidari\/","og_site_name":"R\u00e0dio Litoral","article_publisher":"https:\/\/www.facebook.com\/Laradiolitoral\/","article_published_time":"2025-04-04T07:51:23+00:00","og_image":[{"width":1024,"height":683,"url":"https:\/\/media.radiolitoral.com\/wp-content\/uploads\/2025\/04\/03124258\/SAVE_20250403_104301-1024x683.jpg","type":"image\/jpeg"}],"author":"Javier Zamora","twitter_card":"summary_large_image","twitter_misc":{"Escrit per":"Javier Zamora","Temps estimat de lectura":"3 minuts"},"schema":{"@context":"https:\/\/schema.org","@graph":[{"@type":"NewsArticle","@id":"https:\/\/radiolitoral.com\/2025\/04\/la-volta-a-peu-portal-de-la-marina-tiene-caracter-solidario\/#article","isPartOf":{"@id":"https:\/\/radiolitoral.com\/2025\/04\/la-volta-a-peu-portal-de-la-marina-tiene-caracter-solidario\/"},"author":{"name":"Javier Zamora","@id":"https:\/\/radiolitoral.com\/#\/schema\/person\/7b1480b5caeb5acdd4ec6379caf62b22"},"headline":"La Volta a Peu Portal de la Marina tiene car\u00e1cter solidario","datePublished":"2025-04-04T07:51:23+00:00","mainEntityOfPage":{"@id":"https:\/\/radiolitoral.com\/2025\/04\/la-volta-a-peu-portal-de-la-marina-tiene-caracter-solidario\/"},"wordCount":461,"commentCount":0,"publisher":{"@id":"https:\/\/radiolitoral.com\/#organization"},"image":{"@id":"https:\/\/radiolitoral.com\/2025\/04\/la-volta-a-peu-portal-de-la-marina-tiene-caracter-solidario\/#primaryimage"},"thumbnailUrl":"https:\/\/media.radiolitoral.com\/wp-content\/uploads\/2025\/04\/03124258\/SAVE_20250403_104301.jpg","keywords":["Asociaci\u00f3n AMADEM","CC Portal de La Marina","Circuit a Peu Marina Alta","deportes","II Volta a Peu Portal de la Marina","Polic\u00eda Local de Ondara","Polideportivo Municipal \u201cVicente Zaragoza\u201d","Protecci\u00f3n Civil de Ondara"],"articleSection":["Deportes"],"inLanguage":"ca","potentialAction":[{"@type":"CommentAction","name":"Comment","target":["https:\/\/radiolitoral.com\/2025\/04\/la-volta-a-peu-portal-de-la-marina-tiene-caracter-solidario\/#respond"]}]},{"@type":["WebPage","ItemPage"],"@id":"https:\/\/radiolitoral.com\/2025\/04\/la-volta-a-peu-portal-de-la-marina-tiene-caracter-solidario\/","url":"https:\/\/radiolitoral.com\/2025\/04\/la-volta-a-peu-portal-de-la-marina-tiene-caracter-solidario\/","name":"La Volta a Peu Portal de la Marina t\u00e9 car\u00e0cter solidari |","isPartOf":{"@id":"https:\/\/radiolitoral.com\/#website"},"primaryImageOfPage":{"@id":"https:\/\/radiolitoral.com\/2025\/04\/la-volta-a-peu-portal-de-la-marina-tiene-caracter-solidario\/#primaryimage"},"image":{"@id":"https:\/\/radiolitoral.com\/2025\/04\/la-volta-a-peu-portal-de-la-marina-tiene-caracter-solidario\/#primaryimage"},"thumbnailUrl":"https:\/\/media.radiolitoral.com\/wp-content\/uploads\/2025\/04\/03124258\/SAVE_20250403_104301.jpg","datePublished":"2025-04-04T07:51:23+00:00","description":"La cursa puntuable per al Circuit a Peu Marina Alta repartir\u00e0 la recaptaci\u00f3 de les inscripcions a l&#039;Associaci\u00f3 AMADEM La cursa puntuable pel Circuit a Peu Marina Alta repartir\u00e0 la recaptaci\u00f3 de les inscripcions a l&#039;Associaci\u00f3 AMADEM","breadcrumb":{"@id":"https:\/\/radiolitoral.com\/2025\/04\/la-volta-a-peu-portal-de-la-marina-tiene-caracter-solidario\/#breadcrumb"},"inLanguage":"ca","potentialAction":[{"@type":"ReadAction","target":["https:\/\/radiolitoral.com\/2025\/04\/la-volta-a-peu-portal-de-la-marina-tiene-caracter-solidario\/"]}]},{"@type":"ImageObject","inLanguage":"ca","@id":"https:\/\/radiolitoral.com\/2025\/04\/la-volta-a-peu-portal-de-la-marina-tiene-caracter-solidario\/#primaryimage","url":"https:\/\/media.radiolitoral.com\/wp-content\/uploads\/2025\/04\/03124258\/SAVE_20250403_104301.jpg","contentUrl":"https:\/\/media.radiolitoral.com\/wp-content\/uploads\/2025\/04\/03124258\/SAVE_20250403_104301.jpg","width":2048,"height":1365},{"@type":"BreadcrumbList","@id":"https:\/\/radiolitoral.com\/2025\/04\/la-volta-a-peu-portal-de-la-marina-tiene-caracter-solidario\/#breadcrumb","itemListElement":[{"@type":"ListItem","position":1,"name":"Portada","item":"https:\/\/radiolitoral.com\/"},{"@type":"ListItem","position":2,"name":"La Volta a Peu Portal de la Marina tiene car\u00e1cter solidario"}]},{"@type":"WebSite","@id":"https:\/\/radiolitoral.com\/#website","url":"https:\/\/radiolitoral.com\/","name":"R\u00e0dio Litoral","description":"La r\u00e0dio local de la Marina Alta","publisher":{"@id":"https:\/\/radiolitoral.com\/#organization"},"alternateName":"Litoral FM","potentialAction":[{"@type":"SearchAction","target":{"@type":"EntryPoint","urlTemplate":"https:\/\/radiolitoral.com\/?s={search_term_string}"},"query-input":{"@type":"PropertyValueSpecification","valueRequired":true,"valueName":"search_term_string"}}],"inLanguage":"ca"},{"@type":"Organization","@id":"https:\/\/radiolitoral.com\/#organization","name":"R\u00e0dio Litoral","url":"https:\/\/radiolitoral.com\/","logo":{"@type":"ImageObject","inLanguage":"ca","@id":"https:\/\/radiolitoral.com\/#\/schema\/logo\/image\/","url":"https:\/\/media.radiolitoral.com\/wp-content\/uploads\/2023\/02\/24143238\/CL-V-RadioLitoral696.png","contentUrl":"https:\/\/media.radiolitoral.com\/wp-content\/uploads\/2023\/02\/24143238\/CL-V-RadioLitoral696.png","width":696,"height":696,"caption":"Radio Litoral"},"image":{"@id":"https:\/\/radiolitoral.com\/#\/schema\/logo\/image\/"},"sameAs":["https:\/\/www.facebook.com\/Laradiolitoral\/"]},{"@type":"Person","@id":"https:\/\/radiolitoral.com\/#\/schema\/person\/7b1480b5caeb5acdd4ec6379caf62b22","name":"Javier Zamora","image":{"@type":"ImageObject","inLanguage":"ca","@id":"https:\/\/secure.gravatar.com\/avatar\/467a11f6918c7d619c4043fc6fa2d3853053107973f05b6e9c04ea6c4e3a7b3f?s=96&d=mm&r=g","url":"https:\/\/secure.gravatar.com\/avatar\/467a11f6918c7d619c4043fc6fa2d3853053107973f05b6e9c04ea6c4e3a7b3f?s=96&d=mm&r=g","contentUrl":"https:\/\/secure.gravatar.com\/avatar\/467a11f6918c7d619c4043fc6fa2d3853053107973f05b6e9c04ea6c4e3a7b3f?s=96&d=mm&r=g","caption":"Javier Zamora"},"url":"https:\/\/radiolitoral.com\/ca\/author\/javier-zamora\/"}]}},"_links":{"self":[{"href":"https:\/\/radiolitoral.com\/ca\/wp-json\/wp\/v2\/posts\/15972","targetHints":{"allow":["GET"]}}],"collection":[{"href":"https:\/\/radiolitoral.com\/ca\/wp-json\/wp\/v2\/posts"}],"about":[{"href":"https:\/\/radiolitoral.com\/ca\/wp-json\/wp\/v2\/types\/post"}],"author":[{"embeddable":true,"href":"https:\/\/radiolitoral.com\/ca\/wp-json\/wp\/v2\/users\/12"}],"replies":[{"embeddable":true,"href":"https:\/\/radiolitoral.com\/ca\/wp-json\/wp\/v2\/comments?post=15972"}],"version-history":[{"count":3,"href":"https:\/\/radiolitoral.com\/ca\/wp-json\/wp\/v2\/posts\/15972\/revisions"}],"predecessor-version":[{"id":15984,"href":"https:\/\/radiolitoral.com\/ca\/wp-json\/wp\/v2\/posts\/15972\/revisions\/15984"}],"wp:featuredmedia":[{"embeddable":true,"href":"https:\/\/radiolitoral.com\/ca\/wp-json\/wp\/v2\/media\/15973"}],"wp:attachment":[{"href":"https:\/\/radiolitoral.com\/ca\/wp-json\/wp\/v2\/media?parent=15972"}],"wp:term":[{"taxonomy":"category","embeddable":true,"href":"https:\/\/radiolitoral.com\/ca\/wp-json\/wp\/v2\/categories?post=15972"},{"taxonomy":"post_tag","embeddable":true,"href":"https:\/\/radiolitoral.com\/ca\/wp-json\/wp\/v2\/tags?post=15972"}],"curies":[{"name":"wp","href":"https:\/\/api.w.org\/{rel}","templated":true}]}}