{"id":15966,"date":"2025-04-03T10:25:09","date_gmt":"2025-04-03T08:25:09","guid":{"rendered":"https:\/\/radiolitoral.com\/?p=15966"},"modified":"2025-04-03T10:25:09","modified_gmt":"2025-04-03T08:25:09","slug":"programa-pasqua-i-setmana-santa-benissa-2025","status":"publish","type":"post","link":"https:\/\/radiolitoral.com\/ca\/2025\/04\/programa-pascua-y-semana-santa-benissa-2025\/","title":{"rendered":"Programa Pasqua i Setmana Santa Benissa 2025"},"content":{"rendered":"<p class=\"\" data-start=\"170\" data-end=\"551\">L&#039;Ajuntament de <strong>Benissa<\/strong> ha presentat oficialment la <strong>programaci\u00f3<\/strong> de la iniciativa \u00ab<strong>Viu la Pasqua a Benissa<\/strong>\u00bb per a aquest 2025, que comptar\u00e0 amb una \u00e0mplia varietat d&#039;activitats culturals, festives i recreatives per a tots els p\u00fablics. Aquesta proposta es desenvolupar\u00e0 durant la <strong>Setmana Santa<\/strong> i la <strong>Pasqua<\/strong>, oferint una oportunitat \u00fanica de gaudir de les tradicions locals.<\/p>\n<h4 data-start=\"553\" data-end=\"987\"><strong data-start=\"553\" data-end=\"603\">Cultura i art com a inici de les festivitats<\/strong><\/h4>\n<p class=\"\" data-start=\"553\" data-end=\"987\">L&#039;esdeveniment comen\u00e7ar\u00e0 el <strong data-start=\"629\" data-end=\"652\">divendres 11 d&#039;abril<\/strong> amb el lliurament dels premis 25 d&#039;abril Vila de Benissa i del Certamen de Pintura Salvador Soria. La jornada comptar\u00e0 amb una inauguraci\u00f3 especial de l&#039;exposici\u00f3 corresponent, que es podr\u00e0 visitar al Centre d&#039;Art Taller d&#039;Ivars, i donar\u00e0 inici a una s\u00e8rie d&#039;activitats culturals que se succeiran durant tota la Setmana Santa.<\/p>\n<p class=\"\" data-start=\"989\" data-end=\"1402\">El <strong data-start=\"1052\" data-end=\"1074\">dissabte 12 d&#039;abril<\/strong> ser\u00e0 un dia carregat dactivitats. Des de Benissa Turisme, s\u00b4ha organitzat una visita guiada on els participants podran aprendre a elaborar la seva pr\u00f2pia Mona de Pasqua, i gaudir d\u00b4una experi\u00e8ncia gastron\u00f2mica \u00fanica. Els interessats es podran inscriure a trav\u00e9s dels canals de contacte de l\u00e0rea de turisme del municipi.<\/p>\n<p class=\"\" data-start=\"1404\" data-end=\"1797\">El mateix dia, en coincidir les celebracions de la Setmana Santa amb l&#039;inici de les Festes Patronals, se celebrar\u00e0 el Preg\u00f3 de Festes a la Bas\u00edlica, pronunciat per les bunyoleres. Per finalitzar la jornada, els assistents podran gaudir del tradicional Chupinazo a la Pla\u00e7a del Portal i, a la nit, l&#039;orquestra La Pato es presentar\u00e0 al Passeig Joaqu\u00edn Piera i Mariana Torres.<\/p>\n<p class=\"\" data-start=\"1799\" data-end=\"2105\">Al llarg del cap de setmana, el Cinema Municipal oferir\u00e0 la projecci\u00f3 de Blancaneu, amb funcions tant el <strong data-start=\"1971\" data-end=\"1984\">dissabte 12<\/strong> com el <strong data-start=\"1993\" data-end=\"2016\">diumenge 13 d&#039;abril<\/strong>, cosa que permetr\u00e0 a les fam\u00edlies gaudir d&#039;una tarda de cinema en un ambient acollidor.<\/p>\n<figure id=\"attachment_15967\" aria-describedby=\"caption-attachment-15967\" style=\"width: 1920px\" class=\"wp-caption aligncenter\"><a href=\"https:\/\/media.radiolitoral.com\/wp-content\/uploads\/2025\/04\/03102414\/Visita-guiada-Benissa-Turisme.jpg\"><img loading=\"lazy\" decoding=\"async\" class=\"wp-image-15967 size-full\" src=\"https:\/\/media.radiolitoral.com\/wp-content\/uploads\/2025\/04\/03102414\/Visita-guiada-Benissa-Turisme.jpg\" alt=\"\" width=\"1920\" height=\"1280\" srcset=\"https:\/\/media.radiolitoral.com\/wp-content\/uploads\/2025\/04\/03102414\/Visita-guiada-Benissa-Turisme.jpg 1920w, https:\/\/media.radiolitoral.com\/wp-content\/uploads\/2025\/04\/03102414\/Visita-guiada-Benissa-Turisme-300x200.jpg 300w, https:\/\/media.radiolitoral.com\/wp-content\/uploads\/2025\/04\/03102414\/Visita-guiada-Benissa-Turisme-1024x683.jpg 1024w, https:\/\/media.radiolitoral.com\/wp-content\/uploads\/2025\/04\/03102414\/Visita-guiada-Benissa-Turisme-768x512.jpg 768w, https:\/\/media.radiolitoral.com\/wp-content\/uploads\/2025\/04\/03102414\/Visita-guiada-Benissa-Turisme-1536x1024.jpg 1536w, https:\/\/media.radiolitoral.com\/wp-content\/uploads\/2025\/04\/03102414\/Visita-guiada-Benissa-Turisme-18x12.jpg 18w, https:\/\/media.radiolitoral.com\/wp-content\/uploads\/2025\/04\/03102414\/Visita-guiada-Benissa-Turisme-1000x667.jpg 1000w, https:\/\/media.radiolitoral.com\/wp-content\/uploads\/2025\/04\/03102414\/Visita-guiada-Benissa-Turisme-100x67.jpg 100w, https:\/\/media.radiolitoral.com\/wp-content\/uploads\/2025\/04\/03102414\/Visita-guiada-Benissa-Turisme-200x133.jpg 200w\" sizes=\"auto, (max-width: 1920px) 100vw, 1920px\" \/><\/a><figcaption id=\"caption-attachment-15967\" class=\"wp-caption-text\">Visites guiades | Aj. Benissa<\/figcaption><\/figure>\n<h4 data-start=\"2107\" data-end=\"2538\"><strong data-start=\"2107\" data-end=\"2143\">Propostes per als m\u00e9s petits<\/strong><\/h4>\n<p class=\"\" data-start=\"2107\" data-end=\"2538\">Entre el <strong data-start=\"2155\" data-end=\"2185\">17 d&#039;abril i 2 de maig<\/strong>, es dur\u00e0 a terme l&#039;escola de conciliaci\u00f3 La Mona de Pasqua, una activitat pensada per a nens i nenes d&#039;infantil i prim\u00e0ria, organitzada per Benissa Impuls i la regidoria de Joventut i Inf\u00e0ncia. Aquesta iniciativa brindar\u00e0 als m\u00e9s petits l&#039;oportunitat de gaudir d&#039;activitats mentre les fam\u00edlies participen en altres esdeveniments del programa.<\/p>\n<p class=\"\" data-start=\"2540\" data-end=\"2933\">El <strong data-start=\"2602\" data-end=\"2625\">divendres 18 d&#039;abril<\/strong>, es dur\u00e0 a terme una visita guiada pel Passeig Ecol\u00f2gic, un recorregut ideal per gaudir de l\u00b4entorn natural de Benissa. Aquest mateix dia, es convida els participants a portar la seva pr\u00f2pia Mona de Pasqua, que podran adquirir a les fleques locals, i gaudir d&#039;un dia tradicional al municipi.<\/p>\n<h4 data-start=\"2935\" data-end=\"3420\"><strong data-start=\"2935\" data-end=\"2983\">La Barreta de Pasqua, l&#039;esdeveniment m\u00e9s esperat<\/strong><\/h4>\n<p class=\"\" data-start=\"2935\" data-end=\"3420\">El <strong data-start=\"2989\" data-end=\"3011\">dissabte 19 d&#039;abril<\/strong>, a les 12.30 hores, tindr\u00e0 lloc la segona edici\u00f3 de la Barreta de Pasqua, una festa que promet ser un dels moments m\u00e9s destacats de les celebracions. La m\u00fasica anir\u00e0 a c\u00e0rrec de la xaranga Rotgl\u00e0 i Corber\u00e0, la Banda de l&#039;\u00c0via i el DJ Sergio P\u00e9rez. A m\u00e9s, el servei de barra estar\u00e0 a c\u00e0rrec de les filaes Capitanes 2025, Llauradors i Califes, cosa que garantir\u00e0 un ambient festiu i animat.<\/p>\n<p class=\"\" data-start=\"3422\" data-end=\"3786\">Durant tota la Pasqua, Benissa promour\u00e0 la ruta del Sambori, un joc tradicional que convida les fam\u00edlies a participar a l&#039;aire lliure. Aquest joc es podr\u00e0 gaudir a diferents enclavaments del municipi, com la Pinada de Selva, el Passeig Joaquim Piera i Mariana Torres, el Parc de la Capella i Cala Advocat.<\/p>\n<h4 data-start=\"3788\" data-end=\"4163\"><strong data-start=\"3788\" data-end=\"3848\">Transport gratu\u00eft per gaudir de les cales<\/strong><\/h4>\n<p class=\"\" data-start=\"3788\" data-end=\"4163\">Del <strong data-start=\"3855\" data-end=\"3890\">divendres 18 al dilluns 21 d&#039;abril<\/strong>, el Benibus, el servei d&#039;autob\u00fas gratu\u00eft, connectar\u00e0 el centre de Benissa amb les cales del municipi, facilitant l&#039;acc\u00e9s als visitants i residents per gaudir del litoral benisser. El servei estar\u00e0 disponible des de les 10 del mat\u00ed fins a la mitjanit.<\/p>\n<p class=\"\" data-start=\"4165\" data-end=\"4430\">Amb una programaci\u00f3 tan variada, Benissa es prepara per oferir una Setmana Santa i Pasqua plenes d&#039;experi\u00e8ncies per a tots els gustos, garantint que residents i turistes puguin gaudir del millor de la cultura, la tradici\u00f3 i la diversi\u00f3 al municipi.<\/p>","protected":false},"excerpt":{"rendered":"<p>El Ayuntamiento de Benissa ha presentado oficialmente la programaci\u00f3n de la iniciativa \u00abViu la Pasqua a Benissa\u00bb para este 2025, que contar\u00e1 con una amplia variedad de actividades culturales, festivas y recreativas para todos los p\u00fablicos. Esta propuesta se desarrollar\u00e1 durante la Semana Santa y la Pascua, ofreciendo una oportunidad \u00fanica de disfrutar de las [&#8230;]<\/p>\n<p><a class=\"btn btn-secondary understrap-read-more-link\" href=\"https:\/\/radiolitoral.com\/ca\/2025\/04\/programa-pascua-y-semana-santa-benissa-2025\/\">Continua llegint&#8230;<span class=\"screen-reader-text\"> from Programa Pascua y Semana Santa Benissa 2025<\/span><\/a><\/p>\n","protected":false},"author":14,"featured_media":15968,"comment_status":"open","ping_status":"closed","sticky":false,"template":"","format":"standard","meta":{"_acf_changed":false,"inline_featured_image":false,"footnotes":""},"categories":[46],"tags":[126,394,4080,4078,4079,231],"class_list":["post-15966","post","type-post","status-publish","format-standard","has-post-thumbnail","hentry","category-sociedad","tag-benissa","tag-escuela-de-pascua","tag-pascua-benissa","tag-paseo-ecologico","tag-rutas-guiadas","tag-semana-santa","cobertura-benissa"],"acf":[],"yoast_head":"<!-- This site is optimized with the Yoast SEO plugin v27.5 - https:\/\/yoast.com\/product\/yoast-seo-wordpress\/ -->\n<title>Programa Pascua y Semana Santa Benissa 2025 | R\u00e0dio Litoral<\/title>\n<meta name=\"description\" content=\"Ya conocemos la programaci\u00f3n que cuenta con cine, m\u00fasica, rutas guiadas y mucho m\u00e1s\" \/>\n<meta name=\"robots\" content=\"index, follow, max-snippet:-1, max-image-preview:large, max-video-preview:-1\" \/>\n<link rel=\"canonical\" href=\"https:\/\/radiolitoral.com\/ca\/2025\/04\/programa-pasqua-i-setmana-santa-benissa-2025\/\" \/>\n<meta property=\"og:locale\" content=\"ca_ES\" \/>\n<meta property=\"og:type\" content=\"article\" \/>\n<meta property=\"og:title\" content=\"Programa Pascua y Semana Santa Benissa 2025 | R\u00e0dio Litoral\" \/>\n<meta property=\"og:description\" content=\"Ya conocemos la programaci\u00f3n que cuenta con cine, m\u00fasica, rutas guiadas y mucho m\u00e1s\" \/>\n<meta property=\"og:url\" content=\"https:\/\/radiolitoral.com\/ca\/2025\/04\/programa-pasqua-i-setmana-santa-benissa-2025\/\" \/>\n<meta property=\"og:site_name\" content=\"R\u00e0dio Litoral\" \/>\n<meta property=\"article:publisher\" content=\"https:\/\/www.facebook.com\/Laradiolitoral\/\" \/>\n<meta property=\"article:published_time\" content=\"2025-04-03T08:25:09+00:00\" \/>\n<meta property=\"og:image\" content=\"https:\/\/media.radiolitoral.com\/wp-content\/uploads\/2025\/04\/03102419\/Paseo-Ecologico-de-Benissa.jpg\" \/>\n\t<meta property=\"og:image:width\" content=\"1920\" \/>\n\t<meta property=\"og:image:height\" content=\"1280\" \/>\n\t<meta property=\"og:image:type\" content=\"image\/jpeg\" \/>\n<meta name=\"author\" content=\"Redacci\u00f3n\" \/>\n<meta name=\"twitter:card\" content=\"summary_large_image\" \/>\n<meta name=\"twitter:label1\" content=\"Escrit per\" \/>\n\t<meta name=\"twitter:data1\" content=\"Redacci\u00f3n\" \/>\n\t<meta name=\"twitter:label2\" content=\"Temps estimat de lectura\" \/>\n\t<meta name=\"twitter:data2\" content=\"4 minuts\" \/>\n<script type=\"application\/ld+json\" class=\"yoast-schema-graph\">{\"@context\":\"https:\\\/\\\/schema.org\",\"@graph\":[{\"@type\":\"NewsArticle\",\"@id\":\"https:\\\/\\\/radiolitoral.com\\\/2025\\\/04\\\/programa-pascua-y-semana-santa-benissa-2025\\\/#article\",\"isPartOf\":{\"@id\":\"https:\\\/\\\/radiolitoral.com\\\/2025\\\/04\\\/programa-pascua-y-semana-santa-benissa-2025\\\/\"},\"author\":{\"name\":\"Redacci\u00f3n\",\"@id\":\"https:\\\/\\\/radiolitoral.com\\\/#\\\/schema\\\/person\\\/96b739642eb3bedb532aac3812d23307\"},\"headline\":\"Programa Pascua y Semana Santa Benissa 2025\",\"datePublished\":\"2025-04-03T08:25:09+00:00\",\"mainEntityOfPage\":{\"@id\":\"https:\\\/\\\/radiolitoral.com\\\/2025\\\/04\\\/programa-pascua-y-semana-santa-benissa-2025\\\/\"},\"wordCount\":711,\"commentCount\":0,\"publisher\":{\"@id\":\"https:\\\/\\\/radiolitoral.com\\\/#organization\"},\"image\":{\"@id\":\"https:\\\/\\\/radiolitoral.com\\\/2025\\\/04\\\/programa-pascua-y-semana-santa-benissa-2025\\\/#primaryimage\"},\"thumbnailUrl\":\"https:\\\/\\\/media.radiolitoral.com\\\/wp-content\\\/uploads\\\/2025\\\/04\\\/03102419\\\/Paseo-Ecologico-de-Benissa.jpg\",\"keywords\":[\"Benissa\",\"escuela de Pascua\",\"pascua benissa\",\"paseo ecol\u00f3gico\",\"rutas guiadas\",\"Semana Santa\"],\"articleSection\":[\"Sociedad\"],\"inLanguage\":\"ca\",\"potentialAction\":[{\"@type\":\"CommentAction\",\"name\":\"Comment\",\"target\":[\"https:\\\/\\\/radiolitoral.com\\\/2025\\\/04\\\/programa-pascua-y-semana-santa-benissa-2025\\\/#respond\"]}]},{\"@type\":[\"WebPage\",\"ItemPage\"],\"@id\":\"https:\\\/\\\/radiolitoral.com\\\/2025\\\/04\\\/programa-pascua-y-semana-santa-benissa-2025\\\/\",\"url\":\"https:\\\/\\\/radiolitoral.com\\\/2025\\\/04\\\/programa-pascua-y-semana-santa-benissa-2025\\\/\",\"name\":\"Programa Pascua y Semana Santa Benissa 2025 | R\u00e0dio Litoral\",\"isPartOf\":{\"@id\":\"https:\\\/\\\/radiolitoral.com\\\/#website\"},\"primaryImageOfPage\":{\"@id\":\"https:\\\/\\\/radiolitoral.com\\\/2025\\\/04\\\/programa-pascua-y-semana-santa-benissa-2025\\\/#primaryimage\"},\"image\":{\"@id\":\"https:\\\/\\\/radiolitoral.com\\\/2025\\\/04\\\/programa-pascua-y-semana-santa-benissa-2025\\\/#primaryimage\"},\"thumbnailUrl\":\"https:\\\/\\\/media.radiolitoral.com\\\/wp-content\\\/uploads\\\/2025\\\/04\\\/03102419\\\/Paseo-Ecologico-de-Benissa.jpg\",\"datePublished\":\"2025-04-03T08:25:09+00:00\",\"description\":\"Ya conocemos la programaci\u00f3n que cuenta con cine, m\u00fasica, rutas guiadas y mucho m\u00e1s\",\"breadcrumb\":{\"@id\":\"https:\\\/\\\/radiolitoral.com\\\/2025\\\/04\\\/programa-pascua-y-semana-santa-benissa-2025\\\/#breadcrumb\"},\"inLanguage\":\"ca\",\"potentialAction\":[{\"@type\":\"ReadAction\",\"target\":[\"https:\\\/\\\/radiolitoral.com\\\/2025\\\/04\\\/programa-pascua-y-semana-santa-benissa-2025\\\/\"]}]},{\"@type\":\"ImageObject\",\"inLanguage\":\"ca\",\"@id\":\"https:\\\/\\\/radiolitoral.com\\\/2025\\\/04\\\/programa-pascua-y-semana-santa-benissa-2025\\\/#primaryimage\",\"url\":\"https:\\\/\\\/media.radiolitoral.com\\\/wp-content\\\/uploads\\\/2025\\\/04\\\/03102419\\\/Paseo-Ecologico-de-Benissa.jpg\",\"contentUrl\":\"https:\\\/\\\/media.radiolitoral.com\\\/wp-content\\\/uploads\\\/2025\\\/04\\\/03102419\\\/Paseo-Ecologico-de-Benissa.jpg\",\"width\":1920,\"height\":1280},{\"@type\":\"BreadcrumbList\",\"@id\":\"https:\\\/\\\/radiolitoral.com\\\/2025\\\/04\\\/programa-pascua-y-semana-santa-benissa-2025\\\/#breadcrumb\",\"itemListElement\":[{\"@type\":\"ListItem\",\"position\":1,\"name\":\"Portada\",\"item\":\"https:\\\/\\\/radiolitoral.com\\\/\"},{\"@type\":\"ListItem\",\"position\":2,\"name\":\"Programa Pascua y Semana Santa Benissa 2025\"}]},{\"@type\":\"WebSite\",\"@id\":\"https:\\\/\\\/radiolitoral.com\\\/#website\",\"url\":\"https:\\\/\\\/radiolitoral.com\\\/\",\"name\":\"Radio Litoral\",\"description\":\"La radio local de la Marina Alta\",\"publisher\":{\"@id\":\"https:\\\/\\\/radiolitoral.com\\\/#organization\"},\"alternateName\":\"Litoral FM\",\"potentialAction\":[{\"@type\":\"SearchAction\",\"target\":{\"@type\":\"EntryPoint\",\"urlTemplate\":\"https:\\\/\\\/radiolitoral.com\\\/?s={search_term_string}\"},\"query-input\":{\"@type\":\"PropertyValueSpecification\",\"valueRequired\":true,\"valueName\":\"search_term_string\"}}],\"inLanguage\":\"ca\"},{\"@type\":\"Organization\",\"@id\":\"https:\\\/\\\/radiolitoral.com\\\/#organization\",\"name\":\"Radio Litoral\",\"url\":\"https:\\\/\\\/radiolitoral.com\\\/\",\"logo\":{\"@type\":\"ImageObject\",\"inLanguage\":\"ca\",\"@id\":\"https:\\\/\\\/radiolitoral.com\\\/#\\\/schema\\\/logo\\\/image\\\/\",\"url\":\"https:\\\/\\\/media.radiolitoral.com\\\/wp-content\\\/uploads\\\/2023\\\/02\\\/24143238\\\/CL-V-RadioLitoral696.png\",\"contentUrl\":\"https:\\\/\\\/media.radiolitoral.com\\\/wp-content\\\/uploads\\\/2023\\\/02\\\/24143238\\\/CL-V-RadioLitoral696.png\",\"width\":696,\"height\":696,\"caption\":\"Radio Litoral\"},\"image\":{\"@id\":\"https:\\\/\\\/radiolitoral.com\\\/#\\\/schema\\\/logo\\\/image\\\/\"},\"sameAs\":[\"https:\\\/\\\/www.facebook.com\\\/Laradiolitoral\\\/\"]},{\"@type\":\"Person\",\"@id\":\"https:\\\/\\\/radiolitoral.com\\\/#\\\/schema\\\/person\\\/96b739642eb3bedb532aac3812d23307\",\"name\":\"Redacci\u00f3n\",\"image\":{\"@type\":\"ImageObject\",\"inLanguage\":\"ca\",\"@id\":\"https:\\\/\\\/secure.gravatar.com\\\/avatar\\\/30cd06129ee90411dd9c7cbdcf17464181d1a3c7b072e92070ea75a25cf0097e?s=96&d=mm&r=g\",\"url\":\"https:\\\/\\\/secure.gravatar.com\\\/avatar\\\/30cd06129ee90411dd9c7cbdcf17464181d1a3c7b072e92070ea75a25cf0097e?s=96&d=mm&r=g\",\"contentUrl\":\"https:\\\/\\\/secure.gravatar.com\\\/avatar\\\/30cd06129ee90411dd9c7cbdcf17464181d1a3c7b072e92070ea75a25cf0097e?s=96&d=mm&r=g\",\"caption\":\"Redacci\u00f3n\"},\"url\":\"https:\\\/\\\/radiolitoral.com\\\/ca\\\/author\\\/kevin-carrio\\\/\"}]}<\/script>\n<!-- \/ Yoast SEO plugin. -->","yoast_head_json":{"title":"Programa Pasqua i Setmana Santa Benissa 2025 | R\u00e0dio Litoral","description":"Ja coneixem la programaci\u00f3 que compta amb cinema, m\u00fasica, rutes guiades i molt m\u00e9s","robots":{"index":"index","follow":"follow","max-snippet":"max-snippet:-1","max-image-preview":"max-image-preview:large","max-video-preview":"max-video-preview:-1"},"canonical":"https:\/\/radiolitoral.com\/ca\/2025\/04\/programa-pasqua-i-setmana-santa-benissa-2025\/","og_locale":"ca_ES","og_type":"article","og_title":"Programa Pascua y Semana Santa Benissa 2025 | R\u00e0dio Litoral","og_description":"Ya conocemos la programaci\u00f3n que cuenta con cine, m\u00fasica, rutas guiadas y mucho m\u00e1s","og_url":"https:\/\/radiolitoral.com\/ca\/2025\/04\/programa-pasqua-i-setmana-santa-benissa-2025\/","og_site_name":"R\u00e0dio Litoral","article_publisher":"https:\/\/www.facebook.com\/Laradiolitoral\/","article_published_time":"2025-04-03T08:25:09+00:00","og_image":[{"width":1920,"height":1280,"url":"https:\/\/media.radiolitoral.com\/wp-content\/uploads\/2025\/04\/03102419\/Paseo-Ecologico-de-Benissa.jpg","type":"image\/jpeg"}],"author":"Redacci\u00f3n","twitter_card":"summary_large_image","twitter_misc":{"Escrit per":"Redacci\u00f3n","Temps estimat de lectura":"4 minuts"},"schema":{"@context":"https:\/\/schema.org","@graph":[{"@type":"NewsArticle","@id":"https:\/\/radiolitoral.com\/2025\/04\/programa-pascua-y-semana-santa-benissa-2025\/#article","isPartOf":{"@id":"https:\/\/radiolitoral.com\/2025\/04\/programa-pascua-y-semana-santa-benissa-2025\/"},"author":{"name":"Redacci\u00f3n","@id":"https:\/\/radiolitoral.com\/#\/schema\/person\/96b739642eb3bedb532aac3812d23307"},"headline":"Programa Pascua y Semana Santa Benissa 2025","datePublished":"2025-04-03T08:25:09+00:00","mainEntityOfPage":{"@id":"https:\/\/radiolitoral.com\/2025\/04\/programa-pascua-y-semana-santa-benissa-2025\/"},"wordCount":711,"commentCount":0,"publisher":{"@id":"https:\/\/radiolitoral.com\/#organization"},"image":{"@id":"https:\/\/radiolitoral.com\/2025\/04\/programa-pascua-y-semana-santa-benissa-2025\/#primaryimage"},"thumbnailUrl":"https:\/\/media.radiolitoral.com\/wp-content\/uploads\/2025\/04\/03102419\/Paseo-Ecologico-de-Benissa.jpg","keywords":["Benissa","escuela de Pascua","pascua benissa","paseo ecol\u00f3gico","rutas guiadas","Semana Santa"],"articleSection":["Sociedad"],"inLanguage":"ca","potentialAction":[{"@type":"CommentAction","name":"Comment","target":["https:\/\/radiolitoral.com\/2025\/04\/programa-pascua-y-semana-santa-benissa-2025\/#respond"]}]},{"@type":["WebPage","ItemPage"],"@id":"https:\/\/radiolitoral.com\/2025\/04\/programa-pascua-y-semana-santa-benissa-2025\/","url":"https:\/\/radiolitoral.com\/2025\/04\/programa-pascua-y-semana-santa-benissa-2025\/","name":"Programa Pasqua i Setmana Santa Benissa 2025 | R\u00e0dio Litoral","isPartOf":{"@id":"https:\/\/radiolitoral.com\/#website"},"primaryImageOfPage":{"@id":"https:\/\/radiolitoral.com\/2025\/04\/programa-pascua-y-semana-santa-benissa-2025\/#primaryimage"},"image":{"@id":"https:\/\/radiolitoral.com\/2025\/04\/programa-pascua-y-semana-santa-benissa-2025\/#primaryimage"},"thumbnailUrl":"https:\/\/media.radiolitoral.com\/wp-content\/uploads\/2025\/04\/03102419\/Paseo-Ecologico-de-Benissa.jpg","datePublished":"2025-04-03T08:25:09+00:00","description":"Ja coneixem la programaci\u00f3 que compta amb cinema, m\u00fasica, rutes guiades i molt m\u00e9s","breadcrumb":{"@id":"https:\/\/radiolitoral.com\/2025\/04\/programa-pascua-y-semana-santa-benissa-2025\/#breadcrumb"},"inLanguage":"ca","potentialAction":[{"@type":"ReadAction","target":["https:\/\/radiolitoral.com\/2025\/04\/programa-pascua-y-semana-santa-benissa-2025\/"]}]},{"@type":"ImageObject","inLanguage":"ca","@id":"https:\/\/radiolitoral.com\/2025\/04\/programa-pascua-y-semana-santa-benissa-2025\/#primaryimage","url":"https:\/\/media.radiolitoral.com\/wp-content\/uploads\/2025\/04\/03102419\/Paseo-Ecologico-de-Benissa.jpg","contentUrl":"https:\/\/media.radiolitoral.com\/wp-content\/uploads\/2025\/04\/03102419\/Paseo-Ecologico-de-Benissa.jpg","width":1920,"height":1280},{"@type":"BreadcrumbList","@id":"https:\/\/radiolitoral.com\/2025\/04\/programa-pascua-y-semana-santa-benissa-2025\/#breadcrumb","itemListElement":[{"@type":"ListItem","position":1,"name":"Portada","item":"https:\/\/radiolitoral.com\/"},{"@type":"ListItem","position":2,"name":"Programa Pascua y Semana Santa Benissa 2025"}]},{"@type":"WebSite","@id":"https:\/\/radiolitoral.com\/#website","url":"https:\/\/radiolitoral.com\/","name":"R\u00e0dio Litoral","description":"La r\u00e0dio local de la Marina Alta","publisher":{"@id":"https:\/\/radiolitoral.com\/#organization"},"alternateName":"Litoral FM","potentialAction":[{"@type":"SearchAction","target":{"@type":"EntryPoint","urlTemplate":"https:\/\/radiolitoral.com\/?s={search_term_string}"},"query-input":{"@type":"PropertyValueSpecification","valueRequired":true,"valueName":"search_term_string"}}],"inLanguage":"ca"},{"@type":"Organization","@id":"https:\/\/radiolitoral.com\/#organization","name":"R\u00e0dio Litoral","url":"https:\/\/radiolitoral.com\/","logo":{"@type":"ImageObject","inLanguage":"ca","@id":"https:\/\/radiolitoral.com\/#\/schema\/logo\/image\/","url":"https:\/\/media.radiolitoral.com\/wp-content\/uploads\/2023\/02\/24143238\/CL-V-RadioLitoral696.png","contentUrl":"https:\/\/media.radiolitoral.com\/wp-content\/uploads\/2023\/02\/24143238\/CL-V-RadioLitoral696.png","width":696,"height":696,"caption":"Radio Litoral"},"image":{"@id":"https:\/\/radiolitoral.com\/#\/schema\/logo\/image\/"},"sameAs":["https:\/\/www.facebook.com\/Laradiolitoral\/"]},{"@type":"Person","@id":"https:\/\/radiolitoral.com\/#\/schema\/person\/96b739642eb3bedb532aac3812d23307","name":"Redacci\u00f3","image":{"@type":"ImageObject","inLanguage":"ca","@id":"https:\/\/secure.gravatar.com\/avatar\/30cd06129ee90411dd9c7cbdcf17464181d1a3c7b072e92070ea75a25cf0097e?s=96&d=mm&r=g","url":"https:\/\/secure.gravatar.com\/avatar\/30cd06129ee90411dd9c7cbdcf17464181d1a3c7b072e92070ea75a25cf0097e?s=96&d=mm&r=g","contentUrl":"https:\/\/secure.gravatar.com\/avatar\/30cd06129ee90411dd9c7cbdcf17464181d1a3c7b072e92070ea75a25cf0097e?s=96&d=mm&r=g","caption":"Redacci\u00f3n"},"url":"https:\/\/radiolitoral.com\/ca\/author\/kevin-carrio\/"}]}},"_links":{"self":[{"href":"https:\/\/radiolitoral.com\/ca\/wp-json\/wp\/v2\/posts\/15966","targetHints":{"allow":["GET"]}}],"collection":[{"href":"https:\/\/radiolitoral.com\/ca\/wp-json\/wp\/v2\/posts"}],"about":[{"href":"https:\/\/radiolitoral.com\/ca\/wp-json\/wp\/v2\/types\/post"}],"author":[{"embeddable":true,"href":"https:\/\/radiolitoral.com\/ca\/wp-json\/wp\/v2\/users\/14"}],"replies":[{"embeddable":true,"href":"https:\/\/radiolitoral.com\/ca\/wp-json\/wp\/v2\/comments?post=15966"}],"version-history":[{"count":1,"href":"https:\/\/radiolitoral.com\/ca\/wp-json\/wp\/v2\/posts\/15966\/revisions"}],"predecessor-version":[{"id":15969,"href":"https:\/\/radiolitoral.com\/ca\/wp-json\/wp\/v2\/posts\/15966\/revisions\/15969"}],"wp:featuredmedia":[{"embeddable":true,"href":"https:\/\/radiolitoral.com\/ca\/wp-json\/wp\/v2\/media\/15968"}],"wp:attachment":[{"href":"https:\/\/radiolitoral.com\/ca\/wp-json\/wp\/v2\/media?parent=15966"}],"wp:term":[{"taxonomy":"category","embeddable":true,"href":"https:\/\/radiolitoral.com\/ca\/wp-json\/wp\/v2\/categories?post=15966"},{"taxonomy":"post_tag","embeddable":true,"href":"https:\/\/radiolitoral.com\/ca\/wp-json\/wp\/v2\/tags?post=15966"}],"curies":[{"name":"wp","href":"https:\/\/api.w.org\/{rel}","templated":true}]}}